{"id":99588,"date":"2023-01-26T12:36:52","date_gmt":"2023-01-26T15:36:52","guid":{"rendered":"https:\/\/redenoticiaz.com.br\/litoralsp\/?p=99588"},"modified":"2023-01-26T12:36:52","modified_gmt":"2023-01-26T15:36:52","slug":"empresario-vitima-de-sequestro-reconhece-cativeiro-que-recebeu-casais-em-cubatao","status":"publish","type":"post","link":"https:\/\/redenoticiaz.com.br\/litoralsp\/2023\/01\/26\/empresario-vitima-de-sequestro-reconhece-cativeiro-que-recebeu-casais-em-cubatao","title":{"rendered":"Empres\u00e1rio v\u00edtima de sequestro reconhece cativeiro que recebeu casais em Cubat\u00e3o"},"content":{"rendered":"<p>Um empres\u00e1rio que foi v\u00edtima de um sequestro reconheceu cativeiro que recebeu dois casais em Cubat\u00e3o nesta \u00faltima semana.<\/p>\n<p>De acordo com as informa\u00e7\u00f5es, ap\u00f3s ver as imagens do local pela imprensa, ele logo reconhece a casa que foi encaminhado ap\u00f3s ser pego por criminosos.<\/p>\n<p>Ainda de acordo com informa\u00e7\u00f5es, ele foi sequestrado em 1\u00ba de novembro de 2022 ap\u00f3s ser enganado por criminosos a ir a uma reuni\u00e3o de trabalho.<\/p>\n<p>Quando ele chegou no local, os bandidos o colocaram e um carro e partiram para o cativeiro e durante a a\u00e7\u00e3o dos criminosos ele chegou a transferir R$ 11 mil aos criminosos.<\/p>\n<p>Este sequestro durou cerca de 24 horas e ele foi localizado atrav\u00e9s de um aparelho celular.<\/p>\n<h2><strong>Casais ref\u00e9ns<\/strong><\/h2>\n<p>Dois casais foram sequestrados na rodovia C\u00f4nego Dom\u00eanico Rangoni, na altura de Cubat\u00e3o e feitos ref\u00e9n.<\/p>\n<p>De acordo com as informa\u00e7\u00f5es, os casais foram parados por um carro com um giroflex, que levou ambos para um cativeiro. Eles s\u00f3 foram soltos ap\u00f3s pagamentos via PIX.<\/p>\n<p>Ainda de acordo com as informa\u00e7\u00f5es, os casais foram sequestrados em momentos diferentes e n\u00e3o se conhecem. As v\u00edtimas s\u00e3o dois homens de 33 e 39 anos e duas mulheres de 22 e 32.<\/p>\n<p>Leia mais<\/p>\n<div class=\"wall protected-content\">\n<div id=\"chunk-76oph\">\n<div class=\"mc-column content-text active-extra-styles \" data-block-type=\"unstyled\" data-block-weight=\"64\" data-block-id=\"4\">\n<div id=\"chunk-d20cn\">\n<div id=\"chunk-emlvb\">\n<div class=\"mc-column content-text active-extra-styles \" data-block-type=\"unstyled\" data-block-weight=\"65\" data-block-id=\"15\">\n<p class=\"content-text__container \" data-track-category=\"Link no Texto\" data-track-links=\"\"><a href=\"https:\/\/redenoticiaz.com.br\/litoralsp\/2023\/01\/24\/casais-sao-sequestrados-e-ficam-em-cativeiro-como-refens\">Casais s\u00e3o sequestrados e ficam em cativeiro como ref\u00e9ns<\/a><\/p>\n<\/div>\n<\/div>\n<div id=\"chunk-cdkuj\">\n<div class=\"content-ads content-ads--reveal\" data-block-type=\"ads\" data-block-id=\"16\">\n<div id=\"banner_materia__3988c157-c635-45d9-9e94-d69c5aafefaa\" class=\"tag-manager-publicidade-container mc-has-reveal mc-has-ad-lazyload tag-manager-publicidade-banner_materia__3988c157-c635-45d9-9e94-d69c5aafefaa tag-manager-publicidade-container--carregado tag-manager-publicidade-container--visivel\" data-id=\"banner_materia__3988c157-c635-45d9-9e94-d69c5aafefaa\" data-google-query-id=\"CP-i_9jE5fwCFU6zlQIdlQQDMg\"><\/div>\n<\/div>\n<\/div>\n<\/div>\n<\/div>\n<\/div>\n<\/div>\n","protected":false},"excerpt":{"rendered":"<p>Um empres\u00e1rio que foi v\u00edtima de um sequestro reconheceu cativeiro que recebeu dois casais em Cubat\u00e3o nesta \u00faltima semana. De acordo com as informa\u00e7\u00f5es, ap\u00f3s ver as imagens do local pela imprensa, ele logo reconhece a casa que foi encaminhado ap\u00f3s ser pego por criminosos. Ainda de acordo com informa\u00e7\u00f5es, ele foi sequestrado em 1\u00ba &hellip;<\/p>\n","protected":false},"author":12,"featured_media":99474,"comment_status":"open","ping_status":"closed","sticky":false,"template":"","format":"standard","meta":{"footnotes":""},"categories":[186],"tags":[62893,1024,1764,62894],"class_list":["post-99588","post","type-post","status-publish","format-standard","has-post-thumbnail","hentry","category-cubatao","tag-casais-sequestrados","tag-cubatao","tag-sequestro","tag-vitima-de-sequestro"],"yoast_head":"<!-- This site is optimized with the Yoast SEO plugin v27.5 - https:\/\/yoast.com\/product\/yoast-seo-wordpress\/ -->\n<title>Empres\u00e1rio v\u00edtima de sequestro reconhece cativeiro que recebeu casais em Cubat\u00e3o - Litoral SP<\/title>\n<meta name=\"description\" content=\"Um empres\u00e1rio que foi v\u00edtima de um sequestro reconheceu cativeiro que recebeu dois casais em Cubat\u00e3o nesta \u00faltima semana.\" \/>\n<meta name=\"robots\" content=\"index, follow, max-snippet:-1, max-image-preview:large, max-video-preview:-1\" \/>\n<link rel=\"canonical\" href=\"https:\/\/redenoticiaz.com.br\/litoralsp\/2023\/01\/26\/empresario-vitima-de-sequestro-reconhece-cativeiro-que-recebeu-casais-em-cubatao\" \/>\n<meta property=\"og:locale\" content=\"pt_BR\" \/>\n<meta property=\"og:type\" content=\"article\" \/>\n<meta property=\"og:title\" content=\"Empres\u00e1rio v\u00edtima de sequestro reconhece cativeiro que recebeu casais em Cubat\u00e3o - Litoral SP\" \/>\n<meta property=\"og:description\" content=\"Um empres\u00e1rio que foi v\u00edtima de um sequestro reconheceu cativeiro que recebeu dois casais em Cubat\u00e3o nesta \u00faltima semana.\" \/>\n<meta property=\"og:url\" content=\"https:\/\/redenoticiaz.com.br\/litoralsp\/2023\/01\/26\/empresario-vitima-de-sequestro-reconhece-cativeiro-que-recebeu-casais-em-cubatao\" \/>\n<meta property=\"og:site_name\" content=\"Litoral SP\" \/>\n<meta property=\"article:published_time\" content=\"2023-01-26T15:36:52+00:00\" \/>\n<meta property=\"og:image\" content=\"https:\/\/redenoticiaz.com.br\/litoralsp\/wp-content\/uploads\/sites\/3\/2023\/01\/cativeiro.jpg\" \/>\n\t<meta property=\"og:image:width\" content=\"984\" \/>\n\t<meta property=\"og:image:height\" content=\"570\" \/>\n\t<meta property=\"og:image:type\" content=\"image\/jpeg\" \/>\n<meta name=\"author\" content=\"Gustavo Silva\" \/>\n<meta name=\"twitter:card\" content=\"summary_large_image\" \/>\n<meta name=\"twitter:label1\" content=\"Escrito por\" \/>\n\t<meta name=\"twitter:data1\" content=\"Gustavo Silva\" \/>\n\t<meta name=\"twitter:label2\" content=\"Est. tempo de leitura\" \/>\n\t<meta name=\"twitter:data2\" content=\"2 minutos\" \/>\n<script type=\"application\/ld+json\" class=\"yoast-schema-graph\">{\"@context\":\"https:\\\/\\\/schema.org\",\"@graph\":[{\"@type\":\"Article\",\"@id\":\"https:\\\/\\\/redenoticiaz.com.br\\\/litoralsp\\\/2023\\\/01\\\/26\\\/empresario-vitima-de-sequestro-reconhece-cativeiro-que-recebeu-casais-em-cubatao#article\",\"isPartOf\":{\"@id\":\"https:\\\/\\\/redenoticiaz.com.br\\\/litoralsp\\\/2023\\\/01\\\/26\\\/empresario-vitima-de-sequestro-reconhece-cativeiro-que-recebeu-casais-em-cubatao\"},\"author\":{\"name\":\"Gustavo Silva\",\"@id\":\"https:\\\/\\\/redenoticiaz.com.br\\\/litoralsp\\\/#\\\/schema\\\/person\\\/16057b37a3c0ee6b096d7f887c566e2e\"},\"headline\":\"Empres\u00e1rio v\u00edtima de sequestro reconhece cativeiro que recebeu casais em Cubat\u00e3o\",\"datePublished\":\"2023-01-26T15:36:52+00:00\",\"mainEntityOfPage\":{\"@id\":\"https:\\\/\\\/redenoticiaz.com.br\\\/litoralsp\\\/2023\\\/01\\\/26\\\/empresario-vitima-de-sequestro-reconhece-cativeiro-que-recebeu-casais-em-cubatao\"},\"wordCount\":241,\"commentCount\":0,\"publisher\":{\"@id\":\"https:\\\/\\\/redenoticiaz.com.br\\\/litoralsp\\\/#organization\"},\"image\":{\"@id\":\"https:\\\/\\\/redenoticiaz.com.br\\\/litoralsp\\\/2023\\\/01\\\/26\\\/empresario-vitima-de-sequestro-reconhece-cativeiro-que-recebeu-casais-em-cubatao#primaryimage\"},\"thumbnailUrl\":\"https:\\\/\\\/redenoticiaz.com.br\\\/litoralsp\\\/wp-content\\\/uploads\\\/sites\\\/3\\\/2023\\\/01\\\/cativeiro.jpg\",\"keywords\":[\"casais sequestrados\",\"CUBAT\u00c3O\",\"SEQUESTRO\",\"v\u00edtima de sequestro\"],\"articleSection\":[\"Cubat\u00e3o\"],\"inLanguage\":\"pt-BR\",\"potentialAction\":[{\"@type\":\"CommentAction\",\"name\":\"Comment\",\"target\":[\"https:\\\/\\\/redenoticiaz.com.br\\\/litoralsp\\\/2023\\\/01\\\/26\\\/empresario-vitima-de-sequestro-reconhece-cativeiro-que-recebeu-casais-em-cubatao#respond\"]}]},{\"@type\":\"WebPage\",\"@id\":\"https:\\\/\\\/redenoticiaz.com.br\\\/litoralsp\\\/2023\\\/01\\\/26\\\/empresario-vitima-de-sequestro-reconhece-cativeiro-que-recebeu-casais-em-cubatao\",\"url\":\"https:\\\/\\\/redenoticiaz.com.br\\\/litoralsp\\\/2023\\\/01\\\/26\\\/empresario-vitima-de-sequestro-reconhece-cativeiro-que-recebeu-casais-em-cubatao\",\"name\":\"Empres\u00e1rio v\u00edtima de sequestro reconhece cativeiro que recebeu casais em Cubat\u00e3o - Litoral SP\",\"isPartOf\":{\"@id\":\"https:\\\/\\\/redenoticiaz.com.br\\\/litoralsp\\\/#website\"},\"primaryImageOfPage\":{\"@id\":\"https:\\\/\\\/redenoticiaz.com.br\\\/litoralsp\\\/2023\\\/01\\\/26\\\/empresario-vitima-de-sequestro-reconhece-cativeiro-que-recebeu-casais-em-cubatao#primaryimage\"},\"image\":{\"@id\":\"https:\\\/\\\/redenoticiaz.com.br\\\/litoralsp\\\/2023\\\/01\\\/26\\\/empresario-vitima-de-sequestro-reconhece-cativeiro-que-recebeu-casais-em-cubatao#primaryimage\"},\"thumbnailUrl\":\"https:\\\/\\\/redenoticiaz.com.br\\\/litoralsp\\\/wp-content\\\/uploads\\\/sites\\\/3\\\/2023\\\/01\\\/cativeiro.jpg\",\"datePublished\":\"2023-01-26T15:36:52+00:00\",\"description\":\"Um empres\u00e1rio que foi v\u00edtima de um sequestro reconheceu cativeiro que recebeu dois casais em Cubat\u00e3o nesta \u00faltima semana.\",\"inLanguage\":\"pt-BR\",\"potentialAction\":[{\"@type\":\"ReadAction\",\"target\":[\"https:\\\/\\\/redenoticiaz.com.br\\\/litoralsp\\\/2023\\\/01\\\/26\\\/empresario-vitima-de-sequestro-reconhece-cativeiro-que-recebeu-casais-em-cubatao\"]}]},{\"@type\":\"ImageObject\",\"inLanguage\":\"pt-BR\",\"@id\":\"https:\\\/\\\/redenoticiaz.com.br\\\/litoralsp\\\/2023\\\/01\\\/26\\\/empresario-vitima-de-sequestro-reconhece-cativeiro-que-recebeu-casais-em-cubatao#primaryimage\",\"url\":\"https:\\\/\\\/redenoticiaz.com.br\\\/litoralsp\\\/wp-content\\\/uploads\\\/sites\\\/3\\\/2023\\\/01\\\/cativeiro.jpg\",\"contentUrl\":\"https:\\\/\\\/redenoticiaz.com.br\\\/litoralsp\\\/wp-content\\\/uploads\\\/sites\\\/3\\\/2023\\\/01\\\/cativeiro.jpg\",\"width\":984,\"height\":570,\"caption\":\"Casais s\u00e3o sequestrados e ficam em cativeiro como ref\u00e9ns\"},{\"@type\":\"WebSite\",\"@id\":\"https:\\\/\\\/redenoticiaz.com.br\\\/litoralsp\\\/#website\",\"url\":\"https:\\\/\\\/redenoticiaz.com.br\\\/litoralsp\\\/\",\"name\":\"Litoral SP\",\"description\":\"Rede NoticiaZ\",\"publisher\":{\"@id\":\"https:\\\/\\\/redenoticiaz.com.br\\\/litoralsp\\\/#organization\"},\"potentialAction\":[{\"@type\":\"SearchAction\",\"target\":{\"@type\":\"EntryPoint\",\"urlTemplate\":\"https:\\\/\\\/redenoticiaz.com.br\\\/litoralsp\\\/?s={search_term_string}\"},\"query-input\":{\"@type\":\"PropertyValueSpecification\",\"valueRequired\":true,\"valueName\":\"search_term_string\"}}],\"inLanguage\":\"pt-BR\"},{\"@type\":\"Organization\",\"@id\":\"https:\\\/\\\/redenoticiaz.com.br\\\/litoralsp\\\/#organization\",\"name\":\"Litoral SP\",\"url\":\"https:\\\/\\\/redenoticiaz.com.br\\\/litoralsp\\\/\",\"logo\":{\"@type\":\"ImageObject\",\"inLanguage\":\"pt-BR\",\"@id\":\"https:\\\/\\\/redenoticiaz.com.br\\\/litoralsp\\\/#\\\/schema\\\/logo\\\/image\\\/\",\"url\":\"https:\\\/\\\/redenoticiaz.com.br\\\/litoralsp\\\/wp-content\\\/uploads\\\/sites\\\/3\\\/2020\\\/11\\\/logo.jpg\",\"contentUrl\":\"https:\\\/\\\/redenoticiaz.com.br\\\/litoralsp\\\/wp-content\\\/uploads\\\/sites\\\/3\\\/2020\\\/11\\\/logo.jpg\",\"width\":400,\"height\":250,\"caption\":\"Litoral SP\"},\"image\":{\"@id\":\"https:\\\/\\\/redenoticiaz.com.br\\\/litoralsp\\\/#\\\/schema\\\/logo\\\/image\\\/\"}},{\"@type\":\"Person\",\"@id\":\"https:\\\/\\\/redenoticiaz.com.br\\\/litoralsp\\\/#\\\/schema\\\/person\\\/16057b37a3c0ee6b096d7f887c566e2e\",\"name\":\"Gustavo Silva\",\"image\":{\"@type\":\"ImageObject\",\"inLanguage\":\"pt-BR\",\"@id\":\"https:\\\/\\\/secure.gravatar.com\\\/avatar\\\/3ee4e82f93b26de0a7cf4ea5eb7893da637ed6bb0c9170c58065944c56e28a33?s=96&d=mm&r=g\",\"url\":\"https:\\\/\\\/secure.gravatar.com\\\/avatar\\\/3ee4e82f93b26de0a7cf4ea5eb7893da637ed6bb0c9170c58065944c56e28a33?s=96&d=mm&r=g\",\"contentUrl\":\"https:\\\/\\\/secure.gravatar.com\\\/avatar\\\/3ee4e82f93b26de0a7cf4ea5eb7893da637ed6bb0c9170c58065944c56e28a33?s=96&d=mm&r=g\",\"caption\":\"Gustavo Silva\"},\"url\":\"https:\\\/\\\/redenoticiaz.com.br\\\/litoralsp\\\/author\\\/gustavosilva\"}]}<\/script>\n<!-- \/ Yoast SEO plugin. -->","yoast_head_json":{"title":"Empres\u00e1rio v\u00edtima de sequestro reconhece cativeiro que recebeu casais em Cubat\u00e3o - Litoral SP","description":"Um empres\u00e1rio que foi v\u00edtima de um sequestro reconheceu cativeiro que recebeu dois casais em Cubat\u00e3o nesta \u00faltima semana.","robots":{"index":"index","follow":"follow","max-snippet":"max-snippet:-1","max-image-preview":"max-image-preview:large","max-video-preview":"max-video-preview:-1"},"canonical":"https:\/\/redenoticiaz.com.br\/litoralsp\/2023\/01\/26\/empresario-vitima-de-sequestro-reconhece-cativeiro-que-recebeu-casais-em-cubatao","og_locale":"pt_BR","og_type":"article","og_title":"Empres\u00e1rio v\u00edtima de sequestro reconhece cativeiro que recebeu casais em Cubat\u00e3o - Litoral SP","og_description":"Um empres\u00e1rio que foi v\u00edtima de um sequestro reconheceu cativeiro que recebeu dois casais em Cubat\u00e3o nesta \u00faltima semana.","og_url":"https:\/\/redenoticiaz.com.br\/litoralsp\/2023\/01\/26\/empresario-vitima-de-sequestro-reconhece-cativeiro-que-recebeu-casais-em-cubatao","og_site_name":"Litoral SP","article_published_time":"2023-01-26T15:36:52+00:00","og_image":[{"width":984,"height":570,"url":"https:\/\/redenoticiaz.com.br\/litoralsp\/wp-content\/uploads\/sites\/3\/2023\/01\/cativeiro.jpg","type":"image\/jpeg"}],"author":"Gustavo Silva","twitter_card":"summary_large_image","twitter_misc":{"Escrito por":"Gustavo Silva","Est. tempo de leitura":"2 minutos"},"schema":{"@context":"https:\/\/schema.org","@graph":[{"@type":"Article","@id":"https:\/\/redenoticiaz.com.br\/litoralsp\/2023\/01\/26\/empresario-vitima-de-sequestro-reconhece-cativeiro-que-recebeu-casais-em-cubatao#article","isPartOf":{"@id":"https:\/\/redenoticiaz.com.br\/litoralsp\/2023\/01\/26\/empresario-vitima-de-sequestro-reconhece-cativeiro-que-recebeu-casais-em-cubatao"},"author":{"name":"Gustavo Silva","@id":"https:\/\/redenoticiaz.com.br\/litoralsp\/#\/schema\/person\/16057b37a3c0ee6b096d7f887c566e2e"},"headline":"Empres\u00e1rio v\u00edtima de sequestro reconhece cativeiro que recebeu casais em Cubat\u00e3o","datePublished":"2023-01-26T15:36:52+00:00","mainEntityOfPage":{"@id":"https:\/\/redenoticiaz.com.br\/litoralsp\/2023\/01\/26\/empresario-vitima-de-sequestro-reconhece-cativeiro-que-recebeu-casais-em-cubatao"},"wordCount":241,"commentCount":0,"publisher":{"@id":"https:\/\/redenoticiaz.com.br\/litoralsp\/#organization"},"image":{"@id":"https:\/\/redenoticiaz.com.br\/litoralsp\/2023\/01\/26\/empresario-vitima-de-sequestro-reconhece-cativeiro-que-recebeu-casais-em-cubatao#primaryimage"},"thumbnailUrl":"https:\/\/redenoticiaz.com.br\/litoralsp\/wp-content\/uploads\/sites\/3\/2023\/01\/cativeiro.jpg","keywords":["casais sequestrados","CUBAT\u00c3O","SEQUESTRO","v\u00edtima de sequestro"],"articleSection":["Cubat\u00e3o"],"inLanguage":"pt-BR","potentialAction":[{"@type":"CommentAction","name":"Comment","target":["https:\/\/redenoticiaz.com.br\/litoralsp\/2023\/01\/26\/empresario-vitima-de-sequestro-reconhece-cativeiro-que-recebeu-casais-em-cubatao#respond"]}]},{"@type":"WebPage","@id":"https:\/\/redenoticiaz.com.br\/litoralsp\/2023\/01\/26\/empresario-vitima-de-sequestro-reconhece-cativeiro-que-recebeu-casais-em-cubatao","url":"https:\/\/redenoticiaz.com.br\/litoralsp\/2023\/01\/26\/empresario-vitima-de-sequestro-reconhece-cativeiro-que-recebeu-casais-em-cubatao","name":"Empres\u00e1rio v\u00edtima de sequestro reconhece cativeiro que recebeu casais em Cubat\u00e3o - Litoral SP","isPartOf":{"@id":"https:\/\/redenoticiaz.com.br\/litoralsp\/#website"},"primaryImageOfPage":{"@id":"https:\/\/redenoticiaz.com.br\/litoralsp\/2023\/01\/26\/empresario-vitima-de-sequestro-reconhece-cativeiro-que-recebeu-casais-em-cubatao#primaryimage"},"image":{"@id":"https:\/\/redenoticiaz.com.br\/litoralsp\/2023\/01\/26\/empresario-vitima-de-sequestro-reconhece-cativeiro-que-recebeu-casais-em-cubatao#primaryimage"},"thumbnailUrl":"https:\/\/redenoticiaz.com.br\/litoralsp\/wp-content\/uploads\/sites\/3\/2023\/01\/cativeiro.jpg","datePublished":"2023-01-26T15:36:52+00:00","description":"Um empres\u00e1rio que foi v\u00edtima de um sequestro reconheceu cativeiro que recebeu dois casais em Cubat\u00e3o nesta \u00faltima semana.","inLanguage":"pt-BR","potentialAction":[{"@type":"ReadAction","target":["https:\/\/redenoticiaz.com.br\/litoralsp\/2023\/01\/26\/empresario-vitima-de-sequestro-reconhece-cativeiro-que-recebeu-casais-em-cubatao"]}]},{"@type":"ImageObject","inLanguage":"pt-BR","@id":"https:\/\/redenoticiaz.com.br\/litoralsp\/2023\/01\/26\/empresario-vitima-de-sequestro-reconhece-cativeiro-que-recebeu-casais-em-cubatao#primaryimage","url":"https:\/\/redenoticiaz.com.br\/litoralsp\/wp-content\/uploads\/sites\/3\/2023\/01\/cativeiro.jpg","contentUrl":"https:\/\/redenoticiaz.com.br\/litoralsp\/wp-content\/uploads\/sites\/3\/2023\/01\/cativeiro.jpg","width":984,"height":570,"caption":"Casais s\u00e3o sequestrados e ficam em cativeiro como ref\u00e9ns"},{"@type":"WebSite","@id":"https:\/\/redenoticiaz.com.br\/litoralsp\/#website","url":"https:\/\/redenoticiaz.com.br\/litoralsp\/","name":"Litoral SP","description":"Rede NoticiaZ","publisher":{"@id":"https:\/\/redenoticiaz.com.br\/litoralsp\/#organization"},"potentialAction":[{"@type":"SearchAction","target":{"@type":"EntryPoint","urlTemplate":"https:\/\/redenoticiaz.com.br\/litoralsp\/?s={search_term_string}"},"query-input":{"@type":"PropertyValueSpecification","valueRequired":true,"valueName":"search_term_string"}}],"inLanguage":"pt-BR"},{"@type":"Organization","@id":"https:\/\/redenoticiaz.com.br\/litoralsp\/#organization","name":"Litoral SP","url":"https:\/\/redenoticiaz.com.br\/litoralsp\/","logo":{"@type":"ImageObject","inLanguage":"pt-BR","@id":"https:\/\/redenoticiaz.com.br\/litoralsp\/#\/schema\/logo\/image\/","url":"https:\/\/redenoticiaz.com.br\/litoralsp\/wp-content\/uploads\/sites\/3\/2020\/11\/logo.jpg","contentUrl":"https:\/\/redenoticiaz.com.br\/litoralsp\/wp-content\/uploads\/sites\/3\/2020\/11\/logo.jpg","width":400,"height":250,"caption":"Litoral SP"},"image":{"@id":"https:\/\/redenoticiaz.com.br\/litoralsp\/#\/schema\/logo\/image\/"}},{"@type":"Person","@id":"https:\/\/redenoticiaz.com.br\/litoralsp\/#\/schema\/person\/16057b37a3c0ee6b096d7f887c566e2e","name":"Gustavo Silva","image":{"@type":"ImageObject","inLanguage":"pt-BR","@id":"https:\/\/secure.gravatar.com\/avatar\/3ee4e82f93b26de0a7cf4ea5eb7893da637ed6bb0c9170c58065944c56e28a33?s=96&d=mm&r=g","url":"https:\/\/secure.gravatar.com\/avatar\/3ee4e82f93b26de0a7cf4ea5eb7893da637ed6bb0c9170c58065944c56e28a33?s=96&d=mm&r=g","contentUrl":"https:\/\/secure.gravatar.com\/avatar\/3ee4e82f93b26de0a7cf4ea5eb7893da637ed6bb0c9170c58065944c56e28a33?s=96&d=mm&r=g","caption":"Gustavo Silva"},"url":"https:\/\/redenoticiaz.com.br\/litoralsp\/author\/gustavosilva"}]}},"_links":{"self":[{"href":"https:\/\/redenoticiaz.com.br\/litoralsp\/wp-json\/wp\/v2\/posts\/99588","targetHints":{"allow":["GET"]}}],"collection":[{"href":"https:\/\/redenoticiaz.com.br\/litoralsp\/wp-json\/wp\/v2\/posts"}],"about":[{"href":"https:\/\/redenoticiaz.com.br\/litoralsp\/wp-json\/wp\/v2\/types\/post"}],"author":[{"embeddable":true,"href":"https:\/\/redenoticiaz.com.br\/litoralsp\/wp-json\/wp\/v2\/users\/12"}],"replies":[{"embeddable":true,"href":"https:\/\/redenoticiaz.com.br\/litoralsp\/wp-json\/wp\/v2\/comments?post=99588"}],"version-history":[{"count":1,"href":"https:\/\/redenoticiaz.com.br\/litoralsp\/wp-json\/wp\/v2\/posts\/99588\/revisions"}],"predecessor-version":[{"id":99591,"href":"https:\/\/redenoticiaz.com.br\/litoralsp\/wp-json\/wp\/v2\/posts\/99588\/revisions\/99591"}],"wp:featuredmedia":[{"embeddable":true,"href":"https:\/\/redenoticiaz.com.br\/litoralsp\/wp-json\/wp\/v2\/media\/99474"}],"wp:attachment":[{"href":"https:\/\/redenoticiaz.com.br\/litoralsp\/wp-json\/wp\/v2\/media?parent=99588"}],"wp:term":[{"taxonomy":"category","embeddable":true,"href":"https:\/\/redenoticiaz.com.br\/litoralsp\/wp-json\/wp\/v2\/categories?post=99588"},{"taxonomy":"post_tag","embeddable":true,"href":"https:\/\/redenoticiaz.com.br\/litoralsp\/wp-json\/wp\/v2\/tags?post=99588"}],"curies":[{"name":"wp","href":"https:\/\/api.w.org\/{rel}","templated":true}]}}