{"id":99678,"date":"2023-01-27T14:22:26","date_gmt":"2023-01-27T17:22:26","guid":{"rendered":"https:\/\/redenoticiaz.com.br\/litoralsp\/?p=99678"},"modified":"2023-01-27T14:22:26","modified_gmt":"2023-01-27T17:22:26","slug":"associacao-criminosa-ligada-a-pratica-de-estelionato-e-presa","status":"publish","type":"post","link":"https:\/\/redenoticiaz.com.br\/litoralsp\/2023\/01\/27\/associacao-criminosa-ligada-a-pratica-de-estelionato-e-presa","title":{"rendered":"Associa\u00e7\u00e3o criminosa ligada a pr\u00e1tica de estelionato \u00e9 presa"},"content":{"rendered":"<p>Uma associa\u00e7\u00e3o criminosa ligada a pr\u00e1tica de estelionato foi presa nesta quarta-feira (25) na cidade de Peru\u00edbe.<\/p>\n<p>De acordo com as informa\u00e7\u00f5es, a organiza\u00e7\u00e3o criminosa praticava golpes atrav\u00e9s de uma plataforma digital do aplicativo Facebook.<\/p>\n<p>Nesta plataforma, os criminosos anunciavam im\u00f3veis de pessoas desconhecidas, escolhidos aleatoriamente, e efetivavam a venda para compradores de boa f\u00e9.<\/p>\n<p>Ainda de acordo com as informa\u00e7\u00f5es, ap\u00f3s pagamento,\u00a0as v\u00edtimas vinham a descobrir que o im\u00f3vel pertencia a terceiros, que desconheciam a transa\u00e7\u00e3o.<\/p>\n<h2>V\u00edtimas<\/h2>\n<p>Os criminosos conseguiram angariar mais de R$300 mil reais atrav\u00e9s de v\u00e1rias v\u00edtimas, sendo que 6 pessoas foram identificadas como suspeitas.<\/p>\n<h3>Pris\u00f5es<\/h3>\n<p>Ap\u00f3s mandado expedido, as equipes foram em dire\u00e7\u00e3o as cidades de Mongagu\u00e1 e Praia Grande e conseguiram prender tr\u00eas mulheres e um homem, que se juntaram a outras duas pessoas j\u00e1 presas.<\/p>\n<p>No ato da pris\u00e3o, foram apreendidos diversos aparelhos de telefone celular, documentos, notebooks, simulacro de arma de fogo e ainda tr\u00eas ve\u00edculos autom\u00f3veis.<\/p>\n<p>Enfim, o material utilizado para a pr\u00e1tica delitiva, que servir\u00e1 de base para as pr\u00f3ximas etapas da investiga\u00e7\u00e3o tamb\u00e9m foi apreendido.<\/p>\n<p>As investiga\u00e7\u00f5es prosseguem para identificar outras eventuais v\u00edtimas e demais coautores.<\/p>\n<p><strong>Leia mais<\/strong><\/p>\n<p><a href=\"https:\/\/redenoticiaz.com.br\/litoralsp\/2023\/01\/21\/terceiro-individuo-envolvido-em-homicidio-e-preso-em-peruibe\">Terceiro indiv\u00edduo envolvido em homic\u00eddio \u00e9 preso em Peru\u00edbe<\/a><\/p>\n","protected":false},"excerpt":{"rendered":"<p>Uma associa\u00e7\u00e3o criminosa ligada a pr\u00e1tica de estelionato foi presa nesta quarta-feira (25) na cidade de Peru\u00edbe. De acordo com as informa\u00e7\u00f5es, a organiza\u00e7\u00e3o criminosa praticava golpes atrav\u00e9s de uma plataforma digital do aplicativo Facebook. Nesta plataforma, os criminosos anunciavam im\u00f3veis de pessoas desconhecidas, escolhidos aleatoriamente, e efetivavam a venda para compradores de boa f\u00e9. &hellip;<\/p>\n","protected":false},"author":12,"featured_media":99679,"comment_status":"open","ping_status":"closed","sticky":false,"template":"","format":"standard","meta":{"footnotes":""},"categories":[185],"tags":[12760,1051,27228,1060],"class_list":["post-99678","post","type-post","status-publish","format-standard","has-post-thumbnail","hentry","category-peruibe","tag-facebook","tag-mongagua","tag-organizacao-criminosa","tag-peruibe"],"yoast_head":"<!-- This site is optimized with the Yoast SEO plugin v27.5 - https:\/\/yoast.com\/product\/yoast-seo-wordpress\/ -->\n<title>Associa\u00e7\u00e3o criminosa ligada a pr\u00e1tica de estelionato \u00e9 presa - Litoral SP<\/title>\n<meta name=\"description\" content=\"Uma associa\u00e7\u00e3o criminosa ligada a pr\u00e1tica de estelionato foi presa nesta quarta-feira (25) na cidade de Peru\u00edbe.\" \/>\n<meta name=\"robots\" content=\"index, follow, max-snippet:-1, max-image-preview:large, max-video-preview:-1\" \/>\n<link rel=\"canonical\" href=\"https:\/\/redenoticiaz.com.br\/litoralsp\/2023\/01\/27\/associacao-criminosa-ligada-a-pratica-de-estelionato-e-presa\" \/>\n<meta property=\"og:locale\" content=\"pt_BR\" \/>\n<meta property=\"og:type\" content=\"article\" \/>\n<meta property=\"og:title\" content=\"Associa\u00e7\u00e3o criminosa ligada a pr\u00e1tica de estelionato \u00e9 presa - Litoral SP\" \/>\n<meta property=\"og:description\" content=\"Uma associa\u00e7\u00e3o criminosa ligada a pr\u00e1tica de estelionato foi presa nesta quarta-feira (25) na cidade de Peru\u00edbe.\" \/>\n<meta property=\"og:url\" content=\"https:\/\/redenoticiaz.com.br\/litoralsp\/2023\/01\/27\/associacao-criminosa-ligada-a-pratica-de-estelionato-e-presa\" \/>\n<meta property=\"og:site_name\" content=\"Litoral SP\" \/>\n<meta property=\"article:published_time\" content=\"2023-01-27T17:22:26+00:00\" \/>\n<meta property=\"og:image\" content=\"https:\/\/redenoticiaz.com.br\/litoralsp\/wp-content\/uploads\/sites\/3\/2023\/01\/WhatsApp-Image-2023-01-27-at-13.15.53.jpeg\" \/>\n\t<meta property=\"og:image:width\" content=\"1600\" \/>\n\t<meta property=\"og:image:height\" content=\"900\" \/>\n\t<meta property=\"og:image:type\" content=\"image\/jpeg\" \/>\n<meta name=\"author\" content=\"Gustavo Silva\" \/>\n<meta name=\"twitter:card\" content=\"summary_large_image\" \/>\n<meta name=\"twitter:label1\" content=\"Escrito por\" \/>\n\t<meta name=\"twitter:data1\" content=\"Gustavo Silva\" \/>\n\t<meta name=\"twitter:label2\" content=\"Est. tempo de leitura\" \/>\n\t<meta name=\"twitter:data2\" content=\"2 minutos\" \/>\n<script type=\"application\/ld+json\" class=\"yoast-schema-graph\">{\"@context\":\"https:\\\/\\\/schema.org\",\"@graph\":[{\"@type\":\"Article\",\"@id\":\"https:\\\/\\\/redenoticiaz.com.br\\\/litoralsp\\\/2023\\\/01\\\/27\\\/associacao-criminosa-ligada-a-pratica-de-estelionato-e-presa#article\",\"isPartOf\":{\"@id\":\"https:\\\/\\\/redenoticiaz.com.br\\\/litoralsp\\\/2023\\\/01\\\/27\\\/associacao-criminosa-ligada-a-pratica-de-estelionato-e-presa\"},\"author\":{\"name\":\"Gustavo Silva\",\"@id\":\"https:\\\/\\\/redenoticiaz.com.br\\\/litoralsp\\\/#\\\/schema\\\/person\\\/16057b37a3c0ee6b096d7f887c566e2e\"},\"headline\":\"Associa\u00e7\u00e3o criminosa ligada a pr\u00e1tica de estelionato \u00e9 presa\",\"datePublished\":\"2023-01-27T17:22:26+00:00\",\"mainEntityOfPage\":{\"@id\":\"https:\\\/\\\/redenoticiaz.com.br\\\/litoralsp\\\/2023\\\/01\\\/27\\\/associacao-criminosa-ligada-a-pratica-de-estelionato-e-presa\"},\"wordCount\":239,\"commentCount\":0,\"publisher\":{\"@id\":\"https:\\\/\\\/redenoticiaz.com.br\\\/litoralsp\\\/#organization\"},\"image\":{\"@id\":\"https:\\\/\\\/redenoticiaz.com.br\\\/litoralsp\\\/2023\\\/01\\\/27\\\/associacao-criminosa-ligada-a-pratica-de-estelionato-e-presa#primaryimage\"},\"thumbnailUrl\":\"https:\\\/\\\/redenoticiaz.com.br\\\/litoralsp\\\/wp-content\\\/uploads\\\/sites\\\/3\\\/2023\\\/01\\\/WhatsApp-Image-2023-01-27-at-13.15.53.jpeg\",\"keywords\":[\"FACEBOOK\",\"MONGAGU\u00c1\",\"ORGANIZA\u00c7\u00c3O CRIMINOSA\",\"PERU\u00cdBE\"],\"articleSection\":[\"Peru\u00edbe\"],\"inLanguage\":\"pt-BR\",\"potentialAction\":[{\"@type\":\"CommentAction\",\"name\":\"Comment\",\"target\":[\"https:\\\/\\\/redenoticiaz.com.br\\\/litoralsp\\\/2023\\\/01\\\/27\\\/associacao-criminosa-ligada-a-pratica-de-estelionato-e-presa#respond\"]}]},{\"@type\":\"WebPage\",\"@id\":\"https:\\\/\\\/redenoticiaz.com.br\\\/litoralsp\\\/2023\\\/01\\\/27\\\/associacao-criminosa-ligada-a-pratica-de-estelionato-e-presa\",\"url\":\"https:\\\/\\\/redenoticiaz.com.br\\\/litoralsp\\\/2023\\\/01\\\/27\\\/associacao-criminosa-ligada-a-pratica-de-estelionato-e-presa\",\"name\":\"Associa\u00e7\u00e3o criminosa ligada a pr\u00e1tica de estelionato \u00e9 presa - Litoral SP\",\"isPartOf\":{\"@id\":\"https:\\\/\\\/redenoticiaz.com.br\\\/litoralsp\\\/#website\"},\"primaryImageOfPage\":{\"@id\":\"https:\\\/\\\/redenoticiaz.com.br\\\/litoralsp\\\/2023\\\/01\\\/27\\\/associacao-criminosa-ligada-a-pratica-de-estelionato-e-presa#primaryimage\"},\"image\":{\"@id\":\"https:\\\/\\\/redenoticiaz.com.br\\\/litoralsp\\\/2023\\\/01\\\/27\\\/associacao-criminosa-ligada-a-pratica-de-estelionato-e-presa#primaryimage\"},\"thumbnailUrl\":\"https:\\\/\\\/redenoticiaz.com.br\\\/litoralsp\\\/wp-content\\\/uploads\\\/sites\\\/3\\\/2023\\\/01\\\/WhatsApp-Image-2023-01-27-at-13.15.53.jpeg\",\"datePublished\":\"2023-01-27T17:22:26+00:00\",\"description\":\"Uma associa\u00e7\u00e3o criminosa ligada a pr\u00e1tica de estelionato foi presa nesta quarta-feira (25) na cidade de Peru\u00edbe.\",\"inLanguage\":\"pt-BR\",\"potentialAction\":[{\"@type\":\"ReadAction\",\"target\":[\"https:\\\/\\\/redenoticiaz.com.br\\\/litoralsp\\\/2023\\\/01\\\/27\\\/associacao-criminosa-ligada-a-pratica-de-estelionato-e-presa\"]}]},{\"@type\":\"ImageObject\",\"inLanguage\":\"pt-BR\",\"@id\":\"https:\\\/\\\/redenoticiaz.com.br\\\/litoralsp\\\/2023\\\/01\\\/27\\\/associacao-criminosa-ligada-a-pratica-de-estelionato-e-presa#primaryimage\",\"url\":\"https:\\\/\\\/redenoticiaz.com.br\\\/litoralsp\\\/wp-content\\\/uploads\\\/sites\\\/3\\\/2023\\\/01\\\/WhatsApp-Image-2023-01-27-at-13.15.53.jpeg\",\"contentUrl\":\"https:\\\/\\\/redenoticiaz.com.br\\\/litoralsp\\\/wp-content\\\/uploads\\\/sites\\\/3\\\/2023\\\/01\\\/WhatsApp-Image-2023-01-27-at-13.15.53.jpeg\",\"width\":1600,\"height\":900,\"caption\":\"Associa\u00e7\u00e3o criminosa ligada a pr\u00e1tica de estelionato \u00e9 presa\"},{\"@type\":\"WebSite\",\"@id\":\"https:\\\/\\\/redenoticiaz.com.br\\\/litoralsp\\\/#website\",\"url\":\"https:\\\/\\\/redenoticiaz.com.br\\\/litoralsp\\\/\",\"name\":\"Litoral SP\",\"description\":\"Rede NoticiaZ\",\"publisher\":{\"@id\":\"https:\\\/\\\/redenoticiaz.com.br\\\/litoralsp\\\/#organization\"},\"potentialAction\":[{\"@type\":\"SearchAction\",\"target\":{\"@type\":\"EntryPoint\",\"urlTemplate\":\"https:\\\/\\\/redenoticiaz.com.br\\\/litoralsp\\\/?s={search_term_string}\"},\"query-input\":{\"@type\":\"PropertyValueSpecification\",\"valueRequired\":true,\"valueName\":\"search_term_string\"}}],\"inLanguage\":\"pt-BR\"},{\"@type\":\"Organization\",\"@id\":\"https:\\\/\\\/redenoticiaz.com.br\\\/litoralsp\\\/#organization\",\"name\":\"Litoral SP\",\"url\":\"https:\\\/\\\/redenoticiaz.com.br\\\/litoralsp\\\/\",\"logo\":{\"@type\":\"ImageObject\",\"inLanguage\":\"pt-BR\",\"@id\":\"https:\\\/\\\/redenoticiaz.com.br\\\/litoralsp\\\/#\\\/schema\\\/logo\\\/image\\\/\",\"url\":\"https:\\\/\\\/redenoticiaz.com.br\\\/litoralsp\\\/wp-content\\\/uploads\\\/sites\\\/3\\\/2020\\\/11\\\/logo.jpg\",\"contentUrl\":\"https:\\\/\\\/redenoticiaz.com.br\\\/litoralsp\\\/wp-content\\\/uploads\\\/sites\\\/3\\\/2020\\\/11\\\/logo.jpg\",\"width\":400,\"height\":250,\"caption\":\"Litoral SP\"},\"image\":{\"@id\":\"https:\\\/\\\/redenoticiaz.com.br\\\/litoralsp\\\/#\\\/schema\\\/logo\\\/image\\\/\"}},{\"@type\":\"Person\",\"@id\":\"https:\\\/\\\/redenoticiaz.com.br\\\/litoralsp\\\/#\\\/schema\\\/person\\\/16057b37a3c0ee6b096d7f887c566e2e\",\"name\":\"Gustavo Silva\",\"image\":{\"@type\":\"ImageObject\",\"inLanguage\":\"pt-BR\",\"@id\":\"https:\\\/\\\/secure.gravatar.com\\\/avatar\\\/3ee4e82f93b26de0a7cf4ea5eb7893da637ed6bb0c9170c58065944c56e28a33?s=96&d=mm&r=g\",\"url\":\"https:\\\/\\\/secure.gravatar.com\\\/avatar\\\/3ee4e82f93b26de0a7cf4ea5eb7893da637ed6bb0c9170c58065944c56e28a33?s=96&d=mm&r=g\",\"contentUrl\":\"https:\\\/\\\/secure.gravatar.com\\\/avatar\\\/3ee4e82f93b26de0a7cf4ea5eb7893da637ed6bb0c9170c58065944c56e28a33?s=96&d=mm&r=g\",\"caption\":\"Gustavo Silva\"},\"url\":\"https:\\\/\\\/redenoticiaz.com.br\\\/litoralsp\\\/author\\\/gustavosilva\"}]}<\/script>\n<!-- \/ Yoast SEO plugin. -->","yoast_head_json":{"title":"Associa\u00e7\u00e3o criminosa ligada a pr\u00e1tica de estelionato \u00e9 presa - Litoral SP","description":"Uma associa\u00e7\u00e3o criminosa ligada a pr\u00e1tica de estelionato foi presa nesta quarta-feira (25) na cidade de Peru\u00edbe.","robots":{"index":"index","follow":"follow","max-snippet":"max-snippet:-1","max-image-preview":"max-image-preview:large","max-video-preview":"max-video-preview:-1"},"canonical":"https:\/\/redenoticiaz.com.br\/litoralsp\/2023\/01\/27\/associacao-criminosa-ligada-a-pratica-de-estelionato-e-presa","og_locale":"pt_BR","og_type":"article","og_title":"Associa\u00e7\u00e3o criminosa ligada a pr\u00e1tica de estelionato \u00e9 presa - Litoral SP","og_description":"Uma associa\u00e7\u00e3o criminosa ligada a pr\u00e1tica de estelionato foi presa nesta quarta-feira (25) na cidade de Peru\u00edbe.","og_url":"https:\/\/redenoticiaz.com.br\/litoralsp\/2023\/01\/27\/associacao-criminosa-ligada-a-pratica-de-estelionato-e-presa","og_site_name":"Litoral SP","article_published_time":"2023-01-27T17:22:26+00:00","og_image":[{"width":1600,"height":900,"url":"https:\/\/redenoticiaz.com.br\/litoralsp\/wp-content\/uploads\/sites\/3\/2023\/01\/WhatsApp-Image-2023-01-27-at-13.15.53.jpeg","type":"image\/jpeg"}],"author":"Gustavo Silva","twitter_card":"summary_large_image","twitter_misc":{"Escrito por":"Gustavo Silva","Est. tempo de leitura":"2 minutos"},"schema":{"@context":"https:\/\/schema.org","@graph":[{"@type":"Article","@id":"https:\/\/redenoticiaz.com.br\/litoralsp\/2023\/01\/27\/associacao-criminosa-ligada-a-pratica-de-estelionato-e-presa#article","isPartOf":{"@id":"https:\/\/redenoticiaz.com.br\/litoralsp\/2023\/01\/27\/associacao-criminosa-ligada-a-pratica-de-estelionato-e-presa"},"author":{"name":"Gustavo Silva","@id":"https:\/\/redenoticiaz.com.br\/litoralsp\/#\/schema\/person\/16057b37a3c0ee6b096d7f887c566e2e"},"headline":"Associa\u00e7\u00e3o criminosa ligada a pr\u00e1tica de estelionato \u00e9 presa","datePublished":"2023-01-27T17:22:26+00:00","mainEntityOfPage":{"@id":"https:\/\/redenoticiaz.com.br\/litoralsp\/2023\/01\/27\/associacao-criminosa-ligada-a-pratica-de-estelionato-e-presa"},"wordCount":239,"commentCount":0,"publisher":{"@id":"https:\/\/redenoticiaz.com.br\/litoralsp\/#organization"},"image":{"@id":"https:\/\/redenoticiaz.com.br\/litoralsp\/2023\/01\/27\/associacao-criminosa-ligada-a-pratica-de-estelionato-e-presa#primaryimage"},"thumbnailUrl":"https:\/\/redenoticiaz.com.br\/litoralsp\/wp-content\/uploads\/sites\/3\/2023\/01\/WhatsApp-Image-2023-01-27-at-13.15.53.jpeg","keywords":["FACEBOOK","MONGAGU\u00c1","ORGANIZA\u00c7\u00c3O CRIMINOSA","PERU\u00cdBE"],"articleSection":["Peru\u00edbe"],"inLanguage":"pt-BR","potentialAction":[{"@type":"CommentAction","name":"Comment","target":["https:\/\/redenoticiaz.com.br\/litoralsp\/2023\/01\/27\/associacao-criminosa-ligada-a-pratica-de-estelionato-e-presa#respond"]}]},{"@type":"WebPage","@id":"https:\/\/redenoticiaz.com.br\/litoralsp\/2023\/01\/27\/associacao-criminosa-ligada-a-pratica-de-estelionato-e-presa","url":"https:\/\/redenoticiaz.com.br\/litoralsp\/2023\/01\/27\/associacao-criminosa-ligada-a-pratica-de-estelionato-e-presa","name":"Associa\u00e7\u00e3o criminosa ligada a pr\u00e1tica de estelionato \u00e9 presa - Litoral SP","isPartOf":{"@id":"https:\/\/redenoticiaz.com.br\/litoralsp\/#website"},"primaryImageOfPage":{"@id":"https:\/\/redenoticiaz.com.br\/litoralsp\/2023\/01\/27\/associacao-criminosa-ligada-a-pratica-de-estelionato-e-presa#primaryimage"},"image":{"@id":"https:\/\/redenoticiaz.com.br\/litoralsp\/2023\/01\/27\/associacao-criminosa-ligada-a-pratica-de-estelionato-e-presa#primaryimage"},"thumbnailUrl":"https:\/\/redenoticiaz.com.br\/litoralsp\/wp-content\/uploads\/sites\/3\/2023\/01\/WhatsApp-Image-2023-01-27-at-13.15.53.jpeg","datePublished":"2023-01-27T17:22:26+00:00","description":"Uma associa\u00e7\u00e3o criminosa ligada a pr\u00e1tica de estelionato foi presa nesta quarta-feira (25) na cidade de Peru\u00edbe.","inLanguage":"pt-BR","potentialAction":[{"@type":"ReadAction","target":["https:\/\/redenoticiaz.com.br\/litoralsp\/2023\/01\/27\/associacao-criminosa-ligada-a-pratica-de-estelionato-e-presa"]}]},{"@type":"ImageObject","inLanguage":"pt-BR","@id":"https:\/\/redenoticiaz.com.br\/litoralsp\/2023\/01\/27\/associacao-criminosa-ligada-a-pratica-de-estelionato-e-presa#primaryimage","url":"https:\/\/redenoticiaz.com.br\/litoralsp\/wp-content\/uploads\/sites\/3\/2023\/01\/WhatsApp-Image-2023-01-27-at-13.15.53.jpeg","contentUrl":"https:\/\/redenoticiaz.com.br\/litoralsp\/wp-content\/uploads\/sites\/3\/2023\/01\/WhatsApp-Image-2023-01-27-at-13.15.53.jpeg","width":1600,"height":900,"caption":"Associa\u00e7\u00e3o criminosa ligada a pr\u00e1tica de estelionato \u00e9 presa"},{"@type":"WebSite","@id":"https:\/\/redenoticiaz.com.br\/litoralsp\/#website","url":"https:\/\/redenoticiaz.com.br\/litoralsp\/","name":"Litoral SP","description":"Rede NoticiaZ","publisher":{"@id":"https:\/\/redenoticiaz.com.br\/litoralsp\/#organization"},"potentialAction":[{"@type":"SearchAction","target":{"@type":"EntryPoint","urlTemplate":"https:\/\/redenoticiaz.com.br\/litoralsp\/?s={search_term_string}"},"query-input":{"@type":"PropertyValueSpecification","valueRequired":true,"valueName":"search_term_string"}}],"inLanguage":"pt-BR"},{"@type":"Organization","@id":"https:\/\/redenoticiaz.com.br\/litoralsp\/#organization","name":"Litoral SP","url":"https:\/\/redenoticiaz.com.br\/litoralsp\/","logo":{"@type":"ImageObject","inLanguage":"pt-BR","@id":"https:\/\/redenoticiaz.com.br\/litoralsp\/#\/schema\/logo\/image\/","url":"https:\/\/redenoticiaz.com.br\/litoralsp\/wp-content\/uploads\/sites\/3\/2020\/11\/logo.jpg","contentUrl":"https:\/\/redenoticiaz.com.br\/litoralsp\/wp-content\/uploads\/sites\/3\/2020\/11\/logo.jpg","width":400,"height":250,"caption":"Litoral SP"},"image":{"@id":"https:\/\/redenoticiaz.com.br\/litoralsp\/#\/schema\/logo\/image\/"}},{"@type":"Person","@id":"https:\/\/redenoticiaz.com.br\/litoralsp\/#\/schema\/person\/16057b37a3c0ee6b096d7f887c566e2e","name":"Gustavo Silva","image":{"@type":"ImageObject","inLanguage":"pt-BR","@id":"https:\/\/secure.gravatar.com\/avatar\/3ee4e82f93b26de0a7cf4ea5eb7893da637ed6bb0c9170c58065944c56e28a33?s=96&d=mm&r=g","url":"https:\/\/secure.gravatar.com\/avatar\/3ee4e82f93b26de0a7cf4ea5eb7893da637ed6bb0c9170c58065944c56e28a33?s=96&d=mm&r=g","contentUrl":"https:\/\/secure.gravatar.com\/avatar\/3ee4e82f93b26de0a7cf4ea5eb7893da637ed6bb0c9170c58065944c56e28a33?s=96&d=mm&r=g","caption":"Gustavo Silva"},"url":"https:\/\/redenoticiaz.com.br\/litoralsp\/author\/gustavosilva"}]}},"_links":{"self":[{"href":"https:\/\/redenoticiaz.com.br\/litoralsp\/wp-json\/wp\/v2\/posts\/99678","targetHints":{"allow":["GET"]}}],"collection":[{"href":"https:\/\/redenoticiaz.com.br\/litoralsp\/wp-json\/wp\/v2\/posts"}],"about":[{"href":"https:\/\/redenoticiaz.com.br\/litoralsp\/wp-json\/wp\/v2\/types\/post"}],"author":[{"embeddable":true,"href":"https:\/\/redenoticiaz.com.br\/litoralsp\/wp-json\/wp\/v2\/users\/12"}],"replies":[{"embeddable":true,"href":"https:\/\/redenoticiaz.com.br\/litoralsp\/wp-json\/wp\/v2\/comments?post=99678"}],"version-history":[{"count":1,"href":"https:\/\/redenoticiaz.com.br\/litoralsp\/wp-json\/wp\/v2\/posts\/99678\/revisions"}],"predecessor-version":[{"id":99680,"href":"https:\/\/redenoticiaz.com.br\/litoralsp\/wp-json\/wp\/v2\/posts\/99678\/revisions\/99680"}],"wp:featuredmedia":[{"embeddable":true,"href":"https:\/\/redenoticiaz.com.br\/litoralsp\/wp-json\/wp\/v2\/media\/99679"}],"wp:attachment":[{"href":"https:\/\/redenoticiaz.com.br\/litoralsp\/wp-json\/wp\/v2\/media?parent=99678"}],"wp:term":[{"taxonomy":"category","embeddable":true,"href":"https:\/\/redenoticiaz.com.br\/litoralsp\/wp-json\/wp\/v2\/categories?post=99678"},{"taxonomy":"post_tag","embeddable":true,"href":"https:\/\/redenoticiaz.com.br\/litoralsp\/wp-json\/wp\/v2\/tags?post=99678"}],"curies":[{"name":"wp","href":"https:\/\/api.w.org\/{rel}","templated":true}]}}