{"id":99693,"date":"2023-01-27T17:05:28","date_gmt":"2023-01-27T20:05:28","guid":{"rendered":"https:\/\/redenoticiaz.com.br\/litoralsp\/2023\/01\/27\/video-venda-de-ingressos-para-show-do-rbd-termina-em-briga"},"modified":"2023-01-27T17:08:28","modified_gmt":"2023-01-27T20:08:28","slug":"video-venda-de-ingressos-para-show-do-rbd-termina-em-briga","status":"publish","type":"post","link":"https:\/\/redenoticiaz.com.br\/litoralsp\/2023\/01\/27\/video-venda-de-ingressos-para-show-do-rbd-termina-em-briga","title":{"rendered":"V\u00cdDEO: Venda de ingressos para show do RBD termina em briga"},"content":{"rendered":"<p>O grupo<strong> mexicano RBD<\/strong> far\u00e1 dois shows no Brasil em novembro e as vendas de<strong> ingresso<\/strong> iniciou nesta sexta-feira (27). Muitos <strong>f\u00e3s ficaram frustrados,<\/strong> a venda\u00a0<em>online<\/em> que come\u00e7ou \u00e0s 10h, os <strong>ingressos esgotaram<\/strong> em quest\u00e3o de minutos. J\u00e1 quem enfrentou fila para comprar os<strong> ingressos na bilheteria<\/strong> presenciou discuss\u00e3o, tumulto e precisou ter paci\u00eancia.<\/p>\n<p>F\u00e3s do grupo discutiram e trocaram tapas na fila para a compra de ingressos para o show do grupo no <strong>Rio de Janeiro.<\/strong> A bilheteria fica na Jeunesse Arena, na Barra da Tijuca, na Zona Oeste do Rio de Janeiro.<\/p>\n<p>Nas imagens, a confus\u00e3o come\u00e7a com bate-boca por um lugar na fila, logo depois, <span class=\"highlight highlighted\">troca de tapas. As imagens viralizaram, confira:<\/span><\/p>\n<div class=\"wp-playlist wp-video-playlist wp-playlist-light\">\n\t\t<video controls=\"controls\" preload=\"none\" width=\"640\"\n\t\t height=\"352\"\t><\/video>\n\t<div class=\"wp-playlist-next\"><\/div>\n\t<div class=\"wp-playlist-prev\"><\/div>\n\t<noscript>\n\t<ol>\n\t\t<li><a href='https:\/\/redenoticiaz.com.br\/litoralsp\/wp-content\/uploads\/sites\/3\/2023\/01\/Venda-de-ingressos-para-show-do-RBD-no-Rio-termina-em-briga.mp4'>Venda de ingressos para show do RBD no Rio termina em briga<\/a><\/li>\t<\/ol>\n\t<\/noscript>\n\t<script type=\"application\/json\" class=\"wp-playlist-script\">{\"type\":\"video\",\"tracklist\":true,\"tracknumbers\":true,\"images\":true,\"artists\":true,\"tracks\":[{\"src\":\"https:\/\/redenoticiaz.com.br\/litoralsp\/wp-content\/uploads\/sites\/3\/2023\/01\/Venda-de-ingressos-para-show-do-RBD-no-Rio-termina-em-briga.mp4\",\"type\":\"video\/mp4\",\"title\":\"Venda de ingressos para show do RBD no Rio termina em briga\",\"caption\":\"Venda de ingressos para show do RBD no Rio termina em briga\",\"description\":\"\",\"meta\":{\"length_formatted\":\"0:58\"},\"dimensions\":{\"original\":{\"width\":640,\"height\":352},\"resized\":{\"width\":640,\"height\":352}},\"image\":{\"src\":\"https:\/\/redenoticiaz.com.br\/litoralsp\/wp-includes\/images\/media\/video.svg\",\"width\":48,\"height\":64},\"thumb\":{\"src\":\"https:\/\/redenoticiaz.com.br\/litoralsp\/wp-includes\/images\/media\/video.svg\",\"width\":48,\"height\":64}}]}<\/script>\n<\/div>\n\t\n<p>A Pol\u00edcia Militar foi chamada para controlar a confus\u00e3o. De acordo com a Secretaria Estadual de Pol\u00edcia Militar, agentes do 31\u00b0 BPM (Recreio dos Bandeirantes) foram acionados para um princ\u00edpio de tumulto na fila. Segundo a corpora\u00e7\u00e3o, a confus\u00e3o foi controlada pelos policiais.<\/p>\n<p>VEJA TAMB\u00c9M:\u00a0<a href=\"https:\/\/redenoticiaz.com.br\/barretos-regiao\/sp\/2023\/01\/27\/video-sexo-oral-de-anitta-gera-revolta-em-comunidade-do-rio-de-janeiro\">V\u00cdDEO \u2013 \u201cSexo Oral\u201d de Anitta gera revolta em comunidade do Rio de Janeiro<\/a><\/p>\n<p>&nbsp;<\/p>\n<p>&nbsp;<\/p>\n<p>&nbsp;<\/p>\n<p>&nbsp;<\/p>\n","protected":false},"excerpt":{"rendered":"<p>O grupo mexicano RBD far\u00e1 dois shows no Brasil em novembro e as vendas de ingresso iniciou nesta sexta-feira (27). Muitos f\u00e3s ficaram frustrados, a venda\u00a0online que come\u00e7ou \u00e0s 10h, os ingressos esgotaram em quest\u00e3o de minutos. J\u00e1 quem enfrentou fila para comprar os ingressos na bilheteria presenciou discuss\u00e3o, tumulto e precisou ter paci\u00eancia. F\u00e3s &hellip;<\/p>\n","protected":false},"author":15,"featured_media":99694,"comment_status":"open","ping_status":"closed","sticky":false,"template":"","format":"standard","meta":{"footnotes":""},"categories":[2001,170],"tags":[62947,62948,61947,8217],"class_list":["post-99693","post","type-post","status-publish","format-standard","has-post-thumbnail","hentry","category-cultura-e-musica","category-entretenimento","tag-briga-na-fila","tag-compra-de-ingressos","tag-rbd","tag-show"],"yoast_head":"<!-- This site is optimized with the Yoast SEO plugin v27.5 - https:\/\/yoast.com\/product\/yoast-seo-wordpress\/ -->\n<title>V\u00cdDEO: Venda de ingressos para show do RBD termina em briga - Litoral SP<\/title>\n<meta name=\"description\" content=\"O grupo mexicano RBD far\u00e1 dois shows no Brasil em novembro e as vendas de ingresso iniciou nesta sexta-feira e muitos f\u00e3s ficaram frustrados\" \/>\n<meta name=\"robots\" content=\"index, follow, max-snippet:-1, max-image-preview:large, max-video-preview:-1\" \/>\n<link rel=\"canonical\" href=\"https:\/\/redenoticiaz.com.br\/litoralsp\/2023\/01\/27\/video-venda-de-ingressos-para-show-do-rbd-termina-em-briga\" \/>\n<meta property=\"og:locale\" content=\"pt_BR\" \/>\n<meta property=\"og:type\" content=\"article\" \/>\n<meta property=\"og:title\" content=\"V\u00cdDEO: Venda de ingressos para show do RBD termina em briga - Litoral SP\" \/>\n<meta property=\"og:description\" content=\"O grupo mexicano RBD far\u00e1 dois shows no Brasil em novembro e as vendas de ingresso iniciou nesta sexta-feira e muitos f\u00e3s ficaram frustrados\" \/>\n<meta property=\"og:url\" content=\"https:\/\/redenoticiaz.com.br\/litoralsp\/2023\/01\/27\/video-venda-de-ingressos-para-show-do-rbd-termina-em-briga\" \/>\n<meta property=\"og:site_name\" content=\"Litoral SP\" \/>\n<meta property=\"article:published_time\" content=\"2023-01-27T20:05:28+00:00\" \/>\n<meta property=\"article:modified_time\" content=\"2023-01-27T20:08:28+00:00\" \/>\n<meta property=\"og:image\" content=\"https:\/\/redenoticiaz.com.br\/litoralsp\/wp-content\/uploads\/sites\/3\/2023\/01\/Fas-do-grupo-discutiram-e-trocaram-tapas-na-fila-para-a-compra-de-ingressos.jpg\" \/>\n\t<meta property=\"og:image:width\" content=\"461\" \/>\n\t<meta property=\"og:image:height\" content=\"534\" \/>\n\t<meta property=\"og:image:type\" content=\"image\/jpeg\" \/>\n<meta name=\"twitter:card\" content=\"summary_large_image\" \/>\n<meta name=\"twitter:label1\" content=\"Escrito por\" \/>\n\t<meta name=\"twitter:data1\" content=\"\" \/>\n\t<meta name=\"twitter:label2\" content=\"Est. tempo de leitura\" \/>\n\t<meta name=\"twitter:data2\" content=\"1 minuto\" \/>\n<script type=\"application\/ld+json\" class=\"yoast-schema-graph\">{\"@context\":\"https:\\\/\\\/schema.org\",\"@graph\":[{\"@type\":\"Article\",\"@id\":\"https:\\\/\\\/redenoticiaz.com.br\\\/litoralsp\\\/2023\\\/01\\\/27\\\/video-venda-de-ingressos-para-show-do-rbd-termina-em-briga#article\",\"isPartOf\":{\"@id\":\"https:\\\/\\\/redenoticiaz.com.br\\\/litoralsp\\\/2023\\\/01\\\/27\\\/video-venda-de-ingressos-para-show-do-rbd-termina-em-briga\"},\"author\":{\"name\":\"\",\"@id\":\"\"},\"headline\":\"V\u00cdDEO: Venda de ingressos para show do RBD termina em briga\",\"datePublished\":\"2023-01-27T20:05:28+00:00\",\"dateModified\":\"2023-01-27T20:08:28+00:00\",\"mainEntityOfPage\":{\"@id\":\"https:\\\/\\\/redenoticiaz.com.br\\\/litoralsp\\\/2023\\\/01\\\/27\\\/video-venda-de-ingressos-para-show-do-rbd-termina-em-briga\"},\"wordCount\":208,\"commentCount\":0,\"publisher\":{\"@id\":\"https:\\\/\\\/redenoticiaz.com.br\\\/litoralsp\\\/#organization\"},\"image\":{\"@id\":\"https:\\\/\\\/redenoticiaz.com.br\\\/litoralsp\\\/2023\\\/01\\\/27\\\/video-venda-de-ingressos-para-show-do-rbd-termina-em-briga#primaryimage\"},\"thumbnailUrl\":\"https:\\\/\\\/redenoticiaz.com.br\\\/litoralsp\\\/wp-content\\\/uploads\\\/sites\\\/3\\\/2023\\\/01\\\/Fas-do-grupo-discutiram-e-trocaram-tapas-na-fila-para-a-compra-de-ingressos.jpg\",\"keywords\":[\"briga na fila\",\"compra de ingressos\",\"RBD\",\"SHOW\"],\"articleSection\":[\"Cultura e M\u00fasica\",\"Entretenimento\"],\"inLanguage\":\"pt-BR\",\"potentialAction\":[{\"@type\":\"CommentAction\",\"name\":\"Comment\",\"target\":[\"https:\\\/\\\/redenoticiaz.com.br\\\/litoralsp\\\/2023\\\/01\\\/27\\\/video-venda-de-ingressos-para-show-do-rbd-termina-em-briga#respond\"]}]},{\"@type\":\"WebPage\",\"@id\":\"https:\\\/\\\/redenoticiaz.com.br\\\/litoralsp\\\/2023\\\/01\\\/27\\\/video-venda-de-ingressos-para-show-do-rbd-termina-em-briga\",\"url\":\"https:\\\/\\\/redenoticiaz.com.br\\\/litoralsp\\\/2023\\\/01\\\/27\\\/video-venda-de-ingressos-para-show-do-rbd-termina-em-briga\",\"name\":\"V\u00cdDEO: Venda de ingressos para show do RBD termina em briga - Litoral SP\",\"isPartOf\":{\"@id\":\"https:\\\/\\\/redenoticiaz.com.br\\\/litoralsp\\\/#website\"},\"primaryImageOfPage\":{\"@id\":\"https:\\\/\\\/redenoticiaz.com.br\\\/litoralsp\\\/2023\\\/01\\\/27\\\/video-venda-de-ingressos-para-show-do-rbd-termina-em-briga#primaryimage\"},\"image\":{\"@id\":\"https:\\\/\\\/redenoticiaz.com.br\\\/litoralsp\\\/2023\\\/01\\\/27\\\/video-venda-de-ingressos-para-show-do-rbd-termina-em-briga#primaryimage\"},\"thumbnailUrl\":\"https:\\\/\\\/redenoticiaz.com.br\\\/litoralsp\\\/wp-content\\\/uploads\\\/sites\\\/3\\\/2023\\\/01\\\/Fas-do-grupo-discutiram-e-trocaram-tapas-na-fila-para-a-compra-de-ingressos.jpg\",\"datePublished\":\"2023-01-27T20:05:28+00:00\",\"dateModified\":\"2023-01-27T20:08:28+00:00\",\"description\":\"O grupo mexicano RBD far\u00e1 dois shows no Brasil em novembro e as vendas de ingresso iniciou nesta sexta-feira e muitos f\u00e3s ficaram frustrados\",\"inLanguage\":\"pt-BR\",\"potentialAction\":[{\"@type\":\"ReadAction\",\"target\":[\"https:\\\/\\\/redenoticiaz.com.br\\\/litoralsp\\\/2023\\\/01\\\/27\\\/video-venda-de-ingressos-para-show-do-rbd-termina-em-briga\"]}]},{\"@type\":\"ImageObject\",\"inLanguage\":\"pt-BR\",\"@id\":\"https:\\\/\\\/redenoticiaz.com.br\\\/litoralsp\\\/2023\\\/01\\\/27\\\/video-venda-de-ingressos-para-show-do-rbd-termina-em-briga#primaryimage\",\"url\":\"https:\\\/\\\/redenoticiaz.com.br\\\/litoralsp\\\/wp-content\\\/uploads\\\/sites\\\/3\\\/2023\\\/01\\\/Fas-do-grupo-discutiram-e-trocaram-tapas-na-fila-para-a-compra-de-ingressos.jpg\",\"contentUrl\":\"https:\\\/\\\/redenoticiaz.com.br\\\/litoralsp\\\/wp-content\\\/uploads\\\/sites\\\/3\\\/2023\\\/01\\\/Fas-do-grupo-discutiram-e-trocaram-tapas-na-fila-para-a-compra-de-ingressos.jpg\",\"width\":461,\"height\":534,\"caption\":\"A Pol\u00edcia Militar foi chamada para controlar a confus\u00e3o. Cr\u00e9dito: Reprodu\u00e7\u00e3o\"},{\"@type\":\"WebSite\",\"@id\":\"https:\\\/\\\/redenoticiaz.com.br\\\/litoralsp\\\/#website\",\"url\":\"https:\\\/\\\/redenoticiaz.com.br\\\/litoralsp\\\/\",\"name\":\"Litoral SP\",\"description\":\"Rede NoticiaZ\",\"publisher\":{\"@id\":\"https:\\\/\\\/redenoticiaz.com.br\\\/litoralsp\\\/#organization\"},\"potentialAction\":[{\"@type\":\"SearchAction\",\"target\":{\"@type\":\"EntryPoint\",\"urlTemplate\":\"https:\\\/\\\/redenoticiaz.com.br\\\/litoralsp\\\/?s={search_term_string}\"},\"query-input\":{\"@type\":\"PropertyValueSpecification\",\"valueRequired\":true,\"valueName\":\"search_term_string\"}}],\"inLanguage\":\"pt-BR\"},{\"@type\":\"Organization\",\"@id\":\"https:\\\/\\\/redenoticiaz.com.br\\\/litoralsp\\\/#organization\",\"name\":\"Litoral SP\",\"url\":\"https:\\\/\\\/redenoticiaz.com.br\\\/litoralsp\\\/\",\"logo\":{\"@type\":\"ImageObject\",\"inLanguage\":\"pt-BR\",\"@id\":\"https:\\\/\\\/redenoticiaz.com.br\\\/litoralsp\\\/#\\\/schema\\\/logo\\\/image\\\/\",\"url\":\"https:\\\/\\\/redenoticiaz.com.br\\\/litoralsp\\\/wp-content\\\/uploads\\\/sites\\\/3\\\/2020\\\/11\\\/logo.jpg\",\"contentUrl\":\"https:\\\/\\\/redenoticiaz.com.br\\\/litoralsp\\\/wp-content\\\/uploads\\\/sites\\\/3\\\/2020\\\/11\\\/logo.jpg\",\"width\":400,\"height\":250,\"caption\":\"Litoral SP\"},\"image\":{\"@id\":\"https:\\\/\\\/redenoticiaz.com.br\\\/litoralsp\\\/#\\\/schema\\\/logo\\\/image\\\/\"}},{\"@type\":\"Person\",\"@id\":\"\",\"url\":\"https:\\\/\\\/redenoticiaz.com.br\\\/litoralsp\\\/author\"}]}<\/script>\n<!-- \/ Yoast SEO plugin. -->","yoast_head_json":{"title":"V\u00cdDEO: Venda de ingressos para show do RBD termina em briga - Litoral SP","description":"O grupo mexicano RBD far\u00e1 dois shows no Brasil em novembro e as vendas de ingresso iniciou nesta sexta-feira e muitos f\u00e3s ficaram frustrados","robots":{"index":"index","follow":"follow","max-snippet":"max-snippet:-1","max-image-preview":"max-image-preview:large","max-video-preview":"max-video-preview:-1"},"canonical":"https:\/\/redenoticiaz.com.br\/litoralsp\/2023\/01\/27\/video-venda-de-ingressos-para-show-do-rbd-termina-em-briga","og_locale":"pt_BR","og_type":"article","og_title":"V\u00cdDEO: Venda de ingressos para show do RBD termina em briga - Litoral SP","og_description":"O grupo mexicano RBD far\u00e1 dois shows no Brasil em novembro e as vendas de ingresso iniciou nesta sexta-feira e muitos f\u00e3s ficaram frustrados","og_url":"https:\/\/redenoticiaz.com.br\/litoralsp\/2023\/01\/27\/video-venda-de-ingressos-para-show-do-rbd-termina-em-briga","og_site_name":"Litoral SP","article_published_time":"2023-01-27T20:05:28+00:00","article_modified_time":"2023-01-27T20:08:28+00:00","og_image":[{"width":461,"height":534,"url":"https:\/\/redenoticiaz.com.br\/litoralsp\/wp-content\/uploads\/sites\/3\/2023\/01\/Fas-do-grupo-discutiram-e-trocaram-tapas-na-fila-para-a-compra-de-ingressos.jpg","type":"image\/jpeg"}],"twitter_card":"summary_large_image","twitter_misc":{"Escrito por":"","Est. tempo de leitura":"1 minuto"},"schema":{"@context":"https:\/\/schema.org","@graph":[{"@type":"Article","@id":"https:\/\/redenoticiaz.com.br\/litoralsp\/2023\/01\/27\/video-venda-de-ingressos-para-show-do-rbd-termina-em-briga#article","isPartOf":{"@id":"https:\/\/redenoticiaz.com.br\/litoralsp\/2023\/01\/27\/video-venda-de-ingressos-para-show-do-rbd-termina-em-briga"},"author":{"name":"","@id":""},"headline":"V\u00cdDEO: Venda de ingressos para show do RBD termina em briga","datePublished":"2023-01-27T20:05:28+00:00","dateModified":"2023-01-27T20:08:28+00:00","mainEntityOfPage":{"@id":"https:\/\/redenoticiaz.com.br\/litoralsp\/2023\/01\/27\/video-venda-de-ingressos-para-show-do-rbd-termina-em-briga"},"wordCount":208,"commentCount":0,"publisher":{"@id":"https:\/\/redenoticiaz.com.br\/litoralsp\/#organization"},"image":{"@id":"https:\/\/redenoticiaz.com.br\/litoralsp\/2023\/01\/27\/video-venda-de-ingressos-para-show-do-rbd-termina-em-briga#primaryimage"},"thumbnailUrl":"https:\/\/redenoticiaz.com.br\/litoralsp\/wp-content\/uploads\/sites\/3\/2023\/01\/Fas-do-grupo-discutiram-e-trocaram-tapas-na-fila-para-a-compra-de-ingressos.jpg","keywords":["briga na fila","compra de ingressos","RBD","SHOW"],"articleSection":["Cultura e M\u00fasica","Entretenimento"],"inLanguage":"pt-BR","potentialAction":[{"@type":"CommentAction","name":"Comment","target":["https:\/\/redenoticiaz.com.br\/litoralsp\/2023\/01\/27\/video-venda-de-ingressos-para-show-do-rbd-termina-em-briga#respond"]}]},{"@type":"WebPage","@id":"https:\/\/redenoticiaz.com.br\/litoralsp\/2023\/01\/27\/video-venda-de-ingressos-para-show-do-rbd-termina-em-briga","url":"https:\/\/redenoticiaz.com.br\/litoralsp\/2023\/01\/27\/video-venda-de-ingressos-para-show-do-rbd-termina-em-briga","name":"V\u00cdDEO: Venda de ingressos para show do RBD termina em briga - Litoral SP","isPartOf":{"@id":"https:\/\/redenoticiaz.com.br\/litoralsp\/#website"},"primaryImageOfPage":{"@id":"https:\/\/redenoticiaz.com.br\/litoralsp\/2023\/01\/27\/video-venda-de-ingressos-para-show-do-rbd-termina-em-briga#primaryimage"},"image":{"@id":"https:\/\/redenoticiaz.com.br\/litoralsp\/2023\/01\/27\/video-venda-de-ingressos-para-show-do-rbd-termina-em-briga#primaryimage"},"thumbnailUrl":"https:\/\/redenoticiaz.com.br\/litoralsp\/wp-content\/uploads\/sites\/3\/2023\/01\/Fas-do-grupo-discutiram-e-trocaram-tapas-na-fila-para-a-compra-de-ingressos.jpg","datePublished":"2023-01-27T20:05:28+00:00","dateModified":"2023-01-27T20:08:28+00:00","description":"O grupo mexicano RBD far\u00e1 dois shows no Brasil em novembro e as vendas de ingresso iniciou nesta sexta-feira e muitos f\u00e3s ficaram frustrados","inLanguage":"pt-BR","potentialAction":[{"@type":"ReadAction","target":["https:\/\/redenoticiaz.com.br\/litoralsp\/2023\/01\/27\/video-venda-de-ingressos-para-show-do-rbd-termina-em-briga"]}]},{"@type":"ImageObject","inLanguage":"pt-BR","@id":"https:\/\/redenoticiaz.com.br\/litoralsp\/2023\/01\/27\/video-venda-de-ingressos-para-show-do-rbd-termina-em-briga#primaryimage","url":"https:\/\/redenoticiaz.com.br\/litoralsp\/wp-content\/uploads\/sites\/3\/2023\/01\/Fas-do-grupo-discutiram-e-trocaram-tapas-na-fila-para-a-compra-de-ingressos.jpg","contentUrl":"https:\/\/redenoticiaz.com.br\/litoralsp\/wp-content\/uploads\/sites\/3\/2023\/01\/Fas-do-grupo-discutiram-e-trocaram-tapas-na-fila-para-a-compra-de-ingressos.jpg","width":461,"height":534,"caption":"A Pol\u00edcia Militar foi chamada para controlar a confus\u00e3o. Cr\u00e9dito: Reprodu\u00e7\u00e3o"},{"@type":"WebSite","@id":"https:\/\/redenoticiaz.com.br\/litoralsp\/#website","url":"https:\/\/redenoticiaz.com.br\/litoralsp\/","name":"Litoral SP","description":"Rede NoticiaZ","publisher":{"@id":"https:\/\/redenoticiaz.com.br\/litoralsp\/#organization"},"potentialAction":[{"@type":"SearchAction","target":{"@type":"EntryPoint","urlTemplate":"https:\/\/redenoticiaz.com.br\/litoralsp\/?s={search_term_string}"},"query-input":{"@type":"PropertyValueSpecification","valueRequired":true,"valueName":"search_term_string"}}],"inLanguage":"pt-BR"},{"@type":"Organization","@id":"https:\/\/redenoticiaz.com.br\/litoralsp\/#organization","name":"Litoral SP","url":"https:\/\/redenoticiaz.com.br\/litoralsp\/","logo":{"@type":"ImageObject","inLanguage":"pt-BR","@id":"https:\/\/redenoticiaz.com.br\/litoralsp\/#\/schema\/logo\/image\/","url":"https:\/\/redenoticiaz.com.br\/litoralsp\/wp-content\/uploads\/sites\/3\/2020\/11\/logo.jpg","contentUrl":"https:\/\/redenoticiaz.com.br\/litoralsp\/wp-content\/uploads\/sites\/3\/2020\/11\/logo.jpg","width":400,"height":250,"caption":"Litoral SP"},"image":{"@id":"https:\/\/redenoticiaz.com.br\/litoralsp\/#\/schema\/logo\/image\/"}},{"@type":"Person","@id":"","url":"https:\/\/redenoticiaz.com.br\/litoralsp\/author"}]}},"_links":{"self":[{"href":"https:\/\/redenoticiaz.com.br\/litoralsp\/wp-json\/wp\/v2\/posts\/99693","targetHints":{"allow":["GET"]}}],"collection":[{"href":"https:\/\/redenoticiaz.com.br\/litoralsp\/wp-json\/wp\/v2\/posts"}],"about":[{"href":"https:\/\/redenoticiaz.com.br\/litoralsp\/wp-json\/wp\/v2\/types\/post"}],"author":[{"embeddable":true,"href":"https:\/\/redenoticiaz.com.br\/litoralsp\/wp-json\/wp\/v2\/users\/15"}],"replies":[{"embeddable":true,"href":"https:\/\/redenoticiaz.com.br\/litoralsp\/wp-json\/wp\/v2\/comments?post=99693"}],"version-history":[{"count":1,"href":"https:\/\/redenoticiaz.com.br\/litoralsp\/wp-json\/wp\/v2\/posts\/99693\/revisions"}],"predecessor-version":[{"id":99696,"href":"https:\/\/redenoticiaz.com.br\/litoralsp\/wp-json\/wp\/v2\/posts\/99693\/revisions\/99696"}],"wp:featuredmedia":[{"embeddable":true,"href":"https:\/\/redenoticiaz.com.br\/litoralsp\/wp-json\/wp\/v2\/media\/99694"}],"wp:attachment":[{"href":"https:\/\/redenoticiaz.com.br\/litoralsp\/wp-json\/wp\/v2\/media?parent=99693"}],"wp:term":[{"taxonomy":"category","embeddable":true,"href":"https:\/\/redenoticiaz.com.br\/litoralsp\/wp-json\/wp\/v2\/categories?post=99693"},{"taxonomy":"post_tag","embeddable":true,"href":"https:\/\/redenoticiaz.com.br\/litoralsp\/wp-json\/wp\/v2\/tags?post=99693"}],"curies":[{"name":"wp","href":"https:\/\/api.w.org\/{rel}","templated":true}]}}