{"id":99719,"date":"2023-01-28T13:25:37","date_gmt":"2023-01-28T16:25:37","guid":{"rendered":"https:\/\/redenoticiaz.com.br\/litoralsp\/?p=99719"},"modified":"2023-01-28T13:25:37","modified_gmt":"2023-01-28T16:25:37","slug":"santos-inicia-reurbanizacao-de-avenida-comercial-do-radio-clube","status":"publish","type":"post","link":"https:\/\/redenoticiaz.com.br\/litoralsp\/2023\/01\/28\/santos-inicia-reurbanizacao-de-avenida-comercial-do-radio-clube","title":{"rendered":"Santos inicia reurbaniza\u00e7\u00e3o de avenida comercial do R\u00e1dio Clube"},"content":{"rendered":"<p>A Zona Noroeste de Santos conta com um importante centro comercial. Na Avenida \u00c1lvaro Guimar\u00e3es, o com\u00e9rcio \u00e9 um dos pontos fortes da regi\u00e3o e nessa sexta-feira (27), a prefeitura iniciou as <strong>obras de reurbaniza\u00e7\u00e3o<\/strong> da via e a a\u00e7\u00e3o fez parte da festa dos 477 anos da cidade. O investimentos \u00e9 de mais de R$ 8,8 milh\u00f5es.<\/p>\n<p>De acordo com a administra\u00e7\u00e3o, levantamentos topogr\u00e1ficos, com a presen\u00e7a do prefeito Rog\u00e9rio Santos e dos secret\u00e1rios municipais Wagner Ramos, titular da Seserp (Secretaria de Servi\u00e7os P\u00fablicos) e Glaucus Farinello, da Sedurb, (Secretaria de Desenvolvimento Urbano) foram feitas.<\/p>\n<p>\u201cA \u00c1lvaro Guimar\u00e3es \u00e9 a veia arterial da Zona Noroeste e as obras, que t\u00eam por objetivo consolid\u00e1-la como a avenida de com\u00e9rcio da regi\u00e3o, ser\u00e3o feitas com toda a seguran\u00e7a, cuidados, qualidade e com o menor transtorno poss\u00edvel\u201d, afirmou o prefeito.<\/p>\n<p>Ainda de acordo com a prefeitura, as obras, com previs\u00e3o de conclus\u00e3o em 18 meses, representam \u201cmais desenvolvimento urbano para a Zona Noroeste e mais desenvolvimento econ\u00f4mico para a Cidade\u201d, frisou o chefe do Executivo.<\/p>\n<p>A revitaliza\u00e7\u00e3o e paisagismo, projetos da Sedurb, tornar\u00e3o a via mais atraente a investimentos e gera\u00e7\u00e3o de empregos. O gerenciamento da obra est\u00e1 sob responsabilidade da Seserp (Secretaria de Servi\u00e7os P\u00fablicos).<\/p>\n<h3>Como ser\u00e1 a revitaliza\u00e7\u00e3o<\/h3>\n<p>Principal interliga\u00e7\u00e3o do R\u00e1dio Clube com o bairro Castelo, a Avenida \u00c1lvaro Guimar\u00e3es contar\u00e1 com nova pavimenta\u00e7\u00e3o nos 900 metros entre as pra\u00e7as Jer\u00f4nimo La Terza e Jos\u00e9 de Oliveira Lopes, totalizando 7.422m\u00b2. Para melhorar o sistema drenagem, ser\u00e3o instaladas 41 bocas de lobo, 16 po\u00e7os de visita, 134 metros de novos ramais de capta\u00e7\u00e3o e substitui\u00e7\u00e3o de toda a tubula\u00e7\u00e3o da rede central, em um total de 592m, permitindo melhor escoamento da chuva.<\/p>\n<figure id=\"attachment_99720\" aria-describedby=\"caption-attachment-99720\" style=\"width: 300px\" class=\"wp-caption alignleft\"><img loading=\"lazy\" decoding=\"async\" class=\"size-medium wp-image-99720\" src=\"https:\/\/redenoticiaz.com.br\/litoralsp\/wp-content\/uploads\/sites\/3\/2023\/01\/WhatsApp-Image-2023-01-27-at-18.07.27-300x147.jpeg\" alt=\"\" width=\"300\" height=\"147\" srcset=\"https:\/\/redenoticiaz.com.br\/litoralsp\/wp-content\/uploads\/sites\/3\/2023\/01\/WhatsApp-Image-2023-01-27-at-18.07.27-300x147.jpeg 300w, https:\/\/redenoticiaz.com.br\/litoralsp\/wp-content\/uploads\/sites\/3\/2023\/01\/WhatsApp-Image-2023-01-27-at-18.07.27-768x376.jpeg 768w, https:\/\/redenoticiaz.com.br\/litoralsp\/wp-content\/uploads\/sites\/3\/2023\/01\/WhatsApp-Image-2023-01-27-at-18.07.27.jpeg 927w\" sizes=\"auto, (max-width: 300px) 100vw, 300px\" \/><figcaption id=\"caption-attachment-99720\" class=\"wp-caption-text\">Cr\u00e9ditos: Divulga\u00e7\u00e3o\/Prefeitura de Santos<\/figcaption><\/figure>\n<p>A prefeitura explica que ser\u00e1 constru\u00edda uma nova ciclovia, com cerca de 900m de extens\u00e3o, piso em concreto armado pigmentado e dotada de todas as sinaliza\u00e7\u00f5es e dispositivos de seguran\u00e7a.<\/p>\n<p>Todos os passeios ser\u00e3o refeitos, em um total de 6.259 m\u00b2, obedecendo ao padr\u00e3o do Programa Cal\u00e7ada para Todos, possibilitando melhorias para a movimenta\u00e7\u00e3o de pessoas com mobilidade reduzida. Ser\u00e3o criadas tamb\u00e9m faixas elevadas (lombofaixas) nas travessias, oferecendo mais conforto e seguran\u00e7a aos pedestres.<\/p>\n<p>Todo paisagismo tamb\u00e9m ser\u00e1 reconfigurado, com gramas e forra\u00e7\u00f5es em 692 m\u00b2, plantio de 51 \u00e1rvores regionais e instala\u00e7\u00e3o bancos e lixeiras. Para completar, bols\u00f5es e baias para a parada de \u00f4nibus.<\/p>\n<p>Os servi\u00e7os ser\u00e3o realizados pela Sabino Com\u00e9rcio &amp; Empreiteira Ltda. e o investimento \u00e9 de R$ 8.885.175,00, parte do valor destinado pelo Governo do Estado, complementado com recursos da Prefeitura.<\/p>\n<p><strong>LEIA TAMB\u00c9M<\/strong><\/p>\n<p><a href=\"https:\/\/redenoticiaz.com.br\/litoralsp\/2023\/01\/27\/lazer-e-homenagem-ao-charlie-brown-marcam-o-aniversario-de-477-anos-de-santos\">Lazer e homenagem ao Charlie Brown marcam o anivers\u00e1rio de 477 anos de Santos<\/a><\/p>\n","protected":false},"excerpt":{"rendered":"<p>A Zona Noroeste de Santos conta com um importante centro comercial. Na Avenida \u00c1lvaro Guimar\u00e3es, o com\u00e9rcio \u00e9 um dos pontos fortes da regi\u00e3o e nessa sexta-feira (27), a prefeitura iniciou as obras de reurbaniza\u00e7\u00e3o da via e a a\u00e7\u00e3o fez parte da festa dos 477 anos da cidade. O investimentos \u00e9 de mais de &hellip;<\/p>\n","protected":false},"author":6,"featured_media":99721,"comment_status":"open","ping_status":"closed","sticky":false,"template":"","format":"standard","meta":{"footnotes":""},"categories":[1579,180,5],"tags":[62957,60078,4084,986,6910],"class_list":["post-99719","post","type-post","status-publish","format-standard","has-post-thumbnail","hentry","category-obras","category-santos","category-transito","tag-avenida-alvaro-guimaraes","tag-obras-de-reurbanizacao","tag-radio-clube","tag-santos","tag-zona-noroeste"],"yoast_head":"<!-- This site is optimized with the Yoast SEO plugin v27.5 - https:\/\/yoast.com\/product\/yoast-seo-wordpress\/ -->\n<title>Santos inicia reurbaniza\u00e7\u00e3o de avenida comercial do R\u00e1dio Clube - Litoral SP<\/title>\n<meta name=\"description\" content=\"Avenida \u00c1lvaro Guimar\u00e3es, o com\u00e9rcio \u00e9 um dos pontos fortes da regi\u00e3o e nessa sexta-feira (27), a prefeitura iniciou as obras de reurbaniza\u00e7\u00e3o da\" \/>\n<meta name=\"robots\" content=\"index, follow, max-snippet:-1, max-image-preview:large, max-video-preview:-1\" \/>\n<link rel=\"canonical\" href=\"https:\/\/redenoticiaz.com.br\/litoralsp\/2023\/01\/28\/santos-inicia-reurbanizacao-de-avenida-comercial-do-radio-clube\" \/>\n<meta property=\"og:locale\" content=\"pt_BR\" \/>\n<meta property=\"og:type\" content=\"article\" \/>\n<meta property=\"og:title\" content=\"Santos inicia reurbaniza\u00e7\u00e3o de avenida comercial do R\u00e1dio Clube - Litoral SP\" \/>\n<meta property=\"og:description\" content=\"Avenida \u00c1lvaro Guimar\u00e3es, o com\u00e9rcio \u00e9 um dos pontos fortes da regi\u00e3o e nessa sexta-feira (27), a prefeitura iniciou as obras de reurbaniza\u00e7\u00e3o da\" \/>\n<meta property=\"og:url\" content=\"https:\/\/redenoticiaz.com.br\/litoralsp\/2023\/01\/28\/santos-inicia-reurbanizacao-de-avenida-comercial-do-radio-clube\" \/>\n<meta property=\"og:site_name\" content=\"Litoral SP\" \/>\n<meta property=\"article:published_time\" content=\"2023-01-28T16:25:37+00:00\" \/>\n<meta property=\"og:image\" content=\"https:\/\/redenoticiaz.com.br\/litoralsp\/wp-content\/uploads\/sites\/3\/2023\/01\/WhatsApp-Image-2023-01-27-at-18.07.26.jpeg\" \/>\n\t<meta property=\"og:image:width\" content=\"1200\" \/>\n\t<meta property=\"og:image:height\" content=\"675\" \/>\n\t<meta property=\"og:image:type\" content=\"image\/jpeg\" \/>\n<meta name=\"author\" content=\"Leonardo Francisco\" \/>\n<meta name=\"twitter:card\" content=\"summary_large_image\" \/>\n<meta name=\"twitter:label1\" content=\"Escrito por\" \/>\n\t<meta name=\"twitter:data1\" content=\"Leonardo Francisco\" \/>\n\t<meta name=\"twitter:label2\" content=\"Est. tempo de leitura\" \/>\n\t<meta name=\"twitter:data2\" content=\"3 minutos\" \/>\n<script type=\"application\/ld+json\" class=\"yoast-schema-graph\">{\"@context\":\"https:\\\/\\\/schema.org\",\"@graph\":[{\"@type\":\"Article\",\"@id\":\"https:\\\/\\\/redenoticiaz.com.br\\\/litoralsp\\\/2023\\\/01\\\/28\\\/santos-inicia-reurbanizacao-de-avenida-comercial-do-radio-clube#article\",\"isPartOf\":{\"@id\":\"https:\\\/\\\/redenoticiaz.com.br\\\/litoralsp\\\/2023\\\/01\\\/28\\\/santos-inicia-reurbanizacao-de-avenida-comercial-do-radio-clube\"},\"author\":{\"name\":\"Leonardo Francisco\",\"@id\":\"https:\\\/\\\/redenoticiaz.com.br\\\/litoralsp\\\/#\\\/schema\\\/person\\\/0f0b8a5bdafefe82841e07ae8d81ecb3\"},\"headline\":\"Santos inicia reurbaniza\u00e7\u00e3o de avenida comercial do R\u00e1dio Clube\",\"datePublished\":\"2023-01-28T16:25:37+00:00\",\"mainEntityOfPage\":{\"@id\":\"https:\\\/\\\/redenoticiaz.com.br\\\/litoralsp\\\/2023\\\/01\\\/28\\\/santos-inicia-reurbanizacao-de-avenida-comercial-do-radio-clube\"},\"wordCount\":503,\"commentCount\":0,\"publisher\":{\"@id\":\"https:\\\/\\\/redenoticiaz.com.br\\\/litoralsp\\\/#organization\"},\"image\":{\"@id\":\"https:\\\/\\\/redenoticiaz.com.br\\\/litoralsp\\\/2023\\\/01\\\/28\\\/santos-inicia-reurbanizacao-de-avenida-comercial-do-radio-clube#primaryimage\"},\"thumbnailUrl\":\"https:\\\/\\\/redenoticiaz.com.br\\\/litoralsp\\\/wp-content\\\/uploads\\\/sites\\\/3\\\/2023\\\/01\\\/WhatsApp-Image-2023-01-27-at-18.07.26.jpeg\",\"keywords\":[\"AVENIDA \u00c1LVARO GUIMAR\u00c3ES\",\"OBRAS DE REURBANIZA\u00c7\u00c3O\",\"R\u00c1DIO CLUBE\",\"Santos\",\"ZONA NOROESTE\"],\"articleSection\":[\"Obras\",\"Santos\",\"Tr\u00e2nsito\"],\"inLanguage\":\"pt-BR\",\"potentialAction\":[{\"@type\":\"CommentAction\",\"name\":\"Comment\",\"target\":[\"https:\\\/\\\/redenoticiaz.com.br\\\/litoralsp\\\/2023\\\/01\\\/28\\\/santos-inicia-reurbanizacao-de-avenida-comercial-do-radio-clube#respond\"]}]},{\"@type\":\"WebPage\",\"@id\":\"https:\\\/\\\/redenoticiaz.com.br\\\/litoralsp\\\/2023\\\/01\\\/28\\\/santos-inicia-reurbanizacao-de-avenida-comercial-do-radio-clube\",\"url\":\"https:\\\/\\\/redenoticiaz.com.br\\\/litoralsp\\\/2023\\\/01\\\/28\\\/santos-inicia-reurbanizacao-de-avenida-comercial-do-radio-clube\",\"name\":\"Santos inicia reurbaniza\u00e7\u00e3o de avenida comercial do R\u00e1dio Clube - Litoral SP\",\"isPartOf\":{\"@id\":\"https:\\\/\\\/redenoticiaz.com.br\\\/litoralsp\\\/#website\"},\"primaryImageOfPage\":{\"@id\":\"https:\\\/\\\/redenoticiaz.com.br\\\/litoralsp\\\/2023\\\/01\\\/28\\\/santos-inicia-reurbanizacao-de-avenida-comercial-do-radio-clube#primaryimage\"},\"image\":{\"@id\":\"https:\\\/\\\/redenoticiaz.com.br\\\/litoralsp\\\/2023\\\/01\\\/28\\\/santos-inicia-reurbanizacao-de-avenida-comercial-do-radio-clube#primaryimage\"},\"thumbnailUrl\":\"https:\\\/\\\/redenoticiaz.com.br\\\/litoralsp\\\/wp-content\\\/uploads\\\/sites\\\/3\\\/2023\\\/01\\\/WhatsApp-Image-2023-01-27-at-18.07.26.jpeg\",\"datePublished\":\"2023-01-28T16:25:37+00:00\",\"description\":\"Avenida \u00c1lvaro Guimar\u00e3es, o com\u00e9rcio \u00e9 um dos pontos fortes da regi\u00e3o e nessa sexta-feira (27), a prefeitura iniciou as obras de reurbaniza\u00e7\u00e3o da\",\"inLanguage\":\"pt-BR\",\"potentialAction\":[{\"@type\":\"ReadAction\",\"target\":[\"https:\\\/\\\/redenoticiaz.com.br\\\/litoralsp\\\/2023\\\/01\\\/28\\\/santos-inicia-reurbanizacao-de-avenida-comercial-do-radio-clube\"]}]},{\"@type\":\"ImageObject\",\"inLanguage\":\"pt-BR\",\"@id\":\"https:\\\/\\\/redenoticiaz.com.br\\\/litoralsp\\\/2023\\\/01\\\/28\\\/santos-inicia-reurbanizacao-de-avenida-comercial-do-radio-clube#primaryimage\",\"url\":\"https:\\\/\\\/redenoticiaz.com.br\\\/litoralsp\\\/wp-content\\\/uploads\\\/sites\\\/3\\\/2023\\\/01\\\/WhatsApp-Image-2023-01-27-at-18.07.26.jpeg\",\"contentUrl\":\"https:\\\/\\\/redenoticiaz.com.br\\\/litoralsp\\\/wp-content\\\/uploads\\\/sites\\\/3\\\/2023\\\/01\\\/WhatsApp-Image-2023-01-27-at-18.07.26.jpeg\",\"width\":1200,\"height\":675,\"caption\":\"Previs\u00e3o \u00e9 que as obras terminem em 18 meses. Cr\u00e9ditos: Divulga\u00e7\u00e3o\\\/Prefeitura de Santos\"},{\"@type\":\"WebSite\",\"@id\":\"https:\\\/\\\/redenoticiaz.com.br\\\/litoralsp\\\/#website\",\"url\":\"https:\\\/\\\/redenoticiaz.com.br\\\/litoralsp\\\/\",\"name\":\"Litoral SP\",\"description\":\"Rede NoticiaZ\",\"publisher\":{\"@id\":\"https:\\\/\\\/redenoticiaz.com.br\\\/litoralsp\\\/#organization\"},\"potentialAction\":[{\"@type\":\"SearchAction\",\"target\":{\"@type\":\"EntryPoint\",\"urlTemplate\":\"https:\\\/\\\/redenoticiaz.com.br\\\/litoralsp\\\/?s={search_term_string}\"},\"query-input\":{\"@type\":\"PropertyValueSpecification\",\"valueRequired\":true,\"valueName\":\"search_term_string\"}}],\"inLanguage\":\"pt-BR\"},{\"@type\":\"Organization\",\"@id\":\"https:\\\/\\\/redenoticiaz.com.br\\\/litoralsp\\\/#organization\",\"name\":\"Litoral SP\",\"url\":\"https:\\\/\\\/redenoticiaz.com.br\\\/litoralsp\\\/\",\"logo\":{\"@type\":\"ImageObject\",\"inLanguage\":\"pt-BR\",\"@id\":\"https:\\\/\\\/redenoticiaz.com.br\\\/litoralsp\\\/#\\\/schema\\\/logo\\\/image\\\/\",\"url\":\"https:\\\/\\\/redenoticiaz.com.br\\\/litoralsp\\\/wp-content\\\/uploads\\\/sites\\\/3\\\/2020\\\/11\\\/logo.jpg\",\"contentUrl\":\"https:\\\/\\\/redenoticiaz.com.br\\\/litoralsp\\\/wp-content\\\/uploads\\\/sites\\\/3\\\/2020\\\/11\\\/logo.jpg\",\"width\":400,\"height\":250,\"caption\":\"Litoral SP\"},\"image\":{\"@id\":\"https:\\\/\\\/redenoticiaz.com.br\\\/litoralsp\\\/#\\\/schema\\\/logo\\\/image\\\/\"}},{\"@type\":\"Person\",\"@id\":\"https:\\\/\\\/redenoticiaz.com.br\\\/litoralsp\\\/#\\\/schema\\\/person\\\/0f0b8a5bdafefe82841e07ae8d81ecb3\",\"name\":\"Leonardo Francisco\",\"image\":{\"@type\":\"ImageObject\",\"inLanguage\":\"pt-BR\",\"@id\":\"https:\\\/\\\/secure.gravatar.com\\\/avatar\\\/a7358cb406a99b682ec6df1e77e31ae82e63601f6784e8a3df411d72b37864da?s=96&d=mm&r=g\",\"url\":\"https:\\\/\\\/secure.gravatar.com\\\/avatar\\\/a7358cb406a99b682ec6df1e77e31ae82e63601f6784e8a3df411d72b37864da?s=96&d=mm&r=g\",\"contentUrl\":\"https:\\\/\\\/secure.gravatar.com\\\/avatar\\\/a7358cb406a99b682ec6df1e77e31ae82e63601f6784e8a3df411d72b37864da?s=96&d=mm&r=g\",\"caption\":\"Leonardo Francisco\"},\"url\":\"https:\\\/\\\/redenoticiaz.com.br\\\/litoralsp\\\/author\\\/leonardo-francisco\"}]}<\/script>\n<!-- \/ Yoast SEO plugin. -->","yoast_head_json":{"title":"Santos inicia reurbaniza\u00e7\u00e3o de avenida comercial do R\u00e1dio Clube - Litoral SP","description":"Avenida \u00c1lvaro Guimar\u00e3es, o com\u00e9rcio \u00e9 um dos pontos fortes da regi\u00e3o e nessa sexta-feira (27), a prefeitura iniciou as obras de reurbaniza\u00e7\u00e3o da","robots":{"index":"index","follow":"follow","max-snippet":"max-snippet:-1","max-image-preview":"max-image-preview:large","max-video-preview":"max-video-preview:-1"},"canonical":"https:\/\/redenoticiaz.com.br\/litoralsp\/2023\/01\/28\/santos-inicia-reurbanizacao-de-avenida-comercial-do-radio-clube","og_locale":"pt_BR","og_type":"article","og_title":"Santos inicia reurbaniza\u00e7\u00e3o de avenida comercial do R\u00e1dio Clube - Litoral SP","og_description":"Avenida \u00c1lvaro Guimar\u00e3es, o com\u00e9rcio \u00e9 um dos pontos fortes da regi\u00e3o e nessa sexta-feira (27), a prefeitura iniciou as obras de reurbaniza\u00e7\u00e3o da","og_url":"https:\/\/redenoticiaz.com.br\/litoralsp\/2023\/01\/28\/santos-inicia-reurbanizacao-de-avenida-comercial-do-radio-clube","og_site_name":"Litoral SP","article_published_time":"2023-01-28T16:25:37+00:00","og_image":[{"width":1200,"height":675,"url":"https:\/\/redenoticiaz.com.br\/litoralsp\/wp-content\/uploads\/sites\/3\/2023\/01\/WhatsApp-Image-2023-01-27-at-18.07.26.jpeg","type":"image\/jpeg"}],"author":"Leonardo Francisco","twitter_card":"summary_large_image","twitter_misc":{"Escrito por":"Leonardo Francisco","Est. tempo de leitura":"3 minutos"},"schema":{"@context":"https:\/\/schema.org","@graph":[{"@type":"Article","@id":"https:\/\/redenoticiaz.com.br\/litoralsp\/2023\/01\/28\/santos-inicia-reurbanizacao-de-avenida-comercial-do-radio-clube#article","isPartOf":{"@id":"https:\/\/redenoticiaz.com.br\/litoralsp\/2023\/01\/28\/santos-inicia-reurbanizacao-de-avenida-comercial-do-radio-clube"},"author":{"name":"Leonardo Francisco","@id":"https:\/\/redenoticiaz.com.br\/litoralsp\/#\/schema\/person\/0f0b8a5bdafefe82841e07ae8d81ecb3"},"headline":"Santos inicia reurbaniza\u00e7\u00e3o de avenida comercial do R\u00e1dio Clube","datePublished":"2023-01-28T16:25:37+00:00","mainEntityOfPage":{"@id":"https:\/\/redenoticiaz.com.br\/litoralsp\/2023\/01\/28\/santos-inicia-reurbanizacao-de-avenida-comercial-do-radio-clube"},"wordCount":503,"commentCount":0,"publisher":{"@id":"https:\/\/redenoticiaz.com.br\/litoralsp\/#organization"},"image":{"@id":"https:\/\/redenoticiaz.com.br\/litoralsp\/2023\/01\/28\/santos-inicia-reurbanizacao-de-avenida-comercial-do-radio-clube#primaryimage"},"thumbnailUrl":"https:\/\/redenoticiaz.com.br\/litoralsp\/wp-content\/uploads\/sites\/3\/2023\/01\/WhatsApp-Image-2023-01-27-at-18.07.26.jpeg","keywords":["AVENIDA \u00c1LVARO GUIMAR\u00c3ES","OBRAS DE REURBANIZA\u00c7\u00c3O","R\u00c1DIO CLUBE","Santos","ZONA NOROESTE"],"articleSection":["Obras","Santos","Tr\u00e2nsito"],"inLanguage":"pt-BR","potentialAction":[{"@type":"CommentAction","name":"Comment","target":["https:\/\/redenoticiaz.com.br\/litoralsp\/2023\/01\/28\/santos-inicia-reurbanizacao-de-avenida-comercial-do-radio-clube#respond"]}]},{"@type":"WebPage","@id":"https:\/\/redenoticiaz.com.br\/litoralsp\/2023\/01\/28\/santos-inicia-reurbanizacao-de-avenida-comercial-do-radio-clube","url":"https:\/\/redenoticiaz.com.br\/litoralsp\/2023\/01\/28\/santos-inicia-reurbanizacao-de-avenida-comercial-do-radio-clube","name":"Santos inicia reurbaniza\u00e7\u00e3o de avenida comercial do R\u00e1dio Clube - Litoral SP","isPartOf":{"@id":"https:\/\/redenoticiaz.com.br\/litoralsp\/#website"},"primaryImageOfPage":{"@id":"https:\/\/redenoticiaz.com.br\/litoralsp\/2023\/01\/28\/santos-inicia-reurbanizacao-de-avenida-comercial-do-radio-clube#primaryimage"},"image":{"@id":"https:\/\/redenoticiaz.com.br\/litoralsp\/2023\/01\/28\/santos-inicia-reurbanizacao-de-avenida-comercial-do-radio-clube#primaryimage"},"thumbnailUrl":"https:\/\/redenoticiaz.com.br\/litoralsp\/wp-content\/uploads\/sites\/3\/2023\/01\/WhatsApp-Image-2023-01-27-at-18.07.26.jpeg","datePublished":"2023-01-28T16:25:37+00:00","description":"Avenida \u00c1lvaro Guimar\u00e3es, o com\u00e9rcio \u00e9 um dos pontos fortes da regi\u00e3o e nessa sexta-feira (27), a prefeitura iniciou as obras de reurbaniza\u00e7\u00e3o da","inLanguage":"pt-BR","potentialAction":[{"@type":"ReadAction","target":["https:\/\/redenoticiaz.com.br\/litoralsp\/2023\/01\/28\/santos-inicia-reurbanizacao-de-avenida-comercial-do-radio-clube"]}]},{"@type":"ImageObject","inLanguage":"pt-BR","@id":"https:\/\/redenoticiaz.com.br\/litoralsp\/2023\/01\/28\/santos-inicia-reurbanizacao-de-avenida-comercial-do-radio-clube#primaryimage","url":"https:\/\/redenoticiaz.com.br\/litoralsp\/wp-content\/uploads\/sites\/3\/2023\/01\/WhatsApp-Image-2023-01-27-at-18.07.26.jpeg","contentUrl":"https:\/\/redenoticiaz.com.br\/litoralsp\/wp-content\/uploads\/sites\/3\/2023\/01\/WhatsApp-Image-2023-01-27-at-18.07.26.jpeg","width":1200,"height":675,"caption":"Previs\u00e3o \u00e9 que as obras terminem em 18 meses. Cr\u00e9ditos: Divulga\u00e7\u00e3o\/Prefeitura de Santos"},{"@type":"WebSite","@id":"https:\/\/redenoticiaz.com.br\/litoralsp\/#website","url":"https:\/\/redenoticiaz.com.br\/litoralsp\/","name":"Litoral SP","description":"Rede NoticiaZ","publisher":{"@id":"https:\/\/redenoticiaz.com.br\/litoralsp\/#organization"},"potentialAction":[{"@type":"SearchAction","target":{"@type":"EntryPoint","urlTemplate":"https:\/\/redenoticiaz.com.br\/litoralsp\/?s={search_term_string}"},"query-input":{"@type":"PropertyValueSpecification","valueRequired":true,"valueName":"search_term_string"}}],"inLanguage":"pt-BR"},{"@type":"Organization","@id":"https:\/\/redenoticiaz.com.br\/litoralsp\/#organization","name":"Litoral SP","url":"https:\/\/redenoticiaz.com.br\/litoralsp\/","logo":{"@type":"ImageObject","inLanguage":"pt-BR","@id":"https:\/\/redenoticiaz.com.br\/litoralsp\/#\/schema\/logo\/image\/","url":"https:\/\/redenoticiaz.com.br\/litoralsp\/wp-content\/uploads\/sites\/3\/2020\/11\/logo.jpg","contentUrl":"https:\/\/redenoticiaz.com.br\/litoralsp\/wp-content\/uploads\/sites\/3\/2020\/11\/logo.jpg","width":400,"height":250,"caption":"Litoral SP"},"image":{"@id":"https:\/\/redenoticiaz.com.br\/litoralsp\/#\/schema\/logo\/image\/"}},{"@type":"Person","@id":"https:\/\/redenoticiaz.com.br\/litoralsp\/#\/schema\/person\/0f0b8a5bdafefe82841e07ae8d81ecb3","name":"Leonardo Francisco","image":{"@type":"ImageObject","inLanguage":"pt-BR","@id":"https:\/\/secure.gravatar.com\/avatar\/a7358cb406a99b682ec6df1e77e31ae82e63601f6784e8a3df411d72b37864da?s=96&d=mm&r=g","url":"https:\/\/secure.gravatar.com\/avatar\/a7358cb406a99b682ec6df1e77e31ae82e63601f6784e8a3df411d72b37864da?s=96&d=mm&r=g","contentUrl":"https:\/\/secure.gravatar.com\/avatar\/a7358cb406a99b682ec6df1e77e31ae82e63601f6784e8a3df411d72b37864da?s=96&d=mm&r=g","caption":"Leonardo Francisco"},"url":"https:\/\/redenoticiaz.com.br\/litoralsp\/author\/leonardo-francisco"}]}},"_links":{"self":[{"href":"https:\/\/redenoticiaz.com.br\/litoralsp\/wp-json\/wp\/v2\/posts\/99719","targetHints":{"allow":["GET"]}}],"collection":[{"href":"https:\/\/redenoticiaz.com.br\/litoralsp\/wp-json\/wp\/v2\/posts"}],"about":[{"href":"https:\/\/redenoticiaz.com.br\/litoralsp\/wp-json\/wp\/v2\/types\/post"}],"author":[{"embeddable":true,"href":"https:\/\/redenoticiaz.com.br\/litoralsp\/wp-json\/wp\/v2\/users\/6"}],"replies":[{"embeddable":true,"href":"https:\/\/redenoticiaz.com.br\/litoralsp\/wp-json\/wp\/v2\/comments?post=99719"}],"version-history":[{"count":1,"href":"https:\/\/redenoticiaz.com.br\/litoralsp\/wp-json\/wp\/v2\/posts\/99719\/revisions"}],"predecessor-version":[{"id":99722,"href":"https:\/\/redenoticiaz.com.br\/litoralsp\/wp-json\/wp\/v2\/posts\/99719\/revisions\/99722"}],"wp:featuredmedia":[{"embeddable":true,"href":"https:\/\/redenoticiaz.com.br\/litoralsp\/wp-json\/wp\/v2\/media\/99721"}],"wp:attachment":[{"href":"https:\/\/redenoticiaz.com.br\/litoralsp\/wp-json\/wp\/v2\/media?parent=99719"}],"wp:term":[{"taxonomy":"category","embeddable":true,"href":"https:\/\/redenoticiaz.com.br\/litoralsp\/wp-json\/wp\/v2\/categories?post=99719"},{"taxonomy":"post_tag","embeddable":true,"href":"https:\/\/redenoticiaz.com.br\/litoralsp\/wp-json\/wp\/v2\/tags?post=99719"}],"curies":[{"name":"wp","href":"https:\/\/api.w.org\/{rel}","templated":true}]}}