{"id":99827,"date":"2023-01-30T10:44:17","date_gmt":"2023-01-30T13:44:17","guid":{"rendered":"https:\/\/redenoticiaz.com.br\/litoralsp\/?p=99827"},"modified":"2023-01-30T10:44:17","modified_gmt":"2023-01-30T13:44:17","slug":"explosao-suicida-em-mesquita-no-paquistao-mata-32-e-deixa-outras-147-feridas","status":"publish","type":"post","link":"https:\/\/redenoticiaz.com.br\/litoralsp\/2023\/01\/30\/explosao-suicida-em-mesquita-no-paquistao-mata-32-e-deixa-outras-147-feridas","title":{"rendered":"Explos\u00e3o suicida em mesquita no Paquist\u00e3o mata 32 e deixa outras 147 feridas"},"content":{"rendered":"<div id=\"chunk-1dpi2\">\n<div class=\"mc-column content-text active-extra-styles \" data-block-type=\"unstyled\" data-block-weight=\"28\" data-block-id=\"3\">\n<p class=\"content-text__container \" data-track-category=\"Link no Texto\" data-track-links=\"\">Uma explos\u00e3o suicida em uma mesquita do Paquist\u00e3o matou <strong>32 pessoas e deixou outras 147 feridas<\/strong> nesta segunda-feira (30). O templo estava localizado dentro do quartel-general da pol\u00edcia na cidade paquistanesa de Peshawar, informaram autoridades.<\/p>\n<\/div>\n<\/div>\n<div class=\"wall protected-content\">\n<div id=\"chunk-b78fq\">\n<div class=\"mc-column content-text active-extra-styles \" data-block-type=\"unstyled\" data-block-weight=\"16\" data-block-id=\"4\">\n<p class=\"content-text__container \" data-track-category=\"Link no Texto\" data-track-links=\"\">Segundo a Reuters, muitas das v\u00edtimas eram policiais que se reuniam para ora\u00e7\u00f5es di\u00e1rias na mesquita. Ela \u00e9 localizada perto de um bloco residencial da pol\u00edcia e havia cerca de 260 pessoas dentro quando a explos\u00e3o ocorreu, segundo a pol\u00edcia.<\/p>\n<div id=\"chunk-47dva\">\n<div class=\"mc-column content-text active-extra-styles \" data-block-type=\"unstyled\" data-block-weight=\"35\" data-block-id=\"8\">\n<p class=\"content-text__container \" data-track-category=\"Link no Texto\" data-track-links=\"\">&#8220;Aconteceu durante as ora\u00e7\u00f5es. Um pr\u00e9dio de dois andares desabou&#8221;, disse uma testemunha ocular ao canal de not\u00edcias local Geo TV, dizendo que ele estava do lado de fora da mesquita quando a explos\u00e3o aconteceu.<\/p>\n<\/div>\n<\/div>\n<div id=\"chunk-717qo\">\n<div class=\"mc-column content-text active-extra-styles \" data-block-type=\"unstyled\" data-block-weight=\"13\" data-block-id=\"9\">\n<p class=\"content-text__container \" data-track-category=\"Link no Texto\" data-track-links=\"\">A pol\u00edcia n\u00e3o descarta a possibilidade de haver mais v\u00edtimas entre os escombros. Nenhum grupo reivindicou a autoria da explos\u00e3o at\u00e9 o momento.<\/p>\n<p data-track-category=\"Link no Texto\" data-track-links=\"\"><strong>LEIA TAMB\u00c9M<\/strong><\/p>\n<p data-track-category=\"Link no Texto\" data-track-links=\"\"><a href=\"https:\/\/redenoticiaz.com.br\/litoralsp\/2023\/01\/30\/onibus-com-time-de-futebol-cai-de-ponte-e-provoca-quatro-mortes-e-varios-feridos-em-minas\">\u00d4nibus com time de futebol cai de ponte e provoca quatro mortes e v\u00e1rios feridos em Minas<\/a><\/p>\n<\/div>\n<\/div>\n<\/div>\n<\/div>\n<\/div>\n","protected":false},"excerpt":{"rendered":"<p>Uma explos\u00e3o suicida em uma mesquita do Paquist\u00e3o matou 32 pessoas e deixou outras 147 feridas nesta segunda-feira (30). O templo estava localizado dentro do quartel-general da pol\u00edcia na cidade paquistanesa de Peshawar, informaram autoridades. Segundo a Reuters, muitas das v\u00edtimas eram policiais que se reuniam para ora\u00e7\u00f5es di\u00e1rias na mesquita. Ela \u00e9 localizada perto &hellip;<\/p>\n","protected":false},"author":6,"featured_media":99828,"comment_status":"open","ping_status":"closed","sticky":false,"template":"","format":"standard","meta":{"footnotes":""},"categories":[84,10],"tags":[62993,36855,57422,62992],"class_list":["post-99827","post","type-post","status-publish","format-standard","has-post-thumbnail","hentry","category-mundo","category-policia","tag-explosao-suicida","tag-mesquita","tag-paquistao","tag-peshawar"],"yoast_head":"<!-- This site is optimized with the Yoast SEO plugin v27.5 - https:\/\/yoast.com\/product\/yoast-seo-wordpress\/ -->\n<title>Explos\u00e3o suicida em mesquita no Paquist\u00e3o mata 32 e deixa outras 147 feridas - Litoral SP<\/title>\n<meta name=\"description\" content=\"Uma explos\u00e3o suicida em uma mesquita do Paquist\u00e3o matou 32 pessoas e deixou outras 147 feridas nesta segunda-feira (30).\" \/>\n<meta name=\"robots\" content=\"index, follow, max-snippet:-1, max-image-preview:large, max-video-preview:-1\" \/>\n<link rel=\"canonical\" href=\"https:\/\/redenoticiaz.com.br\/litoralsp\/2023\/01\/30\/explosao-suicida-em-mesquita-no-paquistao-mata-32-e-deixa-outras-147-feridas\" \/>\n<meta property=\"og:locale\" content=\"pt_BR\" \/>\n<meta property=\"og:type\" content=\"article\" \/>\n<meta property=\"og:title\" content=\"Explos\u00e3o suicida em mesquita no Paquist\u00e3o mata 32 e deixa outras 147 feridas - Litoral SP\" \/>\n<meta property=\"og:description\" content=\"Uma explos\u00e3o suicida em uma mesquita do Paquist\u00e3o matou 32 pessoas e deixou outras 147 feridas nesta segunda-feira (30).\" \/>\n<meta property=\"og:url\" content=\"https:\/\/redenoticiaz.com.br\/litoralsp\/2023\/01\/30\/explosao-suicida-em-mesquita-no-paquistao-mata-32-e-deixa-outras-147-feridas\" \/>\n<meta property=\"og:site_name\" content=\"Litoral SP\" \/>\n<meta property=\"article:published_time\" content=\"2023-01-30T13:44:17+00:00\" \/>\n<meta property=\"og:image\" content=\"https:\/\/redenoticiaz.com.br\/litoralsp\/wp-content\/uploads\/sites\/3\/2023\/01\/EXPLOSAO-MESQUITA.jpg\" \/>\n\t<meta property=\"og:image:width\" content=\"839\" \/>\n\t<meta property=\"og:image:height\" content=\"506\" \/>\n\t<meta property=\"og:image:type\" content=\"image\/jpeg\" \/>\n<meta name=\"author\" content=\"Leonardo Francisco\" \/>\n<meta name=\"twitter:card\" content=\"summary_large_image\" \/>\n<meta name=\"twitter:label1\" content=\"Escrito por\" \/>\n\t<meta name=\"twitter:data1\" content=\"Leonardo Francisco\" \/>\n\t<meta name=\"twitter:label2\" content=\"Est. tempo de leitura\" \/>\n\t<meta name=\"twitter:data2\" content=\"1 minuto\" \/>\n<script type=\"application\/ld+json\" class=\"yoast-schema-graph\">{\"@context\":\"https:\\\/\\\/schema.org\",\"@graph\":[{\"@type\":\"Article\",\"@id\":\"https:\\\/\\\/redenoticiaz.com.br\\\/litoralsp\\\/2023\\\/01\\\/30\\\/explosao-suicida-em-mesquita-no-paquistao-mata-32-e-deixa-outras-147-feridas#article\",\"isPartOf\":{\"@id\":\"https:\\\/\\\/redenoticiaz.com.br\\\/litoralsp\\\/2023\\\/01\\\/30\\\/explosao-suicida-em-mesquita-no-paquistao-mata-32-e-deixa-outras-147-feridas\"},\"author\":{\"name\":\"Leonardo Francisco\",\"@id\":\"https:\\\/\\\/redenoticiaz.com.br\\\/litoralsp\\\/#\\\/schema\\\/person\\\/0f0b8a5bdafefe82841e07ae8d81ecb3\"},\"headline\":\"Explos\u00e3o suicida em mesquita no Paquist\u00e3o mata 32 e deixa outras 147 feridas\",\"datePublished\":\"2023-01-30T13:44:17+00:00\",\"mainEntityOfPage\":{\"@id\":\"https:\\\/\\\/redenoticiaz.com.br\\\/litoralsp\\\/2023\\\/01\\\/30\\\/explosao-suicida-em-mesquita-no-paquistao-mata-32-e-deixa-outras-147-feridas\"},\"wordCount\":179,\"commentCount\":0,\"publisher\":{\"@id\":\"https:\\\/\\\/redenoticiaz.com.br\\\/litoralsp\\\/#organization\"},\"image\":{\"@id\":\"https:\\\/\\\/redenoticiaz.com.br\\\/litoralsp\\\/2023\\\/01\\\/30\\\/explosao-suicida-em-mesquita-no-paquistao-mata-32-e-deixa-outras-147-feridas#primaryimage\"},\"thumbnailUrl\":\"https:\\\/\\\/redenoticiaz.com.br\\\/litoralsp\\\/wp-content\\\/uploads\\\/sites\\\/3\\\/2023\\\/01\\\/EXPLOSAO-MESQUITA.jpg\",\"keywords\":[\"EXPLOS\u00c3O SUICIDA\",\"MESQUITA\",\"PAQUIST\u00c3O\",\"PESHAWAR\"],\"articleSection\":[\"Mundo\",\"Pol\u00edcia\"],\"inLanguage\":\"pt-BR\",\"potentialAction\":[{\"@type\":\"CommentAction\",\"name\":\"Comment\",\"target\":[\"https:\\\/\\\/redenoticiaz.com.br\\\/litoralsp\\\/2023\\\/01\\\/30\\\/explosao-suicida-em-mesquita-no-paquistao-mata-32-e-deixa-outras-147-feridas#respond\"]}]},{\"@type\":\"WebPage\",\"@id\":\"https:\\\/\\\/redenoticiaz.com.br\\\/litoralsp\\\/2023\\\/01\\\/30\\\/explosao-suicida-em-mesquita-no-paquistao-mata-32-e-deixa-outras-147-feridas\",\"url\":\"https:\\\/\\\/redenoticiaz.com.br\\\/litoralsp\\\/2023\\\/01\\\/30\\\/explosao-suicida-em-mesquita-no-paquistao-mata-32-e-deixa-outras-147-feridas\",\"name\":\"Explos\u00e3o suicida em mesquita no Paquist\u00e3o mata 32 e deixa outras 147 feridas - Litoral SP\",\"isPartOf\":{\"@id\":\"https:\\\/\\\/redenoticiaz.com.br\\\/litoralsp\\\/#website\"},\"primaryImageOfPage\":{\"@id\":\"https:\\\/\\\/redenoticiaz.com.br\\\/litoralsp\\\/2023\\\/01\\\/30\\\/explosao-suicida-em-mesquita-no-paquistao-mata-32-e-deixa-outras-147-feridas#primaryimage\"},\"image\":{\"@id\":\"https:\\\/\\\/redenoticiaz.com.br\\\/litoralsp\\\/2023\\\/01\\\/30\\\/explosao-suicida-em-mesquita-no-paquistao-mata-32-e-deixa-outras-147-feridas#primaryimage\"},\"thumbnailUrl\":\"https:\\\/\\\/redenoticiaz.com.br\\\/litoralsp\\\/wp-content\\\/uploads\\\/sites\\\/3\\\/2023\\\/01\\\/EXPLOSAO-MESQUITA.jpg\",\"datePublished\":\"2023-01-30T13:44:17+00:00\",\"description\":\"Uma explos\u00e3o suicida em uma mesquita do Paquist\u00e3o matou 32 pessoas e deixou outras 147 feridas nesta segunda-feira (30).\",\"inLanguage\":\"pt-BR\",\"potentialAction\":[{\"@type\":\"ReadAction\",\"target\":[\"https:\\\/\\\/redenoticiaz.com.br\\\/litoralsp\\\/2023\\\/01\\\/30\\\/explosao-suicida-em-mesquita-no-paquistao-mata-32-e-deixa-outras-147-feridas\"]}]},{\"@type\":\"ImageObject\",\"inLanguage\":\"pt-BR\",\"@id\":\"https:\\\/\\\/redenoticiaz.com.br\\\/litoralsp\\\/2023\\\/01\\\/30\\\/explosao-suicida-em-mesquita-no-paquistao-mata-32-e-deixa-outras-147-feridas#primaryimage\",\"url\":\"https:\\\/\\\/redenoticiaz.com.br\\\/litoralsp\\\/wp-content\\\/uploads\\\/sites\\\/3\\\/2023\\\/01\\\/EXPLOSAO-MESQUITA.jpg\",\"contentUrl\":\"https:\\\/\\\/redenoticiaz.com.br\\\/litoralsp\\\/wp-content\\\/uploads\\\/sites\\\/3\\\/2023\\\/01\\\/EXPLOSAO-MESQUITA.jpg\",\"width\":839,\"height\":506,\"caption\":\"Cr\u00e9ditos: Reprodu\u00e7\u00e3o\\\/Reuters\"},{\"@type\":\"WebSite\",\"@id\":\"https:\\\/\\\/redenoticiaz.com.br\\\/litoralsp\\\/#website\",\"url\":\"https:\\\/\\\/redenoticiaz.com.br\\\/litoralsp\\\/\",\"name\":\"Litoral SP\",\"description\":\"Rede NoticiaZ\",\"publisher\":{\"@id\":\"https:\\\/\\\/redenoticiaz.com.br\\\/litoralsp\\\/#organization\"},\"potentialAction\":[{\"@type\":\"SearchAction\",\"target\":{\"@type\":\"EntryPoint\",\"urlTemplate\":\"https:\\\/\\\/redenoticiaz.com.br\\\/litoralsp\\\/?s={search_term_string}\"},\"query-input\":{\"@type\":\"PropertyValueSpecification\",\"valueRequired\":true,\"valueName\":\"search_term_string\"}}],\"inLanguage\":\"pt-BR\"},{\"@type\":\"Organization\",\"@id\":\"https:\\\/\\\/redenoticiaz.com.br\\\/litoralsp\\\/#organization\",\"name\":\"Litoral SP\",\"url\":\"https:\\\/\\\/redenoticiaz.com.br\\\/litoralsp\\\/\",\"logo\":{\"@type\":\"ImageObject\",\"inLanguage\":\"pt-BR\",\"@id\":\"https:\\\/\\\/redenoticiaz.com.br\\\/litoralsp\\\/#\\\/schema\\\/logo\\\/image\\\/\",\"url\":\"https:\\\/\\\/redenoticiaz.com.br\\\/litoralsp\\\/wp-content\\\/uploads\\\/sites\\\/3\\\/2020\\\/11\\\/logo.jpg\",\"contentUrl\":\"https:\\\/\\\/redenoticiaz.com.br\\\/litoralsp\\\/wp-content\\\/uploads\\\/sites\\\/3\\\/2020\\\/11\\\/logo.jpg\",\"width\":400,\"height\":250,\"caption\":\"Litoral SP\"},\"image\":{\"@id\":\"https:\\\/\\\/redenoticiaz.com.br\\\/litoralsp\\\/#\\\/schema\\\/logo\\\/image\\\/\"}},{\"@type\":\"Person\",\"@id\":\"https:\\\/\\\/redenoticiaz.com.br\\\/litoralsp\\\/#\\\/schema\\\/person\\\/0f0b8a5bdafefe82841e07ae8d81ecb3\",\"name\":\"Leonardo Francisco\",\"image\":{\"@type\":\"ImageObject\",\"inLanguage\":\"pt-BR\",\"@id\":\"https:\\\/\\\/secure.gravatar.com\\\/avatar\\\/a7358cb406a99b682ec6df1e77e31ae82e63601f6784e8a3df411d72b37864da?s=96&d=mm&r=g\",\"url\":\"https:\\\/\\\/secure.gravatar.com\\\/avatar\\\/a7358cb406a99b682ec6df1e77e31ae82e63601f6784e8a3df411d72b37864da?s=96&d=mm&r=g\",\"contentUrl\":\"https:\\\/\\\/secure.gravatar.com\\\/avatar\\\/a7358cb406a99b682ec6df1e77e31ae82e63601f6784e8a3df411d72b37864da?s=96&d=mm&r=g\",\"caption\":\"Leonardo Francisco\"},\"url\":\"https:\\\/\\\/redenoticiaz.com.br\\\/litoralsp\\\/author\\\/leonardo-francisco\"}]}<\/script>\n<!-- \/ Yoast SEO plugin. -->","yoast_head_json":{"title":"Explos\u00e3o suicida em mesquita no Paquist\u00e3o mata 32 e deixa outras 147 feridas - Litoral SP","description":"Uma explos\u00e3o suicida em uma mesquita do Paquist\u00e3o matou 32 pessoas e deixou outras 147 feridas nesta segunda-feira (30).","robots":{"index":"index","follow":"follow","max-snippet":"max-snippet:-1","max-image-preview":"max-image-preview:large","max-video-preview":"max-video-preview:-1"},"canonical":"https:\/\/redenoticiaz.com.br\/litoralsp\/2023\/01\/30\/explosao-suicida-em-mesquita-no-paquistao-mata-32-e-deixa-outras-147-feridas","og_locale":"pt_BR","og_type":"article","og_title":"Explos\u00e3o suicida em mesquita no Paquist\u00e3o mata 32 e deixa outras 147 feridas - Litoral SP","og_description":"Uma explos\u00e3o suicida em uma mesquita do Paquist\u00e3o matou 32 pessoas e deixou outras 147 feridas nesta segunda-feira (30).","og_url":"https:\/\/redenoticiaz.com.br\/litoralsp\/2023\/01\/30\/explosao-suicida-em-mesquita-no-paquistao-mata-32-e-deixa-outras-147-feridas","og_site_name":"Litoral SP","article_published_time":"2023-01-30T13:44:17+00:00","og_image":[{"width":839,"height":506,"url":"https:\/\/redenoticiaz.com.br\/litoralsp\/wp-content\/uploads\/sites\/3\/2023\/01\/EXPLOSAO-MESQUITA.jpg","type":"image\/jpeg"}],"author":"Leonardo Francisco","twitter_card":"summary_large_image","twitter_misc":{"Escrito por":"Leonardo Francisco","Est. tempo de leitura":"1 minuto"},"schema":{"@context":"https:\/\/schema.org","@graph":[{"@type":"Article","@id":"https:\/\/redenoticiaz.com.br\/litoralsp\/2023\/01\/30\/explosao-suicida-em-mesquita-no-paquistao-mata-32-e-deixa-outras-147-feridas#article","isPartOf":{"@id":"https:\/\/redenoticiaz.com.br\/litoralsp\/2023\/01\/30\/explosao-suicida-em-mesquita-no-paquistao-mata-32-e-deixa-outras-147-feridas"},"author":{"name":"Leonardo Francisco","@id":"https:\/\/redenoticiaz.com.br\/litoralsp\/#\/schema\/person\/0f0b8a5bdafefe82841e07ae8d81ecb3"},"headline":"Explos\u00e3o suicida em mesquita no Paquist\u00e3o mata 32 e deixa outras 147 feridas","datePublished":"2023-01-30T13:44:17+00:00","mainEntityOfPage":{"@id":"https:\/\/redenoticiaz.com.br\/litoralsp\/2023\/01\/30\/explosao-suicida-em-mesquita-no-paquistao-mata-32-e-deixa-outras-147-feridas"},"wordCount":179,"commentCount":0,"publisher":{"@id":"https:\/\/redenoticiaz.com.br\/litoralsp\/#organization"},"image":{"@id":"https:\/\/redenoticiaz.com.br\/litoralsp\/2023\/01\/30\/explosao-suicida-em-mesquita-no-paquistao-mata-32-e-deixa-outras-147-feridas#primaryimage"},"thumbnailUrl":"https:\/\/redenoticiaz.com.br\/litoralsp\/wp-content\/uploads\/sites\/3\/2023\/01\/EXPLOSAO-MESQUITA.jpg","keywords":["EXPLOS\u00c3O SUICIDA","MESQUITA","PAQUIST\u00c3O","PESHAWAR"],"articleSection":["Mundo","Pol\u00edcia"],"inLanguage":"pt-BR","potentialAction":[{"@type":"CommentAction","name":"Comment","target":["https:\/\/redenoticiaz.com.br\/litoralsp\/2023\/01\/30\/explosao-suicida-em-mesquita-no-paquistao-mata-32-e-deixa-outras-147-feridas#respond"]}]},{"@type":"WebPage","@id":"https:\/\/redenoticiaz.com.br\/litoralsp\/2023\/01\/30\/explosao-suicida-em-mesquita-no-paquistao-mata-32-e-deixa-outras-147-feridas","url":"https:\/\/redenoticiaz.com.br\/litoralsp\/2023\/01\/30\/explosao-suicida-em-mesquita-no-paquistao-mata-32-e-deixa-outras-147-feridas","name":"Explos\u00e3o suicida em mesquita no Paquist\u00e3o mata 32 e deixa outras 147 feridas - Litoral SP","isPartOf":{"@id":"https:\/\/redenoticiaz.com.br\/litoralsp\/#website"},"primaryImageOfPage":{"@id":"https:\/\/redenoticiaz.com.br\/litoralsp\/2023\/01\/30\/explosao-suicida-em-mesquita-no-paquistao-mata-32-e-deixa-outras-147-feridas#primaryimage"},"image":{"@id":"https:\/\/redenoticiaz.com.br\/litoralsp\/2023\/01\/30\/explosao-suicida-em-mesquita-no-paquistao-mata-32-e-deixa-outras-147-feridas#primaryimage"},"thumbnailUrl":"https:\/\/redenoticiaz.com.br\/litoralsp\/wp-content\/uploads\/sites\/3\/2023\/01\/EXPLOSAO-MESQUITA.jpg","datePublished":"2023-01-30T13:44:17+00:00","description":"Uma explos\u00e3o suicida em uma mesquita do Paquist\u00e3o matou 32 pessoas e deixou outras 147 feridas nesta segunda-feira (30).","inLanguage":"pt-BR","potentialAction":[{"@type":"ReadAction","target":["https:\/\/redenoticiaz.com.br\/litoralsp\/2023\/01\/30\/explosao-suicida-em-mesquita-no-paquistao-mata-32-e-deixa-outras-147-feridas"]}]},{"@type":"ImageObject","inLanguage":"pt-BR","@id":"https:\/\/redenoticiaz.com.br\/litoralsp\/2023\/01\/30\/explosao-suicida-em-mesquita-no-paquistao-mata-32-e-deixa-outras-147-feridas#primaryimage","url":"https:\/\/redenoticiaz.com.br\/litoralsp\/wp-content\/uploads\/sites\/3\/2023\/01\/EXPLOSAO-MESQUITA.jpg","contentUrl":"https:\/\/redenoticiaz.com.br\/litoralsp\/wp-content\/uploads\/sites\/3\/2023\/01\/EXPLOSAO-MESQUITA.jpg","width":839,"height":506,"caption":"Cr\u00e9ditos: Reprodu\u00e7\u00e3o\/Reuters"},{"@type":"WebSite","@id":"https:\/\/redenoticiaz.com.br\/litoralsp\/#website","url":"https:\/\/redenoticiaz.com.br\/litoralsp\/","name":"Litoral SP","description":"Rede NoticiaZ","publisher":{"@id":"https:\/\/redenoticiaz.com.br\/litoralsp\/#organization"},"potentialAction":[{"@type":"SearchAction","target":{"@type":"EntryPoint","urlTemplate":"https:\/\/redenoticiaz.com.br\/litoralsp\/?s={search_term_string}"},"query-input":{"@type":"PropertyValueSpecification","valueRequired":true,"valueName":"search_term_string"}}],"inLanguage":"pt-BR"},{"@type":"Organization","@id":"https:\/\/redenoticiaz.com.br\/litoralsp\/#organization","name":"Litoral SP","url":"https:\/\/redenoticiaz.com.br\/litoralsp\/","logo":{"@type":"ImageObject","inLanguage":"pt-BR","@id":"https:\/\/redenoticiaz.com.br\/litoralsp\/#\/schema\/logo\/image\/","url":"https:\/\/redenoticiaz.com.br\/litoralsp\/wp-content\/uploads\/sites\/3\/2020\/11\/logo.jpg","contentUrl":"https:\/\/redenoticiaz.com.br\/litoralsp\/wp-content\/uploads\/sites\/3\/2020\/11\/logo.jpg","width":400,"height":250,"caption":"Litoral SP"},"image":{"@id":"https:\/\/redenoticiaz.com.br\/litoralsp\/#\/schema\/logo\/image\/"}},{"@type":"Person","@id":"https:\/\/redenoticiaz.com.br\/litoralsp\/#\/schema\/person\/0f0b8a5bdafefe82841e07ae8d81ecb3","name":"Leonardo Francisco","image":{"@type":"ImageObject","inLanguage":"pt-BR","@id":"https:\/\/secure.gravatar.com\/avatar\/a7358cb406a99b682ec6df1e77e31ae82e63601f6784e8a3df411d72b37864da?s=96&d=mm&r=g","url":"https:\/\/secure.gravatar.com\/avatar\/a7358cb406a99b682ec6df1e77e31ae82e63601f6784e8a3df411d72b37864da?s=96&d=mm&r=g","contentUrl":"https:\/\/secure.gravatar.com\/avatar\/a7358cb406a99b682ec6df1e77e31ae82e63601f6784e8a3df411d72b37864da?s=96&d=mm&r=g","caption":"Leonardo Francisco"},"url":"https:\/\/redenoticiaz.com.br\/litoralsp\/author\/leonardo-francisco"}]}},"_links":{"self":[{"href":"https:\/\/redenoticiaz.com.br\/litoralsp\/wp-json\/wp\/v2\/posts\/99827","targetHints":{"allow":["GET"]}}],"collection":[{"href":"https:\/\/redenoticiaz.com.br\/litoralsp\/wp-json\/wp\/v2\/posts"}],"about":[{"href":"https:\/\/redenoticiaz.com.br\/litoralsp\/wp-json\/wp\/v2\/types\/post"}],"author":[{"embeddable":true,"href":"https:\/\/redenoticiaz.com.br\/litoralsp\/wp-json\/wp\/v2\/users\/6"}],"replies":[{"embeddable":true,"href":"https:\/\/redenoticiaz.com.br\/litoralsp\/wp-json\/wp\/v2\/comments?post=99827"}],"version-history":[{"count":1,"href":"https:\/\/redenoticiaz.com.br\/litoralsp\/wp-json\/wp\/v2\/posts\/99827\/revisions"}],"predecessor-version":[{"id":99829,"href":"https:\/\/redenoticiaz.com.br\/litoralsp\/wp-json\/wp\/v2\/posts\/99827\/revisions\/99829"}],"wp:featuredmedia":[{"embeddable":true,"href":"https:\/\/redenoticiaz.com.br\/litoralsp\/wp-json\/wp\/v2\/media\/99828"}],"wp:attachment":[{"href":"https:\/\/redenoticiaz.com.br\/litoralsp\/wp-json\/wp\/v2\/media?parent=99827"}],"wp:term":[{"taxonomy":"category","embeddable":true,"href":"https:\/\/redenoticiaz.com.br\/litoralsp\/wp-json\/wp\/v2\/categories?post=99827"},{"taxonomy":"post_tag","embeddable":true,"href":"https:\/\/redenoticiaz.com.br\/litoralsp\/wp-json\/wp\/v2\/tags?post=99827"}],"curies":[{"name":"wp","href":"https:\/\/api.w.org\/{rel}","templated":true}]}}