{"id":99853,"date":"2023-01-30T14:17:52","date_gmt":"2023-01-30T17:17:52","guid":{"rendered":"https:\/\/redenoticiaz.com.br\/litoralsp\/?p=99853"},"modified":"2023-01-30T14:17:52","modified_gmt":"2023-01-30T17:17:52","slug":"barreiras-em-santos-orientam-19-veiculos-e-dois-retornam-a-origem","status":"publish","type":"post","link":"https:\/\/redenoticiaz.com.br\/litoralsp\/2023\/01\/30\/barreiras-em-santos-orientam-19-veiculos-e-dois-retornam-a-origem","title":{"rendered":"Barreiras em Santos orientam 19 ve\u00edculos e dois retornam \u00e0 origem"},"content":{"rendered":"<p>Barreiras montadas nos acessos \u00e0 Cidade abordaram 19 motoristas neste domingo (29). A a\u00e7\u00e3o foi realizada pela Ag\u00eancia de Transporte do Estado de S\u00e3o Paulo, CET, Guarda Civil Municipal de Santos, Pol\u00edcia Militar e Secretaria Municipal de Empreendedorismo, Economia Criativa e Turismo (Seectur).<\/p>\n<p>De acordo com a Prefeitura, tr\u00eas ve\u00edculos foram multados e dois tiveram que retornar ao lugar de origem.<\/p>\n<p>Instaladas na Avenida Martins Fontes (Sabo\u00f3) e na divisa com S\u00e3o Vicente (Jos\u00e9 Menino), as barreiras operaram das 4h \u00e0s 10h. Uma van e um \u00f4nibus foram multados pela Artesp, por n\u00e3o possu\u00edrem cadastro obrigat\u00f3rio na institui\u00e7\u00e3o, e apreendidos. Outra van foi autuada pelo \u00f3rg\u00e3o por n\u00e3o possuir a lista de passageiros, tamb\u00e9m obrigat\u00f3ria.<\/p>\n<p>Ainda de acordo com as informa\u00e7\u00f5es, por parte da Seectur, a a\u00e7\u00e3o teve car\u00e1ter informativo, com a distribui\u00e7\u00e3o de panfletos sobre o projeto Turista Legal.<\/p>\n<p>Sendo assim, duas vans foram orientadas a retornar \u00e0s cidades de origem por n\u00e3o possu\u00edrem a autoriza\u00e7\u00e3o, emitida pelo Sistur (Sistema de Turismo.<\/p>\n<h4 id=\"menu1\">TURISTA LEGAL<\/h4>\n<p>Enfim, a lei municipal determina o cadastro obrigat\u00f3rio de vans, micro-\u00f4nibus, \u00f4nibus, motorhomes, trailers e similares, com capacidade superior a 10 pessoas, que se dirijam \u00e0 Cidade para passar um dia na praia ou participar de eventos culturais, art\u00edsticos, esportivos, religiosos, entre outros. Estes ve\u00edculos dever\u00e3o ser cadastrados no Sistur pelo menos 72 horas antes da chegada e, se autorizados, receber\u00e3o a Permiss\u00e3o Especial de Tr\u00e1fego (PET) para circular na Cidade, documento que dever\u00e1 ficar de posse do motorista.<\/p>\n<p>Para o turismo de praia \u00e9 obrigat\u00f3rio, ainda, apresentar documento comprovando reserva em hotel, pousada ou similares.<\/p>\n<p>De acordo com as autoridades, em caso de descumprimento da lei, \u00e9 aplicada multa de R$ 2 mil, cujo valor dobra em caso de reincid\u00eancia.<\/p>\n<p><strong>Leia mais<\/strong><\/p>\n<p><a href=\"https:\/\/redenoticiaz.com.br\/litoralsp\/2023\/01\/30\/mais-de-115-mil-curtem-o-show-de-seu-jorge-na-praia-de-santos\">Mais de 115 mil curtem o show de Seu Jorge na praia de Santos<\/a><\/p>\n","protected":false},"excerpt":{"rendered":"<p>Barreiras montadas nos acessos \u00e0 Cidade abordaram 19 motoristas neste domingo (29). A a\u00e7\u00e3o foi realizada pela Ag\u00eancia de Transporte do Estado de S\u00e3o Paulo, CET, Guarda Civil Municipal de Santos, Pol\u00edcia Militar e Secretaria Municipal de Empreendedorismo, Economia Criativa e Turismo (Seectur). De acordo com a Prefeitura, tr\u00eas ve\u00edculos foram multados e dois tiveram &hellip;<\/p>\n","protected":false},"author":12,"featured_media":99854,"comment_status":"open","ping_status":"closed","sticky":false,"template":"","format":"standard","meta":{"footnotes":""},"categories":[180],"tags":[63007,986,2315,45220],"class_list":["post-99853","post","type-post","status-publish","format-standard","has-post-thumbnail","hentry","category-santos","tag-day-use","tag-santos","tag-turismo","tag-turismo-de-um-dia"],"yoast_head":"<!-- This site is optimized with the Yoast SEO plugin v27.5 - https:\/\/yoast.com\/product\/yoast-seo-wordpress\/ -->\n<title>Barreiras em Santos orientam 19 ve\u00edculos e dois retornam \u00e0 origem - Litoral SP<\/title>\n<meta name=\"description\" content=\"Turismo de um dia teve uma forte fiscaliza\u00e7\u00e3o neste \u00faltima final de semana, quando foi comemorando o anivers\u00e1rio de Santos.\" \/>\n<meta name=\"robots\" content=\"index, follow, max-snippet:-1, max-image-preview:large, max-video-preview:-1\" \/>\n<link rel=\"canonical\" href=\"https:\/\/redenoticiaz.com.br\/litoralsp\/2023\/01\/30\/barreiras-em-santos-orientam-19-veiculos-e-dois-retornam-a-origem\" \/>\n<meta property=\"og:locale\" content=\"pt_BR\" \/>\n<meta property=\"og:type\" content=\"article\" \/>\n<meta property=\"og:title\" content=\"Barreiras em Santos orientam 19 ve\u00edculos e dois retornam \u00e0 origem - Litoral SP\" \/>\n<meta property=\"og:description\" content=\"Turismo de um dia teve uma forte fiscaliza\u00e7\u00e3o neste \u00faltima final de semana, quando foi comemorando o anivers\u00e1rio de Santos.\" \/>\n<meta property=\"og:url\" content=\"https:\/\/redenoticiaz.com.br\/litoralsp\/2023\/01\/30\/barreiras-em-santos-orientam-19-veiculos-e-dois-retornam-a-origem\" \/>\n<meta property=\"og:site_name\" content=\"Litoral SP\" \/>\n<meta property=\"article:published_time\" content=\"2023-01-30T17:17:52+00:00\" \/>\n<meta property=\"og:image\" content=\"https:\/\/redenoticiaz.com.br\/litoralsp\/wp-content\/uploads\/sites\/3\/2023\/01\/francisco_arrai_6173xxxx.jpg\" \/>\n\t<meta property=\"og:image:width\" content=\"1400\" \/>\n\t<meta property=\"og:image:height\" content=\"933\" \/>\n\t<meta property=\"og:image:type\" content=\"image\/jpeg\" \/>\n<meta name=\"author\" content=\"Gustavo Silva\" \/>\n<meta name=\"twitter:card\" content=\"summary_large_image\" \/>\n<meta name=\"twitter:label1\" content=\"Escrito por\" \/>\n\t<meta name=\"twitter:data1\" content=\"Gustavo Silva\" \/>\n\t<meta name=\"twitter:label2\" content=\"Est. tempo de leitura\" \/>\n\t<meta name=\"twitter:data2\" content=\"2 minutos\" \/>\n<script type=\"application\/ld+json\" class=\"yoast-schema-graph\">{\"@context\":\"https:\\\/\\\/schema.org\",\"@graph\":[{\"@type\":\"Article\",\"@id\":\"https:\\\/\\\/redenoticiaz.com.br\\\/litoralsp\\\/2023\\\/01\\\/30\\\/barreiras-em-santos-orientam-19-veiculos-e-dois-retornam-a-origem#article\",\"isPartOf\":{\"@id\":\"https:\\\/\\\/redenoticiaz.com.br\\\/litoralsp\\\/2023\\\/01\\\/30\\\/barreiras-em-santos-orientam-19-veiculos-e-dois-retornam-a-origem\"},\"author\":{\"name\":\"Gustavo Silva\",\"@id\":\"https:\\\/\\\/redenoticiaz.com.br\\\/litoralsp\\\/#\\\/schema\\\/person\\\/16057b37a3c0ee6b096d7f887c566e2e\"},\"headline\":\"Barreiras em Santos orientam 19 ve\u00edculos e dois retornam \u00e0 origem\",\"datePublished\":\"2023-01-30T17:17:52+00:00\",\"mainEntityOfPage\":{\"@id\":\"https:\\\/\\\/redenoticiaz.com.br\\\/litoralsp\\\/2023\\\/01\\\/30\\\/barreiras-em-santos-orientam-19-veiculos-e-dois-retornam-a-origem\"},\"wordCount\":334,\"commentCount\":0,\"publisher\":{\"@id\":\"https:\\\/\\\/redenoticiaz.com.br\\\/litoralsp\\\/#organization\"},\"image\":{\"@id\":\"https:\\\/\\\/redenoticiaz.com.br\\\/litoralsp\\\/2023\\\/01\\\/30\\\/barreiras-em-santos-orientam-19-veiculos-e-dois-retornam-a-origem#primaryimage\"},\"thumbnailUrl\":\"https:\\\/\\\/redenoticiaz.com.br\\\/litoralsp\\\/wp-content\\\/uploads\\\/sites\\\/3\\\/2023\\\/01\\\/francisco_arrai_6173xxxx.jpg\",\"keywords\":[\"day use\",\"Santos\",\"turismo\",\"TURISMO DE UM DIA\"],\"articleSection\":[\"Santos\"],\"inLanguage\":\"pt-BR\",\"potentialAction\":[{\"@type\":\"CommentAction\",\"name\":\"Comment\",\"target\":[\"https:\\\/\\\/redenoticiaz.com.br\\\/litoralsp\\\/2023\\\/01\\\/30\\\/barreiras-em-santos-orientam-19-veiculos-e-dois-retornam-a-origem#respond\"]}]},{\"@type\":\"WebPage\",\"@id\":\"https:\\\/\\\/redenoticiaz.com.br\\\/litoralsp\\\/2023\\\/01\\\/30\\\/barreiras-em-santos-orientam-19-veiculos-e-dois-retornam-a-origem\",\"url\":\"https:\\\/\\\/redenoticiaz.com.br\\\/litoralsp\\\/2023\\\/01\\\/30\\\/barreiras-em-santos-orientam-19-veiculos-e-dois-retornam-a-origem\",\"name\":\"Barreiras em Santos orientam 19 ve\u00edculos e dois retornam \u00e0 origem - Litoral SP\",\"isPartOf\":{\"@id\":\"https:\\\/\\\/redenoticiaz.com.br\\\/litoralsp\\\/#website\"},\"primaryImageOfPage\":{\"@id\":\"https:\\\/\\\/redenoticiaz.com.br\\\/litoralsp\\\/2023\\\/01\\\/30\\\/barreiras-em-santos-orientam-19-veiculos-e-dois-retornam-a-origem#primaryimage\"},\"image\":{\"@id\":\"https:\\\/\\\/redenoticiaz.com.br\\\/litoralsp\\\/2023\\\/01\\\/30\\\/barreiras-em-santos-orientam-19-veiculos-e-dois-retornam-a-origem#primaryimage\"},\"thumbnailUrl\":\"https:\\\/\\\/redenoticiaz.com.br\\\/litoralsp\\\/wp-content\\\/uploads\\\/sites\\\/3\\\/2023\\\/01\\\/francisco_arrai_6173xxxx.jpg\",\"datePublished\":\"2023-01-30T17:17:52+00:00\",\"description\":\"Turismo de um dia teve uma forte fiscaliza\u00e7\u00e3o neste \u00faltima final de semana, quando foi comemorando o anivers\u00e1rio de Santos.\",\"inLanguage\":\"pt-BR\",\"potentialAction\":[{\"@type\":\"ReadAction\",\"target\":[\"https:\\\/\\\/redenoticiaz.com.br\\\/litoralsp\\\/2023\\\/01\\\/30\\\/barreiras-em-santos-orientam-19-veiculos-e-dois-retornam-a-origem\"]}]},{\"@type\":\"ImageObject\",\"inLanguage\":\"pt-BR\",\"@id\":\"https:\\\/\\\/redenoticiaz.com.br\\\/litoralsp\\\/2023\\\/01\\\/30\\\/barreiras-em-santos-orientam-19-veiculos-e-dois-retornam-a-origem#primaryimage\",\"url\":\"https:\\\/\\\/redenoticiaz.com.br\\\/litoralsp\\\/wp-content\\\/uploads\\\/sites\\\/3\\\/2023\\\/01\\\/francisco_arrai_6173xxxx.jpg\",\"contentUrl\":\"https:\\\/\\\/redenoticiaz.com.br\\\/litoralsp\\\/wp-content\\\/uploads\\\/sites\\\/3\\\/2023\\\/01\\\/francisco_arrai_6173xxxx.jpg\",\"width\":1400,\"height\":933,\"caption\":\"Barreiras em Santos orientam 19 ve\u00edculos e dois retornam \u00e0 origem\"},{\"@type\":\"WebSite\",\"@id\":\"https:\\\/\\\/redenoticiaz.com.br\\\/litoralsp\\\/#website\",\"url\":\"https:\\\/\\\/redenoticiaz.com.br\\\/litoralsp\\\/\",\"name\":\"Litoral SP\",\"description\":\"Rede NoticiaZ\",\"publisher\":{\"@id\":\"https:\\\/\\\/redenoticiaz.com.br\\\/litoralsp\\\/#organization\"},\"potentialAction\":[{\"@type\":\"SearchAction\",\"target\":{\"@type\":\"EntryPoint\",\"urlTemplate\":\"https:\\\/\\\/redenoticiaz.com.br\\\/litoralsp\\\/?s={search_term_string}\"},\"query-input\":{\"@type\":\"PropertyValueSpecification\",\"valueRequired\":true,\"valueName\":\"search_term_string\"}}],\"inLanguage\":\"pt-BR\"},{\"@type\":\"Organization\",\"@id\":\"https:\\\/\\\/redenoticiaz.com.br\\\/litoralsp\\\/#organization\",\"name\":\"Litoral SP\",\"url\":\"https:\\\/\\\/redenoticiaz.com.br\\\/litoralsp\\\/\",\"logo\":{\"@type\":\"ImageObject\",\"inLanguage\":\"pt-BR\",\"@id\":\"https:\\\/\\\/redenoticiaz.com.br\\\/litoralsp\\\/#\\\/schema\\\/logo\\\/image\\\/\",\"url\":\"https:\\\/\\\/redenoticiaz.com.br\\\/litoralsp\\\/wp-content\\\/uploads\\\/sites\\\/3\\\/2020\\\/11\\\/logo.jpg\",\"contentUrl\":\"https:\\\/\\\/redenoticiaz.com.br\\\/litoralsp\\\/wp-content\\\/uploads\\\/sites\\\/3\\\/2020\\\/11\\\/logo.jpg\",\"width\":400,\"height\":250,\"caption\":\"Litoral SP\"},\"image\":{\"@id\":\"https:\\\/\\\/redenoticiaz.com.br\\\/litoralsp\\\/#\\\/schema\\\/logo\\\/image\\\/\"}},{\"@type\":\"Person\",\"@id\":\"https:\\\/\\\/redenoticiaz.com.br\\\/litoralsp\\\/#\\\/schema\\\/person\\\/16057b37a3c0ee6b096d7f887c566e2e\",\"name\":\"Gustavo Silva\",\"image\":{\"@type\":\"ImageObject\",\"inLanguage\":\"pt-BR\",\"@id\":\"https:\\\/\\\/secure.gravatar.com\\\/avatar\\\/3ee4e82f93b26de0a7cf4ea5eb7893da637ed6bb0c9170c58065944c56e28a33?s=96&d=mm&r=g\",\"url\":\"https:\\\/\\\/secure.gravatar.com\\\/avatar\\\/3ee4e82f93b26de0a7cf4ea5eb7893da637ed6bb0c9170c58065944c56e28a33?s=96&d=mm&r=g\",\"contentUrl\":\"https:\\\/\\\/secure.gravatar.com\\\/avatar\\\/3ee4e82f93b26de0a7cf4ea5eb7893da637ed6bb0c9170c58065944c56e28a33?s=96&d=mm&r=g\",\"caption\":\"Gustavo Silva\"},\"url\":\"https:\\\/\\\/redenoticiaz.com.br\\\/litoralsp\\\/author\\\/gustavosilva\"}]}<\/script>\n<!-- \/ Yoast SEO plugin. -->","yoast_head_json":{"title":"Barreiras em Santos orientam 19 ve\u00edculos e dois retornam \u00e0 origem - Litoral SP","description":"Turismo de um dia teve uma forte fiscaliza\u00e7\u00e3o neste \u00faltima final de semana, quando foi comemorando o anivers\u00e1rio de Santos.","robots":{"index":"index","follow":"follow","max-snippet":"max-snippet:-1","max-image-preview":"max-image-preview:large","max-video-preview":"max-video-preview:-1"},"canonical":"https:\/\/redenoticiaz.com.br\/litoralsp\/2023\/01\/30\/barreiras-em-santos-orientam-19-veiculos-e-dois-retornam-a-origem","og_locale":"pt_BR","og_type":"article","og_title":"Barreiras em Santos orientam 19 ve\u00edculos e dois retornam \u00e0 origem - Litoral SP","og_description":"Turismo de um dia teve uma forte fiscaliza\u00e7\u00e3o neste \u00faltima final de semana, quando foi comemorando o anivers\u00e1rio de Santos.","og_url":"https:\/\/redenoticiaz.com.br\/litoralsp\/2023\/01\/30\/barreiras-em-santos-orientam-19-veiculos-e-dois-retornam-a-origem","og_site_name":"Litoral SP","article_published_time":"2023-01-30T17:17:52+00:00","og_image":[{"width":1400,"height":933,"url":"https:\/\/redenoticiaz.com.br\/litoralsp\/wp-content\/uploads\/sites\/3\/2023\/01\/francisco_arrai_6173xxxx.jpg","type":"image\/jpeg"}],"author":"Gustavo Silva","twitter_card":"summary_large_image","twitter_misc":{"Escrito por":"Gustavo Silva","Est. tempo de leitura":"2 minutos"},"schema":{"@context":"https:\/\/schema.org","@graph":[{"@type":"Article","@id":"https:\/\/redenoticiaz.com.br\/litoralsp\/2023\/01\/30\/barreiras-em-santos-orientam-19-veiculos-e-dois-retornam-a-origem#article","isPartOf":{"@id":"https:\/\/redenoticiaz.com.br\/litoralsp\/2023\/01\/30\/barreiras-em-santos-orientam-19-veiculos-e-dois-retornam-a-origem"},"author":{"name":"Gustavo Silva","@id":"https:\/\/redenoticiaz.com.br\/litoralsp\/#\/schema\/person\/16057b37a3c0ee6b096d7f887c566e2e"},"headline":"Barreiras em Santos orientam 19 ve\u00edculos e dois retornam \u00e0 origem","datePublished":"2023-01-30T17:17:52+00:00","mainEntityOfPage":{"@id":"https:\/\/redenoticiaz.com.br\/litoralsp\/2023\/01\/30\/barreiras-em-santos-orientam-19-veiculos-e-dois-retornam-a-origem"},"wordCount":334,"commentCount":0,"publisher":{"@id":"https:\/\/redenoticiaz.com.br\/litoralsp\/#organization"},"image":{"@id":"https:\/\/redenoticiaz.com.br\/litoralsp\/2023\/01\/30\/barreiras-em-santos-orientam-19-veiculos-e-dois-retornam-a-origem#primaryimage"},"thumbnailUrl":"https:\/\/redenoticiaz.com.br\/litoralsp\/wp-content\/uploads\/sites\/3\/2023\/01\/francisco_arrai_6173xxxx.jpg","keywords":["day use","Santos","turismo","TURISMO DE UM DIA"],"articleSection":["Santos"],"inLanguage":"pt-BR","potentialAction":[{"@type":"CommentAction","name":"Comment","target":["https:\/\/redenoticiaz.com.br\/litoralsp\/2023\/01\/30\/barreiras-em-santos-orientam-19-veiculos-e-dois-retornam-a-origem#respond"]}]},{"@type":"WebPage","@id":"https:\/\/redenoticiaz.com.br\/litoralsp\/2023\/01\/30\/barreiras-em-santos-orientam-19-veiculos-e-dois-retornam-a-origem","url":"https:\/\/redenoticiaz.com.br\/litoralsp\/2023\/01\/30\/barreiras-em-santos-orientam-19-veiculos-e-dois-retornam-a-origem","name":"Barreiras em Santos orientam 19 ve\u00edculos e dois retornam \u00e0 origem - Litoral SP","isPartOf":{"@id":"https:\/\/redenoticiaz.com.br\/litoralsp\/#website"},"primaryImageOfPage":{"@id":"https:\/\/redenoticiaz.com.br\/litoralsp\/2023\/01\/30\/barreiras-em-santos-orientam-19-veiculos-e-dois-retornam-a-origem#primaryimage"},"image":{"@id":"https:\/\/redenoticiaz.com.br\/litoralsp\/2023\/01\/30\/barreiras-em-santos-orientam-19-veiculos-e-dois-retornam-a-origem#primaryimage"},"thumbnailUrl":"https:\/\/redenoticiaz.com.br\/litoralsp\/wp-content\/uploads\/sites\/3\/2023\/01\/francisco_arrai_6173xxxx.jpg","datePublished":"2023-01-30T17:17:52+00:00","description":"Turismo de um dia teve uma forte fiscaliza\u00e7\u00e3o neste \u00faltima final de semana, quando foi comemorando o anivers\u00e1rio de Santos.","inLanguage":"pt-BR","potentialAction":[{"@type":"ReadAction","target":["https:\/\/redenoticiaz.com.br\/litoralsp\/2023\/01\/30\/barreiras-em-santos-orientam-19-veiculos-e-dois-retornam-a-origem"]}]},{"@type":"ImageObject","inLanguage":"pt-BR","@id":"https:\/\/redenoticiaz.com.br\/litoralsp\/2023\/01\/30\/barreiras-em-santos-orientam-19-veiculos-e-dois-retornam-a-origem#primaryimage","url":"https:\/\/redenoticiaz.com.br\/litoralsp\/wp-content\/uploads\/sites\/3\/2023\/01\/francisco_arrai_6173xxxx.jpg","contentUrl":"https:\/\/redenoticiaz.com.br\/litoralsp\/wp-content\/uploads\/sites\/3\/2023\/01\/francisco_arrai_6173xxxx.jpg","width":1400,"height":933,"caption":"Barreiras em Santos orientam 19 ve\u00edculos e dois retornam \u00e0 origem"},{"@type":"WebSite","@id":"https:\/\/redenoticiaz.com.br\/litoralsp\/#website","url":"https:\/\/redenoticiaz.com.br\/litoralsp\/","name":"Litoral SP","description":"Rede NoticiaZ","publisher":{"@id":"https:\/\/redenoticiaz.com.br\/litoralsp\/#organization"},"potentialAction":[{"@type":"SearchAction","target":{"@type":"EntryPoint","urlTemplate":"https:\/\/redenoticiaz.com.br\/litoralsp\/?s={search_term_string}"},"query-input":{"@type":"PropertyValueSpecification","valueRequired":true,"valueName":"search_term_string"}}],"inLanguage":"pt-BR"},{"@type":"Organization","@id":"https:\/\/redenoticiaz.com.br\/litoralsp\/#organization","name":"Litoral SP","url":"https:\/\/redenoticiaz.com.br\/litoralsp\/","logo":{"@type":"ImageObject","inLanguage":"pt-BR","@id":"https:\/\/redenoticiaz.com.br\/litoralsp\/#\/schema\/logo\/image\/","url":"https:\/\/redenoticiaz.com.br\/litoralsp\/wp-content\/uploads\/sites\/3\/2020\/11\/logo.jpg","contentUrl":"https:\/\/redenoticiaz.com.br\/litoralsp\/wp-content\/uploads\/sites\/3\/2020\/11\/logo.jpg","width":400,"height":250,"caption":"Litoral SP"},"image":{"@id":"https:\/\/redenoticiaz.com.br\/litoralsp\/#\/schema\/logo\/image\/"}},{"@type":"Person","@id":"https:\/\/redenoticiaz.com.br\/litoralsp\/#\/schema\/person\/16057b37a3c0ee6b096d7f887c566e2e","name":"Gustavo Silva","image":{"@type":"ImageObject","inLanguage":"pt-BR","@id":"https:\/\/secure.gravatar.com\/avatar\/3ee4e82f93b26de0a7cf4ea5eb7893da637ed6bb0c9170c58065944c56e28a33?s=96&d=mm&r=g","url":"https:\/\/secure.gravatar.com\/avatar\/3ee4e82f93b26de0a7cf4ea5eb7893da637ed6bb0c9170c58065944c56e28a33?s=96&d=mm&r=g","contentUrl":"https:\/\/secure.gravatar.com\/avatar\/3ee4e82f93b26de0a7cf4ea5eb7893da637ed6bb0c9170c58065944c56e28a33?s=96&d=mm&r=g","caption":"Gustavo Silva"},"url":"https:\/\/redenoticiaz.com.br\/litoralsp\/author\/gustavosilva"}]}},"_links":{"self":[{"href":"https:\/\/redenoticiaz.com.br\/litoralsp\/wp-json\/wp\/v2\/posts\/99853","targetHints":{"allow":["GET"]}}],"collection":[{"href":"https:\/\/redenoticiaz.com.br\/litoralsp\/wp-json\/wp\/v2\/posts"}],"about":[{"href":"https:\/\/redenoticiaz.com.br\/litoralsp\/wp-json\/wp\/v2\/types\/post"}],"author":[{"embeddable":true,"href":"https:\/\/redenoticiaz.com.br\/litoralsp\/wp-json\/wp\/v2\/users\/12"}],"replies":[{"embeddable":true,"href":"https:\/\/redenoticiaz.com.br\/litoralsp\/wp-json\/wp\/v2\/comments?post=99853"}],"version-history":[{"count":1,"href":"https:\/\/redenoticiaz.com.br\/litoralsp\/wp-json\/wp\/v2\/posts\/99853\/revisions"}],"predecessor-version":[{"id":99855,"href":"https:\/\/redenoticiaz.com.br\/litoralsp\/wp-json\/wp\/v2\/posts\/99853\/revisions\/99855"}],"wp:featuredmedia":[{"embeddable":true,"href":"https:\/\/redenoticiaz.com.br\/litoralsp\/wp-json\/wp\/v2\/media\/99854"}],"wp:attachment":[{"href":"https:\/\/redenoticiaz.com.br\/litoralsp\/wp-json\/wp\/v2\/media?parent=99853"}],"wp:term":[{"taxonomy":"category","embeddable":true,"href":"https:\/\/redenoticiaz.com.br\/litoralsp\/wp-json\/wp\/v2\/categories?post=99853"},{"taxonomy":"post_tag","embeddable":true,"href":"https:\/\/redenoticiaz.com.br\/litoralsp\/wp-json\/wp\/v2\/tags?post=99853"}],"curies":[{"name":"wp","href":"https:\/\/api.w.org\/{rel}","templated":true}]}}