{"id":99856,"date":"2023-01-30T17:22:26","date_gmt":"2023-01-30T20:22:26","guid":{"rendered":"https:\/\/redenoticiaz.com.br\/litoralsp\/2023\/01\/30\/oms-decide-manter-covid-19-como-emergencia-global-em-saude-publica"},"modified":"2023-01-30T17:22:39","modified_gmt":"2023-01-30T20:22:39","slug":"oms-decide-manter-covid-19-como-emergencia-global-em-saude-publica","status":"publish","type":"post","link":"https:\/\/redenoticiaz.com.br\/litoralsp\/2023\/01\/30\/oms-decide-manter-covid-19-como-emergencia-global-em-saude-publica","title":{"rendered":"OMS decide manter covid-19 como emerg\u00eancia global em sa\u00fade p\u00fablica"},"content":{"rendered":"<p>Tr\u00eas anos ap\u00f3s decretar a covid-19 como emerg\u00eancia global em sa\u00fade p\u00fablica, a Organiza\u00e7\u00e3o Mundial da Sa\u00fade (OMS) informou hoje (30) que ainda n\u00e3o vai declarar o fim da pandemia e do estado de alerta causado pelo v\u00edrus.<img decoding=\"async\" src=\"https:\/\/agenciabrasil.ebc.com.br\/ebc.png?id=1507018&amp;o=node\" \/><img decoding=\"async\" src=\"https:\/\/agenciabrasil.ebc.com.br\/ebc.gif?id=1507018&amp;o=node\" \/><\/p>\n<p>Em pronunciamento, o diretor-geral da organiza\u00e7\u00e3o, Tedros Adhanom Ghebreyesus, disse que vai seguir a recomenda\u00e7\u00e3o do comit\u00ea de monitoramento da covid-19 e manter a doen\u00e7a como emerg\u00eancia global em sa\u00fade p\u00fablica, n\u00edvel mais alto de alerta da entidade.<\/p>\n<blockquote><p>\u201cEmbora o mundo esteja em uma posi\u00e7\u00e3o melhor do que durante o pico de transmiss\u00e3o da \u00d4micron h\u00e1 um ano, mais de 170 mil mortes relacionadas \u00e0 covid-19 foram relatadas globalmente nas \u00faltimas oito semanas\u201d<\/p><\/blockquote>\n<p>Tedros alertou que a vigil\u00e2ncia e o sequenciamento gen\u00e9tico do v\u00edrus diminu\u00edram em todo o mundo, tornando mais dif\u00edcil rastrear variantes conhecidas e detectar novas variantes. Al\u00e9m disso, segundo ele, sistemas de sa\u00fade lutam contra a escassez e o cansa\u00e7o de profissionais.<\/p>\n<blockquote><p>\u201cVacinas, terapias e diagn\u00f3sticos foram e continuam sendo essenciais na preven\u00e7\u00e3o de doen\u00e7as graves, salvando vidas e aliviando a press\u00e3o sobre os sistemas de sa\u00fade e os profissionais de sa\u00fade.\u201d<\/p><\/blockquote>\n<p>\u201cA resposta \u00e0 covid-19 continua prejudicada em muitos pa\u00edses, incapazes de fornecer essas ferramentas \u00e0s popula\u00e7\u00f5es mais necessitadas, aos idosos e aos profissionais de sa\u00fade\u201d, completou o diretor-geral da OMS.<\/p>\n<p><em>*com informa\u00e7\u00f5es da Ag\u00eancia Brasil<\/em><\/p>\n<p><strong>Leia mais<\/strong><\/p>\n<p><a href=\"https:\/\/redenoticiaz.com.br\/blog\/2022\/12\/04\/retomada-certa-empresas-de-turismo-chegarao-ao-nivel-de-pre-pandemia-logo-no-primeiro-semestre-de-2023\">Retomada certa: empresas de turismo chegar\u00e3o ao n\u00edvel de pr\u00e9-pandemia logo no primeiro semestre de 2023<\/a><\/p>\n","protected":false},"excerpt":{"rendered":"<p>Tr\u00eas anos ap\u00f3s decretar a covid-19 como emerg\u00eancia global em sa\u00fade p\u00fablica, a Organiza\u00e7\u00e3o Mundial da Sa\u00fade (OMS) informou hoje (30) que ainda n\u00e3o vai declarar o fim da pandemia e do estado de alerta causado pelo v\u00edrus. Em pronunciamento, o diretor-geral da organiza\u00e7\u00e3o, Tedros Adhanom Ghebreyesus, disse que vai seguir a recomenda\u00e7\u00e3o do comit\u00ea &hellip;<\/p>\n","protected":false},"author":12,"featured_media":99857,"comment_status":"open","ping_status":"closed","sticky":false,"template":"","format":"standard","meta":{"footnotes":""},"categories":[23],"tags":[1722,18285,26,18287],"class_list":["post-99856","post","type-post","status-publish","format-standard","has-post-thumbnail","hentry","category-saude","tag-oms","tag-organizacao-mundial-da-saude","tag-pandemia","tag-saude-publica"],"yoast_head":"<!-- This site is optimized with the Yoast SEO plugin v27.5 - https:\/\/yoast.com\/product\/yoast-seo-wordpress\/ -->\n<title>OMS decide manter covid-19 como emerg\u00eancia global em sa\u00fade p\u00fablica - Litoral SP<\/title>\n<meta name=\"description\" content=\"Organiza\u00e7\u00e3o Mundial da Sa\u00fade (OMS) informou hoje (30) que ainda n\u00e3o vai declarar o fim da pandemia e do estado de alerta causado pelo v\u00edrus.\" \/>\n<meta name=\"robots\" content=\"index, follow, max-snippet:-1, max-image-preview:large, max-video-preview:-1\" \/>\n<link rel=\"canonical\" href=\"https:\/\/redenoticiaz.com.br\/litoralsp\/2023\/01\/30\/oms-decide-manter-covid-19-como-emergencia-global-em-saude-publica\" \/>\n<meta property=\"og:locale\" content=\"pt_BR\" \/>\n<meta property=\"og:type\" content=\"article\" \/>\n<meta property=\"og:title\" content=\"OMS decide manter covid-19 como emerg\u00eancia global em sa\u00fade p\u00fablica - Litoral SP\" \/>\n<meta property=\"og:description\" content=\"Organiza\u00e7\u00e3o Mundial da Sa\u00fade (OMS) informou hoje (30) que ainda n\u00e3o vai declarar o fim da pandemia e do estado de alerta causado pelo v\u00edrus.\" \/>\n<meta property=\"og:url\" content=\"https:\/\/redenoticiaz.com.br\/litoralsp\/2023\/01\/30\/oms-decide-manter-covid-19-como-emergencia-global-em-saude-publica\" \/>\n<meta property=\"og:site_name\" content=\"Litoral SP\" \/>\n<meta property=\"article:published_time\" content=\"2023-01-30T20:22:26+00:00\" \/>\n<meta property=\"article:modified_time\" content=\"2023-01-30T20:22:39+00:00\" \/>\n<meta property=\"og:image\" content=\"https:\/\/redenoticiaz.com.br\/litoralsp\/wp-content\/uploads\/sites\/3\/2023\/01\/2020-09-14t122804z_1_lynxmpeg8d15h_rtroptp_4_saude-coronavirus-tedros-prazocovax.jpg?v=1675110113\" \/>\n\t<meta property=\"og:image:width\" content=\"1170\" \/>\n\t<meta property=\"og:image:height\" content=\"700\" \/>\n\t<meta property=\"og:image:type\" content=\"image\/jpeg\" \/>\n<meta name=\"author\" content=\"Gustavo Silva\" \/>\n<meta name=\"twitter:card\" content=\"summary_large_image\" \/>\n<meta name=\"twitter:label1\" content=\"Escrito por\" \/>\n\t<meta name=\"twitter:data1\" content=\"Gustavo Silva\" \/>\n\t<meta name=\"twitter:label2\" content=\"Est. tempo de leitura\" \/>\n\t<meta name=\"twitter:data2\" content=\"2 minutos\" \/>\n<script type=\"application\/ld+json\" class=\"yoast-schema-graph\">{\"@context\":\"https:\\\/\\\/schema.org\",\"@graph\":[{\"@type\":\"Article\",\"@id\":\"https:\\\/\\\/redenoticiaz.com.br\\\/litoralsp\\\/2023\\\/01\\\/30\\\/oms-decide-manter-covid-19-como-emergencia-global-em-saude-publica#article\",\"isPartOf\":{\"@id\":\"https:\\\/\\\/redenoticiaz.com.br\\\/litoralsp\\\/2023\\\/01\\\/30\\\/oms-decide-manter-covid-19-como-emergencia-global-em-saude-publica\"},\"author\":{\"name\":\"Gustavo Silva\",\"@id\":\"https:\\\/\\\/redenoticiaz.com.br\\\/litoralsp\\\/#\\\/schema\\\/person\\\/16057b37a3c0ee6b096d7f887c566e2e\"},\"headline\":\"OMS decide manter covid-19 como emerg\u00eancia global em sa\u00fade p\u00fablica\",\"datePublished\":\"2023-01-30T20:22:26+00:00\",\"dateModified\":\"2023-01-30T20:22:39+00:00\",\"mainEntityOfPage\":{\"@id\":\"https:\\\/\\\/redenoticiaz.com.br\\\/litoralsp\\\/2023\\\/01\\\/30\\\/oms-decide-manter-covid-19-como-emergencia-global-em-saude-publica\"},\"wordCount\":284,\"commentCount\":0,\"publisher\":{\"@id\":\"https:\\\/\\\/redenoticiaz.com.br\\\/litoralsp\\\/#organization\"},\"image\":{\"@id\":\"https:\\\/\\\/redenoticiaz.com.br\\\/litoralsp\\\/2023\\\/01\\\/30\\\/oms-decide-manter-covid-19-como-emergencia-global-em-saude-publica#primaryimage\"},\"thumbnailUrl\":\"https:\\\/\\\/redenoticiaz.com.br\\\/litoralsp\\\/wp-content\\\/uploads\\\/sites\\\/3\\\/2023\\\/01\\\/2020-09-14t122804z_1_lynxmpeg8d15h_rtroptp_4_saude-coronavirus-tedros-prazocovax.jpg?v=1675110113\",\"keywords\":[\"OMS\",\"ORGANIZA\u00c7\u00c3O MUNDIAL DA SA\u00daDE\",\"Pandemia\",\"SA\u00daDE P\u00daBLICA\"],\"articleSection\":[\"Sa\u00fade\"],\"inLanguage\":\"pt-BR\",\"potentialAction\":[{\"@type\":\"CommentAction\",\"name\":\"Comment\",\"target\":[\"https:\\\/\\\/redenoticiaz.com.br\\\/litoralsp\\\/2023\\\/01\\\/30\\\/oms-decide-manter-covid-19-como-emergencia-global-em-saude-publica#respond\"]}]},{\"@type\":\"WebPage\",\"@id\":\"https:\\\/\\\/redenoticiaz.com.br\\\/litoralsp\\\/2023\\\/01\\\/30\\\/oms-decide-manter-covid-19-como-emergencia-global-em-saude-publica\",\"url\":\"https:\\\/\\\/redenoticiaz.com.br\\\/litoralsp\\\/2023\\\/01\\\/30\\\/oms-decide-manter-covid-19-como-emergencia-global-em-saude-publica\",\"name\":\"OMS decide manter covid-19 como emerg\u00eancia global em sa\u00fade p\u00fablica - Litoral SP\",\"isPartOf\":{\"@id\":\"https:\\\/\\\/redenoticiaz.com.br\\\/litoralsp\\\/#website\"},\"primaryImageOfPage\":{\"@id\":\"https:\\\/\\\/redenoticiaz.com.br\\\/litoralsp\\\/2023\\\/01\\\/30\\\/oms-decide-manter-covid-19-como-emergencia-global-em-saude-publica#primaryimage\"},\"image\":{\"@id\":\"https:\\\/\\\/redenoticiaz.com.br\\\/litoralsp\\\/2023\\\/01\\\/30\\\/oms-decide-manter-covid-19-como-emergencia-global-em-saude-publica#primaryimage\"},\"thumbnailUrl\":\"https:\\\/\\\/redenoticiaz.com.br\\\/litoralsp\\\/wp-content\\\/uploads\\\/sites\\\/3\\\/2023\\\/01\\\/2020-09-14t122804z_1_lynxmpeg8d15h_rtroptp_4_saude-coronavirus-tedros-prazocovax.jpg?v=1675110113\",\"datePublished\":\"2023-01-30T20:22:26+00:00\",\"dateModified\":\"2023-01-30T20:22:39+00:00\",\"description\":\"Organiza\u00e7\u00e3o Mundial da Sa\u00fade (OMS) informou hoje (30) que ainda n\u00e3o vai declarar o fim da pandemia e do estado de alerta causado pelo v\u00edrus.\",\"inLanguage\":\"pt-BR\",\"potentialAction\":[{\"@type\":\"ReadAction\",\"target\":[\"https:\\\/\\\/redenoticiaz.com.br\\\/litoralsp\\\/2023\\\/01\\\/30\\\/oms-decide-manter-covid-19-como-emergencia-global-em-saude-publica\"]}]},{\"@type\":\"ImageObject\",\"inLanguage\":\"pt-BR\",\"@id\":\"https:\\\/\\\/redenoticiaz.com.br\\\/litoralsp\\\/2023\\\/01\\\/30\\\/oms-decide-manter-covid-19-como-emergencia-global-em-saude-publica#primaryimage\",\"url\":\"https:\\\/\\\/redenoticiaz.com.br\\\/litoralsp\\\/wp-content\\\/uploads\\\/sites\\\/3\\\/2023\\\/01\\\/2020-09-14t122804z_1_lynxmpeg8d15h_rtroptp_4_saude-coronavirus-tedros-prazocovax.jpg?v=1675110113\",\"contentUrl\":\"https:\\\/\\\/redenoticiaz.com.br\\\/litoralsp\\\/wp-content\\\/uploads\\\/sites\\\/3\\\/2023\\\/01\\\/2020-09-14t122804z_1_lynxmpeg8d15h_rtroptp_4_saude-coronavirus-tedros-prazocovax.jpg?v=1675110113\",\"width\":1170,\"height\":700,\"caption\":\"Diretor-geral da OMS, Tedros Adhanom Gebreyesus durante entrevista coletiva em Genebra 03\\\/07\\\/2020 Fabrice Coffrini\\\/Pool via REUTERS\"},{\"@type\":\"WebSite\",\"@id\":\"https:\\\/\\\/redenoticiaz.com.br\\\/litoralsp\\\/#website\",\"url\":\"https:\\\/\\\/redenoticiaz.com.br\\\/litoralsp\\\/\",\"name\":\"Litoral SP\",\"description\":\"Rede NoticiaZ\",\"publisher\":{\"@id\":\"https:\\\/\\\/redenoticiaz.com.br\\\/litoralsp\\\/#organization\"},\"potentialAction\":[{\"@type\":\"SearchAction\",\"target\":{\"@type\":\"EntryPoint\",\"urlTemplate\":\"https:\\\/\\\/redenoticiaz.com.br\\\/litoralsp\\\/?s={search_term_string}\"},\"query-input\":{\"@type\":\"PropertyValueSpecification\",\"valueRequired\":true,\"valueName\":\"search_term_string\"}}],\"inLanguage\":\"pt-BR\"},{\"@type\":\"Organization\",\"@id\":\"https:\\\/\\\/redenoticiaz.com.br\\\/litoralsp\\\/#organization\",\"name\":\"Litoral SP\",\"url\":\"https:\\\/\\\/redenoticiaz.com.br\\\/litoralsp\\\/\",\"logo\":{\"@type\":\"ImageObject\",\"inLanguage\":\"pt-BR\",\"@id\":\"https:\\\/\\\/redenoticiaz.com.br\\\/litoralsp\\\/#\\\/schema\\\/logo\\\/image\\\/\",\"url\":\"https:\\\/\\\/redenoticiaz.com.br\\\/litoralsp\\\/wp-content\\\/uploads\\\/sites\\\/3\\\/2020\\\/11\\\/logo.jpg\",\"contentUrl\":\"https:\\\/\\\/redenoticiaz.com.br\\\/litoralsp\\\/wp-content\\\/uploads\\\/sites\\\/3\\\/2020\\\/11\\\/logo.jpg\",\"width\":400,\"height\":250,\"caption\":\"Litoral SP\"},\"image\":{\"@id\":\"https:\\\/\\\/redenoticiaz.com.br\\\/litoralsp\\\/#\\\/schema\\\/logo\\\/image\\\/\"}},{\"@type\":\"Person\",\"@id\":\"https:\\\/\\\/redenoticiaz.com.br\\\/litoralsp\\\/#\\\/schema\\\/person\\\/16057b37a3c0ee6b096d7f887c566e2e\",\"name\":\"Gustavo Silva\",\"image\":{\"@type\":\"ImageObject\",\"inLanguage\":\"pt-BR\",\"@id\":\"https:\\\/\\\/secure.gravatar.com\\\/avatar\\\/3ee4e82f93b26de0a7cf4ea5eb7893da637ed6bb0c9170c58065944c56e28a33?s=96&d=mm&r=g\",\"url\":\"https:\\\/\\\/secure.gravatar.com\\\/avatar\\\/3ee4e82f93b26de0a7cf4ea5eb7893da637ed6bb0c9170c58065944c56e28a33?s=96&d=mm&r=g\",\"contentUrl\":\"https:\\\/\\\/secure.gravatar.com\\\/avatar\\\/3ee4e82f93b26de0a7cf4ea5eb7893da637ed6bb0c9170c58065944c56e28a33?s=96&d=mm&r=g\",\"caption\":\"Gustavo Silva\"},\"url\":\"https:\\\/\\\/redenoticiaz.com.br\\\/litoralsp\\\/author\\\/gustavosilva\"}]}<\/script>\n<!-- \/ Yoast SEO plugin. -->","yoast_head_json":{"title":"OMS decide manter covid-19 como emerg\u00eancia global em sa\u00fade p\u00fablica - Litoral SP","description":"Organiza\u00e7\u00e3o Mundial da Sa\u00fade (OMS) informou hoje (30) que ainda n\u00e3o vai declarar o fim da pandemia e do estado de alerta causado pelo v\u00edrus.","robots":{"index":"index","follow":"follow","max-snippet":"max-snippet:-1","max-image-preview":"max-image-preview:large","max-video-preview":"max-video-preview:-1"},"canonical":"https:\/\/redenoticiaz.com.br\/litoralsp\/2023\/01\/30\/oms-decide-manter-covid-19-como-emergencia-global-em-saude-publica","og_locale":"pt_BR","og_type":"article","og_title":"OMS decide manter covid-19 como emerg\u00eancia global em sa\u00fade p\u00fablica - Litoral SP","og_description":"Organiza\u00e7\u00e3o Mundial da Sa\u00fade (OMS) informou hoje (30) que ainda n\u00e3o vai declarar o fim da pandemia e do estado de alerta causado pelo v\u00edrus.","og_url":"https:\/\/redenoticiaz.com.br\/litoralsp\/2023\/01\/30\/oms-decide-manter-covid-19-como-emergencia-global-em-saude-publica","og_site_name":"Litoral SP","article_published_time":"2023-01-30T20:22:26+00:00","article_modified_time":"2023-01-30T20:22:39+00:00","og_image":[{"width":1170,"height":700,"url":"https:\/\/redenoticiaz.com.br\/litoralsp\/wp-content\/uploads\/sites\/3\/2023\/01\/2020-09-14t122804z_1_lynxmpeg8d15h_rtroptp_4_saude-coronavirus-tedros-prazocovax.jpg?v=1675110113","type":"image\/jpeg"}],"author":"Gustavo Silva","twitter_card":"summary_large_image","twitter_misc":{"Escrito por":"Gustavo Silva","Est. tempo de leitura":"2 minutos"},"schema":{"@context":"https:\/\/schema.org","@graph":[{"@type":"Article","@id":"https:\/\/redenoticiaz.com.br\/litoralsp\/2023\/01\/30\/oms-decide-manter-covid-19-como-emergencia-global-em-saude-publica#article","isPartOf":{"@id":"https:\/\/redenoticiaz.com.br\/litoralsp\/2023\/01\/30\/oms-decide-manter-covid-19-como-emergencia-global-em-saude-publica"},"author":{"name":"Gustavo Silva","@id":"https:\/\/redenoticiaz.com.br\/litoralsp\/#\/schema\/person\/16057b37a3c0ee6b096d7f887c566e2e"},"headline":"OMS decide manter covid-19 como emerg\u00eancia global em sa\u00fade p\u00fablica","datePublished":"2023-01-30T20:22:26+00:00","dateModified":"2023-01-30T20:22:39+00:00","mainEntityOfPage":{"@id":"https:\/\/redenoticiaz.com.br\/litoralsp\/2023\/01\/30\/oms-decide-manter-covid-19-como-emergencia-global-em-saude-publica"},"wordCount":284,"commentCount":0,"publisher":{"@id":"https:\/\/redenoticiaz.com.br\/litoralsp\/#organization"},"image":{"@id":"https:\/\/redenoticiaz.com.br\/litoralsp\/2023\/01\/30\/oms-decide-manter-covid-19-como-emergencia-global-em-saude-publica#primaryimage"},"thumbnailUrl":"https:\/\/redenoticiaz.com.br\/litoralsp\/wp-content\/uploads\/sites\/3\/2023\/01\/2020-09-14t122804z_1_lynxmpeg8d15h_rtroptp_4_saude-coronavirus-tedros-prazocovax.jpg?v=1675110113","keywords":["OMS","ORGANIZA\u00c7\u00c3O MUNDIAL DA SA\u00daDE","Pandemia","SA\u00daDE P\u00daBLICA"],"articleSection":["Sa\u00fade"],"inLanguage":"pt-BR","potentialAction":[{"@type":"CommentAction","name":"Comment","target":["https:\/\/redenoticiaz.com.br\/litoralsp\/2023\/01\/30\/oms-decide-manter-covid-19-como-emergencia-global-em-saude-publica#respond"]}]},{"@type":"WebPage","@id":"https:\/\/redenoticiaz.com.br\/litoralsp\/2023\/01\/30\/oms-decide-manter-covid-19-como-emergencia-global-em-saude-publica","url":"https:\/\/redenoticiaz.com.br\/litoralsp\/2023\/01\/30\/oms-decide-manter-covid-19-como-emergencia-global-em-saude-publica","name":"OMS decide manter covid-19 como emerg\u00eancia global em sa\u00fade p\u00fablica - Litoral SP","isPartOf":{"@id":"https:\/\/redenoticiaz.com.br\/litoralsp\/#website"},"primaryImageOfPage":{"@id":"https:\/\/redenoticiaz.com.br\/litoralsp\/2023\/01\/30\/oms-decide-manter-covid-19-como-emergencia-global-em-saude-publica#primaryimage"},"image":{"@id":"https:\/\/redenoticiaz.com.br\/litoralsp\/2023\/01\/30\/oms-decide-manter-covid-19-como-emergencia-global-em-saude-publica#primaryimage"},"thumbnailUrl":"https:\/\/redenoticiaz.com.br\/litoralsp\/wp-content\/uploads\/sites\/3\/2023\/01\/2020-09-14t122804z_1_lynxmpeg8d15h_rtroptp_4_saude-coronavirus-tedros-prazocovax.jpg?v=1675110113","datePublished":"2023-01-30T20:22:26+00:00","dateModified":"2023-01-30T20:22:39+00:00","description":"Organiza\u00e7\u00e3o Mundial da Sa\u00fade (OMS) informou hoje (30) que ainda n\u00e3o vai declarar o fim da pandemia e do estado de alerta causado pelo v\u00edrus.","inLanguage":"pt-BR","potentialAction":[{"@type":"ReadAction","target":["https:\/\/redenoticiaz.com.br\/litoralsp\/2023\/01\/30\/oms-decide-manter-covid-19-como-emergencia-global-em-saude-publica"]}]},{"@type":"ImageObject","inLanguage":"pt-BR","@id":"https:\/\/redenoticiaz.com.br\/litoralsp\/2023\/01\/30\/oms-decide-manter-covid-19-como-emergencia-global-em-saude-publica#primaryimage","url":"https:\/\/redenoticiaz.com.br\/litoralsp\/wp-content\/uploads\/sites\/3\/2023\/01\/2020-09-14t122804z_1_lynxmpeg8d15h_rtroptp_4_saude-coronavirus-tedros-prazocovax.jpg?v=1675110113","contentUrl":"https:\/\/redenoticiaz.com.br\/litoralsp\/wp-content\/uploads\/sites\/3\/2023\/01\/2020-09-14t122804z_1_lynxmpeg8d15h_rtroptp_4_saude-coronavirus-tedros-prazocovax.jpg?v=1675110113","width":1170,"height":700,"caption":"Diretor-geral da OMS, Tedros Adhanom Gebreyesus durante entrevista coletiva em Genebra 03\/07\/2020 Fabrice Coffrini\/Pool via REUTERS"},{"@type":"WebSite","@id":"https:\/\/redenoticiaz.com.br\/litoralsp\/#website","url":"https:\/\/redenoticiaz.com.br\/litoralsp\/","name":"Litoral SP","description":"Rede NoticiaZ","publisher":{"@id":"https:\/\/redenoticiaz.com.br\/litoralsp\/#organization"},"potentialAction":[{"@type":"SearchAction","target":{"@type":"EntryPoint","urlTemplate":"https:\/\/redenoticiaz.com.br\/litoralsp\/?s={search_term_string}"},"query-input":{"@type":"PropertyValueSpecification","valueRequired":true,"valueName":"search_term_string"}}],"inLanguage":"pt-BR"},{"@type":"Organization","@id":"https:\/\/redenoticiaz.com.br\/litoralsp\/#organization","name":"Litoral SP","url":"https:\/\/redenoticiaz.com.br\/litoralsp\/","logo":{"@type":"ImageObject","inLanguage":"pt-BR","@id":"https:\/\/redenoticiaz.com.br\/litoralsp\/#\/schema\/logo\/image\/","url":"https:\/\/redenoticiaz.com.br\/litoralsp\/wp-content\/uploads\/sites\/3\/2020\/11\/logo.jpg","contentUrl":"https:\/\/redenoticiaz.com.br\/litoralsp\/wp-content\/uploads\/sites\/3\/2020\/11\/logo.jpg","width":400,"height":250,"caption":"Litoral SP"},"image":{"@id":"https:\/\/redenoticiaz.com.br\/litoralsp\/#\/schema\/logo\/image\/"}},{"@type":"Person","@id":"https:\/\/redenoticiaz.com.br\/litoralsp\/#\/schema\/person\/16057b37a3c0ee6b096d7f887c566e2e","name":"Gustavo Silva","image":{"@type":"ImageObject","inLanguage":"pt-BR","@id":"https:\/\/secure.gravatar.com\/avatar\/3ee4e82f93b26de0a7cf4ea5eb7893da637ed6bb0c9170c58065944c56e28a33?s=96&d=mm&r=g","url":"https:\/\/secure.gravatar.com\/avatar\/3ee4e82f93b26de0a7cf4ea5eb7893da637ed6bb0c9170c58065944c56e28a33?s=96&d=mm&r=g","contentUrl":"https:\/\/secure.gravatar.com\/avatar\/3ee4e82f93b26de0a7cf4ea5eb7893da637ed6bb0c9170c58065944c56e28a33?s=96&d=mm&r=g","caption":"Gustavo Silva"},"url":"https:\/\/redenoticiaz.com.br\/litoralsp\/author\/gustavosilva"}]}},"_links":{"self":[{"href":"https:\/\/redenoticiaz.com.br\/litoralsp\/wp-json\/wp\/v2\/posts\/99856","targetHints":{"allow":["GET"]}}],"collection":[{"href":"https:\/\/redenoticiaz.com.br\/litoralsp\/wp-json\/wp\/v2\/posts"}],"about":[{"href":"https:\/\/redenoticiaz.com.br\/litoralsp\/wp-json\/wp\/v2\/types\/post"}],"author":[{"embeddable":true,"href":"https:\/\/redenoticiaz.com.br\/litoralsp\/wp-json\/wp\/v2\/users\/12"}],"replies":[{"embeddable":true,"href":"https:\/\/redenoticiaz.com.br\/litoralsp\/wp-json\/wp\/v2\/comments?post=99856"}],"version-history":[{"count":0,"href":"https:\/\/redenoticiaz.com.br\/litoralsp\/wp-json\/wp\/v2\/posts\/99856\/revisions"}],"wp:featuredmedia":[{"embeddable":true,"href":"https:\/\/redenoticiaz.com.br\/litoralsp\/wp-json\/wp\/v2\/media\/99857"}],"wp:attachment":[{"href":"https:\/\/redenoticiaz.com.br\/litoralsp\/wp-json\/wp\/v2\/media?parent=99856"}],"wp:term":[{"taxonomy":"category","embeddable":true,"href":"https:\/\/redenoticiaz.com.br\/litoralsp\/wp-json\/wp\/v2\/categories?post=99856"},{"taxonomy":"post_tag","embeddable":true,"href":"https:\/\/redenoticiaz.com.br\/litoralsp\/wp-json\/wp\/v2\/tags?post=99856"}],"curies":[{"name":"wp","href":"https:\/\/api.w.org\/{rel}","templated":true}]}}