{"id":99872,"date":"2023-01-30T19:55:59","date_gmt":"2023-01-30T22:55:59","guid":{"rendered":"https:\/\/redenoticiaz.com.br\/litoralsp\/?p=99872"},"modified":"2023-01-30T19:55:59","modified_gmt":"2023-01-30T22:55:59","slug":"homem-e-preso-por-receptacao-de-carga-de-acucar","status":"publish","type":"post","link":"https:\/\/redenoticiaz.com.br\/litoralsp\/2023\/01\/30\/homem-e-preso-por-receptacao-de-carga-de-acucar","title":{"rendered":"Homem \u00e9 preso por recepta\u00e7\u00e3o de carga de a\u00e7\u00facar"},"content":{"rendered":"<p>Um homem de 32 anos foi preso no bairro Vila Nova por recepta\u00e7\u00e3o de carga de a\u00e7\u00facar por policiais do 1\u00ba Distrito Policial de Cubat\u00e3o.<\/p>\n<p>Os policiais estavam realizando diversas a\u00e7\u00f5es para identificar os criminosos que haviam roubado os produtos da empresa Rumo.<\/p>\n<p>Durante as investiga\u00e7\u00f5es os policiais descobriram que parte dos produtos era de a\u00e7\u00facar e soja e \u00e9 transportada em ve\u00edculos particulares.<\/p>\n<p>Dentre estes ve\u00edculos, os policiais identificaram um Fiat\/Palio, de cor prata, que estaria transportando produtos subtra\u00eddos dos vag\u00f5es.<\/p>\n<p><img loading=\"lazy\" decoding=\"async\" class=\"aligncenter wp-image-99874 size-full\" src=\"https:\/\/redenoticiaz.com.br\/litoralsp\/wp-content\/uploads\/sites\/3\/2023\/01\/WhatsApp-Image-2023-01-30-at-18.51.40-1.jpeg\" alt=\"Homem \u00e9 preso por recepta\u00e7\u00e3o de carga de a\u00e7\u00facar\" width=\"1024\" height=\"768\" srcset=\"https:\/\/redenoticiaz.com.br\/litoralsp\/wp-content\/uploads\/sites\/3\/2023\/01\/WhatsApp-Image-2023-01-30-at-18.51.40-1.jpeg 1024w, https:\/\/redenoticiaz.com.br\/litoralsp\/wp-content\/uploads\/sites\/3\/2023\/01\/WhatsApp-Image-2023-01-30-at-18.51.40-1-300x225.jpeg 300w, https:\/\/redenoticiaz.com.br\/litoralsp\/wp-content\/uploads\/sites\/3\/2023\/01\/WhatsApp-Image-2023-01-30-at-18.51.40-1-768x576.jpeg 768w\" sizes=\"auto, (max-width: 1024px) 100vw, 1024px\" \/><\/p>\n<p>Sendo assim, durante dilig\u00eancias na Vila Natal, pr\u00f3ximo do bairro Vila Esperan\u00e7a a equipe visualizou um ve\u00edculo trafegando na m\u00e3o contr\u00e1ria em baixa velocidade e com porta-malas carregado.<\/p>\n<p>Ap\u00f3s breve acompanhamento, os policiais abordaram o ve\u00edculo na entrada da Avenida Cruzeiro do Sul.\u00a0Em revistas os policiais apreenderam sete sacos de a\u00e7\u00facar pesando aproximadamente 60kg cada um.<\/p>\n<p>Enfim, as equipes o homem informou que n\u00e3o sabia a origem do produto, mas que iria vend\u00ea-lo em Cubat\u00e3o,<\/p>\n<p>Segundo as autoridades o material foi avaliado em R$1.200,00 e j\u00e1 foi entregue ao representante da empresa.<\/p>\n<p><strong>Leia mais<\/strong><\/p>\n","protected":false},"excerpt":{"rendered":"<p>Um homem de 32 anos foi preso no bairro Vila Nova por recepta\u00e7\u00e3o de carga de a\u00e7\u00facar por policiais do 1\u00ba Distrito Policial de Cubat\u00e3o. Os policiais estavam realizando diversas a\u00e7\u00f5es para identificar os criminosos que haviam roubado os produtos da empresa Rumo. Durante as investiga\u00e7\u00f5es os policiais descobriram que parte dos produtos era de &hellip;<\/p>\n","protected":false},"author":12,"featured_media":99873,"comment_status":"open","ping_status":"closed","sticky":false,"template":"","format":"standard","meta":{"footnotes":""},"categories":[186],"tags":[63011,63010,6588,8136],"class_list":["post-99872","post","type-post","status-publish","format-standard","has-post-thumbnail","hentry","category-cubatao","tag-cana","tag-carga-acucar","tag-homem","tag-vila-nova"],"yoast_head":"<!-- This site is optimized with the Yoast SEO plugin v27.5 - https:\/\/yoast.com\/product\/yoast-seo-wordpress\/ -->\n<title>Homem \u00e9 preso por recepta\u00e7\u00e3o de carga de a\u00e7\u00facar - Litoral SP<\/title>\n<meta name=\"description\" content=\"Um homem de 32 anos foi preso no bairro Vila Nova por recepta\u00e7\u00e3o de carga de a\u00e7\u00facar por policiais do 1\u00ba Distrito Policial de Cubat\u00e3o.\" \/>\n<meta name=\"robots\" content=\"index, follow, max-snippet:-1, max-image-preview:large, max-video-preview:-1\" \/>\n<link rel=\"canonical\" href=\"https:\/\/redenoticiaz.com.br\/litoralsp\/2023\/01\/30\/homem-e-preso-por-receptacao-de-carga-de-acucar\" \/>\n<meta property=\"og:locale\" content=\"pt_BR\" \/>\n<meta property=\"og:type\" content=\"article\" \/>\n<meta property=\"og:title\" content=\"Homem \u00e9 preso por recepta\u00e7\u00e3o de carga de a\u00e7\u00facar - Litoral SP\" \/>\n<meta property=\"og:description\" content=\"Um homem de 32 anos foi preso no bairro Vila Nova por recepta\u00e7\u00e3o de carga de a\u00e7\u00facar por policiais do 1\u00ba Distrito Policial de Cubat\u00e3o.\" \/>\n<meta property=\"og:url\" content=\"https:\/\/redenoticiaz.com.br\/litoralsp\/2023\/01\/30\/homem-e-preso-por-receptacao-de-carga-de-acucar\" \/>\n<meta property=\"og:site_name\" content=\"Litoral SP\" \/>\n<meta property=\"article:published_time\" content=\"2023-01-30T22:55:59+00:00\" \/>\n<meta property=\"og:image\" content=\"https:\/\/redenoticiaz.com.br\/litoralsp\/wp-content\/uploads\/sites\/3\/2023\/01\/WhatsApp-Image-2023-01-30-at-18.51.40.jpeg\" \/>\n\t<meta property=\"og:image:width\" content=\"576\" \/>\n\t<meta property=\"og:image:height\" content=\"1024\" \/>\n\t<meta property=\"og:image:type\" content=\"image\/jpeg\" \/>\n<meta name=\"author\" content=\"Gustavo Silva\" \/>\n<meta name=\"twitter:card\" content=\"summary_large_image\" \/>\n<meta name=\"twitter:label1\" content=\"Escrito por\" \/>\n\t<meta name=\"twitter:data1\" content=\"Gustavo Silva\" \/>\n\t<meta name=\"twitter:label2\" content=\"Est. tempo de leitura\" \/>\n\t<meta name=\"twitter:data2\" content=\"2 minutos\" \/>\n<script type=\"application\/ld+json\" class=\"yoast-schema-graph\">{\"@context\":\"https:\\\/\\\/schema.org\",\"@graph\":[{\"@type\":\"Article\",\"@id\":\"https:\\\/\\\/redenoticiaz.com.br\\\/litoralsp\\\/2023\\\/01\\\/30\\\/homem-e-preso-por-receptacao-de-carga-de-acucar#article\",\"isPartOf\":{\"@id\":\"https:\\\/\\\/redenoticiaz.com.br\\\/litoralsp\\\/2023\\\/01\\\/30\\\/homem-e-preso-por-receptacao-de-carga-de-acucar\"},\"author\":{\"name\":\"Gustavo Silva\",\"@id\":\"https:\\\/\\\/redenoticiaz.com.br\\\/litoralsp\\\/#\\\/schema\\\/person\\\/16057b37a3c0ee6b096d7f887c566e2e\"},\"headline\":\"Homem \u00e9 preso por recepta\u00e7\u00e3o de carga de a\u00e7\u00facar\",\"datePublished\":\"2023-01-30T22:55:59+00:00\",\"mainEntityOfPage\":{\"@id\":\"https:\\\/\\\/redenoticiaz.com.br\\\/litoralsp\\\/2023\\\/01\\\/30\\\/homem-e-preso-por-receptacao-de-carga-de-acucar\"},\"wordCount\":207,\"commentCount\":0,\"publisher\":{\"@id\":\"https:\\\/\\\/redenoticiaz.com.br\\\/litoralsp\\\/#organization\"},\"image\":{\"@id\":\"https:\\\/\\\/redenoticiaz.com.br\\\/litoralsp\\\/2023\\\/01\\\/30\\\/homem-e-preso-por-receptacao-de-carga-de-acucar#primaryimage\"},\"thumbnailUrl\":\"https:\\\/\\\/redenoticiaz.com.br\\\/litoralsp\\\/wp-content\\\/uploads\\\/sites\\\/3\\\/2023\\\/01\\\/WhatsApp-Image-2023-01-30-at-18.51.40.jpeg\",\"keywords\":[\"cana\",\"carga a\u00e7ucar\",\"HOMEM\",\"VILA NOVA\"],\"articleSection\":[\"Cubat\u00e3o\"],\"inLanguage\":\"pt-BR\",\"potentialAction\":[{\"@type\":\"CommentAction\",\"name\":\"Comment\",\"target\":[\"https:\\\/\\\/redenoticiaz.com.br\\\/litoralsp\\\/2023\\\/01\\\/30\\\/homem-e-preso-por-receptacao-de-carga-de-acucar#respond\"]}]},{\"@type\":\"WebPage\",\"@id\":\"https:\\\/\\\/redenoticiaz.com.br\\\/litoralsp\\\/2023\\\/01\\\/30\\\/homem-e-preso-por-receptacao-de-carga-de-acucar\",\"url\":\"https:\\\/\\\/redenoticiaz.com.br\\\/litoralsp\\\/2023\\\/01\\\/30\\\/homem-e-preso-por-receptacao-de-carga-de-acucar\",\"name\":\"Homem \u00e9 preso por recepta\u00e7\u00e3o de carga de a\u00e7\u00facar - Litoral SP\",\"isPartOf\":{\"@id\":\"https:\\\/\\\/redenoticiaz.com.br\\\/litoralsp\\\/#website\"},\"primaryImageOfPage\":{\"@id\":\"https:\\\/\\\/redenoticiaz.com.br\\\/litoralsp\\\/2023\\\/01\\\/30\\\/homem-e-preso-por-receptacao-de-carga-de-acucar#primaryimage\"},\"image\":{\"@id\":\"https:\\\/\\\/redenoticiaz.com.br\\\/litoralsp\\\/2023\\\/01\\\/30\\\/homem-e-preso-por-receptacao-de-carga-de-acucar#primaryimage\"},\"thumbnailUrl\":\"https:\\\/\\\/redenoticiaz.com.br\\\/litoralsp\\\/wp-content\\\/uploads\\\/sites\\\/3\\\/2023\\\/01\\\/WhatsApp-Image-2023-01-30-at-18.51.40.jpeg\",\"datePublished\":\"2023-01-30T22:55:59+00:00\",\"description\":\"Um homem de 32 anos foi preso no bairro Vila Nova por recepta\u00e7\u00e3o de carga de a\u00e7\u00facar por policiais do 1\u00ba Distrito Policial de Cubat\u00e3o.\",\"inLanguage\":\"pt-BR\",\"potentialAction\":[{\"@type\":\"ReadAction\",\"target\":[\"https:\\\/\\\/redenoticiaz.com.br\\\/litoralsp\\\/2023\\\/01\\\/30\\\/homem-e-preso-por-receptacao-de-carga-de-acucar\"]}]},{\"@type\":\"ImageObject\",\"inLanguage\":\"pt-BR\",\"@id\":\"https:\\\/\\\/redenoticiaz.com.br\\\/litoralsp\\\/2023\\\/01\\\/30\\\/homem-e-preso-por-receptacao-de-carga-de-acucar#primaryimage\",\"url\":\"https:\\\/\\\/redenoticiaz.com.br\\\/litoralsp\\\/wp-content\\\/uploads\\\/sites\\\/3\\\/2023\\\/01\\\/WhatsApp-Image-2023-01-30-at-18.51.40.jpeg\",\"contentUrl\":\"https:\\\/\\\/redenoticiaz.com.br\\\/litoralsp\\\/wp-content\\\/uploads\\\/sites\\\/3\\\/2023\\\/01\\\/WhatsApp-Image-2023-01-30-at-18.51.40.jpeg\",\"width\":576,\"height\":1024,\"caption\":\"Homem \u00e9 preso por recepta\u00e7\u00e3o de carga de a\u00e7\u00facar\"},{\"@type\":\"WebSite\",\"@id\":\"https:\\\/\\\/redenoticiaz.com.br\\\/litoralsp\\\/#website\",\"url\":\"https:\\\/\\\/redenoticiaz.com.br\\\/litoralsp\\\/\",\"name\":\"Litoral SP\",\"description\":\"Rede NoticiaZ\",\"publisher\":{\"@id\":\"https:\\\/\\\/redenoticiaz.com.br\\\/litoralsp\\\/#organization\"},\"potentialAction\":[{\"@type\":\"SearchAction\",\"target\":{\"@type\":\"EntryPoint\",\"urlTemplate\":\"https:\\\/\\\/redenoticiaz.com.br\\\/litoralsp\\\/?s={search_term_string}\"},\"query-input\":{\"@type\":\"PropertyValueSpecification\",\"valueRequired\":true,\"valueName\":\"search_term_string\"}}],\"inLanguage\":\"pt-BR\"},{\"@type\":\"Organization\",\"@id\":\"https:\\\/\\\/redenoticiaz.com.br\\\/litoralsp\\\/#organization\",\"name\":\"Litoral SP\",\"url\":\"https:\\\/\\\/redenoticiaz.com.br\\\/litoralsp\\\/\",\"logo\":{\"@type\":\"ImageObject\",\"inLanguage\":\"pt-BR\",\"@id\":\"https:\\\/\\\/redenoticiaz.com.br\\\/litoralsp\\\/#\\\/schema\\\/logo\\\/image\\\/\",\"url\":\"https:\\\/\\\/redenoticiaz.com.br\\\/litoralsp\\\/wp-content\\\/uploads\\\/sites\\\/3\\\/2020\\\/11\\\/logo.jpg\",\"contentUrl\":\"https:\\\/\\\/redenoticiaz.com.br\\\/litoralsp\\\/wp-content\\\/uploads\\\/sites\\\/3\\\/2020\\\/11\\\/logo.jpg\",\"width\":400,\"height\":250,\"caption\":\"Litoral SP\"},\"image\":{\"@id\":\"https:\\\/\\\/redenoticiaz.com.br\\\/litoralsp\\\/#\\\/schema\\\/logo\\\/image\\\/\"}},{\"@type\":\"Person\",\"@id\":\"https:\\\/\\\/redenoticiaz.com.br\\\/litoralsp\\\/#\\\/schema\\\/person\\\/16057b37a3c0ee6b096d7f887c566e2e\",\"name\":\"Gustavo Silva\",\"image\":{\"@type\":\"ImageObject\",\"inLanguage\":\"pt-BR\",\"@id\":\"https:\\\/\\\/secure.gravatar.com\\\/avatar\\\/3ee4e82f93b26de0a7cf4ea5eb7893da637ed6bb0c9170c58065944c56e28a33?s=96&d=mm&r=g\",\"url\":\"https:\\\/\\\/secure.gravatar.com\\\/avatar\\\/3ee4e82f93b26de0a7cf4ea5eb7893da637ed6bb0c9170c58065944c56e28a33?s=96&d=mm&r=g\",\"contentUrl\":\"https:\\\/\\\/secure.gravatar.com\\\/avatar\\\/3ee4e82f93b26de0a7cf4ea5eb7893da637ed6bb0c9170c58065944c56e28a33?s=96&d=mm&r=g\",\"caption\":\"Gustavo Silva\"},\"url\":\"https:\\\/\\\/redenoticiaz.com.br\\\/litoralsp\\\/author\\\/gustavosilva\"}]}<\/script>\n<!-- \/ Yoast SEO plugin. -->","yoast_head_json":{"title":"Homem \u00e9 preso por recepta\u00e7\u00e3o de carga de a\u00e7\u00facar - Litoral SP","description":"Um homem de 32 anos foi preso no bairro Vila Nova por recepta\u00e7\u00e3o de carga de a\u00e7\u00facar por policiais do 1\u00ba Distrito Policial de Cubat\u00e3o.","robots":{"index":"index","follow":"follow","max-snippet":"max-snippet:-1","max-image-preview":"max-image-preview:large","max-video-preview":"max-video-preview:-1"},"canonical":"https:\/\/redenoticiaz.com.br\/litoralsp\/2023\/01\/30\/homem-e-preso-por-receptacao-de-carga-de-acucar","og_locale":"pt_BR","og_type":"article","og_title":"Homem \u00e9 preso por recepta\u00e7\u00e3o de carga de a\u00e7\u00facar - Litoral SP","og_description":"Um homem de 32 anos foi preso no bairro Vila Nova por recepta\u00e7\u00e3o de carga de a\u00e7\u00facar por policiais do 1\u00ba Distrito Policial de Cubat\u00e3o.","og_url":"https:\/\/redenoticiaz.com.br\/litoralsp\/2023\/01\/30\/homem-e-preso-por-receptacao-de-carga-de-acucar","og_site_name":"Litoral SP","article_published_time":"2023-01-30T22:55:59+00:00","og_image":[{"width":576,"height":1024,"url":"https:\/\/redenoticiaz.com.br\/litoralsp\/wp-content\/uploads\/sites\/3\/2023\/01\/WhatsApp-Image-2023-01-30-at-18.51.40.jpeg","type":"image\/jpeg"}],"author":"Gustavo Silva","twitter_card":"summary_large_image","twitter_misc":{"Escrito por":"Gustavo Silva","Est. tempo de leitura":"2 minutos"},"schema":{"@context":"https:\/\/schema.org","@graph":[{"@type":"Article","@id":"https:\/\/redenoticiaz.com.br\/litoralsp\/2023\/01\/30\/homem-e-preso-por-receptacao-de-carga-de-acucar#article","isPartOf":{"@id":"https:\/\/redenoticiaz.com.br\/litoralsp\/2023\/01\/30\/homem-e-preso-por-receptacao-de-carga-de-acucar"},"author":{"name":"Gustavo Silva","@id":"https:\/\/redenoticiaz.com.br\/litoralsp\/#\/schema\/person\/16057b37a3c0ee6b096d7f887c566e2e"},"headline":"Homem \u00e9 preso por recepta\u00e7\u00e3o de carga de a\u00e7\u00facar","datePublished":"2023-01-30T22:55:59+00:00","mainEntityOfPage":{"@id":"https:\/\/redenoticiaz.com.br\/litoralsp\/2023\/01\/30\/homem-e-preso-por-receptacao-de-carga-de-acucar"},"wordCount":207,"commentCount":0,"publisher":{"@id":"https:\/\/redenoticiaz.com.br\/litoralsp\/#organization"},"image":{"@id":"https:\/\/redenoticiaz.com.br\/litoralsp\/2023\/01\/30\/homem-e-preso-por-receptacao-de-carga-de-acucar#primaryimage"},"thumbnailUrl":"https:\/\/redenoticiaz.com.br\/litoralsp\/wp-content\/uploads\/sites\/3\/2023\/01\/WhatsApp-Image-2023-01-30-at-18.51.40.jpeg","keywords":["cana","carga a\u00e7ucar","HOMEM","VILA NOVA"],"articleSection":["Cubat\u00e3o"],"inLanguage":"pt-BR","potentialAction":[{"@type":"CommentAction","name":"Comment","target":["https:\/\/redenoticiaz.com.br\/litoralsp\/2023\/01\/30\/homem-e-preso-por-receptacao-de-carga-de-acucar#respond"]}]},{"@type":"WebPage","@id":"https:\/\/redenoticiaz.com.br\/litoralsp\/2023\/01\/30\/homem-e-preso-por-receptacao-de-carga-de-acucar","url":"https:\/\/redenoticiaz.com.br\/litoralsp\/2023\/01\/30\/homem-e-preso-por-receptacao-de-carga-de-acucar","name":"Homem \u00e9 preso por recepta\u00e7\u00e3o de carga de a\u00e7\u00facar - Litoral SP","isPartOf":{"@id":"https:\/\/redenoticiaz.com.br\/litoralsp\/#website"},"primaryImageOfPage":{"@id":"https:\/\/redenoticiaz.com.br\/litoralsp\/2023\/01\/30\/homem-e-preso-por-receptacao-de-carga-de-acucar#primaryimage"},"image":{"@id":"https:\/\/redenoticiaz.com.br\/litoralsp\/2023\/01\/30\/homem-e-preso-por-receptacao-de-carga-de-acucar#primaryimage"},"thumbnailUrl":"https:\/\/redenoticiaz.com.br\/litoralsp\/wp-content\/uploads\/sites\/3\/2023\/01\/WhatsApp-Image-2023-01-30-at-18.51.40.jpeg","datePublished":"2023-01-30T22:55:59+00:00","description":"Um homem de 32 anos foi preso no bairro Vila Nova por recepta\u00e7\u00e3o de carga de a\u00e7\u00facar por policiais do 1\u00ba Distrito Policial de Cubat\u00e3o.","inLanguage":"pt-BR","potentialAction":[{"@type":"ReadAction","target":["https:\/\/redenoticiaz.com.br\/litoralsp\/2023\/01\/30\/homem-e-preso-por-receptacao-de-carga-de-acucar"]}]},{"@type":"ImageObject","inLanguage":"pt-BR","@id":"https:\/\/redenoticiaz.com.br\/litoralsp\/2023\/01\/30\/homem-e-preso-por-receptacao-de-carga-de-acucar#primaryimage","url":"https:\/\/redenoticiaz.com.br\/litoralsp\/wp-content\/uploads\/sites\/3\/2023\/01\/WhatsApp-Image-2023-01-30-at-18.51.40.jpeg","contentUrl":"https:\/\/redenoticiaz.com.br\/litoralsp\/wp-content\/uploads\/sites\/3\/2023\/01\/WhatsApp-Image-2023-01-30-at-18.51.40.jpeg","width":576,"height":1024,"caption":"Homem \u00e9 preso por recepta\u00e7\u00e3o de carga de a\u00e7\u00facar"},{"@type":"WebSite","@id":"https:\/\/redenoticiaz.com.br\/litoralsp\/#website","url":"https:\/\/redenoticiaz.com.br\/litoralsp\/","name":"Litoral SP","description":"Rede NoticiaZ","publisher":{"@id":"https:\/\/redenoticiaz.com.br\/litoralsp\/#organization"},"potentialAction":[{"@type":"SearchAction","target":{"@type":"EntryPoint","urlTemplate":"https:\/\/redenoticiaz.com.br\/litoralsp\/?s={search_term_string}"},"query-input":{"@type":"PropertyValueSpecification","valueRequired":true,"valueName":"search_term_string"}}],"inLanguage":"pt-BR"},{"@type":"Organization","@id":"https:\/\/redenoticiaz.com.br\/litoralsp\/#organization","name":"Litoral SP","url":"https:\/\/redenoticiaz.com.br\/litoralsp\/","logo":{"@type":"ImageObject","inLanguage":"pt-BR","@id":"https:\/\/redenoticiaz.com.br\/litoralsp\/#\/schema\/logo\/image\/","url":"https:\/\/redenoticiaz.com.br\/litoralsp\/wp-content\/uploads\/sites\/3\/2020\/11\/logo.jpg","contentUrl":"https:\/\/redenoticiaz.com.br\/litoralsp\/wp-content\/uploads\/sites\/3\/2020\/11\/logo.jpg","width":400,"height":250,"caption":"Litoral SP"},"image":{"@id":"https:\/\/redenoticiaz.com.br\/litoralsp\/#\/schema\/logo\/image\/"}},{"@type":"Person","@id":"https:\/\/redenoticiaz.com.br\/litoralsp\/#\/schema\/person\/16057b37a3c0ee6b096d7f887c566e2e","name":"Gustavo Silva","image":{"@type":"ImageObject","inLanguage":"pt-BR","@id":"https:\/\/secure.gravatar.com\/avatar\/3ee4e82f93b26de0a7cf4ea5eb7893da637ed6bb0c9170c58065944c56e28a33?s=96&d=mm&r=g","url":"https:\/\/secure.gravatar.com\/avatar\/3ee4e82f93b26de0a7cf4ea5eb7893da637ed6bb0c9170c58065944c56e28a33?s=96&d=mm&r=g","contentUrl":"https:\/\/secure.gravatar.com\/avatar\/3ee4e82f93b26de0a7cf4ea5eb7893da637ed6bb0c9170c58065944c56e28a33?s=96&d=mm&r=g","caption":"Gustavo Silva"},"url":"https:\/\/redenoticiaz.com.br\/litoralsp\/author\/gustavosilva"}]}},"_links":{"self":[{"href":"https:\/\/redenoticiaz.com.br\/litoralsp\/wp-json\/wp\/v2\/posts\/99872","targetHints":{"allow":["GET"]}}],"collection":[{"href":"https:\/\/redenoticiaz.com.br\/litoralsp\/wp-json\/wp\/v2\/posts"}],"about":[{"href":"https:\/\/redenoticiaz.com.br\/litoralsp\/wp-json\/wp\/v2\/types\/post"}],"author":[{"embeddable":true,"href":"https:\/\/redenoticiaz.com.br\/litoralsp\/wp-json\/wp\/v2\/users\/12"}],"replies":[{"embeddable":true,"href":"https:\/\/redenoticiaz.com.br\/litoralsp\/wp-json\/wp\/v2\/comments?post=99872"}],"version-history":[{"count":1,"href":"https:\/\/redenoticiaz.com.br\/litoralsp\/wp-json\/wp\/v2\/posts\/99872\/revisions"}],"predecessor-version":[{"id":99875,"href":"https:\/\/redenoticiaz.com.br\/litoralsp\/wp-json\/wp\/v2\/posts\/99872\/revisions\/99875"}],"wp:featuredmedia":[{"embeddable":true,"href":"https:\/\/redenoticiaz.com.br\/litoralsp\/wp-json\/wp\/v2\/media\/99873"}],"wp:attachment":[{"href":"https:\/\/redenoticiaz.com.br\/litoralsp\/wp-json\/wp\/v2\/media?parent=99872"}],"wp:term":[{"taxonomy":"category","embeddable":true,"href":"https:\/\/redenoticiaz.com.br\/litoralsp\/wp-json\/wp\/v2\/categories?post=99872"},{"taxonomy":"post_tag","embeddable":true,"href":"https:\/\/redenoticiaz.com.br\/litoralsp\/wp-json\/wp\/v2\/tags?post=99872"}],"curies":[{"name":"wp","href":"https:\/\/api.w.org\/{rel}","templated":true}]}}