{"id":99889,"date":"2023-01-31T10:18:33","date_gmt":"2023-01-31T13:18:33","guid":{"rendered":"https:\/\/redenoticiaz.com.br\/litoralsp\/?p=99889"},"modified":"2023-01-31T10:18:33","modified_gmt":"2023-01-31T13:18:33","slug":"onibus-de-viagem-tomba-e-mata-sete-pessoas-no-parana","status":"publish","type":"post","link":"https:\/\/redenoticiaz.com.br\/litoralsp\/2023\/01\/31\/onibus-de-viagem-tomba-e-mata-sete-pessoas-no-parana","title":{"rendered":"\u00d4nibus de viagem tomba e mata sete pessoas no Paran\u00e1"},"content":{"rendered":"<div id=\"chunk-fd216\">\n<div class=\"mc-column content-text active-extra-styles \" data-block-type=\"unstyled\" data-block-weight=\"49\" data-block-id=\"3\">\n<p class=\"content-text__container \" data-track-category=\"Link no Texto\" data-track-links=\"\">Um \u00f4nibus de viagem tombou e provocou as <strong>mortes de sete pessoas<\/strong> nesta ter\u00e7a-feira (31) na BR-277, na cidade de Fernandes Pinheiro, no Paran\u00e1. Entre as v\u00edtimas fatais havia uma crian\u00e7a de tr\u00eas anos e outras 22 pessoas ficaram feridas. A Pol\u00edcia Rodovi\u00e1ria Federal (PRF) informou que o \u00f4nibus teria sa\u00eddo da pista.<\/p>\n<\/div>\n<\/div>\n<div class=\"wall protected-content\">\n<div id=\"chunk-43b3s\">\n<div class=\"mc-column content-text active-extra-styles \" data-block-type=\"unstyled\" data-block-weight=\"23\" data-block-id=\"4\">\n<p class=\"content-text__container \" data-track-category=\"Link no Texto\" data-track-links=\"\">Segundo a corpora\u00e7\u00e3o, al\u00e9m do menino argentino, as v\u00edtimas s\u00e3o duas mulheres e quatro homens. Uma delas, tamb\u00e9m argentina, \u00e9 m\u00e3e da crian\u00e7a. J\u00e1 o Corpo de Bombeiros informou que 54 passageiros estavam a bordo do ve\u00edculo. Vinte e seis n\u00e3o se machucaram, entre eles o motorista.<\/p>\n<div id=\"chunk-5fksm\">\n<div class=\"mc-column content-text active-extra-styles \" data-block-type=\"unstyled\" data-block-weight=\"13\" data-block-id=\"8\">\n<p class=\"content-text__container \" data-track-category=\"Link no Texto\" data-track-links=\"\">Dos mortos, quatro corpos est\u00e3o embaixo do ve\u00edculo, de acordo com a corpora\u00e7\u00e3o. O ve\u00edculo pertence \u00e0 Via\u00e7\u00e3o Catarinense e, segundo a empresa, saiu de Florian\u00f3polis, em Santa Catarina \u00e0s 16h40 de segunda-feira (30) com destino a Foz do Igua\u00e7u, no oeste do Paran\u00e1.<\/p>\n<\/div>\n<\/div>\n<div id=\"chunk-4ob91\">\n<div class=\"mc-column content-text active-extra-styles \" data-block-type=\"unstyled\" data-block-weight=\"34\" data-block-id=\"10\">\n<p class=\"content-text__container \" data-track-category=\"Link no Texto\" data-track-links=\"\">Por nota, a companhia lamentou o ocorrido e disse estar com equipes no local prestando assist\u00eancia aos passageiros e familiares. Refor\u00e7ou, ainda, &#8220;compromisso com a seguran\u00e7a&#8221; e estar \u00e0 disposi\u00e7\u00e3o das autoridades para esclarecimentos.<\/p>\n<div id=\"chunk-70jal\">\n<div class=\"mc-column content-text active-extra-styles \" data-block-type=\"unstyled\" data-block-weight=\"18\" data-block-id=\"17\">\n<p class=\"content-text__container \" data-track-category=\"Link no Texto\" data-track-links=\"\">Os corpos est\u00e3o sendo recolhidos e levados para o Instituto M\u00e9dico-Legal (IML) de Ponta Grossa, nos Campos Gerais. J\u00e1 os feridos foram levados para hospitais de Irati.<\/p>\n<p data-track-category=\"Link no Texto\" data-track-links=\"\"><strong>LEIA TAMB\u00c9M<\/strong><\/p>\n<p data-track-category=\"Link no Texto\" data-track-links=\"\"><a href=\"https:\/\/redenoticiaz.com.br\/litoralsp\/2023\/01\/30\/onibus-com-time-de-futebol-cai-de-ponte-e-provoca-quatro-mortes-e-varios-feridos-em-minas\">\u00d4nibus com time de futebol cai de ponte e provoca quatro mortes e v\u00e1rios feridos em Minas<\/a><\/p>\n<\/div>\n<\/div>\n<\/div>\n<\/div>\n<\/div>\n<\/div>\n<\/div>\n","protected":false},"excerpt":{"rendered":"<p>Um \u00f4nibus de viagem tombou e provocou as mortes de sete pessoas nesta ter\u00e7a-feira (31) na BR-277, na cidade de Fernandes Pinheiro, no Paran\u00e1. Entre as v\u00edtimas fatais havia uma crian\u00e7a de tr\u00eas anos e outras 22 pessoas ficaram feridas. A Pol\u00edcia Rodovi\u00e1ria Federal (PRF) informou que o \u00f4nibus teria sa\u00eddo da pista. Segundo a &hellip;<\/p>\n","protected":false},"author":6,"featured_media":99890,"comment_status":"open","ping_status":"closed","sticky":false,"template":"","format":"standard","meta":{"footnotes":""},"categories":[10,5],"tags":[63018,63017,79,37676,13540],"class_list":["post-99889","post","type-post","status-publish","format-standard","has-post-thumbnail","hentry","category-policia","category-transito","tag-br-277","tag-fernandes-pinheiro","tag-mortes","tag-onibus-de-viagem","tag-parana"],"yoast_head":"<!-- This site is optimized with the Yoast SEO plugin v27.5 - https:\/\/yoast.com\/product\/yoast-seo-wordpress\/ -->\n<title>\u00d4nibus de viagem tomba e mata sete pessoas no Paran\u00e1 - Litoral SP<\/title>\n<meta name=\"description\" content=\"Um \u00f4nibus de viagem tombou e provocou as mortes de sete pessoas nesta ter\u00e7a-feira (31) na BR-277, na cidade de Fernandes Pinheiro\" \/>\n<meta name=\"robots\" content=\"index, follow, max-snippet:-1, max-image-preview:large, max-video-preview:-1\" \/>\n<link rel=\"canonical\" href=\"https:\/\/redenoticiaz.com.br\/litoralsp\/2023\/01\/31\/onibus-de-viagem-tomba-e-mata-sete-pessoas-no-parana\" \/>\n<meta property=\"og:locale\" content=\"pt_BR\" \/>\n<meta property=\"og:type\" content=\"article\" \/>\n<meta property=\"og:title\" content=\"\u00d4nibus de viagem tomba e mata sete pessoas no Paran\u00e1 - Litoral SP\" \/>\n<meta property=\"og:description\" content=\"Um \u00f4nibus de viagem tombou e provocou as mortes de sete pessoas nesta ter\u00e7a-feira (31) na BR-277, na cidade de Fernandes Pinheiro\" \/>\n<meta property=\"og:url\" content=\"https:\/\/redenoticiaz.com.br\/litoralsp\/2023\/01\/31\/onibus-de-viagem-tomba-e-mata-sete-pessoas-no-parana\" \/>\n<meta property=\"og:site_name\" content=\"Litoral SP\" \/>\n<meta property=\"article:published_time\" content=\"2023-01-31T13:18:33+00:00\" \/>\n<meta property=\"og:image\" content=\"https:\/\/redenoticiaz.com.br\/litoralsp\/wp-content\/uploads\/sites\/3\/2023\/01\/TOMBAMENTO-BUS.jpg\" \/>\n\t<meta property=\"og:image:width\" content=\"485\" \/>\n\t<meta property=\"og:image:height\" content=\"268\" \/>\n\t<meta property=\"og:image:type\" content=\"image\/jpeg\" \/>\n<meta name=\"author\" content=\"Leonardo Francisco\" \/>\n<meta name=\"twitter:card\" content=\"summary_large_image\" \/>\n<meta name=\"twitter:label1\" content=\"Escrito por\" \/>\n\t<meta name=\"twitter:data1\" content=\"Leonardo Francisco\" \/>\n\t<meta name=\"twitter:label2\" content=\"Est. tempo de leitura\" \/>\n\t<meta name=\"twitter:data2\" content=\"2 minutos\" \/>\n<script type=\"application\/ld+json\" class=\"yoast-schema-graph\">{\"@context\":\"https:\\\/\\\/schema.org\",\"@graph\":[{\"@type\":\"Article\",\"@id\":\"https:\\\/\\\/redenoticiaz.com.br\\\/litoralsp\\\/2023\\\/01\\\/31\\\/onibus-de-viagem-tomba-e-mata-sete-pessoas-no-parana#article\",\"isPartOf\":{\"@id\":\"https:\\\/\\\/redenoticiaz.com.br\\\/litoralsp\\\/2023\\\/01\\\/31\\\/onibus-de-viagem-tomba-e-mata-sete-pessoas-no-parana\"},\"author\":{\"name\":\"Leonardo Francisco\",\"@id\":\"https:\\\/\\\/redenoticiaz.com.br\\\/litoralsp\\\/#\\\/schema\\\/person\\\/0f0b8a5bdafefe82841e07ae8d81ecb3\"},\"headline\":\"\u00d4nibus de viagem tomba e mata sete pessoas no Paran\u00e1\",\"datePublished\":\"2023-01-31T13:18:33+00:00\",\"mainEntityOfPage\":{\"@id\":\"https:\\\/\\\/redenoticiaz.com.br\\\/litoralsp\\\/2023\\\/01\\\/31\\\/onibus-de-viagem-tomba-e-mata-sete-pessoas-no-parana\"},\"wordCount\":258,\"commentCount\":0,\"publisher\":{\"@id\":\"https:\\\/\\\/redenoticiaz.com.br\\\/litoralsp\\\/#organization\"},\"image\":{\"@id\":\"https:\\\/\\\/redenoticiaz.com.br\\\/litoralsp\\\/2023\\\/01\\\/31\\\/onibus-de-viagem-tomba-e-mata-sete-pessoas-no-parana#primaryimage\"},\"thumbnailUrl\":\"https:\\\/\\\/redenoticiaz.com.br\\\/litoralsp\\\/wp-content\\\/uploads\\\/sites\\\/3\\\/2023\\\/01\\\/TOMBAMENTO-BUS.jpg\",\"keywords\":[\"BR-277\",\"FERNANDES PINHEIRO\",\"MORTES\",\"\u00d4NIBUS DE VIAGEM\",\"PARAN\u00c1\"],\"articleSection\":[\"Pol\u00edcia\",\"Tr\u00e2nsito\"],\"inLanguage\":\"pt-BR\",\"potentialAction\":[{\"@type\":\"CommentAction\",\"name\":\"Comment\",\"target\":[\"https:\\\/\\\/redenoticiaz.com.br\\\/litoralsp\\\/2023\\\/01\\\/31\\\/onibus-de-viagem-tomba-e-mata-sete-pessoas-no-parana#respond\"]}]},{\"@type\":\"WebPage\",\"@id\":\"https:\\\/\\\/redenoticiaz.com.br\\\/litoralsp\\\/2023\\\/01\\\/31\\\/onibus-de-viagem-tomba-e-mata-sete-pessoas-no-parana\",\"url\":\"https:\\\/\\\/redenoticiaz.com.br\\\/litoralsp\\\/2023\\\/01\\\/31\\\/onibus-de-viagem-tomba-e-mata-sete-pessoas-no-parana\",\"name\":\"\u00d4nibus de viagem tomba e mata sete pessoas no Paran\u00e1 - Litoral SP\",\"isPartOf\":{\"@id\":\"https:\\\/\\\/redenoticiaz.com.br\\\/litoralsp\\\/#website\"},\"primaryImageOfPage\":{\"@id\":\"https:\\\/\\\/redenoticiaz.com.br\\\/litoralsp\\\/2023\\\/01\\\/31\\\/onibus-de-viagem-tomba-e-mata-sete-pessoas-no-parana#primaryimage\"},\"image\":{\"@id\":\"https:\\\/\\\/redenoticiaz.com.br\\\/litoralsp\\\/2023\\\/01\\\/31\\\/onibus-de-viagem-tomba-e-mata-sete-pessoas-no-parana#primaryimage\"},\"thumbnailUrl\":\"https:\\\/\\\/redenoticiaz.com.br\\\/litoralsp\\\/wp-content\\\/uploads\\\/sites\\\/3\\\/2023\\\/01\\\/TOMBAMENTO-BUS.jpg\",\"datePublished\":\"2023-01-31T13:18:33+00:00\",\"description\":\"Um \u00f4nibus de viagem tombou e provocou as mortes de sete pessoas nesta ter\u00e7a-feira (31) na BR-277, na cidade de Fernandes Pinheiro\",\"inLanguage\":\"pt-BR\",\"potentialAction\":[{\"@type\":\"ReadAction\",\"target\":[\"https:\\\/\\\/redenoticiaz.com.br\\\/litoralsp\\\/2023\\\/01\\\/31\\\/onibus-de-viagem-tomba-e-mata-sete-pessoas-no-parana\"]}]},{\"@type\":\"ImageObject\",\"inLanguage\":\"pt-BR\",\"@id\":\"https:\\\/\\\/redenoticiaz.com.br\\\/litoralsp\\\/2023\\\/01\\\/31\\\/onibus-de-viagem-tomba-e-mata-sete-pessoas-no-parana#primaryimage\",\"url\":\"https:\\\/\\\/redenoticiaz.com.br\\\/litoralsp\\\/wp-content\\\/uploads\\\/sites\\\/3\\\/2023\\\/01\\\/TOMBAMENTO-BUS.jpg\",\"contentUrl\":\"https:\\\/\\\/redenoticiaz.com.br\\\/litoralsp\\\/wp-content\\\/uploads\\\/sites\\\/3\\\/2023\\\/01\\\/TOMBAMENTO-BUS.jpg\",\"width\":485,\"height\":268,\"caption\":\"Destino do ve\u00edculo seria Foz do Igua\u00e7u ap\u00f3s sair de Florian\u00f3polis. Cr\u00e9ditos: Divulga\u00e7\u00e3o\\\/Pol\u00edcia Rodovi\u00e1ria Federal\"},{\"@type\":\"WebSite\",\"@id\":\"https:\\\/\\\/redenoticiaz.com.br\\\/litoralsp\\\/#website\",\"url\":\"https:\\\/\\\/redenoticiaz.com.br\\\/litoralsp\\\/\",\"name\":\"Litoral SP\",\"description\":\"Rede NoticiaZ\",\"publisher\":{\"@id\":\"https:\\\/\\\/redenoticiaz.com.br\\\/litoralsp\\\/#organization\"},\"potentialAction\":[{\"@type\":\"SearchAction\",\"target\":{\"@type\":\"EntryPoint\",\"urlTemplate\":\"https:\\\/\\\/redenoticiaz.com.br\\\/litoralsp\\\/?s={search_term_string}\"},\"query-input\":{\"@type\":\"PropertyValueSpecification\",\"valueRequired\":true,\"valueName\":\"search_term_string\"}}],\"inLanguage\":\"pt-BR\"},{\"@type\":\"Organization\",\"@id\":\"https:\\\/\\\/redenoticiaz.com.br\\\/litoralsp\\\/#organization\",\"name\":\"Litoral SP\",\"url\":\"https:\\\/\\\/redenoticiaz.com.br\\\/litoralsp\\\/\",\"logo\":{\"@type\":\"ImageObject\",\"inLanguage\":\"pt-BR\",\"@id\":\"https:\\\/\\\/redenoticiaz.com.br\\\/litoralsp\\\/#\\\/schema\\\/logo\\\/image\\\/\",\"url\":\"https:\\\/\\\/redenoticiaz.com.br\\\/litoralsp\\\/wp-content\\\/uploads\\\/sites\\\/3\\\/2020\\\/11\\\/logo.jpg\",\"contentUrl\":\"https:\\\/\\\/redenoticiaz.com.br\\\/litoralsp\\\/wp-content\\\/uploads\\\/sites\\\/3\\\/2020\\\/11\\\/logo.jpg\",\"width\":400,\"height\":250,\"caption\":\"Litoral SP\"},\"image\":{\"@id\":\"https:\\\/\\\/redenoticiaz.com.br\\\/litoralsp\\\/#\\\/schema\\\/logo\\\/image\\\/\"}},{\"@type\":\"Person\",\"@id\":\"https:\\\/\\\/redenoticiaz.com.br\\\/litoralsp\\\/#\\\/schema\\\/person\\\/0f0b8a5bdafefe82841e07ae8d81ecb3\",\"name\":\"Leonardo Francisco\",\"image\":{\"@type\":\"ImageObject\",\"inLanguage\":\"pt-BR\",\"@id\":\"https:\\\/\\\/secure.gravatar.com\\\/avatar\\\/a7358cb406a99b682ec6df1e77e31ae82e63601f6784e8a3df411d72b37864da?s=96&d=mm&r=g\",\"url\":\"https:\\\/\\\/secure.gravatar.com\\\/avatar\\\/a7358cb406a99b682ec6df1e77e31ae82e63601f6784e8a3df411d72b37864da?s=96&d=mm&r=g\",\"contentUrl\":\"https:\\\/\\\/secure.gravatar.com\\\/avatar\\\/a7358cb406a99b682ec6df1e77e31ae82e63601f6784e8a3df411d72b37864da?s=96&d=mm&r=g\",\"caption\":\"Leonardo Francisco\"},\"url\":\"https:\\\/\\\/redenoticiaz.com.br\\\/litoralsp\\\/author\\\/leonardo-francisco\"}]}<\/script>\n<!-- \/ Yoast SEO plugin. -->","yoast_head_json":{"title":"\u00d4nibus de viagem tomba e mata sete pessoas no Paran\u00e1 - Litoral SP","description":"Um \u00f4nibus de viagem tombou e provocou as mortes de sete pessoas nesta ter\u00e7a-feira (31) na BR-277, na cidade de Fernandes Pinheiro","robots":{"index":"index","follow":"follow","max-snippet":"max-snippet:-1","max-image-preview":"max-image-preview:large","max-video-preview":"max-video-preview:-1"},"canonical":"https:\/\/redenoticiaz.com.br\/litoralsp\/2023\/01\/31\/onibus-de-viagem-tomba-e-mata-sete-pessoas-no-parana","og_locale":"pt_BR","og_type":"article","og_title":"\u00d4nibus de viagem tomba e mata sete pessoas no Paran\u00e1 - Litoral SP","og_description":"Um \u00f4nibus de viagem tombou e provocou as mortes de sete pessoas nesta ter\u00e7a-feira (31) na BR-277, na cidade de Fernandes Pinheiro","og_url":"https:\/\/redenoticiaz.com.br\/litoralsp\/2023\/01\/31\/onibus-de-viagem-tomba-e-mata-sete-pessoas-no-parana","og_site_name":"Litoral SP","article_published_time":"2023-01-31T13:18:33+00:00","og_image":[{"width":485,"height":268,"url":"https:\/\/redenoticiaz.com.br\/litoralsp\/wp-content\/uploads\/sites\/3\/2023\/01\/TOMBAMENTO-BUS.jpg","type":"image\/jpeg"}],"author":"Leonardo Francisco","twitter_card":"summary_large_image","twitter_misc":{"Escrito por":"Leonardo Francisco","Est. tempo de leitura":"2 minutos"},"schema":{"@context":"https:\/\/schema.org","@graph":[{"@type":"Article","@id":"https:\/\/redenoticiaz.com.br\/litoralsp\/2023\/01\/31\/onibus-de-viagem-tomba-e-mata-sete-pessoas-no-parana#article","isPartOf":{"@id":"https:\/\/redenoticiaz.com.br\/litoralsp\/2023\/01\/31\/onibus-de-viagem-tomba-e-mata-sete-pessoas-no-parana"},"author":{"name":"Leonardo Francisco","@id":"https:\/\/redenoticiaz.com.br\/litoralsp\/#\/schema\/person\/0f0b8a5bdafefe82841e07ae8d81ecb3"},"headline":"\u00d4nibus de viagem tomba e mata sete pessoas no Paran\u00e1","datePublished":"2023-01-31T13:18:33+00:00","mainEntityOfPage":{"@id":"https:\/\/redenoticiaz.com.br\/litoralsp\/2023\/01\/31\/onibus-de-viagem-tomba-e-mata-sete-pessoas-no-parana"},"wordCount":258,"commentCount":0,"publisher":{"@id":"https:\/\/redenoticiaz.com.br\/litoralsp\/#organization"},"image":{"@id":"https:\/\/redenoticiaz.com.br\/litoralsp\/2023\/01\/31\/onibus-de-viagem-tomba-e-mata-sete-pessoas-no-parana#primaryimage"},"thumbnailUrl":"https:\/\/redenoticiaz.com.br\/litoralsp\/wp-content\/uploads\/sites\/3\/2023\/01\/TOMBAMENTO-BUS.jpg","keywords":["BR-277","FERNANDES PINHEIRO","MORTES","\u00d4NIBUS DE VIAGEM","PARAN\u00c1"],"articleSection":["Pol\u00edcia","Tr\u00e2nsito"],"inLanguage":"pt-BR","potentialAction":[{"@type":"CommentAction","name":"Comment","target":["https:\/\/redenoticiaz.com.br\/litoralsp\/2023\/01\/31\/onibus-de-viagem-tomba-e-mata-sete-pessoas-no-parana#respond"]}]},{"@type":"WebPage","@id":"https:\/\/redenoticiaz.com.br\/litoralsp\/2023\/01\/31\/onibus-de-viagem-tomba-e-mata-sete-pessoas-no-parana","url":"https:\/\/redenoticiaz.com.br\/litoralsp\/2023\/01\/31\/onibus-de-viagem-tomba-e-mata-sete-pessoas-no-parana","name":"\u00d4nibus de viagem tomba e mata sete pessoas no Paran\u00e1 - Litoral SP","isPartOf":{"@id":"https:\/\/redenoticiaz.com.br\/litoralsp\/#website"},"primaryImageOfPage":{"@id":"https:\/\/redenoticiaz.com.br\/litoralsp\/2023\/01\/31\/onibus-de-viagem-tomba-e-mata-sete-pessoas-no-parana#primaryimage"},"image":{"@id":"https:\/\/redenoticiaz.com.br\/litoralsp\/2023\/01\/31\/onibus-de-viagem-tomba-e-mata-sete-pessoas-no-parana#primaryimage"},"thumbnailUrl":"https:\/\/redenoticiaz.com.br\/litoralsp\/wp-content\/uploads\/sites\/3\/2023\/01\/TOMBAMENTO-BUS.jpg","datePublished":"2023-01-31T13:18:33+00:00","description":"Um \u00f4nibus de viagem tombou e provocou as mortes de sete pessoas nesta ter\u00e7a-feira (31) na BR-277, na cidade de Fernandes Pinheiro","inLanguage":"pt-BR","potentialAction":[{"@type":"ReadAction","target":["https:\/\/redenoticiaz.com.br\/litoralsp\/2023\/01\/31\/onibus-de-viagem-tomba-e-mata-sete-pessoas-no-parana"]}]},{"@type":"ImageObject","inLanguage":"pt-BR","@id":"https:\/\/redenoticiaz.com.br\/litoralsp\/2023\/01\/31\/onibus-de-viagem-tomba-e-mata-sete-pessoas-no-parana#primaryimage","url":"https:\/\/redenoticiaz.com.br\/litoralsp\/wp-content\/uploads\/sites\/3\/2023\/01\/TOMBAMENTO-BUS.jpg","contentUrl":"https:\/\/redenoticiaz.com.br\/litoralsp\/wp-content\/uploads\/sites\/3\/2023\/01\/TOMBAMENTO-BUS.jpg","width":485,"height":268,"caption":"Destino do ve\u00edculo seria Foz do Igua\u00e7u ap\u00f3s sair de Florian\u00f3polis. Cr\u00e9ditos: Divulga\u00e7\u00e3o\/Pol\u00edcia Rodovi\u00e1ria Federal"},{"@type":"WebSite","@id":"https:\/\/redenoticiaz.com.br\/litoralsp\/#website","url":"https:\/\/redenoticiaz.com.br\/litoralsp\/","name":"Litoral SP","description":"Rede NoticiaZ","publisher":{"@id":"https:\/\/redenoticiaz.com.br\/litoralsp\/#organization"},"potentialAction":[{"@type":"SearchAction","target":{"@type":"EntryPoint","urlTemplate":"https:\/\/redenoticiaz.com.br\/litoralsp\/?s={search_term_string}"},"query-input":{"@type":"PropertyValueSpecification","valueRequired":true,"valueName":"search_term_string"}}],"inLanguage":"pt-BR"},{"@type":"Organization","@id":"https:\/\/redenoticiaz.com.br\/litoralsp\/#organization","name":"Litoral SP","url":"https:\/\/redenoticiaz.com.br\/litoralsp\/","logo":{"@type":"ImageObject","inLanguage":"pt-BR","@id":"https:\/\/redenoticiaz.com.br\/litoralsp\/#\/schema\/logo\/image\/","url":"https:\/\/redenoticiaz.com.br\/litoralsp\/wp-content\/uploads\/sites\/3\/2020\/11\/logo.jpg","contentUrl":"https:\/\/redenoticiaz.com.br\/litoralsp\/wp-content\/uploads\/sites\/3\/2020\/11\/logo.jpg","width":400,"height":250,"caption":"Litoral SP"},"image":{"@id":"https:\/\/redenoticiaz.com.br\/litoralsp\/#\/schema\/logo\/image\/"}},{"@type":"Person","@id":"https:\/\/redenoticiaz.com.br\/litoralsp\/#\/schema\/person\/0f0b8a5bdafefe82841e07ae8d81ecb3","name":"Leonardo Francisco","image":{"@type":"ImageObject","inLanguage":"pt-BR","@id":"https:\/\/secure.gravatar.com\/avatar\/a7358cb406a99b682ec6df1e77e31ae82e63601f6784e8a3df411d72b37864da?s=96&d=mm&r=g","url":"https:\/\/secure.gravatar.com\/avatar\/a7358cb406a99b682ec6df1e77e31ae82e63601f6784e8a3df411d72b37864da?s=96&d=mm&r=g","contentUrl":"https:\/\/secure.gravatar.com\/avatar\/a7358cb406a99b682ec6df1e77e31ae82e63601f6784e8a3df411d72b37864da?s=96&d=mm&r=g","caption":"Leonardo Francisco"},"url":"https:\/\/redenoticiaz.com.br\/litoralsp\/author\/leonardo-francisco"}]}},"_links":{"self":[{"href":"https:\/\/redenoticiaz.com.br\/litoralsp\/wp-json\/wp\/v2\/posts\/99889","targetHints":{"allow":["GET"]}}],"collection":[{"href":"https:\/\/redenoticiaz.com.br\/litoralsp\/wp-json\/wp\/v2\/posts"}],"about":[{"href":"https:\/\/redenoticiaz.com.br\/litoralsp\/wp-json\/wp\/v2\/types\/post"}],"author":[{"embeddable":true,"href":"https:\/\/redenoticiaz.com.br\/litoralsp\/wp-json\/wp\/v2\/users\/6"}],"replies":[{"embeddable":true,"href":"https:\/\/redenoticiaz.com.br\/litoralsp\/wp-json\/wp\/v2\/comments?post=99889"}],"version-history":[{"count":1,"href":"https:\/\/redenoticiaz.com.br\/litoralsp\/wp-json\/wp\/v2\/posts\/99889\/revisions"}],"predecessor-version":[{"id":99891,"href":"https:\/\/redenoticiaz.com.br\/litoralsp\/wp-json\/wp\/v2\/posts\/99889\/revisions\/99891"}],"wp:featuredmedia":[{"embeddable":true,"href":"https:\/\/redenoticiaz.com.br\/litoralsp\/wp-json\/wp\/v2\/media\/99890"}],"wp:attachment":[{"href":"https:\/\/redenoticiaz.com.br\/litoralsp\/wp-json\/wp\/v2\/media?parent=99889"}],"wp:term":[{"taxonomy":"category","embeddable":true,"href":"https:\/\/redenoticiaz.com.br\/litoralsp\/wp-json\/wp\/v2\/categories?post=99889"},{"taxonomy":"post_tag","embeddable":true,"href":"https:\/\/redenoticiaz.com.br\/litoralsp\/wp-json\/wp\/v2\/tags?post=99889"}],"curies":[{"name":"wp","href":"https:\/\/api.w.org\/{rel}","templated":true}]}}