{"id":99912,"date":"2023-01-31T12:44:53","date_gmt":"2023-01-31T15:44:53","guid":{"rendered":"https:\/\/redenoticiaz.com.br\/litoralsp\/?p=99912"},"modified":"2023-01-31T12:44:53","modified_gmt":"2023-01-31T15:44:53","slug":"de-20-mil-chamados-do-samu-de-guaruja-em-2022-mais-de-2-mil-foram-trote","status":"publish","type":"post","link":"https:\/\/redenoticiaz.com.br\/litoralsp\/2023\/01\/31\/de-20-mil-chamados-do-samu-de-guaruja-em-2022-mais-de-2-mil-foram-trote","title":{"rendered":"De 20 mil chamados do Samu de Guaruj\u00e1 em 2022, mais de 2 mil foram trote"},"content":{"rendered":"<p data-raofz=\"17\">S\u00f3 em 2022, o n\u00famero de trotes recebidos pelo Samu, em Guaruj\u00e1, foi o equivalente a mais de um m\u00eas de atendimentos.<\/p>\n<p data-raofz=\"17\">De acordo com as informa\u00e7\u00f5es,\u00a0 dos 20 mil chamados no ano, 2.200 (11%) n\u00e3o foram para alguma situa\u00e7\u00e3o de urg\u00eancia ou emerg\u00eancia que levaria a sofrimento, sequelas ou at\u00e9 mesmo \u00e0 morte.<\/p>\n<p data-raofz=\"17\">Ainda de acordo com as informa\u00e7\u00f5es, or conta da m\u00e9dia mensal de 2 mil atendimentos, que chega a 7 pmil durante a temporada, a equipe redobra a aten\u00e7\u00e3o para o Carnaval, em fevereiro.<\/p>\n<p data-raofz=\"17\">Por isso, a coordenadora do Samu Guaruj\u00e1, Ana Paula Mormitto, pede que a popula\u00e7\u00e3o entre em contato com o Samu apenas em situa\u00e7\u00f5es de emerg\u00eancia.<\/p>\n<blockquote>\n<p data-raofz=\"17\">\u201cTemos cerca de 60 atendimentos por dia, o que aumenta muito durante a temporada. S\u00f3 que, com esse grande n\u00famero de trotes, algu\u00e9m que realmente precisa pode deixar de ser atendido por conta desse desvio de recurso. Vamos pensar que poderia ser um familiar nosso que ficou mal ou morreu porque uma equipe est\u00e1 empenhada em atuar em uma brincadeira de mau gosto\u201d<\/p>\n<\/blockquote>\n<p data-raofz=\"17\">O Samu atende basicamente pacientes com perda de consci\u00eancia, sintomas de AVC, v\u00edtimas de acidente de tr\u00e2nsito, que sofreram quedas de grandes alturas, em trabalho de parto, que tenham convuls\u00e3o, surtos psic\u00f3ticos, entre outras situa\u00e7\u00f5es.<\/p>\n<p data-raofz=\"17\"><strong>Leia mais<\/strong><\/p>\n<p data-raofz=\"17\"><a href=\"https:\/\/redenoticiaz.com.br\/litoralsp\/2023\/01\/29\/bandido-baleado-durante-tentativa-de-assalto-a-policiais-no-guaruja-e-morto\">Bandido baleado durante tentativa de assalto a policiais no Guaruj\u00e1 \u00e9 morto<\/a><\/p>\n","protected":false},"excerpt":{"rendered":"<p>S\u00f3 em 2022, o n\u00famero de trotes recebidos pelo Samu, em Guaruj\u00e1, foi o equivalente a mais de um m\u00eas de atendimentos. De acordo com as informa\u00e7\u00f5es,\u00a0 dos 20 mil chamados no ano, 2.200 (11%) n\u00e3o foram para alguma situa\u00e7\u00e3o de urg\u00eancia ou emerg\u00eancia que levaria a sofrimento, sequelas ou at\u00e9 mesmo \u00e0 morte. Ainda &hellip;<\/p>\n","protected":false},"author":12,"featured_media":99913,"comment_status":"open","ping_status":"closed","sticky":false,"template":"","format":"standard","meta":{"footnotes":""},"categories":[187],"tags":[6426,3143,56606,63025],"class_list":["post-99912","post","type-post","status-publish","format-standard","has-post-thumbnail","hentry","category-guaruja","tag-guaruja-2","tag-samu","tag-trotes","tag-trotes-samu"],"yoast_head":"<!-- This site is optimized with the Yoast SEO plugin v27.5 - https:\/\/yoast.com\/product\/yoast-seo-wordpress\/ -->\n<title>De 20 mil chamados do Samu de Guaruj\u00e1 em 2022, mais de 2 mil foram trote - Litoral SP<\/title>\n<meta name=\"description\" content=\"S\u00f3 em 2022, o n\u00famero de trotes recebidos pelo Samu, em Guaruj\u00e1, foi o equivalente a mais de um m\u00eas de atendimentos.\" \/>\n<meta name=\"robots\" content=\"index, follow, max-snippet:-1, max-image-preview:large, max-video-preview:-1\" \/>\n<link rel=\"canonical\" href=\"https:\/\/redenoticiaz.com.br\/litoralsp\/2023\/01\/31\/de-20-mil-chamados-do-samu-de-guaruja-em-2022-mais-de-2-mil-foram-trote\" \/>\n<meta property=\"og:locale\" content=\"pt_BR\" \/>\n<meta property=\"og:type\" content=\"article\" \/>\n<meta property=\"og:title\" content=\"De 20 mil chamados do Samu de Guaruj\u00e1 em 2022, mais de 2 mil foram trote - Litoral SP\" \/>\n<meta property=\"og:description\" content=\"S\u00f3 em 2022, o n\u00famero de trotes recebidos pelo Samu, em Guaruj\u00e1, foi o equivalente a mais de um m\u00eas de atendimentos.\" \/>\n<meta property=\"og:url\" content=\"https:\/\/redenoticiaz.com.br\/litoralsp\/2023\/01\/31\/de-20-mil-chamados-do-samu-de-guaruja-em-2022-mais-de-2-mil-foram-trote\" \/>\n<meta property=\"og:site_name\" content=\"Litoral SP\" \/>\n<meta property=\"article:published_time\" content=\"2023-01-31T15:44:53+00:00\" \/>\n<meta property=\"og:image\" content=\"https:\/\/redenoticiaz.com.br\/litoralsp\/wp-content\/uploads\/sites\/3\/2023\/01\/52652563085_253e9eeae5_k-1024x683-1.jpg\" \/>\n\t<meta property=\"og:image:width\" content=\"1024\" \/>\n\t<meta property=\"og:image:height\" content=\"683\" \/>\n\t<meta property=\"og:image:type\" content=\"image\/jpeg\" \/>\n<meta name=\"author\" content=\"Gustavo Silva\" \/>\n<meta name=\"twitter:card\" content=\"summary_large_image\" \/>\n<meta name=\"twitter:label1\" content=\"Escrito por\" \/>\n\t<meta name=\"twitter:data1\" content=\"Gustavo Silva\" \/>\n\t<meta name=\"twitter:label2\" content=\"Est. tempo de leitura\" \/>\n\t<meta name=\"twitter:data2\" content=\"2 minutos\" \/>\n<script type=\"application\/ld+json\" class=\"yoast-schema-graph\">{\"@context\":\"https:\\\/\\\/schema.org\",\"@graph\":[{\"@type\":\"Article\",\"@id\":\"https:\\\/\\\/redenoticiaz.com.br\\\/litoralsp\\\/2023\\\/01\\\/31\\\/de-20-mil-chamados-do-samu-de-guaruja-em-2022-mais-de-2-mil-foram-trote#article\",\"isPartOf\":{\"@id\":\"https:\\\/\\\/redenoticiaz.com.br\\\/litoralsp\\\/2023\\\/01\\\/31\\\/de-20-mil-chamados-do-samu-de-guaruja-em-2022-mais-de-2-mil-foram-trote\"},\"author\":{\"name\":\"Gustavo Silva\",\"@id\":\"https:\\\/\\\/redenoticiaz.com.br\\\/litoralsp\\\/#\\\/schema\\\/person\\\/16057b37a3c0ee6b096d7f887c566e2e\"},\"headline\":\"De 20 mil chamados do Samu de Guaruj\u00e1 em 2022, mais de 2 mil foram trote\",\"datePublished\":\"2023-01-31T15:44:53+00:00\",\"mainEntityOfPage\":{\"@id\":\"https:\\\/\\\/redenoticiaz.com.br\\\/litoralsp\\\/2023\\\/01\\\/31\\\/de-20-mil-chamados-do-samu-de-guaruja-em-2022-mais-de-2-mil-foram-trote\"},\"wordCount\":249,\"commentCount\":0,\"publisher\":{\"@id\":\"https:\\\/\\\/redenoticiaz.com.br\\\/litoralsp\\\/#organization\"},\"image\":{\"@id\":\"https:\\\/\\\/redenoticiaz.com.br\\\/litoralsp\\\/2023\\\/01\\\/31\\\/de-20-mil-chamados-do-samu-de-guaruja-em-2022-mais-de-2-mil-foram-trote#primaryimage\"},\"thumbnailUrl\":\"https:\\\/\\\/redenoticiaz.com.br\\\/litoralsp\\\/wp-content\\\/uploads\\\/sites\\\/3\\\/2023\\\/01\\\/52652563085_253e9eeae5_k-1024x683-1.jpg\",\"keywords\":[\"Guaruj\u00e1\",\"SAMU\",\"TROTES\",\"trotes samu\"],\"articleSection\":[\"Guaruj\u00e1\"],\"inLanguage\":\"pt-BR\",\"potentialAction\":[{\"@type\":\"CommentAction\",\"name\":\"Comment\",\"target\":[\"https:\\\/\\\/redenoticiaz.com.br\\\/litoralsp\\\/2023\\\/01\\\/31\\\/de-20-mil-chamados-do-samu-de-guaruja-em-2022-mais-de-2-mil-foram-trote#respond\"]}]},{\"@type\":\"WebPage\",\"@id\":\"https:\\\/\\\/redenoticiaz.com.br\\\/litoralsp\\\/2023\\\/01\\\/31\\\/de-20-mil-chamados-do-samu-de-guaruja-em-2022-mais-de-2-mil-foram-trote\",\"url\":\"https:\\\/\\\/redenoticiaz.com.br\\\/litoralsp\\\/2023\\\/01\\\/31\\\/de-20-mil-chamados-do-samu-de-guaruja-em-2022-mais-de-2-mil-foram-trote\",\"name\":\"De 20 mil chamados do Samu de Guaruj\u00e1 em 2022, mais de 2 mil foram trote - Litoral SP\",\"isPartOf\":{\"@id\":\"https:\\\/\\\/redenoticiaz.com.br\\\/litoralsp\\\/#website\"},\"primaryImageOfPage\":{\"@id\":\"https:\\\/\\\/redenoticiaz.com.br\\\/litoralsp\\\/2023\\\/01\\\/31\\\/de-20-mil-chamados-do-samu-de-guaruja-em-2022-mais-de-2-mil-foram-trote#primaryimage\"},\"image\":{\"@id\":\"https:\\\/\\\/redenoticiaz.com.br\\\/litoralsp\\\/2023\\\/01\\\/31\\\/de-20-mil-chamados-do-samu-de-guaruja-em-2022-mais-de-2-mil-foram-trote#primaryimage\"},\"thumbnailUrl\":\"https:\\\/\\\/redenoticiaz.com.br\\\/litoralsp\\\/wp-content\\\/uploads\\\/sites\\\/3\\\/2023\\\/01\\\/52652563085_253e9eeae5_k-1024x683-1.jpg\",\"datePublished\":\"2023-01-31T15:44:53+00:00\",\"description\":\"S\u00f3 em 2022, o n\u00famero de trotes recebidos pelo Samu, em Guaruj\u00e1, foi o equivalente a mais de um m\u00eas de atendimentos.\",\"inLanguage\":\"pt-BR\",\"potentialAction\":[{\"@type\":\"ReadAction\",\"target\":[\"https:\\\/\\\/redenoticiaz.com.br\\\/litoralsp\\\/2023\\\/01\\\/31\\\/de-20-mil-chamados-do-samu-de-guaruja-em-2022-mais-de-2-mil-foram-trote\"]}]},{\"@type\":\"ImageObject\",\"inLanguage\":\"pt-BR\",\"@id\":\"https:\\\/\\\/redenoticiaz.com.br\\\/litoralsp\\\/2023\\\/01\\\/31\\\/de-20-mil-chamados-do-samu-de-guaruja-em-2022-mais-de-2-mil-foram-trote#primaryimage\",\"url\":\"https:\\\/\\\/redenoticiaz.com.br\\\/litoralsp\\\/wp-content\\\/uploads\\\/sites\\\/3\\\/2023\\\/01\\\/52652563085_253e9eeae5_k-1024x683-1.jpg\",\"contentUrl\":\"https:\\\/\\\/redenoticiaz.com.br\\\/litoralsp\\\/wp-content\\\/uploads\\\/sites\\\/3\\\/2023\\\/01\\\/52652563085_253e9eeae5_k-1024x683-1.jpg\",\"width\":1024,\"height\":683,\"caption\":\"De 20 mil chamados do Samu de Guaruj\u00e1 em 2022, mais de 2 mil foram trote\"},{\"@type\":\"WebSite\",\"@id\":\"https:\\\/\\\/redenoticiaz.com.br\\\/litoralsp\\\/#website\",\"url\":\"https:\\\/\\\/redenoticiaz.com.br\\\/litoralsp\\\/\",\"name\":\"Litoral SP\",\"description\":\"Rede NoticiaZ\",\"publisher\":{\"@id\":\"https:\\\/\\\/redenoticiaz.com.br\\\/litoralsp\\\/#organization\"},\"potentialAction\":[{\"@type\":\"SearchAction\",\"target\":{\"@type\":\"EntryPoint\",\"urlTemplate\":\"https:\\\/\\\/redenoticiaz.com.br\\\/litoralsp\\\/?s={search_term_string}\"},\"query-input\":{\"@type\":\"PropertyValueSpecification\",\"valueRequired\":true,\"valueName\":\"search_term_string\"}}],\"inLanguage\":\"pt-BR\"},{\"@type\":\"Organization\",\"@id\":\"https:\\\/\\\/redenoticiaz.com.br\\\/litoralsp\\\/#organization\",\"name\":\"Litoral SP\",\"url\":\"https:\\\/\\\/redenoticiaz.com.br\\\/litoralsp\\\/\",\"logo\":{\"@type\":\"ImageObject\",\"inLanguage\":\"pt-BR\",\"@id\":\"https:\\\/\\\/redenoticiaz.com.br\\\/litoralsp\\\/#\\\/schema\\\/logo\\\/image\\\/\",\"url\":\"https:\\\/\\\/redenoticiaz.com.br\\\/litoralsp\\\/wp-content\\\/uploads\\\/sites\\\/3\\\/2020\\\/11\\\/logo.jpg\",\"contentUrl\":\"https:\\\/\\\/redenoticiaz.com.br\\\/litoralsp\\\/wp-content\\\/uploads\\\/sites\\\/3\\\/2020\\\/11\\\/logo.jpg\",\"width\":400,\"height\":250,\"caption\":\"Litoral SP\"},\"image\":{\"@id\":\"https:\\\/\\\/redenoticiaz.com.br\\\/litoralsp\\\/#\\\/schema\\\/logo\\\/image\\\/\"}},{\"@type\":\"Person\",\"@id\":\"https:\\\/\\\/redenoticiaz.com.br\\\/litoralsp\\\/#\\\/schema\\\/person\\\/16057b37a3c0ee6b096d7f887c566e2e\",\"name\":\"Gustavo Silva\",\"image\":{\"@type\":\"ImageObject\",\"inLanguage\":\"pt-BR\",\"@id\":\"https:\\\/\\\/secure.gravatar.com\\\/avatar\\\/3ee4e82f93b26de0a7cf4ea5eb7893da637ed6bb0c9170c58065944c56e28a33?s=96&d=mm&r=g\",\"url\":\"https:\\\/\\\/secure.gravatar.com\\\/avatar\\\/3ee4e82f93b26de0a7cf4ea5eb7893da637ed6bb0c9170c58065944c56e28a33?s=96&d=mm&r=g\",\"contentUrl\":\"https:\\\/\\\/secure.gravatar.com\\\/avatar\\\/3ee4e82f93b26de0a7cf4ea5eb7893da637ed6bb0c9170c58065944c56e28a33?s=96&d=mm&r=g\",\"caption\":\"Gustavo Silva\"},\"url\":\"https:\\\/\\\/redenoticiaz.com.br\\\/litoralsp\\\/author\\\/gustavosilva\"}]}<\/script>\n<!-- \/ Yoast SEO plugin. -->","yoast_head_json":{"title":"De 20 mil chamados do Samu de Guaruj\u00e1 em 2022, mais de 2 mil foram trote - Litoral SP","description":"S\u00f3 em 2022, o n\u00famero de trotes recebidos pelo Samu, em Guaruj\u00e1, foi o equivalente a mais de um m\u00eas de atendimentos.","robots":{"index":"index","follow":"follow","max-snippet":"max-snippet:-1","max-image-preview":"max-image-preview:large","max-video-preview":"max-video-preview:-1"},"canonical":"https:\/\/redenoticiaz.com.br\/litoralsp\/2023\/01\/31\/de-20-mil-chamados-do-samu-de-guaruja-em-2022-mais-de-2-mil-foram-trote","og_locale":"pt_BR","og_type":"article","og_title":"De 20 mil chamados do Samu de Guaruj\u00e1 em 2022, mais de 2 mil foram trote - Litoral SP","og_description":"S\u00f3 em 2022, o n\u00famero de trotes recebidos pelo Samu, em Guaruj\u00e1, foi o equivalente a mais de um m\u00eas de atendimentos.","og_url":"https:\/\/redenoticiaz.com.br\/litoralsp\/2023\/01\/31\/de-20-mil-chamados-do-samu-de-guaruja-em-2022-mais-de-2-mil-foram-trote","og_site_name":"Litoral SP","article_published_time":"2023-01-31T15:44:53+00:00","og_image":[{"width":1024,"height":683,"url":"https:\/\/redenoticiaz.com.br\/litoralsp\/wp-content\/uploads\/sites\/3\/2023\/01\/52652563085_253e9eeae5_k-1024x683-1.jpg","type":"image\/jpeg"}],"author":"Gustavo Silva","twitter_card":"summary_large_image","twitter_misc":{"Escrito por":"Gustavo Silva","Est. tempo de leitura":"2 minutos"},"schema":{"@context":"https:\/\/schema.org","@graph":[{"@type":"Article","@id":"https:\/\/redenoticiaz.com.br\/litoralsp\/2023\/01\/31\/de-20-mil-chamados-do-samu-de-guaruja-em-2022-mais-de-2-mil-foram-trote#article","isPartOf":{"@id":"https:\/\/redenoticiaz.com.br\/litoralsp\/2023\/01\/31\/de-20-mil-chamados-do-samu-de-guaruja-em-2022-mais-de-2-mil-foram-trote"},"author":{"name":"Gustavo Silva","@id":"https:\/\/redenoticiaz.com.br\/litoralsp\/#\/schema\/person\/16057b37a3c0ee6b096d7f887c566e2e"},"headline":"De 20 mil chamados do Samu de Guaruj\u00e1 em 2022, mais de 2 mil foram trote","datePublished":"2023-01-31T15:44:53+00:00","mainEntityOfPage":{"@id":"https:\/\/redenoticiaz.com.br\/litoralsp\/2023\/01\/31\/de-20-mil-chamados-do-samu-de-guaruja-em-2022-mais-de-2-mil-foram-trote"},"wordCount":249,"commentCount":0,"publisher":{"@id":"https:\/\/redenoticiaz.com.br\/litoralsp\/#organization"},"image":{"@id":"https:\/\/redenoticiaz.com.br\/litoralsp\/2023\/01\/31\/de-20-mil-chamados-do-samu-de-guaruja-em-2022-mais-de-2-mil-foram-trote#primaryimage"},"thumbnailUrl":"https:\/\/redenoticiaz.com.br\/litoralsp\/wp-content\/uploads\/sites\/3\/2023\/01\/52652563085_253e9eeae5_k-1024x683-1.jpg","keywords":["Guaruj\u00e1","SAMU","TROTES","trotes samu"],"articleSection":["Guaruj\u00e1"],"inLanguage":"pt-BR","potentialAction":[{"@type":"CommentAction","name":"Comment","target":["https:\/\/redenoticiaz.com.br\/litoralsp\/2023\/01\/31\/de-20-mil-chamados-do-samu-de-guaruja-em-2022-mais-de-2-mil-foram-trote#respond"]}]},{"@type":"WebPage","@id":"https:\/\/redenoticiaz.com.br\/litoralsp\/2023\/01\/31\/de-20-mil-chamados-do-samu-de-guaruja-em-2022-mais-de-2-mil-foram-trote","url":"https:\/\/redenoticiaz.com.br\/litoralsp\/2023\/01\/31\/de-20-mil-chamados-do-samu-de-guaruja-em-2022-mais-de-2-mil-foram-trote","name":"De 20 mil chamados do Samu de Guaruj\u00e1 em 2022, mais de 2 mil foram trote - Litoral SP","isPartOf":{"@id":"https:\/\/redenoticiaz.com.br\/litoralsp\/#website"},"primaryImageOfPage":{"@id":"https:\/\/redenoticiaz.com.br\/litoralsp\/2023\/01\/31\/de-20-mil-chamados-do-samu-de-guaruja-em-2022-mais-de-2-mil-foram-trote#primaryimage"},"image":{"@id":"https:\/\/redenoticiaz.com.br\/litoralsp\/2023\/01\/31\/de-20-mil-chamados-do-samu-de-guaruja-em-2022-mais-de-2-mil-foram-trote#primaryimage"},"thumbnailUrl":"https:\/\/redenoticiaz.com.br\/litoralsp\/wp-content\/uploads\/sites\/3\/2023\/01\/52652563085_253e9eeae5_k-1024x683-1.jpg","datePublished":"2023-01-31T15:44:53+00:00","description":"S\u00f3 em 2022, o n\u00famero de trotes recebidos pelo Samu, em Guaruj\u00e1, foi o equivalente a mais de um m\u00eas de atendimentos.","inLanguage":"pt-BR","potentialAction":[{"@type":"ReadAction","target":["https:\/\/redenoticiaz.com.br\/litoralsp\/2023\/01\/31\/de-20-mil-chamados-do-samu-de-guaruja-em-2022-mais-de-2-mil-foram-trote"]}]},{"@type":"ImageObject","inLanguage":"pt-BR","@id":"https:\/\/redenoticiaz.com.br\/litoralsp\/2023\/01\/31\/de-20-mil-chamados-do-samu-de-guaruja-em-2022-mais-de-2-mil-foram-trote#primaryimage","url":"https:\/\/redenoticiaz.com.br\/litoralsp\/wp-content\/uploads\/sites\/3\/2023\/01\/52652563085_253e9eeae5_k-1024x683-1.jpg","contentUrl":"https:\/\/redenoticiaz.com.br\/litoralsp\/wp-content\/uploads\/sites\/3\/2023\/01\/52652563085_253e9eeae5_k-1024x683-1.jpg","width":1024,"height":683,"caption":"De 20 mil chamados do Samu de Guaruj\u00e1 em 2022, mais de 2 mil foram trote"},{"@type":"WebSite","@id":"https:\/\/redenoticiaz.com.br\/litoralsp\/#website","url":"https:\/\/redenoticiaz.com.br\/litoralsp\/","name":"Litoral SP","description":"Rede NoticiaZ","publisher":{"@id":"https:\/\/redenoticiaz.com.br\/litoralsp\/#organization"},"potentialAction":[{"@type":"SearchAction","target":{"@type":"EntryPoint","urlTemplate":"https:\/\/redenoticiaz.com.br\/litoralsp\/?s={search_term_string}"},"query-input":{"@type":"PropertyValueSpecification","valueRequired":true,"valueName":"search_term_string"}}],"inLanguage":"pt-BR"},{"@type":"Organization","@id":"https:\/\/redenoticiaz.com.br\/litoralsp\/#organization","name":"Litoral SP","url":"https:\/\/redenoticiaz.com.br\/litoralsp\/","logo":{"@type":"ImageObject","inLanguage":"pt-BR","@id":"https:\/\/redenoticiaz.com.br\/litoralsp\/#\/schema\/logo\/image\/","url":"https:\/\/redenoticiaz.com.br\/litoralsp\/wp-content\/uploads\/sites\/3\/2020\/11\/logo.jpg","contentUrl":"https:\/\/redenoticiaz.com.br\/litoralsp\/wp-content\/uploads\/sites\/3\/2020\/11\/logo.jpg","width":400,"height":250,"caption":"Litoral SP"},"image":{"@id":"https:\/\/redenoticiaz.com.br\/litoralsp\/#\/schema\/logo\/image\/"}},{"@type":"Person","@id":"https:\/\/redenoticiaz.com.br\/litoralsp\/#\/schema\/person\/16057b37a3c0ee6b096d7f887c566e2e","name":"Gustavo Silva","image":{"@type":"ImageObject","inLanguage":"pt-BR","@id":"https:\/\/secure.gravatar.com\/avatar\/3ee4e82f93b26de0a7cf4ea5eb7893da637ed6bb0c9170c58065944c56e28a33?s=96&d=mm&r=g","url":"https:\/\/secure.gravatar.com\/avatar\/3ee4e82f93b26de0a7cf4ea5eb7893da637ed6bb0c9170c58065944c56e28a33?s=96&d=mm&r=g","contentUrl":"https:\/\/secure.gravatar.com\/avatar\/3ee4e82f93b26de0a7cf4ea5eb7893da637ed6bb0c9170c58065944c56e28a33?s=96&d=mm&r=g","caption":"Gustavo Silva"},"url":"https:\/\/redenoticiaz.com.br\/litoralsp\/author\/gustavosilva"}]}},"_links":{"self":[{"href":"https:\/\/redenoticiaz.com.br\/litoralsp\/wp-json\/wp\/v2\/posts\/99912","targetHints":{"allow":["GET"]}}],"collection":[{"href":"https:\/\/redenoticiaz.com.br\/litoralsp\/wp-json\/wp\/v2\/posts"}],"about":[{"href":"https:\/\/redenoticiaz.com.br\/litoralsp\/wp-json\/wp\/v2\/types\/post"}],"author":[{"embeddable":true,"href":"https:\/\/redenoticiaz.com.br\/litoralsp\/wp-json\/wp\/v2\/users\/12"}],"replies":[{"embeddable":true,"href":"https:\/\/redenoticiaz.com.br\/litoralsp\/wp-json\/wp\/v2\/comments?post=99912"}],"version-history":[{"count":1,"href":"https:\/\/redenoticiaz.com.br\/litoralsp\/wp-json\/wp\/v2\/posts\/99912\/revisions"}],"predecessor-version":[{"id":99914,"href":"https:\/\/redenoticiaz.com.br\/litoralsp\/wp-json\/wp\/v2\/posts\/99912\/revisions\/99914"}],"wp:featuredmedia":[{"embeddable":true,"href":"https:\/\/redenoticiaz.com.br\/litoralsp\/wp-json\/wp\/v2\/media\/99913"}],"wp:attachment":[{"href":"https:\/\/redenoticiaz.com.br\/litoralsp\/wp-json\/wp\/v2\/media?parent=99912"}],"wp:term":[{"taxonomy":"category","embeddable":true,"href":"https:\/\/redenoticiaz.com.br\/litoralsp\/wp-json\/wp\/v2\/categories?post=99912"},{"taxonomy":"post_tag","embeddable":true,"href":"https:\/\/redenoticiaz.com.br\/litoralsp\/wp-json\/wp\/v2\/tags?post=99912"}],"curies":[{"name":"wp","href":"https:\/\/api.w.org\/{rel}","templated":true}]}}