{"id":100021,"date":"2023-02-07T15:50:27","date_gmt":"2023-02-07T18:50:27","guid":{"rendered":"https:\/\/redenoticiaz.com.br\/barretos-regiao\/?p=100021"},"modified":"2023-02-07T15:52:35","modified_gmt":"2023-02-07T18:52:35","slug":"apos-fuga-adolescente-e-demitido-por-trafico-de-drogas","status":"publish","type":"post","link":"https:\/\/redenoticiaz.com.br\/ribeiraopreto-regiao\/sp\/2023\/02\/07\/apos-fuga-adolescente-e-demitido-por-trafico-de-drogas","title":{"rendered":"Ap\u00f3s fuga adolescente \u00e9 detido por tr\u00e1fico de drogas"},"content":{"rendered":"<p>Um adolescente, de 16 anos, foi apreendido pelos Policiais militares. Acionados pelo COPOM, os militares verificaram a ocorr\u00eancia sobre tr\u00e1fico de drogas no bairro S\u00e3o Salvador.<\/p>\n<p>No local a equipe avistou o suspeito com as mesmas caracter\u00edsticas informadas, no entanto, o denunciado fugiu ao verificar a viatura. O suspeito jogou uma sacola na base de uma \u00e1rvore na Avenida 9, durante a fuga, vindo a ser abordado e revistado.<\/p>\n<p>Foram encontrados duas chaves micha artesanais, feitas com serras. Na sacola dispensada, foram encontradas duas por\u00e7\u00f5es de maconha, sendo dada voz de apreens\u00e3o ao menor.<\/p>\n<p>J\u00e1 na delegacia, o menor negou ser o propriet\u00e1rio da droga. Al\u00e9m disso, informou que a chave micha \u00e9 de um primo em Pitangueiras, cujo nome ele n\u00e3o sabe informar. O menor informou tamb\u00e9m que reside em Pitangueiras e que veio a Barretos visitar uma tia, por\u00e9m n\u00e3o soube informar a moradia da tia.<\/p>\n<p>As medidas administrativas foram tomadas pela PM, sendo o adolescente levado para o CAIP da cidade de Franca, onde permaneceu apreendido.<\/p>\n<p>VEJA TAMB\u00c9M:\u00a0<a href=\"https:\/\/redenoticiaz.com.br\/barretos-regiao\/sp\/2023\/02\/07\/motorista-foge-depois-de-se-envolver-em-acidente\">Motorista foge depois de se envolver em acidente<\/a><\/p>\n","protected":false},"excerpt":{"rendered":"<p>Um adolescente, de 16 anos, foi apreendido pelos Policiais militares. Acionados pelo COPOM, os militares verificaram a ocorr\u00eancia sobre tr\u00e1fico de drogas no bairro S\u00e3o Salvador. No local a equipe avistou o suspeito com as mesmas caracter\u00edsticas informadas, no entanto, o denunciado fugiu ao verificar a viatura. O suspeito jogou uma sacola na base de &hellip;<\/p>\n","protected":false},"author":15,"featured_media":100022,"comment_status":"open","ping_status":"closed","sticky":false,"template":"","format":"standard","meta":{"footnotes":""},"categories":[88],"tags":[1015,17059,24663,12888,6674],"class_list":["post-100021","post","type-post","status-publish","format-standard","has-post-thumbnail","hentry","category-policia","tag-adolescente","tag-apreendido","tag-chave-micha","tag-fuga","tag-trafico-de-drogas"],"yoast_head":"<!-- This site is optimized with the Yoast SEO plugin v27.4 - https:\/\/yoast.com\/product\/yoast-seo-wordpress\/ -->\n<title>Ap\u00f3s fuga adolescente \u00e9 detido por tr\u00e1fico de drogas - Ribeir\u00e3o Preto e Regi\u00e3o<\/title>\n<meta name=\"description\" content=\"Um adolescente, de 16 anos, foi apreendido pelos Policiais militares. Acionados pelo COPOM, os militares verificaram uma ocorr\u00eancia\" \/>\n<meta name=\"robots\" content=\"index, follow, max-snippet:-1, max-image-preview:large, max-video-preview:-1\" \/>\n<link rel=\"canonical\" href=\"https:\/\/redenoticiaz.com.br\/ribeiraopreto-regiao\/sp\/2023\/02\/07\/apos-fuga-adolescente-e-demitido-por-trafico-de-drogas\" \/>\n<meta property=\"og:locale\" content=\"pt_BR\" \/>\n<meta property=\"og:type\" content=\"article\" \/>\n<meta property=\"og:title\" content=\"Ap\u00f3s fuga adolescente \u00e9 detido por tr\u00e1fico de drogas - Ribeir\u00e3o Preto e Regi\u00e3o\" \/>\n<meta property=\"og:description\" content=\"Um adolescente, de 16 anos, foi apreendido pelos Policiais militares. Acionados pelo COPOM, os militares verificaram uma ocorr\u00eancia\" \/>\n<meta property=\"og:url\" content=\"https:\/\/redenoticiaz.com.br\/ribeiraopreto-regiao\/sp\/2023\/02\/07\/apos-fuga-adolescente-e-demitido-por-trafico-de-drogas\" \/>\n<meta property=\"og:site_name\" content=\"Ribeir\u00e3o Preto e Regi\u00e3o\" \/>\n<meta property=\"article:publisher\" content=\"https:\/\/m.facebook.com\/redenoticiaz.barretos\" \/>\n<meta property=\"article:published_time\" content=\"2023-02-07T18:50:27+00:00\" \/>\n<meta property=\"article:modified_time\" content=\"2023-02-07T18:52:35+00:00\" \/>\n<meta property=\"og:image\" content=\"https:\/\/redenoticiaz.com.br\/ribeiraopreto-regiao\/wp-content\/uploads\/sites\/4\/2023\/02\/Plantao-policial-em-barretos-1.png\" \/>\n\t<meta property=\"og:image:width\" content=\"1200\" \/>\n\t<meta property=\"og:image:height\" content=\"628\" \/>\n\t<meta property=\"og:image:type\" content=\"image\/png\" \/>\n<meta name=\"twitter:card\" content=\"summary_large_image\" \/>\n<meta name=\"twitter:creator\" content=\"@RN_barretos\" \/>\n<meta name=\"twitter:site\" content=\"@RN_barretos\" \/>\n<meta name=\"twitter:label1\" content=\"Escrito por\" \/>\n\t<meta name=\"twitter:data1\" content=\"\" \/>\n\t<meta name=\"twitter:label2\" content=\"Est. tempo de leitura\" \/>\n\t<meta name=\"twitter:data2\" content=\"1 minuto\" \/>\n<script type=\"application\/ld+json\" class=\"yoast-schema-graph\">{\"@context\":\"https:\\\/\\\/schema.org\",\"@graph\":[{\"@type\":\"Article\",\"@id\":\"https:\\\/\\\/redenoticiaz.com.br\\\/ribeiraopreto-regiao\\\/sp\\\/2023\\\/02\\\/07\\\/apos-fuga-adolescente-e-demitido-por-trafico-de-drogas#article\",\"isPartOf\":{\"@id\":\"https:\\\/\\\/redenoticiaz.com.br\\\/ribeiraopreto-regiao\\\/sp\\\/2023\\\/02\\\/07\\\/apos-fuga-adolescente-e-demitido-por-trafico-de-drogas\"},\"author\":{\"name\":\"\",\"@id\":\"\"},\"headline\":\"Ap\u00f3s fuga adolescente \u00e9 detido por tr\u00e1fico de drogas\",\"datePublished\":\"2023-02-07T18:50:27+00:00\",\"dateModified\":\"2023-02-07T18:52:35+00:00\",\"mainEntityOfPage\":{\"@id\":\"https:\\\/\\\/redenoticiaz.com.br\\\/ribeiraopreto-regiao\\\/sp\\\/2023\\\/02\\\/07\\\/apos-fuga-adolescente-e-demitido-por-trafico-de-drogas\"},\"wordCount\":199,\"commentCount\":0,\"publisher\":{\"@id\":\"https:\\\/\\\/redenoticiaz.com.br\\\/ribeiraopreto-regiao\\\/#organization\"},\"image\":{\"@id\":\"https:\\\/\\\/redenoticiaz.com.br\\\/ribeiraopreto-regiao\\\/sp\\\/2023\\\/02\\\/07\\\/apos-fuga-adolescente-e-demitido-por-trafico-de-drogas#primaryimage\"},\"thumbnailUrl\":\"https:\\\/\\\/redenoticiaz.com.br\\\/ribeiraopreto-regiao\\\/wp-content\\\/uploads\\\/sites\\\/4\\\/2023\\\/02\\\/Plantao-policial-em-barretos-1.png\",\"keywords\":[\"ADOLESCENTE\",\"APREENDIDO\",\"chave micha\",\"FUGA\",\"TR\u00c1FICO DE DROGAS\"],\"articleSection\":[\"Pol\u00edcia\"],\"inLanguage\":\"pt-BR\",\"potentialAction\":[{\"@type\":\"CommentAction\",\"name\":\"Comment\",\"target\":[\"https:\\\/\\\/redenoticiaz.com.br\\\/ribeiraopreto-regiao\\\/sp\\\/2023\\\/02\\\/07\\\/apos-fuga-adolescente-e-demitido-por-trafico-de-drogas#respond\"]}]},{\"@type\":\"WebPage\",\"@id\":\"https:\\\/\\\/redenoticiaz.com.br\\\/ribeiraopreto-regiao\\\/sp\\\/2023\\\/02\\\/07\\\/apos-fuga-adolescente-e-demitido-por-trafico-de-drogas\",\"url\":\"https:\\\/\\\/redenoticiaz.com.br\\\/ribeiraopreto-regiao\\\/sp\\\/2023\\\/02\\\/07\\\/apos-fuga-adolescente-e-demitido-por-trafico-de-drogas\",\"name\":\"Ap\u00f3s fuga adolescente \u00e9 detido por tr\u00e1fico de drogas - Ribeir\u00e3o Preto e Regi\u00e3o\",\"isPartOf\":{\"@id\":\"https:\\\/\\\/redenoticiaz.com.br\\\/ribeiraopreto-regiao\\\/#website\"},\"primaryImageOfPage\":{\"@id\":\"https:\\\/\\\/redenoticiaz.com.br\\\/ribeiraopreto-regiao\\\/sp\\\/2023\\\/02\\\/07\\\/apos-fuga-adolescente-e-demitido-por-trafico-de-drogas#primaryimage\"},\"image\":{\"@id\":\"https:\\\/\\\/redenoticiaz.com.br\\\/ribeiraopreto-regiao\\\/sp\\\/2023\\\/02\\\/07\\\/apos-fuga-adolescente-e-demitido-por-trafico-de-drogas#primaryimage\"},\"thumbnailUrl\":\"https:\\\/\\\/redenoticiaz.com.br\\\/ribeiraopreto-regiao\\\/wp-content\\\/uploads\\\/sites\\\/4\\\/2023\\\/02\\\/Plantao-policial-em-barretos-1.png\",\"datePublished\":\"2023-02-07T18:50:27+00:00\",\"dateModified\":\"2023-02-07T18:52:35+00:00\",\"description\":\"Um adolescente, de 16 anos, foi apreendido pelos Policiais militares. Acionados pelo COPOM, os militares verificaram uma ocorr\u00eancia\",\"inLanguage\":\"pt-BR\",\"potentialAction\":[{\"@type\":\"ReadAction\",\"target\":[\"https:\\\/\\\/redenoticiaz.com.br\\\/ribeiraopreto-regiao\\\/sp\\\/2023\\\/02\\\/07\\\/apos-fuga-adolescente-e-demitido-por-trafico-de-drogas\"]}]},{\"@type\":\"ImageObject\",\"inLanguage\":\"pt-BR\",\"@id\":\"https:\\\/\\\/redenoticiaz.com.br\\\/ribeiraopreto-regiao\\\/sp\\\/2023\\\/02\\\/07\\\/apos-fuga-adolescente-e-demitido-por-trafico-de-drogas#primaryimage\",\"url\":\"https:\\\/\\\/redenoticiaz.com.br\\\/ribeiraopreto-regiao\\\/wp-content\\\/uploads\\\/sites\\\/4\\\/2023\\\/02\\\/Plantao-policial-em-barretos-1.png\",\"contentUrl\":\"https:\\\/\\\/redenoticiaz.com.br\\\/ribeiraopreto-regiao\\\/wp-content\\\/uploads\\\/sites\\\/4\\\/2023\\\/02\\\/Plantao-policial-em-barretos-1.png\",\"width\":1200,\"height\":628,\"caption\":\"Cr\u00e9dito: Reprodu\u00e7\u00e3o\"},{\"@type\":\"WebSite\",\"@id\":\"https:\\\/\\\/redenoticiaz.com.br\\\/ribeiraopreto-regiao\\\/#website\",\"url\":\"https:\\\/\\\/redenoticiaz.com.br\\\/ribeiraopreto-regiao\\\/\",\"name\":\"Ribeir\u00e3o Preto e Regi\u00e3o\",\"description\":\"Rede NoticiaZ - Ribeir\u00e3o Preto e regi\u00e3o\",\"publisher\":{\"@id\":\"https:\\\/\\\/redenoticiaz.com.br\\\/ribeiraopreto-regiao\\\/#organization\"},\"potentialAction\":[{\"@type\":\"SearchAction\",\"target\":{\"@type\":\"EntryPoint\",\"urlTemplate\":\"https:\\\/\\\/redenoticiaz.com.br\\\/ribeiraopreto-regiao\\\/?s={search_term_string}\"},\"query-input\":{\"@type\":\"PropertyValueSpecification\",\"valueRequired\":true,\"valueName\":\"search_term_string\"}}],\"inLanguage\":\"pt-BR\"},{\"@type\":\"Organization\",\"@id\":\"https:\\\/\\\/redenoticiaz.com.br\\\/ribeiraopreto-regiao\\\/#organization\",\"name\":\"Ribeir\u00e3o Preto e Regi\u00e3o\",\"url\":\"https:\\\/\\\/redenoticiaz.com.br\\\/ribeiraopreto-regiao\\\/\",\"logo\":{\"@type\":\"ImageObject\",\"inLanguage\":\"pt-BR\",\"@id\":\"https:\\\/\\\/redenoticiaz.com.br\\\/ribeiraopreto-regiao\\\/#\\\/schema\\\/logo\\\/image\\\/\",\"url\":\"https:\\\/\\\/redenoticiaz.com.br\\\/barretos-regiao\\\/wp-content\\\/uploads\\\/sites\\\/4\\\/2022\\\/02\\\/logo.jpg\",\"contentUrl\":\"https:\\\/\\\/redenoticiaz.com.br\\\/barretos-regiao\\\/wp-content\\\/uploads\\\/sites\\\/4\\\/2022\\\/02\\\/logo.jpg\",\"width\":400,\"height\":250,\"caption\":\"Ribeir\u00e3o Preto e Regi\u00e3o\"},\"image\":{\"@id\":\"https:\\\/\\\/redenoticiaz.com.br\\\/ribeiraopreto-regiao\\\/#\\\/schema\\\/logo\\\/image\\\/\"},\"sameAs\":[\"https:\\\/\\\/m.facebook.com\\\/redenoticiaz.barretos\",\"https:\\\/\\\/x.com\\\/RN_barretos\",\"https:\\\/\\\/www.instagram.com\\\/redenoticiaz.barretos\\\/?igshid=YmMyMTA2M2Y\",\"https:\\\/\\\/www.linkedin.com\\\/company\\\/rede-noticiaz-barretos-e-regio\\\/\"]},{\"@type\":\"Person\",\"@id\":\"\",\"url\":\"https:\\\/\\\/redenoticiaz.com.br\\\/ribeiraopreto-regiao\\\/sp\\\/author\"}]}<\/script>\n<!-- \/ Yoast SEO plugin. -->","yoast_head_json":{"title":"Ap\u00f3s fuga adolescente \u00e9 detido por tr\u00e1fico de drogas - Ribeir\u00e3o Preto e Regi\u00e3o","description":"Um adolescente, de 16 anos, foi apreendido pelos Policiais militares. Acionados pelo COPOM, os militares verificaram uma ocorr\u00eancia","robots":{"index":"index","follow":"follow","max-snippet":"max-snippet:-1","max-image-preview":"max-image-preview:large","max-video-preview":"max-video-preview:-1"},"canonical":"https:\/\/redenoticiaz.com.br\/ribeiraopreto-regiao\/sp\/2023\/02\/07\/apos-fuga-adolescente-e-demitido-por-trafico-de-drogas","og_locale":"pt_BR","og_type":"article","og_title":"Ap\u00f3s fuga adolescente \u00e9 detido por tr\u00e1fico de drogas - Ribeir\u00e3o Preto e Regi\u00e3o","og_description":"Um adolescente, de 16 anos, foi apreendido pelos Policiais militares. Acionados pelo COPOM, os militares verificaram uma ocorr\u00eancia","og_url":"https:\/\/redenoticiaz.com.br\/ribeiraopreto-regiao\/sp\/2023\/02\/07\/apos-fuga-adolescente-e-demitido-por-trafico-de-drogas","og_site_name":"Ribeir\u00e3o Preto e Regi\u00e3o","article_publisher":"https:\/\/m.facebook.com\/redenoticiaz.barretos","article_published_time":"2023-02-07T18:50:27+00:00","article_modified_time":"2023-02-07T18:52:35+00:00","og_image":[{"width":1200,"height":628,"url":"https:\/\/redenoticiaz.com.br\/ribeiraopreto-regiao\/wp-content\/uploads\/sites\/4\/2023\/02\/Plantao-policial-em-barretos-1.png","type":"image\/png"}],"twitter_card":"summary_large_image","twitter_creator":"@RN_barretos","twitter_site":"@RN_barretos","twitter_misc":{"Escrito por":"","Est. tempo de leitura":"1 minuto"},"schema":{"@context":"https:\/\/schema.org","@graph":[{"@type":"Article","@id":"https:\/\/redenoticiaz.com.br\/ribeiraopreto-regiao\/sp\/2023\/02\/07\/apos-fuga-adolescente-e-demitido-por-trafico-de-drogas#article","isPartOf":{"@id":"https:\/\/redenoticiaz.com.br\/ribeiraopreto-regiao\/sp\/2023\/02\/07\/apos-fuga-adolescente-e-demitido-por-trafico-de-drogas"},"author":{"name":"","@id":""},"headline":"Ap\u00f3s fuga adolescente \u00e9 detido por tr\u00e1fico de drogas","datePublished":"2023-02-07T18:50:27+00:00","dateModified":"2023-02-07T18:52:35+00:00","mainEntityOfPage":{"@id":"https:\/\/redenoticiaz.com.br\/ribeiraopreto-regiao\/sp\/2023\/02\/07\/apos-fuga-adolescente-e-demitido-por-trafico-de-drogas"},"wordCount":199,"commentCount":0,"publisher":{"@id":"https:\/\/redenoticiaz.com.br\/ribeiraopreto-regiao\/#organization"},"image":{"@id":"https:\/\/redenoticiaz.com.br\/ribeiraopreto-regiao\/sp\/2023\/02\/07\/apos-fuga-adolescente-e-demitido-por-trafico-de-drogas#primaryimage"},"thumbnailUrl":"https:\/\/redenoticiaz.com.br\/ribeiraopreto-regiao\/wp-content\/uploads\/sites\/4\/2023\/02\/Plantao-policial-em-barretos-1.png","keywords":["ADOLESCENTE","APREENDIDO","chave micha","FUGA","TR\u00c1FICO DE DROGAS"],"articleSection":["Pol\u00edcia"],"inLanguage":"pt-BR","potentialAction":[{"@type":"CommentAction","name":"Comment","target":["https:\/\/redenoticiaz.com.br\/ribeiraopreto-regiao\/sp\/2023\/02\/07\/apos-fuga-adolescente-e-demitido-por-trafico-de-drogas#respond"]}]},{"@type":"WebPage","@id":"https:\/\/redenoticiaz.com.br\/ribeiraopreto-regiao\/sp\/2023\/02\/07\/apos-fuga-adolescente-e-demitido-por-trafico-de-drogas","url":"https:\/\/redenoticiaz.com.br\/ribeiraopreto-regiao\/sp\/2023\/02\/07\/apos-fuga-adolescente-e-demitido-por-trafico-de-drogas","name":"Ap\u00f3s fuga adolescente \u00e9 detido por tr\u00e1fico de drogas - Ribeir\u00e3o Preto e Regi\u00e3o","isPartOf":{"@id":"https:\/\/redenoticiaz.com.br\/ribeiraopreto-regiao\/#website"},"primaryImageOfPage":{"@id":"https:\/\/redenoticiaz.com.br\/ribeiraopreto-regiao\/sp\/2023\/02\/07\/apos-fuga-adolescente-e-demitido-por-trafico-de-drogas#primaryimage"},"image":{"@id":"https:\/\/redenoticiaz.com.br\/ribeiraopreto-regiao\/sp\/2023\/02\/07\/apos-fuga-adolescente-e-demitido-por-trafico-de-drogas#primaryimage"},"thumbnailUrl":"https:\/\/redenoticiaz.com.br\/ribeiraopreto-regiao\/wp-content\/uploads\/sites\/4\/2023\/02\/Plantao-policial-em-barretos-1.png","datePublished":"2023-02-07T18:50:27+00:00","dateModified":"2023-02-07T18:52:35+00:00","description":"Um adolescente, de 16 anos, foi apreendido pelos Policiais militares. Acionados pelo COPOM, os militares verificaram uma ocorr\u00eancia","inLanguage":"pt-BR","potentialAction":[{"@type":"ReadAction","target":["https:\/\/redenoticiaz.com.br\/ribeiraopreto-regiao\/sp\/2023\/02\/07\/apos-fuga-adolescente-e-demitido-por-trafico-de-drogas"]}]},{"@type":"ImageObject","inLanguage":"pt-BR","@id":"https:\/\/redenoticiaz.com.br\/ribeiraopreto-regiao\/sp\/2023\/02\/07\/apos-fuga-adolescente-e-demitido-por-trafico-de-drogas#primaryimage","url":"https:\/\/redenoticiaz.com.br\/ribeiraopreto-regiao\/wp-content\/uploads\/sites\/4\/2023\/02\/Plantao-policial-em-barretos-1.png","contentUrl":"https:\/\/redenoticiaz.com.br\/ribeiraopreto-regiao\/wp-content\/uploads\/sites\/4\/2023\/02\/Plantao-policial-em-barretos-1.png","width":1200,"height":628,"caption":"Cr\u00e9dito: Reprodu\u00e7\u00e3o"},{"@type":"WebSite","@id":"https:\/\/redenoticiaz.com.br\/ribeiraopreto-regiao\/#website","url":"https:\/\/redenoticiaz.com.br\/ribeiraopreto-regiao\/","name":"Ribeir\u00e3o Preto e Regi\u00e3o","description":"Rede NoticiaZ - Ribeir\u00e3o Preto e regi\u00e3o","publisher":{"@id":"https:\/\/redenoticiaz.com.br\/ribeiraopreto-regiao\/#organization"},"potentialAction":[{"@type":"SearchAction","target":{"@type":"EntryPoint","urlTemplate":"https:\/\/redenoticiaz.com.br\/ribeiraopreto-regiao\/?s={search_term_string}"},"query-input":{"@type":"PropertyValueSpecification","valueRequired":true,"valueName":"search_term_string"}}],"inLanguage":"pt-BR"},{"@type":"Organization","@id":"https:\/\/redenoticiaz.com.br\/ribeiraopreto-regiao\/#organization","name":"Ribeir\u00e3o Preto e Regi\u00e3o","url":"https:\/\/redenoticiaz.com.br\/ribeiraopreto-regiao\/","logo":{"@type":"ImageObject","inLanguage":"pt-BR","@id":"https:\/\/redenoticiaz.com.br\/ribeiraopreto-regiao\/#\/schema\/logo\/image\/","url":"https:\/\/redenoticiaz.com.br\/barretos-regiao\/wp-content\/uploads\/sites\/4\/2022\/02\/logo.jpg","contentUrl":"https:\/\/redenoticiaz.com.br\/barretos-regiao\/wp-content\/uploads\/sites\/4\/2022\/02\/logo.jpg","width":400,"height":250,"caption":"Ribeir\u00e3o Preto e Regi\u00e3o"},"image":{"@id":"https:\/\/redenoticiaz.com.br\/ribeiraopreto-regiao\/#\/schema\/logo\/image\/"},"sameAs":["https:\/\/m.facebook.com\/redenoticiaz.barretos","https:\/\/x.com\/RN_barretos","https:\/\/www.instagram.com\/redenoticiaz.barretos\/?igshid=YmMyMTA2M2Y","https:\/\/www.linkedin.com\/company\/rede-noticiaz-barretos-e-regio\/"]},{"@type":"Person","@id":"","url":"https:\/\/redenoticiaz.com.br\/ribeiraopreto-regiao\/sp\/author"}]}},"_links":{"self":[{"href":"https:\/\/redenoticiaz.com.br\/ribeiraopreto-regiao\/wp-json\/wp\/v2\/posts\/100021","targetHints":{"allow":["GET"]}}],"collection":[{"href":"https:\/\/redenoticiaz.com.br\/ribeiraopreto-regiao\/wp-json\/wp\/v2\/posts"}],"about":[{"href":"https:\/\/redenoticiaz.com.br\/ribeiraopreto-regiao\/wp-json\/wp\/v2\/types\/post"}],"author":[{"embeddable":true,"href":"https:\/\/redenoticiaz.com.br\/ribeiraopreto-regiao\/wp-json\/wp\/v2\/users\/15"}],"replies":[{"embeddable":true,"href":"https:\/\/redenoticiaz.com.br\/ribeiraopreto-regiao\/wp-json\/wp\/v2\/comments?post=100021"}],"version-history":[{"count":2,"href":"https:\/\/redenoticiaz.com.br\/ribeiraopreto-regiao\/wp-json\/wp\/v2\/posts\/100021\/revisions"}],"predecessor-version":[{"id":100025,"href":"https:\/\/redenoticiaz.com.br\/ribeiraopreto-regiao\/wp-json\/wp\/v2\/posts\/100021\/revisions\/100025"}],"wp:featuredmedia":[{"embeddable":true,"href":"https:\/\/redenoticiaz.com.br\/ribeiraopreto-regiao\/wp-json\/wp\/v2\/media\/100022"}],"wp:attachment":[{"href":"https:\/\/redenoticiaz.com.br\/ribeiraopreto-regiao\/wp-json\/wp\/v2\/media?parent=100021"}],"wp:term":[{"taxonomy":"category","embeddable":true,"href":"https:\/\/redenoticiaz.com.br\/ribeiraopreto-regiao\/wp-json\/wp\/v2\/categories?post=100021"},{"taxonomy":"post_tag","embeddable":true,"href":"https:\/\/redenoticiaz.com.br\/ribeiraopreto-regiao\/wp-json\/wp\/v2\/tags?post=100021"}],"curies":[{"name":"wp","href":"https:\/\/api.w.org\/{rel}","templated":true}]}}