{"id":100189,"date":"2023-02-09T21:48:05","date_gmt":"2023-02-10T00:48:05","guid":{"rendered":"https:\/\/redenoticiaz.com.br\/barretos-regiao\/sp\/2023\/02\/09\/palmeiras-vence-a-inter-de-limeira-e-segue-como-o-dono-da-melhor-campanha-geral-do-paulistao"},"modified":"2023-02-09T21:48:05","modified_gmt":"2023-02-10T00:48:05","slug":"palmeiras-vence-a-inter-de-limeira-e-segue-como-o-dono-da-melhor-campanha-geral-do-paulistao","status":"publish","type":"post","link":"https:\/\/redenoticiaz.com.br\/ribeiraopreto-regiao\/sp\/2023\/02\/09\/palmeiras-vence-a-inter-de-limeira-e-segue-como-o-dono-da-melhor-campanha-geral-do-paulistao","title":{"rendered":"Palmeiras vence a Inter de Limeira e segue como o dono da melhor campanha geral do Paulist\u00e3o"},"content":{"rendered":"<p>Se tem uma equipe que est\u00e1 sendo imbat\u00edvel neste come\u00e7o de temporada \u00e9 o Palmeiras. Nesta quinta-feira (9), o Verd\u00e3o recebeu a Inter de Limeira no Allianz Parque e n\u00e3o teve dificuldades para <strong>conseguir mais uma vit\u00f3ria<\/strong> e al\u00e9m de l\u00edder do Grupo D, tamb\u00e9m \u00e9 o dono da melhor campanha na classifica\u00e7\u00e3o geral do Campeonato Paulista. J\u00e1 a equipe do interior come\u00e7ou a se complicar e viu o Santos se aproximar na tabela do Grupo A.<\/p>\n<p><span class=\"sc-dvXXZy epvZtk\">O primeiro tempo come\u00e7ou com o Palmeiras come\u00e7ando com tudo e quase abrindo o placar com Endrick. O travess\u00e3o salvou a Inter ap\u00f3s linda finaliza\u00e7\u00e3o de bicicleta. A resposta da Inter de Limeira, com Everton Brito, parou em Weverton. O goleiro do Palmeiras, inclusive, fez outra importante defesa na etapa inicial. O goleiro salvou chute rasteiro de Iago Teles. <\/span><\/p>\n<p><span class=\"sc-dvXXZy epvZtk\">No ataque, o Verd\u00e3o resolveu e abriu 2 a 0. Raphael Veiga fez de p\u00eanalti, aos 15, e Piquerez, em chute de tr\u00eas dedos de fora da \u00e1rea, ampliou aos 25. O Palmeiras ainda teve mais uma chance de ampliar aos 45. Mas Dudu perdeu p\u00eanalti.<\/span><\/p>\n<p>No segundo tempo, <span class=\"sc-dvXXZy epvZtk\">o Palmeiras manteve o controle do jogo e o amplo dom\u00ednio sobre a Inter de Limeira. O Verd\u00e3o tentou ampliar com Z\u00e9 Rafael, depois com Rony e tamb\u00e9m com Dudu, mas a pontaria do trio falhou. O time do interior paulista, diferentemente do primeiro tempo, n\u00e3o conseguiu chegar com tanto perigo. Apenas com Jonathas, que tentou tirar a bola de Weverton e mandou para fora. Na reta final da partida, aos 43, o Palmeiras, de p\u00eanalti, teve mais uma chance de ampliar a vit\u00f3ria. Mas dessa vez quem perdeu foi Raphael Veiga. O goleiro L\u00e9o Vieira defendeu.<\/span><\/p>\n<h3>Como fica?<\/h3>\n<p><span class=\"sc-dvXXZy epvZtk\">Agora com 17 pontos, o Palmeiras mant\u00e9m a lideran\u00e7a disparada do Grupo D. O Verd\u00e3o \u00e9 o \u00fanico time ainda invicto no Paulist\u00e3o. A Inter de Limeira, com 10, \u00e9 a segunda colocada do Grupo A.<\/span><\/p>\n<p><span class=\"sc-dvXXZy epvZtk\">Na pr\u00f3xima rodada do Campeonato Paulista, o Palmeiras joga no domingo, \u00e0s 11h, contra o \u00c1gua Santa, em Diadema. A Inter de Limeira tamb\u00e9m volta a campo no domingo, s\u00f3 que \u00e0s 20h30, contra o Santo Andr\u00e9, no Major Levy Sobrinho.<\/span><\/p>\n<p><strong>LEIA TAMB\u00c9M<\/strong><\/p>\n<p><a href=\"https:\/\/redenoticiaz.com.br\/blog\/2023\/02\/08\/santos-volta-a-vencer-no-paulistao-apos-cinco-rodadas\">Santos volta a vencer no Paulist\u00e3o ap\u00f3s cinco rodadas<\/a><\/p>\n","protected":false},"excerpt":{"rendered":"<p>Se tem uma equipe que est\u00e1 sendo imbat\u00edvel neste come\u00e7o de temporada \u00e9 o Palmeiras. Nesta quinta-feira (9), o Verd\u00e3o recebeu a Inter de Limeira no Allianz Parque e n\u00e3o teve dificuldades para conseguir mais uma vit\u00f3ria e al\u00e9m de l\u00edder do Grupo D, tamb\u00e9m \u00e9 o dono da melhor campanha na classifica\u00e7\u00e3o geral do &hellip;<\/p>\n","protected":false},"author":6,"featured_media":100190,"comment_status":"open","ping_status":"closed","sticky":false,"template":"","format":"standard","meta":{"footnotes":""},"categories":[87],"tags":[8098,377,416,161,21654],"class_list":["post-100189","post","type-post","status-publish","format-standard","has-post-thumbnail","hentry","category-esporte","tag-allianz-parque","tag-campeonato-paulista","tag-inter-de-limeira","tag-palmeiras","tag-paulistao-2023"],"yoast_head":"<!-- This site is optimized with the Yoast SEO plugin v27.4 - https:\/\/yoast.com\/product\/yoast-seo-wordpress\/ -->\n<title>Palmeiras vence a Inter de Limeira e segue como o dono da melhor campanha geral do Paulist\u00e3o - Ribeir\u00e3o Preto e Regi\u00e3o<\/title>\n<meta name=\"description\" content=\"uma equipe que est\u00e1 sendo imbat\u00edvel neste come\u00e7o de temporada \u00e9 o Palmeiras. Nesta quinta-feira (9), o Verd\u00e3o recebeu a Inter de Limeira\" \/>\n<meta name=\"robots\" content=\"index, follow, max-snippet:-1, max-image-preview:large, max-video-preview:-1\" \/>\n<link rel=\"canonical\" href=\"https:\/\/redenoticiaz.com.br\/ribeiraopreto-regiao\/sp\/2023\/02\/09\/palmeiras-vence-a-inter-de-limeira-e-segue-como-o-dono-da-melhor-campanha-geral-do-paulistao\" \/>\n<meta property=\"og:locale\" content=\"pt_BR\" \/>\n<meta property=\"og:type\" content=\"article\" \/>\n<meta property=\"og:title\" content=\"Palmeiras vence a Inter de Limeira e segue como o dono da melhor campanha geral do Paulist\u00e3o - Ribeir\u00e3o Preto e Regi\u00e3o\" \/>\n<meta property=\"og:description\" content=\"uma equipe que est\u00e1 sendo imbat\u00edvel neste come\u00e7o de temporada \u00e9 o Palmeiras. Nesta quinta-feira (9), o Verd\u00e3o recebeu a Inter de Limeira\" \/>\n<meta property=\"og:url\" content=\"https:\/\/redenoticiaz.com.br\/ribeiraopreto-regiao\/sp\/2023\/02\/09\/palmeiras-vence-a-inter-de-limeira-e-segue-como-o-dono-da-melhor-campanha-geral-do-paulistao\" \/>\n<meta property=\"og:site_name\" content=\"Ribeir\u00e3o Preto e Regi\u00e3o\" \/>\n<meta property=\"article:publisher\" content=\"https:\/\/m.facebook.com\/redenoticiaz.barretos\" \/>\n<meta property=\"article:published_time\" content=\"2023-02-10T00:48:05+00:00\" \/>\n<meta property=\"og:image\" content=\"https:\/\/redenoticiaz.com.br\/ribeiraopreto-regiao\/wp-content\/uploads\/sites\/4\/2022\/02\/logo.jpg\" \/>\n\t<meta property=\"og:image:width\" content=\"400\" \/>\n\t<meta property=\"og:image:height\" content=\"250\" \/>\n\t<meta property=\"og:image:type\" content=\"image\/jpeg\" \/>\n<meta name=\"author\" content=\"Leonardo Francisco\" \/>\n<meta name=\"twitter:card\" content=\"summary_large_image\" \/>\n<meta name=\"twitter:creator\" content=\"@RN_barretos\" \/>\n<meta name=\"twitter:site\" content=\"@RN_barretos\" \/>\n<meta name=\"twitter:label1\" content=\"Escrito por\" \/>\n\t<meta name=\"twitter:data1\" content=\"Leonardo Francisco\" \/>\n\t<meta name=\"twitter:label2\" content=\"Est. tempo de leitura\" \/>\n\t<meta name=\"twitter:data2\" content=\"3 minutos\" \/>\n<script type=\"application\/ld+json\" class=\"yoast-schema-graph\">{\"@context\":\"https:\\\/\\\/schema.org\",\"@graph\":[{\"@type\":\"Article\",\"@id\":\"https:\\\/\\\/redenoticiaz.com.br\\\/ribeiraopreto-regiao\\\/sp\\\/2023\\\/02\\\/09\\\/palmeiras-vence-a-inter-de-limeira-e-segue-como-o-dono-da-melhor-campanha-geral-do-paulistao#article\",\"isPartOf\":{\"@id\":\"https:\\\/\\\/redenoticiaz.com.br\\\/ribeiraopreto-regiao\\\/sp\\\/2023\\\/02\\\/09\\\/palmeiras-vence-a-inter-de-limeira-e-segue-como-o-dono-da-melhor-campanha-geral-do-paulistao\"},\"author\":{\"name\":\"Leonardo Francisco\",\"@id\":\"https:\\\/\\\/redenoticiaz.com.br\\\/ribeiraopreto-regiao\\\/#\\\/schema\\\/person\\\/0f0b8a5bdafefe82841e07ae8d81ecb3\"},\"headline\":\"Palmeiras vence a Inter de Limeira e segue como o dono da melhor campanha geral do Paulist\u00e3o\",\"datePublished\":\"2023-02-10T00:48:05+00:00\",\"mainEntityOfPage\":{\"@id\":\"https:\\\/\\\/redenoticiaz.com.br\\\/ribeiraopreto-regiao\\\/sp\\\/2023\\\/02\\\/09\\\/palmeiras-vence-a-inter-de-limeira-e-segue-como-o-dono-da-melhor-campanha-geral-do-paulistao\"},\"wordCount\":412,\"commentCount\":0,\"publisher\":{\"@id\":\"https:\\\/\\\/redenoticiaz.com.br\\\/ribeiraopreto-regiao\\\/#organization\"},\"image\":{\"@id\":\"https:\\\/\\\/redenoticiaz.com.br\\\/ribeiraopreto-regiao\\\/sp\\\/2023\\\/02\\\/09\\\/palmeiras-vence-a-inter-de-limeira-e-segue-como-o-dono-da-melhor-campanha-geral-do-paulistao#primaryimage\"},\"thumbnailUrl\":\"https:\\\/\\\/redenoticiaz.com.br\\\/ribeiraopreto-regiao\\\/wp-content\\\/uploads\\\/sites\\\/4\\\/2023\\\/02\\\/PALXILM.jpg?v=1675990029\",\"keywords\":[\"ALLIANZ PARQUE\",\"CAMPEONATO PAULISTA\",\"INTER DE LIMEIRA\",\"Palmeiras\",\"paulist\u00e3o 2023\"],\"articleSection\":[\"Esporte\"],\"inLanguage\":\"pt-BR\",\"potentialAction\":[{\"@type\":\"CommentAction\",\"name\":\"Comment\",\"target\":[\"https:\\\/\\\/redenoticiaz.com.br\\\/ribeiraopreto-regiao\\\/sp\\\/2023\\\/02\\\/09\\\/palmeiras-vence-a-inter-de-limeira-e-segue-como-o-dono-da-melhor-campanha-geral-do-paulistao#respond\"]}]},{\"@type\":\"WebPage\",\"@id\":\"https:\\\/\\\/redenoticiaz.com.br\\\/ribeiraopreto-regiao\\\/sp\\\/2023\\\/02\\\/09\\\/palmeiras-vence-a-inter-de-limeira-e-segue-como-o-dono-da-melhor-campanha-geral-do-paulistao\",\"url\":\"https:\\\/\\\/redenoticiaz.com.br\\\/ribeiraopreto-regiao\\\/sp\\\/2023\\\/02\\\/09\\\/palmeiras-vence-a-inter-de-limeira-e-segue-como-o-dono-da-melhor-campanha-geral-do-paulistao\",\"name\":\"Palmeiras vence a Inter de Limeira e segue como o dono da melhor campanha geral do Paulist\u00e3o - Ribeir\u00e3o Preto e Regi\u00e3o\",\"isPartOf\":{\"@id\":\"https:\\\/\\\/redenoticiaz.com.br\\\/ribeiraopreto-regiao\\\/#website\"},\"primaryImageOfPage\":{\"@id\":\"https:\\\/\\\/redenoticiaz.com.br\\\/ribeiraopreto-regiao\\\/sp\\\/2023\\\/02\\\/09\\\/palmeiras-vence-a-inter-de-limeira-e-segue-como-o-dono-da-melhor-campanha-geral-do-paulistao#primaryimage\"},\"image\":{\"@id\":\"https:\\\/\\\/redenoticiaz.com.br\\\/ribeiraopreto-regiao\\\/sp\\\/2023\\\/02\\\/09\\\/palmeiras-vence-a-inter-de-limeira-e-segue-como-o-dono-da-melhor-campanha-geral-do-paulistao#primaryimage\"},\"thumbnailUrl\":\"https:\\\/\\\/redenoticiaz.com.br\\\/ribeiraopreto-regiao\\\/wp-content\\\/uploads\\\/sites\\\/4\\\/2023\\\/02\\\/PALXILM.jpg?v=1675990029\",\"datePublished\":\"2023-02-10T00:48:05+00:00\",\"description\":\"uma equipe que est\u00e1 sendo imbat\u00edvel neste come\u00e7o de temporada \u00e9 o Palmeiras. Nesta quinta-feira (9), o Verd\u00e3o recebeu a Inter de Limeira\",\"inLanguage\":\"pt-BR\",\"potentialAction\":[{\"@type\":\"ReadAction\",\"target\":[\"https:\\\/\\\/redenoticiaz.com.br\\\/ribeiraopreto-regiao\\\/sp\\\/2023\\\/02\\\/09\\\/palmeiras-vence-a-inter-de-limeira-e-segue-como-o-dono-da-melhor-campanha-geral-do-paulistao\"]}]},{\"@type\":\"ImageObject\",\"inLanguage\":\"pt-BR\",\"@id\":\"https:\\\/\\\/redenoticiaz.com.br\\\/ribeiraopreto-regiao\\\/sp\\\/2023\\\/02\\\/09\\\/palmeiras-vence-a-inter-de-limeira-e-segue-como-o-dono-da-melhor-campanha-geral-do-paulistao#primaryimage\",\"url\":\"https:\\\/\\\/redenoticiaz.com.br\\\/ribeiraopreto-regiao\\\/wp-content\\\/uploads\\\/sites\\\/4\\\/2023\\\/02\\\/PALXILM.jpg?v=1675990029\",\"contentUrl\":\"https:\\\/\\\/redenoticiaz.com.br\\\/ribeiraopreto-regiao\\\/wp-content\\\/uploads\\\/sites\\\/4\\\/2023\\\/02\\\/PALXILM.jpg?v=1675990029\",\"width\":564,\"height\":314,\"caption\":\"Cr\u00e9ditos: Reprodu\u00e7\u00e3o\\\/GE\"},{\"@type\":\"WebSite\",\"@id\":\"https:\\\/\\\/redenoticiaz.com.br\\\/ribeiraopreto-regiao\\\/#website\",\"url\":\"https:\\\/\\\/redenoticiaz.com.br\\\/ribeiraopreto-regiao\\\/\",\"name\":\"Ribeir\u00e3o Preto e Regi\u00e3o\",\"description\":\"Rede NoticiaZ - Ribeir\u00e3o Preto e regi\u00e3o\",\"publisher\":{\"@id\":\"https:\\\/\\\/redenoticiaz.com.br\\\/ribeiraopreto-regiao\\\/#organization\"},\"potentialAction\":[{\"@type\":\"SearchAction\",\"target\":{\"@type\":\"EntryPoint\",\"urlTemplate\":\"https:\\\/\\\/redenoticiaz.com.br\\\/ribeiraopreto-regiao\\\/?s={search_term_string}\"},\"query-input\":{\"@type\":\"PropertyValueSpecification\",\"valueRequired\":true,\"valueName\":\"search_term_string\"}}],\"inLanguage\":\"pt-BR\"},{\"@type\":\"Organization\",\"@id\":\"https:\\\/\\\/redenoticiaz.com.br\\\/ribeiraopreto-regiao\\\/#organization\",\"name\":\"Ribeir\u00e3o Preto e Regi\u00e3o\",\"url\":\"https:\\\/\\\/redenoticiaz.com.br\\\/ribeiraopreto-regiao\\\/\",\"logo\":{\"@type\":\"ImageObject\",\"inLanguage\":\"pt-BR\",\"@id\":\"https:\\\/\\\/redenoticiaz.com.br\\\/ribeiraopreto-regiao\\\/#\\\/schema\\\/logo\\\/image\\\/\",\"url\":\"https:\\\/\\\/redenoticiaz.com.br\\\/barretos-regiao\\\/wp-content\\\/uploads\\\/sites\\\/4\\\/2022\\\/02\\\/logo.jpg\",\"contentUrl\":\"https:\\\/\\\/redenoticiaz.com.br\\\/barretos-regiao\\\/wp-content\\\/uploads\\\/sites\\\/4\\\/2022\\\/02\\\/logo.jpg\",\"width\":400,\"height\":250,\"caption\":\"Ribeir\u00e3o Preto e Regi\u00e3o\"},\"image\":{\"@id\":\"https:\\\/\\\/redenoticiaz.com.br\\\/ribeiraopreto-regiao\\\/#\\\/schema\\\/logo\\\/image\\\/\"},\"sameAs\":[\"https:\\\/\\\/m.facebook.com\\\/redenoticiaz.barretos\",\"https:\\\/\\\/x.com\\\/RN_barretos\",\"https:\\\/\\\/www.instagram.com\\\/redenoticiaz.barretos\\\/?igshid=YmMyMTA2M2Y\",\"https:\\\/\\\/www.linkedin.com\\\/company\\\/rede-noticiaz-barretos-e-regio\\\/\"]},{\"@type\":\"Person\",\"@id\":\"https:\\\/\\\/redenoticiaz.com.br\\\/ribeiraopreto-regiao\\\/#\\\/schema\\\/person\\\/0f0b8a5bdafefe82841e07ae8d81ecb3\",\"name\":\"Leonardo Francisco\",\"image\":{\"@type\":\"ImageObject\",\"inLanguage\":\"pt-BR\",\"@id\":\"https:\\\/\\\/secure.gravatar.com\\\/avatar\\\/a7358cb406a99b682ec6df1e77e31ae82e63601f6784e8a3df411d72b37864da?s=96&d=mm&r=g\",\"url\":\"https:\\\/\\\/secure.gravatar.com\\\/avatar\\\/a7358cb406a99b682ec6df1e77e31ae82e63601f6784e8a3df411d72b37864da?s=96&d=mm&r=g\",\"contentUrl\":\"https:\\\/\\\/secure.gravatar.com\\\/avatar\\\/a7358cb406a99b682ec6df1e77e31ae82e63601f6784e8a3df411d72b37864da?s=96&d=mm&r=g\",\"caption\":\"Leonardo Francisco\"},\"url\":\"https:\\\/\\\/redenoticiaz.com.br\\\/ribeiraopreto-regiao\\\/sp\\\/author\\\/leonardo-francisco\"}]}<\/script>\n<!-- \/ Yoast SEO plugin. -->","yoast_head_json":{"title":"Palmeiras vence a Inter de Limeira e segue como o dono da melhor campanha geral do Paulist\u00e3o - Ribeir\u00e3o Preto e Regi\u00e3o","description":"uma equipe que est\u00e1 sendo imbat\u00edvel neste come\u00e7o de temporada \u00e9 o Palmeiras. Nesta quinta-feira (9), o Verd\u00e3o recebeu a Inter de Limeira","robots":{"index":"index","follow":"follow","max-snippet":"max-snippet:-1","max-image-preview":"max-image-preview:large","max-video-preview":"max-video-preview:-1"},"canonical":"https:\/\/redenoticiaz.com.br\/ribeiraopreto-regiao\/sp\/2023\/02\/09\/palmeiras-vence-a-inter-de-limeira-e-segue-como-o-dono-da-melhor-campanha-geral-do-paulistao","og_locale":"pt_BR","og_type":"article","og_title":"Palmeiras vence a Inter de Limeira e segue como o dono da melhor campanha geral do Paulist\u00e3o - Ribeir\u00e3o Preto e Regi\u00e3o","og_description":"uma equipe que est\u00e1 sendo imbat\u00edvel neste come\u00e7o de temporada \u00e9 o Palmeiras. Nesta quinta-feira (9), o Verd\u00e3o recebeu a Inter de Limeira","og_url":"https:\/\/redenoticiaz.com.br\/ribeiraopreto-regiao\/sp\/2023\/02\/09\/palmeiras-vence-a-inter-de-limeira-e-segue-como-o-dono-da-melhor-campanha-geral-do-paulistao","og_site_name":"Ribeir\u00e3o Preto e Regi\u00e3o","article_publisher":"https:\/\/m.facebook.com\/redenoticiaz.barretos","article_published_time":"2023-02-10T00:48:05+00:00","og_image":[{"width":400,"height":250,"url":"https:\/\/redenoticiaz.com.br\/ribeiraopreto-regiao\/wp-content\/uploads\/sites\/4\/2022\/02\/logo.jpg","type":"image\/jpeg"}],"author":"Leonardo Francisco","twitter_card":"summary_large_image","twitter_creator":"@RN_barretos","twitter_site":"@RN_barretos","twitter_misc":{"Escrito por":"Leonardo Francisco","Est. tempo de leitura":"3 minutos"},"schema":{"@context":"https:\/\/schema.org","@graph":[{"@type":"Article","@id":"https:\/\/redenoticiaz.com.br\/ribeiraopreto-regiao\/sp\/2023\/02\/09\/palmeiras-vence-a-inter-de-limeira-e-segue-como-o-dono-da-melhor-campanha-geral-do-paulistao#article","isPartOf":{"@id":"https:\/\/redenoticiaz.com.br\/ribeiraopreto-regiao\/sp\/2023\/02\/09\/palmeiras-vence-a-inter-de-limeira-e-segue-como-o-dono-da-melhor-campanha-geral-do-paulistao"},"author":{"name":"Leonardo Francisco","@id":"https:\/\/redenoticiaz.com.br\/ribeiraopreto-regiao\/#\/schema\/person\/0f0b8a5bdafefe82841e07ae8d81ecb3"},"headline":"Palmeiras vence a Inter de Limeira e segue como o dono da melhor campanha geral do Paulist\u00e3o","datePublished":"2023-02-10T00:48:05+00:00","mainEntityOfPage":{"@id":"https:\/\/redenoticiaz.com.br\/ribeiraopreto-regiao\/sp\/2023\/02\/09\/palmeiras-vence-a-inter-de-limeira-e-segue-como-o-dono-da-melhor-campanha-geral-do-paulistao"},"wordCount":412,"commentCount":0,"publisher":{"@id":"https:\/\/redenoticiaz.com.br\/ribeiraopreto-regiao\/#organization"},"image":{"@id":"https:\/\/redenoticiaz.com.br\/ribeiraopreto-regiao\/sp\/2023\/02\/09\/palmeiras-vence-a-inter-de-limeira-e-segue-como-o-dono-da-melhor-campanha-geral-do-paulistao#primaryimage"},"thumbnailUrl":"https:\/\/redenoticiaz.com.br\/ribeiraopreto-regiao\/wp-content\/uploads\/sites\/4\/2023\/02\/PALXILM.jpg?v=1675990029","keywords":["ALLIANZ PARQUE","CAMPEONATO PAULISTA","INTER DE LIMEIRA","Palmeiras","paulist\u00e3o 2023"],"articleSection":["Esporte"],"inLanguage":"pt-BR","potentialAction":[{"@type":"CommentAction","name":"Comment","target":["https:\/\/redenoticiaz.com.br\/ribeiraopreto-regiao\/sp\/2023\/02\/09\/palmeiras-vence-a-inter-de-limeira-e-segue-como-o-dono-da-melhor-campanha-geral-do-paulistao#respond"]}]},{"@type":"WebPage","@id":"https:\/\/redenoticiaz.com.br\/ribeiraopreto-regiao\/sp\/2023\/02\/09\/palmeiras-vence-a-inter-de-limeira-e-segue-como-o-dono-da-melhor-campanha-geral-do-paulistao","url":"https:\/\/redenoticiaz.com.br\/ribeiraopreto-regiao\/sp\/2023\/02\/09\/palmeiras-vence-a-inter-de-limeira-e-segue-como-o-dono-da-melhor-campanha-geral-do-paulistao","name":"Palmeiras vence a Inter de Limeira e segue como o dono da melhor campanha geral do Paulist\u00e3o - Ribeir\u00e3o Preto e Regi\u00e3o","isPartOf":{"@id":"https:\/\/redenoticiaz.com.br\/ribeiraopreto-regiao\/#website"},"primaryImageOfPage":{"@id":"https:\/\/redenoticiaz.com.br\/ribeiraopreto-regiao\/sp\/2023\/02\/09\/palmeiras-vence-a-inter-de-limeira-e-segue-como-o-dono-da-melhor-campanha-geral-do-paulistao#primaryimage"},"image":{"@id":"https:\/\/redenoticiaz.com.br\/ribeiraopreto-regiao\/sp\/2023\/02\/09\/palmeiras-vence-a-inter-de-limeira-e-segue-como-o-dono-da-melhor-campanha-geral-do-paulistao#primaryimage"},"thumbnailUrl":"https:\/\/redenoticiaz.com.br\/ribeiraopreto-regiao\/wp-content\/uploads\/sites\/4\/2023\/02\/PALXILM.jpg?v=1675990029","datePublished":"2023-02-10T00:48:05+00:00","description":"uma equipe que est\u00e1 sendo imbat\u00edvel neste come\u00e7o de temporada \u00e9 o Palmeiras. Nesta quinta-feira (9), o Verd\u00e3o recebeu a Inter de Limeira","inLanguage":"pt-BR","potentialAction":[{"@type":"ReadAction","target":["https:\/\/redenoticiaz.com.br\/ribeiraopreto-regiao\/sp\/2023\/02\/09\/palmeiras-vence-a-inter-de-limeira-e-segue-como-o-dono-da-melhor-campanha-geral-do-paulistao"]}]},{"@type":"ImageObject","inLanguage":"pt-BR","@id":"https:\/\/redenoticiaz.com.br\/ribeiraopreto-regiao\/sp\/2023\/02\/09\/palmeiras-vence-a-inter-de-limeira-e-segue-como-o-dono-da-melhor-campanha-geral-do-paulistao#primaryimage","url":"https:\/\/redenoticiaz.com.br\/ribeiraopreto-regiao\/wp-content\/uploads\/sites\/4\/2023\/02\/PALXILM.jpg?v=1675990029","contentUrl":"https:\/\/redenoticiaz.com.br\/ribeiraopreto-regiao\/wp-content\/uploads\/sites\/4\/2023\/02\/PALXILM.jpg?v=1675990029","width":564,"height":314,"caption":"Cr\u00e9ditos: Reprodu\u00e7\u00e3o\/GE"},{"@type":"WebSite","@id":"https:\/\/redenoticiaz.com.br\/ribeiraopreto-regiao\/#website","url":"https:\/\/redenoticiaz.com.br\/ribeiraopreto-regiao\/","name":"Ribeir\u00e3o Preto e Regi\u00e3o","description":"Rede NoticiaZ - Ribeir\u00e3o Preto e regi\u00e3o","publisher":{"@id":"https:\/\/redenoticiaz.com.br\/ribeiraopreto-regiao\/#organization"},"potentialAction":[{"@type":"SearchAction","target":{"@type":"EntryPoint","urlTemplate":"https:\/\/redenoticiaz.com.br\/ribeiraopreto-regiao\/?s={search_term_string}"},"query-input":{"@type":"PropertyValueSpecification","valueRequired":true,"valueName":"search_term_string"}}],"inLanguage":"pt-BR"},{"@type":"Organization","@id":"https:\/\/redenoticiaz.com.br\/ribeiraopreto-regiao\/#organization","name":"Ribeir\u00e3o Preto e Regi\u00e3o","url":"https:\/\/redenoticiaz.com.br\/ribeiraopreto-regiao\/","logo":{"@type":"ImageObject","inLanguage":"pt-BR","@id":"https:\/\/redenoticiaz.com.br\/ribeiraopreto-regiao\/#\/schema\/logo\/image\/","url":"https:\/\/redenoticiaz.com.br\/barretos-regiao\/wp-content\/uploads\/sites\/4\/2022\/02\/logo.jpg","contentUrl":"https:\/\/redenoticiaz.com.br\/barretos-regiao\/wp-content\/uploads\/sites\/4\/2022\/02\/logo.jpg","width":400,"height":250,"caption":"Ribeir\u00e3o Preto e Regi\u00e3o"},"image":{"@id":"https:\/\/redenoticiaz.com.br\/ribeiraopreto-regiao\/#\/schema\/logo\/image\/"},"sameAs":["https:\/\/m.facebook.com\/redenoticiaz.barretos","https:\/\/x.com\/RN_barretos","https:\/\/www.instagram.com\/redenoticiaz.barretos\/?igshid=YmMyMTA2M2Y","https:\/\/www.linkedin.com\/company\/rede-noticiaz-barretos-e-regio\/"]},{"@type":"Person","@id":"https:\/\/redenoticiaz.com.br\/ribeiraopreto-regiao\/#\/schema\/person\/0f0b8a5bdafefe82841e07ae8d81ecb3","name":"Leonardo Francisco","image":{"@type":"ImageObject","inLanguage":"pt-BR","@id":"https:\/\/secure.gravatar.com\/avatar\/a7358cb406a99b682ec6df1e77e31ae82e63601f6784e8a3df411d72b37864da?s=96&d=mm&r=g","url":"https:\/\/secure.gravatar.com\/avatar\/a7358cb406a99b682ec6df1e77e31ae82e63601f6784e8a3df411d72b37864da?s=96&d=mm&r=g","contentUrl":"https:\/\/secure.gravatar.com\/avatar\/a7358cb406a99b682ec6df1e77e31ae82e63601f6784e8a3df411d72b37864da?s=96&d=mm&r=g","caption":"Leonardo Francisco"},"url":"https:\/\/redenoticiaz.com.br\/ribeiraopreto-regiao\/sp\/author\/leonardo-francisco"}]}},"_links":{"self":[{"href":"https:\/\/redenoticiaz.com.br\/ribeiraopreto-regiao\/wp-json\/wp\/v2\/posts\/100189","targetHints":{"allow":["GET"]}}],"collection":[{"href":"https:\/\/redenoticiaz.com.br\/ribeiraopreto-regiao\/wp-json\/wp\/v2\/posts"}],"about":[{"href":"https:\/\/redenoticiaz.com.br\/ribeiraopreto-regiao\/wp-json\/wp\/v2\/types\/post"}],"author":[{"embeddable":true,"href":"https:\/\/redenoticiaz.com.br\/ribeiraopreto-regiao\/wp-json\/wp\/v2\/users\/6"}],"replies":[{"embeddable":true,"href":"https:\/\/redenoticiaz.com.br\/ribeiraopreto-regiao\/wp-json\/wp\/v2\/comments?post=100189"}],"version-history":[{"count":1,"href":"https:\/\/redenoticiaz.com.br\/ribeiraopreto-regiao\/wp-json\/wp\/v2\/posts\/100189\/revisions"}],"predecessor-version":[{"id":100192,"href":"https:\/\/redenoticiaz.com.br\/ribeiraopreto-regiao\/wp-json\/wp\/v2\/posts\/100189\/revisions\/100192"}],"wp:featuredmedia":[{"embeddable":true,"href":"https:\/\/redenoticiaz.com.br\/ribeiraopreto-regiao\/wp-json\/wp\/v2\/media\/100190"}],"wp:attachment":[{"href":"https:\/\/redenoticiaz.com.br\/ribeiraopreto-regiao\/wp-json\/wp\/v2\/media?parent=100189"}],"wp:term":[{"taxonomy":"category","embeddable":true,"href":"https:\/\/redenoticiaz.com.br\/ribeiraopreto-regiao\/wp-json\/wp\/v2\/categories?post=100189"},{"taxonomy":"post_tag","embeddable":true,"href":"https:\/\/redenoticiaz.com.br\/ribeiraopreto-regiao\/wp-json\/wp\/v2\/tags?post=100189"}],"curies":[{"name":"wp","href":"https:\/\/api.w.org\/{rel}","templated":true}]}}