{"id":100229,"date":"2023-02-10T15:05:19","date_gmt":"2023-02-10T18:05:19","guid":{"rendered":"https:\/\/redenoticiaz.com.br\/barretos-regiao\/?p=100229"},"modified":"2023-02-10T15:05:19","modified_gmt":"2023-02-10T18:05:19","slug":"avenida-aurora-forti-neves-passa-por-revitalizacao-com-novo-calcamento-paisagismo-e-pintura","status":"publish","type":"post","link":"https:\/\/redenoticiaz.com.br\/ribeiraopreto-regiao\/sp\/2023\/02\/10\/avenida-aurora-forti-neves-passa-por-revitalizacao-com-novo-calcamento-paisagismo-e-pintura","title":{"rendered":"Avenida Aurora Forti Neves passa por revitaliza\u00e7\u00e3o com novo cal\u00e7amento, paisagismo e pintura"},"content":{"rendered":"<p class=\"v1MsoNormal\"><span style=\"font-family: arial, sans-serif\">A principal avenida da Est\u00e2ncia Tur\u00edstica de Ol\u00edmpia est\u00e1 recebendo uma aten\u00e7\u00e3o especial na melhoria da estrutura. Isso porque, teve in\u00edcio nesta semana as obras de revitaliza\u00e7\u00e3o do trecho que fica entre a Avenida Andrade e Silva e a Rua Benjamin Constant.<\/span><\/p>\n<p class=\"v1MsoNormal\"><span style=\"font-family: arial, sans-serif\">O projeto, que \u00e9 uma demanda dos moradores e um compromisso do prefeito Fernando Cunha para tornar o corredor tur\u00edstico mais atrativo em toda a sua extens\u00e3o, contemplar\u00e1 novo cal\u00e7amento, paisagismo e pintura dos gradis e demais estruturas met\u00e1licas, complementando o trecho da avenida que passou por reurbaniza\u00e7\u00e3o.<\/span><\/p>\n<p class=\"v1MsoNormal\"><span style=\"font-family: arial, sans-serif\">Para isso, os trabalhos foram iniciados com a demoli\u00e7\u00e3o das cal\u00e7adas, principalmente as danificadas pelo crescimento de ra\u00edzes das \u00e1rvores e plantas. Assim, ser\u00e1 feito novo cal\u00e7amento adequado para locomo\u00e7\u00e3o, passeio e pr\u00e1tica de atividades com mais qualidade e seguran\u00e7a para os pedestres.<\/span><\/p>\n<p class=\"v1MsoNormal\"><span style=\"font-family: arial, sans-serif\">De acordo com a secretaria de Obras, Engenharia e Infraestrutura, o local receber\u00e1 tamb\u00e9m nova pintura de todo o gradil \u00e0s margens do C\u00f3rrego Olhos D&#8217;\u00c1gua e das pontes, seguindo as cores oficiais do munic\u00edpio. Ao todo, considerando os dois lados da avenida, ser\u00e3o revitalizados cerca de 3 quil\u00f4metros.<\/span><\/p>\n<p class=\"v1MsoNormal\"><span style=\"font-family: arial, sans-serif\">Ap\u00f3s a conclus\u00e3o da reforma, o trecho da Avenida contar\u00e1 ainda com novo plantio de mudas e plantas, parreira de flores e paisagismo moderno, dando continuidade aos cuidados e a\u00e7\u00f5es ambientais do munic\u00edpio, sob responsabilidade da secretaria de Zeladoria e Meio Ambiente, que tem promovido inclusive constantes a\u00e7\u00f5es de limpeza para remo\u00e7\u00e3o de res\u00edduos do rio que corta a cidade, aliado ainda ao processo de despolui\u00e7\u00e3o com o tratamento de 100% do esgoto do munic\u00edpio, promovendo, assim, uma cidade cada vez mais sustent\u00e1vel e atrativa.<\/span><\/p>\n<p class=\"v1MsoNormal\"><span style=\"font-family: arial, sans-serif\">Os investimentos ser\u00e3o de mais de R$ 300 mil em recursos pr\u00f3prios, provenientes de opera\u00e7\u00e3o de cr\u00e9dito junto \u00e0 Caixa Econ\u00f4mica (FINISA). O prazo total das obras \u00e9 de at\u00e9 seis meses.<\/span><\/p>\n<p>VEJA TAMB\u00c9M:\u00a0<a href=\"https:\/\/redenoticiaz.com.br\/barretos-regiao\/sp\/2023\/02\/10\/confira-a-programacao-de-carnaval-em-olimpia\">Confira a programa\u00e7\u00e3o de Carnaval em Ol\u00edmpia<\/a><\/p>\n","protected":false},"excerpt":{"rendered":"<p>A principal avenida da Est\u00e2ncia Tur\u00edstica de Ol\u00edmpia est\u00e1 recebendo uma aten\u00e7\u00e3o especial na melhoria da estrutura. Isso porque, teve in\u00edcio nesta semana as obras de revitaliza\u00e7\u00e3o do trecho que fica entre a Avenida Andrade e Silva e a Rua Benjamin Constant. O projeto, que \u00e9 uma demanda dos moradores e um compromisso do prefeito &hellip;<\/p>\n","protected":false},"author":15,"featured_media":100231,"comment_status":"open","ping_status":"closed","sticky":false,"template":"","format":"standard","meta":{"footnotes":""},"categories":[2920],"tags":[17029,24761,2217,3121,3761],"class_list":["post-100229","post","type-post","status-publish","format-standard","has-post-thumbnail","hentry","category-obras","tag-arvores","tag-calcada","tag-investimento","tag-obras","tag-revitalizacao"],"yoast_head":"<!-- This site is optimized with the Yoast SEO plugin v27.4 - https:\/\/yoast.com\/product\/yoast-seo-wordpress\/ -->\n<title>Avenida Aurora Forti Neves passa por revitaliza\u00e7\u00e3o com novo cal\u00e7amento, paisagismo e pintura - Ribeir\u00e3o Preto e Regi\u00e3o<\/title>\n<meta name=\"description\" content=\"A principal avenida de Ol\u00edmpia est\u00e1 recebendo uma aten\u00e7\u00e3o especial na melhoria da estrutura. Nesta semana iniciou as obras de revitaliza\u00e7\u00e3o\" \/>\n<meta name=\"robots\" content=\"index, follow, max-snippet:-1, max-image-preview:large, max-video-preview:-1\" \/>\n<link rel=\"canonical\" href=\"https:\/\/redenoticiaz.com.br\/ribeiraopreto-regiao\/sp\/2023\/02\/10\/avenida-aurora-forti-neves-passa-por-revitalizacao-com-novo-calcamento-paisagismo-e-pintura\" \/>\n<meta property=\"og:locale\" content=\"pt_BR\" \/>\n<meta property=\"og:type\" content=\"article\" \/>\n<meta property=\"og:title\" content=\"Avenida Aurora Forti Neves passa por revitaliza\u00e7\u00e3o com novo cal\u00e7amento, paisagismo e pintura - Ribeir\u00e3o Preto e Regi\u00e3o\" \/>\n<meta property=\"og:description\" content=\"A principal avenida de Ol\u00edmpia est\u00e1 recebendo uma aten\u00e7\u00e3o especial na melhoria da estrutura. Nesta semana iniciou as obras de revitaliza\u00e7\u00e3o\" \/>\n<meta property=\"og:url\" content=\"https:\/\/redenoticiaz.com.br\/ribeiraopreto-regiao\/sp\/2023\/02\/10\/avenida-aurora-forti-neves-passa-por-revitalizacao-com-novo-calcamento-paisagismo-e-pintura\" \/>\n<meta property=\"og:site_name\" content=\"Ribeir\u00e3o Preto e Regi\u00e3o\" \/>\n<meta property=\"article:publisher\" content=\"https:\/\/m.facebook.com\/redenoticiaz.barretos\" \/>\n<meta property=\"article:published_time\" content=\"2023-02-10T18:05:19+00:00\" \/>\n<meta property=\"og:image\" content=\"https:\/\/redenoticiaz.com.br\/ribeiraopreto-regiao\/wp-content\/uploads\/sites\/4\/2023\/02\/Obras-Revitalizacao-Avenida-Aurora-2-scaled.jpg\" \/>\n\t<meta property=\"og:image:width\" content=\"1621\" \/>\n\t<meta property=\"og:image:height\" content=\"1080\" \/>\n\t<meta property=\"og:image:type\" content=\"image\/jpeg\" \/>\n<meta name=\"twitter:card\" content=\"summary_large_image\" \/>\n<meta name=\"twitter:creator\" content=\"@RN_barretos\" \/>\n<meta name=\"twitter:site\" content=\"@RN_barretos\" \/>\n<meta name=\"twitter:label1\" content=\"Escrito por\" \/>\n\t<meta name=\"twitter:data1\" content=\"\" \/>\n\t<meta name=\"twitter:label2\" content=\"Est. tempo de leitura\" \/>\n\t<meta name=\"twitter:data2\" content=\"2 minutos\" \/>\n<script type=\"application\/ld+json\" class=\"yoast-schema-graph\">{\"@context\":\"https:\\\/\\\/schema.org\",\"@graph\":[{\"@type\":\"Article\",\"@id\":\"https:\\\/\\\/redenoticiaz.com.br\\\/ribeiraopreto-regiao\\\/sp\\\/2023\\\/02\\\/10\\\/avenida-aurora-forti-neves-passa-por-revitalizacao-com-novo-calcamento-paisagismo-e-pintura#article\",\"isPartOf\":{\"@id\":\"https:\\\/\\\/redenoticiaz.com.br\\\/ribeiraopreto-regiao\\\/sp\\\/2023\\\/02\\\/10\\\/avenida-aurora-forti-neves-passa-por-revitalizacao-com-novo-calcamento-paisagismo-e-pintura\"},\"author\":{\"name\":\"\",\"@id\":\"\"},\"headline\":\"Avenida Aurora Forti Neves passa por revitaliza\u00e7\u00e3o com novo cal\u00e7amento, paisagismo e pintura\",\"datePublished\":\"2023-02-10T18:05:19+00:00\",\"mainEntityOfPage\":{\"@id\":\"https:\\\/\\\/redenoticiaz.com.br\\\/ribeiraopreto-regiao\\\/sp\\\/2023\\\/02\\\/10\\\/avenida-aurora-forti-neves-passa-por-revitalizacao-com-novo-calcamento-paisagismo-e-pintura\"},\"wordCount\":359,\"commentCount\":0,\"publisher\":{\"@id\":\"https:\\\/\\\/redenoticiaz.com.br\\\/ribeiraopreto-regiao\\\/#organization\"},\"image\":{\"@id\":\"https:\\\/\\\/redenoticiaz.com.br\\\/ribeiraopreto-regiao\\\/sp\\\/2023\\\/02\\\/10\\\/avenida-aurora-forti-neves-passa-por-revitalizacao-com-novo-calcamento-paisagismo-e-pintura#primaryimage\"},\"thumbnailUrl\":\"https:\\\/\\\/redenoticiaz.com.br\\\/ribeiraopreto-regiao\\\/wp-content\\\/uploads\\\/sites\\\/4\\\/2023\\\/02\\\/Obras-Revitalizacao-Avenida-Aurora-2-scaled.jpg\",\"keywords\":[\"\u00c1RVORES\",\"cal\u00e7ada\",\"INVESTIMENTO\",\"obras\",\"REVITALIZA\u00c7\u00c3O\"],\"articleSection\":[\"Obras\"],\"inLanguage\":\"pt-BR\",\"potentialAction\":[{\"@type\":\"CommentAction\",\"name\":\"Comment\",\"target\":[\"https:\\\/\\\/redenoticiaz.com.br\\\/ribeiraopreto-regiao\\\/sp\\\/2023\\\/02\\\/10\\\/avenida-aurora-forti-neves-passa-por-revitalizacao-com-novo-calcamento-paisagismo-e-pintura#respond\"]}]},{\"@type\":\"WebPage\",\"@id\":\"https:\\\/\\\/redenoticiaz.com.br\\\/ribeiraopreto-regiao\\\/sp\\\/2023\\\/02\\\/10\\\/avenida-aurora-forti-neves-passa-por-revitalizacao-com-novo-calcamento-paisagismo-e-pintura\",\"url\":\"https:\\\/\\\/redenoticiaz.com.br\\\/ribeiraopreto-regiao\\\/sp\\\/2023\\\/02\\\/10\\\/avenida-aurora-forti-neves-passa-por-revitalizacao-com-novo-calcamento-paisagismo-e-pintura\",\"name\":\"Avenida Aurora Forti Neves passa por revitaliza\u00e7\u00e3o com novo cal\u00e7amento, paisagismo e pintura - Ribeir\u00e3o Preto e Regi\u00e3o\",\"isPartOf\":{\"@id\":\"https:\\\/\\\/redenoticiaz.com.br\\\/ribeiraopreto-regiao\\\/#website\"},\"primaryImageOfPage\":{\"@id\":\"https:\\\/\\\/redenoticiaz.com.br\\\/ribeiraopreto-regiao\\\/sp\\\/2023\\\/02\\\/10\\\/avenida-aurora-forti-neves-passa-por-revitalizacao-com-novo-calcamento-paisagismo-e-pintura#primaryimage\"},\"image\":{\"@id\":\"https:\\\/\\\/redenoticiaz.com.br\\\/ribeiraopreto-regiao\\\/sp\\\/2023\\\/02\\\/10\\\/avenida-aurora-forti-neves-passa-por-revitalizacao-com-novo-calcamento-paisagismo-e-pintura#primaryimage\"},\"thumbnailUrl\":\"https:\\\/\\\/redenoticiaz.com.br\\\/ribeiraopreto-regiao\\\/wp-content\\\/uploads\\\/sites\\\/4\\\/2023\\\/02\\\/Obras-Revitalizacao-Avenida-Aurora-2-scaled.jpg\",\"datePublished\":\"2023-02-10T18:05:19+00:00\",\"description\":\"A principal avenida de Ol\u00edmpia est\u00e1 recebendo uma aten\u00e7\u00e3o especial na melhoria da estrutura. Nesta semana iniciou as obras de revitaliza\u00e7\u00e3o\",\"inLanguage\":\"pt-BR\",\"potentialAction\":[{\"@type\":\"ReadAction\",\"target\":[\"https:\\\/\\\/redenoticiaz.com.br\\\/ribeiraopreto-regiao\\\/sp\\\/2023\\\/02\\\/10\\\/avenida-aurora-forti-neves-passa-por-revitalizacao-com-novo-calcamento-paisagismo-e-pintura\"]}]},{\"@type\":\"ImageObject\",\"inLanguage\":\"pt-BR\",\"@id\":\"https:\\\/\\\/redenoticiaz.com.br\\\/ribeiraopreto-regiao\\\/sp\\\/2023\\\/02\\\/10\\\/avenida-aurora-forti-neves-passa-por-revitalizacao-com-novo-calcamento-paisagismo-e-pintura#primaryimage\",\"url\":\"https:\\\/\\\/redenoticiaz.com.br\\\/ribeiraopreto-regiao\\\/wp-content\\\/uploads\\\/sites\\\/4\\\/2023\\\/02\\\/Obras-Revitalizacao-Avenida-Aurora-2-scaled.jpg\",\"contentUrl\":\"https:\\\/\\\/redenoticiaz.com.br\\\/ribeiraopreto-regiao\\\/wp-content\\\/uploads\\\/sites\\\/4\\\/2023\\\/02\\\/Obras-Revitalizacao-Avenida-Aurora-2-scaled.jpg\",\"width\":1621,\"height\":1080,\"caption\":\"Cr\u00e9dito: Divulga\u00e7\u00e3o\"},{\"@type\":\"WebSite\",\"@id\":\"https:\\\/\\\/redenoticiaz.com.br\\\/ribeiraopreto-regiao\\\/#website\",\"url\":\"https:\\\/\\\/redenoticiaz.com.br\\\/ribeiraopreto-regiao\\\/\",\"name\":\"Ribeir\u00e3o Preto e Regi\u00e3o\",\"description\":\"Rede NoticiaZ - Ribeir\u00e3o Preto e regi\u00e3o\",\"publisher\":{\"@id\":\"https:\\\/\\\/redenoticiaz.com.br\\\/ribeiraopreto-regiao\\\/#organization\"},\"potentialAction\":[{\"@type\":\"SearchAction\",\"target\":{\"@type\":\"EntryPoint\",\"urlTemplate\":\"https:\\\/\\\/redenoticiaz.com.br\\\/ribeiraopreto-regiao\\\/?s={search_term_string}\"},\"query-input\":{\"@type\":\"PropertyValueSpecification\",\"valueRequired\":true,\"valueName\":\"search_term_string\"}}],\"inLanguage\":\"pt-BR\"},{\"@type\":\"Organization\",\"@id\":\"https:\\\/\\\/redenoticiaz.com.br\\\/ribeiraopreto-regiao\\\/#organization\",\"name\":\"Ribeir\u00e3o Preto e Regi\u00e3o\",\"url\":\"https:\\\/\\\/redenoticiaz.com.br\\\/ribeiraopreto-regiao\\\/\",\"logo\":{\"@type\":\"ImageObject\",\"inLanguage\":\"pt-BR\",\"@id\":\"https:\\\/\\\/redenoticiaz.com.br\\\/ribeiraopreto-regiao\\\/#\\\/schema\\\/logo\\\/image\\\/\",\"url\":\"https:\\\/\\\/redenoticiaz.com.br\\\/barretos-regiao\\\/wp-content\\\/uploads\\\/sites\\\/4\\\/2022\\\/02\\\/logo.jpg\",\"contentUrl\":\"https:\\\/\\\/redenoticiaz.com.br\\\/barretos-regiao\\\/wp-content\\\/uploads\\\/sites\\\/4\\\/2022\\\/02\\\/logo.jpg\",\"width\":400,\"height\":250,\"caption\":\"Ribeir\u00e3o Preto e Regi\u00e3o\"},\"image\":{\"@id\":\"https:\\\/\\\/redenoticiaz.com.br\\\/ribeiraopreto-regiao\\\/#\\\/schema\\\/logo\\\/image\\\/\"},\"sameAs\":[\"https:\\\/\\\/m.facebook.com\\\/redenoticiaz.barretos\",\"https:\\\/\\\/x.com\\\/RN_barretos\",\"https:\\\/\\\/www.instagram.com\\\/redenoticiaz.barretos\\\/?igshid=YmMyMTA2M2Y\",\"https:\\\/\\\/www.linkedin.com\\\/company\\\/rede-noticiaz-barretos-e-regio\\\/\"]},{\"@type\":\"Person\",\"@id\":\"\",\"url\":\"https:\\\/\\\/redenoticiaz.com.br\\\/ribeiraopreto-regiao\\\/sp\\\/author\"}]}<\/script>\n<!-- \/ Yoast SEO plugin. -->","yoast_head_json":{"title":"Avenida Aurora Forti Neves passa por revitaliza\u00e7\u00e3o com novo cal\u00e7amento, paisagismo e pintura - Ribeir\u00e3o Preto e Regi\u00e3o","description":"A principal avenida de Ol\u00edmpia est\u00e1 recebendo uma aten\u00e7\u00e3o especial na melhoria da estrutura. Nesta semana iniciou as obras de revitaliza\u00e7\u00e3o","robots":{"index":"index","follow":"follow","max-snippet":"max-snippet:-1","max-image-preview":"max-image-preview:large","max-video-preview":"max-video-preview:-1"},"canonical":"https:\/\/redenoticiaz.com.br\/ribeiraopreto-regiao\/sp\/2023\/02\/10\/avenida-aurora-forti-neves-passa-por-revitalizacao-com-novo-calcamento-paisagismo-e-pintura","og_locale":"pt_BR","og_type":"article","og_title":"Avenida Aurora Forti Neves passa por revitaliza\u00e7\u00e3o com novo cal\u00e7amento, paisagismo e pintura - Ribeir\u00e3o Preto e Regi\u00e3o","og_description":"A principal avenida de Ol\u00edmpia est\u00e1 recebendo uma aten\u00e7\u00e3o especial na melhoria da estrutura. Nesta semana iniciou as obras de revitaliza\u00e7\u00e3o","og_url":"https:\/\/redenoticiaz.com.br\/ribeiraopreto-regiao\/sp\/2023\/02\/10\/avenida-aurora-forti-neves-passa-por-revitalizacao-com-novo-calcamento-paisagismo-e-pintura","og_site_name":"Ribeir\u00e3o Preto e Regi\u00e3o","article_publisher":"https:\/\/m.facebook.com\/redenoticiaz.barretos","article_published_time":"2023-02-10T18:05:19+00:00","og_image":[{"width":1621,"height":1080,"url":"https:\/\/redenoticiaz.com.br\/ribeiraopreto-regiao\/wp-content\/uploads\/sites\/4\/2023\/02\/Obras-Revitalizacao-Avenida-Aurora-2-scaled.jpg","type":"image\/jpeg"}],"twitter_card":"summary_large_image","twitter_creator":"@RN_barretos","twitter_site":"@RN_barretos","twitter_misc":{"Escrito por":"","Est. tempo de leitura":"2 minutos"},"schema":{"@context":"https:\/\/schema.org","@graph":[{"@type":"Article","@id":"https:\/\/redenoticiaz.com.br\/ribeiraopreto-regiao\/sp\/2023\/02\/10\/avenida-aurora-forti-neves-passa-por-revitalizacao-com-novo-calcamento-paisagismo-e-pintura#article","isPartOf":{"@id":"https:\/\/redenoticiaz.com.br\/ribeiraopreto-regiao\/sp\/2023\/02\/10\/avenida-aurora-forti-neves-passa-por-revitalizacao-com-novo-calcamento-paisagismo-e-pintura"},"author":{"name":"","@id":""},"headline":"Avenida Aurora Forti Neves passa por revitaliza\u00e7\u00e3o com novo cal\u00e7amento, paisagismo e pintura","datePublished":"2023-02-10T18:05:19+00:00","mainEntityOfPage":{"@id":"https:\/\/redenoticiaz.com.br\/ribeiraopreto-regiao\/sp\/2023\/02\/10\/avenida-aurora-forti-neves-passa-por-revitalizacao-com-novo-calcamento-paisagismo-e-pintura"},"wordCount":359,"commentCount":0,"publisher":{"@id":"https:\/\/redenoticiaz.com.br\/ribeiraopreto-regiao\/#organization"},"image":{"@id":"https:\/\/redenoticiaz.com.br\/ribeiraopreto-regiao\/sp\/2023\/02\/10\/avenida-aurora-forti-neves-passa-por-revitalizacao-com-novo-calcamento-paisagismo-e-pintura#primaryimage"},"thumbnailUrl":"https:\/\/redenoticiaz.com.br\/ribeiraopreto-regiao\/wp-content\/uploads\/sites\/4\/2023\/02\/Obras-Revitalizacao-Avenida-Aurora-2-scaled.jpg","keywords":["\u00c1RVORES","cal\u00e7ada","INVESTIMENTO","obras","REVITALIZA\u00c7\u00c3O"],"articleSection":["Obras"],"inLanguage":"pt-BR","potentialAction":[{"@type":"CommentAction","name":"Comment","target":["https:\/\/redenoticiaz.com.br\/ribeiraopreto-regiao\/sp\/2023\/02\/10\/avenida-aurora-forti-neves-passa-por-revitalizacao-com-novo-calcamento-paisagismo-e-pintura#respond"]}]},{"@type":"WebPage","@id":"https:\/\/redenoticiaz.com.br\/ribeiraopreto-regiao\/sp\/2023\/02\/10\/avenida-aurora-forti-neves-passa-por-revitalizacao-com-novo-calcamento-paisagismo-e-pintura","url":"https:\/\/redenoticiaz.com.br\/ribeiraopreto-regiao\/sp\/2023\/02\/10\/avenida-aurora-forti-neves-passa-por-revitalizacao-com-novo-calcamento-paisagismo-e-pintura","name":"Avenida Aurora Forti Neves passa por revitaliza\u00e7\u00e3o com novo cal\u00e7amento, paisagismo e pintura - Ribeir\u00e3o Preto e Regi\u00e3o","isPartOf":{"@id":"https:\/\/redenoticiaz.com.br\/ribeiraopreto-regiao\/#website"},"primaryImageOfPage":{"@id":"https:\/\/redenoticiaz.com.br\/ribeiraopreto-regiao\/sp\/2023\/02\/10\/avenida-aurora-forti-neves-passa-por-revitalizacao-com-novo-calcamento-paisagismo-e-pintura#primaryimage"},"image":{"@id":"https:\/\/redenoticiaz.com.br\/ribeiraopreto-regiao\/sp\/2023\/02\/10\/avenida-aurora-forti-neves-passa-por-revitalizacao-com-novo-calcamento-paisagismo-e-pintura#primaryimage"},"thumbnailUrl":"https:\/\/redenoticiaz.com.br\/ribeiraopreto-regiao\/wp-content\/uploads\/sites\/4\/2023\/02\/Obras-Revitalizacao-Avenida-Aurora-2-scaled.jpg","datePublished":"2023-02-10T18:05:19+00:00","description":"A principal avenida de Ol\u00edmpia est\u00e1 recebendo uma aten\u00e7\u00e3o especial na melhoria da estrutura. Nesta semana iniciou as obras de revitaliza\u00e7\u00e3o","inLanguage":"pt-BR","potentialAction":[{"@type":"ReadAction","target":["https:\/\/redenoticiaz.com.br\/ribeiraopreto-regiao\/sp\/2023\/02\/10\/avenida-aurora-forti-neves-passa-por-revitalizacao-com-novo-calcamento-paisagismo-e-pintura"]}]},{"@type":"ImageObject","inLanguage":"pt-BR","@id":"https:\/\/redenoticiaz.com.br\/ribeiraopreto-regiao\/sp\/2023\/02\/10\/avenida-aurora-forti-neves-passa-por-revitalizacao-com-novo-calcamento-paisagismo-e-pintura#primaryimage","url":"https:\/\/redenoticiaz.com.br\/ribeiraopreto-regiao\/wp-content\/uploads\/sites\/4\/2023\/02\/Obras-Revitalizacao-Avenida-Aurora-2-scaled.jpg","contentUrl":"https:\/\/redenoticiaz.com.br\/ribeiraopreto-regiao\/wp-content\/uploads\/sites\/4\/2023\/02\/Obras-Revitalizacao-Avenida-Aurora-2-scaled.jpg","width":1621,"height":1080,"caption":"Cr\u00e9dito: Divulga\u00e7\u00e3o"},{"@type":"WebSite","@id":"https:\/\/redenoticiaz.com.br\/ribeiraopreto-regiao\/#website","url":"https:\/\/redenoticiaz.com.br\/ribeiraopreto-regiao\/","name":"Ribeir\u00e3o Preto e Regi\u00e3o","description":"Rede NoticiaZ - Ribeir\u00e3o Preto e regi\u00e3o","publisher":{"@id":"https:\/\/redenoticiaz.com.br\/ribeiraopreto-regiao\/#organization"},"potentialAction":[{"@type":"SearchAction","target":{"@type":"EntryPoint","urlTemplate":"https:\/\/redenoticiaz.com.br\/ribeiraopreto-regiao\/?s={search_term_string}"},"query-input":{"@type":"PropertyValueSpecification","valueRequired":true,"valueName":"search_term_string"}}],"inLanguage":"pt-BR"},{"@type":"Organization","@id":"https:\/\/redenoticiaz.com.br\/ribeiraopreto-regiao\/#organization","name":"Ribeir\u00e3o Preto e Regi\u00e3o","url":"https:\/\/redenoticiaz.com.br\/ribeiraopreto-regiao\/","logo":{"@type":"ImageObject","inLanguage":"pt-BR","@id":"https:\/\/redenoticiaz.com.br\/ribeiraopreto-regiao\/#\/schema\/logo\/image\/","url":"https:\/\/redenoticiaz.com.br\/barretos-regiao\/wp-content\/uploads\/sites\/4\/2022\/02\/logo.jpg","contentUrl":"https:\/\/redenoticiaz.com.br\/barretos-regiao\/wp-content\/uploads\/sites\/4\/2022\/02\/logo.jpg","width":400,"height":250,"caption":"Ribeir\u00e3o Preto e Regi\u00e3o"},"image":{"@id":"https:\/\/redenoticiaz.com.br\/ribeiraopreto-regiao\/#\/schema\/logo\/image\/"},"sameAs":["https:\/\/m.facebook.com\/redenoticiaz.barretos","https:\/\/x.com\/RN_barretos","https:\/\/www.instagram.com\/redenoticiaz.barretos\/?igshid=YmMyMTA2M2Y","https:\/\/www.linkedin.com\/company\/rede-noticiaz-barretos-e-regio\/"]},{"@type":"Person","@id":"","url":"https:\/\/redenoticiaz.com.br\/ribeiraopreto-regiao\/sp\/author"}]}},"_links":{"self":[{"href":"https:\/\/redenoticiaz.com.br\/ribeiraopreto-regiao\/wp-json\/wp\/v2\/posts\/100229","targetHints":{"allow":["GET"]}}],"collection":[{"href":"https:\/\/redenoticiaz.com.br\/ribeiraopreto-regiao\/wp-json\/wp\/v2\/posts"}],"about":[{"href":"https:\/\/redenoticiaz.com.br\/ribeiraopreto-regiao\/wp-json\/wp\/v2\/types\/post"}],"author":[{"embeddable":true,"href":"https:\/\/redenoticiaz.com.br\/ribeiraopreto-regiao\/wp-json\/wp\/v2\/users\/15"}],"replies":[{"embeddable":true,"href":"https:\/\/redenoticiaz.com.br\/ribeiraopreto-regiao\/wp-json\/wp\/v2\/comments?post=100229"}],"version-history":[{"count":1,"href":"https:\/\/redenoticiaz.com.br\/ribeiraopreto-regiao\/wp-json\/wp\/v2\/posts\/100229\/revisions"}],"predecessor-version":[{"id":100232,"href":"https:\/\/redenoticiaz.com.br\/ribeiraopreto-regiao\/wp-json\/wp\/v2\/posts\/100229\/revisions\/100232"}],"wp:featuredmedia":[{"embeddable":true,"href":"https:\/\/redenoticiaz.com.br\/ribeiraopreto-regiao\/wp-json\/wp\/v2\/media\/100231"}],"wp:attachment":[{"href":"https:\/\/redenoticiaz.com.br\/ribeiraopreto-regiao\/wp-json\/wp\/v2\/media?parent=100229"}],"wp:term":[{"taxonomy":"category","embeddable":true,"href":"https:\/\/redenoticiaz.com.br\/ribeiraopreto-regiao\/wp-json\/wp\/v2\/categories?post=100229"},{"taxonomy":"post_tag","embeddable":true,"href":"https:\/\/redenoticiaz.com.br\/ribeiraopreto-regiao\/wp-json\/wp\/v2\/tags?post=100229"}],"curies":[{"name":"wp","href":"https:\/\/api.w.org\/{rel}","templated":true}]}}