{"id":100653,"date":"2023-02-17T14:28:34","date_gmt":"2023-02-17T17:28:34","guid":{"rendered":"https:\/\/redenoticiaz.com.br\/barretos-regiao\/?p=100653"},"modified":"2023-02-17T14:28:34","modified_gmt":"2023-02-17T17:28:34","slug":"cantora-sertaneja-ana-castela-se-apresenta-no-carnaolimpia","status":"publish","type":"post","link":"https:\/\/redenoticiaz.com.br\/ribeiraopreto-regiao\/sp\/2023\/02\/17\/cantora-sertaneja-ana-castela-se-apresenta-no-carnaolimpia","title":{"rendered":"Cantora sertaneja Ana Castela se apresenta no CarnaOl\u00edmpia"},"content":{"rendered":"<p>O\u00a0<a href=\"https:\/\/redenoticiaz.com.br\/barretos-regiao\/sp\/2023\/01\/10\/carnaolimpia-2023-e-confirmado-com-4-noites-de-shows-e-entrada-gratuita\">CarnaOl\u00edmpia<\/a>\u00a0come\u00e7a nesta sexta-feira (17) com apresenta\u00e7\u00e3o da cantora sertaneja Ana Castela. O evento \u00e9 realizado no estacionamento do parque aqu\u00e1tico Thermas dos Laranjais.<\/p>\n<p>Segundo a prefeitura, a expectativa \u00e9 de que mais de 14 mil foli\u00f5es participem do primeiro dia de festa.<\/p>\n<p>Ap\u00f3s a apresenta\u00e7\u00e3o de Ana Castela,\u00a0dupla de Djs \u201cOld Boys\u201d subir\u00e1 ao palco para animar o p\u00fablico.<\/p>\n<p>A entrada para a pista \u00e9 gratuita. O evento conta ainda com espa\u00e7o de camarote open bar. Ingressos\u00a0<a href=\"https:\/\/www.guicheweb.com.br\/carna-olimpia_20346\">podem ser adquiridos pelo site<\/a>.<\/p>\n<h3>Programa\u00e7\u00e3o<\/h3>\n<p>O CarnaOl\u00edmpia termina no dia 20 de fevereiro. No s\u00e1bado (18), o palco ficar\u00e1 por conta dos shows de \u201cOs Menotti\u201d e \u201cGrupo Sambalove\u201d.<\/p>\n<p>A festa continua no domingo (19), com a banda baiana de ax\u00e9 \u201cA Zorra\u201d, o cantor \u201cMurilo Huff\u201d e o sertanejo universit\u00e1rio de \u201cHugo e Heitor\u201d. O \u00faltimo dia de programa\u00e7\u00e3o ser\u00e1 na segunda-feira (20), com a dupla sertaneja \u201cClayton &amp; Rom\u00e1rio\u201d e o funk e eletr\u00f4nico do duo de DJs \u201cDexters\u201d.<\/p>\n<p>VEJA TAMB\u00c9M:<a href=\"https:\/\/redenoticiaz.com.br\/barretos-regiao\/sp\/2023\/02\/17\/video-cantor-pericles-tem-carro-roubado-por-bandidos-armados\">V\u00cdDEO \u2013 Cantor P\u00e9ricles tem carro roubado por bandidos armados<\/a><\/p>\n","protected":false},"excerpt":{"rendered":"<p>O\u00a0CarnaOl\u00edmpia\u00a0come\u00e7a nesta sexta-feira (17) com apresenta\u00e7\u00e3o da cantora sertaneja Ana Castela. O evento \u00e9 realizado no estacionamento do parque aqu\u00e1tico Thermas dos Laranjais. Segundo a prefeitura, a expectativa \u00e9 de que mais de 14 mil foli\u00f5es participem do primeiro dia de festa. Ap\u00f3s a apresenta\u00e7\u00e3o de Ana Castela,\u00a0dupla de Djs \u201cOld Boys\u201d subir\u00e1 ao palco &hellip;<\/p>\n","protected":false},"author":15,"featured_media":100654,"comment_status":"open","ping_status":"closed","sticky":false,"template":"","format":"standard","meta":{"footnotes":""},"categories":[815],"tags":[24972,24971,664,22679],"class_list":["post-100653","post","type-post","status-publish","format-standard","has-post-thumbnail","hentry","category-cultura-e-musica","tag-ana-castela","tag-cantora-sertaneja","tag-show","tag-thermas-dos-laranjais"],"yoast_head":"<!-- This site is optimized with the Yoast SEO plugin v27.4 - https:\/\/yoast.com\/product\/yoast-seo-wordpress\/ -->\n<title>Cantora sertaneja Ana Castela se apresenta no CarnaOl\u00edmpia - Ribeir\u00e3o Preto e Regi\u00e3o<\/title>\n<meta name=\"description\" content=\"O\u00a0CarnaOl\u00edmpia\u00a0come\u00e7a nesta sexta-feira (17) com apresenta\u00e7\u00e3o da cantora sertaneja Ana Castela. O evento \u00e9 realizado no estacionamento do parque aqu\u00e1tico\" \/>\n<meta name=\"robots\" content=\"index, follow, max-snippet:-1, max-image-preview:large, max-video-preview:-1\" \/>\n<link rel=\"canonical\" href=\"https:\/\/redenoticiaz.com.br\/ribeiraopreto-regiao\/sp\/2023\/02\/17\/cantora-sertaneja-ana-castela-se-apresenta-no-carnaolimpia\" \/>\n<meta property=\"og:locale\" content=\"pt_BR\" \/>\n<meta property=\"og:type\" content=\"article\" \/>\n<meta property=\"og:title\" content=\"Cantora sertaneja Ana Castela se apresenta no CarnaOl\u00edmpia - Ribeir\u00e3o Preto e Regi\u00e3o\" \/>\n<meta property=\"og:description\" content=\"O\u00a0CarnaOl\u00edmpia\u00a0come\u00e7a nesta sexta-feira (17) com apresenta\u00e7\u00e3o da cantora sertaneja Ana Castela. O evento \u00e9 realizado no estacionamento do parque aqu\u00e1tico\" \/>\n<meta property=\"og:url\" content=\"https:\/\/redenoticiaz.com.br\/ribeiraopreto-regiao\/sp\/2023\/02\/17\/cantora-sertaneja-ana-castela-se-apresenta-no-carnaolimpia\" \/>\n<meta property=\"og:site_name\" content=\"Ribeir\u00e3o Preto e Regi\u00e3o\" \/>\n<meta property=\"article:publisher\" content=\"https:\/\/m.facebook.com\/redenoticiaz.barretos\" \/>\n<meta property=\"article:published_time\" content=\"2023-02-17T17:28:34+00:00\" \/>\n<meta property=\"og:image\" content=\"https:\/\/redenoticiaz.com.br\/ribeiraopreto-regiao\/wp-content\/uploads\/sites\/4\/2023\/02\/ana-castela.jpg\" \/>\n\t<meta property=\"og:image:width\" content=\"1270\" \/>\n\t<meta property=\"og:image:height\" content=\"800\" \/>\n\t<meta property=\"og:image:type\" content=\"image\/jpeg\" \/>\n<meta name=\"twitter:card\" content=\"summary_large_image\" \/>\n<meta name=\"twitter:creator\" content=\"@RN_barretos\" \/>\n<meta name=\"twitter:site\" content=\"@RN_barretos\" \/>\n<meta name=\"twitter:label1\" content=\"Escrito por\" \/>\n\t<meta name=\"twitter:data1\" content=\"\" \/>\n\t<meta name=\"twitter:label2\" content=\"Est. tempo de leitura\" \/>\n\t<meta name=\"twitter:data2\" content=\"1 minuto\" \/>\n<script type=\"application\/ld+json\" class=\"yoast-schema-graph\">{\"@context\":\"https:\\\/\\\/schema.org\",\"@graph\":[{\"@type\":\"Article\",\"@id\":\"https:\\\/\\\/redenoticiaz.com.br\\\/ribeiraopreto-regiao\\\/sp\\\/2023\\\/02\\\/17\\\/cantora-sertaneja-ana-castela-se-apresenta-no-carnaolimpia#article\",\"isPartOf\":{\"@id\":\"https:\\\/\\\/redenoticiaz.com.br\\\/ribeiraopreto-regiao\\\/sp\\\/2023\\\/02\\\/17\\\/cantora-sertaneja-ana-castela-se-apresenta-no-carnaolimpia\"},\"author\":{\"name\":\"\",\"@id\":\"\"},\"headline\":\"Cantora sertaneja Ana Castela se apresenta no CarnaOl\u00edmpia\",\"datePublished\":\"2023-02-17T17:28:34+00:00\",\"mainEntityOfPage\":{\"@id\":\"https:\\\/\\\/redenoticiaz.com.br\\\/ribeiraopreto-regiao\\\/sp\\\/2023\\\/02\\\/17\\\/cantora-sertaneja-ana-castela-se-apresenta-no-carnaolimpia\"},\"wordCount\":192,\"commentCount\":0,\"publisher\":{\"@id\":\"https:\\\/\\\/redenoticiaz.com.br\\\/ribeiraopreto-regiao\\\/#organization\"},\"image\":{\"@id\":\"https:\\\/\\\/redenoticiaz.com.br\\\/ribeiraopreto-regiao\\\/sp\\\/2023\\\/02\\\/17\\\/cantora-sertaneja-ana-castela-se-apresenta-no-carnaolimpia#primaryimage\"},\"thumbnailUrl\":\"https:\\\/\\\/redenoticiaz.com.br\\\/ribeiraopreto-regiao\\\/wp-content\\\/uploads\\\/sites\\\/4\\\/2023\\\/02\\\/ana-castela.jpg\",\"keywords\":[\"Ana Castela\",\"Cantora sertaneja\",\"SHOW\",\"THERMAS DOS LARANJAIS\"],\"articleSection\":[\"Cultura e M\u00fasica\"],\"inLanguage\":\"pt-BR\",\"potentialAction\":[{\"@type\":\"CommentAction\",\"name\":\"Comment\",\"target\":[\"https:\\\/\\\/redenoticiaz.com.br\\\/ribeiraopreto-regiao\\\/sp\\\/2023\\\/02\\\/17\\\/cantora-sertaneja-ana-castela-se-apresenta-no-carnaolimpia#respond\"]}]},{\"@type\":\"WebPage\",\"@id\":\"https:\\\/\\\/redenoticiaz.com.br\\\/ribeiraopreto-regiao\\\/sp\\\/2023\\\/02\\\/17\\\/cantora-sertaneja-ana-castela-se-apresenta-no-carnaolimpia\",\"url\":\"https:\\\/\\\/redenoticiaz.com.br\\\/ribeiraopreto-regiao\\\/sp\\\/2023\\\/02\\\/17\\\/cantora-sertaneja-ana-castela-se-apresenta-no-carnaolimpia\",\"name\":\"Cantora sertaneja Ana Castela se apresenta no CarnaOl\u00edmpia - Ribeir\u00e3o Preto e Regi\u00e3o\",\"isPartOf\":{\"@id\":\"https:\\\/\\\/redenoticiaz.com.br\\\/ribeiraopreto-regiao\\\/#website\"},\"primaryImageOfPage\":{\"@id\":\"https:\\\/\\\/redenoticiaz.com.br\\\/ribeiraopreto-regiao\\\/sp\\\/2023\\\/02\\\/17\\\/cantora-sertaneja-ana-castela-se-apresenta-no-carnaolimpia#primaryimage\"},\"image\":{\"@id\":\"https:\\\/\\\/redenoticiaz.com.br\\\/ribeiraopreto-regiao\\\/sp\\\/2023\\\/02\\\/17\\\/cantora-sertaneja-ana-castela-se-apresenta-no-carnaolimpia#primaryimage\"},\"thumbnailUrl\":\"https:\\\/\\\/redenoticiaz.com.br\\\/ribeiraopreto-regiao\\\/wp-content\\\/uploads\\\/sites\\\/4\\\/2023\\\/02\\\/ana-castela.jpg\",\"datePublished\":\"2023-02-17T17:28:34+00:00\",\"description\":\"O\u00a0CarnaOl\u00edmpia\u00a0come\u00e7a nesta sexta-feira (17) com apresenta\u00e7\u00e3o da cantora sertaneja Ana Castela. O evento \u00e9 realizado no estacionamento do parque aqu\u00e1tico\",\"inLanguage\":\"pt-BR\",\"potentialAction\":[{\"@type\":\"ReadAction\",\"target\":[\"https:\\\/\\\/redenoticiaz.com.br\\\/ribeiraopreto-regiao\\\/sp\\\/2023\\\/02\\\/17\\\/cantora-sertaneja-ana-castela-se-apresenta-no-carnaolimpia\"]}]},{\"@type\":\"ImageObject\",\"inLanguage\":\"pt-BR\",\"@id\":\"https:\\\/\\\/redenoticiaz.com.br\\\/ribeiraopreto-regiao\\\/sp\\\/2023\\\/02\\\/17\\\/cantora-sertaneja-ana-castela-se-apresenta-no-carnaolimpia#primaryimage\",\"url\":\"https:\\\/\\\/redenoticiaz.com.br\\\/ribeiraopreto-regiao\\\/wp-content\\\/uploads\\\/sites\\\/4\\\/2023\\\/02\\\/ana-castela.jpg\",\"contentUrl\":\"https:\\\/\\\/redenoticiaz.com.br\\\/ribeiraopreto-regiao\\\/wp-content\\\/uploads\\\/sites\\\/4\\\/2023\\\/02\\\/ana-castela.jpg\",\"width\":1270,\"height\":800,\"caption\":\"Ana Castela vai se apresentar no CarnaOl\u00edmpia (Foto: Reprodu\u00e7\u00e3o\\\/Instagram)\"},{\"@type\":\"WebSite\",\"@id\":\"https:\\\/\\\/redenoticiaz.com.br\\\/ribeiraopreto-regiao\\\/#website\",\"url\":\"https:\\\/\\\/redenoticiaz.com.br\\\/ribeiraopreto-regiao\\\/\",\"name\":\"Ribeir\u00e3o Preto e Regi\u00e3o\",\"description\":\"Rede NoticiaZ - Ribeir\u00e3o Preto e regi\u00e3o\",\"publisher\":{\"@id\":\"https:\\\/\\\/redenoticiaz.com.br\\\/ribeiraopreto-regiao\\\/#organization\"},\"potentialAction\":[{\"@type\":\"SearchAction\",\"target\":{\"@type\":\"EntryPoint\",\"urlTemplate\":\"https:\\\/\\\/redenoticiaz.com.br\\\/ribeiraopreto-regiao\\\/?s={search_term_string}\"},\"query-input\":{\"@type\":\"PropertyValueSpecification\",\"valueRequired\":true,\"valueName\":\"search_term_string\"}}],\"inLanguage\":\"pt-BR\"},{\"@type\":\"Organization\",\"@id\":\"https:\\\/\\\/redenoticiaz.com.br\\\/ribeiraopreto-regiao\\\/#organization\",\"name\":\"Ribeir\u00e3o Preto e Regi\u00e3o\",\"url\":\"https:\\\/\\\/redenoticiaz.com.br\\\/ribeiraopreto-regiao\\\/\",\"logo\":{\"@type\":\"ImageObject\",\"inLanguage\":\"pt-BR\",\"@id\":\"https:\\\/\\\/redenoticiaz.com.br\\\/ribeiraopreto-regiao\\\/#\\\/schema\\\/logo\\\/image\\\/\",\"url\":\"https:\\\/\\\/redenoticiaz.com.br\\\/barretos-regiao\\\/wp-content\\\/uploads\\\/sites\\\/4\\\/2022\\\/02\\\/logo.jpg\",\"contentUrl\":\"https:\\\/\\\/redenoticiaz.com.br\\\/barretos-regiao\\\/wp-content\\\/uploads\\\/sites\\\/4\\\/2022\\\/02\\\/logo.jpg\",\"width\":400,\"height\":250,\"caption\":\"Ribeir\u00e3o Preto e Regi\u00e3o\"},\"image\":{\"@id\":\"https:\\\/\\\/redenoticiaz.com.br\\\/ribeiraopreto-regiao\\\/#\\\/schema\\\/logo\\\/image\\\/\"},\"sameAs\":[\"https:\\\/\\\/m.facebook.com\\\/redenoticiaz.barretos\",\"https:\\\/\\\/x.com\\\/RN_barretos\",\"https:\\\/\\\/www.instagram.com\\\/redenoticiaz.barretos\\\/?igshid=YmMyMTA2M2Y\",\"https:\\\/\\\/www.linkedin.com\\\/company\\\/rede-noticiaz-barretos-e-regio\\\/\"]},{\"@type\":\"Person\",\"@id\":\"\",\"url\":\"https:\\\/\\\/redenoticiaz.com.br\\\/ribeiraopreto-regiao\\\/sp\\\/author\"}]}<\/script>\n<!-- \/ Yoast SEO plugin. -->","yoast_head_json":{"title":"Cantora sertaneja Ana Castela se apresenta no CarnaOl\u00edmpia - Ribeir\u00e3o Preto e Regi\u00e3o","description":"O\u00a0CarnaOl\u00edmpia\u00a0come\u00e7a nesta sexta-feira (17) com apresenta\u00e7\u00e3o da cantora sertaneja Ana Castela. O evento \u00e9 realizado no estacionamento do parque aqu\u00e1tico","robots":{"index":"index","follow":"follow","max-snippet":"max-snippet:-1","max-image-preview":"max-image-preview:large","max-video-preview":"max-video-preview:-1"},"canonical":"https:\/\/redenoticiaz.com.br\/ribeiraopreto-regiao\/sp\/2023\/02\/17\/cantora-sertaneja-ana-castela-se-apresenta-no-carnaolimpia","og_locale":"pt_BR","og_type":"article","og_title":"Cantora sertaneja Ana Castela se apresenta no CarnaOl\u00edmpia - Ribeir\u00e3o Preto e Regi\u00e3o","og_description":"O\u00a0CarnaOl\u00edmpia\u00a0come\u00e7a nesta sexta-feira (17) com apresenta\u00e7\u00e3o da cantora sertaneja Ana Castela. O evento \u00e9 realizado no estacionamento do parque aqu\u00e1tico","og_url":"https:\/\/redenoticiaz.com.br\/ribeiraopreto-regiao\/sp\/2023\/02\/17\/cantora-sertaneja-ana-castela-se-apresenta-no-carnaolimpia","og_site_name":"Ribeir\u00e3o Preto e Regi\u00e3o","article_publisher":"https:\/\/m.facebook.com\/redenoticiaz.barretos","article_published_time":"2023-02-17T17:28:34+00:00","og_image":[{"width":1270,"height":800,"url":"https:\/\/redenoticiaz.com.br\/ribeiraopreto-regiao\/wp-content\/uploads\/sites\/4\/2023\/02\/ana-castela.jpg","type":"image\/jpeg"}],"twitter_card":"summary_large_image","twitter_creator":"@RN_barretos","twitter_site":"@RN_barretos","twitter_misc":{"Escrito por":"","Est. tempo de leitura":"1 minuto"},"schema":{"@context":"https:\/\/schema.org","@graph":[{"@type":"Article","@id":"https:\/\/redenoticiaz.com.br\/ribeiraopreto-regiao\/sp\/2023\/02\/17\/cantora-sertaneja-ana-castela-se-apresenta-no-carnaolimpia#article","isPartOf":{"@id":"https:\/\/redenoticiaz.com.br\/ribeiraopreto-regiao\/sp\/2023\/02\/17\/cantora-sertaneja-ana-castela-se-apresenta-no-carnaolimpia"},"author":{"name":"","@id":""},"headline":"Cantora sertaneja Ana Castela se apresenta no CarnaOl\u00edmpia","datePublished":"2023-02-17T17:28:34+00:00","mainEntityOfPage":{"@id":"https:\/\/redenoticiaz.com.br\/ribeiraopreto-regiao\/sp\/2023\/02\/17\/cantora-sertaneja-ana-castela-se-apresenta-no-carnaolimpia"},"wordCount":192,"commentCount":0,"publisher":{"@id":"https:\/\/redenoticiaz.com.br\/ribeiraopreto-regiao\/#organization"},"image":{"@id":"https:\/\/redenoticiaz.com.br\/ribeiraopreto-regiao\/sp\/2023\/02\/17\/cantora-sertaneja-ana-castela-se-apresenta-no-carnaolimpia#primaryimage"},"thumbnailUrl":"https:\/\/redenoticiaz.com.br\/ribeiraopreto-regiao\/wp-content\/uploads\/sites\/4\/2023\/02\/ana-castela.jpg","keywords":["Ana Castela","Cantora sertaneja","SHOW","THERMAS DOS LARANJAIS"],"articleSection":["Cultura e M\u00fasica"],"inLanguage":"pt-BR","potentialAction":[{"@type":"CommentAction","name":"Comment","target":["https:\/\/redenoticiaz.com.br\/ribeiraopreto-regiao\/sp\/2023\/02\/17\/cantora-sertaneja-ana-castela-se-apresenta-no-carnaolimpia#respond"]}]},{"@type":"WebPage","@id":"https:\/\/redenoticiaz.com.br\/ribeiraopreto-regiao\/sp\/2023\/02\/17\/cantora-sertaneja-ana-castela-se-apresenta-no-carnaolimpia","url":"https:\/\/redenoticiaz.com.br\/ribeiraopreto-regiao\/sp\/2023\/02\/17\/cantora-sertaneja-ana-castela-se-apresenta-no-carnaolimpia","name":"Cantora sertaneja Ana Castela se apresenta no CarnaOl\u00edmpia - Ribeir\u00e3o Preto e Regi\u00e3o","isPartOf":{"@id":"https:\/\/redenoticiaz.com.br\/ribeiraopreto-regiao\/#website"},"primaryImageOfPage":{"@id":"https:\/\/redenoticiaz.com.br\/ribeiraopreto-regiao\/sp\/2023\/02\/17\/cantora-sertaneja-ana-castela-se-apresenta-no-carnaolimpia#primaryimage"},"image":{"@id":"https:\/\/redenoticiaz.com.br\/ribeiraopreto-regiao\/sp\/2023\/02\/17\/cantora-sertaneja-ana-castela-se-apresenta-no-carnaolimpia#primaryimage"},"thumbnailUrl":"https:\/\/redenoticiaz.com.br\/ribeiraopreto-regiao\/wp-content\/uploads\/sites\/4\/2023\/02\/ana-castela.jpg","datePublished":"2023-02-17T17:28:34+00:00","description":"O\u00a0CarnaOl\u00edmpia\u00a0come\u00e7a nesta sexta-feira (17) com apresenta\u00e7\u00e3o da cantora sertaneja Ana Castela. O evento \u00e9 realizado no estacionamento do parque aqu\u00e1tico","inLanguage":"pt-BR","potentialAction":[{"@type":"ReadAction","target":["https:\/\/redenoticiaz.com.br\/ribeiraopreto-regiao\/sp\/2023\/02\/17\/cantora-sertaneja-ana-castela-se-apresenta-no-carnaolimpia"]}]},{"@type":"ImageObject","inLanguage":"pt-BR","@id":"https:\/\/redenoticiaz.com.br\/ribeiraopreto-regiao\/sp\/2023\/02\/17\/cantora-sertaneja-ana-castela-se-apresenta-no-carnaolimpia#primaryimage","url":"https:\/\/redenoticiaz.com.br\/ribeiraopreto-regiao\/wp-content\/uploads\/sites\/4\/2023\/02\/ana-castela.jpg","contentUrl":"https:\/\/redenoticiaz.com.br\/ribeiraopreto-regiao\/wp-content\/uploads\/sites\/4\/2023\/02\/ana-castela.jpg","width":1270,"height":800,"caption":"Ana Castela vai se apresentar no CarnaOl\u00edmpia (Foto: Reprodu\u00e7\u00e3o\/Instagram)"},{"@type":"WebSite","@id":"https:\/\/redenoticiaz.com.br\/ribeiraopreto-regiao\/#website","url":"https:\/\/redenoticiaz.com.br\/ribeiraopreto-regiao\/","name":"Ribeir\u00e3o Preto e Regi\u00e3o","description":"Rede NoticiaZ - Ribeir\u00e3o Preto e regi\u00e3o","publisher":{"@id":"https:\/\/redenoticiaz.com.br\/ribeiraopreto-regiao\/#organization"},"potentialAction":[{"@type":"SearchAction","target":{"@type":"EntryPoint","urlTemplate":"https:\/\/redenoticiaz.com.br\/ribeiraopreto-regiao\/?s={search_term_string}"},"query-input":{"@type":"PropertyValueSpecification","valueRequired":true,"valueName":"search_term_string"}}],"inLanguage":"pt-BR"},{"@type":"Organization","@id":"https:\/\/redenoticiaz.com.br\/ribeiraopreto-regiao\/#organization","name":"Ribeir\u00e3o Preto e Regi\u00e3o","url":"https:\/\/redenoticiaz.com.br\/ribeiraopreto-regiao\/","logo":{"@type":"ImageObject","inLanguage":"pt-BR","@id":"https:\/\/redenoticiaz.com.br\/ribeiraopreto-regiao\/#\/schema\/logo\/image\/","url":"https:\/\/redenoticiaz.com.br\/barretos-regiao\/wp-content\/uploads\/sites\/4\/2022\/02\/logo.jpg","contentUrl":"https:\/\/redenoticiaz.com.br\/barretos-regiao\/wp-content\/uploads\/sites\/4\/2022\/02\/logo.jpg","width":400,"height":250,"caption":"Ribeir\u00e3o Preto e Regi\u00e3o"},"image":{"@id":"https:\/\/redenoticiaz.com.br\/ribeiraopreto-regiao\/#\/schema\/logo\/image\/"},"sameAs":["https:\/\/m.facebook.com\/redenoticiaz.barretos","https:\/\/x.com\/RN_barretos","https:\/\/www.instagram.com\/redenoticiaz.barretos\/?igshid=YmMyMTA2M2Y","https:\/\/www.linkedin.com\/company\/rede-noticiaz-barretos-e-regio\/"]},{"@type":"Person","@id":"","url":"https:\/\/redenoticiaz.com.br\/ribeiraopreto-regiao\/sp\/author"}]}},"_links":{"self":[{"href":"https:\/\/redenoticiaz.com.br\/ribeiraopreto-regiao\/wp-json\/wp\/v2\/posts\/100653","targetHints":{"allow":["GET"]}}],"collection":[{"href":"https:\/\/redenoticiaz.com.br\/ribeiraopreto-regiao\/wp-json\/wp\/v2\/posts"}],"about":[{"href":"https:\/\/redenoticiaz.com.br\/ribeiraopreto-regiao\/wp-json\/wp\/v2\/types\/post"}],"author":[{"embeddable":true,"href":"https:\/\/redenoticiaz.com.br\/ribeiraopreto-regiao\/wp-json\/wp\/v2\/users\/15"}],"replies":[{"embeddable":true,"href":"https:\/\/redenoticiaz.com.br\/ribeiraopreto-regiao\/wp-json\/wp\/v2\/comments?post=100653"}],"version-history":[{"count":1,"href":"https:\/\/redenoticiaz.com.br\/ribeiraopreto-regiao\/wp-json\/wp\/v2\/posts\/100653\/revisions"}],"predecessor-version":[{"id":100655,"href":"https:\/\/redenoticiaz.com.br\/ribeiraopreto-regiao\/wp-json\/wp\/v2\/posts\/100653\/revisions\/100655"}],"wp:featuredmedia":[{"embeddable":true,"href":"https:\/\/redenoticiaz.com.br\/ribeiraopreto-regiao\/wp-json\/wp\/v2\/media\/100654"}],"wp:attachment":[{"href":"https:\/\/redenoticiaz.com.br\/ribeiraopreto-regiao\/wp-json\/wp\/v2\/media?parent=100653"}],"wp:term":[{"taxonomy":"category","embeddable":true,"href":"https:\/\/redenoticiaz.com.br\/ribeiraopreto-regiao\/wp-json\/wp\/v2\/categories?post=100653"},{"taxonomy":"post_tag","embeddable":true,"href":"https:\/\/redenoticiaz.com.br\/ribeiraopreto-regiao\/wp-json\/wp\/v2\/tags?post=100653"}],"curies":[{"name":"wp","href":"https:\/\/api.w.org\/{rel}","templated":true}]}}