{"id":100656,"date":"2023-02-17T14:48:00","date_gmt":"2023-02-17T17:48:00","guid":{"rendered":"https:\/\/redenoticiaz.com.br\/barretos-regiao\/?p=100656"},"modified":"2023-02-17T14:48:00","modified_gmt":"2023-02-17T17:48:00","slug":"sesi-barretos-promove-matine-de-carnaval-gratuito","status":"publish","type":"post","link":"https:\/\/redenoticiaz.com.br\/ribeiraopreto-regiao\/sp\/2023\/02\/17\/sesi-barretos-promove-matine-de-carnaval-gratuito","title":{"rendered":"Sesi Barretos promove Matin\u00ea de Carnaval gratuito"},"content":{"rendered":"<article id=\"fl-post-183079\" class=\"fl-post post-183079 noticia type-noticia status-publish hentry cat_noticias-barretos-e-regiao\">\n<div class=\"fl-post-content clearfix\">\n<p>Acontece no Centro de Atividades \u2013 CAT Sesi Barretos ser\u00e1 o palco da folia com a Matin\u00ea de Carnaval, neste s\u00e1bado (18), das 08h \u00e0s 12h. Durante as quatro horas de evento, as atividades ser\u00e3o abertas ao p\u00fablico e ser\u00e3o uma \u00f3tima oportunidade para as crian\u00e7as, jovens e adultos se divertirem.<\/p>\n<p>A partir das 08h, a programa\u00e7\u00e3o inclui tr\u00eas oficinas: Oficina da Beleza, Oficina de Colar Havaiano e Ateli\u00ea de M\u00e1scaras. Al\u00e9m disso, \u00e0s 09h, ocorrer\u00e3o o V\u00f4lei Folia e a Folia na Piscina.<\/p>\n<p>\u00c0s 10h30, a Oficina de Dan\u00e7a ser\u00e1 uma oportunidade para as crian\u00e7as aprenderem novos passos e dan\u00e7arem ao ritmo da folia. Em seguida, \u00e0s 11h, haver\u00e1 o Desfile de M\u00e1scaras e Fantasias, onde os participantes poder\u00e3o mostrar as suas cria\u00e7\u00f5es e se divertir com as m\u00e1scaras e fantasias de seus amigos.<\/p>\n<p>Por fim, \u00e0s 11h30, ser\u00e1 realizado o Festival de Dan\u00e7as Carnavalescas, com marchinhas e folia.<\/p>\n<p>VEJA TAMB\u00c9M:\u00a0<a href=\"https:\/\/redenoticiaz.com.br\/barretos-regiao\/sp\/2023\/02\/17\/cantora-sertaneja-ana-castela-se-apresenta-no-carnaolimpia\">Cantora sertaneja Ana Castela se apresenta no CarnaOl\u00edmpia<\/a><\/p>\n<\/div>\n<div class=\"fl-post-meta fl-post-meta-bottom\">\n<div class=\"fl-post-cats-tags\"><\/div>\n<\/div>\n<\/article>\n<div class=\"row\">\n<div class=\"col-md-12 compartilhar\"><\/div>\n<\/div>\n","protected":false},"excerpt":{"rendered":"<p>Acontece no Centro de Atividades \u2013 CAT Sesi Barretos ser\u00e1 o palco da folia com a Matin\u00ea de Carnaval, neste s\u00e1bado (18), das 08h \u00e0s 12h. Durante as quatro horas de evento, as atividades ser\u00e3o abertas ao p\u00fablico e ser\u00e3o uma \u00f3tima oportunidade para as crian\u00e7as, jovens e adultos se divertirem. A partir das 08h, &hellip;<\/p>\n","protected":false},"author":15,"featured_media":100657,"comment_status":"open","ping_status":"closed","sticky":false,"template":"","format":"standard","meta":{"footnotes":""},"categories":[469,815],"tags":[24973,24974,16419,1428],"class_list":["post-100656","post","type-post","status-publish","format-standard","has-post-thumbnail","hentry","category-cultura","category-cultura-e-musica","tag-carnaval-gratuito","tag-matine","tag-oficinas","tag-sesi"],"yoast_head":"<!-- This site is optimized with the Yoast SEO plugin v27.4 - https:\/\/yoast.com\/product\/yoast-seo-wordpress\/ -->\n<title>Sesi Barretos promove Matin\u00ea de Carnaval gratuito - Ribeir\u00e3o Preto e Regi\u00e3o<\/title>\n<meta name=\"description\" content=\"Durante as quatro horas de evento, as atividades ser\u00e3o abertas ao p\u00fablico e ser\u00e3o uma \u00f3tima oportunidade para as crian\u00e7as, jovens e adultos se divertirem.\" \/>\n<meta name=\"robots\" content=\"index, follow, max-snippet:-1, max-image-preview:large, max-video-preview:-1\" \/>\n<link rel=\"canonical\" href=\"https:\/\/redenoticiaz.com.br\/ribeiraopreto-regiao\/sp\/2023\/02\/17\/sesi-barretos-promove-matine-de-carnaval-gratuito\" \/>\n<meta property=\"og:locale\" content=\"pt_BR\" \/>\n<meta property=\"og:type\" content=\"article\" \/>\n<meta property=\"og:title\" content=\"Sesi Barretos promove Matin\u00ea de Carnaval gratuito - Ribeir\u00e3o Preto e Regi\u00e3o\" \/>\n<meta property=\"og:description\" content=\"Durante as quatro horas de evento, as atividades ser\u00e3o abertas ao p\u00fablico e ser\u00e3o uma \u00f3tima oportunidade para as crian\u00e7as, jovens e adultos se divertirem.\" \/>\n<meta property=\"og:url\" content=\"https:\/\/redenoticiaz.com.br\/ribeiraopreto-regiao\/sp\/2023\/02\/17\/sesi-barretos-promove-matine-de-carnaval-gratuito\" \/>\n<meta property=\"og:site_name\" content=\"Ribeir\u00e3o Preto e Regi\u00e3o\" \/>\n<meta property=\"article:publisher\" content=\"https:\/\/m.facebook.com\/redenoticiaz.barretos\" \/>\n<meta property=\"article:published_time\" content=\"2023-02-17T17:48:00+00:00\" \/>\n<meta property=\"og:image\" content=\"https:\/\/redenoticiaz.com.br\/ribeiraopreto-regiao\/wp-content\/uploads\/sites\/4\/2023\/02\/img_68_180917_ed05bd78-d19c-4f9d-aa1a-b795a28bd12b_o.jpg\" \/>\n\t<meta property=\"og:image:width\" content=\"1920\" \/>\n\t<meta property=\"og:image:height\" content=\"1080\" \/>\n\t<meta property=\"og:image:type\" content=\"image\/jpeg\" \/>\n<meta name=\"twitter:card\" content=\"summary_large_image\" \/>\n<meta name=\"twitter:creator\" content=\"@RN_barretos\" \/>\n<meta name=\"twitter:site\" content=\"@RN_barretos\" \/>\n<meta name=\"twitter:label1\" content=\"Escrito por\" \/>\n\t<meta name=\"twitter:data1\" content=\"\" \/>\n\t<meta name=\"twitter:label2\" content=\"Est. tempo de leitura\" \/>\n\t<meta name=\"twitter:data2\" content=\"1 minuto\" \/>\n<script type=\"application\/ld+json\" class=\"yoast-schema-graph\">{\"@context\":\"https:\\\/\\\/schema.org\",\"@graph\":[{\"@type\":\"Article\",\"@id\":\"https:\\\/\\\/redenoticiaz.com.br\\\/ribeiraopreto-regiao\\\/sp\\\/2023\\\/02\\\/17\\\/sesi-barretos-promove-matine-de-carnaval-gratuito#article\",\"isPartOf\":{\"@id\":\"https:\\\/\\\/redenoticiaz.com.br\\\/ribeiraopreto-regiao\\\/sp\\\/2023\\\/02\\\/17\\\/sesi-barretos-promove-matine-de-carnaval-gratuito\"},\"author\":{\"name\":\"\",\"@id\":\"\"},\"headline\":\"Sesi Barretos promove Matin\u00ea de Carnaval gratuito\",\"datePublished\":\"2023-02-17T17:48:00+00:00\",\"mainEntityOfPage\":{\"@id\":\"https:\\\/\\\/redenoticiaz.com.br\\\/ribeiraopreto-regiao\\\/sp\\\/2023\\\/02\\\/17\\\/sesi-barretos-promove-matine-de-carnaval-gratuito\"},\"wordCount\":186,\"commentCount\":0,\"publisher\":{\"@id\":\"https:\\\/\\\/redenoticiaz.com.br\\\/ribeiraopreto-regiao\\\/#organization\"},\"image\":{\"@id\":\"https:\\\/\\\/redenoticiaz.com.br\\\/ribeiraopreto-regiao\\\/sp\\\/2023\\\/02\\\/17\\\/sesi-barretos-promove-matine-de-carnaval-gratuito#primaryimage\"},\"thumbnailUrl\":\"https:\\\/\\\/redenoticiaz.com.br\\\/ribeiraopreto-regiao\\\/wp-content\\\/uploads\\\/sites\\\/4\\\/2023\\\/02\\\/img_68_180917_ed05bd78-d19c-4f9d-aa1a-b795a28bd12b_o.jpg\",\"keywords\":[\"Carnaval gratuito\",\"matin\u00ea\",\"OFICINAS\",\"SESI\"],\"articleSection\":[\"Cultura\",\"Cultura e M\u00fasica\"],\"inLanguage\":\"pt-BR\",\"potentialAction\":[{\"@type\":\"CommentAction\",\"name\":\"Comment\",\"target\":[\"https:\\\/\\\/redenoticiaz.com.br\\\/ribeiraopreto-regiao\\\/sp\\\/2023\\\/02\\\/17\\\/sesi-barretos-promove-matine-de-carnaval-gratuito#respond\"]}]},{\"@type\":\"WebPage\",\"@id\":\"https:\\\/\\\/redenoticiaz.com.br\\\/ribeiraopreto-regiao\\\/sp\\\/2023\\\/02\\\/17\\\/sesi-barretos-promove-matine-de-carnaval-gratuito\",\"url\":\"https:\\\/\\\/redenoticiaz.com.br\\\/ribeiraopreto-regiao\\\/sp\\\/2023\\\/02\\\/17\\\/sesi-barretos-promove-matine-de-carnaval-gratuito\",\"name\":\"Sesi Barretos promove Matin\u00ea de Carnaval gratuito - Ribeir\u00e3o Preto e Regi\u00e3o\",\"isPartOf\":{\"@id\":\"https:\\\/\\\/redenoticiaz.com.br\\\/ribeiraopreto-regiao\\\/#website\"},\"primaryImageOfPage\":{\"@id\":\"https:\\\/\\\/redenoticiaz.com.br\\\/ribeiraopreto-regiao\\\/sp\\\/2023\\\/02\\\/17\\\/sesi-barretos-promove-matine-de-carnaval-gratuito#primaryimage\"},\"image\":{\"@id\":\"https:\\\/\\\/redenoticiaz.com.br\\\/ribeiraopreto-regiao\\\/sp\\\/2023\\\/02\\\/17\\\/sesi-barretos-promove-matine-de-carnaval-gratuito#primaryimage\"},\"thumbnailUrl\":\"https:\\\/\\\/redenoticiaz.com.br\\\/ribeiraopreto-regiao\\\/wp-content\\\/uploads\\\/sites\\\/4\\\/2023\\\/02\\\/img_68_180917_ed05bd78-d19c-4f9d-aa1a-b795a28bd12b_o.jpg\",\"datePublished\":\"2023-02-17T17:48:00+00:00\",\"description\":\"Durante as quatro horas de evento, as atividades ser\u00e3o abertas ao p\u00fablico e ser\u00e3o uma \u00f3tima oportunidade para as crian\u00e7as, jovens e adultos se divertirem.\",\"inLanguage\":\"pt-BR\",\"potentialAction\":[{\"@type\":\"ReadAction\",\"target\":[\"https:\\\/\\\/redenoticiaz.com.br\\\/ribeiraopreto-regiao\\\/sp\\\/2023\\\/02\\\/17\\\/sesi-barretos-promove-matine-de-carnaval-gratuito\"]}]},{\"@type\":\"ImageObject\",\"inLanguage\":\"pt-BR\",\"@id\":\"https:\\\/\\\/redenoticiaz.com.br\\\/ribeiraopreto-regiao\\\/sp\\\/2023\\\/02\\\/17\\\/sesi-barretos-promove-matine-de-carnaval-gratuito#primaryimage\",\"url\":\"https:\\\/\\\/redenoticiaz.com.br\\\/ribeiraopreto-regiao\\\/wp-content\\\/uploads\\\/sites\\\/4\\\/2023\\\/02\\\/img_68_180917_ed05bd78-d19c-4f9d-aa1a-b795a28bd12b_o.jpg\",\"contentUrl\":\"https:\\\/\\\/redenoticiaz.com.br\\\/ribeiraopreto-regiao\\\/wp-content\\\/uploads\\\/sites\\\/4\\\/2023\\\/02\\\/img_68_180917_ed05bd78-d19c-4f9d-aa1a-b795a28bd12b_o.jpg\",\"width\":1920,\"height\":1080,\"caption\":\"Sesi Barretos promove Matin\u00ea de Carnaval gratuito. Cr\u00e9dito: Reprodu\u00e7\u00e3o\"},{\"@type\":\"WebSite\",\"@id\":\"https:\\\/\\\/redenoticiaz.com.br\\\/ribeiraopreto-regiao\\\/#website\",\"url\":\"https:\\\/\\\/redenoticiaz.com.br\\\/ribeiraopreto-regiao\\\/\",\"name\":\"Ribeir\u00e3o Preto e Regi\u00e3o\",\"description\":\"Rede NoticiaZ - Ribeir\u00e3o Preto e regi\u00e3o\",\"publisher\":{\"@id\":\"https:\\\/\\\/redenoticiaz.com.br\\\/ribeiraopreto-regiao\\\/#organization\"},\"potentialAction\":[{\"@type\":\"SearchAction\",\"target\":{\"@type\":\"EntryPoint\",\"urlTemplate\":\"https:\\\/\\\/redenoticiaz.com.br\\\/ribeiraopreto-regiao\\\/?s={search_term_string}\"},\"query-input\":{\"@type\":\"PropertyValueSpecification\",\"valueRequired\":true,\"valueName\":\"search_term_string\"}}],\"inLanguage\":\"pt-BR\"},{\"@type\":\"Organization\",\"@id\":\"https:\\\/\\\/redenoticiaz.com.br\\\/ribeiraopreto-regiao\\\/#organization\",\"name\":\"Ribeir\u00e3o Preto e Regi\u00e3o\",\"url\":\"https:\\\/\\\/redenoticiaz.com.br\\\/ribeiraopreto-regiao\\\/\",\"logo\":{\"@type\":\"ImageObject\",\"inLanguage\":\"pt-BR\",\"@id\":\"https:\\\/\\\/redenoticiaz.com.br\\\/ribeiraopreto-regiao\\\/#\\\/schema\\\/logo\\\/image\\\/\",\"url\":\"https:\\\/\\\/redenoticiaz.com.br\\\/barretos-regiao\\\/wp-content\\\/uploads\\\/sites\\\/4\\\/2022\\\/02\\\/logo.jpg\",\"contentUrl\":\"https:\\\/\\\/redenoticiaz.com.br\\\/barretos-regiao\\\/wp-content\\\/uploads\\\/sites\\\/4\\\/2022\\\/02\\\/logo.jpg\",\"width\":400,\"height\":250,\"caption\":\"Ribeir\u00e3o Preto e Regi\u00e3o\"},\"image\":{\"@id\":\"https:\\\/\\\/redenoticiaz.com.br\\\/ribeiraopreto-regiao\\\/#\\\/schema\\\/logo\\\/image\\\/\"},\"sameAs\":[\"https:\\\/\\\/m.facebook.com\\\/redenoticiaz.barretos\",\"https:\\\/\\\/x.com\\\/RN_barretos\",\"https:\\\/\\\/www.instagram.com\\\/redenoticiaz.barretos\\\/?igshid=YmMyMTA2M2Y\",\"https:\\\/\\\/www.linkedin.com\\\/company\\\/rede-noticiaz-barretos-e-regio\\\/\"]},{\"@type\":\"Person\",\"@id\":\"\",\"url\":\"https:\\\/\\\/redenoticiaz.com.br\\\/ribeiraopreto-regiao\\\/sp\\\/author\"}]}<\/script>\n<!-- \/ Yoast SEO plugin. -->","yoast_head_json":{"title":"Sesi Barretos promove Matin\u00ea de Carnaval gratuito - Ribeir\u00e3o Preto e Regi\u00e3o","description":"Durante as quatro horas de evento, as atividades ser\u00e3o abertas ao p\u00fablico e ser\u00e3o uma \u00f3tima oportunidade para as crian\u00e7as, jovens e adultos se divertirem.","robots":{"index":"index","follow":"follow","max-snippet":"max-snippet:-1","max-image-preview":"max-image-preview:large","max-video-preview":"max-video-preview:-1"},"canonical":"https:\/\/redenoticiaz.com.br\/ribeiraopreto-regiao\/sp\/2023\/02\/17\/sesi-barretos-promove-matine-de-carnaval-gratuito","og_locale":"pt_BR","og_type":"article","og_title":"Sesi Barretos promove Matin\u00ea de Carnaval gratuito - Ribeir\u00e3o Preto e Regi\u00e3o","og_description":"Durante as quatro horas de evento, as atividades ser\u00e3o abertas ao p\u00fablico e ser\u00e3o uma \u00f3tima oportunidade para as crian\u00e7as, jovens e adultos se divertirem.","og_url":"https:\/\/redenoticiaz.com.br\/ribeiraopreto-regiao\/sp\/2023\/02\/17\/sesi-barretos-promove-matine-de-carnaval-gratuito","og_site_name":"Ribeir\u00e3o Preto e Regi\u00e3o","article_publisher":"https:\/\/m.facebook.com\/redenoticiaz.barretos","article_published_time":"2023-02-17T17:48:00+00:00","og_image":[{"width":1920,"height":1080,"url":"https:\/\/redenoticiaz.com.br\/ribeiraopreto-regiao\/wp-content\/uploads\/sites\/4\/2023\/02\/img_68_180917_ed05bd78-d19c-4f9d-aa1a-b795a28bd12b_o.jpg","type":"image\/jpeg"}],"twitter_card":"summary_large_image","twitter_creator":"@RN_barretos","twitter_site":"@RN_barretos","twitter_misc":{"Escrito por":"","Est. tempo de leitura":"1 minuto"},"schema":{"@context":"https:\/\/schema.org","@graph":[{"@type":"Article","@id":"https:\/\/redenoticiaz.com.br\/ribeiraopreto-regiao\/sp\/2023\/02\/17\/sesi-barretos-promove-matine-de-carnaval-gratuito#article","isPartOf":{"@id":"https:\/\/redenoticiaz.com.br\/ribeiraopreto-regiao\/sp\/2023\/02\/17\/sesi-barretos-promove-matine-de-carnaval-gratuito"},"author":{"name":"","@id":""},"headline":"Sesi Barretos promove Matin\u00ea de Carnaval gratuito","datePublished":"2023-02-17T17:48:00+00:00","mainEntityOfPage":{"@id":"https:\/\/redenoticiaz.com.br\/ribeiraopreto-regiao\/sp\/2023\/02\/17\/sesi-barretos-promove-matine-de-carnaval-gratuito"},"wordCount":186,"commentCount":0,"publisher":{"@id":"https:\/\/redenoticiaz.com.br\/ribeiraopreto-regiao\/#organization"},"image":{"@id":"https:\/\/redenoticiaz.com.br\/ribeiraopreto-regiao\/sp\/2023\/02\/17\/sesi-barretos-promove-matine-de-carnaval-gratuito#primaryimage"},"thumbnailUrl":"https:\/\/redenoticiaz.com.br\/ribeiraopreto-regiao\/wp-content\/uploads\/sites\/4\/2023\/02\/img_68_180917_ed05bd78-d19c-4f9d-aa1a-b795a28bd12b_o.jpg","keywords":["Carnaval gratuito","matin\u00ea","OFICINAS","SESI"],"articleSection":["Cultura","Cultura e M\u00fasica"],"inLanguage":"pt-BR","potentialAction":[{"@type":"CommentAction","name":"Comment","target":["https:\/\/redenoticiaz.com.br\/ribeiraopreto-regiao\/sp\/2023\/02\/17\/sesi-barretos-promove-matine-de-carnaval-gratuito#respond"]}]},{"@type":"WebPage","@id":"https:\/\/redenoticiaz.com.br\/ribeiraopreto-regiao\/sp\/2023\/02\/17\/sesi-barretos-promove-matine-de-carnaval-gratuito","url":"https:\/\/redenoticiaz.com.br\/ribeiraopreto-regiao\/sp\/2023\/02\/17\/sesi-barretos-promove-matine-de-carnaval-gratuito","name":"Sesi Barretos promove Matin\u00ea de Carnaval gratuito - Ribeir\u00e3o Preto e Regi\u00e3o","isPartOf":{"@id":"https:\/\/redenoticiaz.com.br\/ribeiraopreto-regiao\/#website"},"primaryImageOfPage":{"@id":"https:\/\/redenoticiaz.com.br\/ribeiraopreto-regiao\/sp\/2023\/02\/17\/sesi-barretos-promove-matine-de-carnaval-gratuito#primaryimage"},"image":{"@id":"https:\/\/redenoticiaz.com.br\/ribeiraopreto-regiao\/sp\/2023\/02\/17\/sesi-barretos-promove-matine-de-carnaval-gratuito#primaryimage"},"thumbnailUrl":"https:\/\/redenoticiaz.com.br\/ribeiraopreto-regiao\/wp-content\/uploads\/sites\/4\/2023\/02\/img_68_180917_ed05bd78-d19c-4f9d-aa1a-b795a28bd12b_o.jpg","datePublished":"2023-02-17T17:48:00+00:00","description":"Durante as quatro horas de evento, as atividades ser\u00e3o abertas ao p\u00fablico e ser\u00e3o uma \u00f3tima oportunidade para as crian\u00e7as, jovens e adultos se divertirem.","inLanguage":"pt-BR","potentialAction":[{"@type":"ReadAction","target":["https:\/\/redenoticiaz.com.br\/ribeiraopreto-regiao\/sp\/2023\/02\/17\/sesi-barretos-promove-matine-de-carnaval-gratuito"]}]},{"@type":"ImageObject","inLanguage":"pt-BR","@id":"https:\/\/redenoticiaz.com.br\/ribeiraopreto-regiao\/sp\/2023\/02\/17\/sesi-barretos-promove-matine-de-carnaval-gratuito#primaryimage","url":"https:\/\/redenoticiaz.com.br\/ribeiraopreto-regiao\/wp-content\/uploads\/sites\/4\/2023\/02\/img_68_180917_ed05bd78-d19c-4f9d-aa1a-b795a28bd12b_o.jpg","contentUrl":"https:\/\/redenoticiaz.com.br\/ribeiraopreto-regiao\/wp-content\/uploads\/sites\/4\/2023\/02\/img_68_180917_ed05bd78-d19c-4f9d-aa1a-b795a28bd12b_o.jpg","width":1920,"height":1080,"caption":"Sesi Barretos promove Matin\u00ea de Carnaval gratuito. Cr\u00e9dito: Reprodu\u00e7\u00e3o"},{"@type":"WebSite","@id":"https:\/\/redenoticiaz.com.br\/ribeiraopreto-regiao\/#website","url":"https:\/\/redenoticiaz.com.br\/ribeiraopreto-regiao\/","name":"Ribeir\u00e3o Preto e Regi\u00e3o","description":"Rede NoticiaZ - Ribeir\u00e3o Preto e regi\u00e3o","publisher":{"@id":"https:\/\/redenoticiaz.com.br\/ribeiraopreto-regiao\/#organization"},"potentialAction":[{"@type":"SearchAction","target":{"@type":"EntryPoint","urlTemplate":"https:\/\/redenoticiaz.com.br\/ribeiraopreto-regiao\/?s={search_term_string}"},"query-input":{"@type":"PropertyValueSpecification","valueRequired":true,"valueName":"search_term_string"}}],"inLanguage":"pt-BR"},{"@type":"Organization","@id":"https:\/\/redenoticiaz.com.br\/ribeiraopreto-regiao\/#organization","name":"Ribeir\u00e3o Preto e Regi\u00e3o","url":"https:\/\/redenoticiaz.com.br\/ribeiraopreto-regiao\/","logo":{"@type":"ImageObject","inLanguage":"pt-BR","@id":"https:\/\/redenoticiaz.com.br\/ribeiraopreto-regiao\/#\/schema\/logo\/image\/","url":"https:\/\/redenoticiaz.com.br\/barretos-regiao\/wp-content\/uploads\/sites\/4\/2022\/02\/logo.jpg","contentUrl":"https:\/\/redenoticiaz.com.br\/barretos-regiao\/wp-content\/uploads\/sites\/4\/2022\/02\/logo.jpg","width":400,"height":250,"caption":"Ribeir\u00e3o Preto e Regi\u00e3o"},"image":{"@id":"https:\/\/redenoticiaz.com.br\/ribeiraopreto-regiao\/#\/schema\/logo\/image\/"},"sameAs":["https:\/\/m.facebook.com\/redenoticiaz.barretos","https:\/\/x.com\/RN_barretos","https:\/\/www.instagram.com\/redenoticiaz.barretos\/?igshid=YmMyMTA2M2Y","https:\/\/www.linkedin.com\/company\/rede-noticiaz-barretos-e-regio\/"]},{"@type":"Person","@id":"","url":"https:\/\/redenoticiaz.com.br\/ribeiraopreto-regiao\/sp\/author"}]}},"_links":{"self":[{"href":"https:\/\/redenoticiaz.com.br\/ribeiraopreto-regiao\/wp-json\/wp\/v2\/posts\/100656","targetHints":{"allow":["GET"]}}],"collection":[{"href":"https:\/\/redenoticiaz.com.br\/ribeiraopreto-regiao\/wp-json\/wp\/v2\/posts"}],"about":[{"href":"https:\/\/redenoticiaz.com.br\/ribeiraopreto-regiao\/wp-json\/wp\/v2\/types\/post"}],"author":[{"embeddable":true,"href":"https:\/\/redenoticiaz.com.br\/ribeiraopreto-regiao\/wp-json\/wp\/v2\/users\/15"}],"replies":[{"embeddable":true,"href":"https:\/\/redenoticiaz.com.br\/ribeiraopreto-regiao\/wp-json\/wp\/v2\/comments?post=100656"}],"version-history":[{"count":1,"href":"https:\/\/redenoticiaz.com.br\/ribeiraopreto-regiao\/wp-json\/wp\/v2\/posts\/100656\/revisions"}],"predecessor-version":[{"id":100658,"href":"https:\/\/redenoticiaz.com.br\/ribeiraopreto-regiao\/wp-json\/wp\/v2\/posts\/100656\/revisions\/100658"}],"wp:featuredmedia":[{"embeddable":true,"href":"https:\/\/redenoticiaz.com.br\/ribeiraopreto-regiao\/wp-json\/wp\/v2\/media\/100657"}],"wp:attachment":[{"href":"https:\/\/redenoticiaz.com.br\/ribeiraopreto-regiao\/wp-json\/wp\/v2\/media?parent=100656"}],"wp:term":[{"taxonomy":"category","embeddable":true,"href":"https:\/\/redenoticiaz.com.br\/ribeiraopreto-regiao\/wp-json\/wp\/v2\/categories?post=100656"},{"taxonomy":"post_tag","embeddable":true,"href":"https:\/\/redenoticiaz.com.br\/ribeiraopreto-regiao\/wp-json\/wp\/v2\/tags?post=100656"}],"curies":[{"name":"wp","href":"https:\/\/api.w.org\/{rel}","templated":true}]}}