{"id":100700,"date":"2023-02-18T12:28:58","date_gmt":"2023-02-18T15:28:58","guid":{"rendered":"https:\/\/redenoticiaz.com.br\/barretos-regiao\/?p=100700"},"modified":"2023-02-18T12:31:46","modified_gmt":"2023-02-18T15:31:46","slug":"homem-e-preso-em-flagrante-por-maus-tratos-acontra-cachorro","status":"publish","type":"post","link":"https:\/\/redenoticiaz.com.br\/ribeiraopreto-regiao\/sp\/2023\/02\/18\/homem-e-preso-em-flagrante-por-maus-tratos-acontra-cachorro","title":{"rendered":"Homem \u00e9 preso em flagrante por maus tratos contra cachorro"},"content":{"rendered":"<p>A Pol\u00edcia Civil de Colina realizou a pris\u00e3o em flagrante de um homem de 37 anos, por maus-tratos a um cachorro, ocorrido durante desdobramento da opera\u00e7\u00e3o \u201cVirada\u201d, que apura crime de homic\u00eddio durante festa de ano novo.<\/p>\n<p>De acordo com a pol\u00edcia, foi realizada busca e apreens\u00e3o em um im\u00f3vel no bairro Jardim Andorinhas e no local foi constatada a presen\u00e7a de um c\u00e3o em estado vis\u00edvel de maus tratos, estando o cachorro em um local completamente nocivo.<\/p>\n<p>No im\u00f3vel os policiais civis foram recebidos pelo morador, que resistiu com viol\u00eancia \u00e0 a\u00e7\u00e3o da pol\u00edcia, desacatando a equipe.<\/p>\n<p>Anteriormente o morador j\u00e1 havia sido notificado sobre as condi\u00e7\u00f5es do c\u00e3o, sendo realizado o pedido para encaminhamento do animal para atendimento veterin\u00e1rio, fato que n\u00e3o ocorreu, visto que desta vez foi constatado que a situa\u00e7\u00e3o do c\u00e3o havia piorado.<\/p>\n<p>Diante da situa\u00e7\u00e3o, foi acionado um profissional m\u00e9dico veterin\u00e1rio que constatou a situa\u00e7\u00e3o de maus tratos e iniciou os primeiros cuidados. Nesse sentido, foi dada voz de pris\u00e3o em flagrante ao homem pelos crimes de maus-tratos ao c\u00e3o, resist\u00eancia e desacato, sendo ele encaminhado \u00e0 cadeia de Colina.<\/p>\n<p>Por fim, o c\u00e3o foi entregue aos cuidados de uma pessoa que se comprometeu a dar continuidade aos seus cuidados.<\/p>\n<p>VEJA TAMB\u00c9M:\u00a0<a href=\"https:\/\/redenoticiaz.com.br\/barretos-regiao\/sp\/2023\/02\/18\/entrega-de-obras-homenagens-e-exposicoes-culturais-marcam-a-semana-de-comemoracoes-aos-120-anos-de-olimpia\">Entrega de obras, homenagens e exposi\u00e7\u00f5es culturais marcam a semana de comemora\u00e7\u00f5es aos 120 anos de Ol\u00edmpia<\/a><\/p>\n","protected":false},"excerpt":{"rendered":"<p>A Pol\u00edcia Civil de Colina realizou a pris\u00e3o em flagrante de um homem de 37 anos, por maus-tratos a um cachorro, ocorrido durante desdobramento da opera\u00e7\u00e3o \u201cVirada\u201d, que apura crime de homic\u00eddio durante festa de ano novo. De acordo com a pol\u00edcia, foi realizada busca e apreens\u00e3o em um im\u00f3vel no bairro Jardim Andorinhas e &hellip;<\/p>\n","protected":false},"author":15,"featured_media":100701,"comment_status":"open","ping_status":"closed","sticky":false,"template":"","format":"standard","meta":{"footnotes":""},"categories":[94],"tags":[25001,18817,25000,22458],"class_list":["post-100700","post","type-post","status-publish","format-standard","has-post-thumbnail","hentry","category-meio-ambiente","tag-crime-de-maus-tratos","tag-maus-tratos-a-animais","tag-medico-veterinario","tag-preso-em-flagrante"],"yoast_head":"<!-- This site is optimized with the Yoast SEO plugin v27.5 - https:\/\/yoast.com\/product\/yoast-seo-wordpress\/ -->\n<title>Homem \u00e9 preso em flagrante por maus tratos contra cachorro - Ribeir\u00e3o Preto e Regi\u00e3o<\/title>\n<meta name=\"description\" content=\"A Pol\u00edcia Civil de Colina realizou a pris\u00e3o em flagrante por maus-tratos a um cachorro, ocorrido durante desdobramento da opera\u00e7\u00e3o \u201cVirada\u201d\" \/>\n<meta name=\"robots\" content=\"index, follow, max-snippet:-1, max-image-preview:large, max-video-preview:-1\" \/>\n<link rel=\"canonical\" href=\"https:\/\/redenoticiaz.com.br\/ribeiraopreto-regiao\/sp\/2023\/02\/18\/homem-e-preso-em-flagrante-por-maus-tratos-acontra-cachorro\" \/>\n<meta property=\"og:locale\" content=\"pt_BR\" \/>\n<meta property=\"og:type\" content=\"article\" \/>\n<meta property=\"og:title\" content=\"Homem \u00e9 preso em flagrante por maus tratos contra cachorro - Ribeir\u00e3o Preto e Regi\u00e3o\" \/>\n<meta property=\"og:description\" content=\"A Pol\u00edcia Civil de Colina realizou a pris\u00e3o em flagrante por maus-tratos a um cachorro, ocorrido durante desdobramento da opera\u00e7\u00e3o \u201cVirada\u201d\" \/>\n<meta property=\"og:url\" content=\"https:\/\/redenoticiaz.com.br\/ribeiraopreto-regiao\/sp\/2023\/02\/18\/homem-e-preso-em-flagrante-por-maus-tratos-acontra-cachorro\" \/>\n<meta property=\"og:site_name\" content=\"Ribeir\u00e3o Preto e Regi\u00e3o\" \/>\n<meta property=\"article:publisher\" content=\"https:\/\/m.facebook.com\/redenoticiaz.barretos\" \/>\n<meta property=\"article:published_time\" content=\"2023-02-18T15:28:58+00:00\" \/>\n<meta property=\"article:modified_time\" content=\"2023-02-18T15:31:46+00:00\" \/>\n<meta property=\"og:image\" content=\"https:\/\/redenoticiaz.com.br\/ribeiraopreto-regiao\/wp-content\/uploads\/sites\/4\/2023\/02\/Homem-e-preso-em-flagrante-por-maus-tratos-a-animal.png\" \/>\n\t<meta property=\"og:image:width\" content=\"1200\" \/>\n\t<meta property=\"og:image:height\" content=\"628\" \/>\n\t<meta property=\"og:image:type\" content=\"image\/png\" \/>\n<meta name=\"twitter:card\" content=\"summary_large_image\" \/>\n<meta name=\"twitter:creator\" content=\"@RN_barretos\" \/>\n<meta name=\"twitter:site\" content=\"@RN_barretos\" \/>\n<meta name=\"twitter:label1\" content=\"Escrito por\" \/>\n\t<meta name=\"twitter:data1\" content=\"\" \/>\n\t<meta name=\"twitter:label2\" content=\"Est. tempo de leitura\" \/>\n\t<meta name=\"twitter:data2\" content=\"2 minutos\" \/>\n<script type=\"application\/ld+json\" class=\"yoast-schema-graph\">{\"@context\":\"https:\\\/\\\/schema.org\",\"@graph\":[{\"@type\":\"Article\",\"@id\":\"https:\\\/\\\/redenoticiaz.com.br\\\/ribeiraopreto-regiao\\\/sp\\\/2023\\\/02\\\/18\\\/homem-e-preso-em-flagrante-por-maus-tratos-acontra-cachorro#article\",\"isPartOf\":{\"@id\":\"https:\\\/\\\/redenoticiaz.com.br\\\/ribeiraopreto-regiao\\\/sp\\\/2023\\\/02\\\/18\\\/homem-e-preso-em-flagrante-por-maus-tratos-acontra-cachorro\"},\"author\":{\"name\":\"\",\"@id\":\"\"},\"headline\":\"Homem \u00e9 preso em flagrante por maus tratos contra cachorro\",\"datePublished\":\"2023-02-18T15:28:58+00:00\",\"dateModified\":\"2023-02-18T15:31:46+00:00\",\"mainEntityOfPage\":{\"@id\":\"https:\\\/\\\/redenoticiaz.com.br\\\/ribeiraopreto-regiao\\\/sp\\\/2023\\\/02\\\/18\\\/homem-e-preso-em-flagrante-por-maus-tratos-acontra-cachorro\"},\"wordCount\":262,\"commentCount\":0,\"publisher\":{\"@id\":\"https:\\\/\\\/redenoticiaz.com.br\\\/ribeiraopreto-regiao\\\/#organization\"},\"image\":{\"@id\":\"https:\\\/\\\/redenoticiaz.com.br\\\/ribeiraopreto-regiao\\\/sp\\\/2023\\\/02\\\/18\\\/homem-e-preso-em-flagrante-por-maus-tratos-acontra-cachorro#primaryimage\"},\"thumbnailUrl\":\"https:\\\/\\\/redenoticiaz.com.br\\\/ribeiraopreto-regiao\\\/wp-content\\\/uploads\\\/sites\\\/4\\\/2023\\\/02\\\/Homem-e-preso-em-flagrante-por-maus-tratos-a-animal.png\",\"keywords\":[\"crime de maus-tratos\",\"MAUS TRATOS A ANIMAIS\",\"m\u00e9dico veterin\u00e1rio\",\"PRESO EM FLAGRANTE\"],\"articleSection\":[\"Meio Ambiente\"],\"inLanguage\":\"pt-BR\",\"potentialAction\":[{\"@type\":\"CommentAction\",\"name\":\"Comment\",\"target\":[\"https:\\\/\\\/redenoticiaz.com.br\\\/ribeiraopreto-regiao\\\/sp\\\/2023\\\/02\\\/18\\\/homem-e-preso-em-flagrante-por-maus-tratos-acontra-cachorro#respond\"]}]},{\"@type\":\"WebPage\",\"@id\":\"https:\\\/\\\/redenoticiaz.com.br\\\/ribeiraopreto-regiao\\\/sp\\\/2023\\\/02\\\/18\\\/homem-e-preso-em-flagrante-por-maus-tratos-acontra-cachorro\",\"url\":\"https:\\\/\\\/redenoticiaz.com.br\\\/ribeiraopreto-regiao\\\/sp\\\/2023\\\/02\\\/18\\\/homem-e-preso-em-flagrante-por-maus-tratos-acontra-cachorro\",\"name\":\"Homem \u00e9 preso em flagrante por maus tratos contra cachorro - Ribeir\u00e3o Preto e Regi\u00e3o\",\"isPartOf\":{\"@id\":\"https:\\\/\\\/redenoticiaz.com.br\\\/ribeiraopreto-regiao\\\/#website\"},\"primaryImageOfPage\":{\"@id\":\"https:\\\/\\\/redenoticiaz.com.br\\\/ribeiraopreto-regiao\\\/sp\\\/2023\\\/02\\\/18\\\/homem-e-preso-em-flagrante-por-maus-tratos-acontra-cachorro#primaryimage\"},\"image\":{\"@id\":\"https:\\\/\\\/redenoticiaz.com.br\\\/ribeiraopreto-regiao\\\/sp\\\/2023\\\/02\\\/18\\\/homem-e-preso-em-flagrante-por-maus-tratos-acontra-cachorro#primaryimage\"},\"thumbnailUrl\":\"https:\\\/\\\/redenoticiaz.com.br\\\/ribeiraopreto-regiao\\\/wp-content\\\/uploads\\\/sites\\\/4\\\/2023\\\/02\\\/Homem-e-preso-em-flagrante-por-maus-tratos-a-animal.png\",\"datePublished\":\"2023-02-18T15:28:58+00:00\",\"dateModified\":\"2023-02-18T15:31:46+00:00\",\"description\":\"A Pol\u00edcia Civil de Colina realizou a pris\u00e3o em flagrante por maus-tratos a um cachorro, ocorrido durante desdobramento da opera\u00e7\u00e3o \u201cVirada\u201d\",\"inLanguage\":\"pt-BR\",\"potentialAction\":[{\"@type\":\"ReadAction\",\"target\":[\"https:\\\/\\\/redenoticiaz.com.br\\\/ribeiraopreto-regiao\\\/sp\\\/2023\\\/02\\\/18\\\/homem-e-preso-em-flagrante-por-maus-tratos-acontra-cachorro\"]}]},{\"@type\":\"ImageObject\",\"inLanguage\":\"pt-BR\",\"@id\":\"https:\\\/\\\/redenoticiaz.com.br\\\/ribeiraopreto-regiao\\\/sp\\\/2023\\\/02\\\/18\\\/homem-e-preso-em-flagrante-por-maus-tratos-acontra-cachorro#primaryimage\",\"url\":\"https:\\\/\\\/redenoticiaz.com.br\\\/ribeiraopreto-regiao\\\/wp-content\\\/uploads\\\/sites\\\/4\\\/2023\\\/02\\\/Homem-e-preso-em-flagrante-por-maus-tratos-a-animal.png\",\"contentUrl\":\"https:\\\/\\\/redenoticiaz.com.br\\\/ribeiraopreto-regiao\\\/wp-content\\\/uploads\\\/sites\\\/4\\\/2023\\\/02\\\/Homem-e-preso-em-flagrante-por-maus-tratos-a-animal.png\",\"width\":1200,\"height\":628,\"caption\":\"Cr\u00e9dito: Reprodu\u00e7\u00e3o\"},{\"@type\":\"WebSite\",\"@id\":\"https:\\\/\\\/redenoticiaz.com.br\\\/ribeiraopreto-regiao\\\/#website\",\"url\":\"https:\\\/\\\/redenoticiaz.com.br\\\/ribeiraopreto-regiao\\\/\",\"name\":\"Ribeir\u00e3o Preto e Regi\u00e3o\",\"description\":\"Rede NoticiaZ - Ribeir\u00e3o Preto e regi\u00e3o\",\"publisher\":{\"@id\":\"https:\\\/\\\/redenoticiaz.com.br\\\/ribeiraopreto-regiao\\\/#organization\"},\"potentialAction\":[{\"@type\":\"SearchAction\",\"target\":{\"@type\":\"EntryPoint\",\"urlTemplate\":\"https:\\\/\\\/redenoticiaz.com.br\\\/ribeiraopreto-regiao\\\/?s={search_term_string}\"},\"query-input\":{\"@type\":\"PropertyValueSpecification\",\"valueRequired\":true,\"valueName\":\"search_term_string\"}}],\"inLanguage\":\"pt-BR\"},{\"@type\":\"Organization\",\"@id\":\"https:\\\/\\\/redenoticiaz.com.br\\\/ribeiraopreto-regiao\\\/#organization\",\"name\":\"Ribeir\u00e3o Preto e Regi\u00e3o\",\"url\":\"https:\\\/\\\/redenoticiaz.com.br\\\/ribeiraopreto-regiao\\\/\",\"logo\":{\"@type\":\"ImageObject\",\"inLanguage\":\"pt-BR\",\"@id\":\"https:\\\/\\\/redenoticiaz.com.br\\\/ribeiraopreto-regiao\\\/#\\\/schema\\\/logo\\\/image\\\/\",\"url\":\"https:\\\/\\\/redenoticiaz.com.br\\\/barretos-regiao\\\/wp-content\\\/uploads\\\/sites\\\/4\\\/2022\\\/02\\\/logo.jpg\",\"contentUrl\":\"https:\\\/\\\/redenoticiaz.com.br\\\/barretos-regiao\\\/wp-content\\\/uploads\\\/sites\\\/4\\\/2022\\\/02\\\/logo.jpg\",\"width\":400,\"height\":250,\"caption\":\"Ribeir\u00e3o Preto e Regi\u00e3o\"},\"image\":{\"@id\":\"https:\\\/\\\/redenoticiaz.com.br\\\/ribeiraopreto-regiao\\\/#\\\/schema\\\/logo\\\/image\\\/\"},\"sameAs\":[\"https:\\\/\\\/m.facebook.com\\\/redenoticiaz.barretos\",\"https:\\\/\\\/x.com\\\/RN_barretos\",\"https:\\\/\\\/www.instagram.com\\\/redenoticiaz.barretos\\\/?igshid=YmMyMTA2M2Y\",\"https:\\\/\\\/www.linkedin.com\\\/company\\\/rede-noticiaz-barretos-e-regio\\\/\"]},{\"@type\":\"Person\",\"@id\":\"\",\"url\":\"https:\\\/\\\/redenoticiaz.com.br\\\/ribeiraopreto-regiao\\\/sp\\\/author\"}]}<\/script>\n<!-- \/ Yoast SEO plugin. -->","yoast_head_json":{"title":"Homem \u00e9 preso em flagrante por maus tratos contra cachorro - Ribeir\u00e3o Preto e Regi\u00e3o","description":"A Pol\u00edcia Civil de Colina realizou a pris\u00e3o em flagrante por maus-tratos a um cachorro, ocorrido durante desdobramento da opera\u00e7\u00e3o \u201cVirada\u201d","robots":{"index":"index","follow":"follow","max-snippet":"max-snippet:-1","max-image-preview":"max-image-preview:large","max-video-preview":"max-video-preview:-1"},"canonical":"https:\/\/redenoticiaz.com.br\/ribeiraopreto-regiao\/sp\/2023\/02\/18\/homem-e-preso-em-flagrante-por-maus-tratos-acontra-cachorro","og_locale":"pt_BR","og_type":"article","og_title":"Homem \u00e9 preso em flagrante por maus tratos contra cachorro - Ribeir\u00e3o Preto e Regi\u00e3o","og_description":"A Pol\u00edcia Civil de Colina realizou a pris\u00e3o em flagrante por maus-tratos a um cachorro, ocorrido durante desdobramento da opera\u00e7\u00e3o \u201cVirada\u201d","og_url":"https:\/\/redenoticiaz.com.br\/ribeiraopreto-regiao\/sp\/2023\/02\/18\/homem-e-preso-em-flagrante-por-maus-tratos-acontra-cachorro","og_site_name":"Ribeir\u00e3o Preto e Regi\u00e3o","article_publisher":"https:\/\/m.facebook.com\/redenoticiaz.barretos","article_published_time":"2023-02-18T15:28:58+00:00","article_modified_time":"2023-02-18T15:31:46+00:00","og_image":[{"width":1200,"height":628,"url":"https:\/\/redenoticiaz.com.br\/ribeiraopreto-regiao\/wp-content\/uploads\/sites\/4\/2023\/02\/Homem-e-preso-em-flagrante-por-maus-tratos-a-animal.png","type":"image\/png"}],"twitter_card":"summary_large_image","twitter_creator":"@RN_barretos","twitter_site":"@RN_barretos","twitter_misc":{"Escrito por":"","Est. tempo de leitura":"2 minutos"},"schema":{"@context":"https:\/\/schema.org","@graph":[{"@type":"Article","@id":"https:\/\/redenoticiaz.com.br\/ribeiraopreto-regiao\/sp\/2023\/02\/18\/homem-e-preso-em-flagrante-por-maus-tratos-acontra-cachorro#article","isPartOf":{"@id":"https:\/\/redenoticiaz.com.br\/ribeiraopreto-regiao\/sp\/2023\/02\/18\/homem-e-preso-em-flagrante-por-maus-tratos-acontra-cachorro"},"author":{"name":"","@id":""},"headline":"Homem \u00e9 preso em flagrante por maus tratos contra cachorro","datePublished":"2023-02-18T15:28:58+00:00","dateModified":"2023-02-18T15:31:46+00:00","mainEntityOfPage":{"@id":"https:\/\/redenoticiaz.com.br\/ribeiraopreto-regiao\/sp\/2023\/02\/18\/homem-e-preso-em-flagrante-por-maus-tratos-acontra-cachorro"},"wordCount":262,"commentCount":0,"publisher":{"@id":"https:\/\/redenoticiaz.com.br\/ribeiraopreto-regiao\/#organization"},"image":{"@id":"https:\/\/redenoticiaz.com.br\/ribeiraopreto-regiao\/sp\/2023\/02\/18\/homem-e-preso-em-flagrante-por-maus-tratos-acontra-cachorro#primaryimage"},"thumbnailUrl":"https:\/\/redenoticiaz.com.br\/ribeiraopreto-regiao\/wp-content\/uploads\/sites\/4\/2023\/02\/Homem-e-preso-em-flagrante-por-maus-tratos-a-animal.png","keywords":["crime de maus-tratos","MAUS TRATOS A ANIMAIS","m\u00e9dico veterin\u00e1rio","PRESO EM FLAGRANTE"],"articleSection":["Meio Ambiente"],"inLanguage":"pt-BR","potentialAction":[{"@type":"CommentAction","name":"Comment","target":["https:\/\/redenoticiaz.com.br\/ribeiraopreto-regiao\/sp\/2023\/02\/18\/homem-e-preso-em-flagrante-por-maus-tratos-acontra-cachorro#respond"]}]},{"@type":"WebPage","@id":"https:\/\/redenoticiaz.com.br\/ribeiraopreto-regiao\/sp\/2023\/02\/18\/homem-e-preso-em-flagrante-por-maus-tratos-acontra-cachorro","url":"https:\/\/redenoticiaz.com.br\/ribeiraopreto-regiao\/sp\/2023\/02\/18\/homem-e-preso-em-flagrante-por-maus-tratos-acontra-cachorro","name":"Homem \u00e9 preso em flagrante por maus tratos contra cachorro - Ribeir\u00e3o Preto e Regi\u00e3o","isPartOf":{"@id":"https:\/\/redenoticiaz.com.br\/ribeiraopreto-regiao\/#website"},"primaryImageOfPage":{"@id":"https:\/\/redenoticiaz.com.br\/ribeiraopreto-regiao\/sp\/2023\/02\/18\/homem-e-preso-em-flagrante-por-maus-tratos-acontra-cachorro#primaryimage"},"image":{"@id":"https:\/\/redenoticiaz.com.br\/ribeiraopreto-regiao\/sp\/2023\/02\/18\/homem-e-preso-em-flagrante-por-maus-tratos-acontra-cachorro#primaryimage"},"thumbnailUrl":"https:\/\/redenoticiaz.com.br\/ribeiraopreto-regiao\/wp-content\/uploads\/sites\/4\/2023\/02\/Homem-e-preso-em-flagrante-por-maus-tratos-a-animal.png","datePublished":"2023-02-18T15:28:58+00:00","dateModified":"2023-02-18T15:31:46+00:00","description":"A Pol\u00edcia Civil de Colina realizou a pris\u00e3o em flagrante por maus-tratos a um cachorro, ocorrido durante desdobramento da opera\u00e7\u00e3o \u201cVirada\u201d","inLanguage":"pt-BR","potentialAction":[{"@type":"ReadAction","target":["https:\/\/redenoticiaz.com.br\/ribeiraopreto-regiao\/sp\/2023\/02\/18\/homem-e-preso-em-flagrante-por-maus-tratos-acontra-cachorro"]}]},{"@type":"ImageObject","inLanguage":"pt-BR","@id":"https:\/\/redenoticiaz.com.br\/ribeiraopreto-regiao\/sp\/2023\/02\/18\/homem-e-preso-em-flagrante-por-maus-tratos-acontra-cachorro#primaryimage","url":"https:\/\/redenoticiaz.com.br\/ribeiraopreto-regiao\/wp-content\/uploads\/sites\/4\/2023\/02\/Homem-e-preso-em-flagrante-por-maus-tratos-a-animal.png","contentUrl":"https:\/\/redenoticiaz.com.br\/ribeiraopreto-regiao\/wp-content\/uploads\/sites\/4\/2023\/02\/Homem-e-preso-em-flagrante-por-maus-tratos-a-animal.png","width":1200,"height":628,"caption":"Cr\u00e9dito: Reprodu\u00e7\u00e3o"},{"@type":"WebSite","@id":"https:\/\/redenoticiaz.com.br\/ribeiraopreto-regiao\/#website","url":"https:\/\/redenoticiaz.com.br\/ribeiraopreto-regiao\/","name":"Ribeir\u00e3o Preto e Regi\u00e3o","description":"Rede NoticiaZ - Ribeir\u00e3o Preto e regi\u00e3o","publisher":{"@id":"https:\/\/redenoticiaz.com.br\/ribeiraopreto-regiao\/#organization"},"potentialAction":[{"@type":"SearchAction","target":{"@type":"EntryPoint","urlTemplate":"https:\/\/redenoticiaz.com.br\/ribeiraopreto-regiao\/?s={search_term_string}"},"query-input":{"@type":"PropertyValueSpecification","valueRequired":true,"valueName":"search_term_string"}}],"inLanguage":"pt-BR"},{"@type":"Organization","@id":"https:\/\/redenoticiaz.com.br\/ribeiraopreto-regiao\/#organization","name":"Ribeir\u00e3o Preto e Regi\u00e3o","url":"https:\/\/redenoticiaz.com.br\/ribeiraopreto-regiao\/","logo":{"@type":"ImageObject","inLanguage":"pt-BR","@id":"https:\/\/redenoticiaz.com.br\/ribeiraopreto-regiao\/#\/schema\/logo\/image\/","url":"https:\/\/redenoticiaz.com.br\/barretos-regiao\/wp-content\/uploads\/sites\/4\/2022\/02\/logo.jpg","contentUrl":"https:\/\/redenoticiaz.com.br\/barretos-regiao\/wp-content\/uploads\/sites\/4\/2022\/02\/logo.jpg","width":400,"height":250,"caption":"Ribeir\u00e3o Preto e Regi\u00e3o"},"image":{"@id":"https:\/\/redenoticiaz.com.br\/ribeiraopreto-regiao\/#\/schema\/logo\/image\/"},"sameAs":["https:\/\/m.facebook.com\/redenoticiaz.barretos","https:\/\/x.com\/RN_barretos","https:\/\/www.instagram.com\/redenoticiaz.barretos\/?igshid=YmMyMTA2M2Y","https:\/\/www.linkedin.com\/company\/rede-noticiaz-barretos-e-regio\/"]},{"@type":"Person","@id":"","url":"https:\/\/redenoticiaz.com.br\/ribeiraopreto-regiao\/sp\/author"}]}},"_links":{"self":[{"href":"https:\/\/redenoticiaz.com.br\/ribeiraopreto-regiao\/wp-json\/wp\/v2\/posts\/100700","targetHints":{"allow":["GET"]}}],"collection":[{"href":"https:\/\/redenoticiaz.com.br\/ribeiraopreto-regiao\/wp-json\/wp\/v2\/posts"}],"about":[{"href":"https:\/\/redenoticiaz.com.br\/ribeiraopreto-regiao\/wp-json\/wp\/v2\/types\/post"}],"author":[{"embeddable":true,"href":"https:\/\/redenoticiaz.com.br\/ribeiraopreto-regiao\/wp-json\/wp\/v2\/users\/15"}],"replies":[{"embeddable":true,"href":"https:\/\/redenoticiaz.com.br\/ribeiraopreto-regiao\/wp-json\/wp\/v2\/comments?post=100700"}],"version-history":[{"count":2,"href":"https:\/\/redenoticiaz.com.br\/ribeiraopreto-regiao\/wp-json\/wp\/v2\/posts\/100700\/revisions"}],"predecessor-version":[{"id":100704,"href":"https:\/\/redenoticiaz.com.br\/ribeiraopreto-regiao\/wp-json\/wp\/v2\/posts\/100700\/revisions\/100704"}],"wp:featuredmedia":[{"embeddable":true,"href":"https:\/\/redenoticiaz.com.br\/ribeiraopreto-regiao\/wp-json\/wp\/v2\/media\/100701"}],"wp:attachment":[{"href":"https:\/\/redenoticiaz.com.br\/ribeiraopreto-regiao\/wp-json\/wp\/v2\/media?parent=100700"}],"wp:term":[{"taxonomy":"category","embeddable":true,"href":"https:\/\/redenoticiaz.com.br\/ribeiraopreto-regiao\/wp-json\/wp\/v2\/categories?post=100700"},{"taxonomy":"post_tag","embeddable":true,"href":"https:\/\/redenoticiaz.com.br\/ribeiraopreto-regiao\/wp-json\/wp\/v2\/tags?post=100700"}],"curies":[{"name":"wp","href":"https:\/\/api.w.org\/{rel}","templated":true}]}}