{"id":100857,"date":"2023-02-21T14:28:14","date_gmt":"2023-02-21T17:28:14","guid":{"rendered":"https:\/\/redenoticiaz.com.br\/barretos-regiao\/?p=100857"},"modified":"2023-02-21T14:28:14","modified_gmt":"2023-02-21T17:28:14","slug":"polo-univesp-de-guaira-oferece-45-vagas-para-graduacao-em-nivel-superior","status":"publish","type":"post","link":"https:\/\/redenoticiaz.com.br\/ribeiraopreto-regiao\/sp\/2023\/02\/21\/polo-univesp-de-guaira-oferece-45-vagas-para-graduacao-em-nivel-superior","title":{"rendered":"Polo Univesp de Gua\u00edra oferece 45 vagas para gradua\u00e7\u00e3o em n\u00edvel superior"},"content":{"rendered":"<p>Continuam abertas as inscri\u00e7\u00f5es da Universidade Virtual do Estado de S\u00e3o Paulo (Univesp)\u00a0 2023. A Univesp polo Gua\u00edra est\u00e1 abrindo 45 vagas, para os cursos de Licenciaturas em Pedagogia, Letras, Matem\u00e1tica; Bacharelados em Ci\u00eancia de Dados, Tecnologia da Informa\u00e7\u00e3o, Engenharia de Computa\u00e7\u00e3o, Engenharia de Produ\u00e7\u00e3o e Administra\u00e7\u00e3o e Processos Gerenciais<\/p>\n<p>Os cursos s\u00e3o \u00e0 dist\u00e2ncia, realizados em Ambiente Virtual de Aprendizagem (AVA), que \u00e9 uma plataforma on-line onde os estudantes desenvolvem atividades acad\u00eamicas.<\/p>\n<p>As inscri\u00e7\u00f5es devem ser feitas pelo site: vestibular.univesp.br e terminam \u00e0s 23h59 do dia 30 de mar\u00e7o. Os interessados devem ficar atentos ao prazo.<\/p>\n<p>A prova (objetiva e reda\u00e7\u00e3o) acontece no dia 28 maio, \u00e0s 13h, e a institui\u00e7\u00e3o de ensino promete divulgar locais oficiais das provas no 19\/05. O in\u00edcio das aulas est\u00e1 previsto para o final de julho de 2023.<\/p>\n<p>Quem quiser saber mais sobre os cursos ou vestibular pode acessar o:\u00a0<a href=\"https:\/\/bit.ly\/3Hw691w\">https:\/\/bit.ly\/3Hw691w<\/a>\u00a0\u00a0ou ligar para: 3331-1890.<\/p>\n<div class=\"ihc-locker-wrap\">\n<p class=\"lock_content\">VEJA TAMB\u00c9M:\u00a0<a href=\"https:\/\/redenoticiaz.com.br\/barretos-regiao\/sp\/2023\/02\/21\/motorista-sobre-em-canteiro-e-bate-em-poste\">Motorista sobe em canteiro e bate em poste<\/a><\/p>\n<\/div>\n","protected":false},"excerpt":{"rendered":"<p>Continuam abertas as inscri\u00e7\u00f5es da Universidade Virtual do Estado de S\u00e3o Paulo (Univesp)\u00a0 2023. A Univesp polo Gua\u00edra est\u00e1 abrindo 45 vagas, para os cursos de Licenciaturas em Pedagogia, Letras, Matem\u00e1tica; Bacharelados em Ci\u00eancia de Dados, Tecnologia da Informa\u00e7\u00e3o, Engenharia de Computa\u00e7\u00e3o, Engenharia de Produ\u00e7\u00e3o e Administra\u00e7\u00e3o e Processos Gerenciais Os cursos s\u00e3o \u00e0 dist\u00e2ncia, &hellip;<\/p>\n","protected":false},"author":15,"featured_media":100858,"comment_status":"open","ping_status":"closed","sticky":false,"template":"","format":"standard","meta":{"footnotes":""},"categories":[820,2075],"tags":[25088,1640,577,5180],"class_list":["post-100857","post","type-post","status-publish","format-standard","has-post-thumbnail","hentry","category-educacao","category-trabalho","tag-graduacao-em-nivel-superior","tag-inscricoes-abertas","tag-vagas","tag-vestibular"],"yoast_head":"<!-- This site is optimized with the Yoast SEO plugin v27.5 - https:\/\/yoast.com\/product\/yoast-seo-wordpress\/ -->\n<title>Polo Univesp de Gua\u00edra oferece 45 vagas para gradua\u00e7\u00e3o em n\u00edvel superior - Ribeir\u00e3o Preto e Regi\u00e3o<\/title>\n<meta name=\"description\" content=\"Continuam abertas as inscri\u00e7\u00f5es da Universidade Virtual do Estado de S\u00e3o Paulo (Univesp)\u00a0 2023. A Univesp polo Gua\u00edra est\u00e1 abrindo 45 vagas\" \/>\n<meta name=\"robots\" content=\"index, follow, max-snippet:-1, max-image-preview:large, max-video-preview:-1\" \/>\n<link rel=\"canonical\" href=\"https:\/\/redenoticiaz.com.br\/ribeiraopreto-regiao\/sp\/2023\/02\/21\/polo-univesp-de-guaira-oferece-45-vagas-para-graduacao-em-nivel-superior\" \/>\n<meta property=\"og:locale\" content=\"pt_BR\" \/>\n<meta property=\"og:type\" content=\"article\" \/>\n<meta property=\"og:title\" content=\"Polo Univesp de Gua\u00edra oferece 45 vagas para gradua\u00e7\u00e3o em n\u00edvel superior - Ribeir\u00e3o Preto e Regi\u00e3o\" \/>\n<meta property=\"og:description\" content=\"Continuam abertas as inscri\u00e7\u00f5es da Universidade Virtual do Estado de S\u00e3o Paulo (Univesp)\u00a0 2023. A Univesp polo Gua\u00edra est\u00e1 abrindo 45 vagas\" \/>\n<meta property=\"og:url\" content=\"https:\/\/redenoticiaz.com.br\/ribeiraopreto-regiao\/sp\/2023\/02\/21\/polo-univesp-de-guaira-oferece-45-vagas-para-graduacao-em-nivel-superior\" \/>\n<meta property=\"og:site_name\" content=\"Ribeir\u00e3o Preto e Regi\u00e3o\" \/>\n<meta property=\"article:publisher\" content=\"https:\/\/m.facebook.com\/redenoticiaz.barretos\" \/>\n<meta property=\"article:published_time\" content=\"2023-02-21T17:28:14+00:00\" \/>\n<meta property=\"og:image\" content=\"https:\/\/redenoticiaz.com.br\/ribeiraopreto-regiao\/wp-content\/uploads\/sites\/4\/2023\/02\/Polo-Univesp-de-Guaira-oferece-45-vagas-para-graduacao-em-nivel-superior.png\" \/>\n\t<meta property=\"og:image:width\" content=\"1200\" \/>\n\t<meta property=\"og:image:height\" content=\"628\" \/>\n\t<meta property=\"og:image:type\" content=\"image\/png\" \/>\n<meta name=\"twitter:card\" content=\"summary_large_image\" \/>\n<meta name=\"twitter:creator\" content=\"@RN_barretos\" \/>\n<meta name=\"twitter:site\" content=\"@RN_barretos\" \/>\n<meta name=\"twitter:label1\" content=\"Escrito por\" \/>\n\t<meta name=\"twitter:data1\" content=\"\" \/>\n\t<meta name=\"twitter:label2\" content=\"Est. tempo de leitura\" \/>\n\t<meta name=\"twitter:data2\" content=\"1 minuto\" \/>\n<script type=\"application\/ld+json\" class=\"yoast-schema-graph\">{\"@context\":\"https:\\\/\\\/schema.org\",\"@graph\":[{\"@type\":\"Article\",\"@id\":\"https:\\\/\\\/redenoticiaz.com.br\\\/ribeiraopreto-regiao\\\/sp\\\/2023\\\/02\\\/21\\\/polo-univesp-de-guaira-oferece-45-vagas-para-graduacao-em-nivel-superior#article\",\"isPartOf\":{\"@id\":\"https:\\\/\\\/redenoticiaz.com.br\\\/ribeiraopreto-regiao\\\/sp\\\/2023\\\/02\\\/21\\\/polo-univesp-de-guaira-oferece-45-vagas-para-graduacao-em-nivel-superior\"},\"author\":{\"name\":\"\",\"@id\":\"\"},\"headline\":\"Polo Univesp de Gua\u00edra oferece 45 vagas para gradua\u00e7\u00e3o em n\u00edvel superior\",\"datePublished\":\"2023-02-21T17:28:14+00:00\",\"mainEntityOfPage\":{\"@id\":\"https:\\\/\\\/redenoticiaz.com.br\\\/ribeiraopreto-regiao\\\/sp\\\/2023\\\/02\\\/21\\\/polo-univesp-de-guaira-oferece-45-vagas-para-graduacao-em-nivel-superior\"},\"wordCount\":192,\"commentCount\":0,\"publisher\":{\"@id\":\"https:\\\/\\\/redenoticiaz.com.br\\\/ribeiraopreto-regiao\\\/#organization\"},\"image\":{\"@id\":\"https:\\\/\\\/redenoticiaz.com.br\\\/ribeiraopreto-regiao\\\/sp\\\/2023\\\/02\\\/21\\\/polo-univesp-de-guaira-oferece-45-vagas-para-graduacao-em-nivel-superior#primaryimage\"},\"thumbnailUrl\":\"https:\\\/\\\/redenoticiaz.com.br\\\/ribeiraopreto-regiao\\\/wp-content\\\/uploads\\\/sites\\\/4\\\/2023\\\/02\\\/Polo-Univesp-de-Guaira-oferece-45-vagas-para-graduacao-em-nivel-superior.png\",\"keywords\":[\"gradua\u00e7\u00e3o em n\u00edvel superior\",\"INSCRI\u00c7\u00d5ES ABERTAS\",\"VAGAS\",\"VESTIBULAR\"],\"articleSection\":[\"Educa\u00e7\u00e3o\",\"Trabalho\"],\"inLanguage\":\"pt-BR\",\"potentialAction\":[{\"@type\":\"CommentAction\",\"name\":\"Comment\",\"target\":[\"https:\\\/\\\/redenoticiaz.com.br\\\/ribeiraopreto-regiao\\\/sp\\\/2023\\\/02\\\/21\\\/polo-univesp-de-guaira-oferece-45-vagas-para-graduacao-em-nivel-superior#respond\"]}]},{\"@type\":\"WebPage\",\"@id\":\"https:\\\/\\\/redenoticiaz.com.br\\\/ribeiraopreto-regiao\\\/sp\\\/2023\\\/02\\\/21\\\/polo-univesp-de-guaira-oferece-45-vagas-para-graduacao-em-nivel-superior\",\"url\":\"https:\\\/\\\/redenoticiaz.com.br\\\/ribeiraopreto-regiao\\\/sp\\\/2023\\\/02\\\/21\\\/polo-univesp-de-guaira-oferece-45-vagas-para-graduacao-em-nivel-superior\",\"name\":\"Polo Univesp de Gua\u00edra oferece 45 vagas para gradua\u00e7\u00e3o em n\u00edvel superior - Ribeir\u00e3o Preto e Regi\u00e3o\",\"isPartOf\":{\"@id\":\"https:\\\/\\\/redenoticiaz.com.br\\\/ribeiraopreto-regiao\\\/#website\"},\"primaryImageOfPage\":{\"@id\":\"https:\\\/\\\/redenoticiaz.com.br\\\/ribeiraopreto-regiao\\\/sp\\\/2023\\\/02\\\/21\\\/polo-univesp-de-guaira-oferece-45-vagas-para-graduacao-em-nivel-superior#primaryimage\"},\"image\":{\"@id\":\"https:\\\/\\\/redenoticiaz.com.br\\\/ribeiraopreto-regiao\\\/sp\\\/2023\\\/02\\\/21\\\/polo-univesp-de-guaira-oferece-45-vagas-para-graduacao-em-nivel-superior#primaryimage\"},\"thumbnailUrl\":\"https:\\\/\\\/redenoticiaz.com.br\\\/ribeiraopreto-regiao\\\/wp-content\\\/uploads\\\/sites\\\/4\\\/2023\\\/02\\\/Polo-Univesp-de-Guaira-oferece-45-vagas-para-graduacao-em-nivel-superior.png\",\"datePublished\":\"2023-02-21T17:28:14+00:00\",\"description\":\"Continuam abertas as inscri\u00e7\u00f5es da Universidade Virtual do Estado de S\u00e3o Paulo (Univesp)\u00a0 2023. A Univesp polo Gua\u00edra est\u00e1 abrindo 45 vagas\",\"inLanguage\":\"pt-BR\",\"potentialAction\":[{\"@type\":\"ReadAction\",\"target\":[\"https:\\\/\\\/redenoticiaz.com.br\\\/ribeiraopreto-regiao\\\/sp\\\/2023\\\/02\\\/21\\\/polo-univesp-de-guaira-oferece-45-vagas-para-graduacao-em-nivel-superior\"]}]},{\"@type\":\"ImageObject\",\"inLanguage\":\"pt-BR\",\"@id\":\"https:\\\/\\\/redenoticiaz.com.br\\\/ribeiraopreto-regiao\\\/sp\\\/2023\\\/02\\\/21\\\/polo-univesp-de-guaira-oferece-45-vagas-para-graduacao-em-nivel-superior#primaryimage\",\"url\":\"https:\\\/\\\/redenoticiaz.com.br\\\/ribeiraopreto-regiao\\\/wp-content\\\/uploads\\\/sites\\\/4\\\/2023\\\/02\\\/Polo-Univesp-de-Guaira-oferece-45-vagas-para-graduacao-em-nivel-superior.png\",\"contentUrl\":\"https:\\\/\\\/redenoticiaz.com.br\\\/ribeiraopreto-regiao\\\/wp-content\\\/uploads\\\/sites\\\/4\\\/2023\\\/02\\\/Polo-Univesp-de-Guaira-oferece-45-vagas-para-graduacao-em-nivel-superior.png\",\"width\":1200,\"height\":628,\"caption\":\"Polo Univesp de Gua\u00edra oferece 45 vagas para gradua\u00e7\u00e3o ao n\u00edvel superior. Cr\u00e9dito: Reprodu\u00e7\u00e3o\"},{\"@type\":\"WebSite\",\"@id\":\"https:\\\/\\\/redenoticiaz.com.br\\\/ribeiraopreto-regiao\\\/#website\",\"url\":\"https:\\\/\\\/redenoticiaz.com.br\\\/ribeiraopreto-regiao\\\/\",\"name\":\"Ribeir\u00e3o Preto e Regi\u00e3o\",\"description\":\"Rede NoticiaZ - Ribeir\u00e3o Preto e regi\u00e3o\",\"publisher\":{\"@id\":\"https:\\\/\\\/redenoticiaz.com.br\\\/ribeiraopreto-regiao\\\/#organization\"},\"potentialAction\":[{\"@type\":\"SearchAction\",\"target\":{\"@type\":\"EntryPoint\",\"urlTemplate\":\"https:\\\/\\\/redenoticiaz.com.br\\\/ribeiraopreto-regiao\\\/?s={search_term_string}\"},\"query-input\":{\"@type\":\"PropertyValueSpecification\",\"valueRequired\":true,\"valueName\":\"search_term_string\"}}],\"inLanguage\":\"pt-BR\"},{\"@type\":\"Organization\",\"@id\":\"https:\\\/\\\/redenoticiaz.com.br\\\/ribeiraopreto-regiao\\\/#organization\",\"name\":\"Ribeir\u00e3o Preto e Regi\u00e3o\",\"url\":\"https:\\\/\\\/redenoticiaz.com.br\\\/ribeiraopreto-regiao\\\/\",\"logo\":{\"@type\":\"ImageObject\",\"inLanguage\":\"pt-BR\",\"@id\":\"https:\\\/\\\/redenoticiaz.com.br\\\/ribeiraopreto-regiao\\\/#\\\/schema\\\/logo\\\/image\\\/\",\"url\":\"https:\\\/\\\/redenoticiaz.com.br\\\/barretos-regiao\\\/wp-content\\\/uploads\\\/sites\\\/4\\\/2022\\\/02\\\/logo.jpg\",\"contentUrl\":\"https:\\\/\\\/redenoticiaz.com.br\\\/barretos-regiao\\\/wp-content\\\/uploads\\\/sites\\\/4\\\/2022\\\/02\\\/logo.jpg\",\"width\":400,\"height\":250,\"caption\":\"Ribeir\u00e3o Preto e Regi\u00e3o\"},\"image\":{\"@id\":\"https:\\\/\\\/redenoticiaz.com.br\\\/ribeiraopreto-regiao\\\/#\\\/schema\\\/logo\\\/image\\\/\"},\"sameAs\":[\"https:\\\/\\\/m.facebook.com\\\/redenoticiaz.barretos\",\"https:\\\/\\\/x.com\\\/RN_barretos\",\"https:\\\/\\\/www.instagram.com\\\/redenoticiaz.barretos\\\/?igshid=YmMyMTA2M2Y\",\"https:\\\/\\\/www.linkedin.com\\\/company\\\/rede-noticiaz-barretos-e-regio\\\/\"]},{\"@type\":\"Person\",\"@id\":\"\",\"url\":\"https:\\\/\\\/redenoticiaz.com.br\\\/ribeiraopreto-regiao\\\/sp\\\/author\"}]}<\/script>\n<!-- \/ Yoast SEO plugin. -->","yoast_head_json":{"title":"Polo Univesp de Gua\u00edra oferece 45 vagas para gradua\u00e7\u00e3o em n\u00edvel superior - Ribeir\u00e3o Preto e Regi\u00e3o","description":"Continuam abertas as inscri\u00e7\u00f5es da Universidade Virtual do Estado de S\u00e3o Paulo (Univesp)\u00a0 2023. A Univesp polo Gua\u00edra est\u00e1 abrindo 45 vagas","robots":{"index":"index","follow":"follow","max-snippet":"max-snippet:-1","max-image-preview":"max-image-preview:large","max-video-preview":"max-video-preview:-1"},"canonical":"https:\/\/redenoticiaz.com.br\/ribeiraopreto-regiao\/sp\/2023\/02\/21\/polo-univesp-de-guaira-oferece-45-vagas-para-graduacao-em-nivel-superior","og_locale":"pt_BR","og_type":"article","og_title":"Polo Univesp de Gua\u00edra oferece 45 vagas para gradua\u00e7\u00e3o em n\u00edvel superior - Ribeir\u00e3o Preto e Regi\u00e3o","og_description":"Continuam abertas as inscri\u00e7\u00f5es da Universidade Virtual do Estado de S\u00e3o Paulo (Univesp)\u00a0 2023. A Univesp polo Gua\u00edra est\u00e1 abrindo 45 vagas","og_url":"https:\/\/redenoticiaz.com.br\/ribeiraopreto-regiao\/sp\/2023\/02\/21\/polo-univesp-de-guaira-oferece-45-vagas-para-graduacao-em-nivel-superior","og_site_name":"Ribeir\u00e3o Preto e Regi\u00e3o","article_publisher":"https:\/\/m.facebook.com\/redenoticiaz.barretos","article_published_time":"2023-02-21T17:28:14+00:00","og_image":[{"width":1200,"height":628,"url":"https:\/\/redenoticiaz.com.br\/ribeiraopreto-regiao\/wp-content\/uploads\/sites\/4\/2023\/02\/Polo-Univesp-de-Guaira-oferece-45-vagas-para-graduacao-em-nivel-superior.png","type":"image\/png"}],"twitter_card":"summary_large_image","twitter_creator":"@RN_barretos","twitter_site":"@RN_barretos","twitter_misc":{"Escrito por":"","Est. tempo de leitura":"1 minuto"},"schema":{"@context":"https:\/\/schema.org","@graph":[{"@type":"Article","@id":"https:\/\/redenoticiaz.com.br\/ribeiraopreto-regiao\/sp\/2023\/02\/21\/polo-univesp-de-guaira-oferece-45-vagas-para-graduacao-em-nivel-superior#article","isPartOf":{"@id":"https:\/\/redenoticiaz.com.br\/ribeiraopreto-regiao\/sp\/2023\/02\/21\/polo-univesp-de-guaira-oferece-45-vagas-para-graduacao-em-nivel-superior"},"author":{"name":"","@id":""},"headline":"Polo Univesp de Gua\u00edra oferece 45 vagas para gradua\u00e7\u00e3o em n\u00edvel superior","datePublished":"2023-02-21T17:28:14+00:00","mainEntityOfPage":{"@id":"https:\/\/redenoticiaz.com.br\/ribeiraopreto-regiao\/sp\/2023\/02\/21\/polo-univesp-de-guaira-oferece-45-vagas-para-graduacao-em-nivel-superior"},"wordCount":192,"commentCount":0,"publisher":{"@id":"https:\/\/redenoticiaz.com.br\/ribeiraopreto-regiao\/#organization"},"image":{"@id":"https:\/\/redenoticiaz.com.br\/ribeiraopreto-regiao\/sp\/2023\/02\/21\/polo-univesp-de-guaira-oferece-45-vagas-para-graduacao-em-nivel-superior#primaryimage"},"thumbnailUrl":"https:\/\/redenoticiaz.com.br\/ribeiraopreto-regiao\/wp-content\/uploads\/sites\/4\/2023\/02\/Polo-Univesp-de-Guaira-oferece-45-vagas-para-graduacao-em-nivel-superior.png","keywords":["gradua\u00e7\u00e3o em n\u00edvel superior","INSCRI\u00c7\u00d5ES ABERTAS","VAGAS","VESTIBULAR"],"articleSection":["Educa\u00e7\u00e3o","Trabalho"],"inLanguage":"pt-BR","potentialAction":[{"@type":"CommentAction","name":"Comment","target":["https:\/\/redenoticiaz.com.br\/ribeiraopreto-regiao\/sp\/2023\/02\/21\/polo-univesp-de-guaira-oferece-45-vagas-para-graduacao-em-nivel-superior#respond"]}]},{"@type":"WebPage","@id":"https:\/\/redenoticiaz.com.br\/ribeiraopreto-regiao\/sp\/2023\/02\/21\/polo-univesp-de-guaira-oferece-45-vagas-para-graduacao-em-nivel-superior","url":"https:\/\/redenoticiaz.com.br\/ribeiraopreto-regiao\/sp\/2023\/02\/21\/polo-univesp-de-guaira-oferece-45-vagas-para-graduacao-em-nivel-superior","name":"Polo Univesp de Gua\u00edra oferece 45 vagas para gradua\u00e7\u00e3o em n\u00edvel superior - Ribeir\u00e3o Preto e Regi\u00e3o","isPartOf":{"@id":"https:\/\/redenoticiaz.com.br\/ribeiraopreto-regiao\/#website"},"primaryImageOfPage":{"@id":"https:\/\/redenoticiaz.com.br\/ribeiraopreto-regiao\/sp\/2023\/02\/21\/polo-univesp-de-guaira-oferece-45-vagas-para-graduacao-em-nivel-superior#primaryimage"},"image":{"@id":"https:\/\/redenoticiaz.com.br\/ribeiraopreto-regiao\/sp\/2023\/02\/21\/polo-univesp-de-guaira-oferece-45-vagas-para-graduacao-em-nivel-superior#primaryimage"},"thumbnailUrl":"https:\/\/redenoticiaz.com.br\/ribeiraopreto-regiao\/wp-content\/uploads\/sites\/4\/2023\/02\/Polo-Univesp-de-Guaira-oferece-45-vagas-para-graduacao-em-nivel-superior.png","datePublished":"2023-02-21T17:28:14+00:00","description":"Continuam abertas as inscri\u00e7\u00f5es da Universidade Virtual do Estado de S\u00e3o Paulo (Univesp)\u00a0 2023. A Univesp polo Gua\u00edra est\u00e1 abrindo 45 vagas","inLanguage":"pt-BR","potentialAction":[{"@type":"ReadAction","target":["https:\/\/redenoticiaz.com.br\/ribeiraopreto-regiao\/sp\/2023\/02\/21\/polo-univesp-de-guaira-oferece-45-vagas-para-graduacao-em-nivel-superior"]}]},{"@type":"ImageObject","inLanguage":"pt-BR","@id":"https:\/\/redenoticiaz.com.br\/ribeiraopreto-regiao\/sp\/2023\/02\/21\/polo-univesp-de-guaira-oferece-45-vagas-para-graduacao-em-nivel-superior#primaryimage","url":"https:\/\/redenoticiaz.com.br\/ribeiraopreto-regiao\/wp-content\/uploads\/sites\/4\/2023\/02\/Polo-Univesp-de-Guaira-oferece-45-vagas-para-graduacao-em-nivel-superior.png","contentUrl":"https:\/\/redenoticiaz.com.br\/ribeiraopreto-regiao\/wp-content\/uploads\/sites\/4\/2023\/02\/Polo-Univesp-de-Guaira-oferece-45-vagas-para-graduacao-em-nivel-superior.png","width":1200,"height":628,"caption":"Polo Univesp de Gua\u00edra oferece 45 vagas para gradua\u00e7\u00e3o ao n\u00edvel superior. Cr\u00e9dito: Reprodu\u00e7\u00e3o"},{"@type":"WebSite","@id":"https:\/\/redenoticiaz.com.br\/ribeiraopreto-regiao\/#website","url":"https:\/\/redenoticiaz.com.br\/ribeiraopreto-regiao\/","name":"Ribeir\u00e3o Preto e Regi\u00e3o","description":"Rede NoticiaZ - Ribeir\u00e3o Preto e regi\u00e3o","publisher":{"@id":"https:\/\/redenoticiaz.com.br\/ribeiraopreto-regiao\/#organization"},"potentialAction":[{"@type":"SearchAction","target":{"@type":"EntryPoint","urlTemplate":"https:\/\/redenoticiaz.com.br\/ribeiraopreto-regiao\/?s={search_term_string}"},"query-input":{"@type":"PropertyValueSpecification","valueRequired":true,"valueName":"search_term_string"}}],"inLanguage":"pt-BR"},{"@type":"Organization","@id":"https:\/\/redenoticiaz.com.br\/ribeiraopreto-regiao\/#organization","name":"Ribeir\u00e3o Preto e Regi\u00e3o","url":"https:\/\/redenoticiaz.com.br\/ribeiraopreto-regiao\/","logo":{"@type":"ImageObject","inLanguage":"pt-BR","@id":"https:\/\/redenoticiaz.com.br\/ribeiraopreto-regiao\/#\/schema\/logo\/image\/","url":"https:\/\/redenoticiaz.com.br\/barretos-regiao\/wp-content\/uploads\/sites\/4\/2022\/02\/logo.jpg","contentUrl":"https:\/\/redenoticiaz.com.br\/barretos-regiao\/wp-content\/uploads\/sites\/4\/2022\/02\/logo.jpg","width":400,"height":250,"caption":"Ribeir\u00e3o Preto e Regi\u00e3o"},"image":{"@id":"https:\/\/redenoticiaz.com.br\/ribeiraopreto-regiao\/#\/schema\/logo\/image\/"},"sameAs":["https:\/\/m.facebook.com\/redenoticiaz.barretos","https:\/\/x.com\/RN_barretos","https:\/\/www.instagram.com\/redenoticiaz.barretos\/?igshid=YmMyMTA2M2Y","https:\/\/www.linkedin.com\/company\/rede-noticiaz-barretos-e-regio\/"]},{"@type":"Person","@id":"","url":"https:\/\/redenoticiaz.com.br\/ribeiraopreto-regiao\/sp\/author"}]}},"_links":{"self":[{"href":"https:\/\/redenoticiaz.com.br\/ribeiraopreto-regiao\/wp-json\/wp\/v2\/posts\/100857","targetHints":{"allow":["GET"]}}],"collection":[{"href":"https:\/\/redenoticiaz.com.br\/ribeiraopreto-regiao\/wp-json\/wp\/v2\/posts"}],"about":[{"href":"https:\/\/redenoticiaz.com.br\/ribeiraopreto-regiao\/wp-json\/wp\/v2\/types\/post"}],"author":[{"embeddable":true,"href":"https:\/\/redenoticiaz.com.br\/ribeiraopreto-regiao\/wp-json\/wp\/v2\/users\/15"}],"replies":[{"embeddable":true,"href":"https:\/\/redenoticiaz.com.br\/ribeiraopreto-regiao\/wp-json\/wp\/v2\/comments?post=100857"}],"version-history":[{"count":1,"href":"https:\/\/redenoticiaz.com.br\/ribeiraopreto-regiao\/wp-json\/wp\/v2\/posts\/100857\/revisions"}],"predecessor-version":[{"id":100859,"href":"https:\/\/redenoticiaz.com.br\/ribeiraopreto-regiao\/wp-json\/wp\/v2\/posts\/100857\/revisions\/100859"}],"wp:featuredmedia":[{"embeddable":true,"href":"https:\/\/redenoticiaz.com.br\/ribeiraopreto-regiao\/wp-json\/wp\/v2\/media\/100858"}],"wp:attachment":[{"href":"https:\/\/redenoticiaz.com.br\/ribeiraopreto-regiao\/wp-json\/wp\/v2\/media?parent=100857"}],"wp:term":[{"taxonomy":"category","embeddable":true,"href":"https:\/\/redenoticiaz.com.br\/ribeiraopreto-regiao\/wp-json\/wp\/v2\/categories?post=100857"},{"taxonomy":"post_tag","embeddable":true,"href":"https:\/\/redenoticiaz.com.br\/ribeiraopreto-regiao\/wp-json\/wp\/v2\/tags?post=100857"}],"curies":[{"name":"wp","href":"https:\/\/api.w.org\/{rel}","templated":true}]}}