{"id":100866,"date":"2023-02-21T15:20:59","date_gmt":"2023-02-21T18:20:59","guid":{"rendered":"https:\/\/redenoticiaz.com.br\/barretos-regiao\/?p=100866"},"modified":"2023-02-21T15:20:59","modified_gmt":"2023-02-21T18:20:59","slug":"primeiro-dia-do-carna-riodas-foi-sucesso-absoluto","status":"publish","type":"post","link":"https:\/\/redenoticiaz.com.br\/ribeiraopreto-regiao\/sp\/2023\/02\/21\/primeiro-dia-do-carna-riodas-foi-sucesso-absoluto","title":{"rendered":"Primeiro dia do Carna Riodas foi sucesso absoluto"},"content":{"rendered":"<p>O sal\u00e3o nobre da sede de campo do Rio das Pedras Country Club comprovou que os bons tempos do carnaval est\u00e3o de volta. Milhares de fam\u00edlias, com foli\u00f5es das mais variadas idades, lotaram o sal\u00e3o para a divers\u00e3o ao som das marchinhas de Carnaval de todos os tempos e dos sucessos que fazem a alegria na atualidade, executados por\u00a0&#8220;May Alves e Banda&#8221;. Muito confete, serpentina e anima\u00e7\u00e3o.<\/p>\n<p>No espa\u00e7o Domingueira foi o samba e pagode do grupo Nossa Imagem que deram o tom da curti\u00e7\u00e3o no final da tarde, fechando o primeiro dia da programa\u00e7\u00e3o do Carna Riodas com chave de ouro, aprovad\u00edssimos por s\u00f3cios, visitantes e pela diretoria que cuidou de cada detalhes do evento.<\/p>\n<p>Nesta ter\u00e7a, dia 21, a folia se repete e o Carna Riodas come\u00e7a \u00e0s 14h30 no sal\u00e3o nobre, mais uma vez ao som\u00a0da &#8220;May Alves e Banda&#8221;\u00a0e com sorteio de uma bicicleta, entre as crian\u00e7as que estiverem fantasiadas. A partir das 15h, a dupla &#8220;Jos\u00e9 &amp; Diogo&#8221; fazem show no espa\u00e7o Domingueira, entregando tudo e executando os maiores hits do sertanejo, pop, ax\u00e9 e trazendo a mistura de ritmos com o samba.<\/p>\n<p>VEJA TAMB\u00c9M:\u00a0<a href=\"https:\/\/redenoticiaz.com.br\/barretos-regiao\/sp\/2023\/02\/21\/secretaria-da-saude-promove-acao-de-prevencao-durante-festas-de-carnaval\">Secretaria da Sa\u00fade promove a\u00e7\u00e3o de preven\u00e7\u00e3o durante festas de Carnaval<\/a><\/p>\n","protected":false},"excerpt":{"rendered":"<p>O sal\u00e3o nobre da sede de campo do Rio das Pedras Country Club comprovou que os bons tempos do carnaval est\u00e3o de volta. Milhares de fam\u00edlias, com foli\u00f5es das mais variadas idades, lotaram o sal\u00e3o para a divers\u00e3o ao som das marchinhas de Carnaval de todos os tempos e dos sucessos que fazem a alegria &hellip;<\/p>\n","protected":false},"author":15,"featured_media":100867,"comment_status":"open","ping_status":"closed","sticky":false,"template":"","format":"standard","meta":{"footnotes":""},"categories":[469,815],"tags":[25092,168,25093,25094,8442,16503],"class_list":["post-100866","post","type-post","status-publish","format-standard","has-post-thumbnail","hentry","category-cultura","category-cultura-e-musica","tag-carnarios","tag-carnaval","tag-folioes","tag-jose-diogo","tag-musica","tag-rio-das-pedras"],"yoast_head":"<!-- This site is optimized with the Yoast SEO plugin v27.4 - https:\/\/yoast.com\/product\/yoast-seo-wordpress\/ -->\n<title>Primeiro dia do Carna Riodas foi sucesso absoluto - Ribeir\u00e3o Preto e Regi\u00e3o<\/title>\n<meta name=\"description\" content=\"O sal\u00e3o nobre da sede de campo do Rio das Pedras Country Club comprovou que os bons tempos do carnaval est\u00e3o de volta\" \/>\n<meta name=\"robots\" content=\"index, follow, max-snippet:-1, max-image-preview:large, max-video-preview:-1\" \/>\n<link rel=\"canonical\" href=\"https:\/\/redenoticiaz.com.br\/ribeiraopreto-regiao\/sp\/2023\/02\/21\/primeiro-dia-do-carna-riodas-foi-sucesso-absoluto\" \/>\n<meta property=\"og:locale\" content=\"pt_BR\" \/>\n<meta property=\"og:type\" content=\"article\" \/>\n<meta property=\"og:title\" content=\"Primeiro dia do Carna Riodas foi sucesso absoluto - Ribeir\u00e3o Preto e Regi\u00e3o\" \/>\n<meta property=\"og:description\" content=\"O sal\u00e3o nobre da sede de campo do Rio das Pedras Country Club comprovou que os bons tempos do carnaval est\u00e3o de volta\" \/>\n<meta property=\"og:url\" content=\"https:\/\/redenoticiaz.com.br\/ribeiraopreto-regiao\/sp\/2023\/02\/21\/primeiro-dia-do-carna-riodas-foi-sucesso-absoluto\" \/>\n<meta property=\"og:site_name\" content=\"Ribeir\u00e3o Preto e Regi\u00e3o\" \/>\n<meta property=\"article:publisher\" content=\"https:\/\/m.facebook.com\/redenoticiaz.barretos\" \/>\n<meta property=\"article:published_time\" content=\"2023-02-21T18:20:59+00:00\" \/>\n<meta property=\"og:image\" content=\"https:\/\/redenoticiaz.com.br\/ribeiraopreto-regiao\/wp-content\/uploads\/sites\/4\/2023\/02\/Primeiro-dia-do-Carna-Riodas-foi-sucesso-absoluto.jpg\" \/>\n\t<meta property=\"og:image:width\" content=\"1024\" \/>\n\t<meta property=\"og:image:height\" content=\"683\" \/>\n\t<meta property=\"og:image:type\" content=\"image\/jpeg\" \/>\n<meta name=\"twitter:card\" content=\"summary_large_image\" \/>\n<meta name=\"twitter:creator\" content=\"@RN_barretos\" \/>\n<meta name=\"twitter:site\" content=\"@RN_barretos\" \/>\n<meta name=\"twitter:label1\" content=\"Escrito por\" \/>\n\t<meta name=\"twitter:data1\" content=\"\" \/>\n\t<meta name=\"twitter:label2\" content=\"Est. tempo de leitura\" \/>\n\t<meta name=\"twitter:data2\" content=\"2 minutos\" \/>\n<script type=\"application\/ld+json\" class=\"yoast-schema-graph\">{\"@context\":\"https:\\\/\\\/schema.org\",\"@graph\":[{\"@type\":\"Article\",\"@id\":\"https:\\\/\\\/redenoticiaz.com.br\\\/ribeiraopreto-regiao\\\/sp\\\/2023\\\/02\\\/21\\\/primeiro-dia-do-carna-riodas-foi-sucesso-absoluto#article\",\"isPartOf\":{\"@id\":\"https:\\\/\\\/redenoticiaz.com.br\\\/ribeiraopreto-regiao\\\/sp\\\/2023\\\/02\\\/21\\\/primeiro-dia-do-carna-riodas-foi-sucesso-absoluto\"},\"author\":{\"name\":\"\",\"@id\":\"\"},\"headline\":\"Primeiro dia do Carna Riodas foi sucesso absoluto\",\"datePublished\":\"2023-02-21T18:20:59+00:00\",\"mainEntityOfPage\":{\"@id\":\"https:\\\/\\\/redenoticiaz.com.br\\\/ribeiraopreto-regiao\\\/sp\\\/2023\\\/02\\\/21\\\/primeiro-dia-do-carna-riodas-foi-sucesso-absoluto\"},\"wordCount\":232,\"commentCount\":0,\"publisher\":{\"@id\":\"https:\\\/\\\/redenoticiaz.com.br\\\/ribeiraopreto-regiao\\\/#organization\"},\"image\":{\"@id\":\"https:\\\/\\\/redenoticiaz.com.br\\\/ribeiraopreto-regiao\\\/sp\\\/2023\\\/02\\\/21\\\/primeiro-dia-do-carna-riodas-foi-sucesso-absoluto#primaryimage\"},\"thumbnailUrl\":\"https:\\\/\\\/redenoticiaz.com.br\\\/ribeiraopreto-regiao\\\/wp-content\\\/uploads\\\/sites\\\/4\\\/2023\\\/02\\\/Primeiro-dia-do-Carna-Riodas-foi-sucesso-absoluto.jpg\",\"keywords\":[\"CarnaRios\",\"CARNAVAL\",\"foli\u00f5es\",\"Jos\u00e9 &amp; Diogo\",\"M\u00daSICA\",\"RIO DAS PEDRAS\"],\"articleSection\":[\"Cultura\",\"Cultura e M\u00fasica\"],\"inLanguage\":\"pt-BR\",\"potentialAction\":[{\"@type\":\"CommentAction\",\"name\":\"Comment\",\"target\":[\"https:\\\/\\\/redenoticiaz.com.br\\\/ribeiraopreto-regiao\\\/sp\\\/2023\\\/02\\\/21\\\/primeiro-dia-do-carna-riodas-foi-sucesso-absoluto#respond\"]}]},{\"@type\":\"WebPage\",\"@id\":\"https:\\\/\\\/redenoticiaz.com.br\\\/ribeiraopreto-regiao\\\/sp\\\/2023\\\/02\\\/21\\\/primeiro-dia-do-carna-riodas-foi-sucesso-absoluto\",\"url\":\"https:\\\/\\\/redenoticiaz.com.br\\\/ribeiraopreto-regiao\\\/sp\\\/2023\\\/02\\\/21\\\/primeiro-dia-do-carna-riodas-foi-sucesso-absoluto\",\"name\":\"Primeiro dia do Carna Riodas foi sucesso absoluto - Ribeir\u00e3o Preto e Regi\u00e3o\",\"isPartOf\":{\"@id\":\"https:\\\/\\\/redenoticiaz.com.br\\\/ribeiraopreto-regiao\\\/#website\"},\"primaryImageOfPage\":{\"@id\":\"https:\\\/\\\/redenoticiaz.com.br\\\/ribeiraopreto-regiao\\\/sp\\\/2023\\\/02\\\/21\\\/primeiro-dia-do-carna-riodas-foi-sucesso-absoluto#primaryimage\"},\"image\":{\"@id\":\"https:\\\/\\\/redenoticiaz.com.br\\\/ribeiraopreto-regiao\\\/sp\\\/2023\\\/02\\\/21\\\/primeiro-dia-do-carna-riodas-foi-sucesso-absoluto#primaryimage\"},\"thumbnailUrl\":\"https:\\\/\\\/redenoticiaz.com.br\\\/ribeiraopreto-regiao\\\/wp-content\\\/uploads\\\/sites\\\/4\\\/2023\\\/02\\\/Primeiro-dia-do-Carna-Riodas-foi-sucesso-absoluto.jpg\",\"datePublished\":\"2023-02-21T18:20:59+00:00\",\"description\":\"O sal\u00e3o nobre da sede de campo do Rio das Pedras Country Club comprovou que os bons tempos do carnaval est\u00e3o de volta\",\"inLanguage\":\"pt-BR\",\"potentialAction\":[{\"@type\":\"ReadAction\",\"target\":[\"https:\\\/\\\/redenoticiaz.com.br\\\/ribeiraopreto-regiao\\\/sp\\\/2023\\\/02\\\/21\\\/primeiro-dia-do-carna-riodas-foi-sucesso-absoluto\"]}]},{\"@type\":\"ImageObject\",\"inLanguage\":\"pt-BR\",\"@id\":\"https:\\\/\\\/redenoticiaz.com.br\\\/ribeiraopreto-regiao\\\/sp\\\/2023\\\/02\\\/21\\\/primeiro-dia-do-carna-riodas-foi-sucesso-absoluto#primaryimage\",\"url\":\"https:\\\/\\\/redenoticiaz.com.br\\\/ribeiraopreto-regiao\\\/wp-content\\\/uploads\\\/sites\\\/4\\\/2023\\\/02\\\/Primeiro-dia-do-Carna-Riodas-foi-sucesso-absoluto.jpg\",\"contentUrl\":\"https:\\\/\\\/redenoticiaz.com.br\\\/ribeiraopreto-regiao\\\/wp-content\\\/uploads\\\/sites\\\/4\\\/2023\\\/02\\\/Primeiro-dia-do-Carna-Riodas-foi-sucesso-absoluto.jpg\",\"width\":1024,\"height\":683,\"caption\":\"Primeiro dia do Carna Riodas foi sucesso absoluto. Cr\u00e9dito: Divulga\u00e7\u00e3o\"},{\"@type\":\"WebSite\",\"@id\":\"https:\\\/\\\/redenoticiaz.com.br\\\/ribeiraopreto-regiao\\\/#website\",\"url\":\"https:\\\/\\\/redenoticiaz.com.br\\\/ribeiraopreto-regiao\\\/\",\"name\":\"Ribeir\u00e3o Preto e Regi\u00e3o\",\"description\":\"Rede NoticiaZ - Ribeir\u00e3o Preto e regi\u00e3o\",\"publisher\":{\"@id\":\"https:\\\/\\\/redenoticiaz.com.br\\\/ribeiraopreto-regiao\\\/#organization\"},\"potentialAction\":[{\"@type\":\"SearchAction\",\"target\":{\"@type\":\"EntryPoint\",\"urlTemplate\":\"https:\\\/\\\/redenoticiaz.com.br\\\/ribeiraopreto-regiao\\\/?s={search_term_string}\"},\"query-input\":{\"@type\":\"PropertyValueSpecification\",\"valueRequired\":true,\"valueName\":\"search_term_string\"}}],\"inLanguage\":\"pt-BR\"},{\"@type\":\"Organization\",\"@id\":\"https:\\\/\\\/redenoticiaz.com.br\\\/ribeiraopreto-regiao\\\/#organization\",\"name\":\"Ribeir\u00e3o Preto e Regi\u00e3o\",\"url\":\"https:\\\/\\\/redenoticiaz.com.br\\\/ribeiraopreto-regiao\\\/\",\"logo\":{\"@type\":\"ImageObject\",\"inLanguage\":\"pt-BR\",\"@id\":\"https:\\\/\\\/redenoticiaz.com.br\\\/ribeiraopreto-regiao\\\/#\\\/schema\\\/logo\\\/image\\\/\",\"url\":\"https:\\\/\\\/redenoticiaz.com.br\\\/barretos-regiao\\\/wp-content\\\/uploads\\\/sites\\\/4\\\/2022\\\/02\\\/logo.jpg\",\"contentUrl\":\"https:\\\/\\\/redenoticiaz.com.br\\\/barretos-regiao\\\/wp-content\\\/uploads\\\/sites\\\/4\\\/2022\\\/02\\\/logo.jpg\",\"width\":400,\"height\":250,\"caption\":\"Ribeir\u00e3o Preto e Regi\u00e3o\"},\"image\":{\"@id\":\"https:\\\/\\\/redenoticiaz.com.br\\\/ribeiraopreto-regiao\\\/#\\\/schema\\\/logo\\\/image\\\/\"},\"sameAs\":[\"https:\\\/\\\/m.facebook.com\\\/redenoticiaz.barretos\",\"https:\\\/\\\/x.com\\\/RN_barretos\",\"https:\\\/\\\/www.instagram.com\\\/redenoticiaz.barretos\\\/?igshid=YmMyMTA2M2Y\",\"https:\\\/\\\/www.linkedin.com\\\/company\\\/rede-noticiaz-barretos-e-regio\\\/\"]},{\"@type\":\"Person\",\"@id\":\"\",\"url\":\"https:\\\/\\\/redenoticiaz.com.br\\\/ribeiraopreto-regiao\\\/sp\\\/author\"}]}<\/script>\n<!-- \/ Yoast SEO plugin. -->","yoast_head_json":{"title":"Primeiro dia do Carna Riodas foi sucesso absoluto - Ribeir\u00e3o Preto e Regi\u00e3o","description":"O sal\u00e3o nobre da sede de campo do Rio das Pedras Country Club comprovou que os bons tempos do carnaval est\u00e3o de volta","robots":{"index":"index","follow":"follow","max-snippet":"max-snippet:-1","max-image-preview":"max-image-preview:large","max-video-preview":"max-video-preview:-1"},"canonical":"https:\/\/redenoticiaz.com.br\/ribeiraopreto-regiao\/sp\/2023\/02\/21\/primeiro-dia-do-carna-riodas-foi-sucesso-absoluto","og_locale":"pt_BR","og_type":"article","og_title":"Primeiro dia do Carna Riodas foi sucesso absoluto - Ribeir\u00e3o Preto e Regi\u00e3o","og_description":"O sal\u00e3o nobre da sede de campo do Rio das Pedras Country Club comprovou que os bons tempos do carnaval est\u00e3o de volta","og_url":"https:\/\/redenoticiaz.com.br\/ribeiraopreto-regiao\/sp\/2023\/02\/21\/primeiro-dia-do-carna-riodas-foi-sucesso-absoluto","og_site_name":"Ribeir\u00e3o Preto e Regi\u00e3o","article_publisher":"https:\/\/m.facebook.com\/redenoticiaz.barretos","article_published_time":"2023-02-21T18:20:59+00:00","og_image":[{"width":1024,"height":683,"url":"https:\/\/redenoticiaz.com.br\/ribeiraopreto-regiao\/wp-content\/uploads\/sites\/4\/2023\/02\/Primeiro-dia-do-Carna-Riodas-foi-sucesso-absoluto.jpg","type":"image\/jpeg"}],"twitter_card":"summary_large_image","twitter_creator":"@RN_barretos","twitter_site":"@RN_barretos","twitter_misc":{"Escrito por":"","Est. tempo de leitura":"2 minutos"},"schema":{"@context":"https:\/\/schema.org","@graph":[{"@type":"Article","@id":"https:\/\/redenoticiaz.com.br\/ribeiraopreto-regiao\/sp\/2023\/02\/21\/primeiro-dia-do-carna-riodas-foi-sucesso-absoluto#article","isPartOf":{"@id":"https:\/\/redenoticiaz.com.br\/ribeiraopreto-regiao\/sp\/2023\/02\/21\/primeiro-dia-do-carna-riodas-foi-sucesso-absoluto"},"author":{"name":"","@id":""},"headline":"Primeiro dia do Carna Riodas foi sucesso absoluto","datePublished":"2023-02-21T18:20:59+00:00","mainEntityOfPage":{"@id":"https:\/\/redenoticiaz.com.br\/ribeiraopreto-regiao\/sp\/2023\/02\/21\/primeiro-dia-do-carna-riodas-foi-sucesso-absoluto"},"wordCount":232,"commentCount":0,"publisher":{"@id":"https:\/\/redenoticiaz.com.br\/ribeiraopreto-regiao\/#organization"},"image":{"@id":"https:\/\/redenoticiaz.com.br\/ribeiraopreto-regiao\/sp\/2023\/02\/21\/primeiro-dia-do-carna-riodas-foi-sucesso-absoluto#primaryimage"},"thumbnailUrl":"https:\/\/redenoticiaz.com.br\/ribeiraopreto-regiao\/wp-content\/uploads\/sites\/4\/2023\/02\/Primeiro-dia-do-Carna-Riodas-foi-sucesso-absoluto.jpg","keywords":["CarnaRios","CARNAVAL","foli\u00f5es","Jos\u00e9 &amp; Diogo","M\u00daSICA","RIO DAS PEDRAS"],"articleSection":["Cultura","Cultura e M\u00fasica"],"inLanguage":"pt-BR","potentialAction":[{"@type":"CommentAction","name":"Comment","target":["https:\/\/redenoticiaz.com.br\/ribeiraopreto-regiao\/sp\/2023\/02\/21\/primeiro-dia-do-carna-riodas-foi-sucesso-absoluto#respond"]}]},{"@type":"WebPage","@id":"https:\/\/redenoticiaz.com.br\/ribeiraopreto-regiao\/sp\/2023\/02\/21\/primeiro-dia-do-carna-riodas-foi-sucesso-absoluto","url":"https:\/\/redenoticiaz.com.br\/ribeiraopreto-regiao\/sp\/2023\/02\/21\/primeiro-dia-do-carna-riodas-foi-sucesso-absoluto","name":"Primeiro dia do Carna Riodas foi sucesso absoluto - Ribeir\u00e3o Preto e Regi\u00e3o","isPartOf":{"@id":"https:\/\/redenoticiaz.com.br\/ribeiraopreto-regiao\/#website"},"primaryImageOfPage":{"@id":"https:\/\/redenoticiaz.com.br\/ribeiraopreto-regiao\/sp\/2023\/02\/21\/primeiro-dia-do-carna-riodas-foi-sucesso-absoluto#primaryimage"},"image":{"@id":"https:\/\/redenoticiaz.com.br\/ribeiraopreto-regiao\/sp\/2023\/02\/21\/primeiro-dia-do-carna-riodas-foi-sucesso-absoluto#primaryimage"},"thumbnailUrl":"https:\/\/redenoticiaz.com.br\/ribeiraopreto-regiao\/wp-content\/uploads\/sites\/4\/2023\/02\/Primeiro-dia-do-Carna-Riodas-foi-sucesso-absoluto.jpg","datePublished":"2023-02-21T18:20:59+00:00","description":"O sal\u00e3o nobre da sede de campo do Rio das Pedras Country Club comprovou que os bons tempos do carnaval est\u00e3o de volta","inLanguage":"pt-BR","potentialAction":[{"@type":"ReadAction","target":["https:\/\/redenoticiaz.com.br\/ribeiraopreto-regiao\/sp\/2023\/02\/21\/primeiro-dia-do-carna-riodas-foi-sucesso-absoluto"]}]},{"@type":"ImageObject","inLanguage":"pt-BR","@id":"https:\/\/redenoticiaz.com.br\/ribeiraopreto-regiao\/sp\/2023\/02\/21\/primeiro-dia-do-carna-riodas-foi-sucesso-absoluto#primaryimage","url":"https:\/\/redenoticiaz.com.br\/ribeiraopreto-regiao\/wp-content\/uploads\/sites\/4\/2023\/02\/Primeiro-dia-do-Carna-Riodas-foi-sucesso-absoluto.jpg","contentUrl":"https:\/\/redenoticiaz.com.br\/ribeiraopreto-regiao\/wp-content\/uploads\/sites\/4\/2023\/02\/Primeiro-dia-do-Carna-Riodas-foi-sucesso-absoluto.jpg","width":1024,"height":683,"caption":"Primeiro dia do Carna Riodas foi sucesso absoluto. Cr\u00e9dito: Divulga\u00e7\u00e3o"},{"@type":"WebSite","@id":"https:\/\/redenoticiaz.com.br\/ribeiraopreto-regiao\/#website","url":"https:\/\/redenoticiaz.com.br\/ribeiraopreto-regiao\/","name":"Ribeir\u00e3o Preto e Regi\u00e3o","description":"Rede NoticiaZ - Ribeir\u00e3o Preto e regi\u00e3o","publisher":{"@id":"https:\/\/redenoticiaz.com.br\/ribeiraopreto-regiao\/#organization"},"potentialAction":[{"@type":"SearchAction","target":{"@type":"EntryPoint","urlTemplate":"https:\/\/redenoticiaz.com.br\/ribeiraopreto-regiao\/?s={search_term_string}"},"query-input":{"@type":"PropertyValueSpecification","valueRequired":true,"valueName":"search_term_string"}}],"inLanguage":"pt-BR"},{"@type":"Organization","@id":"https:\/\/redenoticiaz.com.br\/ribeiraopreto-regiao\/#organization","name":"Ribeir\u00e3o Preto e Regi\u00e3o","url":"https:\/\/redenoticiaz.com.br\/ribeiraopreto-regiao\/","logo":{"@type":"ImageObject","inLanguage":"pt-BR","@id":"https:\/\/redenoticiaz.com.br\/ribeiraopreto-regiao\/#\/schema\/logo\/image\/","url":"https:\/\/redenoticiaz.com.br\/barretos-regiao\/wp-content\/uploads\/sites\/4\/2022\/02\/logo.jpg","contentUrl":"https:\/\/redenoticiaz.com.br\/barretos-regiao\/wp-content\/uploads\/sites\/4\/2022\/02\/logo.jpg","width":400,"height":250,"caption":"Ribeir\u00e3o Preto e Regi\u00e3o"},"image":{"@id":"https:\/\/redenoticiaz.com.br\/ribeiraopreto-regiao\/#\/schema\/logo\/image\/"},"sameAs":["https:\/\/m.facebook.com\/redenoticiaz.barretos","https:\/\/x.com\/RN_barretos","https:\/\/www.instagram.com\/redenoticiaz.barretos\/?igshid=YmMyMTA2M2Y","https:\/\/www.linkedin.com\/company\/rede-noticiaz-barretos-e-regio\/"]},{"@type":"Person","@id":"","url":"https:\/\/redenoticiaz.com.br\/ribeiraopreto-regiao\/sp\/author"}]}},"_links":{"self":[{"href":"https:\/\/redenoticiaz.com.br\/ribeiraopreto-regiao\/wp-json\/wp\/v2\/posts\/100866","targetHints":{"allow":["GET"]}}],"collection":[{"href":"https:\/\/redenoticiaz.com.br\/ribeiraopreto-regiao\/wp-json\/wp\/v2\/posts"}],"about":[{"href":"https:\/\/redenoticiaz.com.br\/ribeiraopreto-regiao\/wp-json\/wp\/v2\/types\/post"}],"author":[{"embeddable":true,"href":"https:\/\/redenoticiaz.com.br\/ribeiraopreto-regiao\/wp-json\/wp\/v2\/users\/15"}],"replies":[{"embeddable":true,"href":"https:\/\/redenoticiaz.com.br\/ribeiraopreto-regiao\/wp-json\/wp\/v2\/comments?post=100866"}],"version-history":[{"count":1,"href":"https:\/\/redenoticiaz.com.br\/ribeiraopreto-regiao\/wp-json\/wp\/v2\/posts\/100866\/revisions"}],"predecessor-version":[{"id":100868,"href":"https:\/\/redenoticiaz.com.br\/ribeiraopreto-regiao\/wp-json\/wp\/v2\/posts\/100866\/revisions\/100868"}],"wp:featuredmedia":[{"embeddable":true,"href":"https:\/\/redenoticiaz.com.br\/ribeiraopreto-regiao\/wp-json\/wp\/v2\/media\/100867"}],"wp:attachment":[{"href":"https:\/\/redenoticiaz.com.br\/ribeiraopreto-regiao\/wp-json\/wp\/v2\/media?parent=100866"}],"wp:term":[{"taxonomy":"category","embeddable":true,"href":"https:\/\/redenoticiaz.com.br\/ribeiraopreto-regiao\/wp-json\/wp\/v2\/categories?post=100866"},{"taxonomy":"post_tag","embeddable":true,"href":"https:\/\/redenoticiaz.com.br\/ribeiraopreto-regiao\/wp-json\/wp\/v2\/tags?post=100866"}],"curies":[{"name":"wp","href":"https:\/\/api.w.org\/{rel}","templated":true}]}}