{"id":100887,"date":"2023-02-25T17:00:06","date_gmt":"2023-02-25T20:00:06","guid":{"rendered":"https:\/\/redenoticiaz.com.br\/barretos-regiao\/?p=100887"},"modified":"2023-02-21T20:58:02","modified_gmt":"2023-02-21T23:58:02","slug":"descubra-seis-dicas-para-dar-aquela-desinchada-no-corpo","status":"publish","type":"post","link":"https:\/\/redenoticiaz.com.br\/ribeiraopreto-regiao\/sp\/2023\/02\/25\/descubra-seis-dicas-para-dar-aquela-desinchada-no-corpo","title":{"rendered":"Descubra seis dicas para dar aquela desinchada no corpo"},"content":{"rendered":"<p>O Carnaval passou e com a volta das festas com presen\u00e7a de p\u00fablico, o que n\u00e3o faltou foi gente que se divertiu e al\u00e9m de pular e beijar muito, tamb\u00e9m abusaram da comida e bebida. Mas agora o momento \u00e9 de voltar a rotina e <strong>tirar as toxinas<\/strong>, subst\u00e2ncias prejudiciais que geram a forma\u00e7\u00e3o de radicais livres (mol\u00e9culas altamente reativas que &#8220;atacam&#8221; as c\u00e9lulas do corpo).<\/p>\n<p>Ningu\u00e9m quer aquelas chamas gordurinhas e a miss\u00e3o \u00e9 de dar uma desinchada no corpo. Felizmente tudo tem solu\u00e7\u00e3o e a doutora Claudia Chang, conta que isso significa que os radicais livres provocam a oxida\u00e7\u00e3o (consomem o oxig\u00eanio dispon\u00edvel), interferindo nos processos metab\u00f3licos do organismo.<\/p>\n<p>&#8220;Sendo assim, h\u00e1 uma sobrecarga nos \u00f3rg\u00e3os respons\u00e1veis por processar e eliminar essas toxinas, como f\u00edgado, rins e intestinos, prejudicando todo o funcionamento do corpo. Por esta raz\u00e3o, ap\u00f3s os dias de excesso, sentimos incha\u00e7o (devido \u00e0 reten\u00e7\u00e3o de l\u00edquidos), a pele perde o vi\u00e7o, o cansa\u00e7o vem com tudo e a imunidade cai&#8221;, explica Claudia Chang.<\/p>\n<p>Para ajudar no processo de desintoxica\u00e7\u00e3o, confira 6 dicas que ir\u00e3o renovar seu organismo:<\/p>\n<h5><strong>Hidrate-se mais do que o habitual<\/strong><\/h5>\n<p>Ap\u00f3s o carnaval, tomar muita \u00e1gua ao longo do dia se torna regra. Sucos, \u00e1gua de coco e ch\u00e1s (d\u00ea prefer\u00eancia ao ch\u00e1 verde, boldo e erva-cidreira) tamb\u00e9m s\u00e3o recomendados, mas precisam ser naturais. Os industrializados possuem alto teor de s\u00f3dio, corantes, aromatizantes e outras subst\u00e2ncias que v\u00e3o sabotar sua desintoxica\u00e7\u00e3o.<\/p>\n<p>&#8220;Vale lembrar que tomar muita \u00e1gua estimula tamb\u00e9m o funcionamento dos rins e, consequentemente, a produ\u00e7\u00e3o de urina, que \u00e9 por onde o excesso de l\u00edquidos, o s\u00f3dio e as toxinas ser\u00e3o eliminados&#8221;, refor\u00e7a Chang.<\/p>\n<h5><strong>Consuma vegetais de folhas verde-escuras<\/strong><\/h5>\n<p>Br\u00f3colis, espinafre, chic\u00f3ria e couve, al\u00e9m das verduras amargas, como r\u00facula e agri\u00e3o, s\u00e3o fontes de fibras importantes, que ajudam a limpar o organismo, melhoram a digest\u00e3o e diminuem a absor\u00e7\u00e3o de gorduras e toxinas.<\/p>\n<h5><strong>Aposte em castanhas, sementes e gr\u00e3os<\/strong><\/h5>\n<p>Estes proporcionam uma maior ingest\u00e3o de vitamina E (com a\u00e7\u00e3o antioxidante) e \u00f4mega-3 (\u00e1cido graxo com poder anti-inflamat\u00f3rio). Al\u00e9m disso, eles oferecem minerais como c\u00e1lcio, cobre, magn\u00e9sio, mangan\u00eas e sel\u00eanio, essenciais para o equil\u00edbrio das rea\u00e7\u00f5es bioqu\u00edmicas do organismo. Entre eles, est\u00e3o am\u00eandoas, castanhas, avel\u00e3s, castanha-do-par\u00e1, castanha-de-caju, nozes, pistache, semente de chia, trigo, cevada, aveia, centeio, semente de girassol e linha\u00e7a.<\/p>\n<h5><strong>Invista nas frutas certas<\/strong><\/h5>\n<p>Frutas ricas em \u00e1gua e com baixas calorias, como melancia e mel\u00e3o, devolvem a hidrata\u00e7\u00e3o perdida. &#8220;J\u00e1 a laranja, o abacaxi e a ma\u00e7\u00e3 podem ser eficazes por conter enzimas ben\u00e9ficas \u00e0 drenagem de impurezas, potencializando a renova\u00e7\u00e3o do f\u00edgado&#8221;, diz Claudia Chang.<\/p>\n<h5><strong>Retome sua rotina de sono<\/strong><\/h5>\n<p>Depois de tantos dias de folia, dormindo tarde e com m\u00e1 qualidade de sono, \u00e9 hora de reajustar seu rel\u00f3gio biol\u00f3gico. &#8220;\u00c9 durante o sono que o corpo trabalha para equilibrar diversas fun\u00e7\u00f5es do organismo. Uma noite bem dormida regula os processos metab\u00f3licos e hormonais do corpo, al\u00e9m de ter fun\u00e7\u00e3o restauradora ao eliminar toxinas e fortalecer o sistema imunol\u00f3gico&#8221;, ressalta Chang.<\/p>\n<h5><strong>Reforce os cuidados com a pele <\/strong><\/h5>\n<p>O cirurgi\u00e3o pl\u00e1stico Lu\u00eds Maatz, membro da Sociedade Brasileira de Cirurgia Pl\u00e1stica (SBCP), que tamb\u00e9m atua com procedimentos est\u00e9ticos n\u00e3o invasivos, sugere redobrar os cuidados com a pele ap\u00f3s o carnaval.<\/p>\n<p>Ele refor\u00e7a que o consumo em excesso de bebidas alco\u00f3licas causa desidrata\u00e7\u00e3o cut\u00e2nea e acelera o envelhecimento, j\u00e1 que diminui a oxigena\u00e7\u00e3o dos tecidos e aumenta a produ\u00e7\u00e3o de radicais livres.<\/p>\n<p>&#8220;Para metabolizar uma mol\u00e9cula de \u00e1lcool, o organismo precisa abrir m\u00e3o de nove mol\u00e9culas de \u00e1gua. A partir do momento em que n\u00e3o h\u00e1 mol\u00e9culas de \u00e1gua o suficiente para a hidrata\u00e7\u00e3o, o corpo come\u00e7a a retirar da pele, deixando-a desidratada e sem vi\u00e7o&#8221;, explica Lu\u00eds Maatz.<\/p>\n<p>Sendo assim, o m\u00e9dico recomenda alguns procedimentos para reaver a pele saud\u00e1vel. Um deles \u00e9 a aplica\u00e7\u00e3o do \u00e1cido hialur\u00f4nico, uma subst\u00e2ncia injet\u00e1vel que, al\u00e9m de corrigir rugas j\u00e1 formadas, devolve perdas de volume e contribui para a hidrata\u00e7\u00e3o da pele.<\/p>\n<p>Outro tratamento indicado s\u00e3o os bioestimuladores de col\u00e1geno, subst\u00e2ncias aplicadas na face para estimular a produ\u00e7\u00e3o de novas fibras de col\u00e1geno, proporcionando a reestrutura\u00e7\u00e3o da pele. &#8220;Com a aplica\u00e7\u00e3o, a pele retoma a produ\u00e7\u00e3o das fibras de elastina e do pr\u00f3prio col\u00e1geno, respons\u00e1vel pelo equil\u00edbrio e vi\u00e7o da pele&#8221;.<\/p>\n<p>Por fim, a drenagem linf\u00e1tica ajuda a eliminar toxinas e l\u00edquidos acumulados em excesso nos tecidos corporais. &#8220;A massagem estimula o funcionamento do sistema linf\u00e1tico atrav\u00e9s de movimentos circulares, favorecendo a elimina\u00e7\u00e3o de toxinas e metab\u00f3litos, aumentando a oxigena\u00e7\u00e3o dos tecidos e a absor\u00e7\u00e3o de nutrientes por meio do trato digest\u00f3rio&#8221;, finaliza Lu\u00eds Maatz.<\/p>\n<p><strong>LEIA TAMB\u00c9M<\/strong><\/p>\n<p><a href=\"https:\/\/redenoticiaz.com.br\/blog\/2023\/02\/18\/carnaval-faz-bem-ao-cerebro-diz-estudo\">Carnaval faz bem ao c\u00e9rebro, diz estudo<\/a><\/p>\n","protected":false},"excerpt":{"rendered":"<p>O Carnaval passou e com a volta das festas com presen\u00e7a de p\u00fablico, o que n\u00e3o faltou foi gente que se divertiu e al\u00e9m de pular e beijar muito, tamb\u00e9m abusaram da comida e bebida. Mas agora o momento \u00e9 de voltar a rotina e tirar as toxinas, subst\u00e2ncias prejudiciais que geram a forma\u00e7\u00e3o de &hellip;<\/p>\n","protected":false},"author":6,"featured_media":100888,"comment_status":"open","ping_status":"closed","sticky":false,"template":"","format":"standard","meta":{"footnotes":""},"categories":[129],"tags":[3732,168,25112,25113,25114],"class_list":["post-100887","post","type-post","status-publish","format-standard","has-post-thumbnail","hentry","category-saude","tag-bem-estar","tag-carnaval","tag-corpo-inchado","tag-desinchada","tag-toxinas"],"yoast_head":"<!-- This site is optimized with the Yoast SEO plugin v27.4 - https:\/\/yoast.com\/product\/yoast-seo-wordpress\/ -->\n<title>Descubra seis dicas para dar aquela desinchada no corpo - Ribeir\u00e3o Preto e Regi\u00e3o<\/title>\n<meta name=\"description\" content=\"Ningu\u00e9m quer aquelas chamas gordurinhas e a miss\u00e3o \u00e9 de dar uma desinchada no corpo. Felizmente tudo tem solu\u00e7\u00e3o e a doutora\" \/>\n<meta name=\"robots\" content=\"index, follow, max-snippet:-1, max-image-preview:large, max-video-preview:-1\" \/>\n<link rel=\"canonical\" href=\"https:\/\/redenoticiaz.com.br\/ribeiraopreto-regiao\/sp\/2023\/02\/25\/descubra-seis-dicas-para-dar-aquela-desinchada-no-corpo\" \/>\n<meta property=\"og:locale\" content=\"pt_BR\" \/>\n<meta property=\"og:type\" content=\"article\" \/>\n<meta property=\"og:title\" content=\"Descubra seis dicas para dar aquela desinchada no corpo - Ribeir\u00e3o Preto e Regi\u00e3o\" \/>\n<meta property=\"og:description\" content=\"Ningu\u00e9m quer aquelas chamas gordurinhas e a miss\u00e3o \u00e9 de dar uma desinchada no corpo. Felizmente tudo tem solu\u00e7\u00e3o e a doutora\" \/>\n<meta property=\"og:url\" content=\"https:\/\/redenoticiaz.com.br\/ribeiraopreto-regiao\/sp\/2023\/02\/25\/descubra-seis-dicas-para-dar-aquela-desinchada-no-corpo\" \/>\n<meta property=\"og:site_name\" content=\"Ribeir\u00e3o Preto e Regi\u00e3o\" \/>\n<meta property=\"article:publisher\" content=\"https:\/\/m.facebook.com\/redenoticiaz.barretos\" \/>\n<meta property=\"article:published_time\" content=\"2023-02-25T20:00:06+00:00\" \/>\n<meta property=\"og:image\" content=\"https:\/\/redenoticiaz.com.br\/ribeiraopreto-regiao\/wp-content\/uploads\/sites\/4\/2022\/02\/logo.jpg\" \/>\n\t<meta property=\"og:image:width\" content=\"400\" \/>\n\t<meta property=\"og:image:height\" content=\"250\" \/>\n\t<meta property=\"og:image:type\" content=\"image\/jpeg\" \/>\n<meta name=\"author\" content=\"Leonardo Francisco\" \/>\n<meta name=\"twitter:card\" content=\"summary_large_image\" \/>\n<meta name=\"twitter:creator\" content=\"@RN_barretos\" \/>\n<meta name=\"twitter:site\" content=\"@RN_barretos\" \/>\n<meta name=\"twitter:label1\" content=\"Escrito por\" \/>\n\t<meta name=\"twitter:data1\" content=\"Leonardo Francisco\" \/>\n\t<meta name=\"twitter:label2\" content=\"Est. tempo de leitura\" \/>\n\t<meta name=\"twitter:data2\" content=\"5 minutos\" \/>\n<script type=\"application\/ld+json\" class=\"yoast-schema-graph\">{\"@context\":\"https:\\\/\\\/schema.org\",\"@graph\":[{\"@type\":\"Article\",\"@id\":\"https:\\\/\\\/redenoticiaz.com.br\\\/ribeiraopreto-regiao\\\/sp\\\/2023\\\/02\\\/25\\\/descubra-seis-dicas-para-dar-aquela-desinchada-no-corpo#article\",\"isPartOf\":{\"@id\":\"https:\\\/\\\/redenoticiaz.com.br\\\/ribeiraopreto-regiao\\\/sp\\\/2023\\\/02\\\/25\\\/descubra-seis-dicas-para-dar-aquela-desinchada-no-corpo\"},\"author\":{\"name\":\"Leonardo Francisco\",\"@id\":\"https:\\\/\\\/redenoticiaz.com.br\\\/ribeiraopreto-regiao\\\/#\\\/schema\\\/person\\\/0f0b8a5bdafefe82841e07ae8d81ecb3\"},\"headline\":\"Descubra seis dicas para dar aquela desinchada no corpo\",\"datePublished\":\"2023-02-25T20:00:06+00:00\",\"mainEntityOfPage\":{\"@id\":\"https:\\\/\\\/redenoticiaz.com.br\\\/ribeiraopreto-regiao\\\/sp\\\/2023\\\/02\\\/25\\\/descubra-seis-dicas-para-dar-aquela-desinchada-no-corpo\"},\"wordCount\":898,\"commentCount\":0,\"publisher\":{\"@id\":\"https:\\\/\\\/redenoticiaz.com.br\\\/ribeiraopreto-regiao\\\/#organization\"},\"image\":{\"@id\":\"https:\\\/\\\/redenoticiaz.com.br\\\/ribeiraopreto-regiao\\\/sp\\\/2023\\\/02\\\/25\\\/descubra-seis-dicas-para-dar-aquela-desinchada-no-corpo#primaryimage\"},\"thumbnailUrl\":\"https:\\\/\\\/redenoticiaz.com.br\\\/ribeiraopreto-regiao\\\/wp-content\\\/uploads\\\/sites\\\/4\\\/2023\\\/02\\\/pos-carnaval.jpg?v=1677023787\",\"keywords\":[\"BEM ESTAR\",\"CARNAVAL\",\"CORPO INCHADO\",\"DESINCHADA\",\"TOXINAS\"],\"articleSection\":[\"Sa\u00fade\"],\"inLanguage\":\"pt-BR\",\"potentialAction\":[{\"@type\":\"CommentAction\",\"name\":\"Comment\",\"target\":[\"https:\\\/\\\/redenoticiaz.com.br\\\/ribeiraopreto-regiao\\\/sp\\\/2023\\\/02\\\/25\\\/descubra-seis-dicas-para-dar-aquela-desinchada-no-corpo#respond\"]}]},{\"@type\":\"WebPage\",\"@id\":\"https:\\\/\\\/redenoticiaz.com.br\\\/ribeiraopreto-regiao\\\/sp\\\/2023\\\/02\\\/25\\\/descubra-seis-dicas-para-dar-aquela-desinchada-no-corpo\",\"url\":\"https:\\\/\\\/redenoticiaz.com.br\\\/ribeiraopreto-regiao\\\/sp\\\/2023\\\/02\\\/25\\\/descubra-seis-dicas-para-dar-aquela-desinchada-no-corpo\",\"name\":\"Descubra seis dicas para dar aquela desinchada no corpo - Ribeir\u00e3o Preto e Regi\u00e3o\",\"isPartOf\":{\"@id\":\"https:\\\/\\\/redenoticiaz.com.br\\\/ribeiraopreto-regiao\\\/#website\"},\"primaryImageOfPage\":{\"@id\":\"https:\\\/\\\/redenoticiaz.com.br\\\/ribeiraopreto-regiao\\\/sp\\\/2023\\\/02\\\/25\\\/descubra-seis-dicas-para-dar-aquela-desinchada-no-corpo#primaryimage\"},\"image\":{\"@id\":\"https:\\\/\\\/redenoticiaz.com.br\\\/ribeiraopreto-regiao\\\/sp\\\/2023\\\/02\\\/25\\\/descubra-seis-dicas-para-dar-aquela-desinchada-no-corpo#primaryimage\"},\"thumbnailUrl\":\"https:\\\/\\\/redenoticiaz.com.br\\\/ribeiraopreto-regiao\\\/wp-content\\\/uploads\\\/sites\\\/4\\\/2023\\\/02\\\/pos-carnaval.jpg?v=1677023787\",\"datePublished\":\"2023-02-25T20:00:06+00:00\",\"description\":\"Ningu\u00e9m quer aquelas chamas gordurinhas e a miss\u00e3o \u00e9 de dar uma desinchada no corpo. Felizmente tudo tem solu\u00e7\u00e3o e a doutora\",\"inLanguage\":\"pt-BR\",\"potentialAction\":[{\"@type\":\"ReadAction\",\"target\":[\"https:\\\/\\\/redenoticiaz.com.br\\\/ribeiraopreto-regiao\\\/sp\\\/2023\\\/02\\\/25\\\/descubra-seis-dicas-para-dar-aquela-desinchada-no-corpo\"]}]},{\"@type\":\"ImageObject\",\"inLanguage\":\"pt-BR\",\"@id\":\"https:\\\/\\\/redenoticiaz.com.br\\\/ribeiraopreto-regiao\\\/sp\\\/2023\\\/02\\\/25\\\/descubra-seis-dicas-para-dar-aquela-desinchada-no-corpo#primaryimage\",\"url\":\"https:\\\/\\\/redenoticiaz.com.br\\\/ribeiraopreto-regiao\\\/wp-content\\\/uploads\\\/sites\\\/4\\\/2023\\\/02\\\/pos-carnaval.jpg?v=1677023787\",\"contentUrl\":\"https:\\\/\\\/redenoticiaz.com.br\\\/ribeiraopreto-regiao\\\/wp-content\\\/uploads\\\/sites\\\/4\\\/2023\\\/02\\\/pos-carnaval.jpg?v=1677023787\",\"width\":705,\"height\":381,\"caption\":\"Cr\u00e9ditos: Divulga\u00e7\u00e3o\"},{\"@type\":\"WebSite\",\"@id\":\"https:\\\/\\\/redenoticiaz.com.br\\\/ribeiraopreto-regiao\\\/#website\",\"url\":\"https:\\\/\\\/redenoticiaz.com.br\\\/ribeiraopreto-regiao\\\/\",\"name\":\"Ribeir\u00e3o Preto e Regi\u00e3o\",\"description\":\"Rede NoticiaZ - Ribeir\u00e3o Preto e regi\u00e3o\",\"publisher\":{\"@id\":\"https:\\\/\\\/redenoticiaz.com.br\\\/ribeiraopreto-regiao\\\/#organization\"},\"potentialAction\":[{\"@type\":\"SearchAction\",\"target\":{\"@type\":\"EntryPoint\",\"urlTemplate\":\"https:\\\/\\\/redenoticiaz.com.br\\\/ribeiraopreto-regiao\\\/?s={search_term_string}\"},\"query-input\":{\"@type\":\"PropertyValueSpecification\",\"valueRequired\":true,\"valueName\":\"search_term_string\"}}],\"inLanguage\":\"pt-BR\"},{\"@type\":\"Organization\",\"@id\":\"https:\\\/\\\/redenoticiaz.com.br\\\/ribeiraopreto-regiao\\\/#organization\",\"name\":\"Ribeir\u00e3o Preto e Regi\u00e3o\",\"url\":\"https:\\\/\\\/redenoticiaz.com.br\\\/ribeiraopreto-regiao\\\/\",\"logo\":{\"@type\":\"ImageObject\",\"inLanguage\":\"pt-BR\",\"@id\":\"https:\\\/\\\/redenoticiaz.com.br\\\/ribeiraopreto-regiao\\\/#\\\/schema\\\/logo\\\/image\\\/\",\"url\":\"https:\\\/\\\/redenoticiaz.com.br\\\/barretos-regiao\\\/wp-content\\\/uploads\\\/sites\\\/4\\\/2022\\\/02\\\/logo.jpg\",\"contentUrl\":\"https:\\\/\\\/redenoticiaz.com.br\\\/barretos-regiao\\\/wp-content\\\/uploads\\\/sites\\\/4\\\/2022\\\/02\\\/logo.jpg\",\"width\":400,\"height\":250,\"caption\":\"Ribeir\u00e3o Preto e Regi\u00e3o\"},\"image\":{\"@id\":\"https:\\\/\\\/redenoticiaz.com.br\\\/ribeiraopreto-regiao\\\/#\\\/schema\\\/logo\\\/image\\\/\"},\"sameAs\":[\"https:\\\/\\\/m.facebook.com\\\/redenoticiaz.barretos\",\"https:\\\/\\\/x.com\\\/RN_barretos\",\"https:\\\/\\\/www.instagram.com\\\/redenoticiaz.barretos\\\/?igshid=YmMyMTA2M2Y\",\"https:\\\/\\\/www.linkedin.com\\\/company\\\/rede-noticiaz-barretos-e-regio\\\/\"]},{\"@type\":\"Person\",\"@id\":\"https:\\\/\\\/redenoticiaz.com.br\\\/ribeiraopreto-regiao\\\/#\\\/schema\\\/person\\\/0f0b8a5bdafefe82841e07ae8d81ecb3\",\"name\":\"Leonardo Francisco\",\"image\":{\"@type\":\"ImageObject\",\"inLanguage\":\"pt-BR\",\"@id\":\"https:\\\/\\\/secure.gravatar.com\\\/avatar\\\/a7358cb406a99b682ec6df1e77e31ae82e63601f6784e8a3df411d72b37864da?s=96&d=mm&r=g\",\"url\":\"https:\\\/\\\/secure.gravatar.com\\\/avatar\\\/a7358cb406a99b682ec6df1e77e31ae82e63601f6784e8a3df411d72b37864da?s=96&d=mm&r=g\",\"contentUrl\":\"https:\\\/\\\/secure.gravatar.com\\\/avatar\\\/a7358cb406a99b682ec6df1e77e31ae82e63601f6784e8a3df411d72b37864da?s=96&d=mm&r=g\",\"caption\":\"Leonardo Francisco\"},\"url\":\"https:\\\/\\\/redenoticiaz.com.br\\\/ribeiraopreto-regiao\\\/sp\\\/author\\\/leonardo-francisco\"}]}<\/script>\n<!-- \/ Yoast SEO plugin. -->","yoast_head_json":{"title":"Descubra seis dicas para dar aquela desinchada no corpo - Ribeir\u00e3o Preto e Regi\u00e3o","description":"Ningu\u00e9m quer aquelas chamas gordurinhas e a miss\u00e3o \u00e9 de dar uma desinchada no corpo. Felizmente tudo tem solu\u00e7\u00e3o e a doutora","robots":{"index":"index","follow":"follow","max-snippet":"max-snippet:-1","max-image-preview":"max-image-preview:large","max-video-preview":"max-video-preview:-1"},"canonical":"https:\/\/redenoticiaz.com.br\/ribeiraopreto-regiao\/sp\/2023\/02\/25\/descubra-seis-dicas-para-dar-aquela-desinchada-no-corpo","og_locale":"pt_BR","og_type":"article","og_title":"Descubra seis dicas para dar aquela desinchada no corpo - Ribeir\u00e3o Preto e Regi\u00e3o","og_description":"Ningu\u00e9m quer aquelas chamas gordurinhas e a miss\u00e3o \u00e9 de dar uma desinchada no corpo. Felizmente tudo tem solu\u00e7\u00e3o e a doutora","og_url":"https:\/\/redenoticiaz.com.br\/ribeiraopreto-regiao\/sp\/2023\/02\/25\/descubra-seis-dicas-para-dar-aquela-desinchada-no-corpo","og_site_name":"Ribeir\u00e3o Preto e Regi\u00e3o","article_publisher":"https:\/\/m.facebook.com\/redenoticiaz.barretos","article_published_time":"2023-02-25T20:00:06+00:00","og_image":[{"width":400,"height":250,"url":"https:\/\/redenoticiaz.com.br\/ribeiraopreto-regiao\/wp-content\/uploads\/sites\/4\/2022\/02\/logo.jpg","type":"image\/jpeg"}],"author":"Leonardo Francisco","twitter_card":"summary_large_image","twitter_creator":"@RN_barretos","twitter_site":"@RN_barretos","twitter_misc":{"Escrito por":"Leonardo Francisco","Est. tempo de leitura":"5 minutos"},"schema":{"@context":"https:\/\/schema.org","@graph":[{"@type":"Article","@id":"https:\/\/redenoticiaz.com.br\/ribeiraopreto-regiao\/sp\/2023\/02\/25\/descubra-seis-dicas-para-dar-aquela-desinchada-no-corpo#article","isPartOf":{"@id":"https:\/\/redenoticiaz.com.br\/ribeiraopreto-regiao\/sp\/2023\/02\/25\/descubra-seis-dicas-para-dar-aquela-desinchada-no-corpo"},"author":{"name":"Leonardo Francisco","@id":"https:\/\/redenoticiaz.com.br\/ribeiraopreto-regiao\/#\/schema\/person\/0f0b8a5bdafefe82841e07ae8d81ecb3"},"headline":"Descubra seis dicas para dar aquela desinchada no corpo","datePublished":"2023-02-25T20:00:06+00:00","mainEntityOfPage":{"@id":"https:\/\/redenoticiaz.com.br\/ribeiraopreto-regiao\/sp\/2023\/02\/25\/descubra-seis-dicas-para-dar-aquela-desinchada-no-corpo"},"wordCount":898,"commentCount":0,"publisher":{"@id":"https:\/\/redenoticiaz.com.br\/ribeiraopreto-regiao\/#organization"},"image":{"@id":"https:\/\/redenoticiaz.com.br\/ribeiraopreto-regiao\/sp\/2023\/02\/25\/descubra-seis-dicas-para-dar-aquela-desinchada-no-corpo#primaryimage"},"thumbnailUrl":"https:\/\/redenoticiaz.com.br\/ribeiraopreto-regiao\/wp-content\/uploads\/sites\/4\/2023\/02\/pos-carnaval.jpg?v=1677023787","keywords":["BEM ESTAR","CARNAVAL","CORPO INCHADO","DESINCHADA","TOXINAS"],"articleSection":["Sa\u00fade"],"inLanguage":"pt-BR","potentialAction":[{"@type":"CommentAction","name":"Comment","target":["https:\/\/redenoticiaz.com.br\/ribeiraopreto-regiao\/sp\/2023\/02\/25\/descubra-seis-dicas-para-dar-aquela-desinchada-no-corpo#respond"]}]},{"@type":"WebPage","@id":"https:\/\/redenoticiaz.com.br\/ribeiraopreto-regiao\/sp\/2023\/02\/25\/descubra-seis-dicas-para-dar-aquela-desinchada-no-corpo","url":"https:\/\/redenoticiaz.com.br\/ribeiraopreto-regiao\/sp\/2023\/02\/25\/descubra-seis-dicas-para-dar-aquela-desinchada-no-corpo","name":"Descubra seis dicas para dar aquela desinchada no corpo - Ribeir\u00e3o Preto e Regi\u00e3o","isPartOf":{"@id":"https:\/\/redenoticiaz.com.br\/ribeiraopreto-regiao\/#website"},"primaryImageOfPage":{"@id":"https:\/\/redenoticiaz.com.br\/ribeiraopreto-regiao\/sp\/2023\/02\/25\/descubra-seis-dicas-para-dar-aquela-desinchada-no-corpo#primaryimage"},"image":{"@id":"https:\/\/redenoticiaz.com.br\/ribeiraopreto-regiao\/sp\/2023\/02\/25\/descubra-seis-dicas-para-dar-aquela-desinchada-no-corpo#primaryimage"},"thumbnailUrl":"https:\/\/redenoticiaz.com.br\/ribeiraopreto-regiao\/wp-content\/uploads\/sites\/4\/2023\/02\/pos-carnaval.jpg?v=1677023787","datePublished":"2023-02-25T20:00:06+00:00","description":"Ningu\u00e9m quer aquelas chamas gordurinhas e a miss\u00e3o \u00e9 de dar uma desinchada no corpo. Felizmente tudo tem solu\u00e7\u00e3o e a doutora","inLanguage":"pt-BR","potentialAction":[{"@type":"ReadAction","target":["https:\/\/redenoticiaz.com.br\/ribeiraopreto-regiao\/sp\/2023\/02\/25\/descubra-seis-dicas-para-dar-aquela-desinchada-no-corpo"]}]},{"@type":"ImageObject","inLanguage":"pt-BR","@id":"https:\/\/redenoticiaz.com.br\/ribeiraopreto-regiao\/sp\/2023\/02\/25\/descubra-seis-dicas-para-dar-aquela-desinchada-no-corpo#primaryimage","url":"https:\/\/redenoticiaz.com.br\/ribeiraopreto-regiao\/wp-content\/uploads\/sites\/4\/2023\/02\/pos-carnaval.jpg?v=1677023787","contentUrl":"https:\/\/redenoticiaz.com.br\/ribeiraopreto-regiao\/wp-content\/uploads\/sites\/4\/2023\/02\/pos-carnaval.jpg?v=1677023787","width":705,"height":381,"caption":"Cr\u00e9ditos: Divulga\u00e7\u00e3o"},{"@type":"WebSite","@id":"https:\/\/redenoticiaz.com.br\/ribeiraopreto-regiao\/#website","url":"https:\/\/redenoticiaz.com.br\/ribeiraopreto-regiao\/","name":"Ribeir\u00e3o Preto e Regi\u00e3o","description":"Rede NoticiaZ - Ribeir\u00e3o Preto e regi\u00e3o","publisher":{"@id":"https:\/\/redenoticiaz.com.br\/ribeiraopreto-regiao\/#organization"},"potentialAction":[{"@type":"SearchAction","target":{"@type":"EntryPoint","urlTemplate":"https:\/\/redenoticiaz.com.br\/ribeiraopreto-regiao\/?s={search_term_string}"},"query-input":{"@type":"PropertyValueSpecification","valueRequired":true,"valueName":"search_term_string"}}],"inLanguage":"pt-BR"},{"@type":"Organization","@id":"https:\/\/redenoticiaz.com.br\/ribeiraopreto-regiao\/#organization","name":"Ribeir\u00e3o Preto e Regi\u00e3o","url":"https:\/\/redenoticiaz.com.br\/ribeiraopreto-regiao\/","logo":{"@type":"ImageObject","inLanguage":"pt-BR","@id":"https:\/\/redenoticiaz.com.br\/ribeiraopreto-regiao\/#\/schema\/logo\/image\/","url":"https:\/\/redenoticiaz.com.br\/barretos-regiao\/wp-content\/uploads\/sites\/4\/2022\/02\/logo.jpg","contentUrl":"https:\/\/redenoticiaz.com.br\/barretos-regiao\/wp-content\/uploads\/sites\/4\/2022\/02\/logo.jpg","width":400,"height":250,"caption":"Ribeir\u00e3o Preto e Regi\u00e3o"},"image":{"@id":"https:\/\/redenoticiaz.com.br\/ribeiraopreto-regiao\/#\/schema\/logo\/image\/"},"sameAs":["https:\/\/m.facebook.com\/redenoticiaz.barretos","https:\/\/x.com\/RN_barretos","https:\/\/www.instagram.com\/redenoticiaz.barretos\/?igshid=YmMyMTA2M2Y","https:\/\/www.linkedin.com\/company\/rede-noticiaz-barretos-e-regio\/"]},{"@type":"Person","@id":"https:\/\/redenoticiaz.com.br\/ribeiraopreto-regiao\/#\/schema\/person\/0f0b8a5bdafefe82841e07ae8d81ecb3","name":"Leonardo Francisco","image":{"@type":"ImageObject","inLanguage":"pt-BR","@id":"https:\/\/secure.gravatar.com\/avatar\/a7358cb406a99b682ec6df1e77e31ae82e63601f6784e8a3df411d72b37864da?s=96&d=mm&r=g","url":"https:\/\/secure.gravatar.com\/avatar\/a7358cb406a99b682ec6df1e77e31ae82e63601f6784e8a3df411d72b37864da?s=96&d=mm&r=g","contentUrl":"https:\/\/secure.gravatar.com\/avatar\/a7358cb406a99b682ec6df1e77e31ae82e63601f6784e8a3df411d72b37864da?s=96&d=mm&r=g","caption":"Leonardo Francisco"},"url":"https:\/\/redenoticiaz.com.br\/ribeiraopreto-regiao\/sp\/author\/leonardo-francisco"}]}},"_links":{"self":[{"href":"https:\/\/redenoticiaz.com.br\/ribeiraopreto-regiao\/wp-json\/wp\/v2\/posts\/100887","targetHints":{"allow":["GET"]}}],"collection":[{"href":"https:\/\/redenoticiaz.com.br\/ribeiraopreto-regiao\/wp-json\/wp\/v2\/posts"}],"about":[{"href":"https:\/\/redenoticiaz.com.br\/ribeiraopreto-regiao\/wp-json\/wp\/v2\/types\/post"}],"author":[{"embeddable":true,"href":"https:\/\/redenoticiaz.com.br\/ribeiraopreto-regiao\/wp-json\/wp\/v2\/users\/6"}],"replies":[{"embeddable":true,"href":"https:\/\/redenoticiaz.com.br\/ribeiraopreto-regiao\/wp-json\/wp\/v2\/comments?post=100887"}],"version-history":[{"count":1,"href":"https:\/\/redenoticiaz.com.br\/ribeiraopreto-regiao\/wp-json\/wp\/v2\/posts\/100887\/revisions"}],"predecessor-version":[{"id":100889,"href":"https:\/\/redenoticiaz.com.br\/ribeiraopreto-regiao\/wp-json\/wp\/v2\/posts\/100887\/revisions\/100889"}],"wp:featuredmedia":[{"embeddable":true,"href":"https:\/\/redenoticiaz.com.br\/ribeiraopreto-regiao\/wp-json\/wp\/v2\/media\/100888"}],"wp:attachment":[{"href":"https:\/\/redenoticiaz.com.br\/ribeiraopreto-regiao\/wp-json\/wp\/v2\/media?parent=100887"}],"wp:term":[{"taxonomy":"category","embeddable":true,"href":"https:\/\/redenoticiaz.com.br\/ribeiraopreto-regiao\/wp-json\/wp\/v2\/categories?post=100887"},{"taxonomy":"post_tag","embeddable":true,"href":"https:\/\/redenoticiaz.com.br\/ribeiraopreto-regiao\/wp-json\/wp\/v2\/tags?post=100887"}],"curies":[{"name":"wp","href":"https:\/\/api.w.org\/{rel}","templated":true}]}}