{"id":101261,"date":"2023-02-28T14:38:18","date_gmt":"2023-02-28T17:38:18","guid":{"rendered":"https:\/\/redenoticiaz.com.br\/barretos-regiao\/?p=101261"},"modified":"2023-02-28T14:38:19","modified_gmt":"2023-02-28T17:38:19","slug":"abertura-oficial-dos-120-anos-de-olimpia-resgata-a-historia-da-cidade-com-apresentacao-especial-dos-alunos-da-rede-municipal","status":"publish","type":"post","link":"https:\/\/redenoticiaz.com.br\/ribeiraopreto-regiao\/sp\/2023\/02\/28\/abertura-oficial-dos-120-anos-de-olimpia-resgata-a-historia-da-cidade-com-apresentacao-especial-dos-alunos-da-rede-municipal","title":{"rendered":"Abertura oficial dos 120 anos de Ol\u00edmpia resgata a hist\u00f3ria da cidade com apresenta\u00e7\u00e3o especial dos alunos da rede municipal"},"content":{"rendered":"<p class=\"v1MsoNormal\"><span style=\"font-family: arial, sans-serif\">O Coreto da Pra\u00e7a Rui Barbosa recebeu, a abertura oficial das comemora\u00e7\u00f5es dos 120 anos da Est\u00e2ncia Tur\u00edstica de Ol\u00edmpia. A a\u00e7\u00e3o, realizada pela Prefeitura, por meio da secretaria de Educa\u00e7\u00e3o, em parceria com a Associa\u00e7\u00e3o Ol\u00edmpia para Todos, apresentou o projeto Mem\u00f3ria Viva &#8220;Ol\u00edmpia 120 anos \u2013 Nossa Hist\u00f3ria, Nossa Gente&#8221;, resgatando mem\u00f3rias e conquistas da cidade menina mo\u00e7a, Capital Nacional do Folclore e terra das \u00e1guas quentes.<\/span><\/p>\n<p class=\"v1MsoNormal\"><span style=\"font-family: arial, sans-serif\">\u00a0<\/span><\/p>\n<p class=\"v1MsoNormal\"><span style=\"font-family: arial, sans-serif\">Com um espet\u00e1culo aberto a toda popula\u00e7\u00e3o e visitantes, a noite foi marcada por momentos de emo\u00e7\u00e3o e recorda\u00e7\u00e3o. No palco, os alunos da rede municipal de ensino apresentaram a hist\u00f3ria de Ol\u00edmpia, desde os \u00edndios e desbravadores, passando pelas fases de desenvolvimento para enaltecer sua cultura e crescimento. Um coral tamb\u00e9m formado por alunos da Educa\u00e7\u00e3o, entoou a m\u00fasica &#8220;Ol\u00edmpia Querida&#8221; de autoria do saudoso professor e compositor Wad\u00e3o Marques, para homenagear a cidade.<\/span><\/p>\n<p class=\"v1MsoNormal\"><span style=\"font-family: arial, sans-serif\">\u00a0<\/span><\/p>\n<p class=\"v1MsoNormal\"><span style=\"font-family: arial, sans-serif\">A apresenta\u00e7\u00e3o teve supervis\u00e3o geral da secret\u00e1ria de Educa\u00e7\u00e3o, Maria Cl\u00e1udia Padilha, com coordena\u00e7\u00e3o art\u00edstica do professor Tiago Louzada e coreografia do educador Alan Saviolo, com apoio da equipe gestora da secretaria municipal, al\u00e9m de\u00a0professores e funcion\u00e1rios das escolas municipais.<\/span><\/p>\n<p class=\"v1MsoNormal\"><span style=\"font-family: arial, sans-serif\">\u00a0<\/span><\/p>\n<p class=\"v1MsoNormal\"><span style=\"font-family: arial, sans-serif\">Ainda na cerim\u00f4nia que marcou a abertura da Semana de Comemora\u00e7\u00f5es, o projeto Mem\u00f3ria Viva homenageou a olimpiense Zuleica Carneiro Zangerolami, personalidade importante da hist\u00f3ria de Ol\u00edmpia, que foi primeira-dama da cidade e se destacou por seu trabalho social e voltado para a educa\u00e7\u00e3o com a constru\u00e7\u00e3o de diversas creches municipais. A homenagem foi proposta pela Associa\u00e7\u00e3o Ol\u00edmpia para Todos, com o evento idealizado por sua integrante, Myllene Gon\u00e7alves.<\/span><\/p>\n<p class=\"v1MsoNormal\"><span style=\"font-family: arial, sans-serif\">\u00a0<\/span><\/p>\n<p class=\"v1MsoNormal\"><span style=\"font-family: arial, sans-serif\">Dona Zuleica, uma apaixonada pelo escritor Monteiro Lobato, foi a respons\u00e1vel pela iniciativa de nomear as creches do munic\u00edpio com os nomes dos personagens do S\u00edtio do Pica Pau Amarelo, um dos maiores cl\u00e1ssicos da literatura infantil. No ato, a homenageada muito emocionada e acompanhada de familiares e amigos, agradeceu a refer\u00eancia e o reconhecimento de seu legado, dizendo se sentir orgulhosa por ter cumprido sua miss\u00e3o de primeira-dama com sucesso.<\/span><\/p>\n<p class=\"v1MsoNormal\"><span style=\"font-family: arial, sans-serif\">\u00a0<\/span><\/p>\n<p class=\"v1MsoNormal\"><span style=\"font-family: arial, sans-serif\">Os m\u00fasicos olimpienses S\u00e9rgio e Sandro, acompanhados da professora e cantora Edneia Marques da Silva Pinto e do pianista Danilo Machado de Souza, tamb\u00e9m participaram da cerim\u00f4nia entoando o Hino a Ol\u00edmpia e o Hino Nacional Brasileiro. A apresenta\u00e7\u00e3o teve tradu\u00e7\u00e3o em libras, com a professora Danila Salmazo e a exibi\u00e7\u00e3o de um v\u00eddeo titulado &#8220;Ol\u00edmpia 120 anos&#8221;, com parte da popula\u00e7\u00e3o olimpiense e de momentos desta hist\u00f3ria de sucesso, escrita h\u00e1 mais de um s\u00e9culo. Vereadores, secret\u00e1rios municipais e sociedade civil prestigiaram do evento.<\/span><\/p>\n<p class=\"v1MsoNormal\"><span style=\"font-family: arial, sans-serif\">\u00a0<\/span><\/p>\n<h3 class=\"v1MsoNormal\"><span style=\"font-family: arial, sans-serif\">SEMANA DE COMEMORA\u00c7\u00d5ES<\/span><\/h3>\n<p class=\"v1MsoNormal\"><span style=\"font-family: arial, sans-serif\">As comemora\u00e7\u00f5es oficiais continuam durante toda semana. Na ter\u00e7a-feira (28), o dia ser\u00e1 marcado por uma programa\u00e7\u00e3o cultural com a abertura de duas novas exposi\u00e7\u00f5es,\u00a0\u00e0s 17 horas, na Pinacoteca, localizada na Casa da Cultura, com a\u00a0mostra &#8220;Ol\u00edmpia 120 anos&#8221;\u00a0e, em seguida, \u00e0s 18h30, com a exposi\u00e7\u00e3o fotogr\u00e1fica &#8220;O que vem de dentro&#8221;, no Museu de Arte Sacra e Diversidade Religiosa. Na quarta-feira (01), ser\u00e1 a vez da inaugura\u00e7\u00e3o da Nova Creche do Jardim Maranata, \u00e0s 11h.<\/span><\/p>\n<p class=\"v1MsoNormal\"><span style=\"font-family: arial, sans-serif\"><br \/>\nA grande atra\u00e7\u00e3o da Semana de Comemora\u00e7\u00f5es ser\u00e1 o\u00a0show com o cantor Leonardo, na noite da quarta-feira (01), no\u00a0Recinto do Folclore, a partir das 21 horas, com entrada solid\u00e1ria. Por fim, a programa\u00e7\u00e3o ser\u00e1 encerrada, na quinta-feira (02), dia do anivers\u00e1rio, com a celebra\u00e7\u00e3o de uma missa em a\u00e7\u00e3o de gra\u00e7as aos 120 anos de Ol\u00edmpia e \u00e0 abertura do ano letivo, \u00e0s 19h, na Igreja Matriz de S\u00e3o Jo\u00e3o Batista. Toda popula\u00e7\u00e3o est\u00e1 convidada a participar das atividades gratuitas.<\/span><\/p>\n<p>VEJA TAMB\u00c9M:\u00a0<a href=\"https:\/\/redenoticiaz.com.br\/barretos-regiao\/sp\/2023\/02\/24\/troca-de-convites-para-o-show-de-aniversario-de-olimpia-com-o-cantor-leonardo-tera-arrecadacao-destinada-as-familias-de-sao-sebastiao\">Troca de convites para o show de anivers\u00e1rio de Ol\u00edmpia com o cantor Leonardo ter\u00e1 arrecada\u00e7\u00e3o destinada \u00e0s fam\u00edlias de S\u00e3o Sebasti\u00e3o<\/a><\/p>\n","protected":false},"excerpt":{"rendered":"<p>O Coreto da Pra\u00e7a Rui Barbosa recebeu, a abertura oficial das comemora\u00e7\u00f5es dos 120 anos da Est\u00e2ncia Tur\u00edstica de Ol\u00edmpia. A a\u00e7\u00e3o, realizada pela Prefeitura, por meio da secretaria de Educa\u00e7\u00e3o, em parceria com a Associa\u00e7\u00e3o Ol\u00edmpia para Todos, apresentou o projeto Mem\u00f3ria Viva &#8220;Ol\u00edmpia 120 anos \u2013 Nossa Hist\u00f3ria, Nossa Gente&#8221;, resgatando mem\u00f3rias e &hellip;<\/p>\n","protected":false},"author":15,"featured_media":101262,"comment_status":"open","ping_status":"closed","sticky":false,"template":"","format":"standard","meta":{"footnotes":""},"categories":[469,815,134,330],"tags":[25303,24382,814,25304,664],"class_list":["post-101261","post","type-post","status-publish","format-standard","has-post-thumbnail","hentry","category-cultura","category-cultura-e-musica","category-entretenimento","category-turismo","tag-120-anos","tag-cantor-leonardo","tag-olimpia","tag-sergio-sandro","tag-show"],"yoast_head":"<!-- This site is optimized with the Yoast SEO plugin v27.5 - https:\/\/yoast.com\/product\/yoast-seo-wordpress\/ -->\n<title>Abertura oficial dos 120 anos de Ol\u00edmpia resgata a hist\u00f3ria da cidade com apresenta\u00e7\u00e3o especial dos alunos da rede municipal - Ribeir\u00e3o Preto e Regi\u00e3o<\/title>\n<meta name=\"description\" content=\"O Coreto da Pra\u00e7a Rui Barbosa recebeu, a abertura oficial das comemora\u00e7\u00f5es dos 120 anos da Est\u00e2ncia Tur\u00edstica de Ol\u00edmpia.\" \/>\n<meta name=\"robots\" content=\"index, follow, max-snippet:-1, max-image-preview:large, max-video-preview:-1\" \/>\n<link rel=\"canonical\" href=\"https:\/\/redenoticiaz.com.br\/ribeiraopreto-regiao\/sp\/2023\/02\/28\/abertura-oficial-dos-120-anos-de-olimpia-resgata-a-historia-da-cidade-com-apresentacao-especial-dos-alunos-da-rede-municipal\" \/>\n<meta property=\"og:locale\" content=\"pt_BR\" \/>\n<meta property=\"og:type\" content=\"article\" \/>\n<meta property=\"og:title\" content=\"Abertura oficial dos 120 anos de Ol\u00edmpia resgata a hist\u00f3ria da cidade com apresenta\u00e7\u00e3o especial dos alunos da rede municipal - Ribeir\u00e3o Preto e Regi\u00e3o\" \/>\n<meta property=\"og:description\" content=\"O Coreto da Pra\u00e7a Rui Barbosa recebeu, a abertura oficial das comemora\u00e7\u00f5es dos 120 anos da Est\u00e2ncia Tur\u00edstica de Ol\u00edmpia.\" \/>\n<meta property=\"og:url\" content=\"https:\/\/redenoticiaz.com.br\/ribeiraopreto-regiao\/sp\/2023\/02\/28\/abertura-oficial-dos-120-anos-de-olimpia-resgata-a-historia-da-cidade-com-apresentacao-especial-dos-alunos-da-rede-municipal\" \/>\n<meta property=\"og:site_name\" content=\"Ribeir\u00e3o Preto e Regi\u00e3o\" \/>\n<meta property=\"article:publisher\" content=\"https:\/\/m.facebook.com\/redenoticiaz.barretos\" \/>\n<meta property=\"article:published_time\" content=\"2023-02-28T17:38:18+00:00\" \/>\n<meta property=\"article:modified_time\" content=\"2023-02-28T17:38:19+00:00\" \/>\n<meta property=\"og:image\" content=\"https:\/\/redenoticiaz.com.br\/ribeiraopreto-regiao\/wp-content\/uploads\/sites\/4\/2023\/02\/Olimpia-120-anos-Memoria-Viva-e-Apresentacao-Educacao-2.jpg\" \/>\n\t<meta property=\"og:image:width\" content=\"1032\" \/>\n\t<meta property=\"og:image:height\" content=\"580\" \/>\n\t<meta property=\"og:image:type\" content=\"image\/jpeg\" \/>\n<meta name=\"twitter:card\" content=\"summary_large_image\" \/>\n<meta name=\"twitter:creator\" content=\"@RN_barretos\" \/>\n<meta name=\"twitter:site\" content=\"@RN_barretos\" \/>\n<meta name=\"twitter:label1\" content=\"Escrito por\" \/>\n\t<meta name=\"twitter:data1\" content=\"\" \/>\n\t<meta name=\"twitter:label2\" content=\"Est. tempo de leitura\" \/>\n\t<meta name=\"twitter:data2\" content=\"4 minutos\" \/>\n<script type=\"application\/ld+json\" class=\"yoast-schema-graph\">{\"@context\":\"https:\\\/\\\/schema.org\",\"@graph\":[{\"@type\":\"Article\",\"@id\":\"https:\\\/\\\/redenoticiaz.com.br\\\/ribeiraopreto-regiao\\\/sp\\\/2023\\\/02\\\/28\\\/abertura-oficial-dos-120-anos-de-olimpia-resgata-a-historia-da-cidade-com-apresentacao-especial-dos-alunos-da-rede-municipal#article\",\"isPartOf\":{\"@id\":\"https:\\\/\\\/redenoticiaz.com.br\\\/ribeiraopreto-regiao\\\/sp\\\/2023\\\/02\\\/28\\\/abertura-oficial-dos-120-anos-de-olimpia-resgata-a-historia-da-cidade-com-apresentacao-especial-dos-alunos-da-rede-municipal\"},\"author\":{\"name\":\"\",\"@id\":\"\"},\"headline\":\"Abertura oficial dos 120 anos de Ol\u00edmpia resgata a hist\u00f3ria da cidade com apresenta\u00e7\u00e3o especial dos alunos da rede municipal\",\"datePublished\":\"2023-02-28T17:38:18+00:00\",\"dateModified\":\"2023-02-28T17:38:19+00:00\",\"mainEntityOfPage\":{\"@id\":\"https:\\\/\\\/redenoticiaz.com.br\\\/ribeiraopreto-regiao\\\/sp\\\/2023\\\/02\\\/28\\\/abertura-oficial-dos-120-anos-de-olimpia-resgata-a-historia-da-cidade-com-apresentacao-especial-dos-alunos-da-rede-municipal\"},\"wordCount\":699,\"commentCount\":0,\"publisher\":{\"@id\":\"https:\\\/\\\/redenoticiaz.com.br\\\/ribeiraopreto-regiao\\\/#organization\"},\"image\":{\"@id\":\"https:\\\/\\\/redenoticiaz.com.br\\\/ribeiraopreto-regiao\\\/sp\\\/2023\\\/02\\\/28\\\/abertura-oficial-dos-120-anos-de-olimpia-resgata-a-historia-da-cidade-com-apresentacao-especial-dos-alunos-da-rede-municipal#primaryimage\"},\"thumbnailUrl\":\"https:\\\/\\\/redenoticiaz.com.br\\\/ribeiraopreto-regiao\\\/wp-content\\\/uploads\\\/sites\\\/4\\\/2023\\\/02\\\/Olimpia-120-anos-Memoria-Viva-e-Apresentacao-Educacao-2.jpg\",\"keywords\":[\"120 anos\",\"Cantor Leonardo\",\"OLIMP\u00cdA\",\"S\u00e9rgio Sandro\",\"SHOW\"],\"articleSection\":[\"Cultura\",\"Cultura e M\u00fasica\",\"Entretenimento\",\"Turismo\"],\"inLanguage\":\"pt-BR\",\"potentialAction\":[{\"@type\":\"CommentAction\",\"name\":\"Comment\",\"target\":[\"https:\\\/\\\/redenoticiaz.com.br\\\/ribeiraopreto-regiao\\\/sp\\\/2023\\\/02\\\/28\\\/abertura-oficial-dos-120-anos-de-olimpia-resgata-a-historia-da-cidade-com-apresentacao-especial-dos-alunos-da-rede-municipal#respond\"]}]},{\"@type\":\"WebPage\",\"@id\":\"https:\\\/\\\/redenoticiaz.com.br\\\/ribeiraopreto-regiao\\\/sp\\\/2023\\\/02\\\/28\\\/abertura-oficial-dos-120-anos-de-olimpia-resgata-a-historia-da-cidade-com-apresentacao-especial-dos-alunos-da-rede-municipal\",\"url\":\"https:\\\/\\\/redenoticiaz.com.br\\\/ribeiraopreto-regiao\\\/sp\\\/2023\\\/02\\\/28\\\/abertura-oficial-dos-120-anos-de-olimpia-resgata-a-historia-da-cidade-com-apresentacao-especial-dos-alunos-da-rede-municipal\",\"name\":\"Abertura oficial dos 120 anos de Ol\u00edmpia resgata a hist\u00f3ria da cidade com apresenta\u00e7\u00e3o especial dos alunos da rede municipal - Ribeir\u00e3o Preto e Regi\u00e3o\",\"isPartOf\":{\"@id\":\"https:\\\/\\\/redenoticiaz.com.br\\\/ribeiraopreto-regiao\\\/#website\"},\"primaryImageOfPage\":{\"@id\":\"https:\\\/\\\/redenoticiaz.com.br\\\/ribeiraopreto-regiao\\\/sp\\\/2023\\\/02\\\/28\\\/abertura-oficial-dos-120-anos-de-olimpia-resgata-a-historia-da-cidade-com-apresentacao-especial-dos-alunos-da-rede-municipal#primaryimage\"},\"image\":{\"@id\":\"https:\\\/\\\/redenoticiaz.com.br\\\/ribeiraopreto-regiao\\\/sp\\\/2023\\\/02\\\/28\\\/abertura-oficial-dos-120-anos-de-olimpia-resgata-a-historia-da-cidade-com-apresentacao-especial-dos-alunos-da-rede-municipal#primaryimage\"},\"thumbnailUrl\":\"https:\\\/\\\/redenoticiaz.com.br\\\/ribeiraopreto-regiao\\\/wp-content\\\/uploads\\\/sites\\\/4\\\/2023\\\/02\\\/Olimpia-120-anos-Memoria-Viva-e-Apresentacao-Educacao-2.jpg\",\"datePublished\":\"2023-02-28T17:38:18+00:00\",\"dateModified\":\"2023-02-28T17:38:19+00:00\",\"description\":\"O Coreto da Pra\u00e7a Rui Barbosa recebeu, a abertura oficial das comemora\u00e7\u00f5es dos 120 anos da Est\u00e2ncia Tur\u00edstica de Ol\u00edmpia.\",\"inLanguage\":\"pt-BR\",\"potentialAction\":[{\"@type\":\"ReadAction\",\"target\":[\"https:\\\/\\\/redenoticiaz.com.br\\\/ribeiraopreto-regiao\\\/sp\\\/2023\\\/02\\\/28\\\/abertura-oficial-dos-120-anos-de-olimpia-resgata-a-historia-da-cidade-com-apresentacao-especial-dos-alunos-da-rede-municipal\"]}]},{\"@type\":\"ImageObject\",\"inLanguage\":\"pt-BR\",\"@id\":\"https:\\\/\\\/redenoticiaz.com.br\\\/ribeiraopreto-regiao\\\/sp\\\/2023\\\/02\\\/28\\\/abertura-oficial-dos-120-anos-de-olimpia-resgata-a-historia-da-cidade-com-apresentacao-especial-dos-alunos-da-rede-municipal#primaryimage\",\"url\":\"https:\\\/\\\/redenoticiaz.com.br\\\/ribeiraopreto-regiao\\\/wp-content\\\/uploads\\\/sites\\\/4\\\/2023\\\/02\\\/Olimpia-120-anos-Memoria-Viva-e-Apresentacao-Educacao-2.jpg\",\"contentUrl\":\"https:\\\/\\\/redenoticiaz.com.br\\\/ribeiraopreto-regiao\\\/wp-content\\\/uploads\\\/sites\\\/4\\\/2023\\\/02\\\/Olimpia-120-anos-Memoria-Viva-e-Apresentacao-Educacao-2.jpg\",\"width\":1032,\"height\":580,\"caption\":\"Cr\u00e9dito: Divulga\u00e7\u00e3o\"},{\"@type\":\"WebSite\",\"@id\":\"https:\\\/\\\/redenoticiaz.com.br\\\/ribeiraopreto-regiao\\\/#website\",\"url\":\"https:\\\/\\\/redenoticiaz.com.br\\\/ribeiraopreto-regiao\\\/\",\"name\":\"Ribeir\u00e3o Preto e Regi\u00e3o\",\"description\":\"Rede NoticiaZ - Ribeir\u00e3o Preto e regi\u00e3o\",\"publisher\":{\"@id\":\"https:\\\/\\\/redenoticiaz.com.br\\\/ribeiraopreto-regiao\\\/#organization\"},\"potentialAction\":[{\"@type\":\"SearchAction\",\"target\":{\"@type\":\"EntryPoint\",\"urlTemplate\":\"https:\\\/\\\/redenoticiaz.com.br\\\/ribeiraopreto-regiao\\\/?s={search_term_string}\"},\"query-input\":{\"@type\":\"PropertyValueSpecification\",\"valueRequired\":true,\"valueName\":\"search_term_string\"}}],\"inLanguage\":\"pt-BR\"},{\"@type\":\"Organization\",\"@id\":\"https:\\\/\\\/redenoticiaz.com.br\\\/ribeiraopreto-regiao\\\/#organization\",\"name\":\"Ribeir\u00e3o Preto e Regi\u00e3o\",\"url\":\"https:\\\/\\\/redenoticiaz.com.br\\\/ribeiraopreto-regiao\\\/\",\"logo\":{\"@type\":\"ImageObject\",\"inLanguage\":\"pt-BR\",\"@id\":\"https:\\\/\\\/redenoticiaz.com.br\\\/ribeiraopreto-regiao\\\/#\\\/schema\\\/logo\\\/image\\\/\",\"url\":\"https:\\\/\\\/redenoticiaz.com.br\\\/barretos-regiao\\\/wp-content\\\/uploads\\\/sites\\\/4\\\/2022\\\/02\\\/logo.jpg\",\"contentUrl\":\"https:\\\/\\\/redenoticiaz.com.br\\\/barretos-regiao\\\/wp-content\\\/uploads\\\/sites\\\/4\\\/2022\\\/02\\\/logo.jpg\",\"width\":400,\"height\":250,\"caption\":\"Ribeir\u00e3o Preto e Regi\u00e3o\"},\"image\":{\"@id\":\"https:\\\/\\\/redenoticiaz.com.br\\\/ribeiraopreto-regiao\\\/#\\\/schema\\\/logo\\\/image\\\/\"},\"sameAs\":[\"https:\\\/\\\/m.facebook.com\\\/redenoticiaz.barretos\",\"https:\\\/\\\/x.com\\\/RN_barretos\",\"https:\\\/\\\/www.instagram.com\\\/redenoticiaz.barretos\\\/?igshid=YmMyMTA2M2Y\",\"https:\\\/\\\/www.linkedin.com\\\/company\\\/rede-noticiaz-barretos-e-regio\\\/\"]},{\"@type\":\"Person\",\"@id\":\"\",\"url\":\"https:\\\/\\\/redenoticiaz.com.br\\\/ribeiraopreto-regiao\\\/sp\\\/author\"}]}<\/script>\n<!-- \/ Yoast SEO plugin. -->","yoast_head_json":{"title":"Abertura oficial dos 120 anos de Ol\u00edmpia resgata a hist\u00f3ria da cidade com apresenta\u00e7\u00e3o especial dos alunos da rede municipal - Ribeir\u00e3o Preto e Regi\u00e3o","description":"O Coreto da Pra\u00e7a Rui Barbosa recebeu, a abertura oficial das comemora\u00e7\u00f5es dos 120 anos da Est\u00e2ncia Tur\u00edstica de Ol\u00edmpia.","robots":{"index":"index","follow":"follow","max-snippet":"max-snippet:-1","max-image-preview":"max-image-preview:large","max-video-preview":"max-video-preview:-1"},"canonical":"https:\/\/redenoticiaz.com.br\/ribeiraopreto-regiao\/sp\/2023\/02\/28\/abertura-oficial-dos-120-anos-de-olimpia-resgata-a-historia-da-cidade-com-apresentacao-especial-dos-alunos-da-rede-municipal","og_locale":"pt_BR","og_type":"article","og_title":"Abertura oficial dos 120 anos de Ol\u00edmpia resgata a hist\u00f3ria da cidade com apresenta\u00e7\u00e3o especial dos alunos da rede municipal - Ribeir\u00e3o Preto e Regi\u00e3o","og_description":"O Coreto da Pra\u00e7a Rui Barbosa recebeu, a abertura oficial das comemora\u00e7\u00f5es dos 120 anos da Est\u00e2ncia Tur\u00edstica de Ol\u00edmpia.","og_url":"https:\/\/redenoticiaz.com.br\/ribeiraopreto-regiao\/sp\/2023\/02\/28\/abertura-oficial-dos-120-anos-de-olimpia-resgata-a-historia-da-cidade-com-apresentacao-especial-dos-alunos-da-rede-municipal","og_site_name":"Ribeir\u00e3o Preto e Regi\u00e3o","article_publisher":"https:\/\/m.facebook.com\/redenoticiaz.barretos","article_published_time":"2023-02-28T17:38:18+00:00","article_modified_time":"2023-02-28T17:38:19+00:00","og_image":[{"width":1032,"height":580,"url":"https:\/\/redenoticiaz.com.br\/ribeiraopreto-regiao\/wp-content\/uploads\/sites\/4\/2023\/02\/Olimpia-120-anos-Memoria-Viva-e-Apresentacao-Educacao-2.jpg","type":"image\/jpeg"}],"twitter_card":"summary_large_image","twitter_creator":"@RN_barretos","twitter_site":"@RN_barretos","twitter_misc":{"Escrito por":"","Est. tempo de leitura":"4 minutos"},"schema":{"@context":"https:\/\/schema.org","@graph":[{"@type":"Article","@id":"https:\/\/redenoticiaz.com.br\/ribeiraopreto-regiao\/sp\/2023\/02\/28\/abertura-oficial-dos-120-anos-de-olimpia-resgata-a-historia-da-cidade-com-apresentacao-especial-dos-alunos-da-rede-municipal#article","isPartOf":{"@id":"https:\/\/redenoticiaz.com.br\/ribeiraopreto-regiao\/sp\/2023\/02\/28\/abertura-oficial-dos-120-anos-de-olimpia-resgata-a-historia-da-cidade-com-apresentacao-especial-dos-alunos-da-rede-municipal"},"author":{"name":"","@id":""},"headline":"Abertura oficial dos 120 anos de Ol\u00edmpia resgata a hist\u00f3ria da cidade com apresenta\u00e7\u00e3o especial dos alunos da rede municipal","datePublished":"2023-02-28T17:38:18+00:00","dateModified":"2023-02-28T17:38:19+00:00","mainEntityOfPage":{"@id":"https:\/\/redenoticiaz.com.br\/ribeiraopreto-regiao\/sp\/2023\/02\/28\/abertura-oficial-dos-120-anos-de-olimpia-resgata-a-historia-da-cidade-com-apresentacao-especial-dos-alunos-da-rede-municipal"},"wordCount":699,"commentCount":0,"publisher":{"@id":"https:\/\/redenoticiaz.com.br\/ribeiraopreto-regiao\/#organization"},"image":{"@id":"https:\/\/redenoticiaz.com.br\/ribeiraopreto-regiao\/sp\/2023\/02\/28\/abertura-oficial-dos-120-anos-de-olimpia-resgata-a-historia-da-cidade-com-apresentacao-especial-dos-alunos-da-rede-municipal#primaryimage"},"thumbnailUrl":"https:\/\/redenoticiaz.com.br\/ribeiraopreto-regiao\/wp-content\/uploads\/sites\/4\/2023\/02\/Olimpia-120-anos-Memoria-Viva-e-Apresentacao-Educacao-2.jpg","keywords":["120 anos","Cantor Leonardo","OLIMP\u00cdA","S\u00e9rgio Sandro","SHOW"],"articleSection":["Cultura","Cultura e M\u00fasica","Entretenimento","Turismo"],"inLanguage":"pt-BR","potentialAction":[{"@type":"CommentAction","name":"Comment","target":["https:\/\/redenoticiaz.com.br\/ribeiraopreto-regiao\/sp\/2023\/02\/28\/abertura-oficial-dos-120-anos-de-olimpia-resgata-a-historia-da-cidade-com-apresentacao-especial-dos-alunos-da-rede-municipal#respond"]}]},{"@type":"WebPage","@id":"https:\/\/redenoticiaz.com.br\/ribeiraopreto-regiao\/sp\/2023\/02\/28\/abertura-oficial-dos-120-anos-de-olimpia-resgata-a-historia-da-cidade-com-apresentacao-especial-dos-alunos-da-rede-municipal","url":"https:\/\/redenoticiaz.com.br\/ribeiraopreto-regiao\/sp\/2023\/02\/28\/abertura-oficial-dos-120-anos-de-olimpia-resgata-a-historia-da-cidade-com-apresentacao-especial-dos-alunos-da-rede-municipal","name":"Abertura oficial dos 120 anos de Ol\u00edmpia resgata a hist\u00f3ria da cidade com apresenta\u00e7\u00e3o especial dos alunos da rede municipal - Ribeir\u00e3o Preto e Regi\u00e3o","isPartOf":{"@id":"https:\/\/redenoticiaz.com.br\/ribeiraopreto-regiao\/#website"},"primaryImageOfPage":{"@id":"https:\/\/redenoticiaz.com.br\/ribeiraopreto-regiao\/sp\/2023\/02\/28\/abertura-oficial-dos-120-anos-de-olimpia-resgata-a-historia-da-cidade-com-apresentacao-especial-dos-alunos-da-rede-municipal#primaryimage"},"image":{"@id":"https:\/\/redenoticiaz.com.br\/ribeiraopreto-regiao\/sp\/2023\/02\/28\/abertura-oficial-dos-120-anos-de-olimpia-resgata-a-historia-da-cidade-com-apresentacao-especial-dos-alunos-da-rede-municipal#primaryimage"},"thumbnailUrl":"https:\/\/redenoticiaz.com.br\/ribeiraopreto-regiao\/wp-content\/uploads\/sites\/4\/2023\/02\/Olimpia-120-anos-Memoria-Viva-e-Apresentacao-Educacao-2.jpg","datePublished":"2023-02-28T17:38:18+00:00","dateModified":"2023-02-28T17:38:19+00:00","description":"O Coreto da Pra\u00e7a Rui Barbosa recebeu, a abertura oficial das comemora\u00e7\u00f5es dos 120 anos da Est\u00e2ncia Tur\u00edstica de Ol\u00edmpia.","inLanguage":"pt-BR","potentialAction":[{"@type":"ReadAction","target":["https:\/\/redenoticiaz.com.br\/ribeiraopreto-regiao\/sp\/2023\/02\/28\/abertura-oficial-dos-120-anos-de-olimpia-resgata-a-historia-da-cidade-com-apresentacao-especial-dos-alunos-da-rede-municipal"]}]},{"@type":"ImageObject","inLanguage":"pt-BR","@id":"https:\/\/redenoticiaz.com.br\/ribeiraopreto-regiao\/sp\/2023\/02\/28\/abertura-oficial-dos-120-anos-de-olimpia-resgata-a-historia-da-cidade-com-apresentacao-especial-dos-alunos-da-rede-municipal#primaryimage","url":"https:\/\/redenoticiaz.com.br\/ribeiraopreto-regiao\/wp-content\/uploads\/sites\/4\/2023\/02\/Olimpia-120-anos-Memoria-Viva-e-Apresentacao-Educacao-2.jpg","contentUrl":"https:\/\/redenoticiaz.com.br\/ribeiraopreto-regiao\/wp-content\/uploads\/sites\/4\/2023\/02\/Olimpia-120-anos-Memoria-Viva-e-Apresentacao-Educacao-2.jpg","width":1032,"height":580,"caption":"Cr\u00e9dito: Divulga\u00e7\u00e3o"},{"@type":"WebSite","@id":"https:\/\/redenoticiaz.com.br\/ribeiraopreto-regiao\/#website","url":"https:\/\/redenoticiaz.com.br\/ribeiraopreto-regiao\/","name":"Ribeir\u00e3o Preto e Regi\u00e3o","description":"Rede NoticiaZ - Ribeir\u00e3o Preto e regi\u00e3o","publisher":{"@id":"https:\/\/redenoticiaz.com.br\/ribeiraopreto-regiao\/#organization"},"potentialAction":[{"@type":"SearchAction","target":{"@type":"EntryPoint","urlTemplate":"https:\/\/redenoticiaz.com.br\/ribeiraopreto-regiao\/?s={search_term_string}"},"query-input":{"@type":"PropertyValueSpecification","valueRequired":true,"valueName":"search_term_string"}}],"inLanguage":"pt-BR"},{"@type":"Organization","@id":"https:\/\/redenoticiaz.com.br\/ribeiraopreto-regiao\/#organization","name":"Ribeir\u00e3o Preto e Regi\u00e3o","url":"https:\/\/redenoticiaz.com.br\/ribeiraopreto-regiao\/","logo":{"@type":"ImageObject","inLanguage":"pt-BR","@id":"https:\/\/redenoticiaz.com.br\/ribeiraopreto-regiao\/#\/schema\/logo\/image\/","url":"https:\/\/redenoticiaz.com.br\/barretos-regiao\/wp-content\/uploads\/sites\/4\/2022\/02\/logo.jpg","contentUrl":"https:\/\/redenoticiaz.com.br\/barretos-regiao\/wp-content\/uploads\/sites\/4\/2022\/02\/logo.jpg","width":400,"height":250,"caption":"Ribeir\u00e3o Preto e Regi\u00e3o"},"image":{"@id":"https:\/\/redenoticiaz.com.br\/ribeiraopreto-regiao\/#\/schema\/logo\/image\/"},"sameAs":["https:\/\/m.facebook.com\/redenoticiaz.barretos","https:\/\/x.com\/RN_barretos","https:\/\/www.instagram.com\/redenoticiaz.barretos\/?igshid=YmMyMTA2M2Y","https:\/\/www.linkedin.com\/company\/rede-noticiaz-barretos-e-regio\/"]},{"@type":"Person","@id":"","url":"https:\/\/redenoticiaz.com.br\/ribeiraopreto-regiao\/sp\/author"}]}},"_links":{"self":[{"href":"https:\/\/redenoticiaz.com.br\/ribeiraopreto-regiao\/wp-json\/wp\/v2\/posts\/101261","targetHints":{"allow":["GET"]}}],"collection":[{"href":"https:\/\/redenoticiaz.com.br\/ribeiraopreto-regiao\/wp-json\/wp\/v2\/posts"}],"about":[{"href":"https:\/\/redenoticiaz.com.br\/ribeiraopreto-regiao\/wp-json\/wp\/v2\/types\/post"}],"author":[{"embeddable":true,"href":"https:\/\/redenoticiaz.com.br\/ribeiraopreto-regiao\/wp-json\/wp\/v2\/users\/15"}],"replies":[{"embeddable":true,"href":"https:\/\/redenoticiaz.com.br\/ribeiraopreto-regiao\/wp-json\/wp\/v2\/comments?post=101261"}],"version-history":[{"count":1,"href":"https:\/\/redenoticiaz.com.br\/ribeiraopreto-regiao\/wp-json\/wp\/v2\/posts\/101261\/revisions"}],"predecessor-version":[{"id":101263,"href":"https:\/\/redenoticiaz.com.br\/ribeiraopreto-regiao\/wp-json\/wp\/v2\/posts\/101261\/revisions\/101263"}],"wp:featuredmedia":[{"embeddable":true,"href":"https:\/\/redenoticiaz.com.br\/ribeiraopreto-regiao\/wp-json\/wp\/v2\/media\/101262"}],"wp:attachment":[{"href":"https:\/\/redenoticiaz.com.br\/ribeiraopreto-regiao\/wp-json\/wp\/v2\/media?parent=101261"}],"wp:term":[{"taxonomy":"category","embeddable":true,"href":"https:\/\/redenoticiaz.com.br\/ribeiraopreto-regiao\/wp-json\/wp\/v2\/categories?post=101261"},{"taxonomy":"post_tag","embeddable":true,"href":"https:\/\/redenoticiaz.com.br\/ribeiraopreto-regiao\/wp-json\/wp\/v2\/tags?post=101261"}],"curies":[{"name":"wp","href":"https:\/\/api.w.org\/{rel}","templated":true}]}}