{"id":101309,"date":"2023-03-05T08:00:33","date_gmt":"2023-03-05T11:00:33","guid":{"rendered":"https:\/\/redenoticiaz.com.br\/barretos-regiao\/?p=101309"},"modified":"2023-03-01T12:31:40","modified_gmt":"2023-03-01T15:31:40","slug":"marco-lilas-mes-voltado-ao-combate-de-cancer-no-colo-de-utero","status":"publish","type":"post","link":"https:\/\/redenoticiaz.com.br\/ribeiraopreto-regiao\/sp\/2023\/03\/05\/marco-lilas-mes-voltado-ao-combate-de-cancer-no-colo-de-utero","title":{"rendered":"Mar\u00e7o Lil\u00e1s: m\u00eas voltado ao combate de c\u00e2ncer no colo de \u00fatero"},"content":{"rendered":"<p>Mar\u00e7o chegou e a aten\u00e7\u00e3o \u00e9 para a sa\u00fade da mulher. A campanha Mar\u00e7o Lil\u00e1s tem como objetivo, conscientizar a popula\u00e7\u00e3o sobre a preven\u00e7\u00e3o e combate ao c\u00e2ncer de colo uterino. O <strong>c\u00e2ncer de colo de \u00fatero<\/strong>, excetuando-se o c\u00e2ncer de pele n\u00e3o melanoma, \u00e9 o terceiro tumor maligno mais freq\u00fcente na popula\u00e7\u00e3o feminina, e a quarta causa de morte de mulheres por c\u00e2ncer no Brasil.<\/p>\n<p>&#8220;Os principais fatores para o advento do c\u00e2ncer de colo de \u00fatero \u00e9 a infec\u00e7\u00e3o pelo v\u00edrus HPV, al\u00e9m do in\u00edcio da vida sexual precoce, grande frequ\u00eancia de parceiros, tabagismo e falta de vacina\u00e7\u00e3o&#8221;, comenta o Ph.D. e mestre em oncologia, Dr. Wesley Pereira Andrade, m\u00e9dico titular da Sociedade Brasileira de Cirurgia Oncol\u00f3gica (SBCO) e m\u00e9dico titular da Sociedade Brasileira de Mastologia (SBM).<\/p>\n<p>Recentemente foram publicados os novos dados do INCA (Instituto Nacional do C\u00e2ncer) a respeito da incid\u00eancia de c\u00e2ncer no Brasil. Na grande maioria dos tipos de c\u00e2nceres houve um aumento no n\u00famero de pacientes, decorrente do crescimento da popula\u00e7\u00e3o e do acr\u00e9scimo dos fatores de risco.<\/p>\n<h3>Dados<\/h3>\n<p>O c\u00e2ncer de colo de \u00fatero manteve-se relativamente est\u00e1vel. Em 2020, as estimativas davam conta de, aproximadamente, 16.600 novos casos por ano. Em 2023, as estimativas, em \u00edndices absolutos, atingiram a marca de 17 mil, o que representa um aumento de 2%.<\/p>\n<p>J\u00e1 em n\u00fameros relativos tivemos um decr\u00e9scimo no n\u00famero de incid\u00eancias \u2013 15 casos a cada 100 mil mulheres em 2020, para 13 casos para cada grupo de 100 mil mulheres em 2023. Essa diminui\u00e7\u00e3o relativa se deve a alguns fatores como a vacina de HPV (principal fator deste tipo de c\u00e2ncer), bem como, as campanhas de rastreamento e detec\u00e7\u00e3o precoce por interm\u00e9dio do exame de Papanicolau.<\/p>\n<p>A Organiza\u00e7\u00e3o Mundial da Sa\u00fade (OMS) tem como meta extinguir a incid\u00eancia de c\u00e2ncer de colo de \u00fatero na humanidade nas pr\u00f3ximas d\u00e9cadas por meio da vacina\u00e7\u00e3o maci\u00e7a contra o HPV, al\u00e9m da prolifera\u00e7\u00e3o das medidas de preven\u00e7\u00e3o para a detec\u00e7\u00e3o precoce da doen\u00e7a.<\/p>\n<p>De acordo com o Ph.D. e mestre em oncologia, Dr. Wesley Pereira Andrade, m\u00e9dico titular da Sociedade Brasileira de Cirurgia Oncol\u00f3gica (SBCO) e m\u00e9dico titular da Sociedade Brasileira de Mastologia (SBM), o c\u00e2ncer de colo de \u00fatero corresponde ao terceiro c\u00e2ncer de maior import\u00e2ncia no p\u00fablico feminino, perdendo para o c\u00e2ncer de mama (cerca de 73.600 novos casos), seguido do de intestino (23.600).<\/p>\n<p>&#8220;Os principais fatores para o advento do c\u00e2ncer de colo de \u00fatero \u00e9 a infec\u00e7\u00e3o pelo v\u00edrus HPV, al\u00e9m do in\u00edcio da vida sexual precoce, grande frequ\u00eancia de parceiros, tabagismo e falta de vacina\u00e7\u00e3o&#8221;, comenta o m\u00e9dico que conclui.<\/p>\n<p>&#8220;Este tipo de c\u00e2ncer \u00e9 altamente evit\u00e1vel, por meio da vacina\u00e7\u00e3o contra HPV,\u00a0associada \u00e0s estrat\u00e9gias de detec\u00e7\u00e3o precoce na realiza\u00e7\u00e3o de exames de Papanicolau. Nem todo HPV \u00e9 igual, uma vez que existem v\u00e1rios tipos como o 16 e 18 que s\u00e3o os mais relacionados \u00e0 neoplasia de colo de \u00fatero. O 6 e 11 podem causar verrugas genitais&#8221;.<\/p>\n<h3>Sintomas<\/h3>\n<p>Os principais sintomas de c\u00e2ncer de colo de \u00fatero s\u00e3o sangramento anormal e dor ap\u00f3s a rela\u00e7\u00e3o sexual, aumento de corrimento vaginal (muitas vezes com mau cheiro), dores na regi\u00e3o p\u00e9lvica, perda de peso, cansa\u00e7o e, nas fases mais avan\u00e7adas, secre\u00e7\u00e3o vaginal f\u00e9tida, incha\u00e7o nas pernas, altera\u00e7\u00e3o intestinal e miccional e at\u00e9 comprometimento de outros \u00f3rg\u00e3os como pulm\u00f5es que podem ocasionar tosse e falta de ar, por exemplo.<\/p>\n<p><strong>LEIA TAMB\u00c9M<\/strong><\/p>\n<p><a href=\"https:\/\/redenoticiaz.com.br\/blog\/2023\/02\/12\/medico-explica-os-impactos-da-pandemia-da-covid-no-tratamento-de-cancer\">M\u00e9dico explica os impactos da pandemia da Covid no tratamento de c\u00e2ncer<\/a><\/p>\n","protected":false},"excerpt":{"rendered":"<p>Mar\u00e7o chegou e a aten\u00e7\u00e3o \u00e9 para a sa\u00fade da mulher. A campanha Mar\u00e7o Lil\u00e1s tem como objetivo, conscientizar a popula\u00e7\u00e3o sobre a preven\u00e7\u00e3o e combate ao c\u00e2ncer de colo uterino. O c\u00e2ncer de colo de \u00fatero, excetuando-se o c\u00e2ncer de pele n\u00e3o melanoma, \u00e9 o terceiro tumor maligno mais freq\u00fcente na popula\u00e7\u00e3o feminina, e &hellip;<\/p>\n","protected":false},"author":6,"featured_media":101310,"comment_status":"open","ping_status":"closed","sticky":false,"template":"","format":"standard","meta":{"footnotes":""},"categories":[129],"tags":[70,3312,8451,819,25331,5346],"class_list":["post-101309","post","type-post","status-publish","format-standard","has-post-thumbnail","hentry","category-saude","tag-brasil","tag-cancer-de-colo-de-utero","tag-cuidados","tag-marco","tag-marco-lilas","tag-prevencao"],"yoast_head":"<!-- This site is optimized with the Yoast SEO plugin v27.5 - https:\/\/yoast.com\/product\/yoast-seo-wordpress\/ -->\n<title>Mar\u00e7o Lil\u00e1s: m\u00eas voltado ao combate de c\u00e2ncer no colo de \u00fatero - Ribeir\u00e3o Preto e Regi\u00e3o<\/title>\n<meta name=\"description\" content=\"A campanha Mar\u00e7o Lil\u00e1s tem como objetivo, conscientizar a popula\u00e7\u00e3o sobre a preven\u00e7\u00e3o e combate ao c\u00e2ncer de colo uterino. O c\u00e2ncer de colo de \u00fatero\" \/>\n<meta name=\"robots\" content=\"index, follow, max-snippet:-1, max-image-preview:large, max-video-preview:-1\" \/>\n<link rel=\"canonical\" href=\"https:\/\/redenoticiaz.com.br\/ribeiraopreto-regiao\/sp\/2023\/03\/05\/marco-lilas-mes-voltado-ao-combate-de-cancer-no-colo-de-utero\" \/>\n<meta property=\"og:locale\" content=\"pt_BR\" \/>\n<meta property=\"og:type\" content=\"article\" \/>\n<meta property=\"og:title\" content=\"Mar\u00e7o Lil\u00e1s: m\u00eas voltado ao combate de c\u00e2ncer no colo de \u00fatero - Ribeir\u00e3o Preto e Regi\u00e3o\" \/>\n<meta property=\"og:description\" content=\"A campanha Mar\u00e7o Lil\u00e1s tem como objetivo, conscientizar a popula\u00e7\u00e3o sobre a preven\u00e7\u00e3o e combate ao c\u00e2ncer de colo uterino. O c\u00e2ncer de colo de \u00fatero\" \/>\n<meta property=\"og:url\" content=\"https:\/\/redenoticiaz.com.br\/ribeiraopreto-regiao\/sp\/2023\/03\/05\/marco-lilas-mes-voltado-ao-combate-de-cancer-no-colo-de-utero\" \/>\n<meta property=\"og:site_name\" content=\"Ribeir\u00e3o Preto e Regi\u00e3o\" \/>\n<meta property=\"article:publisher\" content=\"https:\/\/m.facebook.com\/redenoticiaz.barretos\" \/>\n<meta property=\"article:published_time\" content=\"2023-03-05T11:00:33+00:00\" \/>\n<meta property=\"og:image\" content=\"https:\/\/redenoticiaz.com.br\/ribeiraopreto-regiao\/wp-content\/uploads\/sites\/4\/2022\/02\/logo.jpg\" \/>\n\t<meta property=\"og:image:width\" content=\"400\" \/>\n\t<meta property=\"og:image:height\" content=\"250\" \/>\n\t<meta property=\"og:image:type\" content=\"image\/jpeg\" \/>\n<meta name=\"author\" content=\"Leonardo Francisco\" \/>\n<meta name=\"twitter:card\" content=\"summary_large_image\" \/>\n<meta name=\"twitter:creator\" content=\"@RN_barretos\" \/>\n<meta name=\"twitter:site\" content=\"@RN_barretos\" \/>\n<meta name=\"twitter:label1\" content=\"Escrito por\" \/>\n\t<meta name=\"twitter:data1\" content=\"Leonardo Francisco\" \/>\n\t<meta name=\"twitter:label2\" content=\"Est. tempo de leitura\" \/>\n\t<meta name=\"twitter:data2\" content=\"4 minutos\" \/>\n<script type=\"application\/ld+json\" class=\"yoast-schema-graph\">{\"@context\":\"https:\\\/\\\/schema.org\",\"@graph\":[{\"@type\":\"Article\",\"@id\":\"https:\\\/\\\/redenoticiaz.com.br\\\/ribeiraopreto-regiao\\\/sp\\\/2023\\\/03\\\/05\\\/marco-lilas-mes-voltado-ao-combate-de-cancer-no-colo-de-utero#article\",\"isPartOf\":{\"@id\":\"https:\\\/\\\/redenoticiaz.com.br\\\/ribeiraopreto-regiao\\\/sp\\\/2023\\\/03\\\/05\\\/marco-lilas-mes-voltado-ao-combate-de-cancer-no-colo-de-utero\"},\"author\":{\"name\":\"Leonardo Francisco\",\"@id\":\"https:\\\/\\\/redenoticiaz.com.br\\\/ribeiraopreto-regiao\\\/#\\\/schema\\\/person\\\/0f0b8a5bdafefe82841e07ae8d81ecb3\"},\"headline\":\"Mar\u00e7o Lil\u00e1s: m\u00eas voltado ao combate de c\u00e2ncer no colo de \u00fatero\",\"datePublished\":\"2023-03-05T11:00:33+00:00\",\"mainEntityOfPage\":{\"@id\":\"https:\\\/\\\/redenoticiaz.com.br\\\/ribeiraopreto-regiao\\\/sp\\\/2023\\\/03\\\/05\\\/marco-lilas-mes-voltado-ao-combate-de-cancer-no-colo-de-utero\"},\"wordCount\":662,\"commentCount\":0,\"publisher\":{\"@id\":\"https:\\\/\\\/redenoticiaz.com.br\\\/ribeiraopreto-regiao\\\/#organization\"},\"image\":{\"@id\":\"https:\\\/\\\/redenoticiaz.com.br\\\/ribeiraopreto-regiao\\\/sp\\\/2023\\\/03\\\/05\\\/marco-lilas-mes-voltado-ao-combate-de-cancer-no-colo-de-utero#primaryimage\"},\"thumbnailUrl\":\"https:\\\/\\\/redenoticiaz.com.br\\\/ribeiraopreto-regiao\\\/wp-content\\\/uploads\\\/sites\\\/4\\\/2023\\\/03\\\/utero-820x680-1.jpg?v=1677684622\",\"keywords\":[\"Brasil\",\"C\u00c2NCER DE COLO DE \u00daTERO\",\"CUIDADOS\",\"MAR\u00c7O\",\"MAR\u00c7O LIL\u00c1S\",\"PREVEN\u00c7\u00c3O\"],\"articleSection\":[\"Sa\u00fade\"],\"inLanguage\":\"pt-BR\",\"potentialAction\":[{\"@type\":\"CommentAction\",\"name\":\"Comment\",\"target\":[\"https:\\\/\\\/redenoticiaz.com.br\\\/ribeiraopreto-regiao\\\/sp\\\/2023\\\/03\\\/05\\\/marco-lilas-mes-voltado-ao-combate-de-cancer-no-colo-de-utero#respond\"]}]},{\"@type\":\"WebPage\",\"@id\":\"https:\\\/\\\/redenoticiaz.com.br\\\/ribeiraopreto-regiao\\\/sp\\\/2023\\\/03\\\/05\\\/marco-lilas-mes-voltado-ao-combate-de-cancer-no-colo-de-utero\",\"url\":\"https:\\\/\\\/redenoticiaz.com.br\\\/ribeiraopreto-regiao\\\/sp\\\/2023\\\/03\\\/05\\\/marco-lilas-mes-voltado-ao-combate-de-cancer-no-colo-de-utero\",\"name\":\"Mar\u00e7o Lil\u00e1s: m\u00eas voltado ao combate de c\u00e2ncer no colo de \u00fatero - Ribeir\u00e3o Preto e Regi\u00e3o\",\"isPartOf\":{\"@id\":\"https:\\\/\\\/redenoticiaz.com.br\\\/ribeiraopreto-regiao\\\/#website\"},\"primaryImageOfPage\":{\"@id\":\"https:\\\/\\\/redenoticiaz.com.br\\\/ribeiraopreto-regiao\\\/sp\\\/2023\\\/03\\\/05\\\/marco-lilas-mes-voltado-ao-combate-de-cancer-no-colo-de-utero#primaryimage\"},\"image\":{\"@id\":\"https:\\\/\\\/redenoticiaz.com.br\\\/ribeiraopreto-regiao\\\/sp\\\/2023\\\/03\\\/05\\\/marco-lilas-mes-voltado-ao-combate-de-cancer-no-colo-de-utero#primaryimage\"},\"thumbnailUrl\":\"https:\\\/\\\/redenoticiaz.com.br\\\/ribeiraopreto-regiao\\\/wp-content\\\/uploads\\\/sites\\\/4\\\/2023\\\/03\\\/utero-820x680-1.jpg?v=1677684622\",\"datePublished\":\"2023-03-05T11:00:33+00:00\",\"description\":\"A campanha Mar\u00e7o Lil\u00e1s tem como objetivo, conscientizar a popula\u00e7\u00e3o sobre a preven\u00e7\u00e3o e combate ao c\u00e2ncer de colo uterino. O c\u00e2ncer de colo de \u00fatero\",\"inLanguage\":\"pt-BR\",\"potentialAction\":[{\"@type\":\"ReadAction\",\"target\":[\"https:\\\/\\\/redenoticiaz.com.br\\\/ribeiraopreto-regiao\\\/sp\\\/2023\\\/03\\\/05\\\/marco-lilas-mes-voltado-ao-combate-de-cancer-no-colo-de-utero\"]}]},{\"@type\":\"ImageObject\",\"inLanguage\":\"pt-BR\",\"@id\":\"https:\\\/\\\/redenoticiaz.com.br\\\/ribeiraopreto-regiao\\\/sp\\\/2023\\\/03\\\/05\\\/marco-lilas-mes-voltado-ao-combate-de-cancer-no-colo-de-utero#primaryimage\",\"url\":\"https:\\\/\\\/redenoticiaz.com.br\\\/ribeiraopreto-regiao\\\/wp-content\\\/uploads\\\/sites\\\/4\\\/2023\\\/03\\\/utero-820x680-1.jpg?v=1677684622\",\"contentUrl\":\"https:\\\/\\\/redenoticiaz.com.br\\\/ribeiraopreto-regiao\\\/wp-content\\\/uploads\\\/sites\\\/4\\\/2023\\\/03\\\/utero-820x680-1.jpg?v=1677684622\",\"width\":820,\"height\":680,\"caption\":\"Cr\u00e9ditos: Reprodu\u00e7\u00e3o\"},{\"@type\":\"WebSite\",\"@id\":\"https:\\\/\\\/redenoticiaz.com.br\\\/ribeiraopreto-regiao\\\/#website\",\"url\":\"https:\\\/\\\/redenoticiaz.com.br\\\/ribeiraopreto-regiao\\\/\",\"name\":\"Ribeir\u00e3o Preto e Regi\u00e3o\",\"description\":\"Rede NoticiaZ - Ribeir\u00e3o Preto e regi\u00e3o\",\"publisher\":{\"@id\":\"https:\\\/\\\/redenoticiaz.com.br\\\/ribeiraopreto-regiao\\\/#organization\"},\"potentialAction\":[{\"@type\":\"SearchAction\",\"target\":{\"@type\":\"EntryPoint\",\"urlTemplate\":\"https:\\\/\\\/redenoticiaz.com.br\\\/ribeiraopreto-regiao\\\/?s={search_term_string}\"},\"query-input\":{\"@type\":\"PropertyValueSpecification\",\"valueRequired\":true,\"valueName\":\"search_term_string\"}}],\"inLanguage\":\"pt-BR\"},{\"@type\":\"Organization\",\"@id\":\"https:\\\/\\\/redenoticiaz.com.br\\\/ribeiraopreto-regiao\\\/#organization\",\"name\":\"Ribeir\u00e3o Preto e Regi\u00e3o\",\"url\":\"https:\\\/\\\/redenoticiaz.com.br\\\/ribeiraopreto-regiao\\\/\",\"logo\":{\"@type\":\"ImageObject\",\"inLanguage\":\"pt-BR\",\"@id\":\"https:\\\/\\\/redenoticiaz.com.br\\\/ribeiraopreto-regiao\\\/#\\\/schema\\\/logo\\\/image\\\/\",\"url\":\"https:\\\/\\\/redenoticiaz.com.br\\\/barretos-regiao\\\/wp-content\\\/uploads\\\/sites\\\/4\\\/2022\\\/02\\\/logo.jpg\",\"contentUrl\":\"https:\\\/\\\/redenoticiaz.com.br\\\/barretos-regiao\\\/wp-content\\\/uploads\\\/sites\\\/4\\\/2022\\\/02\\\/logo.jpg\",\"width\":400,\"height\":250,\"caption\":\"Ribeir\u00e3o Preto e Regi\u00e3o\"},\"image\":{\"@id\":\"https:\\\/\\\/redenoticiaz.com.br\\\/ribeiraopreto-regiao\\\/#\\\/schema\\\/logo\\\/image\\\/\"},\"sameAs\":[\"https:\\\/\\\/m.facebook.com\\\/redenoticiaz.barretos\",\"https:\\\/\\\/x.com\\\/RN_barretos\",\"https:\\\/\\\/www.instagram.com\\\/redenoticiaz.barretos\\\/?igshid=YmMyMTA2M2Y\",\"https:\\\/\\\/www.linkedin.com\\\/company\\\/rede-noticiaz-barretos-e-regio\\\/\"]},{\"@type\":\"Person\",\"@id\":\"https:\\\/\\\/redenoticiaz.com.br\\\/ribeiraopreto-regiao\\\/#\\\/schema\\\/person\\\/0f0b8a5bdafefe82841e07ae8d81ecb3\",\"name\":\"Leonardo Francisco\",\"image\":{\"@type\":\"ImageObject\",\"inLanguage\":\"pt-BR\",\"@id\":\"https:\\\/\\\/secure.gravatar.com\\\/avatar\\\/a7358cb406a99b682ec6df1e77e31ae82e63601f6784e8a3df411d72b37864da?s=96&d=mm&r=g\",\"url\":\"https:\\\/\\\/secure.gravatar.com\\\/avatar\\\/a7358cb406a99b682ec6df1e77e31ae82e63601f6784e8a3df411d72b37864da?s=96&d=mm&r=g\",\"contentUrl\":\"https:\\\/\\\/secure.gravatar.com\\\/avatar\\\/a7358cb406a99b682ec6df1e77e31ae82e63601f6784e8a3df411d72b37864da?s=96&d=mm&r=g\",\"caption\":\"Leonardo Francisco\"},\"url\":\"https:\\\/\\\/redenoticiaz.com.br\\\/ribeiraopreto-regiao\\\/sp\\\/author\\\/leonardo-francisco\"}]}<\/script>\n<!-- \/ Yoast SEO plugin. -->","yoast_head_json":{"title":"Mar\u00e7o Lil\u00e1s: m\u00eas voltado ao combate de c\u00e2ncer no colo de \u00fatero - Ribeir\u00e3o Preto e Regi\u00e3o","description":"A campanha Mar\u00e7o Lil\u00e1s tem como objetivo, conscientizar a popula\u00e7\u00e3o sobre a preven\u00e7\u00e3o e combate ao c\u00e2ncer de colo uterino. O c\u00e2ncer de colo de \u00fatero","robots":{"index":"index","follow":"follow","max-snippet":"max-snippet:-1","max-image-preview":"max-image-preview:large","max-video-preview":"max-video-preview:-1"},"canonical":"https:\/\/redenoticiaz.com.br\/ribeiraopreto-regiao\/sp\/2023\/03\/05\/marco-lilas-mes-voltado-ao-combate-de-cancer-no-colo-de-utero","og_locale":"pt_BR","og_type":"article","og_title":"Mar\u00e7o Lil\u00e1s: m\u00eas voltado ao combate de c\u00e2ncer no colo de \u00fatero - Ribeir\u00e3o Preto e Regi\u00e3o","og_description":"A campanha Mar\u00e7o Lil\u00e1s tem como objetivo, conscientizar a popula\u00e7\u00e3o sobre a preven\u00e7\u00e3o e combate ao c\u00e2ncer de colo uterino. O c\u00e2ncer de colo de \u00fatero","og_url":"https:\/\/redenoticiaz.com.br\/ribeiraopreto-regiao\/sp\/2023\/03\/05\/marco-lilas-mes-voltado-ao-combate-de-cancer-no-colo-de-utero","og_site_name":"Ribeir\u00e3o Preto e Regi\u00e3o","article_publisher":"https:\/\/m.facebook.com\/redenoticiaz.barretos","article_published_time":"2023-03-05T11:00:33+00:00","og_image":[{"width":400,"height":250,"url":"https:\/\/redenoticiaz.com.br\/ribeiraopreto-regiao\/wp-content\/uploads\/sites\/4\/2022\/02\/logo.jpg","type":"image\/jpeg"}],"author":"Leonardo Francisco","twitter_card":"summary_large_image","twitter_creator":"@RN_barretos","twitter_site":"@RN_barretos","twitter_misc":{"Escrito por":"Leonardo Francisco","Est. tempo de leitura":"4 minutos"},"schema":{"@context":"https:\/\/schema.org","@graph":[{"@type":"Article","@id":"https:\/\/redenoticiaz.com.br\/ribeiraopreto-regiao\/sp\/2023\/03\/05\/marco-lilas-mes-voltado-ao-combate-de-cancer-no-colo-de-utero#article","isPartOf":{"@id":"https:\/\/redenoticiaz.com.br\/ribeiraopreto-regiao\/sp\/2023\/03\/05\/marco-lilas-mes-voltado-ao-combate-de-cancer-no-colo-de-utero"},"author":{"name":"Leonardo Francisco","@id":"https:\/\/redenoticiaz.com.br\/ribeiraopreto-regiao\/#\/schema\/person\/0f0b8a5bdafefe82841e07ae8d81ecb3"},"headline":"Mar\u00e7o Lil\u00e1s: m\u00eas voltado ao combate de c\u00e2ncer no colo de \u00fatero","datePublished":"2023-03-05T11:00:33+00:00","mainEntityOfPage":{"@id":"https:\/\/redenoticiaz.com.br\/ribeiraopreto-regiao\/sp\/2023\/03\/05\/marco-lilas-mes-voltado-ao-combate-de-cancer-no-colo-de-utero"},"wordCount":662,"commentCount":0,"publisher":{"@id":"https:\/\/redenoticiaz.com.br\/ribeiraopreto-regiao\/#organization"},"image":{"@id":"https:\/\/redenoticiaz.com.br\/ribeiraopreto-regiao\/sp\/2023\/03\/05\/marco-lilas-mes-voltado-ao-combate-de-cancer-no-colo-de-utero#primaryimage"},"thumbnailUrl":"https:\/\/redenoticiaz.com.br\/ribeiraopreto-regiao\/wp-content\/uploads\/sites\/4\/2023\/03\/utero-820x680-1.jpg?v=1677684622","keywords":["Brasil","C\u00c2NCER DE COLO DE \u00daTERO","CUIDADOS","MAR\u00c7O","MAR\u00c7O LIL\u00c1S","PREVEN\u00c7\u00c3O"],"articleSection":["Sa\u00fade"],"inLanguage":"pt-BR","potentialAction":[{"@type":"CommentAction","name":"Comment","target":["https:\/\/redenoticiaz.com.br\/ribeiraopreto-regiao\/sp\/2023\/03\/05\/marco-lilas-mes-voltado-ao-combate-de-cancer-no-colo-de-utero#respond"]}]},{"@type":"WebPage","@id":"https:\/\/redenoticiaz.com.br\/ribeiraopreto-regiao\/sp\/2023\/03\/05\/marco-lilas-mes-voltado-ao-combate-de-cancer-no-colo-de-utero","url":"https:\/\/redenoticiaz.com.br\/ribeiraopreto-regiao\/sp\/2023\/03\/05\/marco-lilas-mes-voltado-ao-combate-de-cancer-no-colo-de-utero","name":"Mar\u00e7o Lil\u00e1s: m\u00eas voltado ao combate de c\u00e2ncer no colo de \u00fatero - Ribeir\u00e3o Preto e Regi\u00e3o","isPartOf":{"@id":"https:\/\/redenoticiaz.com.br\/ribeiraopreto-regiao\/#website"},"primaryImageOfPage":{"@id":"https:\/\/redenoticiaz.com.br\/ribeiraopreto-regiao\/sp\/2023\/03\/05\/marco-lilas-mes-voltado-ao-combate-de-cancer-no-colo-de-utero#primaryimage"},"image":{"@id":"https:\/\/redenoticiaz.com.br\/ribeiraopreto-regiao\/sp\/2023\/03\/05\/marco-lilas-mes-voltado-ao-combate-de-cancer-no-colo-de-utero#primaryimage"},"thumbnailUrl":"https:\/\/redenoticiaz.com.br\/ribeiraopreto-regiao\/wp-content\/uploads\/sites\/4\/2023\/03\/utero-820x680-1.jpg?v=1677684622","datePublished":"2023-03-05T11:00:33+00:00","description":"A campanha Mar\u00e7o Lil\u00e1s tem como objetivo, conscientizar a popula\u00e7\u00e3o sobre a preven\u00e7\u00e3o e combate ao c\u00e2ncer de colo uterino. O c\u00e2ncer de colo de \u00fatero","inLanguage":"pt-BR","potentialAction":[{"@type":"ReadAction","target":["https:\/\/redenoticiaz.com.br\/ribeiraopreto-regiao\/sp\/2023\/03\/05\/marco-lilas-mes-voltado-ao-combate-de-cancer-no-colo-de-utero"]}]},{"@type":"ImageObject","inLanguage":"pt-BR","@id":"https:\/\/redenoticiaz.com.br\/ribeiraopreto-regiao\/sp\/2023\/03\/05\/marco-lilas-mes-voltado-ao-combate-de-cancer-no-colo-de-utero#primaryimage","url":"https:\/\/redenoticiaz.com.br\/ribeiraopreto-regiao\/wp-content\/uploads\/sites\/4\/2023\/03\/utero-820x680-1.jpg?v=1677684622","contentUrl":"https:\/\/redenoticiaz.com.br\/ribeiraopreto-regiao\/wp-content\/uploads\/sites\/4\/2023\/03\/utero-820x680-1.jpg?v=1677684622","width":820,"height":680,"caption":"Cr\u00e9ditos: Reprodu\u00e7\u00e3o"},{"@type":"WebSite","@id":"https:\/\/redenoticiaz.com.br\/ribeiraopreto-regiao\/#website","url":"https:\/\/redenoticiaz.com.br\/ribeiraopreto-regiao\/","name":"Ribeir\u00e3o Preto e Regi\u00e3o","description":"Rede NoticiaZ - Ribeir\u00e3o Preto e regi\u00e3o","publisher":{"@id":"https:\/\/redenoticiaz.com.br\/ribeiraopreto-regiao\/#organization"},"potentialAction":[{"@type":"SearchAction","target":{"@type":"EntryPoint","urlTemplate":"https:\/\/redenoticiaz.com.br\/ribeiraopreto-regiao\/?s={search_term_string}"},"query-input":{"@type":"PropertyValueSpecification","valueRequired":true,"valueName":"search_term_string"}}],"inLanguage":"pt-BR"},{"@type":"Organization","@id":"https:\/\/redenoticiaz.com.br\/ribeiraopreto-regiao\/#organization","name":"Ribeir\u00e3o Preto e Regi\u00e3o","url":"https:\/\/redenoticiaz.com.br\/ribeiraopreto-regiao\/","logo":{"@type":"ImageObject","inLanguage":"pt-BR","@id":"https:\/\/redenoticiaz.com.br\/ribeiraopreto-regiao\/#\/schema\/logo\/image\/","url":"https:\/\/redenoticiaz.com.br\/barretos-regiao\/wp-content\/uploads\/sites\/4\/2022\/02\/logo.jpg","contentUrl":"https:\/\/redenoticiaz.com.br\/barretos-regiao\/wp-content\/uploads\/sites\/4\/2022\/02\/logo.jpg","width":400,"height":250,"caption":"Ribeir\u00e3o Preto e Regi\u00e3o"},"image":{"@id":"https:\/\/redenoticiaz.com.br\/ribeiraopreto-regiao\/#\/schema\/logo\/image\/"},"sameAs":["https:\/\/m.facebook.com\/redenoticiaz.barretos","https:\/\/x.com\/RN_barretos","https:\/\/www.instagram.com\/redenoticiaz.barretos\/?igshid=YmMyMTA2M2Y","https:\/\/www.linkedin.com\/company\/rede-noticiaz-barretos-e-regio\/"]},{"@type":"Person","@id":"https:\/\/redenoticiaz.com.br\/ribeiraopreto-regiao\/#\/schema\/person\/0f0b8a5bdafefe82841e07ae8d81ecb3","name":"Leonardo Francisco","image":{"@type":"ImageObject","inLanguage":"pt-BR","@id":"https:\/\/secure.gravatar.com\/avatar\/a7358cb406a99b682ec6df1e77e31ae82e63601f6784e8a3df411d72b37864da?s=96&d=mm&r=g","url":"https:\/\/secure.gravatar.com\/avatar\/a7358cb406a99b682ec6df1e77e31ae82e63601f6784e8a3df411d72b37864da?s=96&d=mm&r=g","contentUrl":"https:\/\/secure.gravatar.com\/avatar\/a7358cb406a99b682ec6df1e77e31ae82e63601f6784e8a3df411d72b37864da?s=96&d=mm&r=g","caption":"Leonardo Francisco"},"url":"https:\/\/redenoticiaz.com.br\/ribeiraopreto-regiao\/sp\/author\/leonardo-francisco"}]}},"_links":{"self":[{"href":"https:\/\/redenoticiaz.com.br\/ribeiraopreto-regiao\/wp-json\/wp\/v2\/posts\/101309","targetHints":{"allow":["GET"]}}],"collection":[{"href":"https:\/\/redenoticiaz.com.br\/ribeiraopreto-regiao\/wp-json\/wp\/v2\/posts"}],"about":[{"href":"https:\/\/redenoticiaz.com.br\/ribeiraopreto-regiao\/wp-json\/wp\/v2\/types\/post"}],"author":[{"embeddable":true,"href":"https:\/\/redenoticiaz.com.br\/ribeiraopreto-regiao\/wp-json\/wp\/v2\/users\/6"}],"replies":[{"embeddable":true,"href":"https:\/\/redenoticiaz.com.br\/ribeiraopreto-regiao\/wp-json\/wp\/v2\/comments?post=101309"}],"version-history":[{"count":1,"href":"https:\/\/redenoticiaz.com.br\/ribeiraopreto-regiao\/wp-json\/wp\/v2\/posts\/101309\/revisions"}],"predecessor-version":[{"id":101311,"href":"https:\/\/redenoticiaz.com.br\/ribeiraopreto-regiao\/wp-json\/wp\/v2\/posts\/101309\/revisions\/101311"}],"wp:featuredmedia":[{"embeddable":true,"href":"https:\/\/redenoticiaz.com.br\/ribeiraopreto-regiao\/wp-json\/wp\/v2\/media\/101310"}],"wp:attachment":[{"href":"https:\/\/redenoticiaz.com.br\/ribeiraopreto-regiao\/wp-json\/wp\/v2\/media?parent=101309"}],"wp:term":[{"taxonomy":"category","embeddable":true,"href":"https:\/\/redenoticiaz.com.br\/ribeiraopreto-regiao\/wp-json\/wp\/v2\/categories?post=101309"},{"taxonomy":"post_tag","embeddable":true,"href":"https:\/\/redenoticiaz.com.br\/ribeiraopreto-regiao\/wp-json\/wp\/v2\/tags?post=101309"}],"curies":[{"name":"wp","href":"https:\/\/api.w.org\/{rel}","templated":true}]}}