{"id":101315,"date":"2023-03-01T13:48:50","date_gmt":"2023-03-01T16:48:50","guid":{"rendered":"https:\/\/redenoticiaz.com.br\/barretos-regiao\/?p=101315"},"modified":"2023-03-01T13:48:50","modified_gmt":"2023-03-01T16:48:50","slug":"educacao-prepara-espetaculo-motivacional-para-professores-educadores-e-funcionarios-da-rede","status":"publish","type":"post","link":"https:\/\/redenoticiaz.com.br\/ribeiraopreto-regiao\/sp\/2023\/03\/01\/educacao-prepara-espetaculo-motivacional-para-professores-educadores-e-funcionarios-da-rede","title":{"rendered":"Educa\u00e7\u00e3o prepara espet\u00e1culo motivacional para professores, educadores e funcion\u00e1rios da rede"},"content":{"rendered":"<p class=\"v1MsoNormal\">A Diretoria Municipal de Educa\u00e7\u00e3o, com o objetivo de valorizar e incentivar toda a sua equipe, est\u00e1 preparando uma grande palestra motivacional, a &#8220;Vida de Professor I&#8221;, com o artista Diogo Almeida, que trar\u00e1 reflex\u00f5es sobre a rotina dos professores, debatendo assuntos comuns ao dia a dia de escolas de uma forma leve e divertida.<\/p>\n<p class=\"v1MsoNormal\">O profissional se apresenta em diversos munic\u00edpios e \u00e9 muito conhecido na \u00e1rea educacional por seus espet\u00e1culos animados e incentivadores, utilizando o humor como ferramenta para transforma\u00e7\u00e3o ambiciosa na educa\u00e7\u00e3o.<\/p>\n<p class=\"v1MsoNormal\">A chefe do setor, Maria Ang\u00e9lica Rebello da Silva, destaca que a gest\u00e3o tem feito grandes investimentos na educa\u00e7\u00e3o tendo, al\u00e9m das reformas, que tiveram in\u00edcio pela escola Padre M\u00e1rio Lano, a troca de m\u00f3veis, a chegada de novos playgrounds e materiais de ensino e que ainda vir\u00e1 muito mais, como a troca das areias de todos os parquinhos; os novos kits escolares e os novos uniformes.<\/p>\n<p class=\"v1MsoNormal\">&#8220;A administra\u00e7\u00e3o do prefeito Jun\u00e3o tem investido na educa\u00e7\u00e3o. No ano passado conseguimos colocar a &#8216;casa em ordem&#8217; administrativamente, fizemos aquisi\u00e7\u00f5es de novos ve\u00edculos e agora come\u00e7amos a colher os frutos, tendo iniciado a grande reforma na Pe. Mario Lano e a troca de todo o mobili\u00e1rio das unidades, assim como a vinda de parquinhos novos e tamb\u00e9m os uniformes, que chegar\u00e3o assim que as empresas apresentarem as amostras de acordo com as exig\u00eancias. E nossos olhares n\u00e3o est\u00e3o voltados somente nos alunos, mas tamb\u00e9m nos professores, que precisam de incentivos como este, que com certeza ir\u00e1 motiv\u00e1-los dentro de sala de aula&#8221;, afirma Maria Ang\u00e9lica.<\/p>\n<p class=\"v1MsoNormal\">VEJA TAMB\u00c9M:\u00a0<a href=\"https:\/\/redenoticiaz.com.br\/barretos-regiao\/sp\/2023\/03\/01\/ruas-em-barretos-recebem-recapeamento-asfaltico\">Ruas em Barretos recebem recapeamento asf\u00e1ltico<\/a><\/p>\n","protected":false},"excerpt":{"rendered":"<p>A Diretoria Municipal de Educa\u00e7\u00e3o, com o objetivo de valorizar e incentivar toda a sua equipe, est\u00e1 preparando uma grande palestra motivacional, a &#8220;Vida de Professor I&#8221;, com o artista Diogo Almeida, que trar\u00e1 reflex\u00f5es sobre a rotina dos professores, debatendo assuntos comuns ao dia a dia de escolas de uma forma leve e divertida. &hellip;<\/p>\n","protected":false},"author":15,"featured_media":101316,"comment_status":"open","ping_status":"closed","sticky":false,"template":"","format":"standard","meta":{"footnotes":""},"categories":[820,134],"tags":[25335,943,25334,25333],"class_list":["post-101315","post","type-post","status-publish","format-standard","has-post-thumbnail","hentry","category-educacao","category-entretenimento","tag-diego-almeida","tag-educacao","tag-espetaculo-motivacional","tag-funcionarios-da-rede-municipal"],"yoast_head":"<!-- This site is optimized with the Yoast SEO plugin v28.4 - https:\/\/yoast.com\/product\/yoast-seo-wordpress\/ -->\n<title>Educa\u00e7\u00e3o prepara espet\u00e1culo motivacional para professores, educadores e funcion\u00e1rios da rede - Ribeir\u00e3o Preto e Regi\u00e3o<\/title>\n<meta name=\"description\" content=\"Com o objetivo de valorizar e incentivar toda a sua equipe, a Diretoria Municipal de Educa\u00e7\u00e3o est\u00e1 preparando uma grande palestra motivacional\" \/>\n<meta name=\"robots\" content=\"index, follow, max-snippet:-1, max-image-preview:large, max-video-preview:-1\" \/>\n<link rel=\"canonical\" href=\"https:\/\/redenoticiaz.com.br\/ribeiraopreto-regiao\/sp\/2023\/03\/01\/educacao-prepara-espetaculo-motivacional-para-professores-educadores-e-funcionarios-da-rede\" \/>\n<meta property=\"og:locale\" content=\"pt_BR\" \/>\n<meta property=\"og:type\" content=\"article\" \/>\n<meta property=\"og:title\" content=\"Educa\u00e7\u00e3o prepara espet\u00e1culo motivacional para professores, educadores e funcion\u00e1rios da rede - Ribeir\u00e3o Preto e Regi\u00e3o\" \/>\n<meta property=\"og:description\" content=\"Com o objetivo de valorizar e incentivar toda a sua equipe, a Diretoria Municipal de Educa\u00e7\u00e3o est\u00e1 preparando uma grande palestra motivacional\" \/>\n<meta property=\"og:url\" content=\"https:\/\/redenoticiaz.com.br\/ribeiraopreto-regiao\/sp\/2023\/03\/01\/educacao-prepara-espetaculo-motivacional-para-professores-educadores-e-funcionarios-da-rede\" \/>\n<meta property=\"og:site_name\" content=\"Ribeir\u00e3o Preto e Regi\u00e3o\" \/>\n<meta property=\"article:publisher\" content=\"https:\/\/m.facebook.com\/redenoticiaz.barretos\" \/>\n<meta property=\"article:published_time\" content=\"2023-03-01T16:48:50+00:00\" \/>\n<meta property=\"og:image\" content=\"https:\/\/redenoticiaz.com.br\/ribeiraopreto-regiao\/wp-content\/uploads\/sites\/4\/2023\/03\/diogo-almeida-em-guaira-2.jpg\" \/>\n\t<meta property=\"og:image:width\" content=\"1230\" \/>\n\t<meta property=\"og:image:height\" content=\"890\" \/>\n\t<meta property=\"og:image:type\" content=\"image\/jpeg\" \/>\n<meta name=\"twitter:card\" content=\"summary_large_image\" \/>\n<meta name=\"twitter:creator\" content=\"@RN_barretos\" \/>\n<meta name=\"twitter:site\" content=\"@RN_barretos\" \/>\n<meta name=\"twitter:label1\" content=\"Escrito por\" \/>\n\t<meta name=\"twitter:data1\" content=\"\" \/>\n\t<meta name=\"twitter:label2\" content=\"Est. tempo de leitura\" \/>\n\t<meta name=\"twitter:data2\" content=\"2 minutos\" \/>\n<script type=\"application\/ld+json\" class=\"yoast-schema-graph\">{\"@context\":\"https:\\\/\\\/schema.org\",\"@graph\":[{\"@type\":\"Article\",\"@id\":\"https:\\\/\\\/redenoticiaz.com.br\\\/ribeiraopreto-regiao\\\/sp\\\/2023\\\/03\\\/01\\\/educacao-prepara-espetaculo-motivacional-para-professores-educadores-e-funcionarios-da-rede#article\",\"isPartOf\":{\"@id\":\"https:\\\/\\\/redenoticiaz.com.br\\\/ribeiraopreto-regiao\\\/sp\\\/2023\\\/03\\\/01\\\/educacao-prepara-espetaculo-motivacional-para-professores-educadores-e-funcionarios-da-rede\"},\"author\":{\"name\":\"\",\"@id\":\"\"},\"headline\":\"Educa\u00e7\u00e3o prepara espet\u00e1culo motivacional para professores, educadores e funcion\u00e1rios da rede\",\"datePublished\":\"2023-03-01T16:48:50+00:00\",\"mainEntityOfPage\":{\"@id\":\"https:\\\/\\\/redenoticiaz.com.br\\\/ribeiraopreto-regiao\\\/sp\\\/2023\\\/03\\\/01\\\/educacao-prepara-espetaculo-motivacional-para-professores-educadores-e-funcionarios-da-rede\"},\"wordCount\":309,\"commentCount\":0,\"publisher\":{\"@id\":\"https:\\\/\\\/redenoticiaz.com.br\\\/ribeiraopreto-regiao\\\/#organization\"},\"image\":{\"@id\":\"https:\\\/\\\/redenoticiaz.com.br\\\/ribeiraopreto-regiao\\\/sp\\\/2023\\\/03\\\/01\\\/educacao-prepara-espetaculo-motivacional-para-professores-educadores-e-funcionarios-da-rede#primaryimage\"},\"thumbnailUrl\":\"https:\\\/\\\/redenoticiaz.com.br\\\/ribeiraopreto-regiao\\\/wp-content\\\/uploads\\\/sites\\\/4\\\/2023\\\/03\\\/diogo-almeida-em-guaira-2.jpg\",\"keywords\":[\"DIEGO ALMEIDA\",\"educa\u00e7\u00e3o\",\"ESPET\u00c1CULO MOTIVACIONAL\",\"FUNCION\u00c1RIOS DA REDE MUNICIPAL\"],\"articleSection\":[\"Educa\u00e7\u00e3o\",\"Entretenimento\"],\"inLanguage\":\"pt-BR\",\"potentialAction\":[{\"@type\":\"CommentAction\",\"name\":\"Comment\",\"target\":[\"https:\\\/\\\/redenoticiaz.com.br\\\/ribeiraopreto-regiao\\\/sp\\\/2023\\\/03\\\/01\\\/educacao-prepara-espetaculo-motivacional-para-professores-educadores-e-funcionarios-da-rede#respond\"]}]},{\"@type\":\"WebPage\",\"@id\":\"https:\\\/\\\/redenoticiaz.com.br\\\/ribeiraopreto-regiao\\\/sp\\\/2023\\\/03\\\/01\\\/educacao-prepara-espetaculo-motivacional-para-professores-educadores-e-funcionarios-da-rede\",\"url\":\"https:\\\/\\\/redenoticiaz.com.br\\\/ribeiraopreto-regiao\\\/sp\\\/2023\\\/03\\\/01\\\/educacao-prepara-espetaculo-motivacional-para-professores-educadores-e-funcionarios-da-rede\",\"name\":\"Educa\u00e7\u00e3o prepara espet\u00e1culo motivacional para professores, educadores e funcion\u00e1rios da rede - Ribeir\u00e3o Preto e Regi\u00e3o\",\"isPartOf\":{\"@id\":\"https:\\\/\\\/redenoticiaz.com.br\\\/ribeiraopreto-regiao\\\/#website\"},\"primaryImageOfPage\":{\"@id\":\"https:\\\/\\\/redenoticiaz.com.br\\\/ribeiraopreto-regiao\\\/sp\\\/2023\\\/03\\\/01\\\/educacao-prepara-espetaculo-motivacional-para-professores-educadores-e-funcionarios-da-rede#primaryimage\"},\"image\":{\"@id\":\"https:\\\/\\\/redenoticiaz.com.br\\\/ribeiraopreto-regiao\\\/sp\\\/2023\\\/03\\\/01\\\/educacao-prepara-espetaculo-motivacional-para-professores-educadores-e-funcionarios-da-rede#primaryimage\"},\"thumbnailUrl\":\"https:\\\/\\\/redenoticiaz.com.br\\\/ribeiraopreto-regiao\\\/wp-content\\\/uploads\\\/sites\\\/4\\\/2023\\\/03\\\/diogo-almeida-em-guaira-2.jpg\",\"datePublished\":\"2023-03-01T16:48:50+00:00\",\"description\":\"Com o objetivo de valorizar e incentivar toda a sua equipe, a Diretoria Municipal de Educa\u00e7\u00e3o est\u00e1 preparando uma grande palestra motivacional\",\"inLanguage\":\"pt-BR\",\"potentialAction\":[{\"@type\":\"ReadAction\",\"target\":[\"https:\\\/\\\/redenoticiaz.com.br\\\/ribeiraopreto-regiao\\\/sp\\\/2023\\\/03\\\/01\\\/educacao-prepara-espetaculo-motivacional-para-professores-educadores-e-funcionarios-da-rede\"]}]},{\"@type\":\"ImageObject\",\"inLanguage\":\"pt-BR\",\"@id\":\"https:\\\/\\\/redenoticiaz.com.br\\\/ribeiraopreto-regiao\\\/sp\\\/2023\\\/03\\\/01\\\/educacao-prepara-espetaculo-motivacional-para-professores-educadores-e-funcionarios-da-rede#primaryimage\",\"url\":\"https:\\\/\\\/redenoticiaz.com.br\\\/ribeiraopreto-regiao\\\/wp-content\\\/uploads\\\/sites\\\/4\\\/2023\\\/03\\\/diogo-almeida-em-guaira-2.jpg\",\"contentUrl\":\"https:\\\/\\\/redenoticiaz.com.br\\\/ribeiraopreto-regiao\\\/wp-content\\\/uploads\\\/sites\\\/4\\\/2023\\\/03\\\/diogo-almeida-em-guaira-2.jpg\",\"width\":1230,\"height\":890,\"caption\":\"Cr\u00e9dito: Divulga\u00e7\u00e3o\"},{\"@type\":\"WebSite\",\"@id\":\"https:\\\/\\\/redenoticiaz.com.br\\\/ribeiraopreto-regiao\\\/#website\",\"url\":\"https:\\\/\\\/redenoticiaz.com.br\\\/ribeiraopreto-regiao\\\/\",\"name\":\"Ribeir\u00e3o Preto e Regi\u00e3o\",\"description\":\"Rede NoticiaZ - Ribeir\u00e3o Preto e regi\u00e3o\",\"publisher\":{\"@id\":\"https:\\\/\\\/redenoticiaz.com.br\\\/ribeiraopreto-regiao\\\/#organization\"},\"potentialAction\":[{\"@type\":\"SearchAction\",\"target\":{\"@type\":\"EntryPoint\",\"urlTemplate\":\"https:\\\/\\\/redenoticiaz.com.br\\\/ribeiraopreto-regiao\\\/?s={search_term_string}\"},\"query-input\":{\"@type\":\"PropertyValueSpecification\",\"valueRequired\":true,\"valueName\":\"search_term_string\"}}],\"inLanguage\":\"pt-BR\"},{\"@type\":\"Organization\",\"@id\":\"https:\\\/\\\/redenoticiaz.com.br\\\/ribeiraopreto-regiao\\\/#organization\",\"name\":\"Ribeir\u00e3o Preto e Regi\u00e3o\",\"url\":\"https:\\\/\\\/redenoticiaz.com.br\\\/ribeiraopreto-regiao\\\/\",\"logo\":{\"@type\":\"ImageObject\",\"inLanguage\":\"pt-BR\",\"@id\":\"https:\\\/\\\/redenoticiaz.com.br\\\/ribeiraopreto-regiao\\\/#\\\/schema\\\/logo\\\/image\\\/\",\"url\":\"https:\\\/\\\/redenoticiaz.com.br\\\/barretos-regiao\\\/wp-content\\\/uploads\\\/sites\\\/4\\\/2022\\\/02\\\/logo.jpg\",\"contentUrl\":\"https:\\\/\\\/redenoticiaz.com.br\\\/barretos-regiao\\\/wp-content\\\/uploads\\\/sites\\\/4\\\/2022\\\/02\\\/logo.jpg\",\"width\":400,\"height\":250,\"caption\":\"Ribeir\u00e3o Preto e Regi\u00e3o\"},\"image\":{\"@id\":\"https:\\\/\\\/redenoticiaz.com.br\\\/ribeiraopreto-regiao\\\/#\\\/schema\\\/logo\\\/image\\\/\"},\"sameAs\":[\"https:\\\/\\\/m.facebook.com\\\/redenoticiaz.barretos\",\"https:\\\/\\\/x.com\\\/RN_barretos\",\"https:\\\/\\\/www.instagram.com\\\/redenoticiaz.barretos\\\/?igshid=YmMyMTA2M2Y\",\"https:\\\/\\\/www.linkedin.com\\\/company\\\/rede-noticiaz-barretos-e-regio\\\/\"]},{\"@type\":\"Person\",\"@id\":\"\",\"url\":\"https:\\\/\\\/redenoticiaz.com.br\\\/ribeiraopreto-regiao\\\/sp\\\/author\"}]}<\/script>\n<!-- \/ Yoast SEO plugin. -->","yoast_head_json":{"title":"Educa\u00e7\u00e3o prepara espet\u00e1culo motivacional para professores, educadores e funcion\u00e1rios da rede - Ribeir\u00e3o Preto e Regi\u00e3o","description":"Com o objetivo de valorizar e incentivar toda a sua equipe, a Diretoria Municipal de Educa\u00e7\u00e3o est\u00e1 preparando uma grande palestra motivacional","robots":{"index":"index","follow":"follow","max-snippet":"max-snippet:-1","max-image-preview":"max-image-preview:large","max-video-preview":"max-video-preview:-1"},"canonical":"https:\/\/redenoticiaz.com.br\/ribeiraopreto-regiao\/sp\/2023\/03\/01\/educacao-prepara-espetaculo-motivacional-para-professores-educadores-e-funcionarios-da-rede","og_locale":"pt_BR","og_type":"article","og_title":"Educa\u00e7\u00e3o prepara espet\u00e1culo motivacional para professores, educadores e funcion\u00e1rios da rede - Ribeir\u00e3o Preto e Regi\u00e3o","og_description":"Com o objetivo de valorizar e incentivar toda a sua equipe, a Diretoria Municipal de Educa\u00e7\u00e3o est\u00e1 preparando uma grande palestra motivacional","og_url":"https:\/\/redenoticiaz.com.br\/ribeiraopreto-regiao\/sp\/2023\/03\/01\/educacao-prepara-espetaculo-motivacional-para-professores-educadores-e-funcionarios-da-rede","og_site_name":"Ribeir\u00e3o Preto e Regi\u00e3o","article_publisher":"https:\/\/m.facebook.com\/redenoticiaz.barretos","article_published_time":"2023-03-01T16:48:50+00:00","og_image":[{"width":1230,"height":890,"url":"https:\/\/redenoticiaz.com.br\/ribeiraopreto-regiao\/wp-content\/uploads\/sites\/4\/2023\/03\/diogo-almeida-em-guaira-2.jpg","type":"image\/jpeg"}],"twitter_card":"summary_large_image","twitter_creator":"@RN_barretos","twitter_site":"@RN_barretos","twitter_misc":{"Escrito por":"","Est. tempo de leitura":"2 minutos"},"schema":{"@context":"https:\/\/schema.org","@graph":[{"@type":"Article","@id":"https:\/\/redenoticiaz.com.br\/ribeiraopreto-regiao\/sp\/2023\/03\/01\/educacao-prepara-espetaculo-motivacional-para-professores-educadores-e-funcionarios-da-rede#article","isPartOf":{"@id":"https:\/\/redenoticiaz.com.br\/ribeiraopreto-regiao\/sp\/2023\/03\/01\/educacao-prepara-espetaculo-motivacional-para-professores-educadores-e-funcionarios-da-rede"},"author":{"name":"","@id":""},"headline":"Educa\u00e7\u00e3o prepara espet\u00e1culo motivacional para professores, educadores e funcion\u00e1rios da rede","datePublished":"2023-03-01T16:48:50+00:00","mainEntityOfPage":{"@id":"https:\/\/redenoticiaz.com.br\/ribeiraopreto-regiao\/sp\/2023\/03\/01\/educacao-prepara-espetaculo-motivacional-para-professores-educadores-e-funcionarios-da-rede"},"wordCount":309,"commentCount":0,"publisher":{"@id":"https:\/\/redenoticiaz.com.br\/ribeiraopreto-regiao\/#organization"},"image":{"@id":"https:\/\/redenoticiaz.com.br\/ribeiraopreto-regiao\/sp\/2023\/03\/01\/educacao-prepara-espetaculo-motivacional-para-professores-educadores-e-funcionarios-da-rede#primaryimage"},"thumbnailUrl":"https:\/\/redenoticiaz.com.br\/ribeiraopreto-regiao\/wp-content\/uploads\/sites\/4\/2023\/03\/diogo-almeida-em-guaira-2.jpg","keywords":["DIEGO ALMEIDA","educa\u00e7\u00e3o","ESPET\u00c1CULO MOTIVACIONAL","FUNCION\u00c1RIOS DA REDE MUNICIPAL"],"articleSection":["Educa\u00e7\u00e3o","Entretenimento"],"inLanguage":"pt-BR","potentialAction":[{"@type":"CommentAction","name":"Comment","target":["https:\/\/redenoticiaz.com.br\/ribeiraopreto-regiao\/sp\/2023\/03\/01\/educacao-prepara-espetaculo-motivacional-para-professores-educadores-e-funcionarios-da-rede#respond"]}]},{"@type":"WebPage","@id":"https:\/\/redenoticiaz.com.br\/ribeiraopreto-regiao\/sp\/2023\/03\/01\/educacao-prepara-espetaculo-motivacional-para-professores-educadores-e-funcionarios-da-rede","url":"https:\/\/redenoticiaz.com.br\/ribeiraopreto-regiao\/sp\/2023\/03\/01\/educacao-prepara-espetaculo-motivacional-para-professores-educadores-e-funcionarios-da-rede","name":"Educa\u00e7\u00e3o prepara espet\u00e1culo motivacional para professores, educadores e funcion\u00e1rios da rede - Ribeir\u00e3o Preto e Regi\u00e3o","isPartOf":{"@id":"https:\/\/redenoticiaz.com.br\/ribeiraopreto-regiao\/#website"},"primaryImageOfPage":{"@id":"https:\/\/redenoticiaz.com.br\/ribeiraopreto-regiao\/sp\/2023\/03\/01\/educacao-prepara-espetaculo-motivacional-para-professores-educadores-e-funcionarios-da-rede#primaryimage"},"image":{"@id":"https:\/\/redenoticiaz.com.br\/ribeiraopreto-regiao\/sp\/2023\/03\/01\/educacao-prepara-espetaculo-motivacional-para-professores-educadores-e-funcionarios-da-rede#primaryimage"},"thumbnailUrl":"https:\/\/redenoticiaz.com.br\/ribeiraopreto-regiao\/wp-content\/uploads\/sites\/4\/2023\/03\/diogo-almeida-em-guaira-2.jpg","datePublished":"2023-03-01T16:48:50+00:00","description":"Com o objetivo de valorizar e incentivar toda a sua equipe, a Diretoria Municipal de Educa\u00e7\u00e3o est\u00e1 preparando uma grande palestra motivacional","inLanguage":"pt-BR","potentialAction":[{"@type":"ReadAction","target":["https:\/\/redenoticiaz.com.br\/ribeiraopreto-regiao\/sp\/2023\/03\/01\/educacao-prepara-espetaculo-motivacional-para-professores-educadores-e-funcionarios-da-rede"]}]},{"@type":"ImageObject","inLanguage":"pt-BR","@id":"https:\/\/redenoticiaz.com.br\/ribeiraopreto-regiao\/sp\/2023\/03\/01\/educacao-prepara-espetaculo-motivacional-para-professores-educadores-e-funcionarios-da-rede#primaryimage","url":"https:\/\/redenoticiaz.com.br\/ribeiraopreto-regiao\/wp-content\/uploads\/sites\/4\/2023\/03\/diogo-almeida-em-guaira-2.jpg","contentUrl":"https:\/\/redenoticiaz.com.br\/ribeiraopreto-regiao\/wp-content\/uploads\/sites\/4\/2023\/03\/diogo-almeida-em-guaira-2.jpg","width":1230,"height":890,"caption":"Cr\u00e9dito: Divulga\u00e7\u00e3o"},{"@type":"WebSite","@id":"https:\/\/redenoticiaz.com.br\/ribeiraopreto-regiao\/#website","url":"https:\/\/redenoticiaz.com.br\/ribeiraopreto-regiao\/","name":"Ribeir\u00e3o Preto e Regi\u00e3o","description":"Rede NoticiaZ - Ribeir\u00e3o Preto e regi\u00e3o","publisher":{"@id":"https:\/\/redenoticiaz.com.br\/ribeiraopreto-regiao\/#organization"},"potentialAction":[{"@type":"SearchAction","target":{"@type":"EntryPoint","urlTemplate":"https:\/\/redenoticiaz.com.br\/ribeiraopreto-regiao\/?s={search_term_string}"},"query-input":{"@type":"PropertyValueSpecification","valueRequired":true,"valueName":"search_term_string"}}],"inLanguage":"pt-BR"},{"@type":"Organization","@id":"https:\/\/redenoticiaz.com.br\/ribeiraopreto-regiao\/#organization","name":"Ribeir\u00e3o Preto e Regi\u00e3o","url":"https:\/\/redenoticiaz.com.br\/ribeiraopreto-regiao\/","logo":{"@type":"ImageObject","inLanguage":"pt-BR","@id":"https:\/\/redenoticiaz.com.br\/ribeiraopreto-regiao\/#\/schema\/logo\/image\/","url":"https:\/\/redenoticiaz.com.br\/barretos-regiao\/wp-content\/uploads\/sites\/4\/2022\/02\/logo.jpg","contentUrl":"https:\/\/redenoticiaz.com.br\/barretos-regiao\/wp-content\/uploads\/sites\/4\/2022\/02\/logo.jpg","width":400,"height":250,"caption":"Ribeir\u00e3o Preto e Regi\u00e3o"},"image":{"@id":"https:\/\/redenoticiaz.com.br\/ribeiraopreto-regiao\/#\/schema\/logo\/image\/"},"sameAs":["https:\/\/m.facebook.com\/redenoticiaz.barretos","https:\/\/x.com\/RN_barretos","https:\/\/www.instagram.com\/redenoticiaz.barretos\/?igshid=YmMyMTA2M2Y","https:\/\/www.linkedin.com\/company\/rede-noticiaz-barretos-e-regio\/"]},{"@type":"Person","@id":"","url":"https:\/\/redenoticiaz.com.br\/ribeiraopreto-regiao\/sp\/author"}]}},"_links":{"self":[{"href":"https:\/\/redenoticiaz.com.br\/ribeiraopreto-regiao\/wp-json\/wp\/v2\/posts\/101315","targetHints":{"allow":["GET"]}}],"collection":[{"href":"https:\/\/redenoticiaz.com.br\/ribeiraopreto-regiao\/wp-json\/wp\/v2\/posts"}],"about":[{"href":"https:\/\/redenoticiaz.com.br\/ribeiraopreto-regiao\/wp-json\/wp\/v2\/types\/post"}],"author":[{"embeddable":true,"href":"https:\/\/redenoticiaz.com.br\/ribeiraopreto-regiao\/wp-json\/wp\/v2\/users\/15"}],"replies":[{"embeddable":true,"href":"https:\/\/redenoticiaz.com.br\/ribeiraopreto-regiao\/wp-json\/wp\/v2\/comments?post=101315"}],"version-history":[{"count":1,"href":"https:\/\/redenoticiaz.com.br\/ribeiraopreto-regiao\/wp-json\/wp\/v2\/posts\/101315\/revisions"}],"predecessor-version":[{"id":101317,"href":"https:\/\/redenoticiaz.com.br\/ribeiraopreto-regiao\/wp-json\/wp\/v2\/posts\/101315\/revisions\/101317"}],"wp:featuredmedia":[{"embeddable":true,"href":"https:\/\/redenoticiaz.com.br\/ribeiraopreto-regiao\/wp-json\/wp\/v2\/media\/101316"}],"wp:attachment":[{"href":"https:\/\/redenoticiaz.com.br\/ribeiraopreto-regiao\/wp-json\/wp\/v2\/media?parent=101315"}],"wp:term":[{"taxonomy":"category","embeddable":true,"href":"https:\/\/redenoticiaz.com.br\/ribeiraopreto-regiao\/wp-json\/wp\/v2\/categories?post=101315"},{"taxonomy":"post_tag","embeddable":true,"href":"https:\/\/redenoticiaz.com.br\/ribeiraopreto-regiao\/wp-json\/wp\/v2\/tags?post=101315"}],"curies":[{"name":"wp","href":"https:\/\/api.w.org\/{rel}","templated":true}]}}