{"id":101366,"date":"2023-03-02T11:14:52","date_gmt":"2023-03-02T14:14:52","guid":{"rendered":"https:\/\/redenoticiaz.com.br\/barretos-regiao\/sp\/2023\/03\/02\/ex-modelo-e-assassinada-e-partes-do-corpo-sao-deixadas-em-carrinho-de-supermercado"},"modified":"2023-03-02T11:14:52","modified_gmt":"2023-03-02T14:14:52","slug":"ex-modelo-e-assassinada-e-partes-do-corpo-sao-deixadas-em-carrinho-de-supermercado","status":"publish","type":"post","link":"https:\/\/redenoticiaz.com.br\/ribeiraopreto-regiao\/sp\/2023\/03\/02\/ex-modelo-e-assassinada-e-partes-do-corpo-sao-deixadas-em-carrinho-de-supermercado","title":{"rendered":"Ex-modelo \u00e9 assassinada e partes do corpo s\u00e3o deixadas em carrinho de supermercado"},"content":{"rendered":"<div id=\"chunk-to1m\">\n<div class=\"mc-column content-text active-extra-styles \" data-block-type=\"unstyled\" data-block-weight=\"29\" data-block-id=\"3\">\n<p class=\"content-text__container \" data-track-category=\"Link no Texto\" data-track-links=\"\">A ex-modelo Aline La\u00eds Lopes, de 34 anos, foi encontrada morta ap\u00f3s ser <strong>estrangulada, esquartejada e queimada<\/strong> na cidade de Cotia, na Grande S\u00e3o Paulo. Partes do corpo dela foram encontradas em um carrinho de supermercado, abandonado em uma passarela. Segundo a Pol\u00edcia Civil, duas suspeitas do crime ocorrido em uma casa de shows abandonada foram presas.<\/p>\n<\/div>\n<\/div>\n<div class=\"wall protected-content\">\n<div id=\"chunk-5dhbh\">\n<div class=\"mc-column content-text active-extra-styles \" data-block-type=\"unstyled\" data-block-weight=\"35\" data-block-id=\"4\">\n<p class=\"content-text__container \" data-track-category=\"Link no Texto\" data-track-links=\"\">A v\u00edtima havia desaparecido na \u00faltima quarta-feira (22). Partes do corpo foram encontradas carbonizadas no s\u00e1bado (25) passado dentro de um carrinho de compras abandonado em uma passarela da cidade. Uma mulher e uma travesti foram detidas pela delegacia de Cotia. Segundo a pol\u00edcia, as duas fizeram uma emboscada para Aline e a mataram. O motivo do crime foi ci\u00fames, de acordo com a investiga\u00e7\u00e3o.<\/p>\n<div id=\"chunk-3cucl\">\n<div class=\"mc-column content-text active-extra-styles \" data-block-type=\"unstyled\" data-block-weight=\"57\" data-block-id=\"8\">\n<p class=\"content-text__container \" data-track-category=\"Link no Texto\" data-track-links=\"\">A mulher presa decidiu matar Aline depois de desconfiar que a v\u00edtima estaria tendo um relacionamento com seu marido. Ele \u00e9 usu\u00e1rio de drogas e teria oferecido entorpecente para a ex-modelo em troca de sexo. Para cometer o crime, a mulher pediu ajuda a uma travesti. Dois homens foram ouvidos e liberados. Os nomes n\u00e3o foram divulgados.<\/p>\n<\/div>\n<\/div>\n<div class=\"mc-column content-text active-extra-styles\" data-block-type=\"raw\" data-block-weight=\"43\" data-block-id=\"9\">&#8220;A autora executou esse crime em parceria de um outra pessoa j\u00e1 identificada, \u00e9 uma travesti, de compreens\u00e3o f\u00edsica forte que ajudou a autora que tem uma compreens\u00e3o f\u00edsica menor a matar a v\u00edtima&#8221;, disse a delegada M\u00f4nica Resende Gamboa.<\/div>\n<\/div>\n<\/div>\n<\/div>\n<div data-block-type=\"raw\" data-block-weight=\"43\" data-block-id=\"9\"><\/div>\n<div data-block-type=\"raw\" data-block-weight=\"43\" data-block-id=\"9\">\n<div id=\"chunk-ck41l\">\n<div class=\"mc-column content-text active-extra-styles \" data-block-type=\"unstyled\" data-block-weight=\"49\" data-block-id=\"12\">\n<p class=\"content-text__container \" data-track-category=\"Link no Texto\" data-track-links=\"\">Ainda segundo a pol\u00edcia, Aline foi atra\u00edda pelas duas para a casa de shows abandonada, onde foi estrangulada com um cadar\u00e7o ou fio. Depois disso, um sof\u00e1 foi jogado sobre o corpo e incendiado. Em seguida, os restos mortais dela foram colocados num carrinho e levados at\u00e9 a passarela.<\/p>\n<\/div>\n<\/div>\n<div id=\"chunk-a0va6\">\n<div class=\"mc-column content-text active-extra-styles \" data-block-type=\"unstyled\" data-block-weight=\"42\" data-block-id=\"13\">\n<p class=\"content-text__container \" data-track-category=\"Link no Texto\" data-track-links=\"\">Um morador de rua, tamb\u00e9m usu\u00e1rio de drogas, que levou o carrinho com partes do corpo de Aline, foi ouvido pela pol\u00edcia e liberado. Ele contou ter recebido entorpecente em troca de fazer o transporte que seria de um suposto cachorro morto.<\/p>\n<\/div>\n<\/div>\n<div id=\"chunk-1t5vh\">\n<div class=\"mc-column content-text active-extra-styles \" data-block-type=\"unstyled\" data-block-weight=\"57\" data-block-id=\"14\">\n<p class=\"content-text__container \" data-track-category=\"Link no Texto\" data-track-links=\"\">Por causa do estado em que o corpo foi encontrado, a identifica\u00e7\u00e3o da v\u00edtima s\u00f3 foi poss\u00edvel por meio de exame de DNA. Aline foi enterrada nesta quarta-feira (1\u00ba). O local e a cidade n\u00e3o foram divulgados pela fam\u00edlia. Ela morava numa casa com a m\u00e3e, o cunhado, o irm\u00e3o e o filho dela, de 1 ano.<\/p>\n<p data-track-category=\"Link no Texto\" data-track-links=\"\"><strong>LEIA TAMB\u00c9M<\/strong><\/p>\n<p data-track-category=\"Link no Texto\" data-track-links=\"\"><a href=\"https:\/\/redenoticiaz.com.br\/blog\/2023\/03\/01\/homem-e-preso-por-cultivar-pe-de-maconha-no-quintal-de-casa\">Homem \u00e9 preso por cultivar p\u00e9 de maconha no quintal de casa<\/a><\/p>\n<\/div>\n<\/div>\n<\/div>\n","protected":false},"excerpt":{"rendered":"<p>A ex-modelo Aline La\u00eds Lopes, de 34 anos, foi encontrada morta ap\u00f3s ser estrangulada, esquartejada e queimada na cidade de Cotia, na Grande S\u00e3o Paulo. Partes do corpo dela foram encontradas em um carrinho de supermercado, abandonado em uma passarela. Segundo a Pol\u00edcia Civil, duas suspeitas do crime ocorrido em uma casa de shows abandonada &hellip;<\/p>\n","protected":false},"author":6,"featured_media":101367,"comment_status":"open","ping_status":"closed","sticky":false,"template":"","format":"standard","meta":{"footnotes":""},"categories":[88],"tags":[3075,25354,25355,22320,25356],"class_list":["post-101366","post","type-post","status-publish","format-standard","has-post-thumbnail","hentry","category-policia","tag-assassinato","tag-cotia","tag-modelo","tag-policia-civil-2","tag-suspeitas-presas"],"yoast_head":"<!-- This site is optimized with the Yoast SEO plugin v27.4 - https:\/\/yoast.com\/product\/yoast-seo-wordpress\/ -->\n<title>Ex-modelo \u00e9 assassinada e partes do corpo s\u00e3o deixadas em carrinho de supermercado - Ribeir\u00e3o Preto e Regi\u00e3o<\/title>\n<meta name=\"description\" content=\"A ex-modelo Aline La\u00eds Lopes, de 34 anos, foi encontrada morta ap\u00f3s ser estrangulada, esquartejada e queimada na cidade de Cotia\" \/>\n<meta name=\"robots\" content=\"index, follow, max-snippet:-1, max-image-preview:large, max-video-preview:-1\" \/>\n<link rel=\"canonical\" href=\"https:\/\/redenoticiaz.com.br\/ribeiraopreto-regiao\/sp\/2023\/03\/02\/ex-modelo-e-assassinada-e-partes-do-corpo-sao-deixadas-em-carrinho-de-supermercado\" \/>\n<meta property=\"og:locale\" content=\"pt_BR\" \/>\n<meta property=\"og:type\" content=\"article\" \/>\n<meta property=\"og:title\" content=\"Ex-modelo \u00e9 assassinada e partes do corpo s\u00e3o deixadas em carrinho de supermercado - Ribeir\u00e3o Preto e Regi\u00e3o\" \/>\n<meta property=\"og:description\" content=\"A ex-modelo Aline La\u00eds Lopes, de 34 anos, foi encontrada morta ap\u00f3s ser estrangulada, esquartejada e queimada na cidade de Cotia\" \/>\n<meta property=\"og:url\" content=\"https:\/\/redenoticiaz.com.br\/ribeiraopreto-regiao\/sp\/2023\/03\/02\/ex-modelo-e-assassinada-e-partes-do-corpo-sao-deixadas-em-carrinho-de-supermercado\" \/>\n<meta property=\"og:site_name\" content=\"Ribeir\u00e3o Preto e Regi\u00e3o\" \/>\n<meta property=\"article:publisher\" content=\"https:\/\/m.facebook.com\/redenoticiaz.barretos\" \/>\n<meta property=\"article:published_time\" content=\"2023-03-02T14:14:52+00:00\" \/>\n<meta property=\"og:image\" content=\"https:\/\/redenoticiaz.com.br\/ribeiraopreto-regiao\/wp-content\/uploads\/sites\/4\/2022\/02\/logo.jpg\" \/>\n\t<meta property=\"og:image:width\" content=\"400\" \/>\n\t<meta property=\"og:image:height\" content=\"250\" \/>\n\t<meta property=\"og:image:type\" content=\"image\/jpeg\" \/>\n<meta name=\"author\" content=\"Leonardo Francisco\" \/>\n<meta name=\"twitter:card\" content=\"summary_large_image\" \/>\n<meta name=\"twitter:creator\" content=\"@RN_barretos\" \/>\n<meta name=\"twitter:site\" content=\"@RN_barretos\" \/>\n<meta name=\"twitter:label1\" content=\"Escrito por\" \/>\n\t<meta name=\"twitter:data1\" content=\"Leonardo Francisco\" \/>\n\t<meta name=\"twitter:label2\" content=\"Est. tempo de leitura\" \/>\n\t<meta name=\"twitter:data2\" content=\"3 minutos\" \/>\n<script type=\"application\/ld+json\" class=\"yoast-schema-graph\">{\"@context\":\"https:\\\/\\\/schema.org\",\"@graph\":[{\"@type\":\"Article\",\"@id\":\"https:\\\/\\\/redenoticiaz.com.br\\\/ribeiraopreto-regiao\\\/sp\\\/2023\\\/03\\\/02\\\/ex-modelo-e-assassinada-e-partes-do-corpo-sao-deixadas-em-carrinho-de-supermercado#article\",\"isPartOf\":{\"@id\":\"https:\\\/\\\/redenoticiaz.com.br\\\/ribeiraopreto-regiao\\\/sp\\\/2023\\\/03\\\/02\\\/ex-modelo-e-assassinada-e-partes-do-corpo-sao-deixadas-em-carrinho-de-supermercado\"},\"author\":{\"name\":\"Leonardo Francisco\",\"@id\":\"https:\\\/\\\/redenoticiaz.com.br\\\/ribeiraopreto-regiao\\\/#\\\/schema\\\/person\\\/0f0b8a5bdafefe82841e07ae8d81ecb3\"},\"headline\":\"Ex-modelo \u00e9 assassinada e partes do corpo s\u00e3o deixadas em carrinho de supermercado\",\"datePublished\":\"2023-03-02T14:14:52+00:00\",\"mainEntityOfPage\":{\"@id\":\"https:\\\/\\\/redenoticiaz.com.br\\\/ribeiraopreto-regiao\\\/sp\\\/2023\\\/03\\\/02\\\/ex-modelo-e-assassinada-e-partes-do-corpo-sao-deixadas-em-carrinho-de-supermercado\"},\"wordCount\":418,\"commentCount\":0,\"publisher\":{\"@id\":\"https:\\\/\\\/redenoticiaz.com.br\\\/ribeiraopreto-regiao\\\/#organization\"},\"image\":{\"@id\":\"https:\\\/\\\/redenoticiaz.com.br\\\/ribeiraopreto-regiao\\\/sp\\\/2023\\\/03\\\/02\\\/ex-modelo-e-assassinada-e-partes-do-corpo-sao-deixadas-em-carrinho-de-supermercado#primaryimage\"},\"thumbnailUrl\":\"https:\\\/\\\/redenoticiaz.com.br\\\/ribeiraopreto-regiao\\\/wp-content\\\/uploads\\\/sites\\\/4\\\/2023\\\/03\\\/exmodelomorta.jpg?v=1677766432\",\"keywords\":[\"ASSASSINATO\",\"COTIA\",\"MODELO\",\"POL\u00cdCIA CIVIL\",\"suspeitas presas\"],\"articleSection\":[\"Pol\u00edcia\"],\"inLanguage\":\"pt-BR\",\"potentialAction\":[{\"@type\":\"CommentAction\",\"name\":\"Comment\",\"target\":[\"https:\\\/\\\/redenoticiaz.com.br\\\/ribeiraopreto-regiao\\\/sp\\\/2023\\\/03\\\/02\\\/ex-modelo-e-assassinada-e-partes-do-corpo-sao-deixadas-em-carrinho-de-supermercado#respond\"]}]},{\"@type\":\"WebPage\",\"@id\":\"https:\\\/\\\/redenoticiaz.com.br\\\/ribeiraopreto-regiao\\\/sp\\\/2023\\\/03\\\/02\\\/ex-modelo-e-assassinada-e-partes-do-corpo-sao-deixadas-em-carrinho-de-supermercado\",\"url\":\"https:\\\/\\\/redenoticiaz.com.br\\\/ribeiraopreto-regiao\\\/sp\\\/2023\\\/03\\\/02\\\/ex-modelo-e-assassinada-e-partes-do-corpo-sao-deixadas-em-carrinho-de-supermercado\",\"name\":\"Ex-modelo \u00e9 assassinada e partes do corpo s\u00e3o deixadas em carrinho de supermercado - Ribeir\u00e3o Preto e Regi\u00e3o\",\"isPartOf\":{\"@id\":\"https:\\\/\\\/redenoticiaz.com.br\\\/ribeiraopreto-regiao\\\/#website\"},\"primaryImageOfPage\":{\"@id\":\"https:\\\/\\\/redenoticiaz.com.br\\\/ribeiraopreto-regiao\\\/sp\\\/2023\\\/03\\\/02\\\/ex-modelo-e-assassinada-e-partes-do-corpo-sao-deixadas-em-carrinho-de-supermercado#primaryimage\"},\"image\":{\"@id\":\"https:\\\/\\\/redenoticiaz.com.br\\\/ribeiraopreto-regiao\\\/sp\\\/2023\\\/03\\\/02\\\/ex-modelo-e-assassinada-e-partes-do-corpo-sao-deixadas-em-carrinho-de-supermercado#primaryimage\"},\"thumbnailUrl\":\"https:\\\/\\\/redenoticiaz.com.br\\\/ribeiraopreto-regiao\\\/wp-content\\\/uploads\\\/sites\\\/4\\\/2023\\\/03\\\/exmodelomorta.jpg?v=1677766432\",\"datePublished\":\"2023-03-02T14:14:52+00:00\",\"description\":\"A ex-modelo Aline La\u00eds Lopes, de 34 anos, foi encontrada morta ap\u00f3s ser estrangulada, esquartejada e queimada na cidade de Cotia\",\"inLanguage\":\"pt-BR\",\"potentialAction\":[{\"@type\":\"ReadAction\",\"target\":[\"https:\\\/\\\/redenoticiaz.com.br\\\/ribeiraopreto-regiao\\\/sp\\\/2023\\\/03\\\/02\\\/ex-modelo-e-assassinada-e-partes-do-corpo-sao-deixadas-em-carrinho-de-supermercado\"]}]},{\"@type\":\"ImageObject\",\"inLanguage\":\"pt-BR\",\"@id\":\"https:\\\/\\\/redenoticiaz.com.br\\\/ribeiraopreto-regiao\\\/sp\\\/2023\\\/03\\\/02\\\/ex-modelo-e-assassinada-e-partes-do-corpo-sao-deixadas-em-carrinho-de-supermercado#primaryimage\",\"url\":\"https:\\\/\\\/redenoticiaz.com.br\\\/ribeiraopreto-regiao\\\/wp-content\\\/uploads\\\/sites\\\/4\\\/2023\\\/03\\\/exmodelomorta.jpg?v=1677766432\",\"contentUrl\":\"https:\\\/\\\/redenoticiaz.com.br\\\/ribeiraopreto-regiao\\\/wp-content\\\/uploads\\\/sites\\\/4\\\/2023\\\/03\\\/exmodelomorta.jpg?v=1677766432\",\"width\":850,\"height\":566,\"caption\":\"Cr\u00e9ditos: Reprodu\u00e7\u00e3o\\\/Record TV\"},{\"@type\":\"WebSite\",\"@id\":\"https:\\\/\\\/redenoticiaz.com.br\\\/ribeiraopreto-regiao\\\/#website\",\"url\":\"https:\\\/\\\/redenoticiaz.com.br\\\/ribeiraopreto-regiao\\\/\",\"name\":\"Ribeir\u00e3o Preto e Regi\u00e3o\",\"description\":\"Rede NoticiaZ - Ribeir\u00e3o Preto e regi\u00e3o\",\"publisher\":{\"@id\":\"https:\\\/\\\/redenoticiaz.com.br\\\/ribeiraopreto-regiao\\\/#organization\"},\"potentialAction\":[{\"@type\":\"SearchAction\",\"target\":{\"@type\":\"EntryPoint\",\"urlTemplate\":\"https:\\\/\\\/redenoticiaz.com.br\\\/ribeiraopreto-regiao\\\/?s={search_term_string}\"},\"query-input\":{\"@type\":\"PropertyValueSpecification\",\"valueRequired\":true,\"valueName\":\"search_term_string\"}}],\"inLanguage\":\"pt-BR\"},{\"@type\":\"Organization\",\"@id\":\"https:\\\/\\\/redenoticiaz.com.br\\\/ribeiraopreto-regiao\\\/#organization\",\"name\":\"Ribeir\u00e3o Preto e Regi\u00e3o\",\"url\":\"https:\\\/\\\/redenoticiaz.com.br\\\/ribeiraopreto-regiao\\\/\",\"logo\":{\"@type\":\"ImageObject\",\"inLanguage\":\"pt-BR\",\"@id\":\"https:\\\/\\\/redenoticiaz.com.br\\\/ribeiraopreto-regiao\\\/#\\\/schema\\\/logo\\\/image\\\/\",\"url\":\"https:\\\/\\\/redenoticiaz.com.br\\\/barretos-regiao\\\/wp-content\\\/uploads\\\/sites\\\/4\\\/2022\\\/02\\\/logo.jpg\",\"contentUrl\":\"https:\\\/\\\/redenoticiaz.com.br\\\/barretos-regiao\\\/wp-content\\\/uploads\\\/sites\\\/4\\\/2022\\\/02\\\/logo.jpg\",\"width\":400,\"height\":250,\"caption\":\"Ribeir\u00e3o Preto e Regi\u00e3o\"},\"image\":{\"@id\":\"https:\\\/\\\/redenoticiaz.com.br\\\/ribeiraopreto-regiao\\\/#\\\/schema\\\/logo\\\/image\\\/\"},\"sameAs\":[\"https:\\\/\\\/m.facebook.com\\\/redenoticiaz.barretos\",\"https:\\\/\\\/x.com\\\/RN_barretos\",\"https:\\\/\\\/www.instagram.com\\\/redenoticiaz.barretos\\\/?igshid=YmMyMTA2M2Y\",\"https:\\\/\\\/www.linkedin.com\\\/company\\\/rede-noticiaz-barretos-e-regio\\\/\"]},{\"@type\":\"Person\",\"@id\":\"https:\\\/\\\/redenoticiaz.com.br\\\/ribeiraopreto-regiao\\\/#\\\/schema\\\/person\\\/0f0b8a5bdafefe82841e07ae8d81ecb3\",\"name\":\"Leonardo Francisco\",\"image\":{\"@type\":\"ImageObject\",\"inLanguage\":\"pt-BR\",\"@id\":\"https:\\\/\\\/secure.gravatar.com\\\/avatar\\\/a7358cb406a99b682ec6df1e77e31ae82e63601f6784e8a3df411d72b37864da?s=96&d=mm&r=g\",\"url\":\"https:\\\/\\\/secure.gravatar.com\\\/avatar\\\/a7358cb406a99b682ec6df1e77e31ae82e63601f6784e8a3df411d72b37864da?s=96&d=mm&r=g\",\"contentUrl\":\"https:\\\/\\\/secure.gravatar.com\\\/avatar\\\/a7358cb406a99b682ec6df1e77e31ae82e63601f6784e8a3df411d72b37864da?s=96&d=mm&r=g\",\"caption\":\"Leonardo Francisco\"},\"url\":\"https:\\\/\\\/redenoticiaz.com.br\\\/ribeiraopreto-regiao\\\/sp\\\/author\\\/leonardo-francisco\"}]}<\/script>\n<!-- \/ Yoast SEO plugin. -->","yoast_head_json":{"title":"Ex-modelo \u00e9 assassinada e partes do corpo s\u00e3o deixadas em carrinho de supermercado - Ribeir\u00e3o Preto e Regi\u00e3o","description":"A ex-modelo Aline La\u00eds Lopes, de 34 anos, foi encontrada morta ap\u00f3s ser estrangulada, esquartejada e queimada na cidade de Cotia","robots":{"index":"index","follow":"follow","max-snippet":"max-snippet:-1","max-image-preview":"max-image-preview:large","max-video-preview":"max-video-preview:-1"},"canonical":"https:\/\/redenoticiaz.com.br\/ribeiraopreto-regiao\/sp\/2023\/03\/02\/ex-modelo-e-assassinada-e-partes-do-corpo-sao-deixadas-em-carrinho-de-supermercado","og_locale":"pt_BR","og_type":"article","og_title":"Ex-modelo \u00e9 assassinada e partes do corpo s\u00e3o deixadas em carrinho de supermercado - Ribeir\u00e3o Preto e Regi\u00e3o","og_description":"A ex-modelo Aline La\u00eds Lopes, de 34 anos, foi encontrada morta ap\u00f3s ser estrangulada, esquartejada e queimada na cidade de Cotia","og_url":"https:\/\/redenoticiaz.com.br\/ribeiraopreto-regiao\/sp\/2023\/03\/02\/ex-modelo-e-assassinada-e-partes-do-corpo-sao-deixadas-em-carrinho-de-supermercado","og_site_name":"Ribeir\u00e3o Preto e Regi\u00e3o","article_publisher":"https:\/\/m.facebook.com\/redenoticiaz.barretos","article_published_time":"2023-03-02T14:14:52+00:00","og_image":[{"width":400,"height":250,"url":"https:\/\/redenoticiaz.com.br\/ribeiraopreto-regiao\/wp-content\/uploads\/sites\/4\/2022\/02\/logo.jpg","type":"image\/jpeg"}],"author":"Leonardo Francisco","twitter_card":"summary_large_image","twitter_creator":"@RN_barretos","twitter_site":"@RN_barretos","twitter_misc":{"Escrito por":"Leonardo Francisco","Est. tempo de leitura":"3 minutos"},"schema":{"@context":"https:\/\/schema.org","@graph":[{"@type":"Article","@id":"https:\/\/redenoticiaz.com.br\/ribeiraopreto-regiao\/sp\/2023\/03\/02\/ex-modelo-e-assassinada-e-partes-do-corpo-sao-deixadas-em-carrinho-de-supermercado#article","isPartOf":{"@id":"https:\/\/redenoticiaz.com.br\/ribeiraopreto-regiao\/sp\/2023\/03\/02\/ex-modelo-e-assassinada-e-partes-do-corpo-sao-deixadas-em-carrinho-de-supermercado"},"author":{"name":"Leonardo Francisco","@id":"https:\/\/redenoticiaz.com.br\/ribeiraopreto-regiao\/#\/schema\/person\/0f0b8a5bdafefe82841e07ae8d81ecb3"},"headline":"Ex-modelo \u00e9 assassinada e partes do corpo s\u00e3o deixadas em carrinho de supermercado","datePublished":"2023-03-02T14:14:52+00:00","mainEntityOfPage":{"@id":"https:\/\/redenoticiaz.com.br\/ribeiraopreto-regiao\/sp\/2023\/03\/02\/ex-modelo-e-assassinada-e-partes-do-corpo-sao-deixadas-em-carrinho-de-supermercado"},"wordCount":418,"commentCount":0,"publisher":{"@id":"https:\/\/redenoticiaz.com.br\/ribeiraopreto-regiao\/#organization"},"image":{"@id":"https:\/\/redenoticiaz.com.br\/ribeiraopreto-regiao\/sp\/2023\/03\/02\/ex-modelo-e-assassinada-e-partes-do-corpo-sao-deixadas-em-carrinho-de-supermercado#primaryimage"},"thumbnailUrl":"https:\/\/redenoticiaz.com.br\/ribeiraopreto-regiao\/wp-content\/uploads\/sites\/4\/2023\/03\/exmodelomorta.jpg?v=1677766432","keywords":["ASSASSINATO","COTIA","MODELO","POL\u00cdCIA CIVIL","suspeitas presas"],"articleSection":["Pol\u00edcia"],"inLanguage":"pt-BR","potentialAction":[{"@type":"CommentAction","name":"Comment","target":["https:\/\/redenoticiaz.com.br\/ribeiraopreto-regiao\/sp\/2023\/03\/02\/ex-modelo-e-assassinada-e-partes-do-corpo-sao-deixadas-em-carrinho-de-supermercado#respond"]}]},{"@type":"WebPage","@id":"https:\/\/redenoticiaz.com.br\/ribeiraopreto-regiao\/sp\/2023\/03\/02\/ex-modelo-e-assassinada-e-partes-do-corpo-sao-deixadas-em-carrinho-de-supermercado","url":"https:\/\/redenoticiaz.com.br\/ribeiraopreto-regiao\/sp\/2023\/03\/02\/ex-modelo-e-assassinada-e-partes-do-corpo-sao-deixadas-em-carrinho-de-supermercado","name":"Ex-modelo \u00e9 assassinada e partes do corpo s\u00e3o deixadas em carrinho de supermercado - Ribeir\u00e3o Preto e Regi\u00e3o","isPartOf":{"@id":"https:\/\/redenoticiaz.com.br\/ribeiraopreto-regiao\/#website"},"primaryImageOfPage":{"@id":"https:\/\/redenoticiaz.com.br\/ribeiraopreto-regiao\/sp\/2023\/03\/02\/ex-modelo-e-assassinada-e-partes-do-corpo-sao-deixadas-em-carrinho-de-supermercado#primaryimage"},"image":{"@id":"https:\/\/redenoticiaz.com.br\/ribeiraopreto-regiao\/sp\/2023\/03\/02\/ex-modelo-e-assassinada-e-partes-do-corpo-sao-deixadas-em-carrinho-de-supermercado#primaryimage"},"thumbnailUrl":"https:\/\/redenoticiaz.com.br\/ribeiraopreto-regiao\/wp-content\/uploads\/sites\/4\/2023\/03\/exmodelomorta.jpg?v=1677766432","datePublished":"2023-03-02T14:14:52+00:00","description":"A ex-modelo Aline La\u00eds Lopes, de 34 anos, foi encontrada morta ap\u00f3s ser estrangulada, esquartejada e queimada na cidade de Cotia","inLanguage":"pt-BR","potentialAction":[{"@type":"ReadAction","target":["https:\/\/redenoticiaz.com.br\/ribeiraopreto-regiao\/sp\/2023\/03\/02\/ex-modelo-e-assassinada-e-partes-do-corpo-sao-deixadas-em-carrinho-de-supermercado"]}]},{"@type":"ImageObject","inLanguage":"pt-BR","@id":"https:\/\/redenoticiaz.com.br\/ribeiraopreto-regiao\/sp\/2023\/03\/02\/ex-modelo-e-assassinada-e-partes-do-corpo-sao-deixadas-em-carrinho-de-supermercado#primaryimage","url":"https:\/\/redenoticiaz.com.br\/ribeiraopreto-regiao\/wp-content\/uploads\/sites\/4\/2023\/03\/exmodelomorta.jpg?v=1677766432","contentUrl":"https:\/\/redenoticiaz.com.br\/ribeiraopreto-regiao\/wp-content\/uploads\/sites\/4\/2023\/03\/exmodelomorta.jpg?v=1677766432","width":850,"height":566,"caption":"Cr\u00e9ditos: Reprodu\u00e7\u00e3o\/Record TV"},{"@type":"WebSite","@id":"https:\/\/redenoticiaz.com.br\/ribeiraopreto-regiao\/#website","url":"https:\/\/redenoticiaz.com.br\/ribeiraopreto-regiao\/","name":"Ribeir\u00e3o Preto e Regi\u00e3o","description":"Rede NoticiaZ - Ribeir\u00e3o Preto e regi\u00e3o","publisher":{"@id":"https:\/\/redenoticiaz.com.br\/ribeiraopreto-regiao\/#organization"},"potentialAction":[{"@type":"SearchAction","target":{"@type":"EntryPoint","urlTemplate":"https:\/\/redenoticiaz.com.br\/ribeiraopreto-regiao\/?s={search_term_string}"},"query-input":{"@type":"PropertyValueSpecification","valueRequired":true,"valueName":"search_term_string"}}],"inLanguage":"pt-BR"},{"@type":"Organization","@id":"https:\/\/redenoticiaz.com.br\/ribeiraopreto-regiao\/#organization","name":"Ribeir\u00e3o Preto e Regi\u00e3o","url":"https:\/\/redenoticiaz.com.br\/ribeiraopreto-regiao\/","logo":{"@type":"ImageObject","inLanguage":"pt-BR","@id":"https:\/\/redenoticiaz.com.br\/ribeiraopreto-regiao\/#\/schema\/logo\/image\/","url":"https:\/\/redenoticiaz.com.br\/barretos-regiao\/wp-content\/uploads\/sites\/4\/2022\/02\/logo.jpg","contentUrl":"https:\/\/redenoticiaz.com.br\/barretos-regiao\/wp-content\/uploads\/sites\/4\/2022\/02\/logo.jpg","width":400,"height":250,"caption":"Ribeir\u00e3o Preto e Regi\u00e3o"},"image":{"@id":"https:\/\/redenoticiaz.com.br\/ribeiraopreto-regiao\/#\/schema\/logo\/image\/"},"sameAs":["https:\/\/m.facebook.com\/redenoticiaz.barretos","https:\/\/x.com\/RN_barretos","https:\/\/www.instagram.com\/redenoticiaz.barretos\/?igshid=YmMyMTA2M2Y","https:\/\/www.linkedin.com\/company\/rede-noticiaz-barretos-e-regio\/"]},{"@type":"Person","@id":"https:\/\/redenoticiaz.com.br\/ribeiraopreto-regiao\/#\/schema\/person\/0f0b8a5bdafefe82841e07ae8d81ecb3","name":"Leonardo Francisco","image":{"@type":"ImageObject","inLanguage":"pt-BR","@id":"https:\/\/secure.gravatar.com\/avatar\/a7358cb406a99b682ec6df1e77e31ae82e63601f6784e8a3df411d72b37864da?s=96&d=mm&r=g","url":"https:\/\/secure.gravatar.com\/avatar\/a7358cb406a99b682ec6df1e77e31ae82e63601f6784e8a3df411d72b37864da?s=96&d=mm&r=g","contentUrl":"https:\/\/secure.gravatar.com\/avatar\/a7358cb406a99b682ec6df1e77e31ae82e63601f6784e8a3df411d72b37864da?s=96&d=mm&r=g","caption":"Leonardo Francisco"},"url":"https:\/\/redenoticiaz.com.br\/ribeiraopreto-regiao\/sp\/author\/leonardo-francisco"}]}},"_links":{"self":[{"href":"https:\/\/redenoticiaz.com.br\/ribeiraopreto-regiao\/wp-json\/wp\/v2\/posts\/101366","targetHints":{"allow":["GET"]}}],"collection":[{"href":"https:\/\/redenoticiaz.com.br\/ribeiraopreto-regiao\/wp-json\/wp\/v2\/posts"}],"about":[{"href":"https:\/\/redenoticiaz.com.br\/ribeiraopreto-regiao\/wp-json\/wp\/v2\/types\/post"}],"author":[{"embeddable":true,"href":"https:\/\/redenoticiaz.com.br\/ribeiraopreto-regiao\/wp-json\/wp\/v2\/users\/6"}],"replies":[{"embeddable":true,"href":"https:\/\/redenoticiaz.com.br\/ribeiraopreto-regiao\/wp-json\/wp\/v2\/comments?post=101366"}],"version-history":[{"count":1,"href":"https:\/\/redenoticiaz.com.br\/ribeiraopreto-regiao\/wp-json\/wp\/v2\/posts\/101366\/revisions"}],"predecessor-version":[{"id":101368,"href":"https:\/\/redenoticiaz.com.br\/ribeiraopreto-regiao\/wp-json\/wp\/v2\/posts\/101366\/revisions\/101368"}],"wp:featuredmedia":[{"embeddable":true,"href":"https:\/\/redenoticiaz.com.br\/ribeiraopreto-regiao\/wp-json\/wp\/v2\/media\/101367"}],"wp:attachment":[{"href":"https:\/\/redenoticiaz.com.br\/ribeiraopreto-regiao\/wp-json\/wp\/v2\/media?parent=101366"}],"wp:term":[{"taxonomy":"category","embeddable":true,"href":"https:\/\/redenoticiaz.com.br\/ribeiraopreto-regiao\/wp-json\/wp\/v2\/categories?post=101366"},{"taxonomy":"post_tag","embeddable":true,"href":"https:\/\/redenoticiaz.com.br\/ribeiraopreto-regiao\/wp-json\/wp\/v2\/tags?post=101366"}],"curies":[{"name":"wp","href":"https:\/\/api.w.org\/{rel}","templated":true}]}}