{"id":101374,"date":"2023-03-02T14:09:09","date_gmt":"2023-03-02T17:09:09","guid":{"rendered":"https:\/\/redenoticiaz.com.br\/barretos-regiao\/?p=101374"},"modified":"2023-03-02T14:09:09","modified_gmt":"2023-03-02T17:09:09","slug":"policia-ambiental-apreende-mais-de-3-toneladas-de-peixes","status":"publish","type":"post","link":"https:\/\/redenoticiaz.com.br\/ribeiraopreto-regiao\/sp\/2023\/03\/02\/policia-ambiental-apreende-mais-de-3-toneladas-de-peixes","title":{"rendered":"Pol\u00edcia Ambiental apreende mais de 3 toneladas de peixes"},"content":{"rendered":"<div class=\"fl-post-content clearfix\">\n<p>O per\u00edodo da piracema ou per\u00edodo de defeso\u00a0<b>se inicia a partir do dia 1\u00b0 de novembro e vai at\u00e9 o dia 28 de fevereiro. <\/b>Por esse motivo, <b>a pesca durante o per\u00edodo de Piracema \u00e9 extremamente proibida<\/b>.<\/p>\n<p>De acordo com a lei federal de prote\u00e7\u00e3o do meio ambiente \u00e9 proibido, durante a Piracema, a captura, o transporte e o armazenamento de esp\u00e9cies nativas, inclusive esp\u00e9cies utilizadas para fins ornamentais e de aquariofilia.<\/p>\n<p>No entanto, o 4\u00ba Pelot\u00e3o de Pol\u00edcia Ambiental, que compreende o pelot\u00e3o de Barretos, informou que durante o per\u00edodo da Piracema, encerrado ontem, em todos os munic\u00edpios sob a jurisdi\u00e7\u00e3o da unidade foram fiscalizados cerca de 8 mil pescadores e apreendidas tr\u00eas toneladas de peixes fora do padr\u00e3o.<\/p>\n<p>VEJA TAMB\u00c9M:\u00a0<a href=\"https:\/\/redenoticiaz.com.br\/barretos-regiao\/sp\/2023\/03\/02\/homem-e-internado-em-estado-grave-apos-ser-agredido-pelo-irmao\">Homem \u00e9 internado em estado grave ap\u00f3s ser agredido pelo irm\u00e3o<\/a><\/p>\n<\/div>\n","protected":false},"excerpt":{"rendered":"<p>O per\u00edodo da piracema ou per\u00edodo de defeso\u00a0se inicia a partir do dia 1\u00b0 de novembro e vai at\u00e9 o dia 28 de fevereiro. Por esse motivo, a pesca durante o per\u00edodo de Piracema \u00e9 extremamente proibida. De acordo com a lei federal de prote\u00e7\u00e3o do meio ambiente \u00e9 proibido, durante a Piracema, a captura, &hellip;<\/p>\n","protected":false},"author":15,"featured_media":101375,"comment_status":"open","ping_status":"closed","sticky":false,"template":"","format":"standard","meta":{"footnotes":""},"categories":[88],"tags":[6723,21702,61,59],"class_list":["post-101374","post","type-post","status-publish","format-standard","has-post-thumbnail","hentry","category-policia","tag-apreensao","tag-peixes","tag-piracema","tag-policia-ambiental"],"yoast_head":"<!-- This site is optimized with the Yoast SEO plugin v28.4 - https:\/\/yoast.com\/product\/yoast-seo-wordpress\/ -->\n<title>Pol\u00edcia Ambiental apreende mais de 3 toneladas de peixes - Ribeir\u00e3o Preto e Regi\u00e3o<\/title>\n<meta name=\"description\" content=\"De acordo com a lei federal de prote\u00e7\u00e3o do meio ambiente \u00e9 proibido, durante a Piracema, a captura, o transporte e o armazenamento de esp\u00e9cies nativas\" \/>\n<meta name=\"robots\" content=\"index, follow, max-snippet:-1, max-image-preview:large, max-video-preview:-1\" \/>\n<link rel=\"canonical\" href=\"https:\/\/redenoticiaz.com.br\/ribeiraopreto-regiao\/sp\/2023\/03\/02\/policia-ambiental-apreende-mais-de-3-toneladas-de-peixes\" \/>\n<meta property=\"og:locale\" content=\"pt_BR\" \/>\n<meta property=\"og:type\" content=\"article\" \/>\n<meta property=\"og:title\" content=\"Pol\u00edcia Ambiental apreende mais de 3 toneladas de peixes - Ribeir\u00e3o Preto e Regi\u00e3o\" \/>\n<meta property=\"og:description\" content=\"De acordo com a lei federal de prote\u00e7\u00e3o do meio ambiente \u00e9 proibido, durante a Piracema, a captura, o transporte e o armazenamento de esp\u00e9cies nativas\" \/>\n<meta property=\"og:url\" content=\"https:\/\/redenoticiaz.com.br\/ribeiraopreto-regiao\/sp\/2023\/03\/02\/policia-ambiental-apreende-mais-de-3-toneladas-de-peixes\" \/>\n<meta property=\"og:site_name\" content=\"Ribeir\u00e3o Preto e Regi\u00e3o\" \/>\n<meta property=\"article:publisher\" content=\"https:\/\/m.facebook.com\/redenoticiaz.barretos\" \/>\n<meta property=\"article:published_time\" content=\"2023-03-02T17:09:09+00:00\" \/>\n<meta property=\"og:image\" content=\"https:\/\/redenoticiaz.com.br\/ribeiraopreto-regiao\/wp-content\/uploads\/sites\/4\/2023\/03\/Policia-Ambiental-apreende-mais-de-3-toneladas-de-peixes-.jpg\" \/>\n\t<meta property=\"og:image:width\" content=\"800\" \/>\n\t<meta property=\"og:image:height\" content=\"516\" \/>\n\t<meta property=\"og:image:type\" content=\"image\/jpeg\" \/>\n<meta name=\"twitter:card\" content=\"summary_large_image\" \/>\n<meta name=\"twitter:creator\" content=\"@RN_barretos\" \/>\n<meta name=\"twitter:site\" content=\"@RN_barretos\" \/>\n<meta name=\"twitter:label1\" content=\"Escrito por\" \/>\n\t<meta name=\"twitter:data1\" content=\"\" \/>\n\t<meta name=\"twitter:label2\" content=\"Est. tempo de leitura\" \/>\n\t<meta name=\"twitter:data2\" content=\"1 minuto\" \/>\n<script type=\"application\/ld+json\" class=\"yoast-schema-graph\">{\"@context\":\"https:\\\/\\\/schema.org\",\"@graph\":[{\"@type\":\"Article\",\"@id\":\"https:\\\/\\\/redenoticiaz.com.br\\\/ribeiraopreto-regiao\\\/sp\\\/2023\\\/03\\\/02\\\/policia-ambiental-apreende-mais-de-3-toneladas-de-peixes#article\",\"isPartOf\":{\"@id\":\"https:\\\/\\\/redenoticiaz.com.br\\\/ribeiraopreto-regiao\\\/sp\\\/2023\\\/03\\\/02\\\/policia-ambiental-apreende-mais-de-3-toneladas-de-peixes\"},\"author\":{\"name\":\"\",\"@id\":\"\"},\"headline\":\"Pol\u00edcia Ambiental apreende mais de 3 toneladas de peixes\",\"datePublished\":\"2023-03-02T17:09:09+00:00\",\"mainEntityOfPage\":{\"@id\":\"https:\\\/\\\/redenoticiaz.com.br\\\/ribeiraopreto-regiao\\\/sp\\\/2023\\\/03\\\/02\\\/policia-ambiental-apreende-mais-de-3-toneladas-de-peixes\"},\"wordCount\":153,\"commentCount\":0,\"publisher\":{\"@id\":\"https:\\\/\\\/redenoticiaz.com.br\\\/ribeiraopreto-regiao\\\/#organization\"},\"image\":{\"@id\":\"https:\\\/\\\/redenoticiaz.com.br\\\/ribeiraopreto-regiao\\\/sp\\\/2023\\\/03\\\/02\\\/policia-ambiental-apreende-mais-de-3-toneladas-de-peixes#primaryimage\"},\"thumbnailUrl\":\"https:\\\/\\\/redenoticiaz.com.br\\\/ribeiraopreto-regiao\\\/wp-content\\\/uploads\\\/sites\\\/4\\\/2023\\\/03\\\/Policia-Ambiental-apreende-mais-de-3-toneladas-de-peixes-.jpg\",\"keywords\":[\"apreens\u00e3o\",\"PEIXES\",\"PIRACEMA\",\"POL\u00cdCIA AMBIENTAL\"],\"articleSection\":[\"Pol\u00edcia\"],\"inLanguage\":\"pt-BR\",\"potentialAction\":[{\"@type\":\"CommentAction\",\"name\":\"Comment\",\"target\":[\"https:\\\/\\\/redenoticiaz.com.br\\\/ribeiraopreto-regiao\\\/sp\\\/2023\\\/03\\\/02\\\/policia-ambiental-apreende-mais-de-3-toneladas-de-peixes#respond\"]}]},{\"@type\":\"WebPage\",\"@id\":\"https:\\\/\\\/redenoticiaz.com.br\\\/ribeiraopreto-regiao\\\/sp\\\/2023\\\/03\\\/02\\\/policia-ambiental-apreende-mais-de-3-toneladas-de-peixes\",\"url\":\"https:\\\/\\\/redenoticiaz.com.br\\\/ribeiraopreto-regiao\\\/sp\\\/2023\\\/03\\\/02\\\/policia-ambiental-apreende-mais-de-3-toneladas-de-peixes\",\"name\":\"Pol\u00edcia Ambiental apreende mais de 3 toneladas de peixes - Ribeir\u00e3o Preto e Regi\u00e3o\",\"isPartOf\":{\"@id\":\"https:\\\/\\\/redenoticiaz.com.br\\\/ribeiraopreto-regiao\\\/#website\"},\"primaryImageOfPage\":{\"@id\":\"https:\\\/\\\/redenoticiaz.com.br\\\/ribeiraopreto-regiao\\\/sp\\\/2023\\\/03\\\/02\\\/policia-ambiental-apreende-mais-de-3-toneladas-de-peixes#primaryimage\"},\"image\":{\"@id\":\"https:\\\/\\\/redenoticiaz.com.br\\\/ribeiraopreto-regiao\\\/sp\\\/2023\\\/03\\\/02\\\/policia-ambiental-apreende-mais-de-3-toneladas-de-peixes#primaryimage\"},\"thumbnailUrl\":\"https:\\\/\\\/redenoticiaz.com.br\\\/ribeiraopreto-regiao\\\/wp-content\\\/uploads\\\/sites\\\/4\\\/2023\\\/03\\\/Policia-Ambiental-apreende-mais-de-3-toneladas-de-peixes-.jpg\",\"datePublished\":\"2023-03-02T17:09:09+00:00\",\"description\":\"De acordo com a lei federal de prote\u00e7\u00e3o do meio ambiente \u00e9 proibido, durante a Piracema, a captura, o transporte e o armazenamento de esp\u00e9cies nativas\",\"inLanguage\":\"pt-BR\",\"potentialAction\":[{\"@type\":\"ReadAction\",\"target\":[\"https:\\\/\\\/redenoticiaz.com.br\\\/ribeiraopreto-regiao\\\/sp\\\/2023\\\/03\\\/02\\\/policia-ambiental-apreende-mais-de-3-toneladas-de-peixes\"]}]},{\"@type\":\"ImageObject\",\"inLanguage\":\"pt-BR\",\"@id\":\"https:\\\/\\\/redenoticiaz.com.br\\\/ribeiraopreto-regiao\\\/sp\\\/2023\\\/03\\\/02\\\/policia-ambiental-apreende-mais-de-3-toneladas-de-peixes#primaryimage\",\"url\":\"https:\\\/\\\/redenoticiaz.com.br\\\/ribeiraopreto-regiao\\\/wp-content\\\/uploads\\\/sites\\\/4\\\/2023\\\/03\\\/Policia-Ambiental-apreende-mais-de-3-toneladas-de-peixes-.jpg\",\"contentUrl\":\"https:\\\/\\\/redenoticiaz.com.br\\\/ribeiraopreto-regiao\\\/wp-content\\\/uploads\\\/sites\\\/4\\\/2023\\\/03\\\/Policia-Ambiental-apreende-mais-de-3-toneladas-de-peixes-.jpg\",\"width\":800,\"height\":516,\"caption\":\"Cr\u00e9dito: Reprodu\u00e7\u00e3o\"},{\"@type\":\"WebSite\",\"@id\":\"https:\\\/\\\/redenoticiaz.com.br\\\/ribeiraopreto-regiao\\\/#website\",\"url\":\"https:\\\/\\\/redenoticiaz.com.br\\\/ribeiraopreto-regiao\\\/\",\"name\":\"Ribeir\u00e3o Preto e Regi\u00e3o\",\"description\":\"Rede NoticiaZ - Ribeir\u00e3o Preto e regi\u00e3o\",\"publisher\":{\"@id\":\"https:\\\/\\\/redenoticiaz.com.br\\\/ribeiraopreto-regiao\\\/#organization\"},\"potentialAction\":[{\"@type\":\"SearchAction\",\"target\":{\"@type\":\"EntryPoint\",\"urlTemplate\":\"https:\\\/\\\/redenoticiaz.com.br\\\/ribeiraopreto-regiao\\\/?s={search_term_string}\"},\"query-input\":{\"@type\":\"PropertyValueSpecification\",\"valueRequired\":true,\"valueName\":\"search_term_string\"}}],\"inLanguage\":\"pt-BR\"},{\"@type\":\"Organization\",\"@id\":\"https:\\\/\\\/redenoticiaz.com.br\\\/ribeiraopreto-regiao\\\/#organization\",\"name\":\"Ribeir\u00e3o Preto e Regi\u00e3o\",\"url\":\"https:\\\/\\\/redenoticiaz.com.br\\\/ribeiraopreto-regiao\\\/\",\"logo\":{\"@type\":\"ImageObject\",\"inLanguage\":\"pt-BR\",\"@id\":\"https:\\\/\\\/redenoticiaz.com.br\\\/ribeiraopreto-regiao\\\/#\\\/schema\\\/logo\\\/image\\\/\",\"url\":\"https:\\\/\\\/redenoticiaz.com.br\\\/barretos-regiao\\\/wp-content\\\/uploads\\\/sites\\\/4\\\/2022\\\/02\\\/logo.jpg\",\"contentUrl\":\"https:\\\/\\\/redenoticiaz.com.br\\\/barretos-regiao\\\/wp-content\\\/uploads\\\/sites\\\/4\\\/2022\\\/02\\\/logo.jpg\",\"width\":400,\"height\":250,\"caption\":\"Ribeir\u00e3o Preto e Regi\u00e3o\"},\"image\":{\"@id\":\"https:\\\/\\\/redenoticiaz.com.br\\\/ribeiraopreto-regiao\\\/#\\\/schema\\\/logo\\\/image\\\/\"},\"sameAs\":[\"https:\\\/\\\/m.facebook.com\\\/redenoticiaz.barretos\",\"https:\\\/\\\/x.com\\\/RN_barretos\",\"https:\\\/\\\/www.instagram.com\\\/redenoticiaz.barretos\\\/?igshid=YmMyMTA2M2Y\",\"https:\\\/\\\/www.linkedin.com\\\/company\\\/rede-noticiaz-barretos-e-regio\\\/\"]},{\"@type\":\"Person\",\"@id\":\"\",\"url\":\"https:\\\/\\\/redenoticiaz.com.br\\\/ribeiraopreto-regiao\\\/sp\\\/author\"}]}<\/script>\n<!-- \/ Yoast SEO plugin. -->","yoast_head_json":{"title":"Pol\u00edcia Ambiental apreende mais de 3 toneladas de peixes - Ribeir\u00e3o Preto e Regi\u00e3o","description":"De acordo com a lei federal de prote\u00e7\u00e3o do meio ambiente \u00e9 proibido, durante a Piracema, a captura, o transporte e o armazenamento de esp\u00e9cies nativas","robots":{"index":"index","follow":"follow","max-snippet":"max-snippet:-1","max-image-preview":"max-image-preview:large","max-video-preview":"max-video-preview:-1"},"canonical":"https:\/\/redenoticiaz.com.br\/ribeiraopreto-regiao\/sp\/2023\/03\/02\/policia-ambiental-apreende-mais-de-3-toneladas-de-peixes","og_locale":"pt_BR","og_type":"article","og_title":"Pol\u00edcia Ambiental apreende mais de 3 toneladas de peixes - Ribeir\u00e3o Preto e Regi\u00e3o","og_description":"De acordo com a lei federal de prote\u00e7\u00e3o do meio ambiente \u00e9 proibido, durante a Piracema, a captura, o transporte e o armazenamento de esp\u00e9cies nativas","og_url":"https:\/\/redenoticiaz.com.br\/ribeiraopreto-regiao\/sp\/2023\/03\/02\/policia-ambiental-apreende-mais-de-3-toneladas-de-peixes","og_site_name":"Ribeir\u00e3o Preto e Regi\u00e3o","article_publisher":"https:\/\/m.facebook.com\/redenoticiaz.barretos","article_published_time":"2023-03-02T17:09:09+00:00","og_image":[{"width":800,"height":516,"url":"https:\/\/redenoticiaz.com.br\/ribeiraopreto-regiao\/wp-content\/uploads\/sites\/4\/2023\/03\/Policia-Ambiental-apreende-mais-de-3-toneladas-de-peixes-.jpg","type":"image\/jpeg"}],"twitter_card":"summary_large_image","twitter_creator":"@RN_barretos","twitter_site":"@RN_barretos","twitter_misc":{"Escrito por":"","Est. tempo de leitura":"1 minuto"},"schema":{"@context":"https:\/\/schema.org","@graph":[{"@type":"Article","@id":"https:\/\/redenoticiaz.com.br\/ribeiraopreto-regiao\/sp\/2023\/03\/02\/policia-ambiental-apreende-mais-de-3-toneladas-de-peixes#article","isPartOf":{"@id":"https:\/\/redenoticiaz.com.br\/ribeiraopreto-regiao\/sp\/2023\/03\/02\/policia-ambiental-apreende-mais-de-3-toneladas-de-peixes"},"author":{"name":"","@id":""},"headline":"Pol\u00edcia Ambiental apreende mais de 3 toneladas de peixes","datePublished":"2023-03-02T17:09:09+00:00","mainEntityOfPage":{"@id":"https:\/\/redenoticiaz.com.br\/ribeiraopreto-regiao\/sp\/2023\/03\/02\/policia-ambiental-apreende-mais-de-3-toneladas-de-peixes"},"wordCount":153,"commentCount":0,"publisher":{"@id":"https:\/\/redenoticiaz.com.br\/ribeiraopreto-regiao\/#organization"},"image":{"@id":"https:\/\/redenoticiaz.com.br\/ribeiraopreto-regiao\/sp\/2023\/03\/02\/policia-ambiental-apreende-mais-de-3-toneladas-de-peixes#primaryimage"},"thumbnailUrl":"https:\/\/redenoticiaz.com.br\/ribeiraopreto-regiao\/wp-content\/uploads\/sites\/4\/2023\/03\/Policia-Ambiental-apreende-mais-de-3-toneladas-de-peixes-.jpg","keywords":["apreens\u00e3o","PEIXES","PIRACEMA","POL\u00cdCIA AMBIENTAL"],"articleSection":["Pol\u00edcia"],"inLanguage":"pt-BR","potentialAction":[{"@type":"CommentAction","name":"Comment","target":["https:\/\/redenoticiaz.com.br\/ribeiraopreto-regiao\/sp\/2023\/03\/02\/policia-ambiental-apreende-mais-de-3-toneladas-de-peixes#respond"]}]},{"@type":"WebPage","@id":"https:\/\/redenoticiaz.com.br\/ribeiraopreto-regiao\/sp\/2023\/03\/02\/policia-ambiental-apreende-mais-de-3-toneladas-de-peixes","url":"https:\/\/redenoticiaz.com.br\/ribeiraopreto-regiao\/sp\/2023\/03\/02\/policia-ambiental-apreende-mais-de-3-toneladas-de-peixes","name":"Pol\u00edcia Ambiental apreende mais de 3 toneladas de peixes - Ribeir\u00e3o Preto e Regi\u00e3o","isPartOf":{"@id":"https:\/\/redenoticiaz.com.br\/ribeiraopreto-regiao\/#website"},"primaryImageOfPage":{"@id":"https:\/\/redenoticiaz.com.br\/ribeiraopreto-regiao\/sp\/2023\/03\/02\/policia-ambiental-apreende-mais-de-3-toneladas-de-peixes#primaryimage"},"image":{"@id":"https:\/\/redenoticiaz.com.br\/ribeiraopreto-regiao\/sp\/2023\/03\/02\/policia-ambiental-apreende-mais-de-3-toneladas-de-peixes#primaryimage"},"thumbnailUrl":"https:\/\/redenoticiaz.com.br\/ribeiraopreto-regiao\/wp-content\/uploads\/sites\/4\/2023\/03\/Policia-Ambiental-apreende-mais-de-3-toneladas-de-peixes-.jpg","datePublished":"2023-03-02T17:09:09+00:00","description":"De acordo com a lei federal de prote\u00e7\u00e3o do meio ambiente \u00e9 proibido, durante a Piracema, a captura, o transporte e o armazenamento de esp\u00e9cies nativas","inLanguage":"pt-BR","potentialAction":[{"@type":"ReadAction","target":["https:\/\/redenoticiaz.com.br\/ribeiraopreto-regiao\/sp\/2023\/03\/02\/policia-ambiental-apreende-mais-de-3-toneladas-de-peixes"]}]},{"@type":"ImageObject","inLanguage":"pt-BR","@id":"https:\/\/redenoticiaz.com.br\/ribeiraopreto-regiao\/sp\/2023\/03\/02\/policia-ambiental-apreende-mais-de-3-toneladas-de-peixes#primaryimage","url":"https:\/\/redenoticiaz.com.br\/ribeiraopreto-regiao\/wp-content\/uploads\/sites\/4\/2023\/03\/Policia-Ambiental-apreende-mais-de-3-toneladas-de-peixes-.jpg","contentUrl":"https:\/\/redenoticiaz.com.br\/ribeiraopreto-regiao\/wp-content\/uploads\/sites\/4\/2023\/03\/Policia-Ambiental-apreende-mais-de-3-toneladas-de-peixes-.jpg","width":800,"height":516,"caption":"Cr\u00e9dito: Reprodu\u00e7\u00e3o"},{"@type":"WebSite","@id":"https:\/\/redenoticiaz.com.br\/ribeiraopreto-regiao\/#website","url":"https:\/\/redenoticiaz.com.br\/ribeiraopreto-regiao\/","name":"Ribeir\u00e3o Preto e Regi\u00e3o","description":"Rede NoticiaZ - Ribeir\u00e3o Preto e regi\u00e3o","publisher":{"@id":"https:\/\/redenoticiaz.com.br\/ribeiraopreto-regiao\/#organization"},"potentialAction":[{"@type":"SearchAction","target":{"@type":"EntryPoint","urlTemplate":"https:\/\/redenoticiaz.com.br\/ribeiraopreto-regiao\/?s={search_term_string}"},"query-input":{"@type":"PropertyValueSpecification","valueRequired":true,"valueName":"search_term_string"}}],"inLanguage":"pt-BR"},{"@type":"Organization","@id":"https:\/\/redenoticiaz.com.br\/ribeiraopreto-regiao\/#organization","name":"Ribeir\u00e3o Preto e Regi\u00e3o","url":"https:\/\/redenoticiaz.com.br\/ribeiraopreto-regiao\/","logo":{"@type":"ImageObject","inLanguage":"pt-BR","@id":"https:\/\/redenoticiaz.com.br\/ribeiraopreto-regiao\/#\/schema\/logo\/image\/","url":"https:\/\/redenoticiaz.com.br\/barretos-regiao\/wp-content\/uploads\/sites\/4\/2022\/02\/logo.jpg","contentUrl":"https:\/\/redenoticiaz.com.br\/barretos-regiao\/wp-content\/uploads\/sites\/4\/2022\/02\/logo.jpg","width":400,"height":250,"caption":"Ribeir\u00e3o Preto e Regi\u00e3o"},"image":{"@id":"https:\/\/redenoticiaz.com.br\/ribeiraopreto-regiao\/#\/schema\/logo\/image\/"},"sameAs":["https:\/\/m.facebook.com\/redenoticiaz.barretos","https:\/\/x.com\/RN_barretos","https:\/\/www.instagram.com\/redenoticiaz.barretos\/?igshid=YmMyMTA2M2Y","https:\/\/www.linkedin.com\/company\/rede-noticiaz-barretos-e-regio\/"]},{"@type":"Person","@id":"","url":"https:\/\/redenoticiaz.com.br\/ribeiraopreto-regiao\/sp\/author"}]}},"_links":{"self":[{"href":"https:\/\/redenoticiaz.com.br\/ribeiraopreto-regiao\/wp-json\/wp\/v2\/posts\/101374","targetHints":{"allow":["GET"]}}],"collection":[{"href":"https:\/\/redenoticiaz.com.br\/ribeiraopreto-regiao\/wp-json\/wp\/v2\/posts"}],"about":[{"href":"https:\/\/redenoticiaz.com.br\/ribeiraopreto-regiao\/wp-json\/wp\/v2\/types\/post"}],"author":[{"embeddable":true,"href":"https:\/\/redenoticiaz.com.br\/ribeiraopreto-regiao\/wp-json\/wp\/v2\/users\/15"}],"replies":[{"embeddable":true,"href":"https:\/\/redenoticiaz.com.br\/ribeiraopreto-regiao\/wp-json\/wp\/v2\/comments?post=101374"}],"version-history":[{"count":1,"href":"https:\/\/redenoticiaz.com.br\/ribeiraopreto-regiao\/wp-json\/wp\/v2\/posts\/101374\/revisions"}],"predecessor-version":[{"id":101376,"href":"https:\/\/redenoticiaz.com.br\/ribeiraopreto-regiao\/wp-json\/wp\/v2\/posts\/101374\/revisions\/101376"}],"wp:featuredmedia":[{"embeddable":true,"href":"https:\/\/redenoticiaz.com.br\/ribeiraopreto-regiao\/wp-json\/wp\/v2\/media\/101375"}],"wp:attachment":[{"href":"https:\/\/redenoticiaz.com.br\/ribeiraopreto-regiao\/wp-json\/wp\/v2\/media?parent=101374"}],"wp:term":[{"taxonomy":"category","embeddable":true,"href":"https:\/\/redenoticiaz.com.br\/ribeiraopreto-regiao\/wp-json\/wp\/v2\/categories?post=101374"},{"taxonomy":"post_tag","embeddable":true,"href":"https:\/\/redenoticiaz.com.br\/ribeiraopreto-regiao\/wp-json\/wp\/v2\/tags?post=101374"}],"curies":[{"name":"wp","href":"https:\/\/api.w.org\/{rel}","templated":true}]}}