{"id":101416,"date":"2023-03-05T14:00:10","date_gmt":"2023-03-05T17:00:10","guid":{"rendered":"https:\/\/redenoticiaz.com.br\/barretos-regiao\/?p=101416"},"modified":"2023-03-02T21:51:39","modified_gmt":"2023-03-03T00:51:39","slug":"artigo-transtornos-alimentares-e-suas-consequencias-psicologicas","status":"publish","type":"post","link":"https:\/\/redenoticiaz.com.br\/ribeiraopreto-regiao\/sp\/2023\/03\/05\/artigo-transtornos-alimentares-e-suas-consequencias-psicologicas","title":{"rendered":"Artigo &#8211; Transtornos alimentares e suas consequ\u00eancias psicol\u00f3gicas"},"content":{"rendered":"<p><em>Dra. Andrea Ladislau (Psicanalista)<\/em><\/p>\n<p class=\"v1ql-align-justify\">Pesquisas apresentam a eleva\u00e7\u00e3o de casos de<strong> transtornos alimentares<\/strong>, principalmente entre os jovens. Os transtornos alimentares s\u00e3o desordens complexas, causadas e mantidas por diversos fatores sociais, psicol\u00f3gicos e biol\u00f3gicos.<\/p>\n<p class=\"v1ql-align-justify\">Eles figuram entre as patologias psiqui\u00e1tricas e, nos \u00faltimos tempos, v\u00eam apresentando maior crescimento em termos de incid\u00eancia em toda popula\u00e7\u00e3o, trazendo preju\u00edzos f\u00edsicos, ps\u00edquicos, afetivos e sociais.<\/p>\n<p class=\"v1ql-align-justify\">Com a grande evolu\u00e7\u00e3o tecnol\u00f3gica e o aumento no consumo das redes sociais, estamos observando uma valoriza\u00e7\u00e3o exacerbada dos padr\u00f5es est\u00e9ticos, resultando em muita press\u00e3o para se alcan\u00e7ar o corpo ideal. O que nos sinaliza que esses transtornos est\u00e3o bastantes comuns.<\/p>\n<p class=\"v1ql-align-justify\">Essa altera\u00e7\u00e3o dos h\u00e1bitos e dos comportamentos alimentares prejudica a sa\u00fade mental e f\u00edsica do indiv\u00edduo. A grande quest\u00e3o \u00e9 que n\u00e3o se trata apenas de sofrimento do corpo, todo o psiquismo adoece quando um transtorno alimentar \u00e9 identificado.<\/p>\n<p class=\"v1ql-align-justify\">V\u00e1rios s\u00e3o os transtornos alimentares, mas alguns s\u00e3o mais incidentes que outros, como por exemplo: a Anorexia, uma restri\u00e7\u00e3o alimentar severa, que leva a desnutri\u00e7\u00e3o e a perda importante do peso. Caracteriza-se pelo medo intenso de se engordar e, atrav\u00e9s da distor\u00e7\u00e3o da imagem corporal, o indiv\u00edduo n\u00e3o consegue, de forma alguma, se perceber emagrecida.<\/p>\n<p class=\"v1ql-align-justify\">Tamb\u00e9m temos a Bulimia, quando ocorre a ingest\u00e3o de grande quantidade de alimento com uma certa frequ\u00eancia, compulsivamente. E ao perder o controle e conscientizar-se deste fato, a pessoa tenta compensar o excesso ingerido atrav\u00e9s de v\u00f4mitos auto induzidos, laxantes\/diur\u00e9ticos, jejum ou exerc\u00edcios em excesso.<\/p>\n<p class=\"v1ql-align-justify\">Falando em compuls\u00e3o, n\u00e3o podemos esquecer da Compuls\u00e3o Alimentar. Um tipo de transtorno bem semelhante \u00e0 Bulimia, por\u00e9m sem a compensa\u00e7\u00e3o em v\u00f4mitos. Definida por epis\u00f3dios compulsivos que trazem desconforto f\u00edsico pela quantidade ingerida, associado a um sentimento de culpa e vergonha.<\/p>\n<p class=\"v1ql-align-justify\">Ainda podemos encontrar mais dois transtornos alimentares frequentes: a Ortorexia e a Vigorexia. O primeiro \u00e9 a obsess\u00e3o por alimentos saud\u00e1veis, causando preju\u00edzos na intera\u00e7\u00e3o social e uma restri\u00e7\u00e3o alimentar importante. J\u00e1 o segundo \u00e9 um tipo de del\u00edrio emocional obsessivo pelo ganho de m\u00fasculos a todo custo. Acompanhado por uma alimenta\u00e7\u00e3o restrita, muito espec\u00edfica, com intuito de auxiliar no aumento da massa muscular de maneira descontrolada.<\/p>\n<p class=\"v1ql-align-justify\">Por\u00e9m, apesar de saber que as compuls\u00f5es est\u00e3o muito relacionadas \u00e0 ansiedade e \u00e0 depress\u00e3o, \u00e9 importante destacar que para haver o transtorno alimentar, os epis\u00f3dios devem ser recorrentes e n\u00e3o apenas uma eventualidade.<\/p>\n<p class=\"v1ql-align-justify\">Al\u00e9m disso, um mesmo paciente pode apresentar v\u00e1rios transtornos, uma vez que eles est\u00e3o interligados. Algumas pontua\u00e7\u00f5es s\u00e3o claras e bastante evidenciadas, como \u00e9 o caso da obesidade, na qual percebe-se que a comida ocupa o lugar da falta, servindo para preencher um vazio, amenizar v\u00e1cuos inconscientes que nada tem a ver com a comida.<\/p>\n<p class=\"v1ql-align-justify\">Uma necessidade de saciar uma fome desperta por outros gatilhos. Transferindo para a comida todas as emo\u00e7\u00f5es n\u00e3o gerenciadas. Outro fator importante, diz respeito \u00e0s dietas milagrosas que prometem felicidade e sucesso imediato, levando o ser humano a verdadeiras atrocidades com o corpo e o emocional.<\/p>\n<p class=\"v1ql-align-justify\">E dentro deste cen\u00e1rio, entende-se que, tanto a anorexia quanto a bulimia, s\u00e3o guerras declaradas \u00e0 gordura corporal.<\/p>\n<p class=\"v1ql-align-justify\">Portanto, os transtornos alimentares s\u00e3o uma condi\u00e7\u00e3o grave de comportamentos persistentes que afetam de forma negativa a sa\u00fade do indiv\u00edduo, gerando emo\u00e7\u00f5es desconfort\u00e1veis, dificultando o conv\u00edvio e o desenvolvimento das habilidades sociais.<\/p>\n<p class=\"v1ql-align-justify\">O mais importante \u00e9 identificar como est\u00e1 configurada a rela\u00e7\u00e3o com a alimenta\u00e7\u00e3o e tomar consci\u00eancia do tipo de transtorno alimentar que possa estar se manifestando. Afinal, voc\u00ea n\u00e3o \u00e9 o seu transtorno. Essa clareza emocional auxilia e muito o indiv\u00edduo na busca pelo sucesso do tratamento.<\/p>\n<p class=\"v1ql-align-justify\">Al\u00e9m disso, o ponto de partida est\u00e1 em verificar se essa conex\u00e3o com os alimentos traz alguma dor ou preju\u00edzo. Se a constata\u00e7\u00e3o for afirmativa, \u00e9 bem poss\u00edvel que exista, um ou mais, dist\u00farbios instalados impedindo o equil\u00edbrio f\u00edsico e mental.<\/p>\n<p><strong>LEIA TAMB\u00c9M<\/strong><\/p>\n<p><a href=\"https:\/\/redenoticiaz.com.br\/blog\/2023\/02\/12\/veja-dicas-para-um-coracao-mais-saudavel\">Veja 10 dicas para um cora\u00e7\u00e3o mais saud\u00e1vel<\/a><\/p>\n","protected":false},"excerpt":{"rendered":"<p>Dra. Andrea Ladislau (Psicanalista) Pesquisas apresentam a eleva\u00e7\u00e3o de casos de transtornos alimentares, principalmente entre os jovens. Os transtornos alimentares s\u00e3o desordens complexas, causadas e mantidas por diversos fatores sociais, psicol\u00f3gicos e biol\u00f3gicos. Eles figuram entre as patologias psiqui\u00e1tricas e, nos \u00faltimos tempos, v\u00eam apresentando maior crescimento em termos de incid\u00eancia em toda popula\u00e7\u00e3o, trazendo &hellip;<\/p>\n","protected":false},"author":6,"featured_media":101417,"comment_status":"open","ping_status":"closed","sticky":false,"template":"","format":"standard","meta":{"footnotes":""},"categories":[1],"tags":[6721,8451,685,21760,25375,165,25376],"class_list":["post-101416","post","type-post","status-publish","format-standard","has-post-thumbnail","hentry","category-cidades","tag-causas","tag-cuidados","tag-psicologia","tag-psiquiatria","tag-riscos-a-saude","tag-saude","tag-transtorno-alimentar"],"yoast_head":"<!-- This site is optimized with the Yoast SEO plugin v28.4 - https:\/\/yoast.com\/product\/yoast-seo-wordpress\/ -->\n<title>Artigo &#8211; Transtornos alimentares e suas consequ\u00eancias psicol\u00f3gicas - Ribeir\u00e3o Preto e Regi\u00e3o<\/title>\n<meta name=\"description\" content=\"Pesquisas apresentam a eleva\u00e7\u00e3o de casos de transtornos alimentares, principalmente entre os jovens. Os transtornos alimentares\" \/>\n<meta name=\"robots\" content=\"index, follow, max-snippet:-1, max-image-preview:large, max-video-preview:-1\" \/>\n<link rel=\"canonical\" href=\"https:\/\/redenoticiaz.com.br\/ribeiraopreto-regiao\/sp\/2023\/03\/05\/artigo-transtornos-alimentares-e-suas-consequencias-psicologicas\" \/>\n<meta property=\"og:locale\" content=\"pt_BR\" \/>\n<meta property=\"og:type\" content=\"article\" \/>\n<meta property=\"og:title\" content=\"Artigo &#8211; Transtornos alimentares e suas consequ\u00eancias psicol\u00f3gicas - Ribeir\u00e3o Preto e Regi\u00e3o\" \/>\n<meta property=\"og:description\" content=\"Pesquisas apresentam a eleva\u00e7\u00e3o de casos de transtornos alimentares, principalmente entre os jovens. Os transtornos alimentares\" \/>\n<meta property=\"og:url\" content=\"https:\/\/redenoticiaz.com.br\/ribeiraopreto-regiao\/sp\/2023\/03\/05\/artigo-transtornos-alimentares-e-suas-consequencias-psicologicas\" \/>\n<meta property=\"og:site_name\" content=\"Ribeir\u00e3o Preto e Regi\u00e3o\" \/>\n<meta property=\"article:publisher\" content=\"https:\/\/m.facebook.com\/redenoticiaz.barretos\" \/>\n<meta property=\"article:published_time\" content=\"2023-03-05T17:00:10+00:00\" \/>\n<meta property=\"og:image\" content=\"https:\/\/redenoticiaz.com.br\/ribeiraopreto-regiao\/wp-content\/uploads\/sites\/4\/2023\/04\/foragido.png\" \/>\n\t<meta property=\"og:image:width\" content=\"659\" \/>\n\t<meta property=\"og:image:height\" content=\"487\" \/>\n\t<meta property=\"og:image:type\" content=\"image\/png\" \/>\n<meta name=\"author\" content=\"Leonardo Francisco\" \/>\n<meta name=\"twitter:card\" content=\"summary_large_image\" \/>\n<meta name=\"twitter:creator\" content=\"@RN_barretos\" \/>\n<meta name=\"twitter:site\" content=\"@RN_barretos\" \/>\n<meta name=\"twitter:label1\" content=\"Escrito por\" \/>\n\t<meta name=\"twitter:data1\" content=\"Leonardo Francisco\" \/>\n\t<meta name=\"twitter:label2\" content=\"Est. tempo de leitura\" \/>\n\t<meta name=\"twitter:data2\" content=\"4 minutos\" \/>\n<script type=\"application\/ld+json\" class=\"yoast-schema-graph\">{\"@context\":\"https:\\\/\\\/schema.org\",\"@graph\":[{\"@type\":\"Article\",\"@id\":\"https:\\\/\\\/redenoticiaz.com.br\\\/ribeiraopreto-regiao\\\/sp\\\/2023\\\/03\\\/05\\\/artigo-transtornos-alimentares-e-suas-consequencias-psicologicas#article\",\"isPartOf\":{\"@id\":\"https:\\\/\\\/redenoticiaz.com.br\\\/ribeiraopreto-regiao\\\/sp\\\/2023\\\/03\\\/05\\\/artigo-transtornos-alimentares-e-suas-consequencias-psicologicas\"},\"author\":{\"name\":\"Leonardo Francisco\",\"@id\":\"https:\\\/\\\/redenoticiaz.com.br\\\/ribeiraopreto-regiao\\\/#\\\/schema\\\/person\\\/0f0b8a5bdafefe82841e07ae8d81ecb3\"},\"headline\":\"Artigo &#8211; Transtornos alimentares e suas consequ\u00eancias psicol\u00f3gicas\",\"datePublished\":\"2023-03-05T17:00:10+00:00\",\"mainEntityOfPage\":{\"@id\":\"https:\\\/\\\/redenoticiaz.com.br\\\/ribeiraopreto-regiao\\\/sp\\\/2023\\\/03\\\/05\\\/artigo-transtornos-alimentares-e-suas-consequencias-psicologicas\"},\"wordCount\":727,\"commentCount\":0,\"publisher\":{\"@id\":\"https:\\\/\\\/redenoticiaz.com.br\\\/ribeiraopreto-regiao\\\/#organization\"},\"image\":{\"@id\":\"https:\\\/\\\/redenoticiaz.com.br\\\/ribeiraopreto-regiao\\\/sp\\\/2023\\\/03\\\/05\\\/artigo-transtornos-alimentares-e-suas-consequencias-psicologicas#primaryimage\"},\"thumbnailUrl\":\"https:\\\/\\\/redenoticiaz.com.br\\\/ribeiraopreto-regiao\\\/wp-content\\\/uploads\\\/sites\\\/4\\\/2023\\\/03\\\/transtorno-de-ansiedade-generalizada-1532493821.jpg?v=1677804601\",\"keywords\":[\"CAUSAS\",\"CUIDADOS\",\"PSICOLOGIA\",\"PSIQUIATRIA\",\"RISCOS \u00c0 SA\u00daDE\",\"saude\",\"TRANSTORNO ALIMENTAR\"],\"articleSection\":[\"Cidades\"],\"inLanguage\":\"pt-BR\",\"potentialAction\":[{\"@type\":\"CommentAction\",\"name\":\"Comment\",\"target\":[\"https:\\\/\\\/redenoticiaz.com.br\\\/ribeiraopreto-regiao\\\/sp\\\/2023\\\/03\\\/05\\\/artigo-transtornos-alimentares-e-suas-consequencias-psicologicas#respond\"]}]},{\"@type\":\"WebPage\",\"@id\":\"https:\\\/\\\/redenoticiaz.com.br\\\/ribeiraopreto-regiao\\\/sp\\\/2023\\\/03\\\/05\\\/artigo-transtornos-alimentares-e-suas-consequencias-psicologicas\",\"url\":\"https:\\\/\\\/redenoticiaz.com.br\\\/ribeiraopreto-regiao\\\/sp\\\/2023\\\/03\\\/05\\\/artigo-transtornos-alimentares-e-suas-consequencias-psicologicas\",\"name\":\"Artigo &#8211; Transtornos alimentares e suas consequ\u00eancias psicol\u00f3gicas - Ribeir\u00e3o Preto e Regi\u00e3o\",\"isPartOf\":{\"@id\":\"https:\\\/\\\/redenoticiaz.com.br\\\/ribeiraopreto-regiao\\\/#website\"},\"primaryImageOfPage\":{\"@id\":\"https:\\\/\\\/redenoticiaz.com.br\\\/ribeiraopreto-regiao\\\/sp\\\/2023\\\/03\\\/05\\\/artigo-transtornos-alimentares-e-suas-consequencias-psicologicas#primaryimage\"},\"image\":{\"@id\":\"https:\\\/\\\/redenoticiaz.com.br\\\/ribeiraopreto-regiao\\\/sp\\\/2023\\\/03\\\/05\\\/artigo-transtornos-alimentares-e-suas-consequencias-psicologicas#primaryimage\"},\"thumbnailUrl\":\"https:\\\/\\\/redenoticiaz.com.br\\\/ribeiraopreto-regiao\\\/wp-content\\\/uploads\\\/sites\\\/4\\\/2023\\\/03\\\/transtorno-de-ansiedade-generalizada-1532493821.jpg?v=1677804601\",\"datePublished\":\"2023-03-05T17:00:10+00:00\",\"description\":\"Pesquisas apresentam a eleva\u00e7\u00e3o de casos de transtornos alimentares, principalmente entre os jovens. Os transtornos alimentares\",\"inLanguage\":\"pt-BR\",\"potentialAction\":[{\"@type\":\"ReadAction\",\"target\":[\"https:\\\/\\\/redenoticiaz.com.br\\\/ribeiraopreto-regiao\\\/sp\\\/2023\\\/03\\\/05\\\/artigo-transtornos-alimentares-e-suas-consequencias-psicologicas\"]}]},{\"@type\":\"ImageObject\",\"inLanguage\":\"pt-BR\",\"@id\":\"https:\\\/\\\/redenoticiaz.com.br\\\/ribeiraopreto-regiao\\\/sp\\\/2023\\\/03\\\/05\\\/artigo-transtornos-alimentares-e-suas-consequencias-psicologicas#primaryimage\",\"url\":\"https:\\\/\\\/redenoticiaz.com.br\\\/ribeiraopreto-regiao\\\/wp-content\\\/uploads\\\/sites\\\/4\\\/2023\\\/03\\\/transtorno-de-ansiedade-generalizada-1532493821.jpg?v=1677804601\",\"contentUrl\":\"https:\\\/\\\/redenoticiaz.com.br\\\/ribeiraopreto-regiao\\\/wp-content\\\/uploads\\\/sites\\\/4\\\/2023\\\/03\\\/transtorno-de-ansiedade-generalizada-1532493821.jpg?v=1677804601\",\"width\":1600,\"height\":800,\"caption\":\"Cr\u00e9ditos: Divulga\u00e7\u00e3o\"},{\"@type\":\"WebSite\",\"@id\":\"https:\\\/\\\/redenoticiaz.com.br\\\/ribeiraopreto-regiao\\\/#website\",\"url\":\"https:\\\/\\\/redenoticiaz.com.br\\\/ribeiraopreto-regiao\\\/\",\"name\":\"Ribeir\u00e3o Preto e Regi\u00e3o\",\"description\":\"Rede NoticiaZ - Ribeir\u00e3o Preto e regi\u00e3o\",\"publisher\":{\"@id\":\"https:\\\/\\\/redenoticiaz.com.br\\\/ribeiraopreto-regiao\\\/#organization\"},\"potentialAction\":[{\"@type\":\"SearchAction\",\"target\":{\"@type\":\"EntryPoint\",\"urlTemplate\":\"https:\\\/\\\/redenoticiaz.com.br\\\/ribeiraopreto-regiao\\\/?s={search_term_string}\"},\"query-input\":{\"@type\":\"PropertyValueSpecification\",\"valueRequired\":true,\"valueName\":\"search_term_string\"}}],\"inLanguage\":\"pt-BR\"},{\"@type\":\"Organization\",\"@id\":\"https:\\\/\\\/redenoticiaz.com.br\\\/ribeiraopreto-regiao\\\/#organization\",\"name\":\"Ribeir\u00e3o Preto e Regi\u00e3o\",\"url\":\"https:\\\/\\\/redenoticiaz.com.br\\\/ribeiraopreto-regiao\\\/\",\"logo\":{\"@type\":\"ImageObject\",\"inLanguage\":\"pt-BR\",\"@id\":\"https:\\\/\\\/redenoticiaz.com.br\\\/ribeiraopreto-regiao\\\/#\\\/schema\\\/logo\\\/image\\\/\",\"url\":\"https:\\\/\\\/redenoticiaz.com.br\\\/barretos-regiao\\\/wp-content\\\/uploads\\\/sites\\\/4\\\/2022\\\/02\\\/logo.jpg\",\"contentUrl\":\"https:\\\/\\\/redenoticiaz.com.br\\\/barretos-regiao\\\/wp-content\\\/uploads\\\/sites\\\/4\\\/2022\\\/02\\\/logo.jpg\",\"width\":400,\"height\":250,\"caption\":\"Ribeir\u00e3o Preto e Regi\u00e3o\"},\"image\":{\"@id\":\"https:\\\/\\\/redenoticiaz.com.br\\\/ribeiraopreto-regiao\\\/#\\\/schema\\\/logo\\\/image\\\/\"},\"sameAs\":[\"https:\\\/\\\/m.facebook.com\\\/redenoticiaz.barretos\",\"https:\\\/\\\/x.com\\\/RN_barretos\",\"https:\\\/\\\/www.instagram.com\\\/redenoticiaz.barretos\\\/?igshid=YmMyMTA2M2Y\",\"https:\\\/\\\/www.linkedin.com\\\/company\\\/rede-noticiaz-barretos-e-regio\\\/\"]},{\"@type\":\"Person\",\"@id\":\"https:\\\/\\\/redenoticiaz.com.br\\\/ribeiraopreto-regiao\\\/#\\\/schema\\\/person\\\/0f0b8a5bdafefe82841e07ae8d81ecb3\",\"name\":\"Leonardo Francisco\",\"image\":{\"@type\":\"ImageObject\",\"inLanguage\":\"pt-BR\",\"@id\":\"https:\\\/\\\/secure.gravatar.com\\\/avatar\\\/a7358cb406a99b682ec6df1e77e31ae82e63601f6784e8a3df411d72b37864da?s=96&d=mm&r=g\",\"url\":\"https:\\\/\\\/secure.gravatar.com\\\/avatar\\\/a7358cb406a99b682ec6df1e77e31ae82e63601f6784e8a3df411d72b37864da?s=96&d=mm&r=g\",\"contentUrl\":\"https:\\\/\\\/secure.gravatar.com\\\/avatar\\\/a7358cb406a99b682ec6df1e77e31ae82e63601f6784e8a3df411d72b37864da?s=96&d=mm&r=g\",\"caption\":\"Leonardo Francisco\"},\"url\":\"https:\\\/\\\/redenoticiaz.com.br\\\/ribeiraopreto-regiao\\\/sp\\\/author\\\/leonardo-francisco\"}]}<\/script>\n<!-- \/ Yoast SEO plugin. -->","yoast_head_json":{"title":"Artigo &#8211; Transtornos alimentares e suas consequ\u00eancias psicol\u00f3gicas - Ribeir\u00e3o Preto e Regi\u00e3o","description":"Pesquisas apresentam a eleva\u00e7\u00e3o de casos de transtornos alimentares, principalmente entre os jovens. Os transtornos alimentares","robots":{"index":"index","follow":"follow","max-snippet":"max-snippet:-1","max-image-preview":"max-image-preview:large","max-video-preview":"max-video-preview:-1"},"canonical":"https:\/\/redenoticiaz.com.br\/ribeiraopreto-regiao\/sp\/2023\/03\/05\/artigo-transtornos-alimentares-e-suas-consequencias-psicologicas","og_locale":"pt_BR","og_type":"article","og_title":"Artigo &#8211; Transtornos alimentares e suas consequ\u00eancias psicol\u00f3gicas - Ribeir\u00e3o Preto e Regi\u00e3o","og_description":"Pesquisas apresentam a eleva\u00e7\u00e3o de casos de transtornos alimentares, principalmente entre os jovens. Os transtornos alimentares","og_url":"https:\/\/redenoticiaz.com.br\/ribeiraopreto-regiao\/sp\/2023\/03\/05\/artigo-transtornos-alimentares-e-suas-consequencias-psicologicas","og_site_name":"Ribeir\u00e3o Preto e Regi\u00e3o","article_publisher":"https:\/\/m.facebook.com\/redenoticiaz.barretos","article_published_time":"2023-03-05T17:00:10+00:00","og_image":[{"width":659,"height":487,"url":"https:\/\/redenoticiaz.com.br\/ribeiraopreto-regiao\/wp-content\/uploads\/sites\/4\/2023\/04\/foragido.png","type":"image\/png"}],"author":"Leonardo Francisco","twitter_card":"summary_large_image","twitter_creator":"@RN_barretos","twitter_site":"@RN_barretos","twitter_misc":{"Escrito por":"Leonardo Francisco","Est. tempo de leitura":"4 minutos"},"schema":{"@context":"https:\/\/schema.org","@graph":[{"@type":"Article","@id":"https:\/\/redenoticiaz.com.br\/ribeiraopreto-regiao\/sp\/2023\/03\/05\/artigo-transtornos-alimentares-e-suas-consequencias-psicologicas#article","isPartOf":{"@id":"https:\/\/redenoticiaz.com.br\/ribeiraopreto-regiao\/sp\/2023\/03\/05\/artigo-transtornos-alimentares-e-suas-consequencias-psicologicas"},"author":{"name":"Leonardo Francisco","@id":"https:\/\/redenoticiaz.com.br\/ribeiraopreto-regiao\/#\/schema\/person\/0f0b8a5bdafefe82841e07ae8d81ecb3"},"headline":"Artigo &#8211; Transtornos alimentares e suas consequ\u00eancias psicol\u00f3gicas","datePublished":"2023-03-05T17:00:10+00:00","mainEntityOfPage":{"@id":"https:\/\/redenoticiaz.com.br\/ribeiraopreto-regiao\/sp\/2023\/03\/05\/artigo-transtornos-alimentares-e-suas-consequencias-psicologicas"},"wordCount":727,"commentCount":0,"publisher":{"@id":"https:\/\/redenoticiaz.com.br\/ribeiraopreto-regiao\/#organization"},"image":{"@id":"https:\/\/redenoticiaz.com.br\/ribeiraopreto-regiao\/sp\/2023\/03\/05\/artigo-transtornos-alimentares-e-suas-consequencias-psicologicas#primaryimage"},"thumbnailUrl":"https:\/\/redenoticiaz.com.br\/ribeiraopreto-regiao\/wp-content\/uploads\/sites\/4\/2023\/03\/transtorno-de-ansiedade-generalizada-1532493821.jpg?v=1677804601","keywords":["CAUSAS","CUIDADOS","PSICOLOGIA","PSIQUIATRIA","RISCOS \u00c0 SA\u00daDE","saude","TRANSTORNO ALIMENTAR"],"articleSection":["Cidades"],"inLanguage":"pt-BR","potentialAction":[{"@type":"CommentAction","name":"Comment","target":["https:\/\/redenoticiaz.com.br\/ribeiraopreto-regiao\/sp\/2023\/03\/05\/artigo-transtornos-alimentares-e-suas-consequencias-psicologicas#respond"]}]},{"@type":"WebPage","@id":"https:\/\/redenoticiaz.com.br\/ribeiraopreto-regiao\/sp\/2023\/03\/05\/artigo-transtornos-alimentares-e-suas-consequencias-psicologicas","url":"https:\/\/redenoticiaz.com.br\/ribeiraopreto-regiao\/sp\/2023\/03\/05\/artigo-transtornos-alimentares-e-suas-consequencias-psicologicas","name":"Artigo &#8211; Transtornos alimentares e suas consequ\u00eancias psicol\u00f3gicas - Ribeir\u00e3o Preto e Regi\u00e3o","isPartOf":{"@id":"https:\/\/redenoticiaz.com.br\/ribeiraopreto-regiao\/#website"},"primaryImageOfPage":{"@id":"https:\/\/redenoticiaz.com.br\/ribeiraopreto-regiao\/sp\/2023\/03\/05\/artigo-transtornos-alimentares-e-suas-consequencias-psicologicas#primaryimage"},"image":{"@id":"https:\/\/redenoticiaz.com.br\/ribeiraopreto-regiao\/sp\/2023\/03\/05\/artigo-transtornos-alimentares-e-suas-consequencias-psicologicas#primaryimage"},"thumbnailUrl":"https:\/\/redenoticiaz.com.br\/ribeiraopreto-regiao\/wp-content\/uploads\/sites\/4\/2023\/03\/transtorno-de-ansiedade-generalizada-1532493821.jpg?v=1677804601","datePublished":"2023-03-05T17:00:10+00:00","description":"Pesquisas apresentam a eleva\u00e7\u00e3o de casos de transtornos alimentares, principalmente entre os jovens. Os transtornos alimentares","inLanguage":"pt-BR","potentialAction":[{"@type":"ReadAction","target":["https:\/\/redenoticiaz.com.br\/ribeiraopreto-regiao\/sp\/2023\/03\/05\/artigo-transtornos-alimentares-e-suas-consequencias-psicologicas"]}]},{"@type":"ImageObject","inLanguage":"pt-BR","@id":"https:\/\/redenoticiaz.com.br\/ribeiraopreto-regiao\/sp\/2023\/03\/05\/artigo-transtornos-alimentares-e-suas-consequencias-psicologicas#primaryimage","url":"https:\/\/redenoticiaz.com.br\/ribeiraopreto-regiao\/wp-content\/uploads\/sites\/4\/2023\/03\/transtorno-de-ansiedade-generalizada-1532493821.jpg?v=1677804601","contentUrl":"https:\/\/redenoticiaz.com.br\/ribeiraopreto-regiao\/wp-content\/uploads\/sites\/4\/2023\/03\/transtorno-de-ansiedade-generalizada-1532493821.jpg?v=1677804601","width":1600,"height":800,"caption":"Cr\u00e9ditos: Divulga\u00e7\u00e3o"},{"@type":"WebSite","@id":"https:\/\/redenoticiaz.com.br\/ribeiraopreto-regiao\/#website","url":"https:\/\/redenoticiaz.com.br\/ribeiraopreto-regiao\/","name":"Ribeir\u00e3o Preto e Regi\u00e3o","description":"Rede NoticiaZ - Ribeir\u00e3o Preto e regi\u00e3o","publisher":{"@id":"https:\/\/redenoticiaz.com.br\/ribeiraopreto-regiao\/#organization"},"potentialAction":[{"@type":"SearchAction","target":{"@type":"EntryPoint","urlTemplate":"https:\/\/redenoticiaz.com.br\/ribeiraopreto-regiao\/?s={search_term_string}"},"query-input":{"@type":"PropertyValueSpecification","valueRequired":true,"valueName":"search_term_string"}}],"inLanguage":"pt-BR"},{"@type":"Organization","@id":"https:\/\/redenoticiaz.com.br\/ribeiraopreto-regiao\/#organization","name":"Ribeir\u00e3o Preto e Regi\u00e3o","url":"https:\/\/redenoticiaz.com.br\/ribeiraopreto-regiao\/","logo":{"@type":"ImageObject","inLanguage":"pt-BR","@id":"https:\/\/redenoticiaz.com.br\/ribeiraopreto-regiao\/#\/schema\/logo\/image\/","url":"https:\/\/redenoticiaz.com.br\/barretos-regiao\/wp-content\/uploads\/sites\/4\/2022\/02\/logo.jpg","contentUrl":"https:\/\/redenoticiaz.com.br\/barretos-regiao\/wp-content\/uploads\/sites\/4\/2022\/02\/logo.jpg","width":400,"height":250,"caption":"Ribeir\u00e3o Preto e Regi\u00e3o"},"image":{"@id":"https:\/\/redenoticiaz.com.br\/ribeiraopreto-regiao\/#\/schema\/logo\/image\/"},"sameAs":["https:\/\/m.facebook.com\/redenoticiaz.barretos","https:\/\/x.com\/RN_barretos","https:\/\/www.instagram.com\/redenoticiaz.barretos\/?igshid=YmMyMTA2M2Y","https:\/\/www.linkedin.com\/company\/rede-noticiaz-barretos-e-regio\/"]},{"@type":"Person","@id":"https:\/\/redenoticiaz.com.br\/ribeiraopreto-regiao\/#\/schema\/person\/0f0b8a5bdafefe82841e07ae8d81ecb3","name":"Leonardo Francisco","image":{"@type":"ImageObject","inLanguage":"pt-BR","@id":"https:\/\/secure.gravatar.com\/avatar\/a7358cb406a99b682ec6df1e77e31ae82e63601f6784e8a3df411d72b37864da?s=96&d=mm&r=g","url":"https:\/\/secure.gravatar.com\/avatar\/a7358cb406a99b682ec6df1e77e31ae82e63601f6784e8a3df411d72b37864da?s=96&d=mm&r=g","contentUrl":"https:\/\/secure.gravatar.com\/avatar\/a7358cb406a99b682ec6df1e77e31ae82e63601f6784e8a3df411d72b37864da?s=96&d=mm&r=g","caption":"Leonardo Francisco"},"url":"https:\/\/redenoticiaz.com.br\/ribeiraopreto-regiao\/sp\/author\/leonardo-francisco"}]}},"_links":{"self":[{"href":"https:\/\/redenoticiaz.com.br\/ribeiraopreto-regiao\/wp-json\/wp\/v2\/posts\/101416","targetHints":{"allow":["GET"]}}],"collection":[{"href":"https:\/\/redenoticiaz.com.br\/ribeiraopreto-regiao\/wp-json\/wp\/v2\/posts"}],"about":[{"href":"https:\/\/redenoticiaz.com.br\/ribeiraopreto-regiao\/wp-json\/wp\/v2\/types\/post"}],"author":[{"embeddable":true,"href":"https:\/\/redenoticiaz.com.br\/ribeiraopreto-regiao\/wp-json\/wp\/v2\/users\/6"}],"replies":[{"embeddable":true,"href":"https:\/\/redenoticiaz.com.br\/ribeiraopreto-regiao\/wp-json\/wp\/v2\/comments?post=101416"}],"version-history":[{"count":0,"href":"https:\/\/redenoticiaz.com.br\/ribeiraopreto-regiao\/wp-json\/wp\/v2\/posts\/101416\/revisions"}],"wp:featuredmedia":[{"embeddable":true,"href":"https:\/\/redenoticiaz.com.br\/ribeiraopreto-regiao\/wp-json\/wp\/v2\/media\/101417"}],"wp:attachment":[{"href":"https:\/\/redenoticiaz.com.br\/ribeiraopreto-regiao\/wp-json\/wp\/v2\/media?parent=101416"}],"wp:term":[{"taxonomy":"category","embeddable":true,"href":"https:\/\/redenoticiaz.com.br\/ribeiraopreto-regiao\/wp-json\/wp\/v2\/categories?post=101416"},{"taxonomy":"post_tag","embeddable":true,"href":"https:\/\/redenoticiaz.com.br\/ribeiraopreto-regiao\/wp-json\/wp\/v2\/tags?post=101416"}],"curies":[{"name":"wp","href":"https:\/\/api.w.org\/{rel}","templated":true}]}}