{"id":101533,"date":"2023-03-05T11:39:03","date_gmt":"2023-03-05T14:39:03","guid":{"rendered":"https:\/\/redenoticiaz.com.br\/barretos-regiao\/?p=101533"},"modified":"2023-03-05T11:43:10","modified_gmt":"2023-03-05T14:43:10","slug":"kits-escolares-sao-entregues-para-os-alunos-da-rede-municipal-de-ensino","status":"publish","type":"post","link":"https:\/\/redenoticiaz.com.br\/ribeiraopreto-regiao\/sp\/2023\/03\/05\/kits-escolares-sao-entregues-para-os-alunos-da-rede-municipal-de-ensino","title":{"rendered":"Kits escolares s\u00e3o entregues para os alunos da rede municipal de ensino"},"content":{"rendered":"<p>A Diretoria Municipal de Educa\u00e7\u00e3o se prepara para realizar a entrega dos novos kits escolares para todos os alunos da rede, tanto das EMEFs, quantos CEMEIs e CEIs.<\/p>\n<p>Em 2022, os estudantes receberam os materiais ao final de julho. Agora, em menos de um ano, eles se preparam para receber novos materiais. &#8220;O setor aguarda apenas a chegada dos estojos, que a empresa licitada agendou a entrega para o dia 07 de mar\u00e7o. Mas, todos os kits j\u00e1 se encontram nas unidades escolares, prontos para serem distribu\u00eddos para as crian\u00e7as. Estamos aguardando este \u00faltimo item do fornecedor respons\u00e1vel&#8221;, explica a diretora municipal de Educa\u00e7\u00e3o, Maria Ang\u00e9lica Rebello da Silva.<\/p>\n<p>Por\u00e9m, apesar disso, nenhuma unidade est\u00e1 em falta de material e n\u00e3o houve nenhuma intercorr\u00eancia com o andamento das atividades pedag\u00f3gicas, pois toda a rede est\u00e1 com o seu almoxarifado equipado. &#8220;Em dezembro, fizemos a distribui\u00e7\u00e3o adequada de materiais para as escolas do munic\u00edpio, para atender as demandas, n\u00e3o deixando nenhuma unidade desabastecida. Assim, as aulas est\u00e3o ocorrendo normalmente. Desde a primeira reuni\u00e3o com os pais, fizemos essa orienta\u00e7\u00e3o&#8221;, destaca a diretora.<\/p>\n<h3>O que vem no kit?<\/h3>\n<p>Kits dos 3\u00ba, 4\u00ba e 5\u00ba anos contam com: l\u00e1pis, borrachas canetas azuis e vermelha; apontador, agenda, tesoura, l\u00e1pis de cor, tinta guache, cadernos de capa dura e de desenho, pasta, pincel. J\u00e1 kits dos maternais e jardins, h\u00e1 alguns itens diferentes, como massinha, cola colorida, giz de cera, cola branca, entre outros; assim tamb\u00e9m como dos 1\u00ba e 2\u00ba anos, com diferen\u00e7a de canetinhas, etc.<\/p>\n<h3>Uniformes<\/h3>\n<p>A diretoria de Educa\u00e7\u00e3o ressalta que os uniformes tamb\u00e9m est\u00e3o pr\u00f3ximos da distribui\u00e7\u00e3o. &#8220;Os novos uniformes s\u00f3 n\u00e3o foram entregues antes, porque priorizamos o conforto para os alunos e nenhuma das cinco amostras apresentadas foi aprovada pela nossa equipe t\u00e9cnica, que est\u00e1 exigindo que as empresas apresentem materiais confort\u00e1veis, pois \u00e9 isso que priorizamos: o melhor para os nossos alunos&#8221;, destaca Maria Ang\u00e9lica.<\/p>\n<p>Entretanto, as empresas tamb\u00e9m possuem prazo, o que a diretora acredita que ser\u00e1 cumprido em breve. &#8220;Estamos nos preparando para fazer essa entrega o quando antes. Sabemos das necessidades das nossas crian\u00e7as, por isso mesmo que estamos com o objetivo de retornar a entrega de uniformes anualmente e n\u00e3o a cada dois anos como era feito anteriormente&#8221;, completa.<\/p>\n<p>Os kits de uniformes ser\u00e3o compostos por: duas camisetas de manga curta, uma bermuda ou um short saia (para meninas da educa\u00e7\u00e3o infantil), um jogo de cal\u00e7a e agasalho de inverno, dois pares de meia, uma mochila e um pares de t\u00eanis.<\/p>\n<p>VEJA TAMB\u00c9M:\u00a0<a href=\"https:\/\/redenoticiaz.com.br\/barretos-regiao\/sp\/2023\/03\/01\/chuvas-ainda-provocam-deslizamentos-e-alagamentos-em-sao-sebastiao\">Chuvas ainda provocam deslizamentos e alagamentos em S\u00e3o Sebasti\u00e3o<\/a><\/p>\n","protected":false},"excerpt":{"rendered":"<p>A Diretoria Municipal de Educa\u00e7\u00e3o se prepara para realizar a entrega dos novos kits escolares para todos os alunos da rede, tanto das EMEFs, quantos CEMEIs e CEIs. Em 2022, os estudantes receberam os materiais ao final de julho. Agora, em menos de um ano, eles se preparam para receber novos materiais. &#8220;O setor aguarda &hellip;<\/p>\n","protected":false},"author":15,"featured_media":101535,"comment_status":"open","ping_status":"closed","sticky":false,"template":"","format":"standard","meta":{"footnotes":""},"categories":[820],"tags":[8299,17847,25435,19446],"class_list":["post-101533","post","type-post","status-publish","format-standard","has-post-thumbnail","hentry","category-educacao","tag-alunos","tag-escola-municipal","tag-kits-escolares","tag-uniformes"],"yoast_head":"<!-- This site is optimized with the Yoast SEO plugin v27.4 - https:\/\/yoast.com\/product\/yoast-seo-wordpress\/ -->\n<title>Kits escolares s\u00e3o entregues para os alunos da rede municipal de ensino - Ribeir\u00e3o Preto e Regi\u00e3o<\/title>\n<meta name=\"description\" content=\"Diretoria Municipal de Educa\u00e7\u00e3o se prepara para realizar a entrega dos novos kits escolares para todos os alunos da rede municipal.\" \/>\n<meta name=\"robots\" content=\"index, follow, max-snippet:-1, max-image-preview:large, max-video-preview:-1\" \/>\n<link rel=\"canonical\" href=\"https:\/\/redenoticiaz.com.br\/ribeiraopreto-regiao\/sp\/2023\/03\/05\/kits-escolares-sao-entregues-para-os-alunos-da-rede-municipal-de-ensino\" \/>\n<meta property=\"og:locale\" content=\"pt_BR\" \/>\n<meta property=\"og:type\" content=\"article\" \/>\n<meta property=\"og:title\" content=\"Kits escolares s\u00e3o entregues para os alunos da rede municipal de ensino - Ribeir\u00e3o Preto e Regi\u00e3o\" \/>\n<meta property=\"og:description\" content=\"Diretoria Municipal de Educa\u00e7\u00e3o se prepara para realizar a entrega dos novos kits escolares para todos os alunos da rede municipal.\" \/>\n<meta property=\"og:url\" content=\"https:\/\/redenoticiaz.com.br\/ribeiraopreto-regiao\/sp\/2023\/03\/05\/kits-escolares-sao-entregues-para-os-alunos-da-rede-municipal-de-ensino\" \/>\n<meta property=\"og:site_name\" content=\"Ribeir\u00e3o Preto e Regi\u00e3o\" \/>\n<meta property=\"article:publisher\" content=\"https:\/\/m.facebook.com\/redenoticiaz.barretos\" \/>\n<meta property=\"article:published_time\" content=\"2023-03-05T14:39:03+00:00\" \/>\n<meta property=\"article:modified_time\" content=\"2023-03-05T14:43:10+00:00\" \/>\n<meta property=\"og:image\" content=\"https:\/\/redenoticiaz.com.br\/ribeiraopreto-regiao\/wp-content\/uploads\/sites\/4\/2023\/03\/c4d281d1-1ec4-484e-adaa-76cb96c269ac.jpg\" \/>\n\t<meta property=\"og:image:width\" content=\"1600\" \/>\n\t<meta property=\"og:image:height\" content=\"739\" \/>\n\t<meta property=\"og:image:type\" content=\"image\/jpeg\" \/>\n<meta name=\"twitter:card\" content=\"summary_large_image\" \/>\n<meta name=\"twitter:creator\" content=\"@RN_barretos\" \/>\n<meta name=\"twitter:site\" content=\"@RN_barretos\" \/>\n<meta name=\"twitter:label1\" content=\"Escrito por\" \/>\n\t<meta name=\"twitter:data1\" content=\"\" \/>\n\t<meta name=\"twitter:label2\" content=\"Est. tempo de leitura\" \/>\n\t<meta name=\"twitter:data2\" content=\"3 minutos\" \/>\n<script type=\"application\/ld+json\" class=\"yoast-schema-graph\">{\"@context\":\"https:\\\/\\\/schema.org\",\"@graph\":[{\"@type\":\"Article\",\"@id\":\"https:\\\/\\\/redenoticiaz.com.br\\\/ribeiraopreto-regiao\\\/sp\\\/2023\\\/03\\\/05\\\/kits-escolares-sao-entregues-para-os-alunos-da-rede-municipal-de-ensino#article\",\"isPartOf\":{\"@id\":\"https:\\\/\\\/redenoticiaz.com.br\\\/ribeiraopreto-regiao\\\/sp\\\/2023\\\/03\\\/05\\\/kits-escolares-sao-entregues-para-os-alunos-da-rede-municipal-de-ensino\"},\"author\":{\"name\":\"\",\"@id\":\"\"},\"headline\":\"Kits escolares s\u00e3o entregues para os alunos da rede municipal de ensino\",\"datePublished\":\"2023-03-05T14:39:03+00:00\",\"dateModified\":\"2023-03-05T14:43:10+00:00\",\"mainEntityOfPage\":{\"@id\":\"https:\\\/\\\/redenoticiaz.com.br\\\/ribeiraopreto-regiao\\\/sp\\\/2023\\\/03\\\/05\\\/kits-escolares-sao-entregues-para-os-alunos-da-rede-municipal-de-ensino\"},\"wordCount\":472,\"commentCount\":0,\"publisher\":{\"@id\":\"https:\\\/\\\/redenoticiaz.com.br\\\/ribeiraopreto-regiao\\\/#organization\"},\"image\":{\"@id\":\"https:\\\/\\\/redenoticiaz.com.br\\\/ribeiraopreto-regiao\\\/sp\\\/2023\\\/03\\\/05\\\/kits-escolares-sao-entregues-para-os-alunos-da-rede-municipal-de-ensino#primaryimage\"},\"thumbnailUrl\":\"https:\\\/\\\/redenoticiaz.com.br\\\/ribeiraopreto-regiao\\\/wp-content\\\/uploads\\\/sites\\\/4\\\/2023\\\/03\\\/c4d281d1-1ec4-484e-adaa-76cb96c269ac.jpg\",\"keywords\":[\"alunos\",\"ESCOLA MUNICIPAL\",\"Kits escolares\",\"UNIFORMES\"],\"articleSection\":[\"Educa\u00e7\u00e3o\"],\"inLanguage\":\"pt-BR\",\"potentialAction\":[{\"@type\":\"CommentAction\",\"name\":\"Comment\",\"target\":[\"https:\\\/\\\/redenoticiaz.com.br\\\/ribeiraopreto-regiao\\\/sp\\\/2023\\\/03\\\/05\\\/kits-escolares-sao-entregues-para-os-alunos-da-rede-municipal-de-ensino#respond\"]}]},{\"@type\":\"WebPage\",\"@id\":\"https:\\\/\\\/redenoticiaz.com.br\\\/ribeiraopreto-regiao\\\/sp\\\/2023\\\/03\\\/05\\\/kits-escolares-sao-entregues-para-os-alunos-da-rede-municipal-de-ensino\",\"url\":\"https:\\\/\\\/redenoticiaz.com.br\\\/ribeiraopreto-regiao\\\/sp\\\/2023\\\/03\\\/05\\\/kits-escolares-sao-entregues-para-os-alunos-da-rede-municipal-de-ensino\",\"name\":\"Kits escolares s\u00e3o entregues para os alunos da rede municipal de ensino - Ribeir\u00e3o Preto e Regi\u00e3o\",\"isPartOf\":{\"@id\":\"https:\\\/\\\/redenoticiaz.com.br\\\/ribeiraopreto-regiao\\\/#website\"},\"primaryImageOfPage\":{\"@id\":\"https:\\\/\\\/redenoticiaz.com.br\\\/ribeiraopreto-regiao\\\/sp\\\/2023\\\/03\\\/05\\\/kits-escolares-sao-entregues-para-os-alunos-da-rede-municipal-de-ensino#primaryimage\"},\"image\":{\"@id\":\"https:\\\/\\\/redenoticiaz.com.br\\\/ribeiraopreto-regiao\\\/sp\\\/2023\\\/03\\\/05\\\/kits-escolares-sao-entregues-para-os-alunos-da-rede-municipal-de-ensino#primaryimage\"},\"thumbnailUrl\":\"https:\\\/\\\/redenoticiaz.com.br\\\/ribeiraopreto-regiao\\\/wp-content\\\/uploads\\\/sites\\\/4\\\/2023\\\/03\\\/c4d281d1-1ec4-484e-adaa-76cb96c269ac.jpg\",\"datePublished\":\"2023-03-05T14:39:03+00:00\",\"dateModified\":\"2023-03-05T14:43:10+00:00\",\"description\":\"Diretoria Municipal de Educa\u00e7\u00e3o se prepara para realizar a entrega dos novos kits escolares para todos os alunos da rede municipal.\",\"inLanguage\":\"pt-BR\",\"potentialAction\":[{\"@type\":\"ReadAction\",\"target\":[\"https:\\\/\\\/redenoticiaz.com.br\\\/ribeiraopreto-regiao\\\/sp\\\/2023\\\/03\\\/05\\\/kits-escolares-sao-entregues-para-os-alunos-da-rede-municipal-de-ensino\"]}]},{\"@type\":\"ImageObject\",\"inLanguage\":\"pt-BR\",\"@id\":\"https:\\\/\\\/redenoticiaz.com.br\\\/ribeiraopreto-regiao\\\/sp\\\/2023\\\/03\\\/05\\\/kits-escolares-sao-entregues-para-os-alunos-da-rede-municipal-de-ensino#primaryimage\",\"url\":\"https:\\\/\\\/redenoticiaz.com.br\\\/ribeiraopreto-regiao\\\/wp-content\\\/uploads\\\/sites\\\/4\\\/2023\\\/03\\\/c4d281d1-1ec4-484e-adaa-76cb96c269ac.jpg\",\"contentUrl\":\"https:\\\/\\\/redenoticiaz.com.br\\\/ribeiraopreto-regiao\\\/wp-content\\\/uploads\\\/sites\\\/4\\\/2023\\\/03\\\/c4d281d1-1ec4-484e-adaa-76cb96c269ac.jpg\",\"width\":1600,\"height\":739,\"caption\":\"Kits escolares s\u00e3o entregues para os alunos da rede municipal de ensino. Cr\u00e9dito: Divulga\u00e7\u00e3o\"},{\"@type\":\"WebSite\",\"@id\":\"https:\\\/\\\/redenoticiaz.com.br\\\/ribeiraopreto-regiao\\\/#website\",\"url\":\"https:\\\/\\\/redenoticiaz.com.br\\\/ribeiraopreto-regiao\\\/\",\"name\":\"Ribeir\u00e3o Preto e Regi\u00e3o\",\"description\":\"Rede NoticiaZ - Ribeir\u00e3o Preto e regi\u00e3o\",\"publisher\":{\"@id\":\"https:\\\/\\\/redenoticiaz.com.br\\\/ribeiraopreto-regiao\\\/#organization\"},\"potentialAction\":[{\"@type\":\"SearchAction\",\"target\":{\"@type\":\"EntryPoint\",\"urlTemplate\":\"https:\\\/\\\/redenoticiaz.com.br\\\/ribeiraopreto-regiao\\\/?s={search_term_string}\"},\"query-input\":{\"@type\":\"PropertyValueSpecification\",\"valueRequired\":true,\"valueName\":\"search_term_string\"}}],\"inLanguage\":\"pt-BR\"},{\"@type\":\"Organization\",\"@id\":\"https:\\\/\\\/redenoticiaz.com.br\\\/ribeiraopreto-regiao\\\/#organization\",\"name\":\"Ribeir\u00e3o Preto e Regi\u00e3o\",\"url\":\"https:\\\/\\\/redenoticiaz.com.br\\\/ribeiraopreto-regiao\\\/\",\"logo\":{\"@type\":\"ImageObject\",\"inLanguage\":\"pt-BR\",\"@id\":\"https:\\\/\\\/redenoticiaz.com.br\\\/ribeiraopreto-regiao\\\/#\\\/schema\\\/logo\\\/image\\\/\",\"url\":\"https:\\\/\\\/redenoticiaz.com.br\\\/barretos-regiao\\\/wp-content\\\/uploads\\\/sites\\\/4\\\/2022\\\/02\\\/logo.jpg\",\"contentUrl\":\"https:\\\/\\\/redenoticiaz.com.br\\\/barretos-regiao\\\/wp-content\\\/uploads\\\/sites\\\/4\\\/2022\\\/02\\\/logo.jpg\",\"width\":400,\"height\":250,\"caption\":\"Ribeir\u00e3o Preto e Regi\u00e3o\"},\"image\":{\"@id\":\"https:\\\/\\\/redenoticiaz.com.br\\\/ribeiraopreto-regiao\\\/#\\\/schema\\\/logo\\\/image\\\/\"},\"sameAs\":[\"https:\\\/\\\/m.facebook.com\\\/redenoticiaz.barretos\",\"https:\\\/\\\/x.com\\\/RN_barretos\",\"https:\\\/\\\/www.instagram.com\\\/redenoticiaz.barretos\\\/?igshid=YmMyMTA2M2Y\",\"https:\\\/\\\/www.linkedin.com\\\/company\\\/rede-noticiaz-barretos-e-regio\\\/\"]},{\"@type\":\"Person\",\"@id\":\"\",\"url\":\"https:\\\/\\\/redenoticiaz.com.br\\\/ribeiraopreto-regiao\\\/sp\\\/author\"}]}<\/script>\n<!-- \/ Yoast SEO plugin. -->","yoast_head_json":{"title":"Kits escolares s\u00e3o entregues para os alunos da rede municipal de ensino - Ribeir\u00e3o Preto e Regi\u00e3o","description":"Diretoria Municipal de Educa\u00e7\u00e3o se prepara para realizar a entrega dos novos kits escolares para todos os alunos da rede municipal.","robots":{"index":"index","follow":"follow","max-snippet":"max-snippet:-1","max-image-preview":"max-image-preview:large","max-video-preview":"max-video-preview:-1"},"canonical":"https:\/\/redenoticiaz.com.br\/ribeiraopreto-regiao\/sp\/2023\/03\/05\/kits-escolares-sao-entregues-para-os-alunos-da-rede-municipal-de-ensino","og_locale":"pt_BR","og_type":"article","og_title":"Kits escolares s\u00e3o entregues para os alunos da rede municipal de ensino - Ribeir\u00e3o Preto e Regi\u00e3o","og_description":"Diretoria Municipal de Educa\u00e7\u00e3o se prepara para realizar a entrega dos novos kits escolares para todos os alunos da rede municipal.","og_url":"https:\/\/redenoticiaz.com.br\/ribeiraopreto-regiao\/sp\/2023\/03\/05\/kits-escolares-sao-entregues-para-os-alunos-da-rede-municipal-de-ensino","og_site_name":"Ribeir\u00e3o Preto e Regi\u00e3o","article_publisher":"https:\/\/m.facebook.com\/redenoticiaz.barretos","article_published_time":"2023-03-05T14:39:03+00:00","article_modified_time":"2023-03-05T14:43:10+00:00","og_image":[{"width":1600,"height":739,"url":"https:\/\/redenoticiaz.com.br\/ribeiraopreto-regiao\/wp-content\/uploads\/sites\/4\/2023\/03\/c4d281d1-1ec4-484e-adaa-76cb96c269ac.jpg","type":"image\/jpeg"}],"twitter_card":"summary_large_image","twitter_creator":"@RN_barretos","twitter_site":"@RN_barretos","twitter_misc":{"Escrito por":"","Est. tempo de leitura":"3 minutos"},"schema":{"@context":"https:\/\/schema.org","@graph":[{"@type":"Article","@id":"https:\/\/redenoticiaz.com.br\/ribeiraopreto-regiao\/sp\/2023\/03\/05\/kits-escolares-sao-entregues-para-os-alunos-da-rede-municipal-de-ensino#article","isPartOf":{"@id":"https:\/\/redenoticiaz.com.br\/ribeiraopreto-regiao\/sp\/2023\/03\/05\/kits-escolares-sao-entregues-para-os-alunos-da-rede-municipal-de-ensino"},"author":{"name":"","@id":""},"headline":"Kits escolares s\u00e3o entregues para os alunos da rede municipal de ensino","datePublished":"2023-03-05T14:39:03+00:00","dateModified":"2023-03-05T14:43:10+00:00","mainEntityOfPage":{"@id":"https:\/\/redenoticiaz.com.br\/ribeiraopreto-regiao\/sp\/2023\/03\/05\/kits-escolares-sao-entregues-para-os-alunos-da-rede-municipal-de-ensino"},"wordCount":472,"commentCount":0,"publisher":{"@id":"https:\/\/redenoticiaz.com.br\/ribeiraopreto-regiao\/#organization"},"image":{"@id":"https:\/\/redenoticiaz.com.br\/ribeiraopreto-regiao\/sp\/2023\/03\/05\/kits-escolares-sao-entregues-para-os-alunos-da-rede-municipal-de-ensino#primaryimage"},"thumbnailUrl":"https:\/\/redenoticiaz.com.br\/ribeiraopreto-regiao\/wp-content\/uploads\/sites\/4\/2023\/03\/c4d281d1-1ec4-484e-adaa-76cb96c269ac.jpg","keywords":["alunos","ESCOLA MUNICIPAL","Kits escolares","UNIFORMES"],"articleSection":["Educa\u00e7\u00e3o"],"inLanguage":"pt-BR","potentialAction":[{"@type":"CommentAction","name":"Comment","target":["https:\/\/redenoticiaz.com.br\/ribeiraopreto-regiao\/sp\/2023\/03\/05\/kits-escolares-sao-entregues-para-os-alunos-da-rede-municipal-de-ensino#respond"]}]},{"@type":"WebPage","@id":"https:\/\/redenoticiaz.com.br\/ribeiraopreto-regiao\/sp\/2023\/03\/05\/kits-escolares-sao-entregues-para-os-alunos-da-rede-municipal-de-ensino","url":"https:\/\/redenoticiaz.com.br\/ribeiraopreto-regiao\/sp\/2023\/03\/05\/kits-escolares-sao-entregues-para-os-alunos-da-rede-municipal-de-ensino","name":"Kits escolares s\u00e3o entregues para os alunos da rede municipal de ensino - Ribeir\u00e3o Preto e Regi\u00e3o","isPartOf":{"@id":"https:\/\/redenoticiaz.com.br\/ribeiraopreto-regiao\/#website"},"primaryImageOfPage":{"@id":"https:\/\/redenoticiaz.com.br\/ribeiraopreto-regiao\/sp\/2023\/03\/05\/kits-escolares-sao-entregues-para-os-alunos-da-rede-municipal-de-ensino#primaryimage"},"image":{"@id":"https:\/\/redenoticiaz.com.br\/ribeiraopreto-regiao\/sp\/2023\/03\/05\/kits-escolares-sao-entregues-para-os-alunos-da-rede-municipal-de-ensino#primaryimage"},"thumbnailUrl":"https:\/\/redenoticiaz.com.br\/ribeiraopreto-regiao\/wp-content\/uploads\/sites\/4\/2023\/03\/c4d281d1-1ec4-484e-adaa-76cb96c269ac.jpg","datePublished":"2023-03-05T14:39:03+00:00","dateModified":"2023-03-05T14:43:10+00:00","description":"Diretoria Municipal de Educa\u00e7\u00e3o se prepara para realizar a entrega dos novos kits escolares para todos os alunos da rede municipal.","inLanguage":"pt-BR","potentialAction":[{"@type":"ReadAction","target":["https:\/\/redenoticiaz.com.br\/ribeiraopreto-regiao\/sp\/2023\/03\/05\/kits-escolares-sao-entregues-para-os-alunos-da-rede-municipal-de-ensino"]}]},{"@type":"ImageObject","inLanguage":"pt-BR","@id":"https:\/\/redenoticiaz.com.br\/ribeiraopreto-regiao\/sp\/2023\/03\/05\/kits-escolares-sao-entregues-para-os-alunos-da-rede-municipal-de-ensino#primaryimage","url":"https:\/\/redenoticiaz.com.br\/ribeiraopreto-regiao\/wp-content\/uploads\/sites\/4\/2023\/03\/c4d281d1-1ec4-484e-adaa-76cb96c269ac.jpg","contentUrl":"https:\/\/redenoticiaz.com.br\/ribeiraopreto-regiao\/wp-content\/uploads\/sites\/4\/2023\/03\/c4d281d1-1ec4-484e-adaa-76cb96c269ac.jpg","width":1600,"height":739,"caption":"Kits escolares s\u00e3o entregues para os alunos da rede municipal de ensino. Cr\u00e9dito: Divulga\u00e7\u00e3o"},{"@type":"WebSite","@id":"https:\/\/redenoticiaz.com.br\/ribeiraopreto-regiao\/#website","url":"https:\/\/redenoticiaz.com.br\/ribeiraopreto-regiao\/","name":"Ribeir\u00e3o Preto e Regi\u00e3o","description":"Rede NoticiaZ - Ribeir\u00e3o Preto e regi\u00e3o","publisher":{"@id":"https:\/\/redenoticiaz.com.br\/ribeiraopreto-regiao\/#organization"},"potentialAction":[{"@type":"SearchAction","target":{"@type":"EntryPoint","urlTemplate":"https:\/\/redenoticiaz.com.br\/ribeiraopreto-regiao\/?s={search_term_string}"},"query-input":{"@type":"PropertyValueSpecification","valueRequired":true,"valueName":"search_term_string"}}],"inLanguage":"pt-BR"},{"@type":"Organization","@id":"https:\/\/redenoticiaz.com.br\/ribeiraopreto-regiao\/#organization","name":"Ribeir\u00e3o Preto e Regi\u00e3o","url":"https:\/\/redenoticiaz.com.br\/ribeiraopreto-regiao\/","logo":{"@type":"ImageObject","inLanguage":"pt-BR","@id":"https:\/\/redenoticiaz.com.br\/ribeiraopreto-regiao\/#\/schema\/logo\/image\/","url":"https:\/\/redenoticiaz.com.br\/barretos-regiao\/wp-content\/uploads\/sites\/4\/2022\/02\/logo.jpg","contentUrl":"https:\/\/redenoticiaz.com.br\/barretos-regiao\/wp-content\/uploads\/sites\/4\/2022\/02\/logo.jpg","width":400,"height":250,"caption":"Ribeir\u00e3o Preto e Regi\u00e3o"},"image":{"@id":"https:\/\/redenoticiaz.com.br\/ribeiraopreto-regiao\/#\/schema\/logo\/image\/"},"sameAs":["https:\/\/m.facebook.com\/redenoticiaz.barretos","https:\/\/x.com\/RN_barretos","https:\/\/www.instagram.com\/redenoticiaz.barretos\/?igshid=YmMyMTA2M2Y","https:\/\/www.linkedin.com\/company\/rede-noticiaz-barretos-e-regio\/"]},{"@type":"Person","@id":"","url":"https:\/\/redenoticiaz.com.br\/ribeiraopreto-regiao\/sp\/author"}]}},"_links":{"self":[{"href":"https:\/\/redenoticiaz.com.br\/ribeiraopreto-regiao\/wp-json\/wp\/v2\/posts\/101533","targetHints":{"allow":["GET"]}}],"collection":[{"href":"https:\/\/redenoticiaz.com.br\/ribeiraopreto-regiao\/wp-json\/wp\/v2\/posts"}],"about":[{"href":"https:\/\/redenoticiaz.com.br\/ribeiraopreto-regiao\/wp-json\/wp\/v2\/types\/post"}],"author":[{"embeddable":true,"href":"https:\/\/redenoticiaz.com.br\/ribeiraopreto-regiao\/wp-json\/wp\/v2\/users\/15"}],"replies":[{"embeddable":true,"href":"https:\/\/redenoticiaz.com.br\/ribeiraopreto-regiao\/wp-json\/wp\/v2\/comments?post=101533"}],"version-history":[{"count":2,"href":"https:\/\/redenoticiaz.com.br\/ribeiraopreto-regiao\/wp-json\/wp\/v2\/posts\/101533\/revisions"}],"predecessor-version":[{"id":101539,"href":"https:\/\/redenoticiaz.com.br\/ribeiraopreto-regiao\/wp-json\/wp\/v2\/posts\/101533\/revisions\/101539"}],"wp:featuredmedia":[{"embeddable":true,"href":"https:\/\/redenoticiaz.com.br\/ribeiraopreto-regiao\/wp-json\/wp\/v2\/media\/101535"}],"wp:attachment":[{"href":"https:\/\/redenoticiaz.com.br\/ribeiraopreto-regiao\/wp-json\/wp\/v2\/media?parent=101533"}],"wp:term":[{"taxonomy":"category","embeddable":true,"href":"https:\/\/redenoticiaz.com.br\/ribeiraopreto-regiao\/wp-json\/wp\/v2\/categories?post=101533"},{"taxonomy":"post_tag","embeddable":true,"href":"https:\/\/redenoticiaz.com.br\/ribeiraopreto-regiao\/wp-json\/wp\/v2\/tags?post=101533"}],"curies":[{"name":"wp","href":"https:\/\/api.w.org\/{rel}","templated":true}]}}