{"id":101605,"date":"2023-03-06T16:17:50","date_gmt":"2023-03-06T19:17:50","guid":{"rendered":"https:\/\/redenoticiaz.com.br\/barretos-regiao\/?p=101605"},"modified":"2023-03-06T16:17:50","modified_gmt":"2023-03-06T19:17:50","slug":"motorista-e-autuado-em-flagrante-por-embriaguez","status":"publish","type":"post","link":"https:\/\/redenoticiaz.com.br\/ribeiraopreto-regiao\/sp\/2023\/03\/06\/motorista-e-autuado-em-flagrante-por-embriaguez","title":{"rendered":"Motorista \u00e9 autuado em flagrante por embriaguez"},"content":{"rendered":"<p>Pol\u00edcia Militar Rodovi\u00e1ria, det\u00e9m um homem de 28 anos por embriaguez ao volante na Rodovia Assis Chateaubriand, em Barretos, neste domingo (5).<\/p>\n<p>Um carro foi visto pelos militares trafegando em ziguezague. Um caminhoneiro chegou a reduzir a velocidade para n\u00e3o ocorrer um acidente.<\/p>\n<p>O funcion\u00e1rio do DER tentou retirar a chave do contato no ve\u00edculo onde estava o autor. Mas o indiciado tentou engatar a r\u00e9 para fugir, por\u00e9m, acabou batendo no carro do DER.<\/p>\n<p>Motorista concordou em realizar o teste do baf\u00f4metro, constatando a embriaguez. O delegado autuou o motorista em flagrante, atribuindo fian\u00e7a no valor de R$ 1.320,00 no qual n\u00e3o foi paga. O homem foi recolhido \u00e0 cadeia.<\/p>\n<p>VEJA TAMB\u00c9M:\u00a0<a href=\"https:\/\/redenoticiaz.com.br\/barretos-regiao\/sp\/2023\/03\/04\/influenciador-toguro-se-envolve-em-acidente-e-motociclista-morre-apos-colisao\">Influenciador Toguro se envolve em acidente e motociclista morre ap\u00f3s colis\u00e3o<\/a><\/p>\n","protected":false},"excerpt":{"rendered":"<p>Pol\u00edcia Militar Rodovi\u00e1ria, det\u00e9m um homem de 28 anos por embriaguez ao volante na Rodovia Assis Chateaubriand, em Barretos, neste domingo (5). Um carro foi visto pelos militares trafegando em ziguezague. Um caminhoneiro chegou a reduzir a velocidade para n\u00e3o ocorrer um acidente. O funcion\u00e1rio do DER tentou retirar a chave do contato no ve\u00edculo &hellip;<\/p>\n","protected":false},"author":15,"featured_media":101606,"comment_status":"open","ping_status":"closed","sticky":false,"template":"","format":"standard","meta":{"footnotes":""},"categories":[88],"tags":[10285,22458,14133,24883],"class_list":["post-101605","post","type-post","status-publish","format-standard","has-post-thumbnail","hentry","category-policia","tag-policia-rodoviaria","tag-preso-em-flagrante","tag-rodovia-assis-chateaubriand","tag-teste-do-bafometro"],"yoast_head":"<!-- This site is optimized with the Yoast SEO plugin v28.3 - https:\/\/yoast.com\/product\/yoast-seo-wordpress\/ -->\n<title>Motorista \u00e9 autuado em flagrante por embriaguez - Ribeir\u00e3o Preto e Regi\u00e3o<\/title>\n<meta name=\"description\" content=\"Pol\u00edcia Militar Rodovi\u00e1ria, det\u00e9m um homem de 28 anos por embriaguez ao volante na Rodovia Assis Chateaubriand.\" \/>\n<meta name=\"robots\" content=\"index, follow, max-snippet:-1, max-image-preview:large, max-video-preview:-1\" \/>\n<link rel=\"canonical\" href=\"https:\/\/redenoticiaz.com.br\/ribeiraopreto-regiao\/sp\/2023\/03\/06\/motorista-e-autuado-em-flagrante-por-embriaguez\" \/>\n<meta property=\"og:locale\" content=\"pt_BR\" \/>\n<meta property=\"og:type\" content=\"article\" \/>\n<meta property=\"og:title\" content=\"Motorista \u00e9 autuado em flagrante por embriaguez - Ribeir\u00e3o Preto e Regi\u00e3o\" \/>\n<meta property=\"og:description\" content=\"Pol\u00edcia Militar Rodovi\u00e1ria, det\u00e9m um homem de 28 anos por embriaguez ao volante na Rodovia Assis Chateaubriand.\" \/>\n<meta property=\"og:url\" content=\"https:\/\/redenoticiaz.com.br\/ribeiraopreto-regiao\/sp\/2023\/03\/06\/motorista-e-autuado-em-flagrante-por-embriaguez\" \/>\n<meta property=\"og:site_name\" content=\"Ribeir\u00e3o Preto e Regi\u00e3o\" \/>\n<meta property=\"article:publisher\" content=\"https:\/\/m.facebook.com\/redenoticiaz.barretos\" \/>\n<meta property=\"article:published_time\" content=\"2023-03-06T19:17:50+00:00\" \/>\n<meta property=\"og:image\" content=\"https:\/\/redenoticiaz.com.br\/ribeiraopreto-regiao\/wp-content\/uploads\/sites\/4\/2023\/03\/Mercadorias-sem-nota-fiscal-sao-apreendidas-pela-Policia-Rodoviaria.png\" \/>\n\t<meta property=\"og:image:width\" content=\"940\" \/>\n\t<meta property=\"og:image:height\" content=\"788\" \/>\n\t<meta property=\"og:image:type\" content=\"image\/png\" \/>\n<meta name=\"twitter:card\" content=\"summary_large_image\" \/>\n<meta name=\"twitter:creator\" content=\"@RN_barretos\" \/>\n<meta name=\"twitter:site\" content=\"@RN_barretos\" \/>\n<meta name=\"twitter:label1\" content=\"Escrito por\" \/>\n\t<meta name=\"twitter:data1\" content=\"\" \/>\n\t<meta name=\"twitter:label2\" content=\"Est. tempo de leitura\" \/>\n\t<meta name=\"twitter:data2\" content=\"1 minuto\" \/>\n<script type=\"application\/ld+json\" class=\"yoast-schema-graph\">{\"@context\":\"https:\\\/\\\/schema.org\",\"@graph\":[{\"@type\":\"Article\",\"@id\":\"https:\\\/\\\/redenoticiaz.com.br\\\/ribeiraopreto-regiao\\\/sp\\\/2023\\\/03\\\/06\\\/motorista-e-autuado-em-flagrante-por-embriaguez#article\",\"isPartOf\":{\"@id\":\"https:\\\/\\\/redenoticiaz.com.br\\\/ribeiraopreto-regiao\\\/sp\\\/2023\\\/03\\\/06\\\/motorista-e-autuado-em-flagrante-por-embriaguez\"},\"author\":{\"name\":\"\",\"@id\":\"\"},\"headline\":\"Motorista \u00e9 autuado em flagrante por embriaguez\",\"datePublished\":\"2023-03-06T19:17:50+00:00\",\"mainEntityOfPage\":{\"@id\":\"https:\\\/\\\/redenoticiaz.com.br\\\/ribeiraopreto-regiao\\\/sp\\\/2023\\\/03\\\/06\\\/motorista-e-autuado-em-flagrante-por-embriaguez\"},\"wordCount\":139,\"commentCount\":0,\"publisher\":{\"@id\":\"https:\\\/\\\/redenoticiaz.com.br\\\/ribeiraopreto-regiao\\\/#organization\"},\"image\":{\"@id\":\"https:\\\/\\\/redenoticiaz.com.br\\\/ribeiraopreto-regiao\\\/sp\\\/2023\\\/03\\\/06\\\/motorista-e-autuado-em-flagrante-por-embriaguez#primaryimage\"},\"thumbnailUrl\":\"https:\\\/\\\/redenoticiaz.com.br\\\/ribeiraopreto-regiao\\\/wp-content\\\/uploads\\\/sites\\\/4\\\/2023\\\/03\\\/Mercadorias-sem-nota-fiscal-sao-apreendidas-pela-Policia-Rodoviaria.png\",\"keywords\":[\"Pol\u00edcia Rodovi\u00e1ria\",\"PRESO EM FLAGRANTE\",\"rodovia Assis Chateaubriand\",\"teste do baf\u00f4metro\"],\"articleSection\":[\"Pol\u00edcia\"],\"inLanguage\":\"pt-BR\",\"potentialAction\":[{\"@type\":\"CommentAction\",\"name\":\"Comment\",\"target\":[\"https:\\\/\\\/redenoticiaz.com.br\\\/ribeiraopreto-regiao\\\/sp\\\/2023\\\/03\\\/06\\\/motorista-e-autuado-em-flagrante-por-embriaguez#respond\"]}]},{\"@type\":\"WebPage\",\"@id\":\"https:\\\/\\\/redenoticiaz.com.br\\\/ribeiraopreto-regiao\\\/sp\\\/2023\\\/03\\\/06\\\/motorista-e-autuado-em-flagrante-por-embriaguez\",\"url\":\"https:\\\/\\\/redenoticiaz.com.br\\\/ribeiraopreto-regiao\\\/sp\\\/2023\\\/03\\\/06\\\/motorista-e-autuado-em-flagrante-por-embriaguez\",\"name\":\"Motorista \u00e9 autuado em flagrante por embriaguez - Ribeir\u00e3o Preto e Regi\u00e3o\",\"isPartOf\":{\"@id\":\"https:\\\/\\\/redenoticiaz.com.br\\\/ribeiraopreto-regiao\\\/#website\"},\"primaryImageOfPage\":{\"@id\":\"https:\\\/\\\/redenoticiaz.com.br\\\/ribeiraopreto-regiao\\\/sp\\\/2023\\\/03\\\/06\\\/motorista-e-autuado-em-flagrante-por-embriaguez#primaryimage\"},\"image\":{\"@id\":\"https:\\\/\\\/redenoticiaz.com.br\\\/ribeiraopreto-regiao\\\/sp\\\/2023\\\/03\\\/06\\\/motorista-e-autuado-em-flagrante-por-embriaguez#primaryimage\"},\"thumbnailUrl\":\"https:\\\/\\\/redenoticiaz.com.br\\\/ribeiraopreto-regiao\\\/wp-content\\\/uploads\\\/sites\\\/4\\\/2023\\\/03\\\/Mercadorias-sem-nota-fiscal-sao-apreendidas-pela-Policia-Rodoviaria.png\",\"datePublished\":\"2023-03-06T19:17:50+00:00\",\"description\":\"Pol\u00edcia Militar Rodovi\u00e1ria, det\u00e9m um homem de 28 anos por embriaguez ao volante na Rodovia Assis Chateaubriand.\",\"inLanguage\":\"pt-BR\",\"potentialAction\":[{\"@type\":\"ReadAction\",\"target\":[\"https:\\\/\\\/redenoticiaz.com.br\\\/ribeiraopreto-regiao\\\/sp\\\/2023\\\/03\\\/06\\\/motorista-e-autuado-em-flagrante-por-embriaguez\"]}]},{\"@type\":\"ImageObject\",\"inLanguage\":\"pt-BR\",\"@id\":\"https:\\\/\\\/redenoticiaz.com.br\\\/ribeiraopreto-regiao\\\/sp\\\/2023\\\/03\\\/06\\\/motorista-e-autuado-em-flagrante-por-embriaguez#primaryimage\",\"url\":\"https:\\\/\\\/redenoticiaz.com.br\\\/ribeiraopreto-regiao\\\/wp-content\\\/uploads\\\/sites\\\/4\\\/2023\\\/03\\\/Mercadorias-sem-nota-fiscal-sao-apreendidas-pela-Policia-Rodoviaria.png\",\"contentUrl\":\"https:\\\/\\\/redenoticiaz.com.br\\\/ribeiraopreto-regiao\\\/wp-content\\\/uploads\\\/sites\\\/4\\\/2023\\\/03\\\/Mercadorias-sem-nota-fiscal-sao-apreendidas-pela-Policia-Rodoviaria.png\",\"width\":940,\"height\":788,\"caption\":\"Cr\u00e9dito: Reprodu\u00e7\u00e3o\"},{\"@type\":\"WebSite\",\"@id\":\"https:\\\/\\\/redenoticiaz.com.br\\\/ribeiraopreto-regiao\\\/#website\",\"url\":\"https:\\\/\\\/redenoticiaz.com.br\\\/ribeiraopreto-regiao\\\/\",\"name\":\"Ribeir\u00e3o Preto e Regi\u00e3o\",\"description\":\"Rede NoticiaZ - Ribeir\u00e3o Preto e regi\u00e3o\",\"publisher\":{\"@id\":\"https:\\\/\\\/redenoticiaz.com.br\\\/ribeiraopreto-regiao\\\/#organization\"},\"potentialAction\":[{\"@type\":\"SearchAction\",\"target\":{\"@type\":\"EntryPoint\",\"urlTemplate\":\"https:\\\/\\\/redenoticiaz.com.br\\\/ribeiraopreto-regiao\\\/?s={search_term_string}\"},\"query-input\":{\"@type\":\"PropertyValueSpecification\",\"valueRequired\":true,\"valueName\":\"search_term_string\"}}],\"inLanguage\":\"pt-BR\"},{\"@type\":\"Organization\",\"@id\":\"https:\\\/\\\/redenoticiaz.com.br\\\/ribeiraopreto-regiao\\\/#organization\",\"name\":\"Ribeir\u00e3o Preto e Regi\u00e3o\",\"url\":\"https:\\\/\\\/redenoticiaz.com.br\\\/ribeiraopreto-regiao\\\/\",\"logo\":{\"@type\":\"ImageObject\",\"inLanguage\":\"pt-BR\",\"@id\":\"https:\\\/\\\/redenoticiaz.com.br\\\/ribeiraopreto-regiao\\\/#\\\/schema\\\/logo\\\/image\\\/\",\"url\":\"https:\\\/\\\/redenoticiaz.com.br\\\/barretos-regiao\\\/wp-content\\\/uploads\\\/sites\\\/4\\\/2022\\\/02\\\/logo.jpg\",\"contentUrl\":\"https:\\\/\\\/redenoticiaz.com.br\\\/barretos-regiao\\\/wp-content\\\/uploads\\\/sites\\\/4\\\/2022\\\/02\\\/logo.jpg\",\"width\":400,\"height\":250,\"caption\":\"Ribeir\u00e3o Preto e Regi\u00e3o\"},\"image\":{\"@id\":\"https:\\\/\\\/redenoticiaz.com.br\\\/ribeiraopreto-regiao\\\/#\\\/schema\\\/logo\\\/image\\\/\"},\"sameAs\":[\"https:\\\/\\\/m.facebook.com\\\/redenoticiaz.barretos\",\"https:\\\/\\\/x.com\\\/RN_barretos\",\"https:\\\/\\\/www.instagram.com\\\/redenoticiaz.barretos\\\/?igshid=YmMyMTA2M2Y\",\"https:\\\/\\\/www.linkedin.com\\\/company\\\/rede-noticiaz-barretos-e-regio\\\/\"]},{\"@type\":\"Person\",\"@id\":\"\",\"url\":\"https:\\\/\\\/redenoticiaz.com.br\\\/ribeiraopreto-regiao\\\/sp\\\/author\"}]}<\/script>\n<!-- \/ Yoast SEO plugin. -->","yoast_head_json":{"title":"Motorista \u00e9 autuado em flagrante por embriaguez - Ribeir\u00e3o Preto e Regi\u00e3o","description":"Pol\u00edcia Militar Rodovi\u00e1ria, det\u00e9m um homem de 28 anos por embriaguez ao volante na Rodovia Assis Chateaubriand.","robots":{"index":"index","follow":"follow","max-snippet":"max-snippet:-1","max-image-preview":"max-image-preview:large","max-video-preview":"max-video-preview:-1"},"canonical":"https:\/\/redenoticiaz.com.br\/ribeiraopreto-regiao\/sp\/2023\/03\/06\/motorista-e-autuado-em-flagrante-por-embriaguez","og_locale":"pt_BR","og_type":"article","og_title":"Motorista \u00e9 autuado em flagrante por embriaguez - Ribeir\u00e3o Preto e Regi\u00e3o","og_description":"Pol\u00edcia Militar Rodovi\u00e1ria, det\u00e9m um homem de 28 anos por embriaguez ao volante na Rodovia Assis Chateaubriand.","og_url":"https:\/\/redenoticiaz.com.br\/ribeiraopreto-regiao\/sp\/2023\/03\/06\/motorista-e-autuado-em-flagrante-por-embriaguez","og_site_name":"Ribeir\u00e3o Preto e Regi\u00e3o","article_publisher":"https:\/\/m.facebook.com\/redenoticiaz.barretos","article_published_time":"2023-03-06T19:17:50+00:00","og_image":[{"width":940,"height":788,"url":"https:\/\/redenoticiaz.com.br\/ribeiraopreto-regiao\/wp-content\/uploads\/sites\/4\/2023\/03\/Mercadorias-sem-nota-fiscal-sao-apreendidas-pela-Policia-Rodoviaria.png","type":"image\/png"}],"twitter_card":"summary_large_image","twitter_creator":"@RN_barretos","twitter_site":"@RN_barretos","twitter_misc":{"Escrito por":"","Est. tempo de leitura":"1 minuto"},"schema":{"@context":"https:\/\/schema.org","@graph":[{"@type":"Article","@id":"https:\/\/redenoticiaz.com.br\/ribeiraopreto-regiao\/sp\/2023\/03\/06\/motorista-e-autuado-em-flagrante-por-embriaguez#article","isPartOf":{"@id":"https:\/\/redenoticiaz.com.br\/ribeiraopreto-regiao\/sp\/2023\/03\/06\/motorista-e-autuado-em-flagrante-por-embriaguez"},"author":{"name":"","@id":""},"headline":"Motorista \u00e9 autuado em flagrante por embriaguez","datePublished":"2023-03-06T19:17:50+00:00","mainEntityOfPage":{"@id":"https:\/\/redenoticiaz.com.br\/ribeiraopreto-regiao\/sp\/2023\/03\/06\/motorista-e-autuado-em-flagrante-por-embriaguez"},"wordCount":139,"commentCount":0,"publisher":{"@id":"https:\/\/redenoticiaz.com.br\/ribeiraopreto-regiao\/#organization"},"image":{"@id":"https:\/\/redenoticiaz.com.br\/ribeiraopreto-regiao\/sp\/2023\/03\/06\/motorista-e-autuado-em-flagrante-por-embriaguez#primaryimage"},"thumbnailUrl":"https:\/\/redenoticiaz.com.br\/ribeiraopreto-regiao\/wp-content\/uploads\/sites\/4\/2023\/03\/Mercadorias-sem-nota-fiscal-sao-apreendidas-pela-Policia-Rodoviaria.png","keywords":["Pol\u00edcia Rodovi\u00e1ria","PRESO EM FLAGRANTE","rodovia Assis Chateaubriand","teste do baf\u00f4metro"],"articleSection":["Pol\u00edcia"],"inLanguage":"pt-BR","potentialAction":[{"@type":"CommentAction","name":"Comment","target":["https:\/\/redenoticiaz.com.br\/ribeiraopreto-regiao\/sp\/2023\/03\/06\/motorista-e-autuado-em-flagrante-por-embriaguez#respond"]}]},{"@type":"WebPage","@id":"https:\/\/redenoticiaz.com.br\/ribeiraopreto-regiao\/sp\/2023\/03\/06\/motorista-e-autuado-em-flagrante-por-embriaguez","url":"https:\/\/redenoticiaz.com.br\/ribeiraopreto-regiao\/sp\/2023\/03\/06\/motorista-e-autuado-em-flagrante-por-embriaguez","name":"Motorista \u00e9 autuado em flagrante por embriaguez - Ribeir\u00e3o Preto e Regi\u00e3o","isPartOf":{"@id":"https:\/\/redenoticiaz.com.br\/ribeiraopreto-regiao\/#website"},"primaryImageOfPage":{"@id":"https:\/\/redenoticiaz.com.br\/ribeiraopreto-regiao\/sp\/2023\/03\/06\/motorista-e-autuado-em-flagrante-por-embriaguez#primaryimage"},"image":{"@id":"https:\/\/redenoticiaz.com.br\/ribeiraopreto-regiao\/sp\/2023\/03\/06\/motorista-e-autuado-em-flagrante-por-embriaguez#primaryimage"},"thumbnailUrl":"https:\/\/redenoticiaz.com.br\/ribeiraopreto-regiao\/wp-content\/uploads\/sites\/4\/2023\/03\/Mercadorias-sem-nota-fiscal-sao-apreendidas-pela-Policia-Rodoviaria.png","datePublished":"2023-03-06T19:17:50+00:00","description":"Pol\u00edcia Militar Rodovi\u00e1ria, det\u00e9m um homem de 28 anos por embriaguez ao volante na Rodovia Assis Chateaubriand.","inLanguage":"pt-BR","potentialAction":[{"@type":"ReadAction","target":["https:\/\/redenoticiaz.com.br\/ribeiraopreto-regiao\/sp\/2023\/03\/06\/motorista-e-autuado-em-flagrante-por-embriaguez"]}]},{"@type":"ImageObject","inLanguage":"pt-BR","@id":"https:\/\/redenoticiaz.com.br\/ribeiraopreto-regiao\/sp\/2023\/03\/06\/motorista-e-autuado-em-flagrante-por-embriaguez#primaryimage","url":"https:\/\/redenoticiaz.com.br\/ribeiraopreto-regiao\/wp-content\/uploads\/sites\/4\/2023\/03\/Mercadorias-sem-nota-fiscal-sao-apreendidas-pela-Policia-Rodoviaria.png","contentUrl":"https:\/\/redenoticiaz.com.br\/ribeiraopreto-regiao\/wp-content\/uploads\/sites\/4\/2023\/03\/Mercadorias-sem-nota-fiscal-sao-apreendidas-pela-Policia-Rodoviaria.png","width":940,"height":788,"caption":"Cr\u00e9dito: Reprodu\u00e7\u00e3o"},{"@type":"WebSite","@id":"https:\/\/redenoticiaz.com.br\/ribeiraopreto-regiao\/#website","url":"https:\/\/redenoticiaz.com.br\/ribeiraopreto-regiao\/","name":"Ribeir\u00e3o Preto e Regi\u00e3o","description":"Rede NoticiaZ - Ribeir\u00e3o Preto e regi\u00e3o","publisher":{"@id":"https:\/\/redenoticiaz.com.br\/ribeiraopreto-regiao\/#organization"},"potentialAction":[{"@type":"SearchAction","target":{"@type":"EntryPoint","urlTemplate":"https:\/\/redenoticiaz.com.br\/ribeiraopreto-regiao\/?s={search_term_string}"},"query-input":{"@type":"PropertyValueSpecification","valueRequired":true,"valueName":"search_term_string"}}],"inLanguage":"pt-BR"},{"@type":"Organization","@id":"https:\/\/redenoticiaz.com.br\/ribeiraopreto-regiao\/#organization","name":"Ribeir\u00e3o Preto e Regi\u00e3o","url":"https:\/\/redenoticiaz.com.br\/ribeiraopreto-regiao\/","logo":{"@type":"ImageObject","inLanguage":"pt-BR","@id":"https:\/\/redenoticiaz.com.br\/ribeiraopreto-regiao\/#\/schema\/logo\/image\/","url":"https:\/\/redenoticiaz.com.br\/barretos-regiao\/wp-content\/uploads\/sites\/4\/2022\/02\/logo.jpg","contentUrl":"https:\/\/redenoticiaz.com.br\/barretos-regiao\/wp-content\/uploads\/sites\/4\/2022\/02\/logo.jpg","width":400,"height":250,"caption":"Ribeir\u00e3o Preto e Regi\u00e3o"},"image":{"@id":"https:\/\/redenoticiaz.com.br\/ribeiraopreto-regiao\/#\/schema\/logo\/image\/"},"sameAs":["https:\/\/m.facebook.com\/redenoticiaz.barretos","https:\/\/x.com\/RN_barretos","https:\/\/www.instagram.com\/redenoticiaz.barretos\/?igshid=YmMyMTA2M2Y","https:\/\/www.linkedin.com\/company\/rede-noticiaz-barretos-e-regio\/"]},{"@type":"Person","@id":"","url":"https:\/\/redenoticiaz.com.br\/ribeiraopreto-regiao\/sp\/author"}]}},"_links":{"self":[{"href":"https:\/\/redenoticiaz.com.br\/ribeiraopreto-regiao\/wp-json\/wp\/v2\/posts\/101605","targetHints":{"allow":["GET"]}}],"collection":[{"href":"https:\/\/redenoticiaz.com.br\/ribeiraopreto-regiao\/wp-json\/wp\/v2\/posts"}],"about":[{"href":"https:\/\/redenoticiaz.com.br\/ribeiraopreto-regiao\/wp-json\/wp\/v2\/types\/post"}],"author":[{"embeddable":true,"href":"https:\/\/redenoticiaz.com.br\/ribeiraopreto-regiao\/wp-json\/wp\/v2\/users\/15"}],"replies":[{"embeddable":true,"href":"https:\/\/redenoticiaz.com.br\/ribeiraopreto-regiao\/wp-json\/wp\/v2\/comments?post=101605"}],"version-history":[{"count":1,"href":"https:\/\/redenoticiaz.com.br\/ribeiraopreto-regiao\/wp-json\/wp\/v2\/posts\/101605\/revisions"}],"predecessor-version":[{"id":101607,"href":"https:\/\/redenoticiaz.com.br\/ribeiraopreto-regiao\/wp-json\/wp\/v2\/posts\/101605\/revisions\/101607"}],"wp:featuredmedia":[{"embeddable":true,"href":"https:\/\/redenoticiaz.com.br\/ribeiraopreto-regiao\/wp-json\/wp\/v2\/media\/101606"}],"wp:attachment":[{"href":"https:\/\/redenoticiaz.com.br\/ribeiraopreto-regiao\/wp-json\/wp\/v2\/media?parent=101605"}],"wp:term":[{"taxonomy":"category","embeddable":true,"href":"https:\/\/redenoticiaz.com.br\/ribeiraopreto-regiao\/wp-json\/wp\/v2\/categories?post=101605"},{"taxonomy":"post_tag","embeddable":true,"href":"https:\/\/redenoticiaz.com.br\/ribeiraopreto-regiao\/wp-json\/wp\/v2\/tags?post=101605"}],"curies":[{"name":"wp","href":"https:\/\/api.w.org\/{rel}","templated":true}]}}