{"id":101640,"date":"2023-03-07T13:48:46","date_gmt":"2023-03-07T16:48:46","guid":{"rendered":"https:\/\/redenoticiaz.com.br\/barretos-regiao\/?p=101640"},"modified":"2023-03-07T13:48:46","modified_gmt":"2023-03-07T16:48:46","slug":"show-com-o-cantor-leonardo-e-missa-festiva-encerram-comemoracoes-do-aniversario-de-olimpia","status":"publish","type":"post","link":"https:\/\/redenoticiaz.com.br\/ribeiraopreto-regiao\/sp\/2023\/03\/07\/show-com-o-cantor-leonardo-e-missa-festiva-encerram-comemoracoes-do-aniversario-de-olimpia","title":{"rendered":"Show com o cantor Leonardo e missa festiva encerram comemora\u00e7\u00f5es do anivers\u00e1rio de Ol\u00edmpia"},"content":{"rendered":"<p class=\"v1MsoNormal\"><span style=\"font-family: arial, sans-serif\">A Est\u00e2ncia Tur\u00edstica de Ol\u00edmpia completou 120 anos de funda\u00e7\u00e3o, e a chegada de mais um ano de hist\u00f3ria foi celebrada com uma Semana de Comemora\u00e7\u00f5es que contou com diversas atividades e inaugura\u00e7\u00f5es, nas \u00e1reas de esporte, educa\u00e7\u00e3o, cultura, turismo e lazer.<\/span><\/p>\n<p class=\"v1MsoNormal\"><span style=\"font-family: arial, sans-serif\">A grande atra\u00e7\u00e3o da programa\u00e7\u00e3o foi o show com o cantor Leonardo, um dos sertanejos de maior sucesso do Brasil, que reuniu cerca de 10 mil pessoas no Recinto do Folclore e arrecadou mais de 10 toneladas de alimentos, que ser\u00e3o encaminhadas \u00e0s fam\u00edlias de S\u00e3o Sebasti\u00e3o.<\/span><\/p>\n<p class=\"v1MsoNormal\"><span style=\"font-family: arial, sans-serif\">A destina\u00e7\u00e3o solid\u00e1ria foi inclusive anunciada pelo cantor e pelo prefeito Fernando Cunha no palco, seguido de um &#8220;parab\u00e9ns&#8221; que foi cantado por todo o p\u00fablico presente em comemora\u00e7\u00e3o ao anivers\u00e1rio.<\/span><\/p>\n<p class=\"v1MsoNormal\"><b><span style=\"font-family: arial, sans-serif\">MISSA<\/span><\/b><\/p>\n<p class=\"v1MsoNormal\"><span style=\"font-family: arial, sans-serif\">Finalizando a programa\u00e7\u00e3o, foi realizada uma Missa em A\u00e7\u00e3o de Gra\u00e7as ao Anivers\u00e1rio de Ol\u00edmpia e \u00e0 Abertura do Ano Letivo de 2023 da rede municipal de ensino, na Igreja Matriz de S\u00e3o Jo\u00e3o Batista, que leva o nome do padroeiro da cidade.<\/span><\/p>\n<p class=\"v1MsoNormal\"><span style=\"font-family: arial, sans-serif\">Presidida pelo Bispo Diocesano, Dom Milton Kenan J\u00fanior, a celebra\u00e7\u00e3o foi voltada a homenagear a cidade em seus diversos setores, com a participa\u00e7\u00e3o de representantes e lideran\u00e7as no ofert\u00f3rio que apresentaram s\u00edmbolos de seu trabalho e viv\u00eancia em diferentes \u00e1reas como educa\u00e7\u00e3o, cultura, seguran\u00e7a, sa\u00fade, planejamento, esporte, assist\u00eancia, meio ambiente, obras, religi\u00e3o e papel social.<\/span><\/p>\n<p class=\"v1MsoNormal\"><span style=\"font-family: arial, sans-serif\">A missa reuniu centenas de fi\u00e9is e contou com a colabora\u00e7\u00e3o das tr\u00eas par\u00f3quias da cidade, S\u00e3o Jo\u00e3o Batista, Santu\u00e1rio Nossa Senhora Aparecida e S\u00e3o Jos\u00e9, al\u00e9m da Quase Par\u00f3quia, S\u00e3o Judas e Santo Expedito, na organiza\u00e7\u00e3o e realiza\u00e7\u00e3o dos ritos lit\u00fargicos. Tr\u00eas tendas de umbanda e dois centros esp\u00edritas tamb\u00e9m participaram. Entre as autoridades presentes, estiveram o prefeito Fernando Cunha, os vereadores, Sargento Barrera (Presidente) e Rodrigo Ruiz, e secret\u00e1rios municipais das diferentes pastas. Diretores de todas as unidades escolares da rede municipal tamb\u00e9m fizeram uma participa\u00e7\u00e3o especial.<\/span><\/p>\n<p class=\"v1MsoNormal\"><b><span style=\"font-family: arial, sans-serif\">OUTRAS ATIVIDADES<\/span><\/b><\/p>\n<p class=\"v1MsoNormal\"><span style=\"font-family: arial, sans-serif\">A Semana de Comemora\u00e7\u00f5es foi marcada por conquistas diversas em benef\u00edcio da popula\u00e7\u00e3o. A programa\u00e7\u00e3o teve uma homenagem especial organizada pela Associa\u00e7\u00e3o Ol\u00edmpia para Todos em parceria com a secretaria de Educa\u00e7\u00e3o, com apresenta\u00e7\u00f5es dos alunos da rede municipal, em sauda\u00e7\u00e3o a personalidades importantes da hist\u00f3ria da cidade.<\/span><\/p>\n<p class=\"v1MsoNormal\"><span style=\"font-family: arial, sans-serif\">No esporte, a inaugura\u00e7\u00e3o da primeira Areninha Esportiva do munic\u00edpio, entregue na regi\u00e3o dos bairros Viva Ol\u00edmpia e Harmonia. A cidade ganhou na cultura com a abertura de duas novas exposi\u00e7\u00f5es fotogr\u00e1ficas e de pe\u00e7as, uma no Museu de Arte Sacra e outra na Pinacoteca Municipal.<\/span><\/p>\n<p class=\"v1MsoNormal\"><span style=\"font-family: arial, sans-serif\">Na regi\u00e3o dos bairros Maranata, S\u00e3o Jos\u00e9 e Cohab III comemoraram a entrega da t\u00e3o aguardada Creche, que foi conclu\u00edda ap\u00f3s anos de impasses judiciais e burocr\u00e1ticos e, finalmente, est\u00e1 dispon\u00edvel para a popula\u00e7\u00e3o, abrigando a nova sede da EMEB Pedrinho, com uma estrutura mais adequada e amplia\u00e7\u00e3o do atendimento em per\u00edodo integral.<\/span><\/p>\n<p>VEJA TAMB\u00c9M:\u00a0<a href=\"https:\/\/redenoticiaz.com.br\/barretos-regiao\/sp\/2023\/03\/06\/thermas-dos-laranjais-lanca-promocao-exclusiva-para-mulheres\">Thermas dos Laranjais lan\u00e7a promo\u00e7\u00e3o exclusiva para mulheres<\/a><\/p>\n","protected":false},"excerpt":{"rendered":"<p>A Est\u00e2ncia Tur\u00edstica de Ol\u00edmpia completou 120 anos de funda\u00e7\u00e3o, e a chegada de mais um ano de hist\u00f3ria foi celebrada com uma Semana de Comemora\u00e7\u00f5es que contou com diversas atividades e inaugura\u00e7\u00f5es, nas \u00e1reas de esporte, educa\u00e7\u00e3o, cultura, turismo e lazer. A grande atra\u00e7\u00e3o da programa\u00e7\u00e3o foi o show com o cantor Leonardo, um &hellip;<\/p>\n","protected":false},"author":15,"featured_media":101641,"comment_status":"open","ping_status":"closed","sticky":false,"template":"","format":"standard","meta":{"footnotes":""},"categories":[252,815,87,2920],"tags":[24380,24382,664],"class_list":["post-101640","post","type-post","status-publish","format-standard","has-post-thumbnail","hentry","category-acao-social","category-cultura-e-musica","category-esporte","category-obras","tag-aniversario-de-olimpia","tag-cantor-leonardo","tag-show"],"yoast_head":"<!-- This site is optimized with the Yoast SEO plugin v27.4 - https:\/\/yoast.com\/product\/yoast-seo-wordpress\/ -->\n<title>Show com o cantor Leonardo e missa festiva encerram comemora\u00e7\u00f5es do anivers\u00e1rio de Ol\u00edmpia - Ribeir\u00e3o Preto e Regi\u00e3o<\/title>\n<meta name=\"description\" content=\"Ol\u00edmpia completou 120 anos de funda\u00e7\u00e3o, e a chegada de mais um ano de hist\u00f3ria foi celebrada com uma Semana de Comemora\u00e7\u00f5es\" \/>\n<meta name=\"robots\" content=\"index, follow, max-snippet:-1, max-image-preview:large, max-video-preview:-1\" \/>\n<link rel=\"canonical\" href=\"https:\/\/redenoticiaz.com.br\/ribeiraopreto-regiao\/sp\/2023\/03\/07\/show-com-o-cantor-leonardo-e-missa-festiva-encerram-comemoracoes-do-aniversario-de-olimpia\" \/>\n<meta property=\"og:locale\" content=\"pt_BR\" \/>\n<meta property=\"og:type\" content=\"article\" \/>\n<meta property=\"og:title\" content=\"Show com o cantor Leonardo e missa festiva encerram comemora\u00e7\u00f5es do anivers\u00e1rio de Ol\u00edmpia - Ribeir\u00e3o Preto e Regi\u00e3o\" \/>\n<meta property=\"og:description\" content=\"Ol\u00edmpia completou 120 anos de funda\u00e7\u00e3o, e a chegada de mais um ano de hist\u00f3ria foi celebrada com uma Semana de Comemora\u00e7\u00f5es\" \/>\n<meta property=\"og:url\" content=\"https:\/\/redenoticiaz.com.br\/ribeiraopreto-regiao\/sp\/2023\/03\/07\/show-com-o-cantor-leonardo-e-missa-festiva-encerram-comemoracoes-do-aniversario-de-olimpia\" \/>\n<meta property=\"og:site_name\" content=\"Ribeir\u00e3o Preto e Regi\u00e3o\" \/>\n<meta property=\"article:publisher\" content=\"https:\/\/m.facebook.com\/redenoticiaz.barretos\" \/>\n<meta property=\"article:published_time\" content=\"2023-03-07T16:48:46+00:00\" \/>\n<meta property=\"og:image\" content=\"https:\/\/redenoticiaz.com.br\/ribeiraopreto-regiao\/wp-content\/uploads\/sites\/4\/2023\/03\/Show-Leonardo-Aniversario-Olimpia-9-scaled.jpg\" \/>\n\t<meta property=\"og:image:width\" content=\"1766\" \/>\n\t<meta property=\"og:image:height\" content=\"1080\" \/>\n\t<meta property=\"og:image:type\" content=\"image\/jpeg\" \/>\n<meta name=\"twitter:card\" content=\"summary_large_image\" \/>\n<meta name=\"twitter:creator\" content=\"@RN_barretos\" \/>\n<meta name=\"twitter:site\" content=\"@RN_barretos\" \/>\n<meta name=\"twitter:label1\" content=\"Escrito por\" \/>\n\t<meta name=\"twitter:data1\" content=\"\" \/>\n\t<meta name=\"twitter:label2\" content=\"Est. tempo de leitura\" \/>\n\t<meta name=\"twitter:data2\" content=\"3 minutos\" \/>\n<script type=\"application\/ld+json\" class=\"yoast-schema-graph\">{\"@context\":\"https:\\\/\\\/schema.org\",\"@graph\":[{\"@type\":\"Article\",\"@id\":\"https:\\\/\\\/redenoticiaz.com.br\\\/ribeiraopreto-regiao\\\/sp\\\/2023\\\/03\\\/07\\\/show-com-o-cantor-leonardo-e-missa-festiva-encerram-comemoracoes-do-aniversario-de-olimpia#article\",\"isPartOf\":{\"@id\":\"https:\\\/\\\/redenoticiaz.com.br\\\/ribeiraopreto-regiao\\\/sp\\\/2023\\\/03\\\/07\\\/show-com-o-cantor-leonardo-e-missa-festiva-encerram-comemoracoes-do-aniversario-de-olimpia\"},\"author\":{\"name\":\"\",\"@id\":\"\"},\"headline\":\"Show com o cantor Leonardo e missa festiva encerram comemora\u00e7\u00f5es do anivers\u00e1rio de Ol\u00edmpia\",\"datePublished\":\"2023-03-07T16:48:46+00:00\",\"mainEntityOfPage\":{\"@id\":\"https:\\\/\\\/redenoticiaz.com.br\\\/ribeiraopreto-regiao\\\/sp\\\/2023\\\/03\\\/07\\\/show-com-o-cantor-leonardo-e-missa-festiva-encerram-comemoracoes-do-aniversario-de-olimpia\"},\"wordCount\":568,\"commentCount\":0,\"publisher\":{\"@id\":\"https:\\\/\\\/redenoticiaz.com.br\\\/ribeiraopreto-regiao\\\/#organization\"},\"image\":{\"@id\":\"https:\\\/\\\/redenoticiaz.com.br\\\/ribeiraopreto-regiao\\\/sp\\\/2023\\\/03\\\/07\\\/show-com-o-cantor-leonardo-e-missa-festiva-encerram-comemoracoes-do-aniversario-de-olimpia#primaryimage\"},\"thumbnailUrl\":\"https:\\\/\\\/redenoticiaz.com.br\\\/ribeiraopreto-regiao\\\/wp-content\\\/uploads\\\/sites\\\/4\\\/2023\\\/03\\\/Show-Leonardo-Aniversario-Olimpia-9-scaled.jpg\",\"keywords\":[\"ANIVERS\u00c1RIO DE OL\u00cdMPIA\",\"Cantor Leonardo\",\"SHOW\"],\"articleSection\":[\"A\u00e7\u00e3o Social\",\"Cultura e M\u00fasica\",\"Esporte\",\"Obras\"],\"inLanguage\":\"pt-BR\",\"potentialAction\":[{\"@type\":\"CommentAction\",\"name\":\"Comment\",\"target\":[\"https:\\\/\\\/redenoticiaz.com.br\\\/ribeiraopreto-regiao\\\/sp\\\/2023\\\/03\\\/07\\\/show-com-o-cantor-leonardo-e-missa-festiva-encerram-comemoracoes-do-aniversario-de-olimpia#respond\"]}]},{\"@type\":\"WebPage\",\"@id\":\"https:\\\/\\\/redenoticiaz.com.br\\\/ribeiraopreto-regiao\\\/sp\\\/2023\\\/03\\\/07\\\/show-com-o-cantor-leonardo-e-missa-festiva-encerram-comemoracoes-do-aniversario-de-olimpia\",\"url\":\"https:\\\/\\\/redenoticiaz.com.br\\\/ribeiraopreto-regiao\\\/sp\\\/2023\\\/03\\\/07\\\/show-com-o-cantor-leonardo-e-missa-festiva-encerram-comemoracoes-do-aniversario-de-olimpia\",\"name\":\"Show com o cantor Leonardo e missa festiva encerram comemora\u00e7\u00f5es do anivers\u00e1rio de Ol\u00edmpia - Ribeir\u00e3o Preto e Regi\u00e3o\",\"isPartOf\":{\"@id\":\"https:\\\/\\\/redenoticiaz.com.br\\\/ribeiraopreto-regiao\\\/#website\"},\"primaryImageOfPage\":{\"@id\":\"https:\\\/\\\/redenoticiaz.com.br\\\/ribeiraopreto-regiao\\\/sp\\\/2023\\\/03\\\/07\\\/show-com-o-cantor-leonardo-e-missa-festiva-encerram-comemoracoes-do-aniversario-de-olimpia#primaryimage\"},\"image\":{\"@id\":\"https:\\\/\\\/redenoticiaz.com.br\\\/ribeiraopreto-regiao\\\/sp\\\/2023\\\/03\\\/07\\\/show-com-o-cantor-leonardo-e-missa-festiva-encerram-comemoracoes-do-aniversario-de-olimpia#primaryimage\"},\"thumbnailUrl\":\"https:\\\/\\\/redenoticiaz.com.br\\\/ribeiraopreto-regiao\\\/wp-content\\\/uploads\\\/sites\\\/4\\\/2023\\\/03\\\/Show-Leonardo-Aniversario-Olimpia-9-scaled.jpg\",\"datePublished\":\"2023-03-07T16:48:46+00:00\",\"description\":\"Ol\u00edmpia completou 120 anos de funda\u00e7\u00e3o, e a chegada de mais um ano de hist\u00f3ria foi celebrada com uma Semana de Comemora\u00e7\u00f5es\",\"inLanguage\":\"pt-BR\",\"potentialAction\":[{\"@type\":\"ReadAction\",\"target\":[\"https:\\\/\\\/redenoticiaz.com.br\\\/ribeiraopreto-regiao\\\/sp\\\/2023\\\/03\\\/07\\\/show-com-o-cantor-leonardo-e-missa-festiva-encerram-comemoracoes-do-aniversario-de-olimpia\"]}]},{\"@type\":\"ImageObject\",\"inLanguage\":\"pt-BR\",\"@id\":\"https:\\\/\\\/redenoticiaz.com.br\\\/ribeiraopreto-regiao\\\/sp\\\/2023\\\/03\\\/07\\\/show-com-o-cantor-leonardo-e-missa-festiva-encerram-comemoracoes-do-aniversario-de-olimpia#primaryimage\",\"url\":\"https:\\\/\\\/redenoticiaz.com.br\\\/ribeiraopreto-regiao\\\/wp-content\\\/uploads\\\/sites\\\/4\\\/2023\\\/03\\\/Show-Leonardo-Aniversario-Olimpia-9-scaled.jpg\",\"contentUrl\":\"https:\\\/\\\/redenoticiaz.com.br\\\/ribeiraopreto-regiao\\\/wp-content\\\/uploads\\\/sites\\\/4\\\/2023\\\/03\\\/Show-Leonardo-Aniversario-Olimpia-9-scaled.jpg\",\"width\":1766,\"height\":1080,\"caption\":\"Show com o cantor Leonardo. Cr\u00e9dito: Divulga\u00e7\u00e3o\"},{\"@type\":\"WebSite\",\"@id\":\"https:\\\/\\\/redenoticiaz.com.br\\\/ribeiraopreto-regiao\\\/#website\",\"url\":\"https:\\\/\\\/redenoticiaz.com.br\\\/ribeiraopreto-regiao\\\/\",\"name\":\"Ribeir\u00e3o Preto e Regi\u00e3o\",\"description\":\"Rede NoticiaZ - Ribeir\u00e3o Preto e regi\u00e3o\",\"publisher\":{\"@id\":\"https:\\\/\\\/redenoticiaz.com.br\\\/ribeiraopreto-regiao\\\/#organization\"},\"potentialAction\":[{\"@type\":\"SearchAction\",\"target\":{\"@type\":\"EntryPoint\",\"urlTemplate\":\"https:\\\/\\\/redenoticiaz.com.br\\\/ribeiraopreto-regiao\\\/?s={search_term_string}\"},\"query-input\":{\"@type\":\"PropertyValueSpecification\",\"valueRequired\":true,\"valueName\":\"search_term_string\"}}],\"inLanguage\":\"pt-BR\"},{\"@type\":\"Organization\",\"@id\":\"https:\\\/\\\/redenoticiaz.com.br\\\/ribeiraopreto-regiao\\\/#organization\",\"name\":\"Ribeir\u00e3o Preto e Regi\u00e3o\",\"url\":\"https:\\\/\\\/redenoticiaz.com.br\\\/ribeiraopreto-regiao\\\/\",\"logo\":{\"@type\":\"ImageObject\",\"inLanguage\":\"pt-BR\",\"@id\":\"https:\\\/\\\/redenoticiaz.com.br\\\/ribeiraopreto-regiao\\\/#\\\/schema\\\/logo\\\/image\\\/\",\"url\":\"https:\\\/\\\/redenoticiaz.com.br\\\/barretos-regiao\\\/wp-content\\\/uploads\\\/sites\\\/4\\\/2022\\\/02\\\/logo.jpg\",\"contentUrl\":\"https:\\\/\\\/redenoticiaz.com.br\\\/barretos-regiao\\\/wp-content\\\/uploads\\\/sites\\\/4\\\/2022\\\/02\\\/logo.jpg\",\"width\":400,\"height\":250,\"caption\":\"Ribeir\u00e3o Preto e Regi\u00e3o\"},\"image\":{\"@id\":\"https:\\\/\\\/redenoticiaz.com.br\\\/ribeiraopreto-regiao\\\/#\\\/schema\\\/logo\\\/image\\\/\"},\"sameAs\":[\"https:\\\/\\\/m.facebook.com\\\/redenoticiaz.barretos\",\"https:\\\/\\\/x.com\\\/RN_barretos\",\"https:\\\/\\\/www.instagram.com\\\/redenoticiaz.barretos\\\/?igshid=YmMyMTA2M2Y\",\"https:\\\/\\\/www.linkedin.com\\\/company\\\/rede-noticiaz-barretos-e-regio\\\/\"]},{\"@type\":\"Person\",\"@id\":\"\",\"url\":\"https:\\\/\\\/redenoticiaz.com.br\\\/ribeiraopreto-regiao\\\/sp\\\/author\"}]}<\/script>\n<!-- \/ Yoast SEO plugin. -->","yoast_head_json":{"title":"Show com o cantor Leonardo e missa festiva encerram comemora\u00e7\u00f5es do anivers\u00e1rio de Ol\u00edmpia - Ribeir\u00e3o Preto e Regi\u00e3o","description":"Ol\u00edmpia completou 120 anos de funda\u00e7\u00e3o, e a chegada de mais um ano de hist\u00f3ria foi celebrada com uma Semana de Comemora\u00e7\u00f5es","robots":{"index":"index","follow":"follow","max-snippet":"max-snippet:-1","max-image-preview":"max-image-preview:large","max-video-preview":"max-video-preview:-1"},"canonical":"https:\/\/redenoticiaz.com.br\/ribeiraopreto-regiao\/sp\/2023\/03\/07\/show-com-o-cantor-leonardo-e-missa-festiva-encerram-comemoracoes-do-aniversario-de-olimpia","og_locale":"pt_BR","og_type":"article","og_title":"Show com o cantor Leonardo e missa festiva encerram comemora\u00e7\u00f5es do anivers\u00e1rio de Ol\u00edmpia - Ribeir\u00e3o Preto e Regi\u00e3o","og_description":"Ol\u00edmpia completou 120 anos de funda\u00e7\u00e3o, e a chegada de mais um ano de hist\u00f3ria foi celebrada com uma Semana de Comemora\u00e7\u00f5es","og_url":"https:\/\/redenoticiaz.com.br\/ribeiraopreto-regiao\/sp\/2023\/03\/07\/show-com-o-cantor-leonardo-e-missa-festiva-encerram-comemoracoes-do-aniversario-de-olimpia","og_site_name":"Ribeir\u00e3o Preto e Regi\u00e3o","article_publisher":"https:\/\/m.facebook.com\/redenoticiaz.barretos","article_published_time":"2023-03-07T16:48:46+00:00","og_image":[{"width":1766,"height":1080,"url":"https:\/\/redenoticiaz.com.br\/ribeiraopreto-regiao\/wp-content\/uploads\/sites\/4\/2023\/03\/Show-Leonardo-Aniversario-Olimpia-9-scaled.jpg","type":"image\/jpeg"}],"twitter_card":"summary_large_image","twitter_creator":"@RN_barretos","twitter_site":"@RN_barretos","twitter_misc":{"Escrito por":"","Est. tempo de leitura":"3 minutos"},"schema":{"@context":"https:\/\/schema.org","@graph":[{"@type":"Article","@id":"https:\/\/redenoticiaz.com.br\/ribeiraopreto-regiao\/sp\/2023\/03\/07\/show-com-o-cantor-leonardo-e-missa-festiva-encerram-comemoracoes-do-aniversario-de-olimpia#article","isPartOf":{"@id":"https:\/\/redenoticiaz.com.br\/ribeiraopreto-regiao\/sp\/2023\/03\/07\/show-com-o-cantor-leonardo-e-missa-festiva-encerram-comemoracoes-do-aniversario-de-olimpia"},"author":{"name":"","@id":""},"headline":"Show com o cantor Leonardo e missa festiva encerram comemora\u00e7\u00f5es do anivers\u00e1rio de Ol\u00edmpia","datePublished":"2023-03-07T16:48:46+00:00","mainEntityOfPage":{"@id":"https:\/\/redenoticiaz.com.br\/ribeiraopreto-regiao\/sp\/2023\/03\/07\/show-com-o-cantor-leonardo-e-missa-festiva-encerram-comemoracoes-do-aniversario-de-olimpia"},"wordCount":568,"commentCount":0,"publisher":{"@id":"https:\/\/redenoticiaz.com.br\/ribeiraopreto-regiao\/#organization"},"image":{"@id":"https:\/\/redenoticiaz.com.br\/ribeiraopreto-regiao\/sp\/2023\/03\/07\/show-com-o-cantor-leonardo-e-missa-festiva-encerram-comemoracoes-do-aniversario-de-olimpia#primaryimage"},"thumbnailUrl":"https:\/\/redenoticiaz.com.br\/ribeiraopreto-regiao\/wp-content\/uploads\/sites\/4\/2023\/03\/Show-Leonardo-Aniversario-Olimpia-9-scaled.jpg","keywords":["ANIVERS\u00c1RIO DE OL\u00cdMPIA","Cantor Leonardo","SHOW"],"articleSection":["A\u00e7\u00e3o Social","Cultura e M\u00fasica","Esporte","Obras"],"inLanguage":"pt-BR","potentialAction":[{"@type":"CommentAction","name":"Comment","target":["https:\/\/redenoticiaz.com.br\/ribeiraopreto-regiao\/sp\/2023\/03\/07\/show-com-o-cantor-leonardo-e-missa-festiva-encerram-comemoracoes-do-aniversario-de-olimpia#respond"]}]},{"@type":"WebPage","@id":"https:\/\/redenoticiaz.com.br\/ribeiraopreto-regiao\/sp\/2023\/03\/07\/show-com-o-cantor-leonardo-e-missa-festiva-encerram-comemoracoes-do-aniversario-de-olimpia","url":"https:\/\/redenoticiaz.com.br\/ribeiraopreto-regiao\/sp\/2023\/03\/07\/show-com-o-cantor-leonardo-e-missa-festiva-encerram-comemoracoes-do-aniversario-de-olimpia","name":"Show com o cantor Leonardo e missa festiva encerram comemora\u00e7\u00f5es do anivers\u00e1rio de Ol\u00edmpia - Ribeir\u00e3o Preto e Regi\u00e3o","isPartOf":{"@id":"https:\/\/redenoticiaz.com.br\/ribeiraopreto-regiao\/#website"},"primaryImageOfPage":{"@id":"https:\/\/redenoticiaz.com.br\/ribeiraopreto-regiao\/sp\/2023\/03\/07\/show-com-o-cantor-leonardo-e-missa-festiva-encerram-comemoracoes-do-aniversario-de-olimpia#primaryimage"},"image":{"@id":"https:\/\/redenoticiaz.com.br\/ribeiraopreto-regiao\/sp\/2023\/03\/07\/show-com-o-cantor-leonardo-e-missa-festiva-encerram-comemoracoes-do-aniversario-de-olimpia#primaryimage"},"thumbnailUrl":"https:\/\/redenoticiaz.com.br\/ribeiraopreto-regiao\/wp-content\/uploads\/sites\/4\/2023\/03\/Show-Leonardo-Aniversario-Olimpia-9-scaled.jpg","datePublished":"2023-03-07T16:48:46+00:00","description":"Ol\u00edmpia completou 120 anos de funda\u00e7\u00e3o, e a chegada de mais um ano de hist\u00f3ria foi celebrada com uma Semana de Comemora\u00e7\u00f5es","inLanguage":"pt-BR","potentialAction":[{"@type":"ReadAction","target":["https:\/\/redenoticiaz.com.br\/ribeiraopreto-regiao\/sp\/2023\/03\/07\/show-com-o-cantor-leonardo-e-missa-festiva-encerram-comemoracoes-do-aniversario-de-olimpia"]}]},{"@type":"ImageObject","inLanguage":"pt-BR","@id":"https:\/\/redenoticiaz.com.br\/ribeiraopreto-regiao\/sp\/2023\/03\/07\/show-com-o-cantor-leonardo-e-missa-festiva-encerram-comemoracoes-do-aniversario-de-olimpia#primaryimage","url":"https:\/\/redenoticiaz.com.br\/ribeiraopreto-regiao\/wp-content\/uploads\/sites\/4\/2023\/03\/Show-Leonardo-Aniversario-Olimpia-9-scaled.jpg","contentUrl":"https:\/\/redenoticiaz.com.br\/ribeiraopreto-regiao\/wp-content\/uploads\/sites\/4\/2023\/03\/Show-Leonardo-Aniversario-Olimpia-9-scaled.jpg","width":1766,"height":1080,"caption":"Show com o cantor Leonardo. Cr\u00e9dito: Divulga\u00e7\u00e3o"},{"@type":"WebSite","@id":"https:\/\/redenoticiaz.com.br\/ribeiraopreto-regiao\/#website","url":"https:\/\/redenoticiaz.com.br\/ribeiraopreto-regiao\/","name":"Ribeir\u00e3o Preto e Regi\u00e3o","description":"Rede NoticiaZ - Ribeir\u00e3o Preto e regi\u00e3o","publisher":{"@id":"https:\/\/redenoticiaz.com.br\/ribeiraopreto-regiao\/#organization"},"potentialAction":[{"@type":"SearchAction","target":{"@type":"EntryPoint","urlTemplate":"https:\/\/redenoticiaz.com.br\/ribeiraopreto-regiao\/?s={search_term_string}"},"query-input":{"@type":"PropertyValueSpecification","valueRequired":true,"valueName":"search_term_string"}}],"inLanguage":"pt-BR"},{"@type":"Organization","@id":"https:\/\/redenoticiaz.com.br\/ribeiraopreto-regiao\/#organization","name":"Ribeir\u00e3o Preto e Regi\u00e3o","url":"https:\/\/redenoticiaz.com.br\/ribeiraopreto-regiao\/","logo":{"@type":"ImageObject","inLanguage":"pt-BR","@id":"https:\/\/redenoticiaz.com.br\/ribeiraopreto-regiao\/#\/schema\/logo\/image\/","url":"https:\/\/redenoticiaz.com.br\/barretos-regiao\/wp-content\/uploads\/sites\/4\/2022\/02\/logo.jpg","contentUrl":"https:\/\/redenoticiaz.com.br\/barretos-regiao\/wp-content\/uploads\/sites\/4\/2022\/02\/logo.jpg","width":400,"height":250,"caption":"Ribeir\u00e3o Preto e Regi\u00e3o"},"image":{"@id":"https:\/\/redenoticiaz.com.br\/ribeiraopreto-regiao\/#\/schema\/logo\/image\/"},"sameAs":["https:\/\/m.facebook.com\/redenoticiaz.barretos","https:\/\/x.com\/RN_barretos","https:\/\/www.instagram.com\/redenoticiaz.barretos\/?igshid=YmMyMTA2M2Y","https:\/\/www.linkedin.com\/company\/rede-noticiaz-barretos-e-regio\/"]},{"@type":"Person","@id":"","url":"https:\/\/redenoticiaz.com.br\/ribeiraopreto-regiao\/sp\/author"}]}},"_links":{"self":[{"href":"https:\/\/redenoticiaz.com.br\/ribeiraopreto-regiao\/wp-json\/wp\/v2\/posts\/101640","targetHints":{"allow":["GET"]}}],"collection":[{"href":"https:\/\/redenoticiaz.com.br\/ribeiraopreto-regiao\/wp-json\/wp\/v2\/posts"}],"about":[{"href":"https:\/\/redenoticiaz.com.br\/ribeiraopreto-regiao\/wp-json\/wp\/v2\/types\/post"}],"author":[{"embeddable":true,"href":"https:\/\/redenoticiaz.com.br\/ribeiraopreto-regiao\/wp-json\/wp\/v2\/users\/15"}],"replies":[{"embeddable":true,"href":"https:\/\/redenoticiaz.com.br\/ribeiraopreto-regiao\/wp-json\/wp\/v2\/comments?post=101640"}],"version-history":[{"count":1,"href":"https:\/\/redenoticiaz.com.br\/ribeiraopreto-regiao\/wp-json\/wp\/v2\/posts\/101640\/revisions"}],"predecessor-version":[{"id":101642,"href":"https:\/\/redenoticiaz.com.br\/ribeiraopreto-regiao\/wp-json\/wp\/v2\/posts\/101640\/revisions\/101642"}],"wp:featuredmedia":[{"embeddable":true,"href":"https:\/\/redenoticiaz.com.br\/ribeiraopreto-regiao\/wp-json\/wp\/v2\/media\/101641"}],"wp:attachment":[{"href":"https:\/\/redenoticiaz.com.br\/ribeiraopreto-regiao\/wp-json\/wp\/v2\/media?parent=101640"}],"wp:term":[{"taxonomy":"category","embeddable":true,"href":"https:\/\/redenoticiaz.com.br\/ribeiraopreto-regiao\/wp-json\/wp\/v2\/categories?post=101640"},{"taxonomy":"post_tag","embeddable":true,"href":"https:\/\/redenoticiaz.com.br\/ribeiraopreto-regiao\/wp-json\/wp\/v2\/tags?post=101640"}],"curies":[{"name":"wp","href":"https:\/\/api.w.org\/{rel}","templated":true}]}}