{"id":101649,"date":"2023-03-07T14:28:10","date_gmt":"2023-03-07T17:28:10","guid":{"rendered":"https:\/\/redenoticiaz.com.br\/barretos-regiao\/?p=101649"},"modified":"2023-03-07T14:28:10","modified_gmt":"2023-03-07T17:28:10","slug":"video-lei-na-pauta-de-votacao-acontece-para-regularizar-taxa-de-lixo","status":"publish","type":"post","link":"https:\/\/redenoticiaz.com.br\/ribeiraopreto-regiao\/sp\/2023\/03\/07\/video-lei-na-pauta-de-votacao-acontece-para-regularizar-taxa-de-lixo","title":{"rendered":"V\u00eddeo &#8211; Lei na pauta de vota\u00e7\u00e3o acontece para regularizar taxa de lixo"},"content":{"rendered":"<div>Para esclarecer d\u00favidas da popula\u00e7\u00e3o, o v\u00eddeo gravado pelo Chefe da Tributa\u00e7\u00e3o da Prefeitura de Gua\u00edra traz um exemplo b\u00e1sico de como ser\u00e1 feito o c\u00e1lculo na nova lei da cobran\u00e7a de taxa de lixo, que exclui a Taxa de Conserva\u00e7\u00e3o de Vias e Logradouros P\u00fablicos e reajusta a taxa de Coleta de Lixo.<\/div>\n<div><\/div>\n<div>A adequa\u00e7\u00e3o est\u00e1 sendo feita para que Gua\u00edra se atualize conforme exig\u00eancia da lei federal do Marco Legal do Saneamento B\u00e1sico.<\/div>\n<div>\n<div><\/div>\n<div>No caso a taxa de lixo tem que ser calculada pelo tamanho da edifica\u00e7\u00e3o e n\u00e3o pela &#8220;testada&#8221; (frente da casa ou terreno). Em alguns casos, para casas menores e terrenos sem edifica\u00e7\u00f5es, a tarifa pode at\u00e9 cair.<\/div>\n<\/div>\n<div><\/div>\n<h3>Assista ao v\u00eddeo:<\/h3>\n<p><a href=\"https:\/\/www.youtube.com\/watch?v=WbUv4-M738c\">https:\/\/www.youtube.com\/watch?v=WbUv4-M738c<\/a><\/p>\n<p>VEJA TAMB\u00c9M:\u00a0<a href=\"https:\/\/redenoticiaz.com.br\/barretos-regiao\/sp\/2023\/03\/05\/kits-escolares-sao-entregues-para-os-alunos-da-rede-municipal-de-ensino\">Kits escolares s\u00e3o entregues para os alunos da rede municipal de ensino<\/a><\/p>\n","protected":false},"excerpt":{"rendered":"<p>Para esclarecer d\u00favidas da popula\u00e7\u00e3o, o v\u00eddeo gravado pelo Chefe da Tributa\u00e7\u00e3o da Prefeitura de Gua\u00edra traz um exemplo b\u00e1sico de como ser\u00e1 feito o c\u00e1lculo na nova lei da cobran\u00e7a de taxa de lixo, que exclui a Taxa de Conserva\u00e7\u00e3o de Vias e Logradouros P\u00fablicos e reajusta a taxa de Coleta de Lixo. A &hellip;<\/p>\n","protected":false},"author":15,"featured_media":101650,"comment_status":"open","ping_status":"closed","sticky":false,"template":"","format":"standard","meta":{"footnotes":""},"categories":[101,94],"tags":[20796,3205,25487,20926,3436],"class_list":["post-101649","post","type-post","status-publish","format-standard","has-post-thumbnail","hentry","category-economia","category-meio-ambiente","tag-duvidas","tag-prefeitura-de-guaira","tag-regularizar-taxa","tag-taxa-do-lixo","tag-video"],"yoast_head":"<!-- This site is optimized with the Yoast SEO plugin v27.5 - https:\/\/yoast.com\/product\/yoast-seo-wordpress\/ -->\n<title>V\u00eddeo &#8211; Lei na pauta de vota\u00e7\u00e3o acontece para regularizar taxa de lixo - Ribeir\u00e3o Preto e Regi\u00e3o<\/title>\n<meta name=\"description\" content=\"Chefe da Tributa\u00e7\u00e3o da Prefeitura traz exemplo b\u00e1sico de como ser\u00e1 feito o c\u00e1lculo na nova lei da cobran\u00e7a de taxa de lixo.\" \/>\n<meta name=\"robots\" content=\"index, follow, max-snippet:-1, max-image-preview:large, max-video-preview:-1\" \/>\n<link rel=\"canonical\" href=\"https:\/\/redenoticiaz.com.br\/ribeiraopreto-regiao\/sp\/2023\/03\/07\/video-lei-na-pauta-de-votacao-acontece-para-regularizar-taxa-de-lixo\" \/>\n<meta property=\"og:locale\" content=\"pt_BR\" \/>\n<meta property=\"og:type\" content=\"article\" \/>\n<meta property=\"og:title\" content=\"V\u00eddeo &#8211; Lei na pauta de vota\u00e7\u00e3o acontece para regularizar taxa de lixo - Ribeir\u00e3o Preto e Regi\u00e3o\" \/>\n<meta property=\"og:description\" content=\"Chefe da Tributa\u00e7\u00e3o da Prefeitura traz exemplo b\u00e1sico de como ser\u00e1 feito o c\u00e1lculo na nova lei da cobran\u00e7a de taxa de lixo.\" \/>\n<meta property=\"og:url\" content=\"https:\/\/redenoticiaz.com.br\/ribeiraopreto-regiao\/sp\/2023\/03\/07\/video-lei-na-pauta-de-votacao-acontece-para-regularizar-taxa-de-lixo\" \/>\n<meta property=\"og:site_name\" content=\"Ribeir\u00e3o Preto e Regi\u00e3o\" \/>\n<meta property=\"article:publisher\" content=\"https:\/\/m.facebook.com\/redenoticiaz.barretos\" \/>\n<meta property=\"article:published_time\" content=\"2023-03-07T17:28:10+00:00\" \/>\n<meta property=\"og:image\" content=\"https:\/\/redenoticiaz.com.br\/ribeiraopreto-regiao\/wp-content\/uploads\/sites\/4\/2023\/03\/centro-guaira-7.jpg\" \/>\n\t<meta property=\"og:image:width\" content=\"1200\" \/>\n\t<meta property=\"og:image:height\" content=\"800\" \/>\n\t<meta property=\"og:image:type\" content=\"image\/jpeg\" \/>\n<meta name=\"twitter:card\" content=\"summary_large_image\" \/>\n<meta name=\"twitter:creator\" content=\"@RN_barretos\" \/>\n<meta name=\"twitter:site\" content=\"@RN_barretos\" \/>\n<meta name=\"twitter:label1\" content=\"Escrito por\" \/>\n\t<meta name=\"twitter:data1\" content=\"\" \/>\n\t<meta name=\"twitter:label2\" content=\"Est. tempo de leitura\" \/>\n\t<meta name=\"twitter:data2\" content=\"1 minuto\" \/>\n<script type=\"application\/ld+json\" class=\"yoast-schema-graph\">{\"@context\":\"https:\\\/\\\/schema.org\",\"@graph\":[{\"@type\":\"Article\",\"@id\":\"https:\\\/\\\/redenoticiaz.com.br\\\/ribeiraopreto-regiao\\\/sp\\\/2023\\\/03\\\/07\\\/video-lei-na-pauta-de-votacao-acontece-para-regularizar-taxa-de-lixo#article\",\"isPartOf\":{\"@id\":\"https:\\\/\\\/redenoticiaz.com.br\\\/ribeiraopreto-regiao\\\/sp\\\/2023\\\/03\\\/07\\\/video-lei-na-pauta-de-votacao-acontece-para-regularizar-taxa-de-lixo\"},\"author\":{\"name\":\"\",\"@id\":\"\"},\"headline\":\"V\u00eddeo &#8211; Lei na pauta de vota\u00e7\u00e3o acontece para regularizar taxa de lixo\",\"datePublished\":\"2023-03-07T17:28:10+00:00\",\"mainEntityOfPage\":{\"@id\":\"https:\\\/\\\/redenoticiaz.com.br\\\/ribeiraopreto-regiao\\\/sp\\\/2023\\\/03\\\/07\\\/video-lei-na-pauta-de-votacao-acontece-para-regularizar-taxa-de-lixo\"},\"wordCount\":175,\"commentCount\":0,\"publisher\":{\"@id\":\"https:\\\/\\\/redenoticiaz.com.br\\\/ribeiraopreto-regiao\\\/#organization\"},\"image\":{\"@id\":\"https:\\\/\\\/redenoticiaz.com.br\\\/ribeiraopreto-regiao\\\/sp\\\/2023\\\/03\\\/07\\\/video-lei-na-pauta-de-votacao-acontece-para-regularizar-taxa-de-lixo#primaryimage\"},\"thumbnailUrl\":\"https:\\\/\\\/redenoticiaz.com.br\\\/ribeiraopreto-regiao\\\/wp-content\\\/uploads\\\/sites\\\/4\\\/2023\\\/03\\\/centro-guaira-7.jpg\",\"keywords\":[\"DUVIDAS\",\"PREFEITURA DE GUA\u00cdRA\",\"regularizar taxa\",\"TAXA DO LIXO\",\"V\u00cdDEO\"],\"articleSection\":[\"Economia\",\"Meio Ambiente\"],\"inLanguage\":\"pt-BR\",\"potentialAction\":[{\"@type\":\"CommentAction\",\"name\":\"Comment\",\"target\":[\"https:\\\/\\\/redenoticiaz.com.br\\\/ribeiraopreto-regiao\\\/sp\\\/2023\\\/03\\\/07\\\/video-lei-na-pauta-de-votacao-acontece-para-regularizar-taxa-de-lixo#respond\"]}]},{\"@type\":\"WebPage\",\"@id\":\"https:\\\/\\\/redenoticiaz.com.br\\\/ribeiraopreto-regiao\\\/sp\\\/2023\\\/03\\\/07\\\/video-lei-na-pauta-de-votacao-acontece-para-regularizar-taxa-de-lixo\",\"url\":\"https:\\\/\\\/redenoticiaz.com.br\\\/ribeiraopreto-regiao\\\/sp\\\/2023\\\/03\\\/07\\\/video-lei-na-pauta-de-votacao-acontece-para-regularizar-taxa-de-lixo\",\"name\":\"V\u00eddeo &#8211; Lei na pauta de vota\u00e7\u00e3o acontece para regularizar taxa de lixo - Ribeir\u00e3o Preto e Regi\u00e3o\",\"isPartOf\":{\"@id\":\"https:\\\/\\\/redenoticiaz.com.br\\\/ribeiraopreto-regiao\\\/#website\"},\"primaryImageOfPage\":{\"@id\":\"https:\\\/\\\/redenoticiaz.com.br\\\/ribeiraopreto-regiao\\\/sp\\\/2023\\\/03\\\/07\\\/video-lei-na-pauta-de-votacao-acontece-para-regularizar-taxa-de-lixo#primaryimage\"},\"image\":{\"@id\":\"https:\\\/\\\/redenoticiaz.com.br\\\/ribeiraopreto-regiao\\\/sp\\\/2023\\\/03\\\/07\\\/video-lei-na-pauta-de-votacao-acontece-para-regularizar-taxa-de-lixo#primaryimage\"},\"thumbnailUrl\":\"https:\\\/\\\/redenoticiaz.com.br\\\/ribeiraopreto-regiao\\\/wp-content\\\/uploads\\\/sites\\\/4\\\/2023\\\/03\\\/centro-guaira-7.jpg\",\"datePublished\":\"2023-03-07T17:28:10+00:00\",\"description\":\"Chefe da Tributa\u00e7\u00e3o da Prefeitura traz exemplo b\u00e1sico de como ser\u00e1 feito o c\u00e1lculo na nova lei da cobran\u00e7a de taxa de lixo.\",\"inLanguage\":\"pt-BR\",\"potentialAction\":[{\"@type\":\"ReadAction\",\"target\":[\"https:\\\/\\\/redenoticiaz.com.br\\\/ribeiraopreto-regiao\\\/sp\\\/2023\\\/03\\\/07\\\/video-lei-na-pauta-de-votacao-acontece-para-regularizar-taxa-de-lixo\"]}]},{\"@type\":\"ImageObject\",\"inLanguage\":\"pt-BR\",\"@id\":\"https:\\\/\\\/redenoticiaz.com.br\\\/ribeiraopreto-regiao\\\/sp\\\/2023\\\/03\\\/07\\\/video-lei-na-pauta-de-votacao-acontece-para-regularizar-taxa-de-lixo#primaryimage\",\"url\":\"https:\\\/\\\/redenoticiaz.com.br\\\/ribeiraopreto-regiao\\\/wp-content\\\/uploads\\\/sites\\\/4\\\/2023\\\/03\\\/centro-guaira-7.jpg\",\"contentUrl\":\"https:\\\/\\\/redenoticiaz.com.br\\\/ribeiraopreto-regiao\\\/wp-content\\\/uploads\\\/sites\\\/4\\\/2023\\\/03\\\/centro-guaira-7.jpg\",\"width\":1200,\"height\":800,\"caption\":\"Lei na pauta de vota\u00e7\u00e3o acontece para regularizar taxa de lixo. Cr\u00e9dito: Divulga\u00e7\u00e3o\"},{\"@type\":\"WebSite\",\"@id\":\"https:\\\/\\\/redenoticiaz.com.br\\\/ribeiraopreto-regiao\\\/#website\",\"url\":\"https:\\\/\\\/redenoticiaz.com.br\\\/ribeiraopreto-regiao\\\/\",\"name\":\"Ribeir\u00e3o Preto e Regi\u00e3o\",\"description\":\"Rede NoticiaZ - Ribeir\u00e3o Preto e regi\u00e3o\",\"publisher\":{\"@id\":\"https:\\\/\\\/redenoticiaz.com.br\\\/ribeiraopreto-regiao\\\/#organization\"},\"potentialAction\":[{\"@type\":\"SearchAction\",\"target\":{\"@type\":\"EntryPoint\",\"urlTemplate\":\"https:\\\/\\\/redenoticiaz.com.br\\\/ribeiraopreto-regiao\\\/?s={search_term_string}\"},\"query-input\":{\"@type\":\"PropertyValueSpecification\",\"valueRequired\":true,\"valueName\":\"search_term_string\"}}],\"inLanguage\":\"pt-BR\"},{\"@type\":\"Organization\",\"@id\":\"https:\\\/\\\/redenoticiaz.com.br\\\/ribeiraopreto-regiao\\\/#organization\",\"name\":\"Ribeir\u00e3o Preto e Regi\u00e3o\",\"url\":\"https:\\\/\\\/redenoticiaz.com.br\\\/ribeiraopreto-regiao\\\/\",\"logo\":{\"@type\":\"ImageObject\",\"inLanguage\":\"pt-BR\",\"@id\":\"https:\\\/\\\/redenoticiaz.com.br\\\/ribeiraopreto-regiao\\\/#\\\/schema\\\/logo\\\/image\\\/\",\"url\":\"https:\\\/\\\/redenoticiaz.com.br\\\/barretos-regiao\\\/wp-content\\\/uploads\\\/sites\\\/4\\\/2022\\\/02\\\/logo.jpg\",\"contentUrl\":\"https:\\\/\\\/redenoticiaz.com.br\\\/barretos-regiao\\\/wp-content\\\/uploads\\\/sites\\\/4\\\/2022\\\/02\\\/logo.jpg\",\"width\":400,\"height\":250,\"caption\":\"Ribeir\u00e3o Preto e Regi\u00e3o\"},\"image\":{\"@id\":\"https:\\\/\\\/redenoticiaz.com.br\\\/ribeiraopreto-regiao\\\/#\\\/schema\\\/logo\\\/image\\\/\"},\"sameAs\":[\"https:\\\/\\\/m.facebook.com\\\/redenoticiaz.barretos\",\"https:\\\/\\\/x.com\\\/RN_barretos\",\"https:\\\/\\\/www.instagram.com\\\/redenoticiaz.barretos\\\/?igshid=YmMyMTA2M2Y\",\"https:\\\/\\\/www.linkedin.com\\\/company\\\/rede-noticiaz-barretos-e-regio\\\/\"]},{\"@type\":\"Person\",\"@id\":\"\",\"url\":\"https:\\\/\\\/redenoticiaz.com.br\\\/ribeiraopreto-regiao\\\/sp\\\/author\"}]}<\/script>\n<!-- \/ Yoast SEO plugin. -->","yoast_head_json":{"title":"V\u00eddeo &#8211; Lei na pauta de vota\u00e7\u00e3o acontece para regularizar taxa de lixo - Ribeir\u00e3o Preto e Regi\u00e3o","description":"Chefe da Tributa\u00e7\u00e3o da Prefeitura traz exemplo b\u00e1sico de como ser\u00e1 feito o c\u00e1lculo na nova lei da cobran\u00e7a de taxa de lixo.","robots":{"index":"index","follow":"follow","max-snippet":"max-snippet:-1","max-image-preview":"max-image-preview:large","max-video-preview":"max-video-preview:-1"},"canonical":"https:\/\/redenoticiaz.com.br\/ribeiraopreto-regiao\/sp\/2023\/03\/07\/video-lei-na-pauta-de-votacao-acontece-para-regularizar-taxa-de-lixo","og_locale":"pt_BR","og_type":"article","og_title":"V\u00eddeo &#8211; Lei na pauta de vota\u00e7\u00e3o acontece para regularizar taxa de lixo - Ribeir\u00e3o Preto e Regi\u00e3o","og_description":"Chefe da Tributa\u00e7\u00e3o da Prefeitura traz exemplo b\u00e1sico de como ser\u00e1 feito o c\u00e1lculo na nova lei da cobran\u00e7a de taxa de lixo.","og_url":"https:\/\/redenoticiaz.com.br\/ribeiraopreto-regiao\/sp\/2023\/03\/07\/video-lei-na-pauta-de-votacao-acontece-para-regularizar-taxa-de-lixo","og_site_name":"Ribeir\u00e3o Preto e Regi\u00e3o","article_publisher":"https:\/\/m.facebook.com\/redenoticiaz.barretos","article_published_time":"2023-03-07T17:28:10+00:00","og_image":[{"width":1200,"height":800,"url":"https:\/\/redenoticiaz.com.br\/ribeiraopreto-regiao\/wp-content\/uploads\/sites\/4\/2023\/03\/centro-guaira-7.jpg","type":"image\/jpeg"}],"twitter_card":"summary_large_image","twitter_creator":"@RN_barretos","twitter_site":"@RN_barretos","twitter_misc":{"Escrito por":"","Est. tempo de leitura":"1 minuto"},"schema":{"@context":"https:\/\/schema.org","@graph":[{"@type":"Article","@id":"https:\/\/redenoticiaz.com.br\/ribeiraopreto-regiao\/sp\/2023\/03\/07\/video-lei-na-pauta-de-votacao-acontece-para-regularizar-taxa-de-lixo#article","isPartOf":{"@id":"https:\/\/redenoticiaz.com.br\/ribeiraopreto-regiao\/sp\/2023\/03\/07\/video-lei-na-pauta-de-votacao-acontece-para-regularizar-taxa-de-lixo"},"author":{"name":"","@id":""},"headline":"V\u00eddeo &#8211; Lei na pauta de vota\u00e7\u00e3o acontece para regularizar taxa de lixo","datePublished":"2023-03-07T17:28:10+00:00","mainEntityOfPage":{"@id":"https:\/\/redenoticiaz.com.br\/ribeiraopreto-regiao\/sp\/2023\/03\/07\/video-lei-na-pauta-de-votacao-acontece-para-regularizar-taxa-de-lixo"},"wordCount":175,"commentCount":0,"publisher":{"@id":"https:\/\/redenoticiaz.com.br\/ribeiraopreto-regiao\/#organization"},"image":{"@id":"https:\/\/redenoticiaz.com.br\/ribeiraopreto-regiao\/sp\/2023\/03\/07\/video-lei-na-pauta-de-votacao-acontece-para-regularizar-taxa-de-lixo#primaryimage"},"thumbnailUrl":"https:\/\/redenoticiaz.com.br\/ribeiraopreto-regiao\/wp-content\/uploads\/sites\/4\/2023\/03\/centro-guaira-7.jpg","keywords":["DUVIDAS","PREFEITURA DE GUA\u00cdRA","regularizar taxa","TAXA DO LIXO","V\u00cdDEO"],"articleSection":["Economia","Meio Ambiente"],"inLanguage":"pt-BR","potentialAction":[{"@type":"CommentAction","name":"Comment","target":["https:\/\/redenoticiaz.com.br\/ribeiraopreto-regiao\/sp\/2023\/03\/07\/video-lei-na-pauta-de-votacao-acontece-para-regularizar-taxa-de-lixo#respond"]}]},{"@type":"WebPage","@id":"https:\/\/redenoticiaz.com.br\/ribeiraopreto-regiao\/sp\/2023\/03\/07\/video-lei-na-pauta-de-votacao-acontece-para-regularizar-taxa-de-lixo","url":"https:\/\/redenoticiaz.com.br\/ribeiraopreto-regiao\/sp\/2023\/03\/07\/video-lei-na-pauta-de-votacao-acontece-para-regularizar-taxa-de-lixo","name":"V\u00eddeo &#8211; Lei na pauta de vota\u00e7\u00e3o acontece para regularizar taxa de lixo - Ribeir\u00e3o Preto e Regi\u00e3o","isPartOf":{"@id":"https:\/\/redenoticiaz.com.br\/ribeiraopreto-regiao\/#website"},"primaryImageOfPage":{"@id":"https:\/\/redenoticiaz.com.br\/ribeiraopreto-regiao\/sp\/2023\/03\/07\/video-lei-na-pauta-de-votacao-acontece-para-regularizar-taxa-de-lixo#primaryimage"},"image":{"@id":"https:\/\/redenoticiaz.com.br\/ribeiraopreto-regiao\/sp\/2023\/03\/07\/video-lei-na-pauta-de-votacao-acontece-para-regularizar-taxa-de-lixo#primaryimage"},"thumbnailUrl":"https:\/\/redenoticiaz.com.br\/ribeiraopreto-regiao\/wp-content\/uploads\/sites\/4\/2023\/03\/centro-guaira-7.jpg","datePublished":"2023-03-07T17:28:10+00:00","description":"Chefe da Tributa\u00e7\u00e3o da Prefeitura traz exemplo b\u00e1sico de como ser\u00e1 feito o c\u00e1lculo na nova lei da cobran\u00e7a de taxa de lixo.","inLanguage":"pt-BR","potentialAction":[{"@type":"ReadAction","target":["https:\/\/redenoticiaz.com.br\/ribeiraopreto-regiao\/sp\/2023\/03\/07\/video-lei-na-pauta-de-votacao-acontece-para-regularizar-taxa-de-lixo"]}]},{"@type":"ImageObject","inLanguage":"pt-BR","@id":"https:\/\/redenoticiaz.com.br\/ribeiraopreto-regiao\/sp\/2023\/03\/07\/video-lei-na-pauta-de-votacao-acontece-para-regularizar-taxa-de-lixo#primaryimage","url":"https:\/\/redenoticiaz.com.br\/ribeiraopreto-regiao\/wp-content\/uploads\/sites\/4\/2023\/03\/centro-guaira-7.jpg","contentUrl":"https:\/\/redenoticiaz.com.br\/ribeiraopreto-regiao\/wp-content\/uploads\/sites\/4\/2023\/03\/centro-guaira-7.jpg","width":1200,"height":800,"caption":"Lei na pauta de vota\u00e7\u00e3o acontece para regularizar taxa de lixo. Cr\u00e9dito: Divulga\u00e7\u00e3o"},{"@type":"WebSite","@id":"https:\/\/redenoticiaz.com.br\/ribeiraopreto-regiao\/#website","url":"https:\/\/redenoticiaz.com.br\/ribeiraopreto-regiao\/","name":"Ribeir\u00e3o Preto e Regi\u00e3o","description":"Rede NoticiaZ - Ribeir\u00e3o Preto e regi\u00e3o","publisher":{"@id":"https:\/\/redenoticiaz.com.br\/ribeiraopreto-regiao\/#organization"},"potentialAction":[{"@type":"SearchAction","target":{"@type":"EntryPoint","urlTemplate":"https:\/\/redenoticiaz.com.br\/ribeiraopreto-regiao\/?s={search_term_string}"},"query-input":{"@type":"PropertyValueSpecification","valueRequired":true,"valueName":"search_term_string"}}],"inLanguage":"pt-BR"},{"@type":"Organization","@id":"https:\/\/redenoticiaz.com.br\/ribeiraopreto-regiao\/#organization","name":"Ribeir\u00e3o Preto e Regi\u00e3o","url":"https:\/\/redenoticiaz.com.br\/ribeiraopreto-regiao\/","logo":{"@type":"ImageObject","inLanguage":"pt-BR","@id":"https:\/\/redenoticiaz.com.br\/ribeiraopreto-regiao\/#\/schema\/logo\/image\/","url":"https:\/\/redenoticiaz.com.br\/barretos-regiao\/wp-content\/uploads\/sites\/4\/2022\/02\/logo.jpg","contentUrl":"https:\/\/redenoticiaz.com.br\/barretos-regiao\/wp-content\/uploads\/sites\/4\/2022\/02\/logo.jpg","width":400,"height":250,"caption":"Ribeir\u00e3o Preto e Regi\u00e3o"},"image":{"@id":"https:\/\/redenoticiaz.com.br\/ribeiraopreto-regiao\/#\/schema\/logo\/image\/"},"sameAs":["https:\/\/m.facebook.com\/redenoticiaz.barretos","https:\/\/x.com\/RN_barretos","https:\/\/www.instagram.com\/redenoticiaz.barretos\/?igshid=YmMyMTA2M2Y","https:\/\/www.linkedin.com\/company\/rede-noticiaz-barretos-e-regio\/"]},{"@type":"Person","@id":"","url":"https:\/\/redenoticiaz.com.br\/ribeiraopreto-regiao\/sp\/author"}]}},"_links":{"self":[{"href":"https:\/\/redenoticiaz.com.br\/ribeiraopreto-regiao\/wp-json\/wp\/v2\/posts\/101649","targetHints":{"allow":["GET"]}}],"collection":[{"href":"https:\/\/redenoticiaz.com.br\/ribeiraopreto-regiao\/wp-json\/wp\/v2\/posts"}],"about":[{"href":"https:\/\/redenoticiaz.com.br\/ribeiraopreto-regiao\/wp-json\/wp\/v2\/types\/post"}],"author":[{"embeddable":true,"href":"https:\/\/redenoticiaz.com.br\/ribeiraopreto-regiao\/wp-json\/wp\/v2\/users\/15"}],"replies":[{"embeddable":true,"href":"https:\/\/redenoticiaz.com.br\/ribeiraopreto-regiao\/wp-json\/wp\/v2\/comments?post=101649"}],"version-history":[{"count":1,"href":"https:\/\/redenoticiaz.com.br\/ribeiraopreto-regiao\/wp-json\/wp\/v2\/posts\/101649\/revisions"}],"predecessor-version":[{"id":101651,"href":"https:\/\/redenoticiaz.com.br\/ribeiraopreto-regiao\/wp-json\/wp\/v2\/posts\/101649\/revisions\/101651"}],"wp:featuredmedia":[{"embeddable":true,"href":"https:\/\/redenoticiaz.com.br\/ribeiraopreto-regiao\/wp-json\/wp\/v2\/media\/101650"}],"wp:attachment":[{"href":"https:\/\/redenoticiaz.com.br\/ribeiraopreto-regiao\/wp-json\/wp\/v2\/media?parent=101649"}],"wp:term":[{"taxonomy":"category","embeddable":true,"href":"https:\/\/redenoticiaz.com.br\/ribeiraopreto-regiao\/wp-json\/wp\/v2\/categories?post=101649"},{"taxonomy":"post_tag","embeddable":true,"href":"https:\/\/redenoticiaz.com.br\/ribeiraopreto-regiao\/wp-json\/wp\/v2\/tags?post=101649"}],"curies":[{"name":"wp","href":"https:\/\/api.w.org\/{rel}","templated":true}]}}