{"id":101682,"date":"2023-03-11T15:00:08","date_gmt":"2023-03-11T18:00:08","guid":{"rendered":"https:\/\/redenoticiaz.com.br\/barretos-regiao\/?p=101682"},"modified":"2023-03-07T20:56:32","modified_gmt":"2023-03-07T23:56:32","slug":"artigo-o-drama-da-falta-de-politicas-consistentes-de-moradia-e-saude","status":"publish","type":"post","link":"https:\/\/redenoticiaz.com.br\/ribeiraopreto-regiao\/sp\/2023\/03\/11\/artigo-o-drama-da-falta-de-politicas-consistentes-de-moradia-e-saude","title":{"rendered":"Artigo &#8211; O drama da falta de pol\u00edticas consistentes de moradia e sa\u00fade"},"content":{"rendered":"<p>Por Ant\u00f4nio Carlos Lopes (Presidente da Sociedade Brasileira de Cl\u00ednica M\u00e9dica)<u><\/u><\/p>\n<p class=\"v1ql-align-justify\">Vira e mexe, vem-me \u00e0 mem\u00f3ria minha \u00e9poca de escola. Portugu\u00eas era portugu\u00eas, matem\u00e1tica era matem\u00e1tica; o mundo parecia menos complexo, quando o conhecimento era compartimentado pelos professores em diferentes mat\u00e9rias.<\/p>\n<p class=\"v1ql-align-justify\">Depois, ao me formar e deixar os muros do col\u00e9gio, percebi que a vida \u00e9 uma mistura ca\u00f3tica de tudo, com n\u00fameros, letras e conceitos que se fundem. H\u00e1 biologia dentro da hist\u00f3ria. H\u00e1 qu\u00edmica dentro da geografia.<\/p>\n<p class=\"v1ql-align-justify\">Pensemos, por exemplo, no que \u00e9 necess\u00e1rio para ser uma pessoa saud\u00e1vel. Manter uma boa alimenta\u00e7\u00e3o, praticar atividades f\u00edsicas, dormir bem, ir ao m\u00e9dico com regularidade. Todos sabem.<\/p>\n<p class=\"v1ql-align-justify\">Mas e o lugar onde moramos? As horas que levamos de casa at\u00e9 o trabalho? O dinheiro que temos no bolso? Pode n\u00e3o parecer, mas tudo isso influencia diretamente a nossa sa\u00fade. Portanto, \u00e9 essencial lidar com essas\u00a0diversas vari\u00e1veis ao mesmo tempo para viver com qualidade.<\/p>\n<p class=\"v1ql-align-justify\">H\u00e1, no entanto, muitas pessoas (\u00e0s vezes bem perto de n\u00f3s) que n\u00e3o t\u00eam acesso a saneamento b\u00e1sico ou \u00e0 assist\u00eancia m\u00e9dica; que moram em \u00e1reas de risco; que sentem o est\u00f4mago roncar quando falta comida; que mal dormem, porque labutam durante a maior parte do dia e dependem de um sistema de transporte ineficiente, que lhes rouba horas de sono.<\/p>\n<p class=\"v1ql-align-justify\">\u00a0Ao final de fevereiro \u2014 como acontece a cada ver\u00e3o em diversas partes do Brasil \u2014, o litoral norte de S\u00e3o Paulo sofreu com a grande quantidade de chuvas. O alto \u00edndice pluviom\u00e9trico, combinado com a desigualdade social e a falta de pol\u00edticas p\u00fablicas eficazes, que permitiram que habita\u00e7\u00f5es fossem constru\u00eddas em zonas inadequadas, ceifou a vida de homens, mulheres e crian\u00e7as.<\/p>\n<p class=\"v1ql-align-justify\">Menos de uma semana ap\u00f3s a trag\u00e9dia, como era de se esperar, os casos de gastroenterite cresceram nas \u00e1reas atingidas. Em S\u00e3o Sebasti\u00e3o, cidade que ficou coberta por \u00e1gua e lama, a procura por atendimento m\u00e9dico aumentou 30%, com pessoas relatando dores de est\u00f4mago, n\u00e1useas, diarreias. Moradores comentaram mudan\u00e7as na cor da \u00e1gua e um cheiro p\u00fatrido vindo das valas de esgoto a c\u00e9u aberto e dos desmoronamentos.<\/p>\n<p class=\"v1ql-align-justify\">Podemos citar outras cidades bastante desiguais, Rio de Janeiro e Recife, que t\u00eam mais de 20% da sua popula\u00e7\u00e3o residindo em favelas e constru\u00e7\u00f5es de risco. Em 2017, de acordo com o Minist\u00e9rio da Sa\u00fade, o Rio teve uma m\u00e9dia de 88,5 casos de tuberculose a cada 100 mil habitantes; Recife, 85,5.<\/p>\n<p class=\"v1ql-align-justify\">Doen\u00e7as como essa est\u00e3o ligadas ao contato social \u2014 domic\u00edlios com pessoas aglomeradas e pouca circula\u00e7\u00e3o de ar, assim, fazem com que a tuberculose se propague.<\/p>\n<p class=\"v1ql-align-justify\">\u00c9 especialmente nestes momentos pensar em sa\u00fade significa levar em conta geografia, matem\u00e1tica, hist\u00f3ria, sociologia&#8230;<\/p>\n<p class=\"v1ql-align-justify\">N\u00e3o devemos nos esquecer das cat\u00e1strofes, dos desequil\u00edbrios sociais, dos nossos p\u00e9ssimos \u00edndices, e nem coloc\u00e1-los na conta do acaso. Vivendo em um pa\u00eds em que a dor de uns gera lucro para outros, o que precisamos fazer \u00e9 cobrar a elabora\u00e7\u00e3o de pol\u00edticas p\u00fablicas que melhorem a vida dos que mais precisam.<\/p>\n<p><strong>LEIA TAMB\u00c9M<\/strong><\/p>\n<p><a href=\"https:\/\/redenoticiaz.com.br\/blog\/2023\/02\/26\/numero-de-mortos-nas-chuvas-do-litoral-norte-chega-a-65-e-buscas-por-desaparecidos-sao-encerradas\">N\u00famero de mortos nas chuvas do Litoral Norte chega a 65 e buscas por desaparecidos s\u00e3o encerradas<\/a><\/p>\n","protected":false},"excerpt":{"rendered":"<p>Por Ant\u00f4nio Carlos Lopes (Presidente da Sociedade Brasileira de Cl\u00ednica M\u00e9dica) Vira e mexe, vem-me \u00e0 mem\u00f3ria minha \u00e9poca de escola. Portugu\u00eas era portugu\u00eas, matem\u00e1tica era matem\u00e1tica; o mundo parecia menos complexo, quando o conhecimento era compartimentado pelos professores em diferentes mat\u00e9rias. Depois, ao me formar e deixar os muros do col\u00e9gio, percebi que a &hellip;<\/p>\n","protected":false},"author":6,"featured_media":101683,"comment_status":"open","ping_status":"closed","sticky":false,"template":"","format":"standard","meta":{"footnotes":""},"categories":[186,129],"tags":[202,70,2577,25495,165],"class_list":["post-101682","post","type-post","status-publish","format-standard","has-post-thumbnail","hentry","category-politica","category-saude","tag-artigo","tag-brasil","tag-habitacao","tag-politicas-publicas","tag-saude"],"yoast_head":"<!-- This site is optimized with the Yoast SEO plugin v27.4 - https:\/\/yoast.com\/product\/yoast-seo-wordpress\/ -->\n<title>Artigo &#8211; O drama da falta de pol\u00edticas consistentes de moradia e sa\u00fade - Ribeir\u00e3o Preto e Regi\u00e3o<\/title>\n<meta name=\"description\" content=\"sofreu com a grande quantidade de chuvas. O alto \u00edndice pluviom\u00e9trico, combinado com a desigualdade social e a falta de pol\u00edticas p\u00fablicas\" \/>\n<meta name=\"robots\" content=\"index, follow, max-snippet:-1, max-image-preview:large, max-video-preview:-1\" \/>\n<link rel=\"canonical\" href=\"https:\/\/redenoticiaz.com.br\/ribeiraopreto-regiao\/sp\/2023\/03\/11\/artigo-o-drama-da-falta-de-politicas-consistentes-de-moradia-e-saude\" \/>\n<meta property=\"og:locale\" content=\"pt_BR\" \/>\n<meta property=\"og:type\" content=\"article\" \/>\n<meta property=\"og:title\" content=\"Artigo &#8211; O drama da falta de pol\u00edticas consistentes de moradia e sa\u00fade - Ribeir\u00e3o Preto e Regi\u00e3o\" \/>\n<meta property=\"og:description\" content=\"sofreu com a grande quantidade de chuvas. O alto \u00edndice pluviom\u00e9trico, combinado com a desigualdade social e a falta de pol\u00edticas p\u00fablicas\" \/>\n<meta property=\"og:url\" content=\"https:\/\/redenoticiaz.com.br\/ribeiraopreto-regiao\/sp\/2023\/03\/11\/artigo-o-drama-da-falta-de-politicas-consistentes-de-moradia-e-saude\" \/>\n<meta property=\"og:site_name\" content=\"Ribeir\u00e3o Preto e Regi\u00e3o\" \/>\n<meta property=\"article:publisher\" content=\"https:\/\/m.facebook.com\/redenoticiaz.barretos\" \/>\n<meta property=\"article:published_time\" content=\"2023-03-11T18:00:08+00:00\" \/>\n<meta property=\"og:image\" content=\"https:\/\/redenoticiaz.com.br\/ribeiraopreto-regiao\/wp-content\/uploads\/sites\/4\/2023\/05\/NOBXSAN.jpg?v=1683081751\" \/>\n\t<meta property=\"og:image:width\" content=\"588\" \/>\n\t<meta property=\"og:image:height\" content=\"326\" \/>\n\t<meta property=\"og:image:type\" content=\"image\/jpeg\" \/>\n<meta name=\"author\" content=\"Leonardo Francisco\" \/>\n<meta name=\"twitter:card\" content=\"summary_large_image\" \/>\n<meta name=\"twitter:creator\" content=\"@RN_barretos\" \/>\n<meta name=\"twitter:site\" content=\"@RN_barretos\" \/>\n<meta name=\"twitter:label1\" content=\"Escrito por\" \/>\n\t<meta name=\"twitter:data1\" content=\"Leonardo Francisco\" \/>\n\t<meta name=\"twitter:label2\" content=\"Est. tempo de leitura\" \/>\n\t<meta name=\"twitter:data2\" content=\"3 minutos\" \/>\n<script type=\"application\/ld+json\" class=\"yoast-schema-graph\">{\"@context\":\"https:\\\/\\\/schema.org\",\"@graph\":[{\"@type\":\"Article\",\"@id\":\"https:\\\/\\\/redenoticiaz.com.br\\\/ribeiraopreto-regiao\\\/sp\\\/2023\\\/03\\\/11\\\/artigo-o-drama-da-falta-de-politicas-consistentes-de-moradia-e-saude#article\",\"isPartOf\":{\"@id\":\"https:\\\/\\\/redenoticiaz.com.br\\\/ribeiraopreto-regiao\\\/sp\\\/2023\\\/03\\\/11\\\/artigo-o-drama-da-falta-de-politicas-consistentes-de-moradia-e-saude\"},\"author\":{\"name\":\"Leonardo Francisco\",\"@id\":\"https:\\\/\\\/redenoticiaz.com.br\\\/ribeiraopreto-regiao\\\/#\\\/schema\\\/person\\\/0f0b8a5bdafefe82841e07ae8d81ecb3\"},\"headline\":\"Artigo &#8211; O drama da falta de pol\u00edticas consistentes de moradia e sa\u00fade\",\"datePublished\":\"2023-03-11T18:00:08+00:00\",\"mainEntityOfPage\":{\"@id\":\"https:\\\/\\\/redenoticiaz.com.br\\\/ribeiraopreto-regiao\\\/sp\\\/2023\\\/03\\\/11\\\/artigo-o-drama-da-falta-de-politicas-consistentes-de-moradia-e-saude\"},\"wordCount\":580,\"commentCount\":0,\"publisher\":{\"@id\":\"https:\\\/\\\/redenoticiaz.com.br\\\/ribeiraopreto-regiao\\\/#organization\"},\"image\":{\"@id\":\"https:\\\/\\\/redenoticiaz.com.br\\\/ribeiraopreto-regiao\\\/sp\\\/2023\\\/03\\\/11\\\/artigo-o-drama-da-falta-de-politicas-consistentes-de-moradia-e-saude#primaryimage\"},\"thumbnailUrl\":\"https:\\\/\\\/redenoticiaz.com.br\\\/ribeiraopreto-regiao\\\/wp-content\\\/uploads\\\/sites\\\/4\\\/2023\\\/03\\\/politicas-publicas-de-saude-og.jpg?v=1678233322\",\"keywords\":[\"ARTIGO\",\"Brasil\",\"HABITA\u00c7\u00c3O\",\"POL\u00cdTICAS P\u00daBLICAS\",\"saude\"],\"articleSection\":[\"Pol\u00edtica\",\"Sa\u00fade\"],\"inLanguage\":\"pt-BR\",\"potentialAction\":[{\"@type\":\"CommentAction\",\"name\":\"Comment\",\"target\":[\"https:\\\/\\\/redenoticiaz.com.br\\\/ribeiraopreto-regiao\\\/sp\\\/2023\\\/03\\\/11\\\/artigo-o-drama-da-falta-de-politicas-consistentes-de-moradia-e-saude#respond\"]}]},{\"@type\":\"WebPage\",\"@id\":\"https:\\\/\\\/redenoticiaz.com.br\\\/ribeiraopreto-regiao\\\/sp\\\/2023\\\/03\\\/11\\\/artigo-o-drama-da-falta-de-politicas-consistentes-de-moradia-e-saude\",\"url\":\"https:\\\/\\\/redenoticiaz.com.br\\\/ribeiraopreto-regiao\\\/sp\\\/2023\\\/03\\\/11\\\/artigo-o-drama-da-falta-de-politicas-consistentes-de-moradia-e-saude\",\"name\":\"Artigo &#8211; O drama da falta de pol\u00edticas consistentes de moradia e sa\u00fade - Ribeir\u00e3o Preto e Regi\u00e3o\",\"isPartOf\":{\"@id\":\"https:\\\/\\\/redenoticiaz.com.br\\\/ribeiraopreto-regiao\\\/#website\"},\"primaryImageOfPage\":{\"@id\":\"https:\\\/\\\/redenoticiaz.com.br\\\/ribeiraopreto-regiao\\\/sp\\\/2023\\\/03\\\/11\\\/artigo-o-drama-da-falta-de-politicas-consistentes-de-moradia-e-saude#primaryimage\"},\"image\":{\"@id\":\"https:\\\/\\\/redenoticiaz.com.br\\\/ribeiraopreto-regiao\\\/sp\\\/2023\\\/03\\\/11\\\/artigo-o-drama-da-falta-de-politicas-consistentes-de-moradia-e-saude#primaryimage\"},\"thumbnailUrl\":\"https:\\\/\\\/redenoticiaz.com.br\\\/ribeiraopreto-regiao\\\/wp-content\\\/uploads\\\/sites\\\/4\\\/2023\\\/03\\\/politicas-publicas-de-saude-og.jpg?v=1678233322\",\"datePublished\":\"2023-03-11T18:00:08+00:00\",\"description\":\"sofreu com a grande quantidade de chuvas. O alto \u00edndice pluviom\u00e9trico, combinado com a desigualdade social e a falta de pol\u00edticas p\u00fablicas\",\"inLanguage\":\"pt-BR\",\"potentialAction\":[{\"@type\":\"ReadAction\",\"target\":[\"https:\\\/\\\/redenoticiaz.com.br\\\/ribeiraopreto-regiao\\\/sp\\\/2023\\\/03\\\/11\\\/artigo-o-drama-da-falta-de-politicas-consistentes-de-moradia-e-saude\"]}]},{\"@type\":\"ImageObject\",\"inLanguage\":\"pt-BR\",\"@id\":\"https:\\\/\\\/redenoticiaz.com.br\\\/ribeiraopreto-regiao\\\/sp\\\/2023\\\/03\\\/11\\\/artigo-o-drama-da-falta-de-politicas-consistentes-de-moradia-e-saude#primaryimage\",\"url\":\"https:\\\/\\\/redenoticiaz.com.br\\\/ribeiraopreto-regiao\\\/wp-content\\\/uploads\\\/sites\\\/4\\\/2023\\\/03\\\/politicas-publicas-de-saude-og.jpg?v=1678233322\",\"contentUrl\":\"https:\\\/\\\/redenoticiaz.com.br\\\/ribeiraopreto-regiao\\\/wp-content\\\/uploads\\\/sites\\\/4\\\/2023\\\/03\\\/politicas-publicas-de-saude-og.jpg?v=1678233322\",\"width\":1200,\"height\":630,\"caption\":\"Cr\u00e9ditos: Divulga\u00e7\u00e3o\"},{\"@type\":\"WebSite\",\"@id\":\"https:\\\/\\\/redenoticiaz.com.br\\\/ribeiraopreto-regiao\\\/#website\",\"url\":\"https:\\\/\\\/redenoticiaz.com.br\\\/ribeiraopreto-regiao\\\/\",\"name\":\"Ribeir\u00e3o Preto e Regi\u00e3o\",\"description\":\"Rede NoticiaZ - Ribeir\u00e3o Preto e regi\u00e3o\",\"publisher\":{\"@id\":\"https:\\\/\\\/redenoticiaz.com.br\\\/ribeiraopreto-regiao\\\/#organization\"},\"potentialAction\":[{\"@type\":\"SearchAction\",\"target\":{\"@type\":\"EntryPoint\",\"urlTemplate\":\"https:\\\/\\\/redenoticiaz.com.br\\\/ribeiraopreto-regiao\\\/?s={search_term_string}\"},\"query-input\":{\"@type\":\"PropertyValueSpecification\",\"valueRequired\":true,\"valueName\":\"search_term_string\"}}],\"inLanguage\":\"pt-BR\"},{\"@type\":\"Organization\",\"@id\":\"https:\\\/\\\/redenoticiaz.com.br\\\/ribeiraopreto-regiao\\\/#organization\",\"name\":\"Ribeir\u00e3o Preto e Regi\u00e3o\",\"url\":\"https:\\\/\\\/redenoticiaz.com.br\\\/ribeiraopreto-regiao\\\/\",\"logo\":{\"@type\":\"ImageObject\",\"inLanguage\":\"pt-BR\",\"@id\":\"https:\\\/\\\/redenoticiaz.com.br\\\/ribeiraopreto-regiao\\\/#\\\/schema\\\/logo\\\/image\\\/\",\"url\":\"https:\\\/\\\/redenoticiaz.com.br\\\/barretos-regiao\\\/wp-content\\\/uploads\\\/sites\\\/4\\\/2022\\\/02\\\/logo.jpg\",\"contentUrl\":\"https:\\\/\\\/redenoticiaz.com.br\\\/barretos-regiao\\\/wp-content\\\/uploads\\\/sites\\\/4\\\/2022\\\/02\\\/logo.jpg\",\"width\":400,\"height\":250,\"caption\":\"Ribeir\u00e3o Preto e Regi\u00e3o\"},\"image\":{\"@id\":\"https:\\\/\\\/redenoticiaz.com.br\\\/ribeiraopreto-regiao\\\/#\\\/schema\\\/logo\\\/image\\\/\"},\"sameAs\":[\"https:\\\/\\\/m.facebook.com\\\/redenoticiaz.barretos\",\"https:\\\/\\\/x.com\\\/RN_barretos\",\"https:\\\/\\\/www.instagram.com\\\/redenoticiaz.barretos\\\/?igshid=YmMyMTA2M2Y\",\"https:\\\/\\\/www.linkedin.com\\\/company\\\/rede-noticiaz-barretos-e-regio\\\/\"]},{\"@type\":\"Person\",\"@id\":\"https:\\\/\\\/redenoticiaz.com.br\\\/ribeiraopreto-regiao\\\/#\\\/schema\\\/person\\\/0f0b8a5bdafefe82841e07ae8d81ecb3\",\"name\":\"Leonardo Francisco\",\"image\":{\"@type\":\"ImageObject\",\"inLanguage\":\"pt-BR\",\"@id\":\"https:\\\/\\\/secure.gravatar.com\\\/avatar\\\/a7358cb406a99b682ec6df1e77e31ae82e63601f6784e8a3df411d72b37864da?s=96&d=mm&r=g\",\"url\":\"https:\\\/\\\/secure.gravatar.com\\\/avatar\\\/a7358cb406a99b682ec6df1e77e31ae82e63601f6784e8a3df411d72b37864da?s=96&d=mm&r=g\",\"contentUrl\":\"https:\\\/\\\/secure.gravatar.com\\\/avatar\\\/a7358cb406a99b682ec6df1e77e31ae82e63601f6784e8a3df411d72b37864da?s=96&d=mm&r=g\",\"caption\":\"Leonardo Francisco\"},\"url\":\"https:\\\/\\\/redenoticiaz.com.br\\\/ribeiraopreto-regiao\\\/sp\\\/author\\\/leonardo-francisco\"}]}<\/script>\n<!-- \/ Yoast SEO plugin. -->","yoast_head_json":{"title":"Artigo &#8211; O drama da falta de pol\u00edticas consistentes de moradia e sa\u00fade - Ribeir\u00e3o Preto e Regi\u00e3o","description":"sofreu com a grande quantidade de chuvas. O alto \u00edndice pluviom\u00e9trico, combinado com a desigualdade social e a falta de pol\u00edticas p\u00fablicas","robots":{"index":"index","follow":"follow","max-snippet":"max-snippet:-1","max-image-preview":"max-image-preview:large","max-video-preview":"max-video-preview:-1"},"canonical":"https:\/\/redenoticiaz.com.br\/ribeiraopreto-regiao\/sp\/2023\/03\/11\/artigo-o-drama-da-falta-de-politicas-consistentes-de-moradia-e-saude","og_locale":"pt_BR","og_type":"article","og_title":"Artigo &#8211; O drama da falta de pol\u00edticas consistentes de moradia e sa\u00fade - Ribeir\u00e3o Preto e Regi\u00e3o","og_description":"sofreu com a grande quantidade de chuvas. O alto \u00edndice pluviom\u00e9trico, combinado com a desigualdade social e a falta de pol\u00edticas p\u00fablicas","og_url":"https:\/\/redenoticiaz.com.br\/ribeiraopreto-regiao\/sp\/2023\/03\/11\/artigo-o-drama-da-falta-de-politicas-consistentes-de-moradia-e-saude","og_site_name":"Ribeir\u00e3o Preto e Regi\u00e3o","article_publisher":"https:\/\/m.facebook.com\/redenoticiaz.barretos","article_published_time":"2023-03-11T18:00:08+00:00","og_image":[{"width":588,"height":326,"url":"https:\/\/redenoticiaz.com.br\/ribeiraopreto-regiao\/wp-content\/uploads\/sites\/4\/2023\/05\/NOBXSAN.jpg?v=1683081751","type":"image\/jpeg"}],"author":"Leonardo Francisco","twitter_card":"summary_large_image","twitter_creator":"@RN_barretos","twitter_site":"@RN_barretos","twitter_misc":{"Escrito por":"Leonardo Francisco","Est. tempo de leitura":"3 minutos"},"schema":{"@context":"https:\/\/schema.org","@graph":[{"@type":"Article","@id":"https:\/\/redenoticiaz.com.br\/ribeiraopreto-regiao\/sp\/2023\/03\/11\/artigo-o-drama-da-falta-de-politicas-consistentes-de-moradia-e-saude#article","isPartOf":{"@id":"https:\/\/redenoticiaz.com.br\/ribeiraopreto-regiao\/sp\/2023\/03\/11\/artigo-o-drama-da-falta-de-politicas-consistentes-de-moradia-e-saude"},"author":{"name":"Leonardo Francisco","@id":"https:\/\/redenoticiaz.com.br\/ribeiraopreto-regiao\/#\/schema\/person\/0f0b8a5bdafefe82841e07ae8d81ecb3"},"headline":"Artigo &#8211; O drama da falta de pol\u00edticas consistentes de moradia e sa\u00fade","datePublished":"2023-03-11T18:00:08+00:00","mainEntityOfPage":{"@id":"https:\/\/redenoticiaz.com.br\/ribeiraopreto-regiao\/sp\/2023\/03\/11\/artigo-o-drama-da-falta-de-politicas-consistentes-de-moradia-e-saude"},"wordCount":580,"commentCount":0,"publisher":{"@id":"https:\/\/redenoticiaz.com.br\/ribeiraopreto-regiao\/#organization"},"image":{"@id":"https:\/\/redenoticiaz.com.br\/ribeiraopreto-regiao\/sp\/2023\/03\/11\/artigo-o-drama-da-falta-de-politicas-consistentes-de-moradia-e-saude#primaryimage"},"thumbnailUrl":"https:\/\/redenoticiaz.com.br\/ribeiraopreto-regiao\/wp-content\/uploads\/sites\/4\/2023\/03\/politicas-publicas-de-saude-og.jpg?v=1678233322","keywords":["ARTIGO","Brasil","HABITA\u00c7\u00c3O","POL\u00cdTICAS P\u00daBLICAS","saude"],"articleSection":["Pol\u00edtica","Sa\u00fade"],"inLanguage":"pt-BR","potentialAction":[{"@type":"CommentAction","name":"Comment","target":["https:\/\/redenoticiaz.com.br\/ribeiraopreto-regiao\/sp\/2023\/03\/11\/artigo-o-drama-da-falta-de-politicas-consistentes-de-moradia-e-saude#respond"]}]},{"@type":"WebPage","@id":"https:\/\/redenoticiaz.com.br\/ribeiraopreto-regiao\/sp\/2023\/03\/11\/artigo-o-drama-da-falta-de-politicas-consistentes-de-moradia-e-saude","url":"https:\/\/redenoticiaz.com.br\/ribeiraopreto-regiao\/sp\/2023\/03\/11\/artigo-o-drama-da-falta-de-politicas-consistentes-de-moradia-e-saude","name":"Artigo &#8211; O drama da falta de pol\u00edticas consistentes de moradia e sa\u00fade - Ribeir\u00e3o Preto e Regi\u00e3o","isPartOf":{"@id":"https:\/\/redenoticiaz.com.br\/ribeiraopreto-regiao\/#website"},"primaryImageOfPage":{"@id":"https:\/\/redenoticiaz.com.br\/ribeiraopreto-regiao\/sp\/2023\/03\/11\/artigo-o-drama-da-falta-de-politicas-consistentes-de-moradia-e-saude#primaryimage"},"image":{"@id":"https:\/\/redenoticiaz.com.br\/ribeiraopreto-regiao\/sp\/2023\/03\/11\/artigo-o-drama-da-falta-de-politicas-consistentes-de-moradia-e-saude#primaryimage"},"thumbnailUrl":"https:\/\/redenoticiaz.com.br\/ribeiraopreto-regiao\/wp-content\/uploads\/sites\/4\/2023\/03\/politicas-publicas-de-saude-og.jpg?v=1678233322","datePublished":"2023-03-11T18:00:08+00:00","description":"sofreu com a grande quantidade de chuvas. O alto \u00edndice pluviom\u00e9trico, combinado com a desigualdade social e a falta de pol\u00edticas p\u00fablicas","inLanguage":"pt-BR","potentialAction":[{"@type":"ReadAction","target":["https:\/\/redenoticiaz.com.br\/ribeiraopreto-regiao\/sp\/2023\/03\/11\/artigo-o-drama-da-falta-de-politicas-consistentes-de-moradia-e-saude"]}]},{"@type":"ImageObject","inLanguage":"pt-BR","@id":"https:\/\/redenoticiaz.com.br\/ribeiraopreto-regiao\/sp\/2023\/03\/11\/artigo-o-drama-da-falta-de-politicas-consistentes-de-moradia-e-saude#primaryimage","url":"https:\/\/redenoticiaz.com.br\/ribeiraopreto-regiao\/wp-content\/uploads\/sites\/4\/2023\/03\/politicas-publicas-de-saude-og.jpg?v=1678233322","contentUrl":"https:\/\/redenoticiaz.com.br\/ribeiraopreto-regiao\/wp-content\/uploads\/sites\/4\/2023\/03\/politicas-publicas-de-saude-og.jpg?v=1678233322","width":1200,"height":630,"caption":"Cr\u00e9ditos: Divulga\u00e7\u00e3o"},{"@type":"WebSite","@id":"https:\/\/redenoticiaz.com.br\/ribeiraopreto-regiao\/#website","url":"https:\/\/redenoticiaz.com.br\/ribeiraopreto-regiao\/","name":"Ribeir\u00e3o Preto e Regi\u00e3o","description":"Rede NoticiaZ - Ribeir\u00e3o Preto e regi\u00e3o","publisher":{"@id":"https:\/\/redenoticiaz.com.br\/ribeiraopreto-regiao\/#organization"},"potentialAction":[{"@type":"SearchAction","target":{"@type":"EntryPoint","urlTemplate":"https:\/\/redenoticiaz.com.br\/ribeiraopreto-regiao\/?s={search_term_string}"},"query-input":{"@type":"PropertyValueSpecification","valueRequired":true,"valueName":"search_term_string"}}],"inLanguage":"pt-BR"},{"@type":"Organization","@id":"https:\/\/redenoticiaz.com.br\/ribeiraopreto-regiao\/#organization","name":"Ribeir\u00e3o Preto e Regi\u00e3o","url":"https:\/\/redenoticiaz.com.br\/ribeiraopreto-regiao\/","logo":{"@type":"ImageObject","inLanguage":"pt-BR","@id":"https:\/\/redenoticiaz.com.br\/ribeiraopreto-regiao\/#\/schema\/logo\/image\/","url":"https:\/\/redenoticiaz.com.br\/barretos-regiao\/wp-content\/uploads\/sites\/4\/2022\/02\/logo.jpg","contentUrl":"https:\/\/redenoticiaz.com.br\/barretos-regiao\/wp-content\/uploads\/sites\/4\/2022\/02\/logo.jpg","width":400,"height":250,"caption":"Ribeir\u00e3o Preto e Regi\u00e3o"},"image":{"@id":"https:\/\/redenoticiaz.com.br\/ribeiraopreto-regiao\/#\/schema\/logo\/image\/"},"sameAs":["https:\/\/m.facebook.com\/redenoticiaz.barretos","https:\/\/x.com\/RN_barretos","https:\/\/www.instagram.com\/redenoticiaz.barretos\/?igshid=YmMyMTA2M2Y","https:\/\/www.linkedin.com\/company\/rede-noticiaz-barretos-e-regio\/"]},{"@type":"Person","@id":"https:\/\/redenoticiaz.com.br\/ribeiraopreto-regiao\/#\/schema\/person\/0f0b8a5bdafefe82841e07ae8d81ecb3","name":"Leonardo Francisco","image":{"@type":"ImageObject","inLanguage":"pt-BR","@id":"https:\/\/secure.gravatar.com\/avatar\/a7358cb406a99b682ec6df1e77e31ae82e63601f6784e8a3df411d72b37864da?s=96&d=mm&r=g","url":"https:\/\/secure.gravatar.com\/avatar\/a7358cb406a99b682ec6df1e77e31ae82e63601f6784e8a3df411d72b37864da?s=96&d=mm&r=g","contentUrl":"https:\/\/secure.gravatar.com\/avatar\/a7358cb406a99b682ec6df1e77e31ae82e63601f6784e8a3df411d72b37864da?s=96&d=mm&r=g","caption":"Leonardo Francisco"},"url":"https:\/\/redenoticiaz.com.br\/ribeiraopreto-regiao\/sp\/author\/leonardo-francisco"}]}},"_links":{"self":[{"href":"https:\/\/redenoticiaz.com.br\/ribeiraopreto-regiao\/wp-json\/wp\/v2\/posts\/101682","targetHints":{"allow":["GET"]}}],"collection":[{"href":"https:\/\/redenoticiaz.com.br\/ribeiraopreto-regiao\/wp-json\/wp\/v2\/posts"}],"about":[{"href":"https:\/\/redenoticiaz.com.br\/ribeiraopreto-regiao\/wp-json\/wp\/v2\/types\/post"}],"author":[{"embeddable":true,"href":"https:\/\/redenoticiaz.com.br\/ribeiraopreto-regiao\/wp-json\/wp\/v2\/users\/6"}],"replies":[{"embeddable":true,"href":"https:\/\/redenoticiaz.com.br\/ribeiraopreto-regiao\/wp-json\/wp\/v2\/comments?post=101682"}],"version-history":[{"count":0,"href":"https:\/\/redenoticiaz.com.br\/ribeiraopreto-regiao\/wp-json\/wp\/v2\/posts\/101682\/revisions"}],"wp:featuredmedia":[{"embeddable":true,"href":"https:\/\/redenoticiaz.com.br\/ribeiraopreto-regiao\/wp-json\/wp\/v2\/media\/101683"}],"wp:attachment":[{"href":"https:\/\/redenoticiaz.com.br\/ribeiraopreto-regiao\/wp-json\/wp\/v2\/media?parent=101682"}],"wp:term":[{"taxonomy":"category","embeddable":true,"href":"https:\/\/redenoticiaz.com.br\/ribeiraopreto-regiao\/wp-json\/wp\/v2\/categories?post=101682"},{"taxonomy":"post_tag","embeddable":true,"href":"https:\/\/redenoticiaz.com.br\/ribeiraopreto-regiao\/wp-json\/wp\/v2\/tags?post=101682"}],"curies":[{"name":"wp","href":"https:\/\/api.w.org\/{rel}","templated":true}]}}