{"id":101868,"date":"2023-03-10T14:17:53","date_gmt":"2023-03-10T17:17:53","guid":{"rendered":"https:\/\/redenoticiaz.com.br\/barretos-regiao\/?p=101868"},"modified":"2023-03-10T14:17:53","modified_gmt":"2023-03-10T17:17:53","slug":"diretoria-de-educacao-convoca-aprovados-no-programa-tempo-de-aprender","status":"publish","type":"post","link":"https:\/\/redenoticiaz.com.br\/ribeiraopreto-regiao\/sp\/2023\/03\/10\/diretoria-de-educacao-convoca-aprovados-no-programa-tempo-de-aprender","title":{"rendered":"Diretoria de Educa\u00e7\u00e3o convoca aprovados no programa Tempo de Aprender"},"content":{"rendered":"<div>\n<p class=\"v1MsoNormal\">A Diretoria Municipal da Educa\u00e7\u00e3o est\u00e1 publicando no Di\u00e1rio Oficial Eletr\u00f4nico do Munic\u00edpio o chamamento de 16 classificados no Processo Seletivo destinado a recrutar profissionais da \u00e1rea de educa\u00e7\u00e3o, sob o regime de voluntariado, destinado ao atendimento do Programa Tempo de Aprender.<\/p>\n<p class=\"v1MsoNormal\">O programa destina-se a necessidade de assistentes de alfabetiza\u00e7\u00e3o para atuarem como apoio pedag\u00f3gico aos professores regulares nas turmas de 1\u00ba e 2\u00ba ano das escolas municipais, que ir\u00e3o desenvolver o Programa Tempo de Aprender, com objetivo de fortalecer o processo de alfabetiza\u00e7\u00e3o destes estudantes.<\/p>\n<p class=\"v1MsoNormal\">ASSISTENTE DE ALFABETIZA\u00c7\u00c3O VOLUNT\u00c1RIA<\/p>\n<p class=\"v1MsoNormal\">As atividades desempenhadas pelo assistente de alfabetiza\u00e7\u00e3o ser\u00e3o consideradas de natureza volunt\u00e1ria, na forma definida na Lei n\u00ba 9.608 de 1998, sendo obrigat\u00f3ria a celebra\u00e7\u00e3o do Termo de Ades\u00e3o e Compromisso do Volunt\u00e1rio. O assistente atuar\u00e1 em um per\u00edodo de cinco horas semanais para unidades escolares n\u00e3o vulner\u00e1veis, ou dez horas semanais para as unidades escolares vulner\u00e1veis, conforme crit\u00e9rios estabelecidos, na realiza\u00e7\u00e3o das atividades de acompanhamento pedag\u00f3gico sob a coordena\u00e7\u00e3o e supervis\u00e3o do professor alfabetizador, conforme orienta\u00e7\u00f5es da diretoria de educa\u00e7\u00e3o e com o apoio da gest\u00e3o escolar na realiza\u00e7\u00e3o de atividades, com vistas a garantir o processo de alfabetiza\u00e7\u00e3o de todos os estudantes.<\/p>\n<p class=\"v1MsoNormal\">PROGRAMA TEMPO DE APRENDER<\/p>\n<p class=\"v1MsoNormal\">O Programa do Minist\u00e9rio da Educa\u00e7\u00e3o tem o objetivo de elevar a qualidade do ensino e da aprendizagem no \u00e2mbito da alfabetiza\u00e7\u00e3o, sobretudo nos anos iniciais do ensino fundamental, por meio de abordagens cientificamente fundamentadas e de assegurar o direito a alfabetiza\u00e7\u00e3o a fim de promover a cidadania e contribuir para o desenvolvimento social e econ\u00f4mico do pa\u00eds.<\/p>\n<\/div>\n<div class=\"v1gmail_signature\" dir=\"ltr\">\n<div dir=\"ltr\">\n<div dir=\"ltr\">\n<div dir=\"ltr\">\n<div dir=\"ltr\">\n<div dir=\"ltr\">\n<div dir=\"ltr\"><\/div>\n<\/div>\n<\/div>\n<\/div>\n<\/div>\n<\/div>\n<\/div>\n","protected":false},"excerpt":{"rendered":"<p>A Diretoria Municipal da Educa\u00e7\u00e3o est\u00e1 publicando no Di\u00e1rio Oficial Eletr\u00f4nico do Munic\u00edpio o chamamento de 16 classificados no Processo Seletivo destinado a recrutar profissionais da \u00e1rea de educa\u00e7\u00e3o, sob o regime de voluntariado, destinado ao atendimento do Programa Tempo de Aprender. O programa destina-se a necessidade de assistentes de alfabetiza\u00e7\u00e3o para atuarem como apoio &hellip;<\/p>\n","protected":false},"author":15,"featured_media":101869,"comment_status":"open","ping_status":"closed","sticky":false,"template":"","format":"standard","meta":{"footnotes":""},"categories":[820,2075],"tags":[22529,21829,1055,13883,24294],"class_list":["post-101868","post","type-post","status-publish","format-standard","has-post-thumbnail","hentry","category-educacao","category-trabalho","tag-aprovados","tag-convocados","tag-processo-seletivo","tag-programa","tag-tempo-de-aprender"],"yoast_head":"<!-- This site is optimized with the Yoast SEO plugin v27.5 - https:\/\/yoast.com\/product\/yoast-seo-wordpress\/ -->\n<title>Diretoria de Educa\u00e7\u00e3o convoca aprovados no programa Tempo de Aprender - Ribeir\u00e3o Preto e Regi\u00e3o<\/title>\n<meta name=\"description\" content=\"A Diretoria Municipal da Educa\u00e7\u00e3o est\u00e1 publicando no Di\u00e1rio Oficial Eletr\u00f4nico do Munic\u00edpio o chamamento de 16 classificados no Processo\" \/>\n<meta name=\"robots\" content=\"index, follow, max-snippet:-1, max-image-preview:large, max-video-preview:-1\" \/>\n<link rel=\"canonical\" href=\"https:\/\/redenoticiaz.com.br\/ribeiraopreto-regiao\/sp\/2023\/03\/10\/diretoria-de-educacao-convoca-aprovados-no-programa-tempo-de-aprender\" \/>\n<meta property=\"og:locale\" content=\"pt_BR\" \/>\n<meta property=\"og:type\" content=\"article\" \/>\n<meta property=\"og:title\" content=\"Diretoria de Educa\u00e7\u00e3o convoca aprovados no programa Tempo de Aprender - Ribeir\u00e3o Preto e Regi\u00e3o\" \/>\n<meta property=\"og:description\" content=\"A Diretoria Municipal da Educa\u00e7\u00e3o est\u00e1 publicando no Di\u00e1rio Oficial Eletr\u00f4nico do Munic\u00edpio o chamamento de 16 classificados no Processo\" \/>\n<meta property=\"og:url\" content=\"https:\/\/redenoticiaz.com.br\/ribeiraopreto-regiao\/sp\/2023\/03\/10\/diretoria-de-educacao-convoca-aprovados-no-programa-tempo-de-aprender\" \/>\n<meta property=\"og:site_name\" content=\"Ribeir\u00e3o Preto e Regi\u00e3o\" \/>\n<meta property=\"article:publisher\" content=\"https:\/\/m.facebook.com\/redenoticiaz.barretos\" \/>\n<meta property=\"article:published_time\" content=\"2023-03-10T17:17:53+00:00\" \/>\n<meta property=\"og:image\" content=\"https:\/\/redenoticiaz.com.br\/ribeiraopreto-regiao\/wp-content\/uploads\/sites\/4\/2023\/03\/tempo-de-aprender.jpg\" \/>\n\t<meta property=\"og:image:width\" content=\"800\" \/>\n\t<meta property=\"og:image:height\" content=\"534\" \/>\n\t<meta property=\"og:image:type\" content=\"image\/jpeg\" \/>\n<meta name=\"twitter:card\" content=\"summary_large_image\" \/>\n<meta name=\"twitter:creator\" content=\"@RN_barretos\" \/>\n<meta name=\"twitter:site\" content=\"@RN_barretos\" \/>\n<meta name=\"twitter:label1\" content=\"Escrito por\" \/>\n\t<meta name=\"twitter:data1\" content=\"\" \/>\n\t<meta name=\"twitter:label2\" content=\"Est. tempo de leitura\" \/>\n\t<meta name=\"twitter:data2\" content=\"2 minutos\" \/>\n<script type=\"application\/ld+json\" class=\"yoast-schema-graph\">{\"@context\":\"https:\\\/\\\/schema.org\",\"@graph\":[{\"@type\":\"Article\",\"@id\":\"https:\\\/\\\/redenoticiaz.com.br\\\/ribeiraopreto-regiao\\\/sp\\\/2023\\\/03\\\/10\\\/diretoria-de-educacao-convoca-aprovados-no-programa-tempo-de-aprender#article\",\"isPartOf\":{\"@id\":\"https:\\\/\\\/redenoticiaz.com.br\\\/ribeiraopreto-regiao\\\/sp\\\/2023\\\/03\\\/10\\\/diretoria-de-educacao-convoca-aprovados-no-programa-tempo-de-aprender\"},\"author\":{\"name\":\"\",\"@id\":\"\"},\"headline\":\"Diretoria de Educa\u00e7\u00e3o convoca aprovados no programa Tempo de Aprender\",\"datePublished\":\"2023-03-10T17:17:53+00:00\",\"mainEntityOfPage\":{\"@id\":\"https:\\\/\\\/redenoticiaz.com.br\\\/ribeiraopreto-regiao\\\/sp\\\/2023\\\/03\\\/10\\\/diretoria-de-educacao-convoca-aprovados-no-programa-tempo-de-aprender\"},\"wordCount\":301,\"commentCount\":0,\"publisher\":{\"@id\":\"https:\\\/\\\/redenoticiaz.com.br\\\/ribeiraopreto-regiao\\\/#organization\"},\"image\":{\"@id\":\"https:\\\/\\\/redenoticiaz.com.br\\\/ribeiraopreto-regiao\\\/sp\\\/2023\\\/03\\\/10\\\/diretoria-de-educacao-convoca-aprovados-no-programa-tempo-de-aprender#primaryimage\"},\"thumbnailUrl\":\"https:\\\/\\\/redenoticiaz.com.br\\\/ribeiraopreto-regiao\\\/wp-content\\\/uploads\\\/sites\\\/4\\\/2023\\\/03\\\/tempo-de-aprender.jpg\",\"keywords\":[\"APROVADOS\",\"convocados\",\"processo seletivo\",\"PROGRAMA\",\"Tempo de aprender\"],\"articleSection\":[\"Educa\u00e7\u00e3o\",\"Trabalho\"],\"inLanguage\":\"pt-BR\",\"potentialAction\":[{\"@type\":\"CommentAction\",\"name\":\"Comment\",\"target\":[\"https:\\\/\\\/redenoticiaz.com.br\\\/ribeiraopreto-regiao\\\/sp\\\/2023\\\/03\\\/10\\\/diretoria-de-educacao-convoca-aprovados-no-programa-tempo-de-aprender#respond\"]}]},{\"@type\":\"WebPage\",\"@id\":\"https:\\\/\\\/redenoticiaz.com.br\\\/ribeiraopreto-regiao\\\/sp\\\/2023\\\/03\\\/10\\\/diretoria-de-educacao-convoca-aprovados-no-programa-tempo-de-aprender\",\"url\":\"https:\\\/\\\/redenoticiaz.com.br\\\/ribeiraopreto-regiao\\\/sp\\\/2023\\\/03\\\/10\\\/diretoria-de-educacao-convoca-aprovados-no-programa-tempo-de-aprender\",\"name\":\"Diretoria de Educa\u00e7\u00e3o convoca aprovados no programa Tempo de Aprender - Ribeir\u00e3o Preto e Regi\u00e3o\",\"isPartOf\":{\"@id\":\"https:\\\/\\\/redenoticiaz.com.br\\\/ribeiraopreto-regiao\\\/#website\"},\"primaryImageOfPage\":{\"@id\":\"https:\\\/\\\/redenoticiaz.com.br\\\/ribeiraopreto-regiao\\\/sp\\\/2023\\\/03\\\/10\\\/diretoria-de-educacao-convoca-aprovados-no-programa-tempo-de-aprender#primaryimage\"},\"image\":{\"@id\":\"https:\\\/\\\/redenoticiaz.com.br\\\/ribeiraopreto-regiao\\\/sp\\\/2023\\\/03\\\/10\\\/diretoria-de-educacao-convoca-aprovados-no-programa-tempo-de-aprender#primaryimage\"},\"thumbnailUrl\":\"https:\\\/\\\/redenoticiaz.com.br\\\/ribeiraopreto-regiao\\\/wp-content\\\/uploads\\\/sites\\\/4\\\/2023\\\/03\\\/tempo-de-aprender.jpg\",\"datePublished\":\"2023-03-10T17:17:53+00:00\",\"description\":\"A Diretoria Municipal da Educa\u00e7\u00e3o est\u00e1 publicando no Di\u00e1rio Oficial Eletr\u00f4nico do Munic\u00edpio o chamamento de 16 classificados no Processo\",\"inLanguage\":\"pt-BR\",\"potentialAction\":[{\"@type\":\"ReadAction\",\"target\":[\"https:\\\/\\\/redenoticiaz.com.br\\\/ribeiraopreto-regiao\\\/sp\\\/2023\\\/03\\\/10\\\/diretoria-de-educacao-convoca-aprovados-no-programa-tempo-de-aprender\"]}]},{\"@type\":\"ImageObject\",\"inLanguage\":\"pt-BR\",\"@id\":\"https:\\\/\\\/redenoticiaz.com.br\\\/ribeiraopreto-regiao\\\/sp\\\/2023\\\/03\\\/10\\\/diretoria-de-educacao-convoca-aprovados-no-programa-tempo-de-aprender#primaryimage\",\"url\":\"https:\\\/\\\/redenoticiaz.com.br\\\/ribeiraopreto-regiao\\\/wp-content\\\/uploads\\\/sites\\\/4\\\/2023\\\/03\\\/tempo-de-aprender.jpg\",\"contentUrl\":\"https:\\\/\\\/redenoticiaz.com.br\\\/ribeiraopreto-regiao\\\/wp-content\\\/uploads\\\/sites\\\/4\\\/2023\\\/03\\\/tempo-de-aprender.jpg\",\"width\":800,\"height\":534,\"caption\":\"Programa tempo de aprender. Cr\u00e9dito: Divulga\u00e7\u00e3o\"},{\"@type\":\"WebSite\",\"@id\":\"https:\\\/\\\/redenoticiaz.com.br\\\/ribeiraopreto-regiao\\\/#website\",\"url\":\"https:\\\/\\\/redenoticiaz.com.br\\\/ribeiraopreto-regiao\\\/\",\"name\":\"Ribeir\u00e3o Preto e Regi\u00e3o\",\"description\":\"Rede NoticiaZ - Ribeir\u00e3o Preto e regi\u00e3o\",\"publisher\":{\"@id\":\"https:\\\/\\\/redenoticiaz.com.br\\\/ribeiraopreto-regiao\\\/#organization\"},\"potentialAction\":[{\"@type\":\"SearchAction\",\"target\":{\"@type\":\"EntryPoint\",\"urlTemplate\":\"https:\\\/\\\/redenoticiaz.com.br\\\/ribeiraopreto-regiao\\\/?s={search_term_string}\"},\"query-input\":{\"@type\":\"PropertyValueSpecification\",\"valueRequired\":true,\"valueName\":\"search_term_string\"}}],\"inLanguage\":\"pt-BR\"},{\"@type\":\"Organization\",\"@id\":\"https:\\\/\\\/redenoticiaz.com.br\\\/ribeiraopreto-regiao\\\/#organization\",\"name\":\"Ribeir\u00e3o Preto e Regi\u00e3o\",\"url\":\"https:\\\/\\\/redenoticiaz.com.br\\\/ribeiraopreto-regiao\\\/\",\"logo\":{\"@type\":\"ImageObject\",\"inLanguage\":\"pt-BR\",\"@id\":\"https:\\\/\\\/redenoticiaz.com.br\\\/ribeiraopreto-regiao\\\/#\\\/schema\\\/logo\\\/image\\\/\",\"url\":\"https:\\\/\\\/redenoticiaz.com.br\\\/barretos-regiao\\\/wp-content\\\/uploads\\\/sites\\\/4\\\/2022\\\/02\\\/logo.jpg\",\"contentUrl\":\"https:\\\/\\\/redenoticiaz.com.br\\\/barretos-regiao\\\/wp-content\\\/uploads\\\/sites\\\/4\\\/2022\\\/02\\\/logo.jpg\",\"width\":400,\"height\":250,\"caption\":\"Ribeir\u00e3o Preto e Regi\u00e3o\"},\"image\":{\"@id\":\"https:\\\/\\\/redenoticiaz.com.br\\\/ribeiraopreto-regiao\\\/#\\\/schema\\\/logo\\\/image\\\/\"},\"sameAs\":[\"https:\\\/\\\/m.facebook.com\\\/redenoticiaz.barretos\",\"https:\\\/\\\/x.com\\\/RN_barretos\",\"https:\\\/\\\/www.instagram.com\\\/redenoticiaz.barretos\\\/?igshid=YmMyMTA2M2Y\",\"https:\\\/\\\/www.linkedin.com\\\/company\\\/rede-noticiaz-barretos-e-regio\\\/\"]},{\"@type\":\"Person\",\"@id\":\"\",\"url\":\"https:\\\/\\\/redenoticiaz.com.br\\\/ribeiraopreto-regiao\\\/sp\\\/author\"}]}<\/script>\n<!-- \/ Yoast SEO plugin. -->","yoast_head_json":{"title":"Diretoria de Educa\u00e7\u00e3o convoca aprovados no programa Tempo de Aprender - Ribeir\u00e3o Preto e Regi\u00e3o","description":"A Diretoria Municipal da Educa\u00e7\u00e3o est\u00e1 publicando no Di\u00e1rio Oficial Eletr\u00f4nico do Munic\u00edpio o chamamento de 16 classificados no Processo","robots":{"index":"index","follow":"follow","max-snippet":"max-snippet:-1","max-image-preview":"max-image-preview:large","max-video-preview":"max-video-preview:-1"},"canonical":"https:\/\/redenoticiaz.com.br\/ribeiraopreto-regiao\/sp\/2023\/03\/10\/diretoria-de-educacao-convoca-aprovados-no-programa-tempo-de-aprender","og_locale":"pt_BR","og_type":"article","og_title":"Diretoria de Educa\u00e7\u00e3o convoca aprovados no programa Tempo de Aprender - Ribeir\u00e3o Preto e Regi\u00e3o","og_description":"A Diretoria Municipal da Educa\u00e7\u00e3o est\u00e1 publicando no Di\u00e1rio Oficial Eletr\u00f4nico do Munic\u00edpio o chamamento de 16 classificados no Processo","og_url":"https:\/\/redenoticiaz.com.br\/ribeiraopreto-regiao\/sp\/2023\/03\/10\/diretoria-de-educacao-convoca-aprovados-no-programa-tempo-de-aprender","og_site_name":"Ribeir\u00e3o Preto e Regi\u00e3o","article_publisher":"https:\/\/m.facebook.com\/redenoticiaz.barretos","article_published_time":"2023-03-10T17:17:53+00:00","og_image":[{"width":800,"height":534,"url":"https:\/\/redenoticiaz.com.br\/ribeiraopreto-regiao\/wp-content\/uploads\/sites\/4\/2023\/03\/tempo-de-aprender.jpg","type":"image\/jpeg"}],"twitter_card":"summary_large_image","twitter_creator":"@RN_barretos","twitter_site":"@RN_barretos","twitter_misc":{"Escrito por":"","Est. tempo de leitura":"2 minutos"},"schema":{"@context":"https:\/\/schema.org","@graph":[{"@type":"Article","@id":"https:\/\/redenoticiaz.com.br\/ribeiraopreto-regiao\/sp\/2023\/03\/10\/diretoria-de-educacao-convoca-aprovados-no-programa-tempo-de-aprender#article","isPartOf":{"@id":"https:\/\/redenoticiaz.com.br\/ribeiraopreto-regiao\/sp\/2023\/03\/10\/diretoria-de-educacao-convoca-aprovados-no-programa-tempo-de-aprender"},"author":{"name":"","@id":""},"headline":"Diretoria de Educa\u00e7\u00e3o convoca aprovados no programa Tempo de Aprender","datePublished":"2023-03-10T17:17:53+00:00","mainEntityOfPage":{"@id":"https:\/\/redenoticiaz.com.br\/ribeiraopreto-regiao\/sp\/2023\/03\/10\/diretoria-de-educacao-convoca-aprovados-no-programa-tempo-de-aprender"},"wordCount":301,"commentCount":0,"publisher":{"@id":"https:\/\/redenoticiaz.com.br\/ribeiraopreto-regiao\/#organization"},"image":{"@id":"https:\/\/redenoticiaz.com.br\/ribeiraopreto-regiao\/sp\/2023\/03\/10\/diretoria-de-educacao-convoca-aprovados-no-programa-tempo-de-aprender#primaryimage"},"thumbnailUrl":"https:\/\/redenoticiaz.com.br\/ribeiraopreto-regiao\/wp-content\/uploads\/sites\/4\/2023\/03\/tempo-de-aprender.jpg","keywords":["APROVADOS","convocados","processo seletivo","PROGRAMA","Tempo de aprender"],"articleSection":["Educa\u00e7\u00e3o","Trabalho"],"inLanguage":"pt-BR","potentialAction":[{"@type":"CommentAction","name":"Comment","target":["https:\/\/redenoticiaz.com.br\/ribeiraopreto-regiao\/sp\/2023\/03\/10\/diretoria-de-educacao-convoca-aprovados-no-programa-tempo-de-aprender#respond"]}]},{"@type":"WebPage","@id":"https:\/\/redenoticiaz.com.br\/ribeiraopreto-regiao\/sp\/2023\/03\/10\/diretoria-de-educacao-convoca-aprovados-no-programa-tempo-de-aprender","url":"https:\/\/redenoticiaz.com.br\/ribeiraopreto-regiao\/sp\/2023\/03\/10\/diretoria-de-educacao-convoca-aprovados-no-programa-tempo-de-aprender","name":"Diretoria de Educa\u00e7\u00e3o convoca aprovados no programa Tempo de Aprender - Ribeir\u00e3o Preto e Regi\u00e3o","isPartOf":{"@id":"https:\/\/redenoticiaz.com.br\/ribeiraopreto-regiao\/#website"},"primaryImageOfPage":{"@id":"https:\/\/redenoticiaz.com.br\/ribeiraopreto-regiao\/sp\/2023\/03\/10\/diretoria-de-educacao-convoca-aprovados-no-programa-tempo-de-aprender#primaryimage"},"image":{"@id":"https:\/\/redenoticiaz.com.br\/ribeiraopreto-regiao\/sp\/2023\/03\/10\/diretoria-de-educacao-convoca-aprovados-no-programa-tempo-de-aprender#primaryimage"},"thumbnailUrl":"https:\/\/redenoticiaz.com.br\/ribeiraopreto-regiao\/wp-content\/uploads\/sites\/4\/2023\/03\/tempo-de-aprender.jpg","datePublished":"2023-03-10T17:17:53+00:00","description":"A Diretoria Municipal da Educa\u00e7\u00e3o est\u00e1 publicando no Di\u00e1rio Oficial Eletr\u00f4nico do Munic\u00edpio o chamamento de 16 classificados no Processo","inLanguage":"pt-BR","potentialAction":[{"@type":"ReadAction","target":["https:\/\/redenoticiaz.com.br\/ribeiraopreto-regiao\/sp\/2023\/03\/10\/diretoria-de-educacao-convoca-aprovados-no-programa-tempo-de-aprender"]}]},{"@type":"ImageObject","inLanguage":"pt-BR","@id":"https:\/\/redenoticiaz.com.br\/ribeiraopreto-regiao\/sp\/2023\/03\/10\/diretoria-de-educacao-convoca-aprovados-no-programa-tempo-de-aprender#primaryimage","url":"https:\/\/redenoticiaz.com.br\/ribeiraopreto-regiao\/wp-content\/uploads\/sites\/4\/2023\/03\/tempo-de-aprender.jpg","contentUrl":"https:\/\/redenoticiaz.com.br\/ribeiraopreto-regiao\/wp-content\/uploads\/sites\/4\/2023\/03\/tempo-de-aprender.jpg","width":800,"height":534,"caption":"Programa tempo de aprender. Cr\u00e9dito: Divulga\u00e7\u00e3o"},{"@type":"WebSite","@id":"https:\/\/redenoticiaz.com.br\/ribeiraopreto-regiao\/#website","url":"https:\/\/redenoticiaz.com.br\/ribeiraopreto-regiao\/","name":"Ribeir\u00e3o Preto e Regi\u00e3o","description":"Rede NoticiaZ - Ribeir\u00e3o Preto e regi\u00e3o","publisher":{"@id":"https:\/\/redenoticiaz.com.br\/ribeiraopreto-regiao\/#organization"},"potentialAction":[{"@type":"SearchAction","target":{"@type":"EntryPoint","urlTemplate":"https:\/\/redenoticiaz.com.br\/ribeiraopreto-regiao\/?s={search_term_string}"},"query-input":{"@type":"PropertyValueSpecification","valueRequired":true,"valueName":"search_term_string"}}],"inLanguage":"pt-BR"},{"@type":"Organization","@id":"https:\/\/redenoticiaz.com.br\/ribeiraopreto-regiao\/#organization","name":"Ribeir\u00e3o Preto e Regi\u00e3o","url":"https:\/\/redenoticiaz.com.br\/ribeiraopreto-regiao\/","logo":{"@type":"ImageObject","inLanguage":"pt-BR","@id":"https:\/\/redenoticiaz.com.br\/ribeiraopreto-regiao\/#\/schema\/logo\/image\/","url":"https:\/\/redenoticiaz.com.br\/barretos-regiao\/wp-content\/uploads\/sites\/4\/2022\/02\/logo.jpg","contentUrl":"https:\/\/redenoticiaz.com.br\/barretos-regiao\/wp-content\/uploads\/sites\/4\/2022\/02\/logo.jpg","width":400,"height":250,"caption":"Ribeir\u00e3o Preto e Regi\u00e3o"},"image":{"@id":"https:\/\/redenoticiaz.com.br\/ribeiraopreto-regiao\/#\/schema\/logo\/image\/"},"sameAs":["https:\/\/m.facebook.com\/redenoticiaz.barretos","https:\/\/x.com\/RN_barretos","https:\/\/www.instagram.com\/redenoticiaz.barretos\/?igshid=YmMyMTA2M2Y","https:\/\/www.linkedin.com\/company\/rede-noticiaz-barretos-e-regio\/"]},{"@type":"Person","@id":"","url":"https:\/\/redenoticiaz.com.br\/ribeiraopreto-regiao\/sp\/author"}]}},"_links":{"self":[{"href":"https:\/\/redenoticiaz.com.br\/ribeiraopreto-regiao\/wp-json\/wp\/v2\/posts\/101868","targetHints":{"allow":["GET"]}}],"collection":[{"href":"https:\/\/redenoticiaz.com.br\/ribeiraopreto-regiao\/wp-json\/wp\/v2\/posts"}],"about":[{"href":"https:\/\/redenoticiaz.com.br\/ribeiraopreto-regiao\/wp-json\/wp\/v2\/types\/post"}],"author":[{"embeddable":true,"href":"https:\/\/redenoticiaz.com.br\/ribeiraopreto-regiao\/wp-json\/wp\/v2\/users\/15"}],"replies":[{"embeddable":true,"href":"https:\/\/redenoticiaz.com.br\/ribeiraopreto-regiao\/wp-json\/wp\/v2\/comments?post=101868"}],"version-history":[{"count":1,"href":"https:\/\/redenoticiaz.com.br\/ribeiraopreto-regiao\/wp-json\/wp\/v2\/posts\/101868\/revisions"}],"predecessor-version":[{"id":101870,"href":"https:\/\/redenoticiaz.com.br\/ribeiraopreto-regiao\/wp-json\/wp\/v2\/posts\/101868\/revisions\/101870"}],"wp:featuredmedia":[{"embeddable":true,"href":"https:\/\/redenoticiaz.com.br\/ribeiraopreto-regiao\/wp-json\/wp\/v2\/media\/101869"}],"wp:attachment":[{"href":"https:\/\/redenoticiaz.com.br\/ribeiraopreto-regiao\/wp-json\/wp\/v2\/media?parent=101868"}],"wp:term":[{"taxonomy":"category","embeddable":true,"href":"https:\/\/redenoticiaz.com.br\/ribeiraopreto-regiao\/wp-json\/wp\/v2\/categories?post=101868"},{"taxonomy":"post_tag","embeddable":true,"href":"https:\/\/redenoticiaz.com.br\/ribeiraopreto-regiao\/wp-json\/wp\/v2\/tags?post=101868"}],"curies":[{"name":"wp","href":"https:\/\/api.w.org\/{rel}","templated":true}]}}