{"id":101973,"date":"2023-03-13T15:12:31","date_gmt":"2023-03-13T18:12:31","guid":{"rendered":"https:\/\/redenoticiaz.com.br\/barretos-regiao\/?p=101973"},"modified":"2023-03-13T15:12:31","modified_gmt":"2023-03-13T18:12:31","slug":"obras-do-novo-postao-avancam-e-pavimento-terreo-comeca-a-ser-estruturado","status":"publish","type":"post","link":"https:\/\/redenoticiaz.com.br\/ribeiraopreto-regiao\/sp\/2023\/03\/13\/obras-do-novo-postao-avancam-e-pavimento-terreo-comeca-a-ser-estruturado","title":{"rendered":"Obras do Novo &#8220;Post\u00e3o&#8221; avan\u00e7am e pavimento t\u00e9rreo come\u00e7a a ser estruturado"},"content":{"rendered":"<div>O Centro M\u00e9dico de Refer\u00eancia e Especialidades e de Aten\u00e7\u00e3o \u00e0 Mulher e \u00e0 Crian\u00e7a, o novo &#8220;Post\u00e3o&#8221;, come\u00e7a a tomar forma com o avan\u00e7o das obras no pavimento t\u00e9rreo do pr\u00e9dio.<\/div>\n<div><\/div>\n<div><\/div>\n<div>Com investimento no valor de R$ 6.726.033,22, sendo R$ 3 milh\u00f5es em repasse da Secretaria de Desenvolvimento Regional do Estado de S\u00e3o Paulo e R$ 3.726.033,22 de contrapartida do munic\u00edpio, o novo &#8220;Post\u00e3o&#8221; elevar\u00e1 a qualidade do atendimento \u00e0 sa\u00fade da popula\u00e7\u00e3o barretense, em uma estrutura f\u00edsica com mais de 20 consult\u00f3rios, salas para realiza\u00e7\u00e3o de exames e procedimentos e amplo espa\u00e7o de conviv\u00eancia, em 3.110,58 m\u00b2 de \u00e1rea constru\u00edda.<\/div>\n<div><\/div>\n<div><\/div>\n<div>De acordo com a prefeitura de Barretos, por meio da Secretaria Municipal de Obras e Servi\u00e7os Urbanos, o servi\u00e7o de concretagem dos pilares j\u00e1 entrou na etapa final e o das vigas superiores j\u00e1 chegaram a 50%. &#8220;Al\u00e9m da concretagem dos pilares e vigas tamb\u00e9m estamos executando as alvenarias do pavimento t\u00e9rreo e construindo os muros e arrimo&#8221;, destacou o secret\u00e1rio de Obras, Raul Paganelli. Ele tamb\u00e9m salientou que o cronograma de execu\u00e7\u00e3o da obra segue dentro do previsto e conclus\u00e3o \u00e9 estimada para o segundo semestre de 2023.<\/div>\n<div><\/div>\n<div><\/div>\n<h3><b>Acessos diferenciados<\/b><\/h3>\n<div><\/div>\n<div>O centro ser\u00e1 dividido em dois pavilh\u00f5es. O primeiro deles ser\u00e1 no t\u00e9rreo, com entrada pela Rua 34, e abrigar\u00e1 o Centro M\u00e9dico de Refer\u00eancia e Especialidades. Com pelo menos 14 consult\u00f3rios, \u00e1rea de apoio, farm\u00e1cia, recep\u00e7\u00e3o e salas de espera, o local tamb\u00e9m contar\u00e1 com salas para vacinas, aplica\u00e7\u00e3o de medicamentos, curativos e procedimentos, pequenas cirurgias, raios-x, ultrassonografia, eletrocardiograma e cardiotocografia.<\/div>\n<div><\/div>\n<div>Com acesso pela Avenida 25, os usu\u00e1rios dos servi\u00e7os de Aten\u00e7\u00e3o \u00e0 Mulher e \u00e0 Crian\u00e7a ser\u00e3o atendidos no pavimento superior do pr\u00e9dio, que abrigar\u00e1 ao menos 11 consult\u00f3rios e contar\u00e1 com atendimentos em ginecologia, pediatria, cardiopediatria, endocrinologia, neurologia e pneumologia. Al\u00e9m de oferecer servi\u00e7os de fonoaudiologia, psicologia, assist\u00eancia social, fisioterapia e terapia ocupacional. O departamento administrativo tamb\u00e9m ser\u00e1 instalado no pavimento superior, dispondo de salas de reuni\u00e3o, audit\u00f3rio, refeit\u00f3rio e sanit\u00e1rios.<\/div>\n<div><\/div>\n<div>VEJA TAMB\u00c9M:<a href=\"https:\/\/redenoticiaz.com.br\/barretos-regiao\/sp\/2023\/03\/13\/homem-e-preso-ao-tentar-vender-celular-roubado-para-propria-vitima\">Homem \u00e9 preso ao tentar vender celular roubado para pr\u00f3pria v\u00edtima<\/a><\/div>\n","protected":false},"excerpt":{"rendered":"<p>O Centro M\u00e9dico de Refer\u00eancia e Especialidades e de Aten\u00e7\u00e3o \u00e0 Mulher e \u00e0 Crian\u00e7a, o novo &#8220;Post\u00e3o&#8221;, come\u00e7a a tomar forma com o avan\u00e7o das obras no pavimento t\u00e9rreo do pr\u00e9dio. Com investimento no valor de R$ 6.726.033,22, sendo R$ 3 milh\u00f5es em repasse da Secretaria de Desenvolvimento Regional do Estado de S\u00e3o Paulo &hellip;<\/p>\n","protected":false},"author":15,"featured_media":101974,"comment_status":"open","ping_status":"closed","sticky":false,"template":"","format":"standard","meta":{"footnotes":""},"categories":[2920],"tags":[18399,24912,2217,3121,13186],"class_list":["post-101973","post","type-post","status-publish","format-standard","has-post-thumbnail","hentry","category-obras","tag-centro-medico","tag-departamento-de-infraestrutura","tag-investimento","tag-obras","tag-postao"],"yoast_head":"<!-- This site is optimized with the Yoast SEO plugin v27.4 - https:\/\/yoast.com\/product\/yoast-seo-wordpress\/ -->\n<title>Obras do Novo &#8220;Post\u00e3o&#8221; avan\u00e7am e pavimento t\u00e9rreo come\u00e7a a ser estruturado - Ribeir\u00e3o Preto e Regi\u00e3o<\/title>\n<meta name=\"description\" content=\"O Centro M\u00e9dico de Refer\u00eancia e Especialidades e de Aten\u00e7\u00e3o \u00e0 Mulher e \u00e0 Crian\u00e7a, o novo &quot;Post\u00e3o&quot;, come\u00e7a a tomar forma com o avan\u00e7o das obras\" \/>\n<meta name=\"robots\" content=\"index, follow, max-snippet:-1, max-image-preview:large, max-video-preview:-1\" \/>\n<link rel=\"canonical\" href=\"https:\/\/redenoticiaz.com.br\/ribeiraopreto-regiao\/sp\/2023\/03\/13\/obras-do-novo-postao-avancam-e-pavimento-terreo-comeca-a-ser-estruturado\" \/>\n<meta property=\"og:locale\" content=\"pt_BR\" \/>\n<meta property=\"og:type\" content=\"article\" \/>\n<meta property=\"og:title\" content=\"Obras do Novo &#8220;Post\u00e3o&#8221; avan\u00e7am e pavimento t\u00e9rreo come\u00e7a a ser estruturado - Ribeir\u00e3o Preto e Regi\u00e3o\" \/>\n<meta property=\"og:description\" content=\"O Centro M\u00e9dico de Refer\u00eancia e Especialidades e de Aten\u00e7\u00e3o \u00e0 Mulher e \u00e0 Crian\u00e7a, o novo &quot;Post\u00e3o&quot;, come\u00e7a a tomar forma com o avan\u00e7o das obras\" \/>\n<meta property=\"og:url\" content=\"https:\/\/redenoticiaz.com.br\/ribeiraopreto-regiao\/sp\/2023\/03\/13\/obras-do-novo-postao-avancam-e-pavimento-terreo-comeca-a-ser-estruturado\" \/>\n<meta property=\"og:site_name\" content=\"Ribeir\u00e3o Preto e Regi\u00e3o\" \/>\n<meta property=\"article:publisher\" content=\"https:\/\/m.facebook.com\/redenoticiaz.barretos\" \/>\n<meta property=\"article:published_time\" content=\"2023-03-13T18:12:31+00:00\" \/>\n<meta property=\"og:image\" content=\"https:\/\/redenoticiaz.com.br\/ribeiraopreto-regiao\/wp-content\/uploads\/sites\/4\/2023\/03\/Obras-do-Novo-Postao-avancam-e-pavimento-terreo-comeca-a-ser-estruturado.jpeg\" \/>\n\t<meta property=\"og:image:width\" content=\"1600\" \/>\n\t<meta property=\"og:image:height\" content=\"1069\" \/>\n\t<meta property=\"og:image:type\" content=\"image\/jpeg\" \/>\n<meta name=\"twitter:card\" content=\"summary_large_image\" \/>\n<meta name=\"twitter:creator\" content=\"@RN_barretos\" \/>\n<meta name=\"twitter:site\" content=\"@RN_barretos\" \/>\n<meta name=\"twitter:label1\" content=\"Escrito por\" \/>\n\t<meta name=\"twitter:data1\" content=\"\" \/>\n\t<meta name=\"twitter:label2\" content=\"Est. tempo de leitura\" \/>\n\t<meta name=\"twitter:data2\" content=\"2 minutos\" \/>\n<script type=\"application\/ld+json\" class=\"yoast-schema-graph\">{\"@context\":\"https:\\\/\\\/schema.org\",\"@graph\":[{\"@type\":\"Article\",\"@id\":\"https:\\\/\\\/redenoticiaz.com.br\\\/ribeiraopreto-regiao\\\/sp\\\/2023\\\/03\\\/13\\\/obras-do-novo-postao-avancam-e-pavimento-terreo-comeca-a-ser-estruturado#article\",\"isPartOf\":{\"@id\":\"https:\\\/\\\/redenoticiaz.com.br\\\/ribeiraopreto-regiao\\\/sp\\\/2023\\\/03\\\/13\\\/obras-do-novo-postao-avancam-e-pavimento-terreo-comeca-a-ser-estruturado\"},\"author\":{\"name\":\"\",\"@id\":\"\"},\"headline\":\"Obras do Novo &#8220;Post\u00e3o&#8221; avan\u00e7am e pavimento t\u00e9rreo come\u00e7a a ser estruturado\",\"datePublished\":\"2023-03-13T18:12:31+00:00\",\"mainEntityOfPage\":{\"@id\":\"https:\\\/\\\/redenoticiaz.com.br\\\/ribeiraopreto-regiao\\\/sp\\\/2023\\\/03\\\/13\\\/obras-do-novo-postao-avancam-e-pavimento-terreo-comeca-a-ser-estruturado\"},\"wordCount\":395,\"commentCount\":0,\"publisher\":{\"@id\":\"https:\\\/\\\/redenoticiaz.com.br\\\/ribeiraopreto-regiao\\\/#organization\"},\"image\":{\"@id\":\"https:\\\/\\\/redenoticiaz.com.br\\\/ribeiraopreto-regiao\\\/sp\\\/2023\\\/03\\\/13\\\/obras-do-novo-postao-avancam-e-pavimento-terreo-comeca-a-ser-estruturado#primaryimage\"},\"thumbnailUrl\":\"https:\\\/\\\/redenoticiaz.com.br\\\/ribeiraopreto-regiao\\\/wp-content\\\/uploads\\\/sites\\\/4\\\/2023\\\/03\\\/Obras-do-Novo-Postao-avancam-e-pavimento-terreo-comeca-a-ser-estruturado.jpeg\",\"keywords\":[\"CENTRO M\u00c9DICO\",\"Departamento de Infraestrutura\",\"INVESTIMENTO\",\"obras\",\"POST\u00c3O\"],\"articleSection\":[\"Obras\"],\"inLanguage\":\"pt-BR\",\"potentialAction\":[{\"@type\":\"CommentAction\",\"name\":\"Comment\",\"target\":[\"https:\\\/\\\/redenoticiaz.com.br\\\/ribeiraopreto-regiao\\\/sp\\\/2023\\\/03\\\/13\\\/obras-do-novo-postao-avancam-e-pavimento-terreo-comeca-a-ser-estruturado#respond\"]}]},{\"@type\":\"WebPage\",\"@id\":\"https:\\\/\\\/redenoticiaz.com.br\\\/ribeiraopreto-regiao\\\/sp\\\/2023\\\/03\\\/13\\\/obras-do-novo-postao-avancam-e-pavimento-terreo-comeca-a-ser-estruturado\",\"url\":\"https:\\\/\\\/redenoticiaz.com.br\\\/ribeiraopreto-regiao\\\/sp\\\/2023\\\/03\\\/13\\\/obras-do-novo-postao-avancam-e-pavimento-terreo-comeca-a-ser-estruturado\",\"name\":\"Obras do Novo &#8220;Post\u00e3o&#8221; avan\u00e7am e pavimento t\u00e9rreo come\u00e7a a ser estruturado - Ribeir\u00e3o Preto e Regi\u00e3o\",\"isPartOf\":{\"@id\":\"https:\\\/\\\/redenoticiaz.com.br\\\/ribeiraopreto-regiao\\\/#website\"},\"primaryImageOfPage\":{\"@id\":\"https:\\\/\\\/redenoticiaz.com.br\\\/ribeiraopreto-regiao\\\/sp\\\/2023\\\/03\\\/13\\\/obras-do-novo-postao-avancam-e-pavimento-terreo-comeca-a-ser-estruturado#primaryimage\"},\"image\":{\"@id\":\"https:\\\/\\\/redenoticiaz.com.br\\\/ribeiraopreto-regiao\\\/sp\\\/2023\\\/03\\\/13\\\/obras-do-novo-postao-avancam-e-pavimento-terreo-comeca-a-ser-estruturado#primaryimage\"},\"thumbnailUrl\":\"https:\\\/\\\/redenoticiaz.com.br\\\/ribeiraopreto-regiao\\\/wp-content\\\/uploads\\\/sites\\\/4\\\/2023\\\/03\\\/Obras-do-Novo-Postao-avancam-e-pavimento-terreo-comeca-a-ser-estruturado.jpeg\",\"datePublished\":\"2023-03-13T18:12:31+00:00\",\"description\":\"O Centro M\u00e9dico de Refer\u00eancia e Especialidades e de Aten\u00e7\u00e3o \u00e0 Mulher e \u00e0 Crian\u00e7a, o novo \\\"Post\u00e3o\\\", come\u00e7a a tomar forma com o avan\u00e7o das obras\",\"inLanguage\":\"pt-BR\",\"potentialAction\":[{\"@type\":\"ReadAction\",\"target\":[\"https:\\\/\\\/redenoticiaz.com.br\\\/ribeiraopreto-regiao\\\/sp\\\/2023\\\/03\\\/13\\\/obras-do-novo-postao-avancam-e-pavimento-terreo-comeca-a-ser-estruturado\"]}]},{\"@type\":\"ImageObject\",\"inLanguage\":\"pt-BR\",\"@id\":\"https:\\\/\\\/redenoticiaz.com.br\\\/ribeiraopreto-regiao\\\/sp\\\/2023\\\/03\\\/13\\\/obras-do-novo-postao-avancam-e-pavimento-terreo-comeca-a-ser-estruturado#primaryimage\",\"url\":\"https:\\\/\\\/redenoticiaz.com.br\\\/ribeiraopreto-regiao\\\/wp-content\\\/uploads\\\/sites\\\/4\\\/2023\\\/03\\\/Obras-do-Novo-Postao-avancam-e-pavimento-terreo-comeca-a-ser-estruturado.jpeg\",\"contentUrl\":\"https:\\\/\\\/redenoticiaz.com.br\\\/ribeiraopreto-regiao\\\/wp-content\\\/uploads\\\/sites\\\/4\\\/2023\\\/03\\\/Obras-do-Novo-Postao-avancam-e-pavimento-terreo-comeca-a-ser-estruturado.jpeg\",\"width\":1600,\"height\":1069,\"caption\":\"Cr\u00e9dito: Divulga\u00e7\u00e3o\"},{\"@type\":\"WebSite\",\"@id\":\"https:\\\/\\\/redenoticiaz.com.br\\\/ribeiraopreto-regiao\\\/#website\",\"url\":\"https:\\\/\\\/redenoticiaz.com.br\\\/ribeiraopreto-regiao\\\/\",\"name\":\"Ribeir\u00e3o Preto e Regi\u00e3o\",\"description\":\"Rede NoticiaZ - Ribeir\u00e3o Preto e regi\u00e3o\",\"publisher\":{\"@id\":\"https:\\\/\\\/redenoticiaz.com.br\\\/ribeiraopreto-regiao\\\/#organization\"},\"potentialAction\":[{\"@type\":\"SearchAction\",\"target\":{\"@type\":\"EntryPoint\",\"urlTemplate\":\"https:\\\/\\\/redenoticiaz.com.br\\\/ribeiraopreto-regiao\\\/?s={search_term_string}\"},\"query-input\":{\"@type\":\"PropertyValueSpecification\",\"valueRequired\":true,\"valueName\":\"search_term_string\"}}],\"inLanguage\":\"pt-BR\"},{\"@type\":\"Organization\",\"@id\":\"https:\\\/\\\/redenoticiaz.com.br\\\/ribeiraopreto-regiao\\\/#organization\",\"name\":\"Ribeir\u00e3o Preto e Regi\u00e3o\",\"url\":\"https:\\\/\\\/redenoticiaz.com.br\\\/ribeiraopreto-regiao\\\/\",\"logo\":{\"@type\":\"ImageObject\",\"inLanguage\":\"pt-BR\",\"@id\":\"https:\\\/\\\/redenoticiaz.com.br\\\/ribeiraopreto-regiao\\\/#\\\/schema\\\/logo\\\/image\\\/\",\"url\":\"https:\\\/\\\/redenoticiaz.com.br\\\/barretos-regiao\\\/wp-content\\\/uploads\\\/sites\\\/4\\\/2022\\\/02\\\/logo.jpg\",\"contentUrl\":\"https:\\\/\\\/redenoticiaz.com.br\\\/barretos-regiao\\\/wp-content\\\/uploads\\\/sites\\\/4\\\/2022\\\/02\\\/logo.jpg\",\"width\":400,\"height\":250,\"caption\":\"Ribeir\u00e3o Preto e Regi\u00e3o\"},\"image\":{\"@id\":\"https:\\\/\\\/redenoticiaz.com.br\\\/ribeiraopreto-regiao\\\/#\\\/schema\\\/logo\\\/image\\\/\"},\"sameAs\":[\"https:\\\/\\\/m.facebook.com\\\/redenoticiaz.barretos\",\"https:\\\/\\\/x.com\\\/RN_barretos\",\"https:\\\/\\\/www.instagram.com\\\/redenoticiaz.barretos\\\/?igshid=YmMyMTA2M2Y\",\"https:\\\/\\\/www.linkedin.com\\\/company\\\/rede-noticiaz-barretos-e-regio\\\/\"]},{\"@type\":\"Person\",\"@id\":\"\",\"url\":\"https:\\\/\\\/redenoticiaz.com.br\\\/ribeiraopreto-regiao\\\/sp\\\/author\"}]}<\/script>\n<!-- \/ Yoast SEO plugin. -->","yoast_head_json":{"title":"Obras do Novo &#8220;Post\u00e3o&#8221; avan\u00e7am e pavimento t\u00e9rreo come\u00e7a a ser estruturado - Ribeir\u00e3o Preto e Regi\u00e3o","description":"O Centro M\u00e9dico de Refer\u00eancia e Especialidades e de Aten\u00e7\u00e3o \u00e0 Mulher e \u00e0 Crian\u00e7a, o novo \"Post\u00e3o\", come\u00e7a a tomar forma com o avan\u00e7o das obras","robots":{"index":"index","follow":"follow","max-snippet":"max-snippet:-1","max-image-preview":"max-image-preview:large","max-video-preview":"max-video-preview:-1"},"canonical":"https:\/\/redenoticiaz.com.br\/ribeiraopreto-regiao\/sp\/2023\/03\/13\/obras-do-novo-postao-avancam-e-pavimento-terreo-comeca-a-ser-estruturado","og_locale":"pt_BR","og_type":"article","og_title":"Obras do Novo &#8220;Post\u00e3o&#8221; avan\u00e7am e pavimento t\u00e9rreo come\u00e7a a ser estruturado - Ribeir\u00e3o Preto e Regi\u00e3o","og_description":"O Centro M\u00e9dico de Refer\u00eancia e Especialidades e de Aten\u00e7\u00e3o \u00e0 Mulher e \u00e0 Crian\u00e7a, o novo \"Post\u00e3o\", come\u00e7a a tomar forma com o avan\u00e7o das obras","og_url":"https:\/\/redenoticiaz.com.br\/ribeiraopreto-regiao\/sp\/2023\/03\/13\/obras-do-novo-postao-avancam-e-pavimento-terreo-comeca-a-ser-estruturado","og_site_name":"Ribeir\u00e3o Preto e Regi\u00e3o","article_publisher":"https:\/\/m.facebook.com\/redenoticiaz.barretos","article_published_time":"2023-03-13T18:12:31+00:00","og_image":[{"width":1600,"height":1069,"url":"https:\/\/redenoticiaz.com.br\/ribeiraopreto-regiao\/wp-content\/uploads\/sites\/4\/2023\/03\/Obras-do-Novo-Postao-avancam-e-pavimento-terreo-comeca-a-ser-estruturado.jpeg","type":"image\/jpeg"}],"twitter_card":"summary_large_image","twitter_creator":"@RN_barretos","twitter_site":"@RN_barretos","twitter_misc":{"Escrito por":"","Est. tempo de leitura":"2 minutos"},"schema":{"@context":"https:\/\/schema.org","@graph":[{"@type":"Article","@id":"https:\/\/redenoticiaz.com.br\/ribeiraopreto-regiao\/sp\/2023\/03\/13\/obras-do-novo-postao-avancam-e-pavimento-terreo-comeca-a-ser-estruturado#article","isPartOf":{"@id":"https:\/\/redenoticiaz.com.br\/ribeiraopreto-regiao\/sp\/2023\/03\/13\/obras-do-novo-postao-avancam-e-pavimento-terreo-comeca-a-ser-estruturado"},"author":{"name":"","@id":""},"headline":"Obras do Novo &#8220;Post\u00e3o&#8221; avan\u00e7am e pavimento t\u00e9rreo come\u00e7a a ser estruturado","datePublished":"2023-03-13T18:12:31+00:00","mainEntityOfPage":{"@id":"https:\/\/redenoticiaz.com.br\/ribeiraopreto-regiao\/sp\/2023\/03\/13\/obras-do-novo-postao-avancam-e-pavimento-terreo-comeca-a-ser-estruturado"},"wordCount":395,"commentCount":0,"publisher":{"@id":"https:\/\/redenoticiaz.com.br\/ribeiraopreto-regiao\/#organization"},"image":{"@id":"https:\/\/redenoticiaz.com.br\/ribeiraopreto-regiao\/sp\/2023\/03\/13\/obras-do-novo-postao-avancam-e-pavimento-terreo-comeca-a-ser-estruturado#primaryimage"},"thumbnailUrl":"https:\/\/redenoticiaz.com.br\/ribeiraopreto-regiao\/wp-content\/uploads\/sites\/4\/2023\/03\/Obras-do-Novo-Postao-avancam-e-pavimento-terreo-comeca-a-ser-estruturado.jpeg","keywords":["CENTRO M\u00c9DICO","Departamento de Infraestrutura","INVESTIMENTO","obras","POST\u00c3O"],"articleSection":["Obras"],"inLanguage":"pt-BR","potentialAction":[{"@type":"CommentAction","name":"Comment","target":["https:\/\/redenoticiaz.com.br\/ribeiraopreto-regiao\/sp\/2023\/03\/13\/obras-do-novo-postao-avancam-e-pavimento-terreo-comeca-a-ser-estruturado#respond"]}]},{"@type":"WebPage","@id":"https:\/\/redenoticiaz.com.br\/ribeiraopreto-regiao\/sp\/2023\/03\/13\/obras-do-novo-postao-avancam-e-pavimento-terreo-comeca-a-ser-estruturado","url":"https:\/\/redenoticiaz.com.br\/ribeiraopreto-regiao\/sp\/2023\/03\/13\/obras-do-novo-postao-avancam-e-pavimento-terreo-comeca-a-ser-estruturado","name":"Obras do Novo &#8220;Post\u00e3o&#8221; avan\u00e7am e pavimento t\u00e9rreo come\u00e7a a ser estruturado - Ribeir\u00e3o Preto e Regi\u00e3o","isPartOf":{"@id":"https:\/\/redenoticiaz.com.br\/ribeiraopreto-regiao\/#website"},"primaryImageOfPage":{"@id":"https:\/\/redenoticiaz.com.br\/ribeiraopreto-regiao\/sp\/2023\/03\/13\/obras-do-novo-postao-avancam-e-pavimento-terreo-comeca-a-ser-estruturado#primaryimage"},"image":{"@id":"https:\/\/redenoticiaz.com.br\/ribeiraopreto-regiao\/sp\/2023\/03\/13\/obras-do-novo-postao-avancam-e-pavimento-terreo-comeca-a-ser-estruturado#primaryimage"},"thumbnailUrl":"https:\/\/redenoticiaz.com.br\/ribeiraopreto-regiao\/wp-content\/uploads\/sites\/4\/2023\/03\/Obras-do-Novo-Postao-avancam-e-pavimento-terreo-comeca-a-ser-estruturado.jpeg","datePublished":"2023-03-13T18:12:31+00:00","description":"O Centro M\u00e9dico de Refer\u00eancia e Especialidades e de Aten\u00e7\u00e3o \u00e0 Mulher e \u00e0 Crian\u00e7a, o novo \"Post\u00e3o\", come\u00e7a a tomar forma com o avan\u00e7o das obras","inLanguage":"pt-BR","potentialAction":[{"@type":"ReadAction","target":["https:\/\/redenoticiaz.com.br\/ribeiraopreto-regiao\/sp\/2023\/03\/13\/obras-do-novo-postao-avancam-e-pavimento-terreo-comeca-a-ser-estruturado"]}]},{"@type":"ImageObject","inLanguage":"pt-BR","@id":"https:\/\/redenoticiaz.com.br\/ribeiraopreto-regiao\/sp\/2023\/03\/13\/obras-do-novo-postao-avancam-e-pavimento-terreo-comeca-a-ser-estruturado#primaryimage","url":"https:\/\/redenoticiaz.com.br\/ribeiraopreto-regiao\/wp-content\/uploads\/sites\/4\/2023\/03\/Obras-do-Novo-Postao-avancam-e-pavimento-terreo-comeca-a-ser-estruturado.jpeg","contentUrl":"https:\/\/redenoticiaz.com.br\/ribeiraopreto-regiao\/wp-content\/uploads\/sites\/4\/2023\/03\/Obras-do-Novo-Postao-avancam-e-pavimento-terreo-comeca-a-ser-estruturado.jpeg","width":1600,"height":1069,"caption":"Cr\u00e9dito: Divulga\u00e7\u00e3o"},{"@type":"WebSite","@id":"https:\/\/redenoticiaz.com.br\/ribeiraopreto-regiao\/#website","url":"https:\/\/redenoticiaz.com.br\/ribeiraopreto-regiao\/","name":"Ribeir\u00e3o Preto e Regi\u00e3o","description":"Rede NoticiaZ - Ribeir\u00e3o Preto e regi\u00e3o","publisher":{"@id":"https:\/\/redenoticiaz.com.br\/ribeiraopreto-regiao\/#organization"},"potentialAction":[{"@type":"SearchAction","target":{"@type":"EntryPoint","urlTemplate":"https:\/\/redenoticiaz.com.br\/ribeiraopreto-regiao\/?s={search_term_string}"},"query-input":{"@type":"PropertyValueSpecification","valueRequired":true,"valueName":"search_term_string"}}],"inLanguage":"pt-BR"},{"@type":"Organization","@id":"https:\/\/redenoticiaz.com.br\/ribeiraopreto-regiao\/#organization","name":"Ribeir\u00e3o Preto e Regi\u00e3o","url":"https:\/\/redenoticiaz.com.br\/ribeiraopreto-regiao\/","logo":{"@type":"ImageObject","inLanguage":"pt-BR","@id":"https:\/\/redenoticiaz.com.br\/ribeiraopreto-regiao\/#\/schema\/logo\/image\/","url":"https:\/\/redenoticiaz.com.br\/barretos-regiao\/wp-content\/uploads\/sites\/4\/2022\/02\/logo.jpg","contentUrl":"https:\/\/redenoticiaz.com.br\/barretos-regiao\/wp-content\/uploads\/sites\/4\/2022\/02\/logo.jpg","width":400,"height":250,"caption":"Ribeir\u00e3o Preto e Regi\u00e3o"},"image":{"@id":"https:\/\/redenoticiaz.com.br\/ribeiraopreto-regiao\/#\/schema\/logo\/image\/"},"sameAs":["https:\/\/m.facebook.com\/redenoticiaz.barretos","https:\/\/x.com\/RN_barretos","https:\/\/www.instagram.com\/redenoticiaz.barretos\/?igshid=YmMyMTA2M2Y","https:\/\/www.linkedin.com\/company\/rede-noticiaz-barretos-e-regio\/"]},{"@type":"Person","@id":"","url":"https:\/\/redenoticiaz.com.br\/ribeiraopreto-regiao\/sp\/author"}]}},"_links":{"self":[{"href":"https:\/\/redenoticiaz.com.br\/ribeiraopreto-regiao\/wp-json\/wp\/v2\/posts\/101973","targetHints":{"allow":["GET"]}}],"collection":[{"href":"https:\/\/redenoticiaz.com.br\/ribeiraopreto-regiao\/wp-json\/wp\/v2\/posts"}],"about":[{"href":"https:\/\/redenoticiaz.com.br\/ribeiraopreto-regiao\/wp-json\/wp\/v2\/types\/post"}],"author":[{"embeddable":true,"href":"https:\/\/redenoticiaz.com.br\/ribeiraopreto-regiao\/wp-json\/wp\/v2\/users\/15"}],"replies":[{"embeddable":true,"href":"https:\/\/redenoticiaz.com.br\/ribeiraopreto-regiao\/wp-json\/wp\/v2\/comments?post=101973"}],"version-history":[{"count":1,"href":"https:\/\/redenoticiaz.com.br\/ribeiraopreto-regiao\/wp-json\/wp\/v2\/posts\/101973\/revisions"}],"predecessor-version":[{"id":101975,"href":"https:\/\/redenoticiaz.com.br\/ribeiraopreto-regiao\/wp-json\/wp\/v2\/posts\/101973\/revisions\/101975"}],"wp:featuredmedia":[{"embeddable":true,"href":"https:\/\/redenoticiaz.com.br\/ribeiraopreto-regiao\/wp-json\/wp\/v2\/media\/101974"}],"wp:attachment":[{"href":"https:\/\/redenoticiaz.com.br\/ribeiraopreto-regiao\/wp-json\/wp\/v2\/media?parent=101973"}],"wp:term":[{"taxonomy":"category","embeddable":true,"href":"https:\/\/redenoticiaz.com.br\/ribeiraopreto-regiao\/wp-json\/wp\/v2\/categories?post=101973"},{"taxonomy":"post_tag","embeddable":true,"href":"https:\/\/redenoticiaz.com.br\/ribeiraopreto-regiao\/wp-json\/wp\/v2\/tags?post=101973"}],"curies":[{"name":"wp","href":"https:\/\/api.w.org\/{rel}","templated":true}]}}