{"id":102009,"date":"2023-03-18T11:00:03","date_gmt":"2023-03-18T14:00:03","guid":{"rendered":"https:\/\/redenoticiaz.com.br\/barretos-regiao\/?p=102009"},"modified":"2023-03-13T22:01:52","modified_gmt":"2023-03-14T01:01:52","slug":"deixe-o-celular-de-lado-e-busque-atividades-variadas","status":"publish","type":"post","link":"https:\/\/redenoticiaz.com.br\/ribeiraopreto-regiao\/sp\/2023\/03\/18\/deixe-o-celular-de-lado-e-busque-atividades-variadas","title":{"rendered":"Deixe o celular de lado e busque atividades variadas"},"content":{"rendered":"<p class=\"v1ql-align-justify\">Imposs\u00edvel n\u00e3o encontrar uma pessoa que n\u00e3o tenha um <strong>celular<\/strong> e n\u00e3o passe uma parte do dia usando ele. Se por um lado o celular \u00e9 importante para ter informa\u00e7\u00e3o, contados com amigos, familiares e trabalho ou at\u00e9 mesmo lazer, por outro pode trazer complica\u00e7\u00f5es com o excesso. O tempo e a sa\u00fade ficam mais comprometidos.<\/p>\n<p class=\"v1ql-align-justify\">Segundo Fl\u00e1via Barbato, psic\u00f3loga comportamental que atende pela <a href=\"https:\/\/click.cse360.com.br\/Click\/AddCampaignEmailClick\/7bc78a2b-1fba-47c2-7e2c-08db1a03460c\/https%253a%252f%252fwww.telavita.com.br%252f\/8267051e-164c-4a40-8f58-f8d2533c53da\/pauta@redenoticiaz.com.br\/True\" target=\"_blank\" rel=\"noopener noreferrer\">Telavita<\/a>, o tempo \u00e9 algo dif\u00edcil de se precificar e repor, pois o que passou n\u00e3o pode ser mais vivido. &#8220;Vivemos em uma realidade em que as pessoas se concentram tanto em n\u00e3o perder o que acontece no mundo, que elas criam uma depend\u00eancia da tela que acaba sendo prejudicial \u00e0 sa\u00fade. Aconselhamos sempre a import\u00e2ncia de dosar o tempo de consumo de informa\u00e7\u00f5es com outras atividades, como exerc\u00edcios, para evitar a depend\u00eancia do aparelho&#8221;, refor\u00e7a a especialista.<\/p>\n<p class=\"v1ql-align-justify\">Para vivermos melhor nosso presente e termos uma boa qualidade de vida, \u00e9 necess\u00e1rio equilibrar melhor nossa rela\u00e7\u00e3o com o celular. Ou seja, criar o h\u00e1bito de realizar atividades sem sua presen\u00e7a, para evitar distra\u00e7\u00f5es e ansiedades.<\/p>\n<p class=\"v1ql-align-justify\">Para isso, a profissional recomenda seis dicas que v\u00e3o ajudar a trocar a tela por atividades mais saud\u00e1veis.<\/p>\n<h5 class=\"v1ql-align-justify\"><strong>Desmame do seu celular<\/strong>:<\/h5>\n<p class=\"v1ql-align-justify\">Para quem \u00e9 viciado, comece a realizar caminhadas curtas ou qualquer atividade que n\u00e3o leve muito tempo, mas sem levar consigo seu celular. Este pode ser um come\u00e7o para os mais dependentes do seu smartphone.<\/p>\n<h5 class=\"v1ql-align-justify\"><strong>Estabele\u00e7a hor\u00e1rios: <\/strong><\/h5>\n<p class=\"v1ql-align-justify\">Seja para realizar alguma leitura, alongamento ou medita\u00e7\u00e3o, estipule um per\u00edodo em que ir\u00e1 realizar essas atividades sem o celular. Isso pode fazer voc\u00ea se concentrar melhor em voc\u00ea mesmo e em seus pensamentos, purificando um pouco sua mente em rela\u00e7\u00e3o ao ambiente virtual.<\/p>\n<h5 class=\"v1ql-align-justify\"><strong>Fa\u00e7a atividades em grupo:<\/strong><\/h5>\n<p class=\"v1ql-align-justify\">Procure por esportes ou pr\u00e1ticas em que ocorra intera\u00e7\u00e3o entre mais indiv\u00edduos. Essas atividades favorecem as habilidades naturais de comunica\u00e7\u00e3o e intera\u00e7\u00e3o social, que s\u00e3o importantes para quem n\u00e3o gosta de atividades f\u00edsicas solit\u00e1rias, al\u00e9m de afastar a pessoa temporariamente do seu smartphone.<\/p>\n<h5 class=\"v1ql-align-justify\"><strong>T\u00e9cnica &#8220;s\u00f3 vai&#8221;:<\/strong><\/h5>\n<p class=\"v1ql-align-justify\">Muitas vezes condicionamos nossa decis\u00e3o de fazer atividade f\u00edsica ao tempo, amigos, roupa, sono, s\u00e9ries etc., quando o que precisamos \u00e9 apenas come\u00e7ar. Dessa forma, a vontade e disposi\u00e7\u00e3o aparecem no caminho. Ent\u00e3o &#8220;s\u00f3 vai&#8221;, que o gosto pela atividade vai se desenvolvendo com a pr\u00e1tica.<\/p>\n<h5 class=\"v1ql-align-justify\"><strong>N\u00e3o fa\u00e7a do celular um inimigo:<\/strong><\/h5>\n<p class=\"v1ql-align-justify\">Aprenda a usar ele como um amigo de treino. Consuma com modera\u00e7\u00e3o conte\u00fados ligados a atividades f\u00edsicas e dan\u00e7a, por exemplo. Hoje temos aplicativos que auxiliam em diversas atividades f\u00edsicas, mas lembre-se: hora de treino \u00e9 hora treino, nada de redes sociais e distra\u00e7\u00f5es.<\/p>\n<h5 class=\"v1ql-align-justify\"><strong>Foco no seu tempo:<\/strong><\/h5>\n<p class=\"v1ql-align-justify\">Lembre-se de gastar seu tempo com voc\u00ea. Seu celular e o que voc\u00ea consome nele, n\u00e3o deve ser o fator principal da sua vida. Em sua vida, voc\u00ea precisa de momentos de equil\u00edbrio, principalmente para manter a sa\u00fade em dia, sem que a tecnologia vire o vil\u00e3o deste momento.<\/p>\n<p><strong>LEIA TAMB\u00c9M<\/strong><\/p>\n<p><a href=\"https:\/\/redenoticiaz.com.br\/blog\/2023\/03\/12\/video-o-que-e-a-glandula-tireoide-qual-atuacao-para-o-funcionamento-do-organismo\">V\u00eddeo \u2013 O que \u00e9 a gl\u00e2ndula tireoide? Qual atua\u00e7\u00e3o para o funcionamento do organismo<\/a><\/p>\n","protected":false},"excerpt":{"rendered":"<p>Imposs\u00edvel n\u00e3o encontrar uma pessoa que n\u00e3o tenha um celular e n\u00e3o passe uma parte do dia usando ele. Se por um lado o celular \u00e9 importante para ter informa\u00e7\u00e3o, contados com amigos, familiares e trabalho ou at\u00e9 mesmo lazer, por outro pode trazer complica\u00e7\u00f5es com o excesso. O tempo e a sa\u00fade ficam mais &hellip;<\/p>\n","protected":false},"author":6,"featured_media":102010,"comment_status":"open","ping_status":"closed","sticky":false,"template":"","format":"standard","meta":{"footnotes":""},"categories":[129,1561],"tags":[22919,11938,22597,165,935],"class_list":["post-102009","post","type-post","status-publish","format-standard","has-post-thumbnail","hentry","category-saude","category-tecnologia","tag-alternativas","tag-celular","tag-habitos","tag-saude","tag-tecnologia"],"yoast_head":"<!-- This site is optimized with the Yoast SEO plugin v27.4 - https:\/\/yoast.com\/product\/yoast-seo-wordpress\/ -->\n<title>Deixe o celular de lado e busque atividades variadas - Ribeir\u00e3o Preto e Regi\u00e3o<\/title>\n<meta name=\"description\" content=\"Imposs\u00edvel n\u00e3o encontrar uma pessoa que n\u00e3o tenha um celular e n\u00e3o passe uma parte do dia usando ele. Se por um lado o celular \u00e9\" \/>\n<meta name=\"robots\" content=\"index, follow, max-snippet:-1, max-image-preview:large, max-video-preview:-1\" \/>\n<link rel=\"canonical\" href=\"https:\/\/redenoticiaz.com.br\/ribeiraopreto-regiao\/sp\/2023\/03\/18\/deixe-o-celular-de-lado-e-busque-atividades-variadas\" \/>\n<meta property=\"og:locale\" content=\"pt_BR\" \/>\n<meta property=\"og:type\" content=\"article\" \/>\n<meta property=\"og:title\" content=\"Deixe o celular de lado e busque atividades variadas - Ribeir\u00e3o Preto e Regi\u00e3o\" \/>\n<meta property=\"og:description\" content=\"Imposs\u00edvel n\u00e3o encontrar uma pessoa que n\u00e3o tenha um celular e n\u00e3o passe uma parte do dia usando ele. Se por um lado o celular \u00e9\" \/>\n<meta property=\"og:url\" content=\"https:\/\/redenoticiaz.com.br\/ribeiraopreto-regiao\/sp\/2023\/03\/18\/deixe-o-celular-de-lado-e-busque-atividades-variadas\" \/>\n<meta property=\"og:site_name\" content=\"Ribeir\u00e3o Preto e Regi\u00e3o\" \/>\n<meta property=\"article:publisher\" content=\"https:\/\/m.facebook.com\/redenoticiaz.barretos\" \/>\n<meta property=\"article:published_time\" content=\"2023-03-18T14:00:03+00:00\" \/>\n<meta property=\"og:image\" content=\"https:\/\/redenoticiaz.com.br\/ribeiraopreto-regiao\/wp-content\/uploads\/sites\/4\/2023\/05\/MPOX.jpg?v=1683819082\" \/>\n\t<meta property=\"og:image:width\" content=\"951\" \/>\n\t<meta property=\"og:image:height\" content=\"521\" \/>\n\t<meta property=\"og:image:type\" content=\"image\/jpeg\" \/>\n<meta name=\"author\" content=\"Leonardo Francisco\" \/>\n<meta name=\"twitter:card\" content=\"summary_large_image\" \/>\n<meta name=\"twitter:creator\" content=\"@RN_barretos\" \/>\n<meta name=\"twitter:site\" content=\"@RN_barretos\" \/>\n<meta name=\"twitter:label1\" content=\"Escrito por\" \/>\n\t<meta name=\"twitter:data1\" content=\"Leonardo Francisco\" \/>\n\t<meta name=\"twitter:label2\" content=\"Est. tempo de leitura\" \/>\n\t<meta name=\"twitter:data2\" content=\"3 minutos\" \/>\n<script type=\"application\/ld+json\" class=\"yoast-schema-graph\">{\"@context\":\"https:\\\/\\\/schema.org\",\"@graph\":[{\"@type\":\"Article\",\"@id\":\"https:\\\/\\\/redenoticiaz.com.br\\\/ribeiraopreto-regiao\\\/sp\\\/2023\\\/03\\\/18\\\/deixe-o-celular-de-lado-e-busque-atividades-variadas#article\",\"isPartOf\":{\"@id\":\"https:\\\/\\\/redenoticiaz.com.br\\\/ribeiraopreto-regiao\\\/sp\\\/2023\\\/03\\\/18\\\/deixe-o-celular-de-lado-e-busque-atividades-variadas\"},\"author\":{\"name\":\"Leonardo Francisco\",\"@id\":\"https:\\\/\\\/redenoticiaz.com.br\\\/ribeiraopreto-regiao\\\/#\\\/schema\\\/person\\\/0f0b8a5bdafefe82841e07ae8d81ecb3\"},\"headline\":\"Deixe o celular de lado e busque atividades variadas\",\"datePublished\":\"2023-03-18T14:00:03+00:00\",\"mainEntityOfPage\":{\"@id\":\"https:\\\/\\\/redenoticiaz.com.br\\\/ribeiraopreto-regiao\\\/sp\\\/2023\\\/03\\\/18\\\/deixe-o-celular-de-lado-e-busque-atividades-variadas\"},\"wordCount\":566,\"commentCount\":0,\"publisher\":{\"@id\":\"https:\\\/\\\/redenoticiaz.com.br\\\/ribeiraopreto-regiao\\\/#organization\"},\"image\":{\"@id\":\"https:\\\/\\\/redenoticiaz.com.br\\\/ribeiraopreto-regiao\\\/sp\\\/2023\\\/03\\\/18\\\/deixe-o-celular-de-lado-e-busque-atividades-variadas#primaryimage\"},\"thumbnailUrl\":\"https:\\\/\\\/redenoticiaz.com.br\\\/ribeiraopreto-regiao\\\/wp-content\\\/uploads\\\/sites\\\/4\\\/2023\\\/03\\\/USO-CELULAR.jpg?v=1678755660\",\"keywords\":[\"ALTERNATIVAS\",\"CELULAR\",\"H\u00c1BITOS\",\"saude\",\"tecnologia\"],\"articleSection\":[\"Sa\u00fade\",\"Tecnologia\"],\"inLanguage\":\"pt-BR\",\"potentialAction\":[{\"@type\":\"CommentAction\",\"name\":\"Comment\",\"target\":[\"https:\\\/\\\/redenoticiaz.com.br\\\/ribeiraopreto-regiao\\\/sp\\\/2023\\\/03\\\/18\\\/deixe-o-celular-de-lado-e-busque-atividades-variadas#respond\"]}]},{\"@type\":\"WebPage\",\"@id\":\"https:\\\/\\\/redenoticiaz.com.br\\\/ribeiraopreto-regiao\\\/sp\\\/2023\\\/03\\\/18\\\/deixe-o-celular-de-lado-e-busque-atividades-variadas\",\"url\":\"https:\\\/\\\/redenoticiaz.com.br\\\/ribeiraopreto-regiao\\\/sp\\\/2023\\\/03\\\/18\\\/deixe-o-celular-de-lado-e-busque-atividades-variadas\",\"name\":\"Deixe o celular de lado e busque atividades variadas - Ribeir\u00e3o Preto e Regi\u00e3o\",\"isPartOf\":{\"@id\":\"https:\\\/\\\/redenoticiaz.com.br\\\/ribeiraopreto-regiao\\\/#website\"},\"primaryImageOfPage\":{\"@id\":\"https:\\\/\\\/redenoticiaz.com.br\\\/ribeiraopreto-regiao\\\/sp\\\/2023\\\/03\\\/18\\\/deixe-o-celular-de-lado-e-busque-atividades-variadas#primaryimage\"},\"image\":{\"@id\":\"https:\\\/\\\/redenoticiaz.com.br\\\/ribeiraopreto-regiao\\\/sp\\\/2023\\\/03\\\/18\\\/deixe-o-celular-de-lado-e-busque-atividades-variadas#primaryimage\"},\"thumbnailUrl\":\"https:\\\/\\\/redenoticiaz.com.br\\\/ribeiraopreto-regiao\\\/wp-content\\\/uploads\\\/sites\\\/4\\\/2023\\\/03\\\/USO-CELULAR.jpg?v=1678755660\",\"datePublished\":\"2023-03-18T14:00:03+00:00\",\"description\":\"Imposs\u00edvel n\u00e3o encontrar uma pessoa que n\u00e3o tenha um celular e n\u00e3o passe uma parte do dia usando ele. Se por um lado o celular \u00e9\",\"inLanguage\":\"pt-BR\",\"potentialAction\":[{\"@type\":\"ReadAction\",\"target\":[\"https:\\\/\\\/redenoticiaz.com.br\\\/ribeiraopreto-regiao\\\/sp\\\/2023\\\/03\\\/18\\\/deixe-o-celular-de-lado-e-busque-atividades-variadas\"]}]},{\"@type\":\"ImageObject\",\"inLanguage\":\"pt-BR\",\"@id\":\"https:\\\/\\\/redenoticiaz.com.br\\\/ribeiraopreto-regiao\\\/sp\\\/2023\\\/03\\\/18\\\/deixe-o-celular-de-lado-e-busque-atividades-variadas#primaryimage\",\"url\":\"https:\\\/\\\/redenoticiaz.com.br\\\/ribeiraopreto-regiao\\\/wp-content\\\/uploads\\\/sites\\\/4\\\/2023\\\/03\\\/USO-CELULAR.jpg?v=1678755660\",\"contentUrl\":\"https:\\\/\\\/redenoticiaz.com.br\\\/ribeiraopreto-regiao\\\/wp-content\\\/uploads\\\/sites\\\/4\\\/2023\\\/03\\\/USO-CELULAR.jpg?v=1678755660\",\"width\":1624,\"height\":1080,\"caption\":\"Cr\u00e9ditos: Divulga\u00e7\u00e3o\"},{\"@type\":\"WebSite\",\"@id\":\"https:\\\/\\\/redenoticiaz.com.br\\\/ribeiraopreto-regiao\\\/#website\",\"url\":\"https:\\\/\\\/redenoticiaz.com.br\\\/ribeiraopreto-regiao\\\/\",\"name\":\"Ribeir\u00e3o Preto e Regi\u00e3o\",\"description\":\"Rede NoticiaZ - Ribeir\u00e3o Preto e regi\u00e3o\",\"publisher\":{\"@id\":\"https:\\\/\\\/redenoticiaz.com.br\\\/ribeiraopreto-regiao\\\/#organization\"},\"potentialAction\":[{\"@type\":\"SearchAction\",\"target\":{\"@type\":\"EntryPoint\",\"urlTemplate\":\"https:\\\/\\\/redenoticiaz.com.br\\\/ribeiraopreto-regiao\\\/?s={search_term_string}\"},\"query-input\":{\"@type\":\"PropertyValueSpecification\",\"valueRequired\":true,\"valueName\":\"search_term_string\"}}],\"inLanguage\":\"pt-BR\"},{\"@type\":\"Organization\",\"@id\":\"https:\\\/\\\/redenoticiaz.com.br\\\/ribeiraopreto-regiao\\\/#organization\",\"name\":\"Ribeir\u00e3o Preto e Regi\u00e3o\",\"url\":\"https:\\\/\\\/redenoticiaz.com.br\\\/ribeiraopreto-regiao\\\/\",\"logo\":{\"@type\":\"ImageObject\",\"inLanguage\":\"pt-BR\",\"@id\":\"https:\\\/\\\/redenoticiaz.com.br\\\/ribeiraopreto-regiao\\\/#\\\/schema\\\/logo\\\/image\\\/\",\"url\":\"https:\\\/\\\/redenoticiaz.com.br\\\/barretos-regiao\\\/wp-content\\\/uploads\\\/sites\\\/4\\\/2022\\\/02\\\/logo.jpg\",\"contentUrl\":\"https:\\\/\\\/redenoticiaz.com.br\\\/barretos-regiao\\\/wp-content\\\/uploads\\\/sites\\\/4\\\/2022\\\/02\\\/logo.jpg\",\"width\":400,\"height\":250,\"caption\":\"Ribeir\u00e3o Preto e Regi\u00e3o\"},\"image\":{\"@id\":\"https:\\\/\\\/redenoticiaz.com.br\\\/ribeiraopreto-regiao\\\/#\\\/schema\\\/logo\\\/image\\\/\"},\"sameAs\":[\"https:\\\/\\\/m.facebook.com\\\/redenoticiaz.barretos\",\"https:\\\/\\\/x.com\\\/RN_barretos\",\"https:\\\/\\\/www.instagram.com\\\/redenoticiaz.barretos\\\/?igshid=YmMyMTA2M2Y\",\"https:\\\/\\\/www.linkedin.com\\\/company\\\/rede-noticiaz-barretos-e-regio\\\/\"]},{\"@type\":\"Person\",\"@id\":\"https:\\\/\\\/redenoticiaz.com.br\\\/ribeiraopreto-regiao\\\/#\\\/schema\\\/person\\\/0f0b8a5bdafefe82841e07ae8d81ecb3\",\"name\":\"Leonardo Francisco\",\"image\":{\"@type\":\"ImageObject\",\"inLanguage\":\"pt-BR\",\"@id\":\"https:\\\/\\\/secure.gravatar.com\\\/avatar\\\/a7358cb406a99b682ec6df1e77e31ae82e63601f6784e8a3df411d72b37864da?s=96&d=mm&r=g\",\"url\":\"https:\\\/\\\/secure.gravatar.com\\\/avatar\\\/a7358cb406a99b682ec6df1e77e31ae82e63601f6784e8a3df411d72b37864da?s=96&d=mm&r=g\",\"contentUrl\":\"https:\\\/\\\/secure.gravatar.com\\\/avatar\\\/a7358cb406a99b682ec6df1e77e31ae82e63601f6784e8a3df411d72b37864da?s=96&d=mm&r=g\",\"caption\":\"Leonardo Francisco\"},\"url\":\"https:\\\/\\\/redenoticiaz.com.br\\\/ribeiraopreto-regiao\\\/sp\\\/author\\\/leonardo-francisco\"}]}<\/script>\n<!-- \/ Yoast SEO plugin. -->","yoast_head_json":{"title":"Deixe o celular de lado e busque atividades variadas - Ribeir\u00e3o Preto e Regi\u00e3o","description":"Imposs\u00edvel n\u00e3o encontrar uma pessoa que n\u00e3o tenha um celular e n\u00e3o passe uma parte do dia usando ele. Se por um lado o celular \u00e9","robots":{"index":"index","follow":"follow","max-snippet":"max-snippet:-1","max-image-preview":"max-image-preview:large","max-video-preview":"max-video-preview:-1"},"canonical":"https:\/\/redenoticiaz.com.br\/ribeiraopreto-regiao\/sp\/2023\/03\/18\/deixe-o-celular-de-lado-e-busque-atividades-variadas","og_locale":"pt_BR","og_type":"article","og_title":"Deixe o celular de lado e busque atividades variadas - Ribeir\u00e3o Preto e Regi\u00e3o","og_description":"Imposs\u00edvel n\u00e3o encontrar uma pessoa que n\u00e3o tenha um celular e n\u00e3o passe uma parte do dia usando ele. Se por um lado o celular \u00e9","og_url":"https:\/\/redenoticiaz.com.br\/ribeiraopreto-regiao\/sp\/2023\/03\/18\/deixe-o-celular-de-lado-e-busque-atividades-variadas","og_site_name":"Ribeir\u00e3o Preto e Regi\u00e3o","article_publisher":"https:\/\/m.facebook.com\/redenoticiaz.barretos","article_published_time":"2023-03-18T14:00:03+00:00","og_image":[{"width":951,"height":521,"url":"https:\/\/redenoticiaz.com.br\/ribeiraopreto-regiao\/wp-content\/uploads\/sites\/4\/2023\/05\/MPOX.jpg?v=1683819082","type":"image\/jpeg"}],"author":"Leonardo Francisco","twitter_card":"summary_large_image","twitter_creator":"@RN_barretos","twitter_site":"@RN_barretos","twitter_misc":{"Escrito por":"Leonardo Francisco","Est. tempo de leitura":"3 minutos"},"schema":{"@context":"https:\/\/schema.org","@graph":[{"@type":"Article","@id":"https:\/\/redenoticiaz.com.br\/ribeiraopreto-regiao\/sp\/2023\/03\/18\/deixe-o-celular-de-lado-e-busque-atividades-variadas#article","isPartOf":{"@id":"https:\/\/redenoticiaz.com.br\/ribeiraopreto-regiao\/sp\/2023\/03\/18\/deixe-o-celular-de-lado-e-busque-atividades-variadas"},"author":{"name":"Leonardo Francisco","@id":"https:\/\/redenoticiaz.com.br\/ribeiraopreto-regiao\/#\/schema\/person\/0f0b8a5bdafefe82841e07ae8d81ecb3"},"headline":"Deixe o celular de lado e busque atividades variadas","datePublished":"2023-03-18T14:00:03+00:00","mainEntityOfPage":{"@id":"https:\/\/redenoticiaz.com.br\/ribeiraopreto-regiao\/sp\/2023\/03\/18\/deixe-o-celular-de-lado-e-busque-atividades-variadas"},"wordCount":566,"commentCount":0,"publisher":{"@id":"https:\/\/redenoticiaz.com.br\/ribeiraopreto-regiao\/#organization"},"image":{"@id":"https:\/\/redenoticiaz.com.br\/ribeiraopreto-regiao\/sp\/2023\/03\/18\/deixe-o-celular-de-lado-e-busque-atividades-variadas#primaryimage"},"thumbnailUrl":"https:\/\/redenoticiaz.com.br\/ribeiraopreto-regiao\/wp-content\/uploads\/sites\/4\/2023\/03\/USO-CELULAR.jpg?v=1678755660","keywords":["ALTERNATIVAS","CELULAR","H\u00c1BITOS","saude","tecnologia"],"articleSection":["Sa\u00fade","Tecnologia"],"inLanguage":"pt-BR","potentialAction":[{"@type":"CommentAction","name":"Comment","target":["https:\/\/redenoticiaz.com.br\/ribeiraopreto-regiao\/sp\/2023\/03\/18\/deixe-o-celular-de-lado-e-busque-atividades-variadas#respond"]}]},{"@type":"WebPage","@id":"https:\/\/redenoticiaz.com.br\/ribeiraopreto-regiao\/sp\/2023\/03\/18\/deixe-o-celular-de-lado-e-busque-atividades-variadas","url":"https:\/\/redenoticiaz.com.br\/ribeiraopreto-regiao\/sp\/2023\/03\/18\/deixe-o-celular-de-lado-e-busque-atividades-variadas","name":"Deixe o celular de lado e busque atividades variadas - Ribeir\u00e3o Preto e Regi\u00e3o","isPartOf":{"@id":"https:\/\/redenoticiaz.com.br\/ribeiraopreto-regiao\/#website"},"primaryImageOfPage":{"@id":"https:\/\/redenoticiaz.com.br\/ribeiraopreto-regiao\/sp\/2023\/03\/18\/deixe-o-celular-de-lado-e-busque-atividades-variadas#primaryimage"},"image":{"@id":"https:\/\/redenoticiaz.com.br\/ribeiraopreto-regiao\/sp\/2023\/03\/18\/deixe-o-celular-de-lado-e-busque-atividades-variadas#primaryimage"},"thumbnailUrl":"https:\/\/redenoticiaz.com.br\/ribeiraopreto-regiao\/wp-content\/uploads\/sites\/4\/2023\/03\/USO-CELULAR.jpg?v=1678755660","datePublished":"2023-03-18T14:00:03+00:00","description":"Imposs\u00edvel n\u00e3o encontrar uma pessoa que n\u00e3o tenha um celular e n\u00e3o passe uma parte do dia usando ele. Se por um lado o celular \u00e9","inLanguage":"pt-BR","potentialAction":[{"@type":"ReadAction","target":["https:\/\/redenoticiaz.com.br\/ribeiraopreto-regiao\/sp\/2023\/03\/18\/deixe-o-celular-de-lado-e-busque-atividades-variadas"]}]},{"@type":"ImageObject","inLanguage":"pt-BR","@id":"https:\/\/redenoticiaz.com.br\/ribeiraopreto-regiao\/sp\/2023\/03\/18\/deixe-o-celular-de-lado-e-busque-atividades-variadas#primaryimage","url":"https:\/\/redenoticiaz.com.br\/ribeiraopreto-regiao\/wp-content\/uploads\/sites\/4\/2023\/03\/USO-CELULAR.jpg?v=1678755660","contentUrl":"https:\/\/redenoticiaz.com.br\/ribeiraopreto-regiao\/wp-content\/uploads\/sites\/4\/2023\/03\/USO-CELULAR.jpg?v=1678755660","width":1624,"height":1080,"caption":"Cr\u00e9ditos: Divulga\u00e7\u00e3o"},{"@type":"WebSite","@id":"https:\/\/redenoticiaz.com.br\/ribeiraopreto-regiao\/#website","url":"https:\/\/redenoticiaz.com.br\/ribeiraopreto-regiao\/","name":"Ribeir\u00e3o Preto e Regi\u00e3o","description":"Rede NoticiaZ - Ribeir\u00e3o Preto e regi\u00e3o","publisher":{"@id":"https:\/\/redenoticiaz.com.br\/ribeiraopreto-regiao\/#organization"},"potentialAction":[{"@type":"SearchAction","target":{"@type":"EntryPoint","urlTemplate":"https:\/\/redenoticiaz.com.br\/ribeiraopreto-regiao\/?s={search_term_string}"},"query-input":{"@type":"PropertyValueSpecification","valueRequired":true,"valueName":"search_term_string"}}],"inLanguage":"pt-BR"},{"@type":"Organization","@id":"https:\/\/redenoticiaz.com.br\/ribeiraopreto-regiao\/#organization","name":"Ribeir\u00e3o Preto e Regi\u00e3o","url":"https:\/\/redenoticiaz.com.br\/ribeiraopreto-regiao\/","logo":{"@type":"ImageObject","inLanguage":"pt-BR","@id":"https:\/\/redenoticiaz.com.br\/ribeiraopreto-regiao\/#\/schema\/logo\/image\/","url":"https:\/\/redenoticiaz.com.br\/barretos-regiao\/wp-content\/uploads\/sites\/4\/2022\/02\/logo.jpg","contentUrl":"https:\/\/redenoticiaz.com.br\/barretos-regiao\/wp-content\/uploads\/sites\/4\/2022\/02\/logo.jpg","width":400,"height":250,"caption":"Ribeir\u00e3o Preto e Regi\u00e3o"},"image":{"@id":"https:\/\/redenoticiaz.com.br\/ribeiraopreto-regiao\/#\/schema\/logo\/image\/"},"sameAs":["https:\/\/m.facebook.com\/redenoticiaz.barretos","https:\/\/x.com\/RN_barretos","https:\/\/www.instagram.com\/redenoticiaz.barretos\/?igshid=YmMyMTA2M2Y","https:\/\/www.linkedin.com\/company\/rede-noticiaz-barretos-e-regio\/"]},{"@type":"Person","@id":"https:\/\/redenoticiaz.com.br\/ribeiraopreto-regiao\/#\/schema\/person\/0f0b8a5bdafefe82841e07ae8d81ecb3","name":"Leonardo Francisco","image":{"@type":"ImageObject","inLanguage":"pt-BR","@id":"https:\/\/secure.gravatar.com\/avatar\/a7358cb406a99b682ec6df1e77e31ae82e63601f6784e8a3df411d72b37864da?s=96&d=mm&r=g","url":"https:\/\/secure.gravatar.com\/avatar\/a7358cb406a99b682ec6df1e77e31ae82e63601f6784e8a3df411d72b37864da?s=96&d=mm&r=g","contentUrl":"https:\/\/secure.gravatar.com\/avatar\/a7358cb406a99b682ec6df1e77e31ae82e63601f6784e8a3df411d72b37864da?s=96&d=mm&r=g","caption":"Leonardo Francisco"},"url":"https:\/\/redenoticiaz.com.br\/ribeiraopreto-regiao\/sp\/author\/leonardo-francisco"}]}},"_links":{"self":[{"href":"https:\/\/redenoticiaz.com.br\/ribeiraopreto-regiao\/wp-json\/wp\/v2\/posts\/102009","targetHints":{"allow":["GET"]}}],"collection":[{"href":"https:\/\/redenoticiaz.com.br\/ribeiraopreto-regiao\/wp-json\/wp\/v2\/posts"}],"about":[{"href":"https:\/\/redenoticiaz.com.br\/ribeiraopreto-regiao\/wp-json\/wp\/v2\/types\/post"}],"author":[{"embeddable":true,"href":"https:\/\/redenoticiaz.com.br\/ribeiraopreto-regiao\/wp-json\/wp\/v2\/users\/6"}],"replies":[{"embeddable":true,"href":"https:\/\/redenoticiaz.com.br\/ribeiraopreto-regiao\/wp-json\/wp\/v2\/comments?post=102009"}],"version-history":[{"count":0,"href":"https:\/\/redenoticiaz.com.br\/ribeiraopreto-regiao\/wp-json\/wp\/v2\/posts\/102009\/revisions"}],"wp:featuredmedia":[{"embeddable":true,"href":"https:\/\/redenoticiaz.com.br\/ribeiraopreto-regiao\/wp-json\/wp\/v2\/media\/102010"}],"wp:attachment":[{"href":"https:\/\/redenoticiaz.com.br\/ribeiraopreto-regiao\/wp-json\/wp\/v2\/media?parent=102009"}],"wp:term":[{"taxonomy":"category","embeddable":true,"href":"https:\/\/redenoticiaz.com.br\/ribeiraopreto-regiao\/wp-json\/wp\/v2\/categories?post=102009"},{"taxonomy":"post_tag","embeddable":true,"href":"https:\/\/redenoticiaz.com.br\/ribeiraopreto-regiao\/wp-json\/wp\/v2\/tags?post=102009"}],"curies":[{"name":"wp","href":"https:\/\/api.w.org\/{rel}","templated":true}]}}