{"id":102015,"date":"2023-03-14T10:12:20","date_gmt":"2023-03-14T13:12:20","guid":{"rendered":"https:\/\/redenoticiaz.com.br\/barretos-regiao\/sp\/2023\/03\/14\/rio-grande-do-norte-vive-caos-com-ataques-em-14-cidades"},"modified":"2023-03-14T10:12:20","modified_gmt":"2023-03-14T13:12:20","slug":"rio-grande-do-norte-vive-caos-com-ataques-em-14-cidades","status":"publish","type":"post","link":"https:\/\/redenoticiaz.com.br\/ribeiraopreto-regiao\/sp\/2023\/03\/14\/rio-grande-do-norte-vive-caos-com-ataques-em-14-cidades","title":{"rendered":"Rio Grande do Norte vive caos com ataques em 14 cidades"},"content":{"rendered":"<div id=\"chunk-36mkh\">\n<div class=\"mc-column content-text active-extra-styles \" data-block-type=\"unstyled\" data-block-weight=\"46\" data-block-id=\"18\">\n<div id=\"chunk-1hume\">\n<div class=\"mc-column content-text active-extra-styles \" data-block-type=\"unstyled\" data-block-weight=\"22\" data-block-id=\"21\">\n<div id=\"chunk-6rj3j\">\n<div class=\"mc-column content-text active-extra-styles \" data-block-type=\"unstyled\" data-block-weight=\"37\" data-block-id=\"27\">\n<p>Ter\u00e7a-feira (14) de caos no Rio Grande do Norte. Pelo menos <strong>14 cidades do estado sofreram com uma onda de ataques a tiros e inc\u00eandios<\/strong> em pr\u00e9dios p\u00fablicos, com\u00e9rcios e ve\u00edculos. Segundo informa\u00e7\u00f5es da pol\u00edcia potiguar, uma pessoa morreu em confronto com for\u00e7as de seguran\u00e7a e outras duas foram presas.<\/p>\n<p>O foco dos ataques foi a capital, Natal. Mas tamb\u00e9m foram registrados ataques nas cidades de Acari, Boa Sa\u00fade, Caic\u00f3, Campo Redondo, Cerro Cor\u00e1, Ja\u00e7an\u00e3, Lajes Pintadas, Montanhas, Mossor\u00f3, Parnamirim, Santo Ant\u00f4nio. Tibau do Sul e S\u00e3o Miguel do Gostoso.<\/p>\n<p>Entre os alvos, est\u00e3o um f\u00f3rum de Justi\u00e7a, duas bases da PM, uma prefeitura e um banco. Carros que estavam estacionados em ruas e em garagens p\u00fablicas, al\u00e9m de uma loja de motos, tamb\u00e9m foram atingidos. Os motivos dos ataques ainda s\u00e3o desconhecidos e o policiamento nos munic\u00edpios est\u00e1 sendo refor\u00e7ado.<\/p>\n<h3>Os ataques<\/h3>\n<p>Na madrugada, o F\u00f3rum de Justi\u00e7a de Parnamirim, na Grande Natal, foi alvo de dezenas de tiros de arma de fogo. Ainda na cidade, ao menos dois carros da secretaria de obras e um \u00f4nibus foram incendiados. O fogo no \u00f4nibus atingiu a rede de energia el\u00e9trica e provocou a interrup\u00e7\u00e3o no fornecimento de energia para 107 casas no bairro Ema\u00fas, segundo a companhia que administra o servi\u00e7o.<\/p>\n<p>Em Natal, houve ataques a duas bases da Pol\u00edcia Militar na Zona Oeste da cidade. Criminosos atiraram contra os pr\u00e9dios e tentaram atear fogo.<\/p>\n<p>Na segunda maior cidade do estado, Mossor\u00f3, no Oeste potiguar, houve ocorr\u00eancia em um pr\u00e9dio onde a prefeitura abastece os ve\u00edculos do munic\u00edpio. Tamb\u00e9m houve ataques a dois caminh\u00f5es da prefeitura, no bairro Parque das Rosas, e a um caminh\u00e3o de lixo, no bairro Reden\u00e7\u00e3o.<\/p>\n<p>Houve, ainda, ocorr\u00eancias no interior do estado. Em Caic\u00f3, no Serid\u00f3 potiguar, uma loja de motos e uma ag\u00eancia banc\u00e1ria foram atacadas. Em Acari, ao menos seis ve\u00edculos da Secretaria de Obras foram incendiados. Os alvos foram tratores, ca\u00e7amba, retroescavadeira e caminhonete.<\/p>\n<p>Em Santo Ant\u00f4nio, tiros foram disparados contra a sede da prefeitura. Em Ja\u00e7an\u00e3, um carro foi queimado na garagem da prefeitura. Em Cerro Cor\u00e1 ve\u00edculos do setor da Educa\u00e7\u00e3o foram incendiados. Em Lajes Pintadas, ve\u00edculos foram atingidos na garagem dos transportes p\u00fablicos.<\/p>\n<p>Em Tibau do Sul, a prefeitura confirmou que oito ve\u00edculos foram completamente queimados. Tamb\u00e9m na madrugada, uma unidade b\u00e1sica de sa\u00fade localizada na comunidade de Bela Vista foi invadida e teve diversos itens e equipamentos roubados.<\/p>\n<p>O Corpo de Bombeiros confirmou que foi acionado para ocorr\u00eancias em Acari, S\u00e3o Miguel do Gostoso, Parnamirim, Tibau do Sul, Maracaja\u00fa, Regomoleiro &#8211; em S\u00e3o Gon\u00e7alo do Amarante &#8211; e no bairro Ponta Negra em Natal.<\/p>\n<p data-track-category=\"Link no Texto\" data-track-links=\"\"><strong>LEIA TAMB\u00c9M<\/strong><\/p>\n<p data-track-category=\"Link no Texto\" data-track-links=\"\"><a href=\"https:\/\/redenoticiaz.com.br\/litoralsp\/2023\/03\/14\/ex-ministro-eliseu-padilha-morre-aos-77-anos-no-rio-grande-do-sul\">Ex-ministro Eliseu Padilha morre aos 77 anos no Rio Grande do Sul<\/a><\/p>\n<\/div>\n<\/div>\n<\/div>\n<\/div>\n<\/div>\n<\/div>\n","protected":false},"excerpt":{"rendered":"<p>Ter\u00e7a-feira (14) de caos no Rio Grande do Norte. Pelo menos 14 cidades do estado sofreram com uma onda de ataques a tiros e inc\u00eandios em pr\u00e9dios p\u00fablicos, com\u00e9rcios e ve\u00edculos. Segundo informa\u00e7\u00f5es da pol\u00edcia potiguar, uma pessoa morreu em confronto com for\u00e7as de seguran\u00e7a e outras duas foram presas. O foco dos ataques foi &hellip;<\/p>\n","protected":false},"author":6,"featured_media":102016,"comment_status":"open","ping_status":"closed","sticky":false,"template":"","format":"standard","meta":{"footnotes":""},"categories":[88],"tags":[1011,24254,21733,22320,674,18350],"class_list":["post-102015","post","type-post","status-publish","format-standard","has-post-thumbnail","hentry","category-policia","tag-ataques","tag-depredacoes","tag-natal","tag-policia-civil-2","tag-policia-militar","tag-rio-grande-do-norte"],"yoast_head":"<!-- This site is optimized with the Yoast SEO plugin v27.4 - https:\/\/yoast.com\/product\/yoast-seo-wordpress\/ -->\n<title>Rio Grande do Norte vive caos com ataques em 14 cidades - Ribeir\u00e3o Preto e Regi\u00e3o<\/title>\n<meta name=\"description\" content=\"Ter\u00e7a-feira (14) de caos no Rio Grande do Norte. Pelo menos 14 cidades do estado sofreram com uma onda de ataques a tiros e inc\u00eandios em\" \/>\n<meta name=\"robots\" content=\"index, follow, max-snippet:-1, max-image-preview:large, max-video-preview:-1\" \/>\n<link rel=\"canonical\" href=\"https:\/\/redenoticiaz.com.br\/ribeiraopreto-regiao\/sp\/2023\/03\/14\/rio-grande-do-norte-vive-caos-com-ataques-em-14-cidades\" \/>\n<meta property=\"og:locale\" content=\"pt_BR\" \/>\n<meta property=\"og:type\" content=\"article\" \/>\n<meta property=\"og:title\" content=\"Rio Grande do Norte vive caos com ataques em 14 cidades - Ribeir\u00e3o Preto e Regi\u00e3o\" \/>\n<meta property=\"og:description\" content=\"Ter\u00e7a-feira (14) de caos no Rio Grande do Norte. Pelo menos 14 cidades do estado sofreram com uma onda de ataques a tiros e inc\u00eandios em\" \/>\n<meta property=\"og:url\" content=\"https:\/\/redenoticiaz.com.br\/ribeiraopreto-regiao\/sp\/2023\/03\/14\/rio-grande-do-norte-vive-caos-com-ataques-em-14-cidades\" \/>\n<meta property=\"og:site_name\" content=\"Ribeir\u00e3o Preto e Regi\u00e3o\" \/>\n<meta property=\"article:publisher\" content=\"https:\/\/m.facebook.com\/redenoticiaz.barretos\" \/>\n<meta property=\"article:published_time\" content=\"2023-03-14T13:12:20+00:00\" \/>\n<meta property=\"og:image\" content=\"https:\/\/redenoticiaz.com.br\/ribeiraopreto-regiao\/wp-content\/uploads\/sites\/4\/2022\/02\/logo.jpg\" \/>\n\t<meta property=\"og:image:width\" content=\"400\" \/>\n\t<meta property=\"og:image:height\" content=\"250\" \/>\n\t<meta property=\"og:image:type\" content=\"image\/jpeg\" \/>\n<meta name=\"author\" content=\"Leonardo Francisco\" \/>\n<meta name=\"twitter:card\" content=\"summary_large_image\" \/>\n<meta name=\"twitter:creator\" content=\"@RN_barretos\" \/>\n<meta name=\"twitter:site\" content=\"@RN_barretos\" \/>\n<meta name=\"twitter:label1\" content=\"Escrito por\" \/>\n\t<meta name=\"twitter:data1\" content=\"Leonardo Francisco\" \/>\n\t<meta name=\"twitter:label2\" content=\"Est. tempo de leitura\" \/>\n\t<meta name=\"twitter:data2\" content=\"3 minutos\" \/>\n<script type=\"application\/ld+json\" class=\"yoast-schema-graph\">{\"@context\":\"https:\\\/\\\/schema.org\",\"@graph\":[{\"@type\":\"Article\",\"@id\":\"https:\\\/\\\/redenoticiaz.com.br\\\/ribeiraopreto-regiao\\\/sp\\\/2023\\\/03\\\/14\\\/rio-grande-do-norte-vive-caos-com-ataques-em-14-cidades#article\",\"isPartOf\":{\"@id\":\"https:\\\/\\\/redenoticiaz.com.br\\\/ribeiraopreto-regiao\\\/sp\\\/2023\\\/03\\\/14\\\/rio-grande-do-norte-vive-caos-com-ataques-em-14-cidades\"},\"author\":{\"name\":\"Leonardo Francisco\",\"@id\":\"https:\\\/\\\/redenoticiaz.com.br\\\/ribeiraopreto-regiao\\\/#\\\/schema\\\/person\\\/0f0b8a5bdafefe82841e07ae8d81ecb3\"},\"headline\":\"Rio Grande do Norte vive caos com ataques em 14 cidades\",\"datePublished\":\"2023-03-14T13:12:20+00:00\",\"mainEntityOfPage\":{\"@id\":\"https:\\\/\\\/redenoticiaz.com.br\\\/ribeiraopreto-regiao\\\/sp\\\/2023\\\/03\\\/14\\\/rio-grande-do-norte-vive-caos-com-ataques-em-14-cidades\"},\"wordCount\":516,\"commentCount\":0,\"publisher\":{\"@id\":\"https:\\\/\\\/redenoticiaz.com.br\\\/ribeiraopreto-regiao\\\/#organization\"},\"image\":{\"@id\":\"https:\\\/\\\/redenoticiaz.com.br\\\/ribeiraopreto-regiao\\\/sp\\\/2023\\\/03\\\/14\\\/rio-grande-do-norte-vive-caos-com-ataques-em-14-cidades#primaryimage\"},\"thumbnailUrl\":\"https:\\\/\\\/redenoticiaz.com.br\\\/ribeiraopreto-regiao\\\/wp-content\\\/uploads\\\/sites\\\/4\\\/2023\\\/03\\\/ATAQUES-RN.jpg\",\"keywords\":[\"ATAQUES\",\"DEPREDA\u00c7\u00d5ES\",\"NATAL\",\"POL\u00cdCIA CIVIL\",\"policia militar\",\"RIO GRANDE DO NORTE\"],\"articleSection\":[\"Pol\u00edcia\"],\"inLanguage\":\"pt-BR\",\"potentialAction\":[{\"@type\":\"CommentAction\",\"name\":\"Comment\",\"target\":[\"https:\\\/\\\/redenoticiaz.com.br\\\/ribeiraopreto-regiao\\\/sp\\\/2023\\\/03\\\/14\\\/rio-grande-do-norte-vive-caos-com-ataques-em-14-cidades#respond\"]}]},{\"@type\":\"WebPage\",\"@id\":\"https:\\\/\\\/redenoticiaz.com.br\\\/ribeiraopreto-regiao\\\/sp\\\/2023\\\/03\\\/14\\\/rio-grande-do-norte-vive-caos-com-ataques-em-14-cidades\",\"url\":\"https:\\\/\\\/redenoticiaz.com.br\\\/ribeiraopreto-regiao\\\/sp\\\/2023\\\/03\\\/14\\\/rio-grande-do-norte-vive-caos-com-ataques-em-14-cidades\",\"name\":\"Rio Grande do Norte vive caos com ataques em 14 cidades - Ribeir\u00e3o Preto e Regi\u00e3o\",\"isPartOf\":{\"@id\":\"https:\\\/\\\/redenoticiaz.com.br\\\/ribeiraopreto-regiao\\\/#website\"},\"primaryImageOfPage\":{\"@id\":\"https:\\\/\\\/redenoticiaz.com.br\\\/ribeiraopreto-regiao\\\/sp\\\/2023\\\/03\\\/14\\\/rio-grande-do-norte-vive-caos-com-ataques-em-14-cidades#primaryimage\"},\"image\":{\"@id\":\"https:\\\/\\\/redenoticiaz.com.br\\\/ribeiraopreto-regiao\\\/sp\\\/2023\\\/03\\\/14\\\/rio-grande-do-norte-vive-caos-com-ataques-em-14-cidades#primaryimage\"},\"thumbnailUrl\":\"https:\\\/\\\/redenoticiaz.com.br\\\/ribeiraopreto-regiao\\\/wp-content\\\/uploads\\\/sites\\\/4\\\/2023\\\/03\\\/ATAQUES-RN.jpg\",\"datePublished\":\"2023-03-14T13:12:20+00:00\",\"description\":\"Ter\u00e7a-feira (14) de caos no Rio Grande do Norte. Pelo menos 14 cidades do estado sofreram com uma onda de ataques a tiros e inc\u00eandios em\",\"inLanguage\":\"pt-BR\",\"potentialAction\":[{\"@type\":\"ReadAction\",\"target\":[\"https:\\\/\\\/redenoticiaz.com.br\\\/ribeiraopreto-regiao\\\/sp\\\/2023\\\/03\\\/14\\\/rio-grande-do-norte-vive-caos-com-ataques-em-14-cidades\"]}]},{\"@type\":\"ImageObject\",\"inLanguage\":\"pt-BR\",\"@id\":\"https:\\\/\\\/redenoticiaz.com.br\\\/ribeiraopreto-regiao\\\/sp\\\/2023\\\/03\\\/14\\\/rio-grande-do-norte-vive-caos-com-ataques-em-14-cidades#primaryimage\",\"url\":\"https:\\\/\\\/redenoticiaz.com.br\\\/ribeiraopreto-regiao\\\/wp-content\\\/uploads\\\/sites\\\/4\\\/2023\\\/03\\\/ATAQUES-RN.jpg\",\"contentUrl\":\"https:\\\/\\\/redenoticiaz.com.br\\\/ribeiraopreto-regiao\\\/wp-content\\\/uploads\\\/sites\\\/4\\\/2023\\\/03\\\/ATAQUES-RN.jpg\",\"width\":562,\"height\":474,\"caption\":\"Cr\u00e9ditos: Reprodu\u00e7\u00e3o\\\/Redes Sociais\"},{\"@type\":\"WebSite\",\"@id\":\"https:\\\/\\\/redenoticiaz.com.br\\\/ribeiraopreto-regiao\\\/#website\",\"url\":\"https:\\\/\\\/redenoticiaz.com.br\\\/ribeiraopreto-regiao\\\/\",\"name\":\"Ribeir\u00e3o Preto e Regi\u00e3o\",\"description\":\"Rede NoticiaZ - Ribeir\u00e3o Preto e regi\u00e3o\",\"publisher\":{\"@id\":\"https:\\\/\\\/redenoticiaz.com.br\\\/ribeiraopreto-regiao\\\/#organization\"},\"potentialAction\":[{\"@type\":\"SearchAction\",\"target\":{\"@type\":\"EntryPoint\",\"urlTemplate\":\"https:\\\/\\\/redenoticiaz.com.br\\\/ribeiraopreto-regiao\\\/?s={search_term_string}\"},\"query-input\":{\"@type\":\"PropertyValueSpecification\",\"valueRequired\":true,\"valueName\":\"search_term_string\"}}],\"inLanguage\":\"pt-BR\"},{\"@type\":\"Organization\",\"@id\":\"https:\\\/\\\/redenoticiaz.com.br\\\/ribeiraopreto-regiao\\\/#organization\",\"name\":\"Ribeir\u00e3o Preto e Regi\u00e3o\",\"url\":\"https:\\\/\\\/redenoticiaz.com.br\\\/ribeiraopreto-regiao\\\/\",\"logo\":{\"@type\":\"ImageObject\",\"inLanguage\":\"pt-BR\",\"@id\":\"https:\\\/\\\/redenoticiaz.com.br\\\/ribeiraopreto-regiao\\\/#\\\/schema\\\/logo\\\/image\\\/\",\"url\":\"https:\\\/\\\/redenoticiaz.com.br\\\/barretos-regiao\\\/wp-content\\\/uploads\\\/sites\\\/4\\\/2022\\\/02\\\/logo.jpg\",\"contentUrl\":\"https:\\\/\\\/redenoticiaz.com.br\\\/barretos-regiao\\\/wp-content\\\/uploads\\\/sites\\\/4\\\/2022\\\/02\\\/logo.jpg\",\"width\":400,\"height\":250,\"caption\":\"Ribeir\u00e3o Preto e Regi\u00e3o\"},\"image\":{\"@id\":\"https:\\\/\\\/redenoticiaz.com.br\\\/ribeiraopreto-regiao\\\/#\\\/schema\\\/logo\\\/image\\\/\"},\"sameAs\":[\"https:\\\/\\\/m.facebook.com\\\/redenoticiaz.barretos\",\"https:\\\/\\\/x.com\\\/RN_barretos\",\"https:\\\/\\\/www.instagram.com\\\/redenoticiaz.barretos\\\/?igshid=YmMyMTA2M2Y\",\"https:\\\/\\\/www.linkedin.com\\\/company\\\/rede-noticiaz-barretos-e-regio\\\/\"]},{\"@type\":\"Person\",\"@id\":\"https:\\\/\\\/redenoticiaz.com.br\\\/ribeiraopreto-regiao\\\/#\\\/schema\\\/person\\\/0f0b8a5bdafefe82841e07ae8d81ecb3\",\"name\":\"Leonardo Francisco\",\"image\":{\"@type\":\"ImageObject\",\"inLanguage\":\"pt-BR\",\"@id\":\"https:\\\/\\\/secure.gravatar.com\\\/avatar\\\/a7358cb406a99b682ec6df1e77e31ae82e63601f6784e8a3df411d72b37864da?s=96&d=mm&r=g\",\"url\":\"https:\\\/\\\/secure.gravatar.com\\\/avatar\\\/a7358cb406a99b682ec6df1e77e31ae82e63601f6784e8a3df411d72b37864da?s=96&d=mm&r=g\",\"contentUrl\":\"https:\\\/\\\/secure.gravatar.com\\\/avatar\\\/a7358cb406a99b682ec6df1e77e31ae82e63601f6784e8a3df411d72b37864da?s=96&d=mm&r=g\",\"caption\":\"Leonardo Francisco\"},\"url\":\"https:\\\/\\\/redenoticiaz.com.br\\\/ribeiraopreto-regiao\\\/sp\\\/author\\\/leonardo-francisco\"}]}<\/script>\n<!-- \/ Yoast SEO plugin. -->","yoast_head_json":{"title":"Rio Grande do Norte vive caos com ataques em 14 cidades - Ribeir\u00e3o Preto e Regi\u00e3o","description":"Ter\u00e7a-feira (14) de caos no Rio Grande do Norte. Pelo menos 14 cidades do estado sofreram com uma onda de ataques a tiros e inc\u00eandios em","robots":{"index":"index","follow":"follow","max-snippet":"max-snippet:-1","max-image-preview":"max-image-preview:large","max-video-preview":"max-video-preview:-1"},"canonical":"https:\/\/redenoticiaz.com.br\/ribeiraopreto-regiao\/sp\/2023\/03\/14\/rio-grande-do-norte-vive-caos-com-ataques-em-14-cidades","og_locale":"pt_BR","og_type":"article","og_title":"Rio Grande do Norte vive caos com ataques em 14 cidades - Ribeir\u00e3o Preto e Regi\u00e3o","og_description":"Ter\u00e7a-feira (14) de caos no Rio Grande do Norte. Pelo menos 14 cidades do estado sofreram com uma onda de ataques a tiros e inc\u00eandios em","og_url":"https:\/\/redenoticiaz.com.br\/ribeiraopreto-regiao\/sp\/2023\/03\/14\/rio-grande-do-norte-vive-caos-com-ataques-em-14-cidades","og_site_name":"Ribeir\u00e3o Preto e Regi\u00e3o","article_publisher":"https:\/\/m.facebook.com\/redenoticiaz.barretos","article_published_time":"2023-03-14T13:12:20+00:00","og_image":[{"width":400,"height":250,"url":"https:\/\/redenoticiaz.com.br\/ribeiraopreto-regiao\/wp-content\/uploads\/sites\/4\/2022\/02\/logo.jpg","type":"image\/jpeg"}],"author":"Leonardo Francisco","twitter_card":"summary_large_image","twitter_creator":"@RN_barretos","twitter_site":"@RN_barretos","twitter_misc":{"Escrito por":"Leonardo Francisco","Est. tempo de leitura":"3 minutos"},"schema":{"@context":"https:\/\/schema.org","@graph":[{"@type":"Article","@id":"https:\/\/redenoticiaz.com.br\/ribeiraopreto-regiao\/sp\/2023\/03\/14\/rio-grande-do-norte-vive-caos-com-ataques-em-14-cidades#article","isPartOf":{"@id":"https:\/\/redenoticiaz.com.br\/ribeiraopreto-regiao\/sp\/2023\/03\/14\/rio-grande-do-norte-vive-caos-com-ataques-em-14-cidades"},"author":{"name":"Leonardo Francisco","@id":"https:\/\/redenoticiaz.com.br\/ribeiraopreto-regiao\/#\/schema\/person\/0f0b8a5bdafefe82841e07ae8d81ecb3"},"headline":"Rio Grande do Norte vive caos com ataques em 14 cidades","datePublished":"2023-03-14T13:12:20+00:00","mainEntityOfPage":{"@id":"https:\/\/redenoticiaz.com.br\/ribeiraopreto-regiao\/sp\/2023\/03\/14\/rio-grande-do-norte-vive-caos-com-ataques-em-14-cidades"},"wordCount":516,"commentCount":0,"publisher":{"@id":"https:\/\/redenoticiaz.com.br\/ribeiraopreto-regiao\/#organization"},"image":{"@id":"https:\/\/redenoticiaz.com.br\/ribeiraopreto-regiao\/sp\/2023\/03\/14\/rio-grande-do-norte-vive-caos-com-ataques-em-14-cidades#primaryimage"},"thumbnailUrl":"https:\/\/redenoticiaz.com.br\/ribeiraopreto-regiao\/wp-content\/uploads\/sites\/4\/2023\/03\/ATAQUES-RN.jpg","keywords":["ATAQUES","DEPREDA\u00c7\u00d5ES","NATAL","POL\u00cdCIA CIVIL","policia militar","RIO GRANDE DO NORTE"],"articleSection":["Pol\u00edcia"],"inLanguage":"pt-BR","potentialAction":[{"@type":"CommentAction","name":"Comment","target":["https:\/\/redenoticiaz.com.br\/ribeiraopreto-regiao\/sp\/2023\/03\/14\/rio-grande-do-norte-vive-caos-com-ataques-em-14-cidades#respond"]}]},{"@type":"WebPage","@id":"https:\/\/redenoticiaz.com.br\/ribeiraopreto-regiao\/sp\/2023\/03\/14\/rio-grande-do-norte-vive-caos-com-ataques-em-14-cidades","url":"https:\/\/redenoticiaz.com.br\/ribeiraopreto-regiao\/sp\/2023\/03\/14\/rio-grande-do-norte-vive-caos-com-ataques-em-14-cidades","name":"Rio Grande do Norte vive caos com ataques em 14 cidades - Ribeir\u00e3o Preto e Regi\u00e3o","isPartOf":{"@id":"https:\/\/redenoticiaz.com.br\/ribeiraopreto-regiao\/#website"},"primaryImageOfPage":{"@id":"https:\/\/redenoticiaz.com.br\/ribeiraopreto-regiao\/sp\/2023\/03\/14\/rio-grande-do-norte-vive-caos-com-ataques-em-14-cidades#primaryimage"},"image":{"@id":"https:\/\/redenoticiaz.com.br\/ribeiraopreto-regiao\/sp\/2023\/03\/14\/rio-grande-do-norte-vive-caos-com-ataques-em-14-cidades#primaryimage"},"thumbnailUrl":"https:\/\/redenoticiaz.com.br\/ribeiraopreto-regiao\/wp-content\/uploads\/sites\/4\/2023\/03\/ATAQUES-RN.jpg","datePublished":"2023-03-14T13:12:20+00:00","description":"Ter\u00e7a-feira (14) de caos no Rio Grande do Norte. Pelo menos 14 cidades do estado sofreram com uma onda de ataques a tiros e inc\u00eandios em","inLanguage":"pt-BR","potentialAction":[{"@type":"ReadAction","target":["https:\/\/redenoticiaz.com.br\/ribeiraopreto-regiao\/sp\/2023\/03\/14\/rio-grande-do-norte-vive-caos-com-ataques-em-14-cidades"]}]},{"@type":"ImageObject","inLanguage":"pt-BR","@id":"https:\/\/redenoticiaz.com.br\/ribeiraopreto-regiao\/sp\/2023\/03\/14\/rio-grande-do-norte-vive-caos-com-ataques-em-14-cidades#primaryimage","url":"https:\/\/redenoticiaz.com.br\/ribeiraopreto-regiao\/wp-content\/uploads\/sites\/4\/2023\/03\/ATAQUES-RN.jpg","contentUrl":"https:\/\/redenoticiaz.com.br\/ribeiraopreto-regiao\/wp-content\/uploads\/sites\/4\/2023\/03\/ATAQUES-RN.jpg","width":562,"height":474,"caption":"Cr\u00e9ditos: Reprodu\u00e7\u00e3o\/Redes Sociais"},{"@type":"WebSite","@id":"https:\/\/redenoticiaz.com.br\/ribeiraopreto-regiao\/#website","url":"https:\/\/redenoticiaz.com.br\/ribeiraopreto-regiao\/","name":"Ribeir\u00e3o Preto e Regi\u00e3o","description":"Rede NoticiaZ - Ribeir\u00e3o Preto e regi\u00e3o","publisher":{"@id":"https:\/\/redenoticiaz.com.br\/ribeiraopreto-regiao\/#organization"},"potentialAction":[{"@type":"SearchAction","target":{"@type":"EntryPoint","urlTemplate":"https:\/\/redenoticiaz.com.br\/ribeiraopreto-regiao\/?s={search_term_string}"},"query-input":{"@type":"PropertyValueSpecification","valueRequired":true,"valueName":"search_term_string"}}],"inLanguage":"pt-BR"},{"@type":"Organization","@id":"https:\/\/redenoticiaz.com.br\/ribeiraopreto-regiao\/#organization","name":"Ribeir\u00e3o Preto e Regi\u00e3o","url":"https:\/\/redenoticiaz.com.br\/ribeiraopreto-regiao\/","logo":{"@type":"ImageObject","inLanguage":"pt-BR","@id":"https:\/\/redenoticiaz.com.br\/ribeiraopreto-regiao\/#\/schema\/logo\/image\/","url":"https:\/\/redenoticiaz.com.br\/barretos-regiao\/wp-content\/uploads\/sites\/4\/2022\/02\/logo.jpg","contentUrl":"https:\/\/redenoticiaz.com.br\/barretos-regiao\/wp-content\/uploads\/sites\/4\/2022\/02\/logo.jpg","width":400,"height":250,"caption":"Ribeir\u00e3o Preto e Regi\u00e3o"},"image":{"@id":"https:\/\/redenoticiaz.com.br\/ribeiraopreto-regiao\/#\/schema\/logo\/image\/"},"sameAs":["https:\/\/m.facebook.com\/redenoticiaz.barretos","https:\/\/x.com\/RN_barretos","https:\/\/www.instagram.com\/redenoticiaz.barretos\/?igshid=YmMyMTA2M2Y","https:\/\/www.linkedin.com\/company\/rede-noticiaz-barretos-e-regio\/"]},{"@type":"Person","@id":"https:\/\/redenoticiaz.com.br\/ribeiraopreto-regiao\/#\/schema\/person\/0f0b8a5bdafefe82841e07ae8d81ecb3","name":"Leonardo Francisco","image":{"@type":"ImageObject","inLanguage":"pt-BR","@id":"https:\/\/secure.gravatar.com\/avatar\/a7358cb406a99b682ec6df1e77e31ae82e63601f6784e8a3df411d72b37864da?s=96&d=mm&r=g","url":"https:\/\/secure.gravatar.com\/avatar\/a7358cb406a99b682ec6df1e77e31ae82e63601f6784e8a3df411d72b37864da?s=96&d=mm&r=g","contentUrl":"https:\/\/secure.gravatar.com\/avatar\/a7358cb406a99b682ec6df1e77e31ae82e63601f6784e8a3df411d72b37864da?s=96&d=mm&r=g","caption":"Leonardo Francisco"},"url":"https:\/\/redenoticiaz.com.br\/ribeiraopreto-regiao\/sp\/author\/leonardo-francisco"}]}},"_links":{"self":[{"href":"https:\/\/redenoticiaz.com.br\/ribeiraopreto-regiao\/wp-json\/wp\/v2\/posts\/102015","targetHints":{"allow":["GET"]}}],"collection":[{"href":"https:\/\/redenoticiaz.com.br\/ribeiraopreto-regiao\/wp-json\/wp\/v2\/posts"}],"about":[{"href":"https:\/\/redenoticiaz.com.br\/ribeiraopreto-regiao\/wp-json\/wp\/v2\/types\/post"}],"author":[{"embeddable":true,"href":"https:\/\/redenoticiaz.com.br\/ribeiraopreto-regiao\/wp-json\/wp\/v2\/users\/6"}],"replies":[{"embeddable":true,"href":"https:\/\/redenoticiaz.com.br\/ribeiraopreto-regiao\/wp-json\/wp\/v2\/comments?post=102015"}],"version-history":[{"count":0,"href":"https:\/\/redenoticiaz.com.br\/ribeiraopreto-regiao\/wp-json\/wp\/v2\/posts\/102015\/revisions"}],"wp:featuredmedia":[{"embeddable":true,"href":"https:\/\/redenoticiaz.com.br\/ribeiraopreto-regiao\/wp-json\/wp\/v2\/media\/102016"}],"wp:attachment":[{"href":"https:\/\/redenoticiaz.com.br\/ribeiraopreto-regiao\/wp-json\/wp\/v2\/media?parent=102015"}],"wp:term":[{"taxonomy":"category","embeddable":true,"href":"https:\/\/redenoticiaz.com.br\/ribeiraopreto-regiao\/wp-json\/wp\/v2\/categories?post=102015"},{"taxonomy":"post_tag","embeddable":true,"href":"https:\/\/redenoticiaz.com.br\/ribeiraopreto-regiao\/wp-json\/wp\/v2\/tags?post=102015"}],"curies":[{"name":"wp","href":"https:\/\/api.w.org\/{rel}","templated":true}]}}