{"id":102119,"date":"2023-03-15T17:14:35","date_gmt":"2023-03-15T20:14:35","guid":{"rendered":"https:\/\/redenoticiaz.com.br\/barretos-regiao\/?p=102119"},"modified":"2023-03-15T17:14:35","modified_gmt":"2023-03-15T20:14:35","slug":"chuvas-interrompem-cronograma-de-obras-da-prefeitura","status":"publish","type":"post","link":"https:\/\/redenoticiaz.com.br\/ribeiraopreto-regiao\/sp\/2023\/03\/15\/chuvas-interrompem-cronograma-de-obras-da-prefeitura","title":{"rendered":"Chuvas interrompem cronograma de obras da prefeitura"},"content":{"rendered":"<div>O mau tempo e as chuvas recorrentes nos \u00faltimos dias t\u00eam provocado atrasos no cronograma de obras da prefeitura da Est\u00e2ncia Tur\u00edstica de Barretos. A informa\u00e7\u00e3o \u00e9 da Secretaria Municipal de Obras e Servi\u00e7os Urbano.<\/div>\n<div><\/div>\n<div><\/div>\n<div>Segundo o secret\u00e1rio de Obras, Raul Paganelli, servi\u00e7os como recapes, tapa-buracos, constru\u00e7\u00e3o de cal\u00e7adas e o alargamento da Avenida 7 precisaram ser interrompidos. &#8220;As chuvas que ocorreram por esses dias, apesar de acontecerem em um curto per\u00edodo de tempo foram fortes, comprometendo a continuidade dos servi\u00e7os.<\/div>\n<div><\/div>\n<div><\/div>\n<div>Entendemos a import\u00e2ncia dessas obras para a cidade, para os moradores e queremos que sejam conclu\u00eddas o quanto antes. Mas, por quest\u00f5es t\u00e9cnicas n\u00e3o \u00e9 poss\u00edvel execut\u00e1-las com o solo \u00famido, fato que compromete a qualidade do trabalho&#8221;, explicou.<\/div>\n<div><\/div>\n<div><\/div>\n<div>Paganelli destacou que o cronograma de servi\u00e7os ser\u00e1 retomado assim que houver uma melhora das condi\u00e7\u00f5es clim\u00e1ticas. &#8220;\u00c9 necess\u00e1rio evitar preju\u00edzos nas obras, por isso os servi\u00e7os ser\u00e3o retomados a medida que as condi\u00e7\u00f5es clim\u00e1ticas forem favor\u00e1veis&#8221;.<\/div>\n<div><\/div>\n<div><\/div>\n<h3><b>A\u00e7\u00f5es emergenciais<\/b><\/h3>\n<div><\/div>\n<div>Em decorr\u00eancia dos estragos que as fortes chuvas est\u00e3o causando em Barretos, como quedas de \u00e1rvores e trechos de alagamentos, as equipes de obras, juntamente com a Defesa Civil, est\u00e3o empenhadas em a\u00e7\u00f5es emergenciais.<\/div>\n","protected":false},"excerpt":{"rendered":"<p>O mau tempo e as chuvas recorrentes nos \u00faltimos dias t\u00eam provocado atrasos no cronograma de obras da prefeitura da Est\u00e2ncia Tur\u00edstica de Barretos. A informa\u00e7\u00e3o \u00e9 da Secretaria Municipal de Obras e Servi\u00e7os Urbano. Segundo o secret\u00e1rio de Obras, Raul Paganelli, servi\u00e7os como recapes, tapa-buracos, constru\u00e7\u00e3o de cal\u00e7adas e o alargamento da Avenida 7 &hellip;<\/p>\n","protected":false},"author":15,"featured_media":102121,"comment_status":"open","ping_status":"closed","sticky":false,"template":"","format":"standard","meta":{"footnotes":""},"categories":[2920],"tags":[20691,25681,3121,1911,24170],"class_list":["post-102119","post","type-post","status-publish","format-standard","has-post-thumbnail","hentry","category-obras","tag-chuvas-fortes","tag-interrompem","tag-obras","tag-recapeamento","tag-tapa-buraco"],"yoast_head":"<!-- This site is optimized with the Yoast SEO plugin v27.4 - https:\/\/yoast.com\/product\/yoast-seo-wordpress\/ -->\n<title>Chuvas interrompem cronograma de obras da prefeitura - Ribeir\u00e3o Preto e Regi\u00e3o<\/title>\n<meta name=\"description\" content=\"O mau tempo e as chuvas recorrentes nos \u00faltimos dias t\u00eam provocado atrasos no cronograma de obras da prefeitura de Barretos.\" \/>\n<meta name=\"robots\" content=\"index, follow, max-snippet:-1, max-image-preview:large, max-video-preview:-1\" \/>\n<link rel=\"canonical\" href=\"https:\/\/redenoticiaz.com.br\/ribeiraopreto-regiao\/sp\/2023\/03\/15\/chuvas-interrompem-cronograma-de-obras-da-prefeitura\" \/>\n<meta property=\"og:locale\" content=\"pt_BR\" \/>\n<meta property=\"og:type\" content=\"article\" \/>\n<meta property=\"og:title\" content=\"Chuvas interrompem cronograma de obras da prefeitura - Ribeir\u00e3o Preto e Regi\u00e3o\" \/>\n<meta property=\"og:description\" content=\"O mau tempo e as chuvas recorrentes nos \u00faltimos dias t\u00eam provocado atrasos no cronograma de obras da prefeitura de Barretos.\" \/>\n<meta property=\"og:url\" content=\"https:\/\/redenoticiaz.com.br\/ribeiraopreto-regiao\/sp\/2023\/03\/15\/chuvas-interrompem-cronograma-de-obras-da-prefeitura\" \/>\n<meta property=\"og:site_name\" content=\"Ribeir\u00e3o Preto e Regi\u00e3o\" \/>\n<meta property=\"article:publisher\" content=\"https:\/\/m.facebook.com\/redenoticiaz.barretos\" \/>\n<meta property=\"article:published_time\" content=\"2023-03-15T20:14:35+00:00\" \/>\n<meta property=\"og:image\" content=\"https:\/\/redenoticiaz.com.br\/ribeiraopreto-regiao\/wp-content\/uploads\/sites\/4\/2023\/03\/7e7757b1e12abcb736ab9a754ffb617a-1.jpeg\" \/>\n\t<meta property=\"og:image:width\" content=\"1280\" \/>\n\t<meta property=\"og:image:height\" content=\"852\" \/>\n\t<meta property=\"og:image:type\" content=\"image\/jpeg\" \/>\n<meta name=\"twitter:card\" content=\"summary_large_image\" \/>\n<meta name=\"twitter:creator\" content=\"@RN_barretos\" \/>\n<meta name=\"twitter:site\" content=\"@RN_barretos\" \/>\n<meta name=\"twitter:label1\" content=\"Escrito por\" \/>\n\t<meta name=\"twitter:data1\" content=\"\" \/>\n\t<meta name=\"twitter:label2\" content=\"Est. tempo de leitura\" \/>\n\t<meta name=\"twitter:data2\" content=\"2 minutos\" \/>\n<script type=\"application\/ld+json\" class=\"yoast-schema-graph\">{\"@context\":\"https:\\\/\\\/schema.org\",\"@graph\":[{\"@type\":\"Article\",\"@id\":\"https:\\\/\\\/redenoticiaz.com.br\\\/ribeiraopreto-regiao\\\/sp\\\/2023\\\/03\\\/15\\\/chuvas-interrompem-cronograma-de-obras-da-prefeitura#article\",\"isPartOf\":{\"@id\":\"https:\\\/\\\/redenoticiaz.com.br\\\/ribeiraopreto-regiao\\\/sp\\\/2023\\\/03\\\/15\\\/chuvas-interrompem-cronograma-de-obras-da-prefeitura\"},\"author\":{\"name\":\"\",\"@id\":\"\"},\"headline\":\"Chuvas interrompem cronograma de obras da prefeitura\",\"datePublished\":\"2023-03-15T20:14:35+00:00\",\"mainEntityOfPage\":{\"@id\":\"https:\\\/\\\/redenoticiaz.com.br\\\/ribeiraopreto-regiao\\\/sp\\\/2023\\\/03\\\/15\\\/chuvas-interrompem-cronograma-de-obras-da-prefeitura\"},\"wordCount\":229,\"commentCount\":0,\"publisher\":{\"@id\":\"https:\\\/\\\/redenoticiaz.com.br\\\/ribeiraopreto-regiao\\\/#organization\"},\"image\":{\"@id\":\"https:\\\/\\\/redenoticiaz.com.br\\\/ribeiraopreto-regiao\\\/sp\\\/2023\\\/03\\\/15\\\/chuvas-interrompem-cronograma-de-obras-da-prefeitura#primaryimage\"},\"thumbnailUrl\":\"https:\\\/\\\/redenoticiaz.com.br\\\/ribeiraopreto-regiao\\\/wp-content\\\/uploads\\\/sites\\\/4\\\/2023\\\/03\\\/7e7757b1e12abcb736ab9a754ffb617a-1.jpeg\",\"keywords\":[\"CHUVAS FORTES\",\"interrompem\",\"obras\",\"RECAPEAMENTO\",\"TAPA-BURACO\"],\"articleSection\":[\"Obras\"],\"inLanguage\":\"pt-BR\",\"potentialAction\":[{\"@type\":\"CommentAction\",\"name\":\"Comment\",\"target\":[\"https:\\\/\\\/redenoticiaz.com.br\\\/ribeiraopreto-regiao\\\/sp\\\/2023\\\/03\\\/15\\\/chuvas-interrompem-cronograma-de-obras-da-prefeitura#respond\"]}]},{\"@type\":\"WebPage\",\"@id\":\"https:\\\/\\\/redenoticiaz.com.br\\\/ribeiraopreto-regiao\\\/sp\\\/2023\\\/03\\\/15\\\/chuvas-interrompem-cronograma-de-obras-da-prefeitura\",\"url\":\"https:\\\/\\\/redenoticiaz.com.br\\\/ribeiraopreto-regiao\\\/sp\\\/2023\\\/03\\\/15\\\/chuvas-interrompem-cronograma-de-obras-da-prefeitura\",\"name\":\"Chuvas interrompem cronograma de obras da prefeitura - Ribeir\u00e3o Preto e Regi\u00e3o\",\"isPartOf\":{\"@id\":\"https:\\\/\\\/redenoticiaz.com.br\\\/ribeiraopreto-regiao\\\/#website\"},\"primaryImageOfPage\":{\"@id\":\"https:\\\/\\\/redenoticiaz.com.br\\\/ribeiraopreto-regiao\\\/sp\\\/2023\\\/03\\\/15\\\/chuvas-interrompem-cronograma-de-obras-da-prefeitura#primaryimage\"},\"image\":{\"@id\":\"https:\\\/\\\/redenoticiaz.com.br\\\/ribeiraopreto-regiao\\\/sp\\\/2023\\\/03\\\/15\\\/chuvas-interrompem-cronograma-de-obras-da-prefeitura#primaryimage\"},\"thumbnailUrl\":\"https:\\\/\\\/redenoticiaz.com.br\\\/ribeiraopreto-regiao\\\/wp-content\\\/uploads\\\/sites\\\/4\\\/2023\\\/03\\\/7e7757b1e12abcb736ab9a754ffb617a-1.jpeg\",\"datePublished\":\"2023-03-15T20:14:35+00:00\",\"description\":\"O mau tempo e as chuvas recorrentes nos \u00faltimos dias t\u00eam provocado atrasos no cronograma de obras da prefeitura de Barretos.\",\"inLanguage\":\"pt-BR\",\"potentialAction\":[{\"@type\":\"ReadAction\",\"target\":[\"https:\\\/\\\/redenoticiaz.com.br\\\/ribeiraopreto-regiao\\\/sp\\\/2023\\\/03\\\/15\\\/chuvas-interrompem-cronograma-de-obras-da-prefeitura\"]}]},{\"@type\":\"ImageObject\",\"inLanguage\":\"pt-BR\",\"@id\":\"https:\\\/\\\/redenoticiaz.com.br\\\/ribeiraopreto-regiao\\\/sp\\\/2023\\\/03\\\/15\\\/chuvas-interrompem-cronograma-de-obras-da-prefeitura#primaryimage\",\"url\":\"https:\\\/\\\/redenoticiaz.com.br\\\/ribeiraopreto-regiao\\\/wp-content\\\/uploads\\\/sites\\\/4\\\/2023\\\/03\\\/7e7757b1e12abcb736ab9a754ffb617a-1.jpeg\",\"contentUrl\":\"https:\\\/\\\/redenoticiaz.com.br\\\/ribeiraopreto-regiao\\\/wp-content\\\/uploads\\\/sites\\\/4\\\/2023\\\/03\\\/7e7757b1e12abcb736ab9a754ffb617a-1.jpeg\",\"width\":1280,\"height\":852,\"caption\":\"Cr\u00e9dito: Divulga\u00e7\u00e3o\"},{\"@type\":\"WebSite\",\"@id\":\"https:\\\/\\\/redenoticiaz.com.br\\\/ribeiraopreto-regiao\\\/#website\",\"url\":\"https:\\\/\\\/redenoticiaz.com.br\\\/ribeiraopreto-regiao\\\/\",\"name\":\"Ribeir\u00e3o Preto e Regi\u00e3o\",\"description\":\"Rede NoticiaZ - Ribeir\u00e3o Preto e regi\u00e3o\",\"publisher\":{\"@id\":\"https:\\\/\\\/redenoticiaz.com.br\\\/ribeiraopreto-regiao\\\/#organization\"},\"potentialAction\":[{\"@type\":\"SearchAction\",\"target\":{\"@type\":\"EntryPoint\",\"urlTemplate\":\"https:\\\/\\\/redenoticiaz.com.br\\\/ribeiraopreto-regiao\\\/?s={search_term_string}\"},\"query-input\":{\"@type\":\"PropertyValueSpecification\",\"valueRequired\":true,\"valueName\":\"search_term_string\"}}],\"inLanguage\":\"pt-BR\"},{\"@type\":\"Organization\",\"@id\":\"https:\\\/\\\/redenoticiaz.com.br\\\/ribeiraopreto-regiao\\\/#organization\",\"name\":\"Ribeir\u00e3o Preto e Regi\u00e3o\",\"url\":\"https:\\\/\\\/redenoticiaz.com.br\\\/ribeiraopreto-regiao\\\/\",\"logo\":{\"@type\":\"ImageObject\",\"inLanguage\":\"pt-BR\",\"@id\":\"https:\\\/\\\/redenoticiaz.com.br\\\/ribeiraopreto-regiao\\\/#\\\/schema\\\/logo\\\/image\\\/\",\"url\":\"https:\\\/\\\/redenoticiaz.com.br\\\/barretos-regiao\\\/wp-content\\\/uploads\\\/sites\\\/4\\\/2022\\\/02\\\/logo.jpg\",\"contentUrl\":\"https:\\\/\\\/redenoticiaz.com.br\\\/barretos-regiao\\\/wp-content\\\/uploads\\\/sites\\\/4\\\/2022\\\/02\\\/logo.jpg\",\"width\":400,\"height\":250,\"caption\":\"Ribeir\u00e3o Preto e Regi\u00e3o\"},\"image\":{\"@id\":\"https:\\\/\\\/redenoticiaz.com.br\\\/ribeiraopreto-regiao\\\/#\\\/schema\\\/logo\\\/image\\\/\"},\"sameAs\":[\"https:\\\/\\\/m.facebook.com\\\/redenoticiaz.barretos\",\"https:\\\/\\\/x.com\\\/RN_barretos\",\"https:\\\/\\\/www.instagram.com\\\/redenoticiaz.barretos\\\/?igshid=YmMyMTA2M2Y\",\"https:\\\/\\\/www.linkedin.com\\\/company\\\/rede-noticiaz-barretos-e-regio\\\/\"]},{\"@type\":\"Person\",\"@id\":\"\",\"url\":\"https:\\\/\\\/redenoticiaz.com.br\\\/ribeiraopreto-regiao\\\/sp\\\/author\"}]}<\/script>\n<!-- \/ Yoast SEO plugin. -->","yoast_head_json":{"title":"Chuvas interrompem cronograma de obras da prefeitura - Ribeir\u00e3o Preto e Regi\u00e3o","description":"O mau tempo e as chuvas recorrentes nos \u00faltimos dias t\u00eam provocado atrasos no cronograma de obras da prefeitura de Barretos.","robots":{"index":"index","follow":"follow","max-snippet":"max-snippet:-1","max-image-preview":"max-image-preview:large","max-video-preview":"max-video-preview:-1"},"canonical":"https:\/\/redenoticiaz.com.br\/ribeiraopreto-regiao\/sp\/2023\/03\/15\/chuvas-interrompem-cronograma-de-obras-da-prefeitura","og_locale":"pt_BR","og_type":"article","og_title":"Chuvas interrompem cronograma de obras da prefeitura - Ribeir\u00e3o Preto e Regi\u00e3o","og_description":"O mau tempo e as chuvas recorrentes nos \u00faltimos dias t\u00eam provocado atrasos no cronograma de obras da prefeitura de Barretos.","og_url":"https:\/\/redenoticiaz.com.br\/ribeiraopreto-regiao\/sp\/2023\/03\/15\/chuvas-interrompem-cronograma-de-obras-da-prefeitura","og_site_name":"Ribeir\u00e3o Preto e Regi\u00e3o","article_publisher":"https:\/\/m.facebook.com\/redenoticiaz.barretos","article_published_time":"2023-03-15T20:14:35+00:00","og_image":[{"width":1280,"height":852,"url":"https:\/\/redenoticiaz.com.br\/ribeiraopreto-regiao\/wp-content\/uploads\/sites\/4\/2023\/03\/7e7757b1e12abcb736ab9a754ffb617a-1.jpeg","type":"image\/jpeg"}],"twitter_card":"summary_large_image","twitter_creator":"@RN_barretos","twitter_site":"@RN_barretos","twitter_misc":{"Escrito por":"","Est. tempo de leitura":"2 minutos"},"schema":{"@context":"https:\/\/schema.org","@graph":[{"@type":"Article","@id":"https:\/\/redenoticiaz.com.br\/ribeiraopreto-regiao\/sp\/2023\/03\/15\/chuvas-interrompem-cronograma-de-obras-da-prefeitura#article","isPartOf":{"@id":"https:\/\/redenoticiaz.com.br\/ribeiraopreto-regiao\/sp\/2023\/03\/15\/chuvas-interrompem-cronograma-de-obras-da-prefeitura"},"author":{"name":"","@id":""},"headline":"Chuvas interrompem cronograma de obras da prefeitura","datePublished":"2023-03-15T20:14:35+00:00","mainEntityOfPage":{"@id":"https:\/\/redenoticiaz.com.br\/ribeiraopreto-regiao\/sp\/2023\/03\/15\/chuvas-interrompem-cronograma-de-obras-da-prefeitura"},"wordCount":229,"commentCount":0,"publisher":{"@id":"https:\/\/redenoticiaz.com.br\/ribeiraopreto-regiao\/#organization"},"image":{"@id":"https:\/\/redenoticiaz.com.br\/ribeiraopreto-regiao\/sp\/2023\/03\/15\/chuvas-interrompem-cronograma-de-obras-da-prefeitura#primaryimage"},"thumbnailUrl":"https:\/\/redenoticiaz.com.br\/ribeiraopreto-regiao\/wp-content\/uploads\/sites\/4\/2023\/03\/7e7757b1e12abcb736ab9a754ffb617a-1.jpeg","keywords":["CHUVAS FORTES","interrompem","obras","RECAPEAMENTO","TAPA-BURACO"],"articleSection":["Obras"],"inLanguage":"pt-BR","potentialAction":[{"@type":"CommentAction","name":"Comment","target":["https:\/\/redenoticiaz.com.br\/ribeiraopreto-regiao\/sp\/2023\/03\/15\/chuvas-interrompem-cronograma-de-obras-da-prefeitura#respond"]}]},{"@type":"WebPage","@id":"https:\/\/redenoticiaz.com.br\/ribeiraopreto-regiao\/sp\/2023\/03\/15\/chuvas-interrompem-cronograma-de-obras-da-prefeitura","url":"https:\/\/redenoticiaz.com.br\/ribeiraopreto-regiao\/sp\/2023\/03\/15\/chuvas-interrompem-cronograma-de-obras-da-prefeitura","name":"Chuvas interrompem cronograma de obras da prefeitura - Ribeir\u00e3o Preto e Regi\u00e3o","isPartOf":{"@id":"https:\/\/redenoticiaz.com.br\/ribeiraopreto-regiao\/#website"},"primaryImageOfPage":{"@id":"https:\/\/redenoticiaz.com.br\/ribeiraopreto-regiao\/sp\/2023\/03\/15\/chuvas-interrompem-cronograma-de-obras-da-prefeitura#primaryimage"},"image":{"@id":"https:\/\/redenoticiaz.com.br\/ribeiraopreto-regiao\/sp\/2023\/03\/15\/chuvas-interrompem-cronograma-de-obras-da-prefeitura#primaryimage"},"thumbnailUrl":"https:\/\/redenoticiaz.com.br\/ribeiraopreto-regiao\/wp-content\/uploads\/sites\/4\/2023\/03\/7e7757b1e12abcb736ab9a754ffb617a-1.jpeg","datePublished":"2023-03-15T20:14:35+00:00","description":"O mau tempo e as chuvas recorrentes nos \u00faltimos dias t\u00eam provocado atrasos no cronograma de obras da prefeitura de Barretos.","inLanguage":"pt-BR","potentialAction":[{"@type":"ReadAction","target":["https:\/\/redenoticiaz.com.br\/ribeiraopreto-regiao\/sp\/2023\/03\/15\/chuvas-interrompem-cronograma-de-obras-da-prefeitura"]}]},{"@type":"ImageObject","inLanguage":"pt-BR","@id":"https:\/\/redenoticiaz.com.br\/ribeiraopreto-regiao\/sp\/2023\/03\/15\/chuvas-interrompem-cronograma-de-obras-da-prefeitura#primaryimage","url":"https:\/\/redenoticiaz.com.br\/ribeiraopreto-regiao\/wp-content\/uploads\/sites\/4\/2023\/03\/7e7757b1e12abcb736ab9a754ffb617a-1.jpeg","contentUrl":"https:\/\/redenoticiaz.com.br\/ribeiraopreto-regiao\/wp-content\/uploads\/sites\/4\/2023\/03\/7e7757b1e12abcb736ab9a754ffb617a-1.jpeg","width":1280,"height":852,"caption":"Cr\u00e9dito: Divulga\u00e7\u00e3o"},{"@type":"WebSite","@id":"https:\/\/redenoticiaz.com.br\/ribeiraopreto-regiao\/#website","url":"https:\/\/redenoticiaz.com.br\/ribeiraopreto-regiao\/","name":"Ribeir\u00e3o Preto e Regi\u00e3o","description":"Rede NoticiaZ - Ribeir\u00e3o Preto e regi\u00e3o","publisher":{"@id":"https:\/\/redenoticiaz.com.br\/ribeiraopreto-regiao\/#organization"},"potentialAction":[{"@type":"SearchAction","target":{"@type":"EntryPoint","urlTemplate":"https:\/\/redenoticiaz.com.br\/ribeiraopreto-regiao\/?s={search_term_string}"},"query-input":{"@type":"PropertyValueSpecification","valueRequired":true,"valueName":"search_term_string"}}],"inLanguage":"pt-BR"},{"@type":"Organization","@id":"https:\/\/redenoticiaz.com.br\/ribeiraopreto-regiao\/#organization","name":"Ribeir\u00e3o Preto e Regi\u00e3o","url":"https:\/\/redenoticiaz.com.br\/ribeiraopreto-regiao\/","logo":{"@type":"ImageObject","inLanguage":"pt-BR","@id":"https:\/\/redenoticiaz.com.br\/ribeiraopreto-regiao\/#\/schema\/logo\/image\/","url":"https:\/\/redenoticiaz.com.br\/barretos-regiao\/wp-content\/uploads\/sites\/4\/2022\/02\/logo.jpg","contentUrl":"https:\/\/redenoticiaz.com.br\/barretos-regiao\/wp-content\/uploads\/sites\/4\/2022\/02\/logo.jpg","width":400,"height":250,"caption":"Ribeir\u00e3o Preto e Regi\u00e3o"},"image":{"@id":"https:\/\/redenoticiaz.com.br\/ribeiraopreto-regiao\/#\/schema\/logo\/image\/"},"sameAs":["https:\/\/m.facebook.com\/redenoticiaz.barretos","https:\/\/x.com\/RN_barretos","https:\/\/www.instagram.com\/redenoticiaz.barretos\/?igshid=YmMyMTA2M2Y","https:\/\/www.linkedin.com\/company\/rede-noticiaz-barretos-e-regio\/"]},{"@type":"Person","@id":"","url":"https:\/\/redenoticiaz.com.br\/ribeiraopreto-regiao\/sp\/author"}]}},"_links":{"self":[{"href":"https:\/\/redenoticiaz.com.br\/ribeiraopreto-regiao\/wp-json\/wp\/v2\/posts\/102119","targetHints":{"allow":["GET"]}}],"collection":[{"href":"https:\/\/redenoticiaz.com.br\/ribeiraopreto-regiao\/wp-json\/wp\/v2\/posts"}],"about":[{"href":"https:\/\/redenoticiaz.com.br\/ribeiraopreto-regiao\/wp-json\/wp\/v2\/types\/post"}],"author":[{"embeddable":true,"href":"https:\/\/redenoticiaz.com.br\/ribeiraopreto-regiao\/wp-json\/wp\/v2\/users\/15"}],"replies":[{"embeddable":true,"href":"https:\/\/redenoticiaz.com.br\/ribeiraopreto-regiao\/wp-json\/wp\/v2\/comments?post=102119"}],"version-history":[{"count":1,"href":"https:\/\/redenoticiaz.com.br\/ribeiraopreto-regiao\/wp-json\/wp\/v2\/posts\/102119\/revisions"}],"predecessor-version":[{"id":102122,"href":"https:\/\/redenoticiaz.com.br\/ribeiraopreto-regiao\/wp-json\/wp\/v2\/posts\/102119\/revisions\/102122"}],"wp:featuredmedia":[{"embeddable":true,"href":"https:\/\/redenoticiaz.com.br\/ribeiraopreto-regiao\/wp-json\/wp\/v2\/media\/102121"}],"wp:attachment":[{"href":"https:\/\/redenoticiaz.com.br\/ribeiraopreto-regiao\/wp-json\/wp\/v2\/media?parent=102119"}],"wp:term":[{"taxonomy":"category","embeddable":true,"href":"https:\/\/redenoticiaz.com.br\/ribeiraopreto-regiao\/wp-json\/wp\/v2\/categories?post=102119"},{"taxonomy":"post_tag","embeddable":true,"href":"https:\/\/redenoticiaz.com.br\/ribeiraopreto-regiao\/wp-json\/wp\/v2\/tags?post=102119"}],"curies":[{"name":"wp","href":"https:\/\/api.w.org\/{rel}","templated":true}]}}