{"id":1022,"date":"2022-03-17T14:02:09","date_gmt":"2022-03-17T17:02:09","guid":{"rendered":"https:\/\/redenoticiaz.com.br\/barretos-regiao\/?p=1022"},"modified":"2022-03-17T14:06:51","modified_gmt":"2022-03-17T17:06:51","slug":"destaque-no-skate-barretense-fica-em-6-lugar-no-campeonato","status":"publish","type":"post","link":"https:\/\/redenoticiaz.com.br\/ribeiraopreto-regiao\/sp\/2022\/03\/17\/destaque-no-skate-barretense-fica-em-6-lugar-no-campeonato","title":{"rendered":"Destaque no skate barretense fica em 6\u00b0 lugar no Campeonato"},"content":{"rendered":"<p>O skatista barretense Jo\u00e3o Ricardo Carregari de 25 anos. Foi o sexto colocado na categoria amador, modalidade street, do 8\u00b0 Campeonato de Skate que aconteceu em Barrinha\/SP. No entanto, o evento realizado no domingo, 13\/3, contou com a participa\u00e7\u00e3o de 50 skatistas.<\/p>\n<p>O skatista ainda declarou, com o esporte sendo ol\u00edmpico, a tend\u00eancia \u00e9 ter um crescimento crescente do esporte, j\u00e1 que ao longo dos \u00faltimos anos, sempre sofreu muito preconceito. \u201c<em>Eu pratico o esporte h\u00e1 11 anos e sempre percebemos esse preconceito. Acredito que agora o esporte vai crescer muito<\/em>\u201d, afirmou.<\/p>\n<p>Por fim,\u00a0 Jo\u00e3o Ricardo destaca, que em Barretos, existem 150 praticantes do esporte e segundo ele, para que o esporte cres\u00e7a ainda mais na cidade, \u00e9 necess\u00e1rio a recupera\u00e7\u00e3o da pista da Regi\u00e3o dos Lagos. <em>\u201cEstamos fazendo esse pedido desde o ano passado. A pista est\u00e1 com muitos buracos e est\u00e1 com as cantoneiras danificadas\u201d,<\/em> explicou.<\/p>\n<p>O atleta tem apoio da <a href=\"https:\/\/barretos.sp.gov.br\/noticia\/13190\/prefeitura-divulga-locais-e-horarios-de-atividades-esportivas-em-barretos\">Secretaria de Esportes e Lazer de Barretos<\/a>.<\/p>\n<p>LEIA TAMB\u00c9M:\u00a0<a href=\"https:\/\/redenoticiaz.com.br\/barretos-regiao\/sp\/2022\/03\/11\/disputas-esportivas-marcaram-abertura-dos-jogos-de-verao-de-olimpia\">Disputas esportivas marcaram abertura dos Jogos de Ver\u00e3o de Ol\u00edmpia<\/a><\/p>\n","protected":false},"excerpt":{"rendered":"<p>O skatista barretense Jo\u00e3o Ricardo Carregari de 25 anos. Foi o sexto colocado na categoria amador, modalidade street, do 8\u00b0 Campeonato de Skate que aconteceu em Barrinha\/SP. No entanto, o evento realizado no domingo, 13\/3, contou com a participa\u00e7\u00e3o de 50 skatistas. O skatista ainda declarou, com o esporte sendo ol\u00edmpico, a tend\u00eancia \u00e9 ter &hellip;<\/p>\n","protected":false},"author":15,"featured_media":1023,"comment_status":"open","ping_status":"closed","sticky":false,"template":"","format":"standard","meta":{"footnotes":""},"categories":[87],"tags":[3783,64,3784,3782],"class_list":["post-1022","post","type-post","status-publish","format-standard","has-post-thumbnail","hentry","category-esporte","tag-atleta","tag-barretos","tag-secretaria-de-esporte","tag-skate"],"yoast_head":"<!-- This site is optimized with the Yoast SEO plugin v27.4 - https:\/\/yoast.com\/product\/yoast-seo-wordpress\/ -->\n<title>Destaque no skate barretense fica em 6\u00b0 lugar no Campeonato - Ribeir\u00e3o Preto e Regi\u00e3o<\/title>\n<meta name=\"description\" content=\"Jo\u00e3o Ricardo Carregari de 25 anos. Foi o sexto colocado na categoria amador, modalidade street, do 8\u00b0 Campeonato de Skate que aconteceu em Barrinha\/SP.\" \/>\n<meta name=\"robots\" content=\"index, follow, max-snippet:-1, max-image-preview:large, max-video-preview:-1\" \/>\n<link rel=\"canonical\" href=\"https:\/\/redenoticiaz.com.br\/ribeiraopreto-regiao\/sp\/2022\/03\/17\/destaque-no-skate-barretense-fica-em-6-lugar-no-campeonato\" \/>\n<meta property=\"og:locale\" content=\"pt_BR\" \/>\n<meta property=\"og:type\" content=\"article\" \/>\n<meta property=\"og:title\" content=\"Destaque no skate barretense fica em 6\u00b0 lugar no Campeonato - Ribeir\u00e3o Preto e Regi\u00e3o\" \/>\n<meta property=\"og:description\" content=\"Jo\u00e3o Ricardo Carregari de 25 anos. Foi o sexto colocado na categoria amador, modalidade street, do 8\u00b0 Campeonato de Skate que aconteceu em Barrinha\/SP.\" \/>\n<meta property=\"og:url\" content=\"https:\/\/redenoticiaz.com.br\/ribeiraopreto-regiao\/sp\/2022\/03\/17\/destaque-no-skate-barretense-fica-em-6-lugar-no-campeonato\" \/>\n<meta property=\"og:site_name\" content=\"Ribeir\u00e3o Preto e Regi\u00e3o\" \/>\n<meta property=\"article:publisher\" content=\"https:\/\/m.facebook.com\/redenoticiaz.barretos\" \/>\n<meta property=\"article:published_time\" content=\"2022-03-17T17:02:09+00:00\" \/>\n<meta property=\"article:modified_time\" content=\"2022-03-17T17:06:51+00:00\" \/>\n<meta property=\"og:image\" content=\"https:\/\/redenoticiaz.com.br\/ribeiraopreto-regiao\/wp-content\/uploads\/sites\/4\/2022\/03\/skate.jpeg\" \/>\n\t<meta property=\"og:image:width\" content=\"640\" \/>\n\t<meta property=\"og:image:height\" content=\"960\" \/>\n\t<meta property=\"og:image:type\" content=\"image\/jpeg\" \/>\n<meta name=\"twitter:card\" content=\"summary_large_image\" \/>\n<meta name=\"twitter:creator\" content=\"@RN_barretos\" \/>\n<meta name=\"twitter:site\" content=\"@RN_barretos\" \/>\n<meta name=\"twitter:label1\" content=\"Escrito por\" \/>\n\t<meta name=\"twitter:data1\" content=\"\" \/>\n\t<meta name=\"twitter:label2\" content=\"Est. tempo de leitura\" \/>\n\t<meta name=\"twitter:data2\" content=\"1 minuto\" \/>\n<script type=\"application\/ld+json\" class=\"yoast-schema-graph\">{\"@context\":\"https:\\\/\\\/schema.org\",\"@graph\":[{\"@type\":\"Article\",\"@id\":\"https:\\\/\\\/redenoticiaz.com.br\\\/ribeiraopreto-regiao\\\/sp\\\/2022\\\/03\\\/17\\\/destaque-no-skate-barretense-fica-em-6-lugar-no-campeonato#article\",\"isPartOf\":{\"@id\":\"https:\\\/\\\/redenoticiaz.com.br\\\/ribeiraopreto-regiao\\\/sp\\\/2022\\\/03\\\/17\\\/destaque-no-skate-barretense-fica-em-6-lugar-no-campeonato\"},\"author\":{\"name\":\"\",\"@id\":\"\"},\"headline\":\"Destaque no skate barretense fica em 6\u00b0 lugar no Campeonato\",\"datePublished\":\"2022-03-17T17:02:09+00:00\",\"dateModified\":\"2022-03-17T17:06:51+00:00\",\"mainEntityOfPage\":{\"@id\":\"https:\\\/\\\/redenoticiaz.com.br\\\/ribeiraopreto-regiao\\\/sp\\\/2022\\\/03\\\/17\\\/destaque-no-skate-barretense-fica-em-6-lugar-no-campeonato\"},\"wordCount\":186,\"commentCount\":0,\"publisher\":{\"@id\":\"https:\\\/\\\/redenoticiaz.com.br\\\/ribeiraopreto-regiao\\\/#organization\"},\"image\":{\"@id\":\"https:\\\/\\\/redenoticiaz.com.br\\\/ribeiraopreto-regiao\\\/sp\\\/2022\\\/03\\\/17\\\/destaque-no-skate-barretense-fica-em-6-lugar-no-campeonato#primaryimage\"},\"thumbnailUrl\":\"https:\\\/\\\/redenoticiaz.com.br\\\/ribeiraopreto-regiao\\\/wp-content\\\/uploads\\\/sites\\\/4\\\/2022\\\/03\\\/skate.jpeg\",\"keywords\":[\"ATLETA\",\"BARRETOS\",\"SECRETARIA DE ESPORTE\",\"SKATE\"],\"articleSection\":[\"Esporte\"],\"inLanguage\":\"pt-BR\",\"potentialAction\":[{\"@type\":\"CommentAction\",\"name\":\"Comment\",\"target\":[\"https:\\\/\\\/redenoticiaz.com.br\\\/ribeiraopreto-regiao\\\/sp\\\/2022\\\/03\\\/17\\\/destaque-no-skate-barretense-fica-em-6-lugar-no-campeonato#respond\"]}]},{\"@type\":\"WebPage\",\"@id\":\"https:\\\/\\\/redenoticiaz.com.br\\\/ribeiraopreto-regiao\\\/sp\\\/2022\\\/03\\\/17\\\/destaque-no-skate-barretense-fica-em-6-lugar-no-campeonato\",\"url\":\"https:\\\/\\\/redenoticiaz.com.br\\\/ribeiraopreto-regiao\\\/sp\\\/2022\\\/03\\\/17\\\/destaque-no-skate-barretense-fica-em-6-lugar-no-campeonato\",\"name\":\"Destaque no skate barretense fica em 6\u00b0 lugar no Campeonato - Ribeir\u00e3o Preto e Regi\u00e3o\",\"isPartOf\":{\"@id\":\"https:\\\/\\\/redenoticiaz.com.br\\\/ribeiraopreto-regiao\\\/#website\"},\"primaryImageOfPage\":{\"@id\":\"https:\\\/\\\/redenoticiaz.com.br\\\/ribeiraopreto-regiao\\\/sp\\\/2022\\\/03\\\/17\\\/destaque-no-skate-barretense-fica-em-6-lugar-no-campeonato#primaryimage\"},\"image\":{\"@id\":\"https:\\\/\\\/redenoticiaz.com.br\\\/ribeiraopreto-regiao\\\/sp\\\/2022\\\/03\\\/17\\\/destaque-no-skate-barretense-fica-em-6-lugar-no-campeonato#primaryimage\"},\"thumbnailUrl\":\"https:\\\/\\\/redenoticiaz.com.br\\\/ribeiraopreto-regiao\\\/wp-content\\\/uploads\\\/sites\\\/4\\\/2022\\\/03\\\/skate.jpeg\",\"datePublished\":\"2022-03-17T17:02:09+00:00\",\"dateModified\":\"2022-03-17T17:06:51+00:00\",\"description\":\"Jo\u00e3o Ricardo Carregari de 25 anos. Foi o sexto colocado na categoria amador, modalidade street, do 8\u00b0 Campeonato de Skate que aconteceu em Barrinha\\\/SP.\",\"inLanguage\":\"pt-BR\",\"potentialAction\":[{\"@type\":\"ReadAction\",\"target\":[\"https:\\\/\\\/redenoticiaz.com.br\\\/ribeiraopreto-regiao\\\/sp\\\/2022\\\/03\\\/17\\\/destaque-no-skate-barretense-fica-em-6-lugar-no-campeonato\"]}]},{\"@type\":\"ImageObject\",\"inLanguage\":\"pt-BR\",\"@id\":\"https:\\\/\\\/redenoticiaz.com.br\\\/ribeiraopreto-regiao\\\/sp\\\/2022\\\/03\\\/17\\\/destaque-no-skate-barretense-fica-em-6-lugar-no-campeonato#primaryimage\",\"url\":\"https:\\\/\\\/redenoticiaz.com.br\\\/ribeiraopreto-regiao\\\/wp-content\\\/uploads\\\/sites\\\/4\\\/2022\\\/03\\\/skate.jpeg\",\"contentUrl\":\"https:\\\/\\\/redenoticiaz.com.br\\\/ribeiraopreto-regiao\\\/wp-content\\\/uploads\\\/sites\\\/4\\\/2022\\\/03\\\/skate.jpeg\",\"width\":640,\"height\":960,\"caption\":\"Jo\u00e3o Ricardo Carregari de 25 anos. Foi o sexto colocado na categoria amador, modalidade street.\"},{\"@type\":\"WebSite\",\"@id\":\"https:\\\/\\\/redenoticiaz.com.br\\\/ribeiraopreto-regiao\\\/#website\",\"url\":\"https:\\\/\\\/redenoticiaz.com.br\\\/ribeiraopreto-regiao\\\/\",\"name\":\"Ribeir\u00e3o Preto e Regi\u00e3o\",\"description\":\"Rede NoticiaZ - Ribeir\u00e3o Preto e regi\u00e3o\",\"publisher\":{\"@id\":\"https:\\\/\\\/redenoticiaz.com.br\\\/ribeiraopreto-regiao\\\/#organization\"},\"potentialAction\":[{\"@type\":\"SearchAction\",\"target\":{\"@type\":\"EntryPoint\",\"urlTemplate\":\"https:\\\/\\\/redenoticiaz.com.br\\\/ribeiraopreto-regiao\\\/?s={search_term_string}\"},\"query-input\":{\"@type\":\"PropertyValueSpecification\",\"valueRequired\":true,\"valueName\":\"search_term_string\"}}],\"inLanguage\":\"pt-BR\"},{\"@type\":\"Organization\",\"@id\":\"https:\\\/\\\/redenoticiaz.com.br\\\/ribeiraopreto-regiao\\\/#organization\",\"name\":\"Ribeir\u00e3o Preto e Regi\u00e3o\",\"url\":\"https:\\\/\\\/redenoticiaz.com.br\\\/ribeiraopreto-regiao\\\/\",\"logo\":{\"@type\":\"ImageObject\",\"inLanguage\":\"pt-BR\",\"@id\":\"https:\\\/\\\/redenoticiaz.com.br\\\/ribeiraopreto-regiao\\\/#\\\/schema\\\/logo\\\/image\\\/\",\"url\":\"https:\\\/\\\/redenoticiaz.com.br\\\/barretos-regiao\\\/wp-content\\\/uploads\\\/sites\\\/4\\\/2022\\\/02\\\/logo.jpg\",\"contentUrl\":\"https:\\\/\\\/redenoticiaz.com.br\\\/barretos-regiao\\\/wp-content\\\/uploads\\\/sites\\\/4\\\/2022\\\/02\\\/logo.jpg\",\"width\":400,\"height\":250,\"caption\":\"Ribeir\u00e3o Preto e Regi\u00e3o\"},\"image\":{\"@id\":\"https:\\\/\\\/redenoticiaz.com.br\\\/ribeiraopreto-regiao\\\/#\\\/schema\\\/logo\\\/image\\\/\"},\"sameAs\":[\"https:\\\/\\\/m.facebook.com\\\/redenoticiaz.barretos\",\"https:\\\/\\\/x.com\\\/RN_barretos\",\"https:\\\/\\\/www.instagram.com\\\/redenoticiaz.barretos\\\/?igshid=YmMyMTA2M2Y\",\"https:\\\/\\\/www.linkedin.com\\\/company\\\/rede-noticiaz-barretos-e-regio\\\/\"]},{\"@type\":\"Person\",\"@id\":\"\",\"url\":\"https:\\\/\\\/redenoticiaz.com.br\\\/ribeiraopreto-regiao\\\/sp\\\/author\"}]}<\/script>\n<!-- \/ Yoast SEO plugin. -->","yoast_head_json":{"title":"Destaque no skate barretense fica em 6\u00b0 lugar no Campeonato - Ribeir\u00e3o Preto e Regi\u00e3o","description":"Jo\u00e3o Ricardo Carregari de 25 anos. Foi o sexto colocado na categoria amador, modalidade street, do 8\u00b0 Campeonato de Skate que aconteceu em Barrinha\/SP.","robots":{"index":"index","follow":"follow","max-snippet":"max-snippet:-1","max-image-preview":"max-image-preview:large","max-video-preview":"max-video-preview:-1"},"canonical":"https:\/\/redenoticiaz.com.br\/ribeiraopreto-regiao\/sp\/2022\/03\/17\/destaque-no-skate-barretense-fica-em-6-lugar-no-campeonato","og_locale":"pt_BR","og_type":"article","og_title":"Destaque no skate barretense fica em 6\u00b0 lugar no Campeonato - Ribeir\u00e3o Preto e Regi\u00e3o","og_description":"Jo\u00e3o Ricardo Carregari de 25 anos. Foi o sexto colocado na categoria amador, modalidade street, do 8\u00b0 Campeonato de Skate que aconteceu em Barrinha\/SP.","og_url":"https:\/\/redenoticiaz.com.br\/ribeiraopreto-regiao\/sp\/2022\/03\/17\/destaque-no-skate-barretense-fica-em-6-lugar-no-campeonato","og_site_name":"Ribeir\u00e3o Preto e Regi\u00e3o","article_publisher":"https:\/\/m.facebook.com\/redenoticiaz.barretos","article_published_time":"2022-03-17T17:02:09+00:00","article_modified_time":"2022-03-17T17:06:51+00:00","og_image":[{"width":640,"height":960,"url":"https:\/\/redenoticiaz.com.br\/ribeiraopreto-regiao\/wp-content\/uploads\/sites\/4\/2022\/03\/skate.jpeg","type":"image\/jpeg"}],"twitter_card":"summary_large_image","twitter_creator":"@RN_barretos","twitter_site":"@RN_barretos","twitter_misc":{"Escrito por":"","Est. tempo de leitura":"1 minuto"},"schema":{"@context":"https:\/\/schema.org","@graph":[{"@type":"Article","@id":"https:\/\/redenoticiaz.com.br\/ribeiraopreto-regiao\/sp\/2022\/03\/17\/destaque-no-skate-barretense-fica-em-6-lugar-no-campeonato#article","isPartOf":{"@id":"https:\/\/redenoticiaz.com.br\/ribeiraopreto-regiao\/sp\/2022\/03\/17\/destaque-no-skate-barretense-fica-em-6-lugar-no-campeonato"},"author":{"name":"","@id":""},"headline":"Destaque no skate barretense fica em 6\u00b0 lugar no Campeonato","datePublished":"2022-03-17T17:02:09+00:00","dateModified":"2022-03-17T17:06:51+00:00","mainEntityOfPage":{"@id":"https:\/\/redenoticiaz.com.br\/ribeiraopreto-regiao\/sp\/2022\/03\/17\/destaque-no-skate-barretense-fica-em-6-lugar-no-campeonato"},"wordCount":186,"commentCount":0,"publisher":{"@id":"https:\/\/redenoticiaz.com.br\/ribeiraopreto-regiao\/#organization"},"image":{"@id":"https:\/\/redenoticiaz.com.br\/ribeiraopreto-regiao\/sp\/2022\/03\/17\/destaque-no-skate-barretense-fica-em-6-lugar-no-campeonato#primaryimage"},"thumbnailUrl":"https:\/\/redenoticiaz.com.br\/ribeiraopreto-regiao\/wp-content\/uploads\/sites\/4\/2022\/03\/skate.jpeg","keywords":["ATLETA","BARRETOS","SECRETARIA DE ESPORTE","SKATE"],"articleSection":["Esporte"],"inLanguage":"pt-BR","potentialAction":[{"@type":"CommentAction","name":"Comment","target":["https:\/\/redenoticiaz.com.br\/ribeiraopreto-regiao\/sp\/2022\/03\/17\/destaque-no-skate-barretense-fica-em-6-lugar-no-campeonato#respond"]}]},{"@type":"WebPage","@id":"https:\/\/redenoticiaz.com.br\/ribeiraopreto-regiao\/sp\/2022\/03\/17\/destaque-no-skate-barretense-fica-em-6-lugar-no-campeonato","url":"https:\/\/redenoticiaz.com.br\/ribeiraopreto-regiao\/sp\/2022\/03\/17\/destaque-no-skate-barretense-fica-em-6-lugar-no-campeonato","name":"Destaque no skate barretense fica em 6\u00b0 lugar no Campeonato - Ribeir\u00e3o Preto e Regi\u00e3o","isPartOf":{"@id":"https:\/\/redenoticiaz.com.br\/ribeiraopreto-regiao\/#website"},"primaryImageOfPage":{"@id":"https:\/\/redenoticiaz.com.br\/ribeiraopreto-regiao\/sp\/2022\/03\/17\/destaque-no-skate-barretense-fica-em-6-lugar-no-campeonato#primaryimage"},"image":{"@id":"https:\/\/redenoticiaz.com.br\/ribeiraopreto-regiao\/sp\/2022\/03\/17\/destaque-no-skate-barretense-fica-em-6-lugar-no-campeonato#primaryimage"},"thumbnailUrl":"https:\/\/redenoticiaz.com.br\/ribeiraopreto-regiao\/wp-content\/uploads\/sites\/4\/2022\/03\/skate.jpeg","datePublished":"2022-03-17T17:02:09+00:00","dateModified":"2022-03-17T17:06:51+00:00","description":"Jo\u00e3o Ricardo Carregari de 25 anos. Foi o sexto colocado na categoria amador, modalidade street, do 8\u00b0 Campeonato de Skate que aconteceu em Barrinha\/SP.","inLanguage":"pt-BR","potentialAction":[{"@type":"ReadAction","target":["https:\/\/redenoticiaz.com.br\/ribeiraopreto-regiao\/sp\/2022\/03\/17\/destaque-no-skate-barretense-fica-em-6-lugar-no-campeonato"]}]},{"@type":"ImageObject","inLanguage":"pt-BR","@id":"https:\/\/redenoticiaz.com.br\/ribeiraopreto-regiao\/sp\/2022\/03\/17\/destaque-no-skate-barretense-fica-em-6-lugar-no-campeonato#primaryimage","url":"https:\/\/redenoticiaz.com.br\/ribeiraopreto-regiao\/wp-content\/uploads\/sites\/4\/2022\/03\/skate.jpeg","contentUrl":"https:\/\/redenoticiaz.com.br\/ribeiraopreto-regiao\/wp-content\/uploads\/sites\/4\/2022\/03\/skate.jpeg","width":640,"height":960,"caption":"Jo\u00e3o Ricardo Carregari de 25 anos. Foi o sexto colocado na categoria amador, modalidade street."},{"@type":"WebSite","@id":"https:\/\/redenoticiaz.com.br\/ribeiraopreto-regiao\/#website","url":"https:\/\/redenoticiaz.com.br\/ribeiraopreto-regiao\/","name":"Ribeir\u00e3o Preto e Regi\u00e3o","description":"Rede NoticiaZ - Ribeir\u00e3o Preto e regi\u00e3o","publisher":{"@id":"https:\/\/redenoticiaz.com.br\/ribeiraopreto-regiao\/#organization"},"potentialAction":[{"@type":"SearchAction","target":{"@type":"EntryPoint","urlTemplate":"https:\/\/redenoticiaz.com.br\/ribeiraopreto-regiao\/?s={search_term_string}"},"query-input":{"@type":"PropertyValueSpecification","valueRequired":true,"valueName":"search_term_string"}}],"inLanguage":"pt-BR"},{"@type":"Organization","@id":"https:\/\/redenoticiaz.com.br\/ribeiraopreto-regiao\/#organization","name":"Ribeir\u00e3o Preto e Regi\u00e3o","url":"https:\/\/redenoticiaz.com.br\/ribeiraopreto-regiao\/","logo":{"@type":"ImageObject","inLanguage":"pt-BR","@id":"https:\/\/redenoticiaz.com.br\/ribeiraopreto-regiao\/#\/schema\/logo\/image\/","url":"https:\/\/redenoticiaz.com.br\/barretos-regiao\/wp-content\/uploads\/sites\/4\/2022\/02\/logo.jpg","contentUrl":"https:\/\/redenoticiaz.com.br\/barretos-regiao\/wp-content\/uploads\/sites\/4\/2022\/02\/logo.jpg","width":400,"height":250,"caption":"Ribeir\u00e3o Preto e Regi\u00e3o"},"image":{"@id":"https:\/\/redenoticiaz.com.br\/ribeiraopreto-regiao\/#\/schema\/logo\/image\/"},"sameAs":["https:\/\/m.facebook.com\/redenoticiaz.barretos","https:\/\/x.com\/RN_barretos","https:\/\/www.instagram.com\/redenoticiaz.barretos\/?igshid=YmMyMTA2M2Y","https:\/\/www.linkedin.com\/company\/rede-noticiaz-barretos-e-regio\/"]},{"@type":"Person","@id":"","url":"https:\/\/redenoticiaz.com.br\/ribeiraopreto-regiao\/sp\/author"}]}},"_links":{"self":[{"href":"https:\/\/redenoticiaz.com.br\/ribeiraopreto-regiao\/wp-json\/wp\/v2\/posts\/1022","targetHints":{"allow":["GET"]}}],"collection":[{"href":"https:\/\/redenoticiaz.com.br\/ribeiraopreto-regiao\/wp-json\/wp\/v2\/posts"}],"about":[{"href":"https:\/\/redenoticiaz.com.br\/ribeiraopreto-regiao\/wp-json\/wp\/v2\/types\/post"}],"author":[{"embeddable":true,"href":"https:\/\/redenoticiaz.com.br\/ribeiraopreto-regiao\/wp-json\/wp\/v2\/users\/15"}],"replies":[{"embeddable":true,"href":"https:\/\/redenoticiaz.com.br\/ribeiraopreto-regiao\/wp-json\/wp\/v2\/comments?post=1022"}],"version-history":[{"count":1,"href":"https:\/\/redenoticiaz.com.br\/ribeiraopreto-regiao\/wp-json\/wp\/v2\/posts\/1022\/revisions"}],"predecessor-version":[{"id":1024,"href":"https:\/\/redenoticiaz.com.br\/ribeiraopreto-regiao\/wp-json\/wp\/v2\/posts\/1022\/revisions\/1024"}],"wp:featuredmedia":[{"embeddable":true,"href":"https:\/\/redenoticiaz.com.br\/ribeiraopreto-regiao\/wp-json\/wp\/v2\/media\/1023"}],"wp:attachment":[{"href":"https:\/\/redenoticiaz.com.br\/ribeiraopreto-regiao\/wp-json\/wp\/v2\/media?parent=1022"}],"wp:term":[{"taxonomy":"category","embeddable":true,"href":"https:\/\/redenoticiaz.com.br\/ribeiraopreto-regiao\/wp-json\/wp\/v2\/categories?post=1022"},{"taxonomy":"post_tag","embeddable":true,"href":"https:\/\/redenoticiaz.com.br\/ribeiraopreto-regiao\/wp-json\/wp\/v2\/tags?post=1022"}],"curies":[{"name":"wp","href":"https:\/\/api.w.org\/{rel}","templated":true}]}}