{"id":102250,"date":"2023-03-17T10:59:13","date_gmt":"2023-03-17T13:59:13","guid":{"rendered":"https:\/\/redenoticiaz.com.br\/barretos-regiao\/?p=102250"},"modified":"2023-03-17T10:59:13","modified_gmt":"2023-03-17T13:59:13","slug":"bbb-23-no-mexico-key-alves-percebe-que-mc-guime-e-cara-de-sapato-nao-estao-mais-no-programa","status":"publish","type":"post","link":"https:\/\/redenoticiaz.com.br\/ribeiraopreto-regiao\/sp\/2023\/03\/17\/bbb-23-no-mexico-key-alves-percebe-que-mc-guime-e-cara-de-sapato-nao-estao-mais-no-programa","title":{"rendered":"BBB 23: No M\u00e9xico Key Alves percebe que Mc Guim\u00ea e Cara de Sapato n\u00e3o est\u00e3o mais no programa"},"content":{"rendered":"<p class=\"text\">A eliminada <b>Key Alves<\/b>, que est\u00e1 no programa<i>\u00a0La Casa de Los Famosos<\/i>, percebeu que o cantor\u00a0<b>Mc Guim\u00ea<\/b>\u00a0e o atleta de MMA\u00a0<b>Cara de Sapato<\/b>\u00a0n\u00e3o est\u00e3o mais no\u00a0<i><b>BBB 23<\/b><\/i>. Os dois foram expulsos na noite de quinta-feira (16), ap\u00f3s acusa\u00e7\u00f5es de <b>ass\u00e9dio<\/b>\u00a0contra a mexicana\u00a0<b>Dania Mendez<\/b>, que faz um interc\u00e2mbio na casa.<\/p>\n<blockquote class=\"twitter-tweet\" data-width=\"500\" data-dnt=\"true\">\n<p lang=\"pt\" dir=\"ltr\">Cara de Sapato e MC Guim\u00ea est\u00e3o eliminados do <a href=\"https:\/\/twitter.com\/hashtag\/BBB23?src=hash&amp;ref_src=twsrc%5Etfw\">#BBB23<\/a>. <a href=\"https:\/\/twitter.com\/hashtag\/RedeBBB?src=hash&amp;ref_src=twsrc%5Etfw\">#RedeBBB<\/a> <a href=\"https:\/\/t.co\/1tWyaA3VSk\">pic.twitter.com\/1tWyaA3VSk<\/a><\/p>\n<p>&mdash; Big Brother Brasil (@bbb) <a href=\"https:\/\/twitter.com\/bbb\/status\/1636546937011724289?ref_src=twsrc%5Etfw\">March 17, 2023<\/a><\/p><\/blockquote>\n<p><script async src=\"https:\/\/platform.twitter.com\/widgets.js\" charset=\"utf-8\"><\/script><\/p>\n<p class=\"text\">A jogadora de v\u00f4lei assistiu \u00e0s cenas ap\u00f3s a desclassifica\u00e7\u00e3o, por\u00e9m, sem \u00e1udio e comentou que os brothers estavam perplexos com algo que aconteceu na casa. Key ainda fala &#8220;se fosse uma briga normal, a c\u00e2mera mostraria eles ali tamb\u00e9m, mas n\u00e3o mostrou&#8221;.<\/p>\n<p>Outros participantes do\u00a0<i>La Casa de Los Famosos<\/i> tamb\u00e9m perceberam que aconteceu algo e perceberam que Dania e<b>\u00a0Amanda\u00a0<\/b>estavam chorando.<\/p>\n<p>&#8220;N\u00e3o sei se aconteceu algo dentro da casa. [&#8230;] Ela\u00a0<i>[Dania]<\/i>\u00a0e a amiga de Cara de Sapato\u00a0<i>[Amanda]<\/i>\u00a0estavam chorando e os demais estavam muito aflitos. Ele e o l\u00edder\u00a0<i>[Mc Guim\u00ea]\u00a0<\/i>n\u00e3o est\u00e3o\u00a0<i>[no programa]<\/i>. Algo aconteceu, mas n\u00e3o h\u00e1 \u00e1udio&#8221;, disse uma das participantes.<\/p>\n<p>A\u00a0<b>Pol\u00edcia Civil do Rio de Janeiro<\/b>\u00a0j\u00e1 instaurou um inqu\u00e9rito para apurar a conduta do cantor e do lutador. Os dois podem responder por importuna\u00e7\u00e3o sexual, que prev\u00ea uma pena de 1 a 5 anos de pris\u00e3o.<\/p>\n<p>VEJA TAMB\u00c9M:\u00a0<a href=\"https:\/\/redenoticiaz.com.br\/barretos-regiao\/sp\/2023\/03\/16\/mc-guime-e-cara-de-sapato-sao-expulsos-do-bbb-23\">MC Guim\u00ea e Cara de Sapato s\u00e3o expulsos do BBB 23<\/a><\/p>\n","protected":false},"excerpt":{"rendered":"<p>A eliminada Key Alves, que est\u00e1 no programa\u00a0La Casa de Los Famosos, percebeu que o cantor\u00a0Mc Guim\u00ea\u00a0e o atleta de MMA\u00a0Cara de Sapato\u00a0n\u00e3o est\u00e3o mais no\u00a0BBB 23. Os dois foram expulsos na noite de quinta-feira (16), ap\u00f3s acusa\u00e7\u00f5es de ass\u00e9dio\u00a0contra a mexicana\u00a0Dania Mendez, que faz um interc\u00e2mbio na casa. A jogadora de v\u00f4lei assistiu \u00e0s &hellip;<\/p>\n","protected":false},"author":15,"featured_media":102251,"comment_status":"open","ping_status":"closed","sticky":false,"template":"","format":"standard","meta":{"footnotes":""},"categories":[134],"tags":[24161,24621,23351,25634,21378],"class_list":["post-102250","post","type-post","status-publish","format-standard","has-post-thumbnail","hentry","category-entretenimento","tag-bbb23","tag-cara-de-sapato","tag-key-alves","tag-la-casa-de-los-famosos","tag-mc-guime"],"yoast_head":"<!-- This site is optimized with the Yoast SEO plugin v27.4 - https:\/\/yoast.com\/product\/yoast-seo-wordpress\/ -->\n<title>BBB 23: No M\u00e9xico Key Alves percebe que Mc Guim\u00ea e Cara de Sapato n\u00e3o est\u00e3o mais no programa - Ribeir\u00e3o Preto e Regi\u00e3o<\/title>\n<meta name=\"description\" content=\"Key Alves, que est\u00e1 no programa\u00a0La Casa de Los Famosos, percebeu que o cantor\u00a0Mc Guim\u00ea\u00a0e o atleta de MMA\u00a0Cara de Sapato\u00a0n\u00e3o est\u00e3o mais.\" \/>\n<meta name=\"robots\" content=\"index, follow, max-snippet:-1, max-image-preview:large, max-video-preview:-1\" \/>\n<link rel=\"canonical\" href=\"https:\/\/redenoticiaz.com.br\/ribeiraopreto-regiao\/sp\/2023\/03\/17\/bbb-23-no-mexico-key-alves-percebe-que-mc-guime-e-cara-de-sapato-nao-estao-mais-no-programa\" \/>\n<meta property=\"og:locale\" content=\"pt_BR\" \/>\n<meta property=\"og:type\" content=\"article\" \/>\n<meta property=\"og:title\" content=\"BBB 23: No M\u00e9xico Key Alves percebe que Mc Guim\u00ea e Cara de Sapato n\u00e3o est\u00e3o mais no programa - Ribeir\u00e3o Preto e Regi\u00e3o\" \/>\n<meta property=\"og:description\" content=\"Key Alves, que est\u00e1 no programa\u00a0La Casa de Los Famosos, percebeu que o cantor\u00a0Mc Guim\u00ea\u00a0e o atleta de MMA\u00a0Cara de Sapato\u00a0n\u00e3o est\u00e3o mais.\" \/>\n<meta property=\"og:url\" content=\"https:\/\/redenoticiaz.com.br\/ribeiraopreto-regiao\/sp\/2023\/03\/17\/bbb-23-no-mexico-key-alves-percebe-que-mc-guime-e-cara-de-sapato-nao-estao-mais-no-programa\" \/>\n<meta property=\"og:site_name\" content=\"Ribeir\u00e3o Preto e Regi\u00e3o\" \/>\n<meta property=\"article:publisher\" content=\"https:\/\/m.facebook.com\/redenoticiaz.barretos\" \/>\n<meta property=\"article:published_time\" content=\"2023-03-17T13:59:13+00:00\" \/>\n<meta property=\"og:image\" content=\"https:\/\/redenoticiaz.com.br\/ribeiraopreto-regiao\/wp-content\/uploads\/sites\/4\/2023\/03\/key-alves-la-casa-de-los-famosos.jpg\" \/>\n\t<meta property=\"og:image:width\" content=\"1200\" \/>\n\t<meta property=\"og:image:height\" content=\"800\" \/>\n\t<meta property=\"og:image:type\" content=\"image\/jpeg\" \/>\n<meta name=\"twitter:card\" content=\"summary_large_image\" \/>\n<meta name=\"twitter:creator\" content=\"@RN_barretos\" \/>\n<meta name=\"twitter:site\" content=\"@RN_barretos\" \/>\n<meta name=\"twitter:label1\" content=\"Escrito por\" \/>\n\t<meta name=\"twitter:data1\" content=\"\" \/>\n\t<meta name=\"twitter:label2\" content=\"Est. tempo de leitura\" \/>\n\t<meta name=\"twitter:data2\" content=\"2 minutos\" \/>\n<script type=\"application\/ld+json\" class=\"yoast-schema-graph\">{\"@context\":\"https:\\\/\\\/schema.org\",\"@graph\":[{\"@type\":\"Article\",\"@id\":\"https:\\\/\\\/redenoticiaz.com.br\\\/ribeiraopreto-regiao\\\/sp\\\/2023\\\/03\\\/17\\\/bbb-23-no-mexico-key-alves-percebe-que-mc-guime-e-cara-de-sapato-nao-estao-mais-no-programa#article\",\"isPartOf\":{\"@id\":\"https:\\\/\\\/redenoticiaz.com.br\\\/ribeiraopreto-regiao\\\/sp\\\/2023\\\/03\\\/17\\\/bbb-23-no-mexico-key-alves-percebe-que-mc-guime-e-cara-de-sapato-nao-estao-mais-no-programa\"},\"author\":{\"name\":\"\",\"@id\":\"\"},\"headline\":\"BBB 23: No M\u00e9xico Key Alves percebe que Mc Guim\u00ea e Cara de Sapato n\u00e3o est\u00e3o mais no programa\",\"datePublished\":\"2023-03-17T13:59:13+00:00\",\"mainEntityOfPage\":{\"@id\":\"https:\\\/\\\/redenoticiaz.com.br\\\/ribeiraopreto-regiao\\\/sp\\\/2023\\\/03\\\/17\\\/bbb-23-no-mexico-key-alves-percebe-que-mc-guime-e-cara-de-sapato-nao-estao-mais-no-programa\"},\"wordCount\":266,\"commentCount\":0,\"publisher\":{\"@id\":\"https:\\\/\\\/redenoticiaz.com.br\\\/ribeiraopreto-regiao\\\/#organization\"},\"image\":{\"@id\":\"https:\\\/\\\/redenoticiaz.com.br\\\/ribeiraopreto-regiao\\\/sp\\\/2023\\\/03\\\/17\\\/bbb-23-no-mexico-key-alves-percebe-que-mc-guime-e-cara-de-sapato-nao-estao-mais-no-programa#primaryimage\"},\"thumbnailUrl\":\"https:\\\/\\\/redenoticiaz.com.br\\\/ribeiraopreto-regiao\\\/wp-content\\\/uploads\\\/sites\\\/4\\\/2023\\\/03\\\/key-alves-la-casa-de-los-famosos.jpg\",\"keywords\":[\"BBB23\",\"CARA DE SAPATO\",\"Key Alves\",\"la casa de los famosos\",\"MC GUIM\u00ca\"],\"articleSection\":[\"Entretenimento\"],\"inLanguage\":\"pt-BR\",\"potentialAction\":[{\"@type\":\"CommentAction\",\"name\":\"Comment\",\"target\":[\"https:\\\/\\\/redenoticiaz.com.br\\\/ribeiraopreto-regiao\\\/sp\\\/2023\\\/03\\\/17\\\/bbb-23-no-mexico-key-alves-percebe-que-mc-guime-e-cara-de-sapato-nao-estao-mais-no-programa#respond\"]}]},{\"@type\":\"WebPage\",\"@id\":\"https:\\\/\\\/redenoticiaz.com.br\\\/ribeiraopreto-regiao\\\/sp\\\/2023\\\/03\\\/17\\\/bbb-23-no-mexico-key-alves-percebe-que-mc-guime-e-cara-de-sapato-nao-estao-mais-no-programa\",\"url\":\"https:\\\/\\\/redenoticiaz.com.br\\\/ribeiraopreto-regiao\\\/sp\\\/2023\\\/03\\\/17\\\/bbb-23-no-mexico-key-alves-percebe-que-mc-guime-e-cara-de-sapato-nao-estao-mais-no-programa\",\"name\":\"BBB 23: No M\u00e9xico Key Alves percebe que Mc Guim\u00ea e Cara de Sapato n\u00e3o est\u00e3o mais no programa - Ribeir\u00e3o Preto e Regi\u00e3o\",\"isPartOf\":{\"@id\":\"https:\\\/\\\/redenoticiaz.com.br\\\/ribeiraopreto-regiao\\\/#website\"},\"primaryImageOfPage\":{\"@id\":\"https:\\\/\\\/redenoticiaz.com.br\\\/ribeiraopreto-regiao\\\/sp\\\/2023\\\/03\\\/17\\\/bbb-23-no-mexico-key-alves-percebe-que-mc-guime-e-cara-de-sapato-nao-estao-mais-no-programa#primaryimage\"},\"image\":{\"@id\":\"https:\\\/\\\/redenoticiaz.com.br\\\/ribeiraopreto-regiao\\\/sp\\\/2023\\\/03\\\/17\\\/bbb-23-no-mexico-key-alves-percebe-que-mc-guime-e-cara-de-sapato-nao-estao-mais-no-programa#primaryimage\"},\"thumbnailUrl\":\"https:\\\/\\\/redenoticiaz.com.br\\\/ribeiraopreto-regiao\\\/wp-content\\\/uploads\\\/sites\\\/4\\\/2023\\\/03\\\/key-alves-la-casa-de-los-famosos.jpg\",\"datePublished\":\"2023-03-17T13:59:13+00:00\",\"description\":\"Key Alves, que est\u00e1 no programa\u00a0La Casa de Los Famosos, percebeu que o cantor\u00a0Mc Guim\u00ea\u00a0e o atleta de MMA\u00a0Cara de Sapato\u00a0n\u00e3o est\u00e3o mais.\",\"inLanguage\":\"pt-BR\",\"potentialAction\":[{\"@type\":\"ReadAction\",\"target\":[\"https:\\\/\\\/redenoticiaz.com.br\\\/ribeiraopreto-regiao\\\/sp\\\/2023\\\/03\\\/17\\\/bbb-23-no-mexico-key-alves-percebe-que-mc-guime-e-cara-de-sapato-nao-estao-mais-no-programa\"]}]},{\"@type\":\"ImageObject\",\"inLanguage\":\"pt-BR\",\"@id\":\"https:\\\/\\\/redenoticiaz.com.br\\\/ribeiraopreto-regiao\\\/sp\\\/2023\\\/03\\\/17\\\/bbb-23-no-mexico-key-alves-percebe-que-mc-guime-e-cara-de-sapato-nao-estao-mais-no-programa#primaryimage\",\"url\":\"https:\\\/\\\/redenoticiaz.com.br\\\/ribeiraopreto-regiao\\\/wp-content\\\/uploads\\\/sites\\\/4\\\/2023\\\/03\\\/key-alves-la-casa-de-los-famosos.jpg\",\"contentUrl\":\"https:\\\/\\\/redenoticiaz.com.br\\\/ribeiraopreto-regiao\\\/wp-content\\\/uploads\\\/sites\\\/4\\\/2023\\\/03\\\/key-alves-la-casa-de-los-famosos.jpg\",\"width\":1200,\"height\":800,\"caption\":\"Cr\u00e9dito: Reprodu\u00e7\u00e3o\"},{\"@type\":\"WebSite\",\"@id\":\"https:\\\/\\\/redenoticiaz.com.br\\\/ribeiraopreto-regiao\\\/#website\",\"url\":\"https:\\\/\\\/redenoticiaz.com.br\\\/ribeiraopreto-regiao\\\/\",\"name\":\"Ribeir\u00e3o Preto e Regi\u00e3o\",\"description\":\"Rede NoticiaZ - Ribeir\u00e3o Preto e regi\u00e3o\",\"publisher\":{\"@id\":\"https:\\\/\\\/redenoticiaz.com.br\\\/ribeiraopreto-regiao\\\/#organization\"},\"potentialAction\":[{\"@type\":\"SearchAction\",\"target\":{\"@type\":\"EntryPoint\",\"urlTemplate\":\"https:\\\/\\\/redenoticiaz.com.br\\\/ribeiraopreto-regiao\\\/?s={search_term_string}\"},\"query-input\":{\"@type\":\"PropertyValueSpecification\",\"valueRequired\":true,\"valueName\":\"search_term_string\"}}],\"inLanguage\":\"pt-BR\"},{\"@type\":\"Organization\",\"@id\":\"https:\\\/\\\/redenoticiaz.com.br\\\/ribeiraopreto-regiao\\\/#organization\",\"name\":\"Ribeir\u00e3o Preto e Regi\u00e3o\",\"url\":\"https:\\\/\\\/redenoticiaz.com.br\\\/ribeiraopreto-regiao\\\/\",\"logo\":{\"@type\":\"ImageObject\",\"inLanguage\":\"pt-BR\",\"@id\":\"https:\\\/\\\/redenoticiaz.com.br\\\/ribeiraopreto-regiao\\\/#\\\/schema\\\/logo\\\/image\\\/\",\"url\":\"https:\\\/\\\/redenoticiaz.com.br\\\/barretos-regiao\\\/wp-content\\\/uploads\\\/sites\\\/4\\\/2022\\\/02\\\/logo.jpg\",\"contentUrl\":\"https:\\\/\\\/redenoticiaz.com.br\\\/barretos-regiao\\\/wp-content\\\/uploads\\\/sites\\\/4\\\/2022\\\/02\\\/logo.jpg\",\"width\":400,\"height\":250,\"caption\":\"Ribeir\u00e3o Preto e Regi\u00e3o\"},\"image\":{\"@id\":\"https:\\\/\\\/redenoticiaz.com.br\\\/ribeiraopreto-regiao\\\/#\\\/schema\\\/logo\\\/image\\\/\"},\"sameAs\":[\"https:\\\/\\\/m.facebook.com\\\/redenoticiaz.barretos\",\"https:\\\/\\\/x.com\\\/RN_barretos\",\"https:\\\/\\\/www.instagram.com\\\/redenoticiaz.barretos\\\/?igshid=YmMyMTA2M2Y\",\"https:\\\/\\\/www.linkedin.com\\\/company\\\/rede-noticiaz-barretos-e-regio\\\/\"]},{\"@type\":\"Person\",\"@id\":\"\",\"url\":\"https:\\\/\\\/redenoticiaz.com.br\\\/ribeiraopreto-regiao\\\/sp\\\/author\"}]}<\/script>\n<!-- \/ Yoast SEO plugin. -->","yoast_head_json":{"title":"BBB 23: No M\u00e9xico Key Alves percebe que Mc Guim\u00ea e Cara de Sapato n\u00e3o est\u00e3o mais no programa - Ribeir\u00e3o Preto e Regi\u00e3o","description":"Key Alves, que est\u00e1 no programa\u00a0La Casa de Los Famosos, percebeu que o cantor\u00a0Mc Guim\u00ea\u00a0e o atleta de MMA\u00a0Cara de Sapato\u00a0n\u00e3o est\u00e3o mais.","robots":{"index":"index","follow":"follow","max-snippet":"max-snippet:-1","max-image-preview":"max-image-preview:large","max-video-preview":"max-video-preview:-1"},"canonical":"https:\/\/redenoticiaz.com.br\/ribeiraopreto-regiao\/sp\/2023\/03\/17\/bbb-23-no-mexico-key-alves-percebe-que-mc-guime-e-cara-de-sapato-nao-estao-mais-no-programa","og_locale":"pt_BR","og_type":"article","og_title":"BBB 23: No M\u00e9xico Key Alves percebe que Mc Guim\u00ea e Cara de Sapato n\u00e3o est\u00e3o mais no programa - Ribeir\u00e3o Preto e Regi\u00e3o","og_description":"Key Alves, que est\u00e1 no programa\u00a0La Casa de Los Famosos, percebeu que o cantor\u00a0Mc Guim\u00ea\u00a0e o atleta de MMA\u00a0Cara de Sapato\u00a0n\u00e3o est\u00e3o mais.","og_url":"https:\/\/redenoticiaz.com.br\/ribeiraopreto-regiao\/sp\/2023\/03\/17\/bbb-23-no-mexico-key-alves-percebe-que-mc-guime-e-cara-de-sapato-nao-estao-mais-no-programa","og_site_name":"Ribeir\u00e3o Preto e Regi\u00e3o","article_publisher":"https:\/\/m.facebook.com\/redenoticiaz.barretos","article_published_time":"2023-03-17T13:59:13+00:00","og_image":[{"width":1200,"height":800,"url":"https:\/\/redenoticiaz.com.br\/ribeiraopreto-regiao\/wp-content\/uploads\/sites\/4\/2023\/03\/key-alves-la-casa-de-los-famosos.jpg","type":"image\/jpeg"}],"twitter_card":"summary_large_image","twitter_creator":"@RN_barretos","twitter_site":"@RN_barretos","twitter_misc":{"Escrito por":"","Est. tempo de leitura":"2 minutos"},"schema":{"@context":"https:\/\/schema.org","@graph":[{"@type":"Article","@id":"https:\/\/redenoticiaz.com.br\/ribeiraopreto-regiao\/sp\/2023\/03\/17\/bbb-23-no-mexico-key-alves-percebe-que-mc-guime-e-cara-de-sapato-nao-estao-mais-no-programa#article","isPartOf":{"@id":"https:\/\/redenoticiaz.com.br\/ribeiraopreto-regiao\/sp\/2023\/03\/17\/bbb-23-no-mexico-key-alves-percebe-que-mc-guime-e-cara-de-sapato-nao-estao-mais-no-programa"},"author":{"name":"","@id":""},"headline":"BBB 23: No M\u00e9xico Key Alves percebe que Mc Guim\u00ea e Cara de Sapato n\u00e3o est\u00e3o mais no programa","datePublished":"2023-03-17T13:59:13+00:00","mainEntityOfPage":{"@id":"https:\/\/redenoticiaz.com.br\/ribeiraopreto-regiao\/sp\/2023\/03\/17\/bbb-23-no-mexico-key-alves-percebe-que-mc-guime-e-cara-de-sapato-nao-estao-mais-no-programa"},"wordCount":266,"commentCount":0,"publisher":{"@id":"https:\/\/redenoticiaz.com.br\/ribeiraopreto-regiao\/#organization"},"image":{"@id":"https:\/\/redenoticiaz.com.br\/ribeiraopreto-regiao\/sp\/2023\/03\/17\/bbb-23-no-mexico-key-alves-percebe-que-mc-guime-e-cara-de-sapato-nao-estao-mais-no-programa#primaryimage"},"thumbnailUrl":"https:\/\/redenoticiaz.com.br\/ribeiraopreto-regiao\/wp-content\/uploads\/sites\/4\/2023\/03\/key-alves-la-casa-de-los-famosos.jpg","keywords":["BBB23","CARA DE SAPATO","Key Alves","la casa de los famosos","MC GUIM\u00ca"],"articleSection":["Entretenimento"],"inLanguage":"pt-BR","potentialAction":[{"@type":"CommentAction","name":"Comment","target":["https:\/\/redenoticiaz.com.br\/ribeiraopreto-regiao\/sp\/2023\/03\/17\/bbb-23-no-mexico-key-alves-percebe-que-mc-guime-e-cara-de-sapato-nao-estao-mais-no-programa#respond"]}]},{"@type":"WebPage","@id":"https:\/\/redenoticiaz.com.br\/ribeiraopreto-regiao\/sp\/2023\/03\/17\/bbb-23-no-mexico-key-alves-percebe-que-mc-guime-e-cara-de-sapato-nao-estao-mais-no-programa","url":"https:\/\/redenoticiaz.com.br\/ribeiraopreto-regiao\/sp\/2023\/03\/17\/bbb-23-no-mexico-key-alves-percebe-que-mc-guime-e-cara-de-sapato-nao-estao-mais-no-programa","name":"BBB 23: No M\u00e9xico Key Alves percebe que Mc Guim\u00ea e Cara de Sapato n\u00e3o est\u00e3o mais no programa - Ribeir\u00e3o Preto e Regi\u00e3o","isPartOf":{"@id":"https:\/\/redenoticiaz.com.br\/ribeiraopreto-regiao\/#website"},"primaryImageOfPage":{"@id":"https:\/\/redenoticiaz.com.br\/ribeiraopreto-regiao\/sp\/2023\/03\/17\/bbb-23-no-mexico-key-alves-percebe-que-mc-guime-e-cara-de-sapato-nao-estao-mais-no-programa#primaryimage"},"image":{"@id":"https:\/\/redenoticiaz.com.br\/ribeiraopreto-regiao\/sp\/2023\/03\/17\/bbb-23-no-mexico-key-alves-percebe-que-mc-guime-e-cara-de-sapato-nao-estao-mais-no-programa#primaryimage"},"thumbnailUrl":"https:\/\/redenoticiaz.com.br\/ribeiraopreto-regiao\/wp-content\/uploads\/sites\/4\/2023\/03\/key-alves-la-casa-de-los-famosos.jpg","datePublished":"2023-03-17T13:59:13+00:00","description":"Key Alves, que est\u00e1 no programa\u00a0La Casa de Los Famosos, percebeu que o cantor\u00a0Mc Guim\u00ea\u00a0e o atleta de MMA\u00a0Cara de Sapato\u00a0n\u00e3o est\u00e3o mais.","inLanguage":"pt-BR","potentialAction":[{"@type":"ReadAction","target":["https:\/\/redenoticiaz.com.br\/ribeiraopreto-regiao\/sp\/2023\/03\/17\/bbb-23-no-mexico-key-alves-percebe-que-mc-guime-e-cara-de-sapato-nao-estao-mais-no-programa"]}]},{"@type":"ImageObject","inLanguage":"pt-BR","@id":"https:\/\/redenoticiaz.com.br\/ribeiraopreto-regiao\/sp\/2023\/03\/17\/bbb-23-no-mexico-key-alves-percebe-que-mc-guime-e-cara-de-sapato-nao-estao-mais-no-programa#primaryimage","url":"https:\/\/redenoticiaz.com.br\/ribeiraopreto-regiao\/wp-content\/uploads\/sites\/4\/2023\/03\/key-alves-la-casa-de-los-famosos.jpg","contentUrl":"https:\/\/redenoticiaz.com.br\/ribeiraopreto-regiao\/wp-content\/uploads\/sites\/4\/2023\/03\/key-alves-la-casa-de-los-famosos.jpg","width":1200,"height":800,"caption":"Cr\u00e9dito: Reprodu\u00e7\u00e3o"},{"@type":"WebSite","@id":"https:\/\/redenoticiaz.com.br\/ribeiraopreto-regiao\/#website","url":"https:\/\/redenoticiaz.com.br\/ribeiraopreto-regiao\/","name":"Ribeir\u00e3o Preto e Regi\u00e3o","description":"Rede NoticiaZ - Ribeir\u00e3o Preto e regi\u00e3o","publisher":{"@id":"https:\/\/redenoticiaz.com.br\/ribeiraopreto-regiao\/#organization"},"potentialAction":[{"@type":"SearchAction","target":{"@type":"EntryPoint","urlTemplate":"https:\/\/redenoticiaz.com.br\/ribeiraopreto-regiao\/?s={search_term_string}"},"query-input":{"@type":"PropertyValueSpecification","valueRequired":true,"valueName":"search_term_string"}}],"inLanguage":"pt-BR"},{"@type":"Organization","@id":"https:\/\/redenoticiaz.com.br\/ribeiraopreto-regiao\/#organization","name":"Ribeir\u00e3o Preto e Regi\u00e3o","url":"https:\/\/redenoticiaz.com.br\/ribeiraopreto-regiao\/","logo":{"@type":"ImageObject","inLanguage":"pt-BR","@id":"https:\/\/redenoticiaz.com.br\/ribeiraopreto-regiao\/#\/schema\/logo\/image\/","url":"https:\/\/redenoticiaz.com.br\/barretos-regiao\/wp-content\/uploads\/sites\/4\/2022\/02\/logo.jpg","contentUrl":"https:\/\/redenoticiaz.com.br\/barretos-regiao\/wp-content\/uploads\/sites\/4\/2022\/02\/logo.jpg","width":400,"height":250,"caption":"Ribeir\u00e3o Preto e Regi\u00e3o"},"image":{"@id":"https:\/\/redenoticiaz.com.br\/ribeiraopreto-regiao\/#\/schema\/logo\/image\/"},"sameAs":["https:\/\/m.facebook.com\/redenoticiaz.barretos","https:\/\/x.com\/RN_barretos","https:\/\/www.instagram.com\/redenoticiaz.barretos\/?igshid=YmMyMTA2M2Y","https:\/\/www.linkedin.com\/company\/rede-noticiaz-barretos-e-regio\/"]},{"@type":"Person","@id":"","url":"https:\/\/redenoticiaz.com.br\/ribeiraopreto-regiao\/sp\/author"}]}},"_links":{"self":[{"href":"https:\/\/redenoticiaz.com.br\/ribeiraopreto-regiao\/wp-json\/wp\/v2\/posts\/102250","targetHints":{"allow":["GET"]}}],"collection":[{"href":"https:\/\/redenoticiaz.com.br\/ribeiraopreto-regiao\/wp-json\/wp\/v2\/posts"}],"about":[{"href":"https:\/\/redenoticiaz.com.br\/ribeiraopreto-regiao\/wp-json\/wp\/v2\/types\/post"}],"author":[{"embeddable":true,"href":"https:\/\/redenoticiaz.com.br\/ribeiraopreto-regiao\/wp-json\/wp\/v2\/users\/15"}],"replies":[{"embeddable":true,"href":"https:\/\/redenoticiaz.com.br\/ribeiraopreto-regiao\/wp-json\/wp\/v2\/comments?post=102250"}],"version-history":[{"count":1,"href":"https:\/\/redenoticiaz.com.br\/ribeiraopreto-regiao\/wp-json\/wp\/v2\/posts\/102250\/revisions"}],"predecessor-version":[{"id":102252,"href":"https:\/\/redenoticiaz.com.br\/ribeiraopreto-regiao\/wp-json\/wp\/v2\/posts\/102250\/revisions\/102252"}],"wp:featuredmedia":[{"embeddable":true,"href":"https:\/\/redenoticiaz.com.br\/ribeiraopreto-regiao\/wp-json\/wp\/v2\/media\/102251"}],"wp:attachment":[{"href":"https:\/\/redenoticiaz.com.br\/ribeiraopreto-regiao\/wp-json\/wp\/v2\/media?parent=102250"}],"wp:term":[{"taxonomy":"category","embeddable":true,"href":"https:\/\/redenoticiaz.com.br\/ribeiraopreto-regiao\/wp-json\/wp\/v2\/categories?post=102250"},{"taxonomy":"post_tag","embeddable":true,"href":"https:\/\/redenoticiaz.com.br\/ribeiraopreto-regiao\/wp-json\/wp\/v2\/tags?post=102250"}],"curies":[{"name":"wp","href":"https:\/\/api.w.org\/{rel}","templated":true}]}}