{"id":102372,"date":"2023-03-20T15:21:48","date_gmt":"2023-03-20T18:21:48","guid":{"rendered":"https:\/\/redenoticiaz.com.br\/barretos-regiao\/?p=102372"},"modified":"2023-03-20T15:21:48","modified_gmt":"2023-03-20T18:21:48","slug":"homem-com-tornozeleira-eletronica-e-preso-apos-agredir-duas-mulheres","status":"publish","type":"post","link":"https:\/\/redenoticiaz.com.br\/ribeiraopreto-regiao\/sp\/2023\/03\/20\/homem-com-tornozeleira-eletronica-e-preso-apos-agredir-duas-mulheres","title":{"rendered":"Homem com tornozeleira eletr\u00f4nica \u00e9 preso ap\u00f3s agredir duas mulheres"},"content":{"rendered":"<p>Um homem foi preso ap\u00f3s agredir duas mulheres bairro Vila Camargo, em Guaraci, neste domingo (19). Por\u00e7\u00f5es de coca\u00edna tamb\u00e9m foram encontradas com autor.<\/p>\n<p>Segundo informa\u00e7\u00f5es, equipes da Pol\u00edcia foram acionadas para atender a uma ocorr\u00eancia de viol\u00eancia dom\u00e9stica e encontraram as v\u00edtimas em uma casa.<\/p>\n<p>Questionadas, as mulheres contaram que foram agredidas pelo ex-namorado de uma delas. Elas tamb\u00e9m relataram que o homem havia fugido antes da chegada da viatura.<\/p>\n<p>Al\u00e9m de agredir as mulheres, o homem estava com por\u00e7\u00f5es de coca\u00edna e usava uma tornozeleira eletr\u00f4nica, pois cumpre medida cautelar.<\/p>\n<p>O suspeito foi encontrado, preso em flagrante e encaminhado \u00e0 delegacia de Barretos.<\/p>\n<p>VEJA TAMB\u00c9M:\u00a0<a href=\"https:\/\/redenoticiaz.com.br\/barretos-regiao\/sp\/2023\/03\/20\/onibus-que-transportava-equipe-de-futebol-americano-tomba-em-rodovia\">\u00d4nibus que transportava equipe de futebol americano tomba em rodovia<\/a><\/p>\n","protected":false},"excerpt":{"rendered":"<p>Um homem foi preso ap\u00f3s agredir duas mulheres bairro Vila Camargo, em Guaraci, neste domingo (19). Por\u00e7\u00f5es de coca\u00edna tamb\u00e9m foram encontradas com autor. Segundo informa\u00e7\u00f5es, equipes da Pol\u00edcia foram acionadas para atender a uma ocorr\u00eancia de viol\u00eancia dom\u00e9stica e encontraram as v\u00edtimas em uma casa. Questionadas, as mulheres contaram que foram agredidas pelo ex-namorado &hellip;<\/p>\n","protected":false},"author":15,"featured_media":102374,"comment_status":"open","ping_status":"closed","sticky":false,"template":"","format":"standard","meta":{"footnotes":""},"categories":[88],"tags":[25794,8448,14536],"class_list":["post-102372","post","type-post","status-publish","format-standard","has-post-thumbnail","hentry","category-policia","tag-agrediu","tag-homem","tag-tornozeleira-eletronica"],"yoast_head":"<!-- This site is optimized with the Yoast SEO plugin v27.4 - https:\/\/yoast.com\/product\/yoast-seo-wordpress\/ -->\n<title>Homem com tornozeleira eletr\u00f4nica \u00e9 preso ap\u00f3s agredir duas mulheres - Ribeir\u00e3o Preto e Regi\u00e3o<\/title>\n<meta name=\"description\" content=\"Um homem foi preso ap\u00f3s agredir duas mulheres bairro Vila Camargo, em Guaraci. Por\u00e7\u00f5es de coca\u00edna tamb\u00e9m foram encontradas com autor.\" \/>\n<meta name=\"robots\" content=\"index, follow, max-snippet:-1, max-image-preview:large, max-video-preview:-1\" \/>\n<link rel=\"canonical\" href=\"https:\/\/redenoticiaz.com.br\/ribeiraopreto-regiao\/sp\/2023\/03\/20\/homem-com-tornozeleira-eletronica-e-preso-apos-agredir-duas-mulheres\" \/>\n<meta property=\"og:locale\" content=\"pt_BR\" \/>\n<meta property=\"og:type\" content=\"article\" \/>\n<meta property=\"og:title\" content=\"Homem com tornozeleira eletr\u00f4nica \u00e9 preso ap\u00f3s agredir duas mulheres - Ribeir\u00e3o Preto e Regi\u00e3o\" \/>\n<meta property=\"og:description\" content=\"Um homem foi preso ap\u00f3s agredir duas mulheres bairro Vila Camargo, em Guaraci. Por\u00e7\u00f5es de coca\u00edna tamb\u00e9m foram encontradas com autor.\" \/>\n<meta property=\"og:url\" content=\"https:\/\/redenoticiaz.com.br\/ribeiraopreto-regiao\/sp\/2023\/03\/20\/homem-com-tornozeleira-eletronica-e-preso-apos-agredir-duas-mulheres\" \/>\n<meta property=\"og:site_name\" content=\"Ribeir\u00e3o Preto e Regi\u00e3o\" \/>\n<meta property=\"article:publisher\" content=\"https:\/\/m.facebook.com\/redenoticiaz.barretos\" \/>\n<meta property=\"article:published_time\" content=\"2023-03-20T18:21:48+00:00\" \/>\n<meta property=\"og:image\" content=\"https:\/\/redenoticiaz.com.br\/ribeiraopreto-regiao\/wp-content\/uploads\/sites\/4\/2023\/03\/COCAINA-OLIMPIA-1.jpeg\" \/>\n\t<meta property=\"og:image:width\" content=\"1270\" \/>\n\t<meta property=\"og:image:height\" content=\"800\" \/>\n\t<meta property=\"og:image:type\" content=\"image\/jpeg\" \/>\n<meta name=\"twitter:card\" content=\"summary_large_image\" \/>\n<meta name=\"twitter:creator\" content=\"@RN_barretos\" \/>\n<meta name=\"twitter:site\" content=\"@RN_barretos\" \/>\n<meta name=\"twitter:label1\" content=\"Escrito por\" \/>\n\t<meta name=\"twitter:data1\" content=\"\" \/>\n\t<meta name=\"twitter:label2\" content=\"Est. tempo de leitura\" \/>\n\t<meta name=\"twitter:data2\" content=\"1 minuto\" \/>\n<script type=\"application\/ld+json\" class=\"yoast-schema-graph\">{\"@context\":\"https:\\\/\\\/schema.org\",\"@graph\":[{\"@type\":\"Article\",\"@id\":\"https:\\\/\\\/redenoticiaz.com.br\\\/ribeiraopreto-regiao\\\/sp\\\/2023\\\/03\\\/20\\\/homem-com-tornozeleira-eletronica-e-preso-apos-agredir-duas-mulheres#article\",\"isPartOf\":{\"@id\":\"https:\\\/\\\/redenoticiaz.com.br\\\/ribeiraopreto-regiao\\\/sp\\\/2023\\\/03\\\/20\\\/homem-com-tornozeleira-eletronica-e-preso-apos-agredir-duas-mulheres\"},\"author\":{\"name\":\"\",\"@id\":\"\"},\"headline\":\"Homem com tornozeleira eletr\u00f4nica \u00e9 preso ap\u00f3s agredir duas mulheres\",\"datePublished\":\"2023-03-20T18:21:48+00:00\",\"mainEntityOfPage\":{\"@id\":\"https:\\\/\\\/redenoticiaz.com.br\\\/ribeiraopreto-regiao\\\/sp\\\/2023\\\/03\\\/20\\\/homem-com-tornozeleira-eletronica-e-preso-apos-agredir-duas-mulheres\"},\"wordCount\":142,\"commentCount\":0,\"publisher\":{\"@id\":\"https:\\\/\\\/redenoticiaz.com.br\\\/ribeiraopreto-regiao\\\/#organization\"},\"image\":{\"@id\":\"https:\\\/\\\/redenoticiaz.com.br\\\/ribeiraopreto-regiao\\\/sp\\\/2023\\\/03\\\/20\\\/homem-com-tornozeleira-eletronica-e-preso-apos-agredir-duas-mulheres#primaryimage\"},\"thumbnailUrl\":\"https:\\\/\\\/redenoticiaz.com.br\\\/ribeiraopreto-regiao\\\/wp-content\\\/uploads\\\/sites\\\/4\\\/2023\\\/03\\\/COCAINA-OLIMPIA-1.jpeg\",\"keywords\":[\"agrediu\",\"HOMEM\",\"TORNOZELEIRA ELETR\u00d4NICA\"],\"articleSection\":[\"Pol\u00edcia\"],\"inLanguage\":\"pt-BR\",\"potentialAction\":[{\"@type\":\"CommentAction\",\"name\":\"Comment\",\"target\":[\"https:\\\/\\\/redenoticiaz.com.br\\\/ribeiraopreto-regiao\\\/sp\\\/2023\\\/03\\\/20\\\/homem-com-tornozeleira-eletronica-e-preso-apos-agredir-duas-mulheres#respond\"]}]},{\"@type\":\"WebPage\",\"@id\":\"https:\\\/\\\/redenoticiaz.com.br\\\/ribeiraopreto-regiao\\\/sp\\\/2023\\\/03\\\/20\\\/homem-com-tornozeleira-eletronica-e-preso-apos-agredir-duas-mulheres\",\"url\":\"https:\\\/\\\/redenoticiaz.com.br\\\/ribeiraopreto-regiao\\\/sp\\\/2023\\\/03\\\/20\\\/homem-com-tornozeleira-eletronica-e-preso-apos-agredir-duas-mulheres\",\"name\":\"Homem com tornozeleira eletr\u00f4nica \u00e9 preso ap\u00f3s agredir duas mulheres - Ribeir\u00e3o Preto e Regi\u00e3o\",\"isPartOf\":{\"@id\":\"https:\\\/\\\/redenoticiaz.com.br\\\/ribeiraopreto-regiao\\\/#website\"},\"primaryImageOfPage\":{\"@id\":\"https:\\\/\\\/redenoticiaz.com.br\\\/ribeiraopreto-regiao\\\/sp\\\/2023\\\/03\\\/20\\\/homem-com-tornozeleira-eletronica-e-preso-apos-agredir-duas-mulheres#primaryimage\"},\"image\":{\"@id\":\"https:\\\/\\\/redenoticiaz.com.br\\\/ribeiraopreto-regiao\\\/sp\\\/2023\\\/03\\\/20\\\/homem-com-tornozeleira-eletronica-e-preso-apos-agredir-duas-mulheres#primaryimage\"},\"thumbnailUrl\":\"https:\\\/\\\/redenoticiaz.com.br\\\/ribeiraopreto-regiao\\\/wp-content\\\/uploads\\\/sites\\\/4\\\/2023\\\/03\\\/COCAINA-OLIMPIA-1.jpeg\",\"datePublished\":\"2023-03-20T18:21:48+00:00\",\"description\":\"Um homem foi preso ap\u00f3s agredir duas mulheres bairro Vila Camargo, em Guaraci. Por\u00e7\u00f5es de coca\u00edna tamb\u00e9m foram encontradas com autor.\",\"inLanguage\":\"pt-BR\",\"potentialAction\":[{\"@type\":\"ReadAction\",\"target\":[\"https:\\\/\\\/redenoticiaz.com.br\\\/ribeiraopreto-regiao\\\/sp\\\/2023\\\/03\\\/20\\\/homem-com-tornozeleira-eletronica-e-preso-apos-agredir-duas-mulheres\"]}]},{\"@type\":\"ImageObject\",\"inLanguage\":\"pt-BR\",\"@id\":\"https:\\\/\\\/redenoticiaz.com.br\\\/ribeiraopreto-regiao\\\/sp\\\/2023\\\/03\\\/20\\\/homem-com-tornozeleira-eletronica-e-preso-apos-agredir-duas-mulheres#primaryimage\",\"url\":\"https:\\\/\\\/redenoticiaz.com.br\\\/ribeiraopreto-regiao\\\/wp-content\\\/uploads\\\/sites\\\/4\\\/2023\\\/03\\\/COCAINA-OLIMPIA-1.jpeg\",\"contentUrl\":\"https:\\\/\\\/redenoticiaz.com.br\\\/ribeiraopreto-regiao\\\/wp-content\\\/uploads\\\/sites\\\/4\\\/2023\\\/03\\\/COCAINA-OLIMPIA-1.jpeg\",\"width\":1270,\"height\":800,\"caption\":\"Homem com tornozeleira eletr\u00f4nica \u00e9 preso ap\u00f3s agredir mulheres. Cr\u00e9dito: Divulga\u00e7\u00e3o\"},{\"@type\":\"WebSite\",\"@id\":\"https:\\\/\\\/redenoticiaz.com.br\\\/ribeiraopreto-regiao\\\/#website\",\"url\":\"https:\\\/\\\/redenoticiaz.com.br\\\/ribeiraopreto-regiao\\\/\",\"name\":\"Ribeir\u00e3o Preto e Regi\u00e3o\",\"description\":\"Rede NoticiaZ - Ribeir\u00e3o Preto e regi\u00e3o\",\"publisher\":{\"@id\":\"https:\\\/\\\/redenoticiaz.com.br\\\/ribeiraopreto-regiao\\\/#organization\"},\"potentialAction\":[{\"@type\":\"SearchAction\",\"target\":{\"@type\":\"EntryPoint\",\"urlTemplate\":\"https:\\\/\\\/redenoticiaz.com.br\\\/ribeiraopreto-regiao\\\/?s={search_term_string}\"},\"query-input\":{\"@type\":\"PropertyValueSpecification\",\"valueRequired\":true,\"valueName\":\"search_term_string\"}}],\"inLanguage\":\"pt-BR\"},{\"@type\":\"Organization\",\"@id\":\"https:\\\/\\\/redenoticiaz.com.br\\\/ribeiraopreto-regiao\\\/#organization\",\"name\":\"Ribeir\u00e3o Preto e Regi\u00e3o\",\"url\":\"https:\\\/\\\/redenoticiaz.com.br\\\/ribeiraopreto-regiao\\\/\",\"logo\":{\"@type\":\"ImageObject\",\"inLanguage\":\"pt-BR\",\"@id\":\"https:\\\/\\\/redenoticiaz.com.br\\\/ribeiraopreto-regiao\\\/#\\\/schema\\\/logo\\\/image\\\/\",\"url\":\"https:\\\/\\\/redenoticiaz.com.br\\\/barretos-regiao\\\/wp-content\\\/uploads\\\/sites\\\/4\\\/2022\\\/02\\\/logo.jpg\",\"contentUrl\":\"https:\\\/\\\/redenoticiaz.com.br\\\/barretos-regiao\\\/wp-content\\\/uploads\\\/sites\\\/4\\\/2022\\\/02\\\/logo.jpg\",\"width\":400,\"height\":250,\"caption\":\"Ribeir\u00e3o Preto e Regi\u00e3o\"},\"image\":{\"@id\":\"https:\\\/\\\/redenoticiaz.com.br\\\/ribeiraopreto-regiao\\\/#\\\/schema\\\/logo\\\/image\\\/\"},\"sameAs\":[\"https:\\\/\\\/m.facebook.com\\\/redenoticiaz.barretos\",\"https:\\\/\\\/x.com\\\/RN_barretos\",\"https:\\\/\\\/www.instagram.com\\\/redenoticiaz.barretos\\\/?igshid=YmMyMTA2M2Y\",\"https:\\\/\\\/www.linkedin.com\\\/company\\\/rede-noticiaz-barretos-e-regio\\\/\"]},{\"@type\":\"Person\",\"@id\":\"\",\"url\":\"https:\\\/\\\/redenoticiaz.com.br\\\/ribeiraopreto-regiao\\\/sp\\\/author\"}]}<\/script>\n<!-- \/ Yoast SEO plugin. -->","yoast_head_json":{"title":"Homem com tornozeleira eletr\u00f4nica \u00e9 preso ap\u00f3s agredir duas mulheres - Ribeir\u00e3o Preto e Regi\u00e3o","description":"Um homem foi preso ap\u00f3s agredir duas mulheres bairro Vila Camargo, em Guaraci. Por\u00e7\u00f5es de coca\u00edna tamb\u00e9m foram encontradas com autor.","robots":{"index":"index","follow":"follow","max-snippet":"max-snippet:-1","max-image-preview":"max-image-preview:large","max-video-preview":"max-video-preview:-1"},"canonical":"https:\/\/redenoticiaz.com.br\/ribeiraopreto-regiao\/sp\/2023\/03\/20\/homem-com-tornozeleira-eletronica-e-preso-apos-agredir-duas-mulheres","og_locale":"pt_BR","og_type":"article","og_title":"Homem com tornozeleira eletr\u00f4nica \u00e9 preso ap\u00f3s agredir duas mulheres - Ribeir\u00e3o Preto e Regi\u00e3o","og_description":"Um homem foi preso ap\u00f3s agredir duas mulheres bairro Vila Camargo, em Guaraci. Por\u00e7\u00f5es de coca\u00edna tamb\u00e9m foram encontradas com autor.","og_url":"https:\/\/redenoticiaz.com.br\/ribeiraopreto-regiao\/sp\/2023\/03\/20\/homem-com-tornozeleira-eletronica-e-preso-apos-agredir-duas-mulheres","og_site_name":"Ribeir\u00e3o Preto e Regi\u00e3o","article_publisher":"https:\/\/m.facebook.com\/redenoticiaz.barretos","article_published_time":"2023-03-20T18:21:48+00:00","og_image":[{"width":1270,"height":800,"url":"https:\/\/redenoticiaz.com.br\/ribeiraopreto-regiao\/wp-content\/uploads\/sites\/4\/2023\/03\/COCAINA-OLIMPIA-1.jpeg","type":"image\/jpeg"}],"twitter_card":"summary_large_image","twitter_creator":"@RN_barretos","twitter_site":"@RN_barretos","twitter_misc":{"Escrito por":"","Est. tempo de leitura":"1 minuto"},"schema":{"@context":"https:\/\/schema.org","@graph":[{"@type":"Article","@id":"https:\/\/redenoticiaz.com.br\/ribeiraopreto-regiao\/sp\/2023\/03\/20\/homem-com-tornozeleira-eletronica-e-preso-apos-agredir-duas-mulheres#article","isPartOf":{"@id":"https:\/\/redenoticiaz.com.br\/ribeiraopreto-regiao\/sp\/2023\/03\/20\/homem-com-tornozeleira-eletronica-e-preso-apos-agredir-duas-mulheres"},"author":{"name":"","@id":""},"headline":"Homem com tornozeleira eletr\u00f4nica \u00e9 preso ap\u00f3s agredir duas mulheres","datePublished":"2023-03-20T18:21:48+00:00","mainEntityOfPage":{"@id":"https:\/\/redenoticiaz.com.br\/ribeiraopreto-regiao\/sp\/2023\/03\/20\/homem-com-tornozeleira-eletronica-e-preso-apos-agredir-duas-mulheres"},"wordCount":142,"commentCount":0,"publisher":{"@id":"https:\/\/redenoticiaz.com.br\/ribeiraopreto-regiao\/#organization"},"image":{"@id":"https:\/\/redenoticiaz.com.br\/ribeiraopreto-regiao\/sp\/2023\/03\/20\/homem-com-tornozeleira-eletronica-e-preso-apos-agredir-duas-mulheres#primaryimage"},"thumbnailUrl":"https:\/\/redenoticiaz.com.br\/ribeiraopreto-regiao\/wp-content\/uploads\/sites\/4\/2023\/03\/COCAINA-OLIMPIA-1.jpeg","keywords":["agrediu","HOMEM","TORNOZELEIRA ELETR\u00d4NICA"],"articleSection":["Pol\u00edcia"],"inLanguage":"pt-BR","potentialAction":[{"@type":"CommentAction","name":"Comment","target":["https:\/\/redenoticiaz.com.br\/ribeiraopreto-regiao\/sp\/2023\/03\/20\/homem-com-tornozeleira-eletronica-e-preso-apos-agredir-duas-mulheres#respond"]}]},{"@type":"WebPage","@id":"https:\/\/redenoticiaz.com.br\/ribeiraopreto-regiao\/sp\/2023\/03\/20\/homem-com-tornozeleira-eletronica-e-preso-apos-agredir-duas-mulheres","url":"https:\/\/redenoticiaz.com.br\/ribeiraopreto-regiao\/sp\/2023\/03\/20\/homem-com-tornozeleira-eletronica-e-preso-apos-agredir-duas-mulheres","name":"Homem com tornozeleira eletr\u00f4nica \u00e9 preso ap\u00f3s agredir duas mulheres - Ribeir\u00e3o Preto e Regi\u00e3o","isPartOf":{"@id":"https:\/\/redenoticiaz.com.br\/ribeiraopreto-regiao\/#website"},"primaryImageOfPage":{"@id":"https:\/\/redenoticiaz.com.br\/ribeiraopreto-regiao\/sp\/2023\/03\/20\/homem-com-tornozeleira-eletronica-e-preso-apos-agredir-duas-mulheres#primaryimage"},"image":{"@id":"https:\/\/redenoticiaz.com.br\/ribeiraopreto-regiao\/sp\/2023\/03\/20\/homem-com-tornozeleira-eletronica-e-preso-apos-agredir-duas-mulheres#primaryimage"},"thumbnailUrl":"https:\/\/redenoticiaz.com.br\/ribeiraopreto-regiao\/wp-content\/uploads\/sites\/4\/2023\/03\/COCAINA-OLIMPIA-1.jpeg","datePublished":"2023-03-20T18:21:48+00:00","description":"Um homem foi preso ap\u00f3s agredir duas mulheres bairro Vila Camargo, em Guaraci. Por\u00e7\u00f5es de coca\u00edna tamb\u00e9m foram encontradas com autor.","inLanguage":"pt-BR","potentialAction":[{"@type":"ReadAction","target":["https:\/\/redenoticiaz.com.br\/ribeiraopreto-regiao\/sp\/2023\/03\/20\/homem-com-tornozeleira-eletronica-e-preso-apos-agredir-duas-mulheres"]}]},{"@type":"ImageObject","inLanguage":"pt-BR","@id":"https:\/\/redenoticiaz.com.br\/ribeiraopreto-regiao\/sp\/2023\/03\/20\/homem-com-tornozeleira-eletronica-e-preso-apos-agredir-duas-mulheres#primaryimage","url":"https:\/\/redenoticiaz.com.br\/ribeiraopreto-regiao\/wp-content\/uploads\/sites\/4\/2023\/03\/COCAINA-OLIMPIA-1.jpeg","contentUrl":"https:\/\/redenoticiaz.com.br\/ribeiraopreto-regiao\/wp-content\/uploads\/sites\/4\/2023\/03\/COCAINA-OLIMPIA-1.jpeg","width":1270,"height":800,"caption":"Homem com tornozeleira eletr\u00f4nica \u00e9 preso ap\u00f3s agredir mulheres. Cr\u00e9dito: Divulga\u00e7\u00e3o"},{"@type":"WebSite","@id":"https:\/\/redenoticiaz.com.br\/ribeiraopreto-regiao\/#website","url":"https:\/\/redenoticiaz.com.br\/ribeiraopreto-regiao\/","name":"Ribeir\u00e3o Preto e Regi\u00e3o","description":"Rede NoticiaZ - Ribeir\u00e3o Preto e regi\u00e3o","publisher":{"@id":"https:\/\/redenoticiaz.com.br\/ribeiraopreto-regiao\/#organization"},"potentialAction":[{"@type":"SearchAction","target":{"@type":"EntryPoint","urlTemplate":"https:\/\/redenoticiaz.com.br\/ribeiraopreto-regiao\/?s={search_term_string}"},"query-input":{"@type":"PropertyValueSpecification","valueRequired":true,"valueName":"search_term_string"}}],"inLanguage":"pt-BR"},{"@type":"Organization","@id":"https:\/\/redenoticiaz.com.br\/ribeiraopreto-regiao\/#organization","name":"Ribeir\u00e3o Preto e Regi\u00e3o","url":"https:\/\/redenoticiaz.com.br\/ribeiraopreto-regiao\/","logo":{"@type":"ImageObject","inLanguage":"pt-BR","@id":"https:\/\/redenoticiaz.com.br\/ribeiraopreto-regiao\/#\/schema\/logo\/image\/","url":"https:\/\/redenoticiaz.com.br\/barretos-regiao\/wp-content\/uploads\/sites\/4\/2022\/02\/logo.jpg","contentUrl":"https:\/\/redenoticiaz.com.br\/barretos-regiao\/wp-content\/uploads\/sites\/4\/2022\/02\/logo.jpg","width":400,"height":250,"caption":"Ribeir\u00e3o Preto e Regi\u00e3o"},"image":{"@id":"https:\/\/redenoticiaz.com.br\/ribeiraopreto-regiao\/#\/schema\/logo\/image\/"},"sameAs":["https:\/\/m.facebook.com\/redenoticiaz.barretos","https:\/\/x.com\/RN_barretos","https:\/\/www.instagram.com\/redenoticiaz.barretos\/?igshid=YmMyMTA2M2Y","https:\/\/www.linkedin.com\/company\/rede-noticiaz-barretos-e-regio\/"]},{"@type":"Person","@id":"","url":"https:\/\/redenoticiaz.com.br\/ribeiraopreto-regiao\/sp\/author"}]}},"_links":{"self":[{"href":"https:\/\/redenoticiaz.com.br\/ribeiraopreto-regiao\/wp-json\/wp\/v2\/posts\/102372","targetHints":{"allow":["GET"]}}],"collection":[{"href":"https:\/\/redenoticiaz.com.br\/ribeiraopreto-regiao\/wp-json\/wp\/v2\/posts"}],"about":[{"href":"https:\/\/redenoticiaz.com.br\/ribeiraopreto-regiao\/wp-json\/wp\/v2\/types\/post"}],"author":[{"embeddable":true,"href":"https:\/\/redenoticiaz.com.br\/ribeiraopreto-regiao\/wp-json\/wp\/v2\/users\/15"}],"replies":[{"embeddable":true,"href":"https:\/\/redenoticiaz.com.br\/ribeiraopreto-regiao\/wp-json\/wp\/v2\/comments?post=102372"}],"version-history":[{"count":2,"href":"https:\/\/redenoticiaz.com.br\/ribeiraopreto-regiao\/wp-json\/wp\/v2\/posts\/102372\/revisions"}],"predecessor-version":[{"id":102375,"href":"https:\/\/redenoticiaz.com.br\/ribeiraopreto-regiao\/wp-json\/wp\/v2\/posts\/102372\/revisions\/102375"}],"wp:featuredmedia":[{"embeddable":true,"href":"https:\/\/redenoticiaz.com.br\/ribeiraopreto-regiao\/wp-json\/wp\/v2\/media\/102374"}],"wp:attachment":[{"href":"https:\/\/redenoticiaz.com.br\/ribeiraopreto-regiao\/wp-json\/wp\/v2\/media?parent=102372"}],"wp:term":[{"taxonomy":"category","embeddable":true,"href":"https:\/\/redenoticiaz.com.br\/ribeiraopreto-regiao\/wp-json\/wp\/v2\/categories?post=102372"},{"taxonomy":"post_tag","embeddable":true,"href":"https:\/\/redenoticiaz.com.br\/ribeiraopreto-regiao\/wp-json\/wp\/v2\/tags?post=102372"}],"curies":[{"name":"wp","href":"https:\/\/api.w.org\/{rel}","templated":true}]}}