{"id":102391,"date":"2023-03-25T07:00:14","date_gmt":"2023-03-25T10:00:14","guid":{"rendered":"https:\/\/redenoticiaz.com.br\/barretos-regiao\/?p=102391"},"modified":"2023-03-20T17:09:24","modified_gmt":"2023-03-20T20:09:24","slug":"trailer-da-quinta-e-ultima-temporada-de-a-maravilhosa-sra-maisel","status":"publish","type":"post","link":"https:\/\/redenoticiaz.com.br\/ribeiraopreto-regiao\/sp\/2023\/03\/25\/trailer-da-quinta-e-ultima-temporada-de-a-maravilhosa-sra-maisel","title":{"rendered":"Trailer da quinta e \u00faltima temporada de A Maravilhosa Sra. Maisel"},"content":{"rendered":"<p>A s\u00e9rie que j\u00e1 ganhou mais de 20 Pr\u00eamios Emmy, incluindo Melhor S\u00e9rie de Com\u00e9dia, al\u00e9m de seis Critics Choice Awards, est\u00e1 de volta na sua quinta e \u00faltima temporada. Nesta semana a Prime Video anunciou o trailer de\u00a0<i>A Maravilhosa Sra. Maisel.<\/i><\/p>\n<p>A s\u00e9rie, que conquistou o p\u00fablico nos \u00faltimos seis anos, tem seu ato final marcado para estrear globalmente em 14 de abril com tr\u00eas epis\u00f3dios, al\u00e9m de novos epis\u00f3dios semanais, culminando no epis\u00f3dio final em 26 de maio.<\/p>\n<p>Como mostra o trailer, que <i>A Maravilhosa Sra. Maisel,<\/i>\u00a0Midge se v\u00ea mais pr\u00f3xima do sucesso que sempre sonhou em alcan\u00e7ar, apenas para descobrir que mesmo estando muito perto, ainda h\u00e1 um longo caminho a percorrer.<\/p>\n<p><iframe loading=\"lazy\" title=\"Maravilhosa Sra. Maisel \u2013 Temporada 5 | Trailer Oficial | Prime Video\" width=\"500\" height=\"281\" src=\"https:\/\/www.youtube.com\/embed\/mXoe6u7yaqU?feature=oembed\" frameborder=\"0\" allow=\"accelerometer; autoplay; clipboard-write; encrypted-media; gyroscope; picture-in-picture; web-share\" referrerpolicy=\"strict-origin-when-cross-origin\" allowfullscreen><\/iframe><\/p>\n<p>&nbsp;<\/p>\n<p>A s\u00e9rie se tornou um dos programas mais aclamados e queridos da ind\u00fastria. Os<i> novos epis\u00f3dios estreiam\u00a0<\/i><i>globalmente no streaming no dia 14 de abril.\u00a0<\/i><\/p>\n<p>VEJA TAMB\u00c9M:\u00a0<a href=\"https:\/\/redenoticiaz.com.br\/barretos-regiao\/sp\/2023\/03\/18\/video-disney-lanca-trailer-da-nova-comedia-romantica-um-pacto-de-amizade\">V\u00cdDEO &#8211; Disney lan\u00e7a trailer da nova com\u00e9dia rom\u00e2ntica Um Pacto de Amizade<\/a><\/p>\n<p>&nbsp;<\/p>\n","protected":false},"excerpt":{"rendered":"<p>A s\u00e9rie que j\u00e1 ganhou mais de 20 Pr\u00eamios Emmy, incluindo Melhor S\u00e9rie de Com\u00e9dia, al\u00e9m de seis Critics Choice Awards, est\u00e1 de volta na sua quinta e \u00faltima temporada. Nesta semana a Prime Video anunciou o trailer de\u00a0A Maravilhosa Sra. Maisel. A s\u00e9rie, que conquistou o p\u00fablico nos \u00faltimos seis anos, tem seu ato &hellip;<\/p>\n","protected":false},"author":15,"featured_media":102392,"comment_status":"open","ping_status":"closed","sticky":false,"template":"","format":"standard","meta":{"footnotes":""},"categories":[23210,469,134],"tags":[25798,14952,12580,20464],"class_list":["post-102391","post","type-post","status-publish","format-standard","has-post-thumbnail","hentry","category-cameraz","category-cultura","category-entretenimento","tag-a-maravilhosa-sra-maisel","tag-prime-video","tag-serie","tag-ultima-temporada"],"yoast_head":"<!-- This site is optimized with the Yoast SEO plugin v27.4 - https:\/\/yoast.com\/product\/yoast-seo-wordpress\/ -->\n<title>Trailer da quinta e \u00faltima temporada de A Maravilhosa Sra. Maisel - Ribeir\u00e3o Preto e Regi\u00e3o<\/title>\n<meta name=\"description\" content=\"A s\u00e9rie que j\u00e1 ganhou mais de 20 Pr\u00eamios Emmy, incluindo Melhor S\u00e9rie de Com\u00e9dia, al\u00e9m de seis Critics Choice Awards, est\u00e1 de volta.\" \/>\n<meta name=\"robots\" content=\"index, follow, max-snippet:-1, max-image-preview:large, max-video-preview:-1\" \/>\n<link rel=\"canonical\" href=\"https:\/\/redenoticiaz.com.br\/ribeiraopreto-regiao\/sp\/2023\/03\/25\/trailer-da-quinta-e-ultima-temporada-de-a-maravilhosa-sra-maisel\" \/>\n<meta property=\"og:locale\" content=\"pt_BR\" \/>\n<meta property=\"og:type\" content=\"article\" \/>\n<meta property=\"og:title\" content=\"Trailer da quinta e \u00faltima temporada de A Maravilhosa Sra. Maisel - Ribeir\u00e3o Preto e Regi\u00e3o\" \/>\n<meta property=\"og:description\" content=\"A s\u00e9rie que j\u00e1 ganhou mais de 20 Pr\u00eamios Emmy, incluindo Melhor S\u00e9rie de Com\u00e9dia, al\u00e9m de seis Critics Choice Awards, est\u00e1 de volta.\" \/>\n<meta property=\"og:url\" content=\"https:\/\/redenoticiaz.com.br\/ribeiraopreto-regiao\/sp\/2023\/03\/25\/trailer-da-quinta-e-ultima-temporada-de-a-maravilhosa-sra-maisel\" \/>\n<meta property=\"og:site_name\" content=\"Ribeir\u00e3o Preto e Regi\u00e3o\" \/>\n<meta property=\"article:publisher\" content=\"https:\/\/m.facebook.com\/redenoticiaz.barretos\" \/>\n<meta property=\"article:published_time\" content=\"2023-03-25T10:00:14+00:00\" \/>\n<meta property=\"og:image\" content=\"https:\/\/redenoticiaz.com.br\/ribeiraopreto-regiao\/wp-content\/uploads\/sites\/4\/2023\/03\/A-Maravilhosa-Sra.-Maisel.jpg\" \/>\n\t<meta property=\"og:image:width\" content=\"404\" \/>\n\t<meta property=\"og:image:height\" content=\"298\" \/>\n\t<meta property=\"og:image:type\" content=\"image\/jpeg\" \/>\n<meta name=\"twitter:card\" content=\"summary_large_image\" \/>\n<meta name=\"twitter:creator\" content=\"@RN_barretos\" \/>\n<meta name=\"twitter:site\" content=\"@RN_barretos\" \/>\n<meta name=\"twitter:label1\" content=\"Escrito por\" \/>\n\t<meta name=\"twitter:data1\" content=\"\" \/>\n\t<meta name=\"twitter:label2\" content=\"Est. tempo de leitura\" \/>\n\t<meta name=\"twitter:data2\" content=\"1 minuto\" \/>\n<script type=\"application\/ld+json\" class=\"yoast-schema-graph\">{\"@context\":\"https:\\\/\\\/schema.org\",\"@graph\":[{\"@type\":\"Article\",\"@id\":\"https:\\\/\\\/redenoticiaz.com.br\\\/ribeiraopreto-regiao\\\/sp\\\/2023\\\/03\\\/25\\\/trailer-da-quinta-e-ultima-temporada-de-a-maravilhosa-sra-maisel#article\",\"isPartOf\":{\"@id\":\"https:\\\/\\\/redenoticiaz.com.br\\\/ribeiraopreto-regiao\\\/sp\\\/2023\\\/03\\\/25\\\/trailer-da-quinta-e-ultima-temporada-de-a-maravilhosa-sra-maisel\"},\"author\":{\"name\":\"\",\"@id\":\"\"},\"headline\":\"Trailer da quinta e \u00faltima temporada de A Maravilhosa Sra. Maisel\",\"datePublished\":\"2023-03-25T10:00:14+00:00\",\"mainEntityOfPage\":{\"@id\":\"https:\\\/\\\/redenoticiaz.com.br\\\/ribeiraopreto-regiao\\\/sp\\\/2023\\\/03\\\/25\\\/trailer-da-quinta-e-ultima-temporada-de-a-maravilhosa-sra-maisel\"},\"wordCount\":196,\"commentCount\":0,\"publisher\":{\"@id\":\"https:\\\/\\\/redenoticiaz.com.br\\\/ribeiraopreto-regiao\\\/#organization\"},\"image\":{\"@id\":\"https:\\\/\\\/redenoticiaz.com.br\\\/ribeiraopreto-regiao\\\/sp\\\/2023\\\/03\\\/25\\\/trailer-da-quinta-e-ultima-temporada-de-a-maravilhosa-sra-maisel#primaryimage\"},\"thumbnailUrl\":\"https:\\\/\\\/redenoticiaz.com.br\\\/ribeiraopreto-regiao\\\/wp-content\\\/uploads\\\/sites\\\/4\\\/2023\\\/03\\\/A-Maravilhosa-Sra.-Maisel.jpg\",\"keywords\":[\"A Maravilhosa Sra. Maisel\",\"PRIME VIDEO\",\"S\u00c9RIE\",\"\u00daLTIMA TEMPORADA\"],\"articleSection\":[\"C\u00e2mera Z\",\"Cultura\",\"Entretenimento\"],\"inLanguage\":\"pt-BR\",\"potentialAction\":[{\"@type\":\"CommentAction\",\"name\":\"Comment\",\"target\":[\"https:\\\/\\\/redenoticiaz.com.br\\\/ribeiraopreto-regiao\\\/sp\\\/2023\\\/03\\\/25\\\/trailer-da-quinta-e-ultima-temporada-de-a-maravilhosa-sra-maisel#respond\"]}]},{\"@type\":\"WebPage\",\"@id\":\"https:\\\/\\\/redenoticiaz.com.br\\\/ribeiraopreto-regiao\\\/sp\\\/2023\\\/03\\\/25\\\/trailer-da-quinta-e-ultima-temporada-de-a-maravilhosa-sra-maisel\",\"url\":\"https:\\\/\\\/redenoticiaz.com.br\\\/ribeiraopreto-regiao\\\/sp\\\/2023\\\/03\\\/25\\\/trailer-da-quinta-e-ultima-temporada-de-a-maravilhosa-sra-maisel\",\"name\":\"Trailer da quinta e \u00faltima temporada de A Maravilhosa Sra. Maisel - Ribeir\u00e3o Preto e Regi\u00e3o\",\"isPartOf\":{\"@id\":\"https:\\\/\\\/redenoticiaz.com.br\\\/ribeiraopreto-regiao\\\/#website\"},\"primaryImageOfPage\":{\"@id\":\"https:\\\/\\\/redenoticiaz.com.br\\\/ribeiraopreto-regiao\\\/sp\\\/2023\\\/03\\\/25\\\/trailer-da-quinta-e-ultima-temporada-de-a-maravilhosa-sra-maisel#primaryimage\"},\"image\":{\"@id\":\"https:\\\/\\\/redenoticiaz.com.br\\\/ribeiraopreto-regiao\\\/sp\\\/2023\\\/03\\\/25\\\/trailer-da-quinta-e-ultima-temporada-de-a-maravilhosa-sra-maisel#primaryimage\"},\"thumbnailUrl\":\"https:\\\/\\\/redenoticiaz.com.br\\\/ribeiraopreto-regiao\\\/wp-content\\\/uploads\\\/sites\\\/4\\\/2023\\\/03\\\/A-Maravilhosa-Sra.-Maisel.jpg\",\"datePublished\":\"2023-03-25T10:00:14+00:00\",\"description\":\"A s\u00e9rie que j\u00e1 ganhou mais de 20 Pr\u00eamios Emmy, incluindo Melhor S\u00e9rie de Com\u00e9dia, al\u00e9m de seis Critics Choice Awards, est\u00e1 de volta.\",\"inLanguage\":\"pt-BR\",\"potentialAction\":[{\"@type\":\"ReadAction\",\"target\":[\"https:\\\/\\\/redenoticiaz.com.br\\\/ribeiraopreto-regiao\\\/sp\\\/2023\\\/03\\\/25\\\/trailer-da-quinta-e-ultima-temporada-de-a-maravilhosa-sra-maisel\"]}]},{\"@type\":\"ImageObject\",\"inLanguage\":\"pt-BR\",\"@id\":\"https:\\\/\\\/redenoticiaz.com.br\\\/ribeiraopreto-regiao\\\/sp\\\/2023\\\/03\\\/25\\\/trailer-da-quinta-e-ultima-temporada-de-a-maravilhosa-sra-maisel#primaryimage\",\"url\":\"https:\\\/\\\/redenoticiaz.com.br\\\/ribeiraopreto-regiao\\\/wp-content\\\/uploads\\\/sites\\\/4\\\/2023\\\/03\\\/A-Maravilhosa-Sra.-Maisel.jpg\",\"contentUrl\":\"https:\\\/\\\/redenoticiaz.com.br\\\/ribeiraopreto-regiao\\\/wp-content\\\/uploads\\\/sites\\\/4\\\/2023\\\/03\\\/A-Maravilhosa-Sra.-Maisel.jpg\",\"width\":404,\"height\":298,\"caption\":\"A Maravilhosa Sra. Maisel. Cr\u00e9dito: Divulga\u00e7\u00e3o\\\/ Prime Video\"},{\"@type\":\"WebSite\",\"@id\":\"https:\\\/\\\/redenoticiaz.com.br\\\/ribeiraopreto-regiao\\\/#website\",\"url\":\"https:\\\/\\\/redenoticiaz.com.br\\\/ribeiraopreto-regiao\\\/\",\"name\":\"Ribeir\u00e3o Preto e Regi\u00e3o\",\"description\":\"Rede NoticiaZ - Ribeir\u00e3o Preto e regi\u00e3o\",\"publisher\":{\"@id\":\"https:\\\/\\\/redenoticiaz.com.br\\\/ribeiraopreto-regiao\\\/#organization\"},\"potentialAction\":[{\"@type\":\"SearchAction\",\"target\":{\"@type\":\"EntryPoint\",\"urlTemplate\":\"https:\\\/\\\/redenoticiaz.com.br\\\/ribeiraopreto-regiao\\\/?s={search_term_string}\"},\"query-input\":{\"@type\":\"PropertyValueSpecification\",\"valueRequired\":true,\"valueName\":\"search_term_string\"}}],\"inLanguage\":\"pt-BR\"},{\"@type\":\"Organization\",\"@id\":\"https:\\\/\\\/redenoticiaz.com.br\\\/ribeiraopreto-regiao\\\/#organization\",\"name\":\"Ribeir\u00e3o Preto e Regi\u00e3o\",\"url\":\"https:\\\/\\\/redenoticiaz.com.br\\\/ribeiraopreto-regiao\\\/\",\"logo\":{\"@type\":\"ImageObject\",\"inLanguage\":\"pt-BR\",\"@id\":\"https:\\\/\\\/redenoticiaz.com.br\\\/ribeiraopreto-regiao\\\/#\\\/schema\\\/logo\\\/image\\\/\",\"url\":\"https:\\\/\\\/redenoticiaz.com.br\\\/barretos-regiao\\\/wp-content\\\/uploads\\\/sites\\\/4\\\/2022\\\/02\\\/logo.jpg\",\"contentUrl\":\"https:\\\/\\\/redenoticiaz.com.br\\\/barretos-regiao\\\/wp-content\\\/uploads\\\/sites\\\/4\\\/2022\\\/02\\\/logo.jpg\",\"width\":400,\"height\":250,\"caption\":\"Ribeir\u00e3o Preto e Regi\u00e3o\"},\"image\":{\"@id\":\"https:\\\/\\\/redenoticiaz.com.br\\\/ribeiraopreto-regiao\\\/#\\\/schema\\\/logo\\\/image\\\/\"},\"sameAs\":[\"https:\\\/\\\/m.facebook.com\\\/redenoticiaz.barretos\",\"https:\\\/\\\/x.com\\\/RN_barretos\",\"https:\\\/\\\/www.instagram.com\\\/redenoticiaz.barretos\\\/?igshid=YmMyMTA2M2Y\",\"https:\\\/\\\/www.linkedin.com\\\/company\\\/rede-noticiaz-barretos-e-regio\\\/\"]},{\"@type\":\"Person\",\"@id\":\"\",\"url\":\"https:\\\/\\\/redenoticiaz.com.br\\\/ribeiraopreto-regiao\\\/sp\\\/author\"}]}<\/script>\n<!-- \/ Yoast SEO plugin. -->","yoast_head_json":{"title":"Trailer da quinta e \u00faltima temporada de A Maravilhosa Sra. Maisel - Ribeir\u00e3o Preto e Regi\u00e3o","description":"A s\u00e9rie que j\u00e1 ganhou mais de 20 Pr\u00eamios Emmy, incluindo Melhor S\u00e9rie de Com\u00e9dia, al\u00e9m de seis Critics Choice Awards, est\u00e1 de volta.","robots":{"index":"index","follow":"follow","max-snippet":"max-snippet:-1","max-image-preview":"max-image-preview:large","max-video-preview":"max-video-preview:-1"},"canonical":"https:\/\/redenoticiaz.com.br\/ribeiraopreto-regiao\/sp\/2023\/03\/25\/trailer-da-quinta-e-ultima-temporada-de-a-maravilhosa-sra-maisel","og_locale":"pt_BR","og_type":"article","og_title":"Trailer da quinta e \u00faltima temporada de A Maravilhosa Sra. Maisel - Ribeir\u00e3o Preto e Regi\u00e3o","og_description":"A s\u00e9rie que j\u00e1 ganhou mais de 20 Pr\u00eamios Emmy, incluindo Melhor S\u00e9rie de Com\u00e9dia, al\u00e9m de seis Critics Choice Awards, est\u00e1 de volta.","og_url":"https:\/\/redenoticiaz.com.br\/ribeiraopreto-regiao\/sp\/2023\/03\/25\/trailer-da-quinta-e-ultima-temporada-de-a-maravilhosa-sra-maisel","og_site_name":"Ribeir\u00e3o Preto e Regi\u00e3o","article_publisher":"https:\/\/m.facebook.com\/redenoticiaz.barretos","article_published_time":"2023-03-25T10:00:14+00:00","og_image":[{"width":404,"height":298,"url":"https:\/\/redenoticiaz.com.br\/ribeiraopreto-regiao\/wp-content\/uploads\/sites\/4\/2023\/03\/A-Maravilhosa-Sra.-Maisel.jpg","type":"image\/jpeg"}],"twitter_card":"summary_large_image","twitter_creator":"@RN_barretos","twitter_site":"@RN_barretos","twitter_misc":{"Escrito por":"","Est. tempo de leitura":"1 minuto"},"schema":{"@context":"https:\/\/schema.org","@graph":[{"@type":"Article","@id":"https:\/\/redenoticiaz.com.br\/ribeiraopreto-regiao\/sp\/2023\/03\/25\/trailer-da-quinta-e-ultima-temporada-de-a-maravilhosa-sra-maisel#article","isPartOf":{"@id":"https:\/\/redenoticiaz.com.br\/ribeiraopreto-regiao\/sp\/2023\/03\/25\/trailer-da-quinta-e-ultima-temporada-de-a-maravilhosa-sra-maisel"},"author":{"name":"","@id":""},"headline":"Trailer da quinta e \u00faltima temporada de A Maravilhosa Sra. Maisel","datePublished":"2023-03-25T10:00:14+00:00","mainEntityOfPage":{"@id":"https:\/\/redenoticiaz.com.br\/ribeiraopreto-regiao\/sp\/2023\/03\/25\/trailer-da-quinta-e-ultima-temporada-de-a-maravilhosa-sra-maisel"},"wordCount":196,"commentCount":0,"publisher":{"@id":"https:\/\/redenoticiaz.com.br\/ribeiraopreto-regiao\/#organization"},"image":{"@id":"https:\/\/redenoticiaz.com.br\/ribeiraopreto-regiao\/sp\/2023\/03\/25\/trailer-da-quinta-e-ultima-temporada-de-a-maravilhosa-sra-maisel#primaryimage"},"thumbnailUrl":"https:\/\/redenoticiaz.com.br\/ribeiraopreto-regiao\/wp-content\/uploads\/sites\/4\/2023\/03\/A-Maravilhosa-Sra.-Maisel.jpg","keywords":["A Maravilhosa Sra. Maisel","PRIME VIDEO","S\u00c9RIE","\u00daLTIMA TEMPORADA"],"articleSection":["C\u00e2mera Z","Cultura","Entretenimento"],"inLanguage":"pt-BR","potentialAction":[{"@type":"CommentAction","name":"Comment","target":["https:\/\/redenoticiaz.com.br\/ribeiraopreto-regiao\/sp\/2023\/03\/25\/trailer-da-quinta-e-ultima-temporada-de-a-maravilhosa-sra-maisel#respond"]}]},{"@type":"WebPage","@id":"https:\/\/redenoticiaz.com.br\/ribeiraopreto-regiao\/sp\/2023\/03\/25\/trailer-da-quinta-e-ultima-temporada-de-a-maravilhosa-sra-maisel","url":"https:\/\/redenoticiaz.com.br\/ribeiraopreto-regiao\/sp\/2023\/03\/25\/trailer-da-quinta-e-ultima-temporada-de-a-maravilhosa-sra-maisel","name":"Trailer da quinta e \u00faltima temporada de A Maravilhosa Sra. Maisel - Ribeir\u00e3o Preto e Regi\u00e3o","isPartOf":{"@id":"https:\/\/redenoticiaz.com.br\/ribeiraopreto-regiao\/#website"},"primaryImageOfPage":{"@id":"https:\/\/redenoticiaz.com.br\/ribeiraopreto-regiao\/sp\/2023\/03\/25\/trailer-da-quinta-e-ultima-temporada-de-a-maravilhosa-sra-maisel#primaryimage"},"image":{"@id":"https:\/\/redenoticiaz.com.br\/ribeiraopreto-regiao\/sp\/2023\/03\/25\/trailer-da-quinta-e-ultima-temporada-de-a-maravilhosa-sra-maisel#primaryimage"},"thumbnailUrl":"https:\/\/redenoticiaz.com.br\/ribeiraopreto-regiao\/wp-content\/uploads\/sites\/4\/2023\/03\/A-Maravilhosa-Sra.-Maisel.jpg","datePublished":"2023-03-25T10:00:14+00:00","description":"A s\u00e9rie que j\u00e1 ganhou mais de 20 Pr\u00eamios Emmy, incluindo Melhor S\u00e9rie de Com\u00e9dia, al\u00e9m de seis Critics Choice Awards, est\u00e1 de volta.","inLanguage":"pt-BR","potentialAction":[{"@type":"ReadAction","target":["https:\/\/redenoticiaz.com.br\/ribeiraopreto-regiao\/sp\/2023\/03\/25\/trailer-da-quinta-e-ultima-temporada-de-a-maravilhosa-sra-maisel"]}]},{"@type":"ImageObject","inLanguage":"pt-BR","@id":"https:\/\/redenoticiaz.com.br\/ribeiraopreto-regiao\/sp\/2023\/03\/25\/trailer-da-quinta-e-ultima-temporada-de-a-maravilhosa-sra-maisel#primaryimage","url":"https:\/\/redenoticiaz.com.br\/ribeiraopreto-regiao\/wp-content\/uploads\/sites\/4\/2023\/03\/A-Maravilhosa-Sra.-Maisel.jpg","contentUrl":"https:\/\/redenoticiaz.com.br\/ribeiraopreto-regiao\/wp-content\/uploads\/sites\/4\/2023\/03\/A-Maravilhosa-Sra.-Maisel.jpg","width":404,"height":298,"caption":"A Maravilhosa Sra. Maisel. Cr\u00e9dito: Divulga\u00e7\u00e3o\/ Prime Video"},{"@type":"WebSite","@id":"https:\/\/redenoticiaz.com.br\/ribeiraopreto-regiao\/#website","url":"https:\/\/redenoticiaz.com.br\/ribeiraopreto-regiao\/","name":"Ribeir\u00e3o Preto e Regi\u00e3o","description":"Rede NoticiaZ - Ribeir\u00e3o Preto e regi\u00e3o","publisher":{"@id":"https:\/\/redenoticiaz.com.br\/ribeiraopreto-regiao\/#organization"},"potentialAction":[{"@type":"SearchAction","target":{"@type":"EntryPoint","urlTemplate":"https:\/\/redenoticiaz.com.br\/ribeiraopreto-regiao\/?s={search_term_string}"},"query-input":{"@type":"PropertyValueSpecification","valueRequired":true,"valueName":"search_term_string"}}],"inLanguage":"pt-BR"},{"@type":"Organization","@id":"https:\/\/redenoticiaz.com.br\/ribeiraopreto-regiao\/#organization","name":"Ribeir\u00e3o Preto e Regi\u00e3o","url":"https:\/\/redenoticiaz.com.br\/ribeiraopreto-regiao\/","logo":{"@type":"ImageObject","inLanguage":"pt-BR","@id":"https:\/\/redenoticiaz.com.br\/ribeiraopreto-regiao\/#\/schema\/logo\/image\/","url":"https:\/\/redenoticiaz.com.br\/barretos-regiao\/wp-content\/uploads\/sites\/4\/2022\/02\/logo.jpg","contentUrl":"https:\/\/redenoticiaz.com.br\/barretos-regiao\/wp-content\/uploads\/sites\/4\/2022\/02\/logo.jpg","width":400,"height":250,"caption":"Ribeir\u00e3o Preto e Regi\u00e3o"},"image":{"@id":"https:\/\/redenoticiaz.com.br\/ribeiraopreto-regiao\/#\/schema\/logo\/image\/"},"sameAs":["https:\/\/m.facebook.com\/redenoticiaz.barretos","https:\/\/x.com\/RN_barretos","https:\/\/www.instagram.com\/redenoticiaz.barretos\/?igshid=YmMyMTA2M2Y","https:\/\/www.linkedin.com\/company\/rede-noticiaz-barretos-e-regio\/"]},{"@type":"Person","@id":"","url":"https:\/\/redenoticiaz.com.br\/ribeiraopreto-regiao\/sp\/author"}]}},"_links":{"self":[{"href":"https:\/\/redenoticiaz.com.br\/ribeiraopreto-regiao\/wp-json\/wp\/v2\/posts\/102391","targetHints":{"allow":["GET"]}}],"collection":[{"href":"https:\/\/redenoticiaz.com.br\/ribeiraopreto-regiao\/wp-json\/wp\/v2\/posts"}],"about":[{"href":"https:\/\/redenoticiaz.com.br\/ribeiraopreto-regiao\/wp-json\/wp\/v2\/types\/post"}],"author":[{"embeddable":true,"href":"https:\/\/redenoticiaz.com.br\/ribeiraopreto-regiao\/wp-json\/wp\/v2\/users\/15"}],"replies":[{"embeddable":true,"href":"https:\/\/redenoticiaz.com.br\/ribeiraopreto-regiao\/wp-json\/wp\/v2\/comments?post=102391"}],"version-history":[{"count":1,"href":"https:\/\/redenoticiaz.com.br\/ribeiraopreto-regiao\/wp-json\/wp\/v2\/posts\/102391\/revisions"}],"predecessor-version":[{"id":102393,"href":"https:\/\/redenoticiaz.com.br\/ribeiraopreto-regiao\/wp-json\/wp\/v2\/posts\/102391\/revisions\/102393"}],"wp:featuredmedia":[{"embeddable":true,"href":"https:\/\/redenoticiaz.com.br\/ribeiraopreto-regiao\/wp-json\/wp\/v2\/media\/102392"}],"wp:attachment":[{"href":"https:\/\/redenoticiaz.com.br\/ribeiraopreto-regiao\/wp-json\/wp\/v2\/media?parent=102391"}],"wp:term":[{"taxonomy":"category","embeddable":true,"href":"https:\/\/redenoticiaz.com.br\/ribeiraopreto-regiao\/wp-json\/wp\/v2\/categories?post=102391"},{"taxonomy":"post_tag","embeddable":true,"href":"https:\/\/redenoticiaz.com.br\/ribeiraopreto-regiao\/wp-json\/wp\/v2\/tags?post=102391"}],"curies":[{"name":"wp","href":"https:\/\/api.w.org\/{rel}","templated":true}]}}