{"id":102403,"date":"2023-03-25T09:00:05","date_gmt":"2023-03-25T12:00:05","guid":{"rendered":"https:\/\/redenoticiaz.com.br\/barretos-regiao\/?p=102403"},"modified":"2023-03-20T21:02:05","modified_gmt":"2023-03-21T00:02:05","slug":"deputados-criticam-criminalizacao-do-candomble-em-debate-na-camara","status":"publish","type":"post","link":"https:\/\/redenoticiaz.com.br\/ribeiraopreto-regiao\/sp\/2023\/03\/25\/deputados-criticam-criminalizacao-do-candomble-em-debate-na-camara","title":{"rendered":"Deputados criticam criminaliza\u00e7\u00e3o do candombl\u00e9 em debate na C\u00e2mara"},"content":{"rendered":"<p>A C\u00e2mara dos Deputados celebra, nesta\u00a0ter\u00e7a-feira (21), o Dia Nacional das Tradi\u00e7\u00f5es das Ra\u00edzes de Matrizes Africanas e Na\u00e7\u00f5es do Candombl\u00e9, institu\u00eddo pela Lei n\u00ba 14.519\/23. Sancionada em janeiro pelo presidente Luiz In\u00e1cio Lula da Silva, a legisla\u00e7\u00e3o visa celebrar a diversidade religiosa existente no Brasil, al\u00e9m de prestigiar os valores constitucionais de liberdade e inviolabilidade de cren\u00e7a, de credo e do seu exerc\u00edcio.<img decoding=\"async\" src=\"https:\/\/agenciabrasil.ebc.com.br\/ebc.png?id=1517646&amp;o=node\" \/><img decoding=\"async\" src=\"https:\/\/agenciabrasil.ebc.com.br\/ebc.gif?id=1517646&amp;o=node\" \/><\/p>\n<p>Segundo o autor do projeto de lei, deputado Vicentinho (PT-SP), essa \u00e9 uma data para estimular o combate \u00e0 intoler\u00e2ncia religiosa. Ao falar da lei em semin\u00e1rio realizado pela C\u00e2mara nesta\u00a0segunda-feira (20), o parlamentar destacou a constante criminaliza\u00e7\u00e3o do candombl\u00e9.<\/p>\n<p>\u201cInicialmente proibida e considerada como ato criminoso, a pr\u00e1tica do candombl\u00e9 chegou a ser impedida por v\u00e1rios governos, sendo seus adeptos perseguidos e presos pela pol\u00edcia&#8221;, relatou Vicentinho.<\/p>\n<p>Dados oficiais da Ouvidoria Nacional de Direitos Humanos, do Minist\u00e9rio\u00a0dos Direitos Humanos e da Cidadania, mostram que, apenas no ano de 2021, das 571 den\u00fancias de viola\u00e7\u00e3o \u00e0 manifesta\u00e7\u00e3o da f\u00e9 de diversas religi\u00f5es, mais da metade estavam relacionadas \u00e0s religi\u00f5es de matriz africana.<\/p>\n<p>Outro dado alarmante \u00e9 o Relat\u00f3rio da Rede Nacional de Religi\u00f5es Afro-Brasileiras e Sa\u00fade (Renafro), \u201cRespeite o meu Terreiro\u201d, que entrevistou 255 lideran\u00e7as religiosas em todo o territ\u00f3rio nacional e revelou que cerca de 99% dos entrevistados confirmaram j\u00e1\u00a0ter\u00a0sofrido algum tipo de ofensa.<\/p>\n<p><strong>Leia mais<\/strong><\/p>\n<p><a href=\"https:\/\/redenoticiaz.com.br\/blog\/2022\/01\/03\/epicentro-da-omicron-no-mundo-africa-do-sul-tem-queda-de-casos-de-covid-19\">Jundia\u00ed vai celebrar o Dia Internacional da Dan\u00e7a no Teatro Polytheama<\/a><\/p>\n","protected":false},"excerpt":{"rendered":"<p>A C\u00e2mara dos Deputados celebra, nesta\u00a0ter\u00e7a-feira (21), o Dia Nacional das Tradi\u00e7\u00f5es das Ra\u00edzes de Matrizes Africanas e Na\u00e7\u00f5es do Candombl\u00e9, institu\u00eddo pela Lei n\u00ba 14.519\/23. Sancionada em janeiro pelo presidente Luiz In\u00e1cio Lula da Silva, a legisla\u00e7\u00e3o visa celebrar a diversidade religiosa existente no Brasil, al\u00e9m de prestigiar os valores constitucionais de liberdade e &hellip;<\/p>\n","protected":false},"author":12,"featured_media":102404,"comment_status":"open","ping_status":"closed","sticky":false,"template":"","format":"standard","meta":{"footnotes":""},"categories":[815,67],"tags":[25804,25805,25806],"class_list":["post-102403","post","type-post","status-publish","format-standard","has-post-thumbnail","hentry","category-cultura-e-musica","category-direitos-humanos","tag-candonble","tag-intolerancia-religiosa","tag-matrizes-africanas"],"yoast_head":"<!-- This site is optimized with the Yoast SEO plugin v27.4 - https:\/\/yoast.com\/product\/yoast-seo-wordpress\/ -->\n<title>Deputados criticam criminaliza\u00e7\u00e3o do candombl\u00e9 em debate na C\u00e2mara - Ribeir\u00e3o Preto e Regi\u00e3o<\/title>\n<meta name=\"description\" content=\"Mais de 570 den\u00fancias de intoler\u00e2ncia religiosa foram feitas em 2021 de acordo com dados divulgados esta semana.\" \/>\n<meta name=\"robots\" content=\"index, follow, max-snippet:-1, max-image-preview:large, max-video-preview:-1\" \/>\n<link rel=\"canonical\" href=\"https:\/\/redenoticiaz.com.br\/ribeiraopreto-regiao\/sp\/2023\/03\/25\/deputados-criticam-criminalizacao-do-candomble-em-debate-na-camara\" \/>\n<meta property=\"og:locale\" content=\"pt_BR\" \/>\n<meta property=\"og:type\" content=\"article\" \/>\n<meta property=\"og:title\" content=\"Deputados criticam criminaliza\u00e7\u00e3o do candombl\u00e9 em debate na C\u00e2mara - Ribeir\u00e3o Preto e Regi\u00e3o\" \/>\n<meta property=\"og:description\" content=\"Mais de 570 den\u00fancias de intoler\u00e2ncia religiosa foram feitas em 2021 de acordo com dados divulgados esta semana.\" \/>\n<meta property=\"og:url\" content=\"https:\/\/redenoticiaz.com.br\/ribeiraopreto-regiao\/sp\/2023\/03\/25\/deputados-criticam-criminalizacao-do-candomble-em-debate-na-camara\" \/>\n<meta property=\"og:site_name\" content=\"Ribeir\u00e3o Preto e Regi\u00e3o\" \/>\n<meta property=\"article:publisher\" content=\"https:\/\/m.facebook.com\/redenoticiaz.barretos\" \/>\n<meta property=\"article:published_time\" content=\"2023-03-25T12:00:05+00:00\" \/>\n<meta property=\"og:image\" content=\"https:\/\/redenoticiaz.com.br\/ribeiraopreto-regiao\/wp-content\/uploads\/sites\/4\/2023\/03\/terreiro8.jpg?v=1679356886\" \/>\n\t<meta property=\"og:image:width\" content=\"1170\" \/>\n\t<meta property=\"og:image:height\" content=\"700\" \/>\n\t<meta property=\"og:image:type\" content=\"image\/jpeg\" \/>\n<meta name=\"author\" content=\"Gustavo Silva\" \/>\n<meta name=\"twitter:card\" content=\"summary_large_image\" \/>\n<meta name=\"twitter:creator\" content=\"@RN_barretos\" \/>\n<meta name=\"twitter:site\" content=\"@RN_barretos\" \/>\n<meta name=\"twitter:label1\" content=\"Escrito por\" \/>\n\t<meta name=\"twitter:data1\" content=\"Gustavo Silva\" \/>\n\t<meta name=\"twitter:label2\" content=\"Est. tempo de leitura\" \/>\n\t<meta name=\"twitter:data2\" content=\"2 minutos\" \/>\n<script type=\"application\/ld+json\" class=\"yoast-schema-graph\">{\"@context\":\"https:\\\/\\\/schema.org\",\"@graph\":[{\"@type\":\"Article\",\"@id\":\"https:\\\/\\\/redenoticiaz.com.br\\\/ribeiraopreto-regiao\\\/sp\\\/2023\\\/03\\\/25\\\/deputados-criticam-criminalizacao-do-candomble-em-debate-na-camara#article\",\"isPartOf\":{\"@id\":\"https:\\\/\\\/redenoticiaz.com.br\\\/ribeiraopreto-regiao\\\/sp\\\/2023\\\/03\\\/25\\\/deputados-criticam-criminalizacao-do-candomble-em-debate-na-camara\"},\"author\":{\"name\":\"Gustavo Silva\",\"@id\":\"https:\\\/\\\/redenoticiaz.com.br\\\/ribeiraopreto-regiao\\\/#\\\/schema\\\/person\\\/16057b37a3c0ee6b096d7f887c566e2e\"},\"headline\":\"Deputados criticam criminaliza\u00e7\u00e3o do candombl\u00e9 em debate na C\u00e2mara\",\"datePublished\":\"2023-03-25T12:00:05+00:00\",\"mainEntityOfPage\":{\"@id\":\"https:\\\/\\\/redenoticiaz.com.br\\\/ribeiraopreto-regiao\\\/sp\\\/2023\\\/03\\\/25\\\/deputados-criticam-criminalizacao-do-candomble-em-debate-na-camara\"},\"wordCount\":267,\"commentCount\":0,\"publisher\":{\"@id\":\"https:\\\/\\\/redenoticiaz.com.br\\\/ribeiraopreto-regiao\\\/#organization\"},\"image\":{\"@id\":\"https:\\\/\\\/redenoticiaz.com.br\\\/ribeiraopreto-regiao\\\/sp\\\/2023\\\/03\\\/25\\\/deputados-criticam-criminalizacao-do-candomble-em-debate-na-camara#primaryimage\"},\"thumbnailUrl\":\"https:\\\/\\\/redenoticiaz.com.br\\\/ribeiraopreto-regiao\\\/wp-content\\\/uploads\\\/sites\\\/4\\\/2023\\\/03\\\/terreiro8.jpg?v=1679356886\",\"keywords\":[\"candonbl\u00e9\",\"INTOLER\u00c2NCIA RELIGIOSA\",\"matrizes africanas\"],\"articleSection\":[\"Cultura e M\u00fasica\",\"Direitos Humanos\"],\"inLanguage\":\"pt-BR\",\"potentialAction\":[{\"@type\":\"CommentAction\",\"name\":\"Comment\",\"target\":[\"https:\\\/\\\/redenoticiaz.com.br\\\/ribeiraopreto-regiao\\\/sp\\\/2023\\\/03\\\/25\\\/deputados-criticam-criminalizacao-do-candomble-em-debate-na-camara#respond\"]}]},{\"@type\":\"WebPage\",\"@id\":\"https:\\\/\\\/redenoticiaz.com.br\\\/ribeiraopreto-regiao\\\/sp\\\/2023\\\/03\\\/25\\\/deputados-criticam-criminalizacao-do-candomble-em-debate-na-camara\",\"url\":\"https:\\\/\\\/redenoticiaz.com.br\\\/ribeiraopreto-regiao\\\/sp\\\/2023\\\/03\\\/25\\\/deputados-criticam-criminalizacao-do-candomble-em-debate-na-camara\",\"name\":\"Deputados criticam criminaliza\u00e7\u00e3o do candombl\u00e9 em debate na C\u00e2mara - Ribeir\u00e3o Preto e Regi\u00e3o\",\"isPartOf\":{\"@id\":\"https:\\\/\\\/redenoticiaz.com.br\\\/ribeiraopreto-regiao\\\/#website\"},\"primaryImageOfPage\":{\"@id\":\"https:\\\/\\\/redenoticiaz.com.br\\\/ribeiraopreto-regiao\\\/sp\\\/2023\\\/03\\\/25\\\/deputados-criticam-criminalizacao-do-candomble-em-debate-na-camara#primaryimage\"},\"image\":{\"@id\":\"https:\\\/\\\/redenoticiaz.com.br\\\/ribeiraopreto-regiao\\\/sp\\\/2023\\\/03\\\/25\\\/deputados-criticam-criminalizacao-do-candomble-em-debate-na-camara#primaryimage\"},\"thumbnailUrl\":\"https:\\\/\\\/redenoticiaz.com.br\\\/ribeiraopreto-regiao\\\/wp-content\\\/uploads\\\/sites\\\/4\\\/2023\\\/03\\\/terreiro8.jpg?v=1679356886\",\"datePublished\":\"2023-03-25T12:00:05+00:00\",\"description\":\"Mais de 570 den\u00fancias de intoler\u00e2ncia religiosa foram feitas em 2021 de acordo com dados divulgados esta semana.\",\"inLanguage\":\"pt-BR\",\"potentialAction\":[{\"@type\":\"ReadAction\",\"target\":[\"https:\\\/\\\/redenoticiaz.com.br\\\/ribeiraopreto-regiao\\\/sp\\\/2023\\\/03\\\/25\\\/deputados-criticam-criminalizacao-do-candomble-em-debate-na-camara\"]}]},{\"@type\":\"ImageObject\",\"inLanguage\":\"pt-BR\",\"@id\":\"https:\\\/\\\/redenoticiaz.com.br\\\/ribeiraopreto-regiao\\\/sp\\\/2023\\\/03\\\/25\\\/deputados-criticam-criminalizacao-do-candomble-em-debate-na-camara#primaryimage\",\"url\":\"https:\\\/\\\/redenoticiaz.com.br\\\/ribeiraopreto-regiao\\\/wp-content\\\/uploads\\\/sites\\\/4\\\/2023\\\/03\\\/terreiro8.jpg?v=1679356886\",\"contentUrl\":\"https:\\\/\\\/redenoticiaz.com.br\\\/ribeiraopreto-regiao\\\/wp-content\\\/uploads\\\/sites\\\/4\\\/2023\\\/03\\\/terreiro8.jpg?v=1679356886\",\"width\":1170,\"height\":700,\"caption\":\"Deputados criticam criminaliza\u00e7\u00e3o do candombl\u00e9 em debate na C\u00e2mara\"},{\"@type\":\"WebSite\",\"@id\":\"https:\\\/\\\/redenoticiaz.com.br\\\/ribeiraopreto-regiao\\\/#website\",\"url\":\"https:\\\/\\\/redenoticiaz.com.br\\\/ribeiraopreto-regiao\\\/\",\"name\":\"Ribeir\u00e3o Preto e Regi\u00e3o\",\"description\":\"Rede NoticiaZ - Ribeir\u00e3o Preto e regi\u00e3o\",\"publisher\":{\"@id\":\"https:\\\/\\\/redenoticiaz.com.br\\\/ribeiraopreto-regiao\\\/#organization\"},\"potentialAction\":[{\"@type\":\"SearchAction\",\"target\":{\"@type\":\"EntryPoint\",\"urlTemplate\":\"https:\\\/\\\/redenoticiaz.com.br\\\/ribeiraopreto-regiao\\\/?s={search_term_string}\"},\"query-input\":{\"@type\":\"PropertyValueSpecification\",\"valueRequired\":true,\"valueName\":\"search_term_string\"}}],\"inLanguage\":\"pt-BR\"},{\"@type\":\"Organization\",\"@id\":\"https:\\\/\\\/redenoticiaz.com.br\\\/ribeiraopreto-regiao\\\/#organization\",\"name\":\"Ribeir\u00e3o Preto e Regi\u00e3o\",\"url\":\"https:\\\/\\\/redenoticiaz.com.br\\\/ribeiraopreto-regiao\\\/\",\"logo\":{\"@type\":\"ImageObject\",\"inLanguage\":\"pt-BR\",\"@id\":\"https:\\\/\\\/redenoticiaz.com.br\\\/ribeiraopreto-regiao\\\/#\\\/schema\\\/logo\\\/image\\\/\",\"url\":\"https:\\\/\\\/redenoticiaz.com.br\\\/barretos-regiao\\\/wp-content\\\/uploads\\\/sites\\\/4\\\/2022\\\/02\\\/logo.jpg\",\"contentUrl\":\"https:\\\/\\\/redenoticiaz.com.br\\\/barretos-regiao\\\/wp-content\\\/uploads\\\/sites\\\/4\\\/2022\\\/02\\\/logo.jpg\",\"width\":400,\"height\":250,\"caption\":\"Ribeir\u00e3o Preto e Regi\u00e3o\"},\"image\":{\"@id\":\"https:\\\/\\\/redenoticiaz.com.br\\\/ribeiraopreto-regiao\\\/#\\\/schema\\\/logo\\\/image\\\/\"},\"sameAs\":[\"https:\\\/\\\/m.facebook.com\\\/redenoticiaz.barretos\",\"https:\\\/\\\/x.com\\\/RN_barretos\",\"https:\\\/\\\/www.instagram.com\\\/redenoticiaz.barretos\\\/?igshid=YmMyMTA2M2Y\",\"https:\\\/\\\/www.linkedin.com\\\/company\\\/rede-noticiaz-barretos-e-regio\\\/\"]},{\"@type\":\"Person\",\"@id\":\"https:\\\/\\\/redenoticiaz.com.br\\\/ribeiraopreto-regiao\\\/#\\\/schema\\\/person\\\/16057b37a3c0ee6b096d7f887c566e2e\",\"name\":\"Gustavo Silva\",\"image\":{\"@type\":\"ImageObject\",\"inLanguage\":\"pt-BR\",\"@id\":\"https:\\\/\\\/secure.gravatar.com\\\/avatar\\\/3ee4e82f93b26de0a7cf4ea5eb7893da637ed6bb0c9170c58065944c56e28a33?s=96&d=mm&r=g\",\"url\":\"https:\\\/\\\/secure.gravatar.com\\\/avatar\\\/3ee4e82f93b26de0a7cf4ea5eb7893da637ed6bb0c9170c58065944c56e28a33?s=96&d=mm&r=g\",\"contentUrl\":\"https:\\\/\\\/secure.gravatar.com\\\/avatar\\\/3ee4e82f93b26de0a7cf4ea5eb7893da637ed6bb0c9170c58065944c56e28a33?s=96&d=mm&r=g\",\"caption\":\"Gustavo Silva\"},\"url\":\"https:\\\/\\\/redenoticiaz.com.br\\\/ribeiraopreto-regiao\\\/sp\\\/author\\\/gustavosilva\"}]}<\/script>\n<!-- \/ Yoast SEO plugin. -->","yoast_head_json":{"title":"Deputados criticam criminaliza\u00e7\u00e3o do candombl\u00e9 em debate na C\u00e2mara - Ribeir\u00e3o Preto e Regi\u00e3o","description":"Mais de 570 den\u00fancias de intoler\u00e2ncia religiosa foram feitas em 2021 de acordo com dados divulgados esta semana.","robots":{"index":"index","follow":"follow","max-snippet":"max-snippet:-1","max-image-preview":"max-image-preview:large","max-video-preview":"max-video-preview:-1"},"canonical":"https:\/\/redenoticiaz.com.br\/ribeiraopreto-regiao\/sp\/2023\/03\/25\/deputados-criticam-criminalizacao-do-candomble-em-debate-na-camara","og_locale":"pt_BR","og_type":"article","og_title":"Deputados criticam criminaliza\u00e7\u00e3o do candombl\u00e9 em debate na C\u00e2mara - Ribeir\u00e3o Preto e Regi\u00e3o","og_description":"Mais de 570 den\u00fancias de intoler\u00e2ncia religiosa foram feitas em 2021 de acordo com dados divulgados esta semana.","og_url":"https:\/\/redenoticiaz.com.br\/ribeiraopreto-regiao\/sp\/2023\/03\/25\/deputados-criticam-criminalizacao-do-candomble-em-debate-na-camara","og_site_name":"Ribeir\u00e3o Preto e Regi\u00e3o","article_publisher":"https:\/\/m.facebook.com\/redenoticiaz.barretos","article_published_time":"2023-03-25T12:00:05+00:00","og_image":[{"width":1170,"height":700,"url":"https:\/\/redenoticiaz.com.br\/ribeiraopreto-regiao\/wp-content\/uploads\/sites\/4\/2023\/03\/terreiro8.jpg?v=1679356886","type":"image\/jpeg"}],"author":"Gustavo Silva","twitter_card":"summary_large_image","twitter_creator":"@RN_barretos","twitter_site":"@RN_barretos","twitter_misc":{"Escrito por":"Gustavo Silva","Est. tempo de leitura":"2 minutos"},"schema":{"@context":"https:\/\/schema.org","@graph":[{"@type":"Article","@id":"https:\/\/redenoticiaz.com.br\/ribeiraopreto-regiao\/sp\/2023\/03\/25\/deputados-criticam-criminalizacao-do-candomble-em-debate-na-camara#article","isPartOf":{"@id":"https:\/\/redenoticiaz.com.br\/ribeiraopreto-regiao\/sp\/2023\/03\/25\/deputados-criticam-criminalizacao-do-candomble-em-debate-na-camara"},"author":{"name":"Gustavo Silva","@id":"https:\/\/redenoticiaz.com.br\/ribeiraopreto-regiao\/#\/schema\/person\/16057b37a3c0ee6b096d7f887c566e2e"},"headline":"Deputados criticam criminaliza\u00e7\u00e3o do candombl\u00e9 em debate na C\u00e2mara","datePublished":"2023-03-25T12:00:05+00:00","mainEntityOfPage":{"@id":"https:\/\/redenoticiaz.com.br\/ribeiraopreto-regiao\/sp\/2023\/03\/25\/deputados-criticam-criminalizacao-do-candomble-em-debate-na-camara"},"wordCount":267,"commentCount":0,"publisher":{"@id":"https:\/\/redenoticiaz.com.br\/ribeiraopreto-regiao\/#organization"},"image":{"@id":"https:\/\/redenoticiaz.com.br\/ribeiraopreto-regiao\/sp\/2023\/03\/25\/deputados-criticam-criminalizacao-do-candomble-em-debate-na-camara#primaryimage"},"thumbnailUrl":"https:\/\/redenoticiaz.com.br\/ribeiraopreto-regiao\/wp-content\/uploads\/sites\/4\/2023\/03\/terreiro8.jpg?v=1679356886","keywords":["candonbl\u00e9","INTOLER\u00c2NCIA RELIGIOSA","matrizes africanas"],"articleSection":["Cultura e M\u00fasica","Direitos Humanos"],"inLanguage":"pt-BR","potentialAction":[{"@type":"CommentAction","name":"Comment","target":["https:\/\/redenoticiaz.com.br\/ribeiraopreto-regiao\/sp\/2023\/03\/25\/deputados-criticam-criminalizacao-do-candomble-em-debate-na-camara#respond"]}]},{"@type":"WebPage","@id":"https:\/\/redenoticiaz.com.br\/ribeiraopreto-regiao\/sp\/2023\/03\/25\/deputados-criticam-criminalizacao-do-candomble-em-debate-na-camara","url":"https:\/\/redenoticiaz.com.br\/ribeiraopreto-regiao\/sp\/2023\/03\/25\/deputados-criticam-criminalizacao-do-candomble-em-debate-na-camara","name":"Deputados criticam criminaliza\u00e7\u00e3o do candombl\u00e9 em debate na C\u00e2mara - Ribeir\u00e3o Preto e Regi\u00e3o","isPartOf":{"@id":"https:\/\/redenoticiaz.com.br\/ribeiraopreto-regiao\/#website"},"primaryImageOfPage":{"@id":"https:\/\/redenoticiaz.com.br\/ribeiraopreto-regiao\/sp\/2023\/03\/25\/deputados-criticam-criminalizacao-do-candomble-em-debate-na-camara#primaryimage"},"image":{"@id":"https:\/\/redenoticiaz.com.br\/ribeiraopreto-regiao\/sp\/2023\/03\/25\/deputados-criticam-criminalizacao-do-candomble-em-debate-na-camara#primaryimage"},"thumbnailUrl":"https:\/\/redenoticiaz.com.br\/ribeiraopreto-regiao\/wp-content\/uploads\/sites\/4\/2023\/03\/terreiro8.jpg?v=1679356886","datePublished":"2023-03-25T12:00:05+00:00","description":"Mais de 570 den\u00fancias de intoler\u00e2ncia religiosa foram feitas em 2021 de acordo com dados divulgados esta semana.","inLanguage":"pt-BR","potentialAction":[{"@type":"ReadAction","target":["https:\/\/redenoticiaz.com.br\/ribeiraopreto-regiao\/sp\/2023\/03\/25\/deputados-criticam-criminalizacao-do-candomble-em-debate-na-camara"]}]},{"@type":"ImageObject","inLanguage":"pt-BR","@id":"https:\/\/redenoticiaz.com.br\/ribeiraopreto-regiao\/sp\/2023\/03\/25\/deputados-criticam-criminalizacao-do-candomble-em-debate-na-camara#primaryimage","url":"https:\/\/redenoticiaz.com.br\/ribeiraopreto-regiao\/wp-content\/uploads\/sites\/4\/2023\/03\/terreiro8.jpg?v=1679356886","contentUrl":"https:\/\/redenoticiaz.com.br\/ribeiraopreto-regiao\/wp-content\/uploads\/sites\/4\/2023\/03\/terreiro8.jpg?v=1679356886","width":1170,"height":700,"caption":"Deputados criticam criminaliza\u00e7\u00e3o do candombl\u00e9 em debate na C\u00e2mara"},{"@type":"WebSite","@id":"https:\/\/redenoticiaz.com.br\/ribeiraopreto-regiao\/#website","url":"https:\/\/redenoticiaz.com.br\/ribeiraopreto-regiao\/","name":"Ribeir\u00e3o Preto e Regi\u00e3o","description":"Rede NoticiaZ - Ribeir\u00e3o Preto e regi\u00e3o","publisher":{"@id":"https:\/\/redenoticiaz.com.br\/ribeiraopreto-regiao\/#organization"},"potentialAction":[{"@type":"SearchAction","target":{"@type":"EntryPoint","urlTemplate":"https:\/\/redenoticiaz.com.br\/ribeiraopreto-regiao\/?s={search_term_string}"},"query-input":{"@type":"PropertyValueSpecification","valueRequired":true,"valueName":"search_term_string"}}],"inLanguage":"pt-BR"},{"@type":"Organization","@id":"https:\/\/redenoticiaz.com.br\/ribeiraopreto-regiao\/#organization","name":"Ribeir\u00e3o Preto e Regi\u00e3o","url":"https:\/\/redenoticiaz.com.br\/ribeiraopreto-regiao\/","logo":{"@type":"ImageObject","inLanguage":"pt-BR","@id":"https:\/\/redenoticiaz.com.br\/ribeiraopreto-regiao\/#\/schema\/logo\/image\/","url":"https:\/\/redenoticiaz.com.br\/barretos-regiao\/wp-content\/uploads\/sites\/4\/2022\/02\/logo.jpg","contentUrl":"https:\/\/redenoticiaz.com.br\/barretos-regiao\/wp-content\/uploads\/sites\/4\/2022\/02\/logo.jpg","width":400,"height":250,"caption":"Ribeir\u00e3o Preto e Regi\u00e3o"},"image":{"@id":"https:\/\/redenoticiaz.com.br\/ribeiraopreto-regiao\/#\/schema\/logo\/image\/"},"sameAs":["https:\/\/m.facebook.com\/redenoticiaz.barretos","https:\/\/x.com\/RN_barretos","https:\/\/www.instagram.com\/redenoticiaz.barretos\/?igshid=YmMyMTA2M2Y","https:\/\/www.linkedin.com\/company\/rede-noticiaz-barretos-e-regio\/"]},{"@type":"Person","@id":"https:\/\/redenoticiaz.com.br\/ribeiraopreto-regiao\/#\/schema\/person\/16057b37a3c0ee6b096d7f887c566e2e","name":"Gustavo Silva","image":{"@type":"ImageObject","inLanguage":"pt-BR","@id":"https:\/\/secure.gravatar.com\/avatar\/3ee4e82f93b26de0a7cf4ea5eb7893da637ed6bb0c9170c58065944c56e28a33?s=96&d=mm&r=g","url":"https:\/\/secure.gravatar.com\/avatar\/3ee4e82f93b26de0a7cf4ea5eb7893da637ed6bb0c9170c58065944c56e28a33?s=96&d=mm&r=g","contentUrl":"https:\/\/secure.gravatar.com\/avatar\/3ee4e82f93b26de0a7cf4ea5eb7893da637ed6bb0c9170c58065944c56e28a33?s=96&d=mm&r=g","caption":"Gustavo Silva"},"url":"https:\/\/redenoticiaz.com.br\/ribeiraopreto-regiao\/sp\/author\/gustavosilva"}]}},"_links":{"self":[{"href":"https:\/\/redenoticiaz.com.br\/ribeiraopreto-regiao\/wp-json\/wp\/v2\/posts\/102403","targetHints":{"allow":["GET"]}}],"collection":[{"href":"https:\/\/redenoticiaz.com.br\/ribeiraopreto-regiao\/wp-json\/wp\/v2\/posts"}],"about":[{"href":"https:\/\/redenoticiaz.com.br\/ribeiraopreto-regiao\/wp-json\/wp\/v2\/types\/post"}],"author":[{"embeddable":true,"href":"https:\/\/redenoticiaz.com.br\/ribeiraopreto-regiao\/wp-json\/wp\/v2\/users\/12"}],"replies":[{"embeddable":true,"href":"https:\/\/redenoticiaz.com.br\/ribeiraopreto-regiao\/wp-json\/wp\/v2\/comments?post=102403"}],"version-history":[{"count":0,"href":"https:\/\/redenoticiaz.com.br\/ribeiraopreto-regiao\/wp-json\/wp\/v2\/posts\/102403\/revisions"}],"wp:featuredmedia":[{"embeddable":true,"href":"https:\/\/redenoticiaz.com.br\/ribeiraopreto-regiao\/wp-json\/wp\/v2\/media\/102404"}],"wp:attachment":[{"href":"https:\/\/redenoticiaz.com.br\/ribeiraopreto-regiao\/wp-json\/wp\/v2\/media?parent=102403"}],"wp:term":[{"taxonomy":"category","embeddable":true,"href":"https:\/\/redenoticiaz.com.br\/ribeiraopreto-regiao\/wp-json\/wp\/v2\/categories?post=102403"},{"taxonomy":"post_tag","embeddable":true,"href":"https:\/\/redenoticiaz.com.br\/ribeiraopreto-regiao\/wp-json\/wp\/v2\/tags?post=102403"}],"curies":[{"name":"wp","href":"https:\/\/api.w.org\/{rel}","templated":true}]}}