{"id":102477,"date":"2023-03-22T07:18:54","date_gmt":"2023-03-22T10:18:54","guid":{"rendered":"https:\/\/redenoticiaz.com.br\/barretos-regiao\/sp\/2023\/03\/22\/fred-da-adeus-ao-bbb-23-apos-eliminacao"},"modified":"2023-03-22T07:18:54","modified_gmt":"2023-03-22T10:18:54","slug":"fred-da-adeus-ao-bbb-23-apos-eliminacao","status":"publish","type":"post","link":"https:\/\/redenoticiaz.com.br\/ribeiraopreto-regiao\/sp\/2023\/03\/22\/fred-da-adeus-ao-bbb-23-apos-eliminacao","title":{"rendered":"Fred d\u00e1 adeus ao BBB 23 ap\u00f3s elimina\u00e7\u00e3o"},"content":{"rendered":"<p>Na ter\u00e7a-feira (21), o Big Brother Brasil 2023 viu mais um participante ser eliminado. Com 50,23% dos votos, <strong>Fred Desimpedidos foi o escolhido<\/strong> para sair. Ele disputava a perman\u00eancia no BBB 23 com Domitila e Gabriel, que permanecem no reality. Havia uma possibilidade dele seguir no game, devido a Casa do Reencontro, que tinha alguns dos eliminados, mas a op\u00e7\u00e3o do jornalista foi mesmo ir embora.<\/p>\n<p>No discurso, o apresentador Tadeu Schmidt fez o an\u00fancio desta seguinte maneira. &#8220;Chegou a hora! Quando eu terminar, seremos nove. N\u00e3o gosto muito dessa coisa de dispensar algu\u00e9m&#8230; Ent\u00e3o, Gabriel, voc\u00ea n\u00e3o vai se importar se eu falar que esse Pared\u00e3o \u00e9 Fred e Domitila, n\u00e9?&#8221;.<\/p>\n<div id=\"chunk-4ij2i\">\n<div class=\"mc-column content-text active-extra-styles \" data-block-type=\"unstyled\" data-block-weight=\"39\" data-block-id=\"9\">\n<p class=\"content-text__container \" data-track-category=\"Link no Texto\" data-track-links=\"\">&#8220;Domitila x Fred: a reedi\u00e7\u00e3o do Quarto Branco. Quantas vezes bateram de frente nos Jogos da Disc\u00f3rdia, mas sobretudo no Quarto Branco? E chegam agora no <em>round<\/em> final bem machucados. Claro que cansa toda hora ficar nessa press\u00e3o&#8230;&#8221;.<\/p>\n<\/div>\n<\/div>\n<div id=\"chunk-3s86h\">\n<div class=\"mc-column content-text active-extra-styles \" data-block-type=\"unstyled\" data-block-weight=\"42\" data-block-id=\"10\">\n<p class=\"content-text__container \" data-track-category=\"Link no Texto\" data-track-links=\"\">&#8220;Tem gente que acha que, nessa altura, o jogo est\u00e1 definido. Mas, deixa eu esclarecer: o BBB 23 n\u00e3o tem um favorito. O jogo est\u00e1 aberto. Tudo pode mudar a cada dia. Este BBB talvez seja o mais din\u00e2mico da hist\u00f3ria&#8230;&#8221;.<\/p>\n<\/div>\n<\/div>\n<div id=\"chunk-2lq8\">\n<div class=\"mc-column content-text active-extra-styles \" data-block-type=\"unstyled\" data-block-weight=\"116\" data-block-id=\"11\">\n<p class=\"content-text__container \" data-track-category=\"Link no Texto\" data-track-links=\"\">&#8220;Quer se esconder e est\u00e1 feliz com o Top 10? Quer vencer? Fa\u00e7a por onde. Voc\u00eas todos v\u00e3o receber novos golpes. Agora, quer marcar essa edi\u00e7\u00e3o? \u00c9 preciso algo mais. Fred e Domitila n\u00e3o passaram em branco (&#8230;) Domitila tem sempre \u00e0 m\u00e3o uma frase t\u00e3o inesperada quanto marcante. D\u00e1 para ver que essa mo\u00e7a \u00e9 diferente e especial (&#8230;) Tamb\u00e9m n\u00e3o d\u00e1 para n\u00e3o falar desse cara. Como se jogou! Revelou um Fred que nem ele conhecia&#8230; O cara mais gente boa virou certeza de Pared\u00e3o. Carism\u00e1tico, talentoso, simp\u00e1tico&#8230; Reuniu um ex\u00e9rcito ao redor de si (&#8230;) &#8216;E a\u00ed, como fica: ele ou ela?&#8217; (&#8230;) O round final deste duelo foi decidido nos \u00faltimos instantes&#8230;&#8221;.<\/p>\n<\/div>\n<\/div>\n<div id=\"chunk-4kpgj\">\n<div class=\"mc-column content-text active-extra-styles \" data-block-type=\"unstyled\" data-block-weight=\"24\" data-block-id=\"12\">\n<p class=\"content-text__container \" data-track-category=\"Link no Texto\" data-track-links=\"\"><span class=\"highlight highlighted\">Tadeu avisa que Fred \u00e9 o 10\u00ba eliminado da casa. Ele sai com 50,23% dos votos. Domitila Barros recebeu 48,69% e Gabriel Santana, 1,08%.<\/span><\/p>\n<h3 data-track-category=\"Link no Texto\">Recusa \u00e0 Casa<\/h3>\n<p>Fred se despede e agradece: <span class=\"highlight highlighted\">&#8220;Que coisa linda, foi do jeito que eu imaginei&#8221;<\/span>. Ele se despede dos brothers e abra\u00e7a os antigos rivais, como Ricardo Alface. Com Domitila, Fred disse que tudo o que rolou ficou no jogo e tamb\u00e9m deu um abra\u00e7o nela.<\/p>\n<p>Mas a como\u00e7\u00e3o que mais chamou a aten\u00e7\u00e3o foi de Bruna Griphao. A atriz ficou desnorteada com a not\u00edcia e chorou demais por mais um amigo e aliado deixar o reality. Antes de Fred, Larissa, MC Guim\u00ea e Cara de Sapato haviam sa\u00eddo.<\/p>\n<p>Depois de deixar a casa, Fred foi direto para a Casa do Reencontro, mas passou poucos minutos no local. Quando Tadeu Schmidt anunciou que os brothers poderiam desistir da din\u00e2mica, o <em>influencer <\/em>pediu para deixar o c\u00f4modo. E, depois, ele explica sobre decis\u00e3o.<\/p>\n<p>&#8220;Acho que <span class=\"highlight highlighted\">sensa\u00e7\u00e3o total de al\u00edvio mesmo e dever cumprido<\/span>. Essa \u00faltima semana foi muito dif\u00edcil pra mim. Em menos de 48 horas perdi duas estruturas important\u00edssimas&#8221;, diz o <em>influencer<\/em>, antes de explicar: &#8220;A partir do momento em que perdi a Larissa, perdi o Sapato, j\u00e1 estava com essa d\u00favida e tamb\u00e9m tomei muita porrada por conta das minhas decis\u00f5es l\u00e1 dentro. <span class=\"highlight highlighted\">Foi quando comecei a sentir que meu limite estava pr\u00f3ximo&#8221;.<\/span><\/p>\n<div id=\"chunk-bjco1\">\n<div class=\"mc-column content-text active-extra-styles \" data-block-type=\"unstyled\" data-block-weight=\"77\" data-block-id=\"7\">\n<p class=\"content-text__container \" data-track-category=\"Link no Texto\" data-track-links=\"\">&#8220;\u00c9 curioso, at\u00e9 porque <span class=\"highlight highlighted\">a decis\u00e3o de n\u00e3o permanecer j\u00e1 estava tomada antes<\/span>. Eu falei &#8216;cara, se for um Pared\u00e3o Falso, realmente pra mim acho que n\u00e3o vai dar tamb\u00e9m&#8217;. Antes j\u00e1 tinha pensado que cheguei no meu limite, esgotei minha mente. Minha cabe\u00e7a j\u00e1 estava muito mais aqui fora do que l\u00e1 dentro do jogo. Amo jogar, sou determinado, consegui demonstrar isso, <span class=\"highlight highlighted\">mas acho que meu ciclo j\u00e1 tinha encerrado e muito bem encerrado<\/span>&#8220;, diz Fred.<\/p>\n<\/div>\n<\/div>\n<div id=\"chunk-cefid\">\n<div class=\"mc-column content-text active-extra-styles \" data-block-type=\"unstyled\" data-block-weight=\"21\" data-block-id=\"8\">\n<p class=\"content-text__container \" data-track-category=\"Link no Texto\" data-track-links=\"\">O jornalista tamb\u00e9m cita o filho Cris como um dos motivos para desistir de participar da repescagem para o BBB 23.<\/p>\n<\/div>\n<\/div>\n<div id=\"chunk-3g54p\">\n<div class=\"mc-column content-text active-extra-styles \" data-block-type=\"unstyled\" data-block-weight=\"77\" data-block-id=\"9\">\n<p class=\"content-text__container \" data-track-category=\"Link no Texto\" data-track-links=\"\">&#8220;Antes de entrar no Big Brother perguntaram as minhas fraqueza e eu falei que a \u00fanica era essa [seu filho]. E, de fato, foi o que contribuiu para que eu sa\u00edsse do BBB. Eu j\u00e1 estava muito numa necessidade de ver ele. <span class=\"highlight highlighted\">Estava t\u00e3o dif\u00edcil sem ele, sem saber o que est\u00e1 acontecendo<\/span>. A quest\u00e3o de muito tempo sem fazer nada l\u00e1 dentro acaba acontecendo um \u00f3cio muito grande. <span class=\"highlight highlighted\">Acho que cheguei no meu limite<\/span>&#8221; ressalta Fred.<\/p>\n<p data-track-category=\"Link no Texto\" data-track-links=\"\"><strong>LEIA TAMB\u00c9M<\/strong><\/p>\n<p data-track-category=\"Link no Texto\" data-track-links=\"\"><a href=\"https:\/\/redenoticiaz.com.br\/blog\/2023\/03\/21\/sabrina-sato-termina-casamento-com-duda-nagle\">Sabrina Sato termina casamento com Duda Nagle<\/a><\/p>\n<\/div>\n<\/div>\n<\/div>\n<\/div>\n","protected":false},"excerpt":{"rendered":"<p>Na ter\u00e7a-feira (21), o Big Brother Brasil 2023 viu mais um participante ser eliminado. Com 50,23% dos votos, Fred Desimpedidos foi o escolhido para sair. Ele disputava a perman\u00eancia no BBB 23 com Domitila e Gabriel, que permanecem no reality. Havia uma possibilidade dele seguir no game, devido a Casa do Reencontro, que tinha alguns &hellip;<\/p>\n","protected":false},"author":6,"featured_media":102478,"comment_status":"open","ping_status":"closed","sticky":false,"template":"","format":"standard","meta":{"footnotes":""},"categories":[134],"tags":[23066,136,25779,25780,24342,451],"class_list":["post-102477","post","type-post","status-publish","format-standard","has-post-thumbnail","hentry","category-entretenimento","tag-bbb-23","tag-big-brother-brasil","tag-casa-do-reencontro","tag-decimo-paredao","tag-fred-desimpedidos","tag-paredao"],"yoast_head":"<!-- This site is optimized with the Yoast SEO plugin v27.4 - https:\/\/yoast.com\/product\/yoast-seo-wordpress\/ -->\n<title>Fred d\u00e1 adeus ao BBB 23 ap\u00f3s elimina\u00e7\u00e3o - Ribeir\u00e3o Preto e Regi\u00e3o<\/title>\n<meta name=\"description\" content=\"participante ser eliminado. Com 50,23% dos votos, Fred Desimpedidos foi o escolhido para sair. Ele disputava a perman\u00eancia no BBB 23\" \/>\n<meta name=\"robots\" content=\"index, follow, max-snippet:-1, max-image-preview:large, max-video-preview:-1\" \/>\n<link rel=\"canonical\" href=\"https:\/\/redenoticiaz.com.br\/ribeiraopreto-regiao\/sp\/2023\/03\/22\/fred-da-adeus-ao-bbb-23-apos-eliminacao\" \/>\n<meta property=\"og:locale\" content=\"pt_BR\" \/>\n<meta property=\"og:type\" content=\"article\" \/>\n<meta property=\"og:title\" content=\"Fred d\u00e1 adeus ao BBB 23 ap\u00f3s elimina\u00e7\u00e3o - Ribeir\u00e3o Preto e Regi\u00e3o\" \/>\n<meta property=\"og:description\" content=\"participante ser eliminado. Com 50,23% dos votos, Fred Desimpedidos foi o escolhido para sair. Ele disputava a perman\u00eancia no BBB 23\" \/>\n<meta property=\"og:url\" content=\"https:\/\/redenoticiaz.com.br\/ribeiraopreto-regiao\/sp\/2023\/03\/22\/fred-da-adeus-ao-bbb-23-apos-eliminacao\" \/>\n<meta property=\"og:site_name\" content=\"Ribeir\u00e3o Preto e Regi\u00e3o\" \/>\n<meta property=\"article:publisher\" content=\"https:\/\/m.facebook.com\/redenoticiaz.barretos\" \/>\n<meta property=\"article:published_time\" content=\"2023-03-22T10:18:54+00:00\" \/>\n<meta property=\"og:image\" content=\"https:\/\/redenoticiaz.com.br\/ribeiraopreto-regiao\/wp-content\/uploads\/sites\/4\/2022\/02\/logo.jpg\" \/>\n\t<meta property=\"og:image:width\" content=\"400\" \/>\n\t<meta property=\"og:image:height\" content=\"250\" \/>\n\t<meta property=\"og:image:type\" content=\"image\/jpeg\" \/>\n<meta name=\"author\" content=\"Leonardo Francisco\" \/>\n<meta name=\"twitter:card\" content=\"summary_large_image\" \/>\n<meta name=\"twitter:creator\" content=\"@RN_barretos\" \/>\n<meta name=\"twitter:site\" content=\"@RN_barretos\" \/>\n<meta name=\"twitter:label1\" content=\"Escrito por\" \/>\n\t<meta name=\"twitter:data1\" content=\"Leonardo Francisco\" \/>\n\t<meta name=\"twitter:label2\" content=\"Est. tempo de leitura\" \/>\n\t<meta name=\"twitter:data2\" content=\"4 minutos\" \/>\n<script type=\"application\/ld+json\" class=\"yoast-schema-graph\">{\"@context\":\"https:\\\/\\\/schema.org\",\"@graph\":[{\"@type\":\"Article\",\"@id\":\"https:\\\/\\\/redenoticiaz.com.br\\\/ribeiraopreto-regiao\\\/sp\\\/2023\\\/03\\\/22\\\/fred-da-adeus-ao-bbb-23-apos-eliminacao#article\",\"isPartOf\":{\"@id\":\"https:\\\/\\\/redenoticiaz.com.br\\\/ribeiraopreto-regiao\\\/sp\\\/2023\\\/03\\\/22\\\/fred-da-adeus-ao-bbb-23-apos-eliminacao\"},\"author\":{\"name\":\"Leonardo Francisco\",\"@id\":\"https:\\\/\\\/redenoticiaz.com.br\\\/ribeiraopreto-regiao\\\/#\\\/schema\\\/person\\\/0f0b8a5bdafefe82841e07ae8d81ecb3\"},\"headline\":\"Fred d\u00e1 adeus ao BBB 23 ap\u00f3s elimina\u00e7\u00e3o\",\"datePublished\":\"2023-03-22T10:18:54+00:00\",\"mainEntityOfPage\":{\"@id\":\"https:\\\/\\\/redenoticiaz.com.br\\\/ribeiraopreto-regiao\\\/sp\\\/2023\\\/03\\\/22\\\/fred-da-adeus-ao-bbb-23-apos-eliminacao\"},\"wordCount\":767,\"commentCount\":0,\"publisher\":{\"@id\":\"https:\\\/\\\/redenoticiaz.com.br\\\/ribeiraopreto-regiao\\\/#organization\"},\"image\":{\"@id\":\"https:\\\/\\\/redenoticiaz.com.br\\\/ribeiraopreto-regiao\\\/sp\\\/2023\\\/03\\\/22\\\/fred-da-adeus-ao-bbb-23-apos-eliminacao#primaryimage\"},\"thumbnailUrl\":\"https:\\\/\\\/redenoticiaz.com.br\\\/ribeiraopreto-regiao\\\/wp-content\\\/uploads\\\/sites\\\/4\\\/2023\\\/03\\\/FRED-DESIMPEDIDS.jpg?v=1679480273\",\"keywords\":[\"BBB 23\",\"BIG BROTHER BRASIL\",\"CASA DO REENCONTRO\",\"D\u00c9CIMO PARED\u00c3O\",\"FRED DESIMPEDIDOS\",\"PARED\u00c3O\"],\"articleSection\":[\"Entretenimento\"],\"inLanguage\":\"pt-BR\",\"potentialAction\":[{\"@type\":\"CommentAction\",\"name\":\"Comment\",\"target\":[\"https:\\\/\\\/redenoticiaz.com.br\\\/ribeiraopreto-regiao\\\/sp\\\/2023\\\/03\\\/22\\\/fred-da-adeus-ao-bbb-23-apos-eliminacao#respond\"]}]},{\"@type\":\"WebPage\",\"@id\":\"https:\\\/\\\/redenoticiaz.com.br\\\/ribeiraopreto-regiao\\\/sp\\\/2023\\\/03\\\/22\\\/fred-da-adeus-ao-bbb-23-apos-eliminacao\",\"url\":\"https:\\\/\\\/redenoticiaz.com.br\\\/ribeiraopreto-regiao\\\/sp\\\/2023\\\/03\\\/22\\\/fred-da-adeus-ao-bbb-23-apos-eliminacao\",\"name\":\"Fred d\u00e1 adeus ao BBB 23 ap\u00f3s elimina\u00e7\u00e3o - Ribeir\u00e3o Preto e Regi\u00e3o\",\"isPartOf\":{\"@id\":\"https:\\\/\\\/redenoticiaz.com.br\\\/ribeiraopreto-regiao\\\/#website\"},\"primaryImageOfPage\":{\"@id\":\"https:\\\/\\\/redenoticiaz.com.br\\\/ribeiraopreto-regiao\\\/sp\\\/2023\\\/03\\\/22\\\/fred-da-adeus-ao-bbb-23-apos-eliminacao#primaryimage\"},\"image\":{\"@id\":\"https:\\\/\\\/redenoticiaz.com.br\\\/ribeiraopreto-regiao\\\/sp\\\/2023\\\/03\\\/22\\\/fred-da-adeus-ao-bbb-23-apos-eliminacao#primaryimage\"},\"thumbnailUrl\":\"https:\\\/\\\/redenoticiaz.com.br\\\/ribeiraopreto-regiao\\\/wp-content\\\/uploads\\\/sites\\\/4\\\/2023\\\/03\\\/FRED-DESIMPEDIDS.jpg?v=1679480273\",\"datePublished\":\"2023-03-22T10:18:54+00:00\",\"description\":\"participante ser eliminado. Com 50,23% dos votos, Fred Desimpedidos foi o escolhido para sair. Ele disputava a perman\u00eancia no BBB 23\",\"inLanguage\":\"pt-BR\",\"potentialAction\":[{\"@type\":\"ReadAction\",\"target\":[\"https:\\\/\\\/redenoticiaz.com.br\\\/ribeiraopreto-regiao\\\/sp\\\/2023\\\/03\\\/22\\\/fred-da-adeus-ao-bbb-23-apos-eliminacao\"]}]},{\"@type\":\"ImageObject\",\"inLanguage\":\"pt-BR\",\"@id\":\"https:\\\/\\\/redenoticiaz.com.br\\\/ribeiraopreto-regiao\\\/sp\\\/2023\\\/03\\\/22\\\/fred-da-adeus-ao-bbb-23-apos-eliminacao#primaryimage\",\"url\":\"https:\\\/\\\/redenoticiaz.com.br\\\/ribeiraopreto-regiao\\\/wp-content\\\/uploads\\\/sites\\\/4\\\/2023\\\/03\\\/FRED-DESIMPEDIDS.jpg?v=1679480273\",\"contentUrl\":\"https:\\\/\\\/redenoticiaz.com.br\\\/ribeiraopreto-regiao\\\/wp-content\\\/uploads\\\/sites\\\/4\\\/2023\\\/03\\\/FRED-DESIMPEDIDS.jpg?v=1679480273\",\"width\":499,\"height\":275,\"caption\":\"Cr\u00e9ditos: Reprodu\u00e7\u00e3o\\\/TV Globo\"},{\"@type\":\"WebSite\",\"@id\":\"https:\\\/\\\/redenoticiaz.com.br\\\/ribeiraopreto-regiao\\\/#website\",\"url\":\"https:\\\/\\\/redenoticiaz.com.br\\\/ribeiraopreto-regiao\\\/\",\"name\":\"Ribeir\u00e3o Preto e Regi\u00e3o\",\"description\":\"Rede NoticiaZ - Ribeir\u00e3o Preto e regi\u00e3o\",\"publisher\":{\"@id\":\"https:\\\/\\\/redenoticiaz.com.br\\\/ribeiraopreto-regiao\\\/#organization\"},\"potentialAction\":[{\"@type\":\"SearchAction\",\"target\":{\"@type\":\"EntryPoint\",\"urlTemplate\":\"https:\\\/\\\/redenoticiaz.com.br\\\/ribeiraopreto-regiao\\\/?s={search_term_string}\"},\"query-input\":{\"@type\":\"PropertyValueSpecification\",\"valueRequired\":true,\"valueName\":\"search_term_string\"}}],\"inLanguage\":\"pt-BR\"},{\"@type\":\"Organization\",\"@id\":\"https:\\\/\\\/redenoticiaz.com.br\\\/ribeiraopreto-regiao\\\/#organization\",\"name\":\"Ribeir\u00e3o Preto e Regi\u00e3o\",\"url\":\"https:\\\/\\\/redenoticiaz.com.br\\\/ribeiraopreto-regiao\\\/\",\"logo\":{\"@type\":\"ImageObject\",\"inLanguage\":\"pt-BR\",\"@id\":\"https:\\\/\\\/redenoticiaz.com.br\\\/ribeiraopreto-regiao\\\/#\\\/schema\\\/logo\\\/image\\\/\",\"url\":\"https:\\\/\\\/redenoticiaz.com.br\\\/barretos-regiao\\\/wp-content\\\/uploads\\\/sites\\\/4\\\/2022\\\/02\\\/logo.jpg\",\"contentUrl\":\"https:\\\/\\\/redenoticiaz.com.br\\\/barretos-regiao\\\/wp-content\\\/uploads\\\/sites\\\/4\\\/2022\\\/02\\\/logo.jpg\",\"width\":400,\"height\":250,\"caption\":\"Ribeir\u00e3o Preto e Regi\u00e3o\"},\"image\":{\"@id\":\"https:\\\/\\\/redenoticiaz.com.br\\\/ribeiraopreto-regiao\\\/#\\\/schema\\\/logo\\\/image\\\/\"},\"sameAs\":[\"https:\\\/\\\/m.facebook.com\\\/redenoticiaz.barretos\",\"https:\\\/\\\/x.com\\\/RN_barretos\",\"https:\\\/\\\/www.instagram.com\\\/redenoticiaz.barretos\\\/?igshid=YmMyMTA2M2Y\",\"https:\\\/\\\/www.linkedin.com\\\/company\\\/rede-noticiaz-barretos-e-regio\\\/\"]},{\"@type\":\"Person\",\"@id\":\"https:\\\/\\\/redenoticiaz.com.br\\\/ribeiraopreto-regiao\\\/#\\\/schema\\\/person\\\/0f0b8a5bdafefe82841e07ae8d81ecb3\",\"name\":\"Leonardo Francisco\",\"image\":{\"@type\":\"ImageObject\",\"inLanguage\":\"pt-BR\",\"@id\":\"https:\\\/\\\/secure.gravatar.com\\\/avatar\\\/a7358cb406a99b682ec6df1e77e31ae82e63601f6784e8a3df411d72b37864da?s=96&d=mm&r=g\",\"url\":\"https:\\\/\\\/secure.gravatar.com\\\/avatar\\\/a7358cb406a99b682ec6df1e77e31ae82e63601f6784e8a3df411d72b37864da?s=96&d=mm&r=g\",\"contentUrl\":\"https:\\\/\\\/secure.gravatar.com\\\/avatar\\\/a7358cb406a99b682ec6df1e77e31ae82e63601f6784e8a3df411d72b37864da?s=96&d=mm&r=g\",\"caption\":\"Leonardo Francisco\"},\"url\":\"https:\\\/\\\/redenoticiaz.com.br\\\/ribeiraopreto-regiao\\\/sp\\\/author\\\/leonardo-francisco\"}]}<\/script>\n<!-- \/ Yoast SEO plugin. -->","yoast_head_json":{"title":"Fred d\u00e1 adeus ao BBB 23 ap\u00f3s elimina\u00e7\u00e3o - Ribeir\u00e3o Preto e Regi\u00e3o","description":"participante ser eliminado. Com 50,23% dos votos, Fred Desimpedidos foi o escolhido para sair. Ele disputava a perman\u00eancia no BBB 23","robots":{"index":"index","follow":"follow","max-snippet":"max-snippet:-1","max-image-preview":"max-image-preview:large","max-video-preview":"max-video-preview:-1"},"canonical":"https:\/\/redenoticiaz.com.br\/ribeiraopreto-regiao\/sp\/2023\/03\/22\/fred-da-adeus-ao-bbb-23-apos-eliminacao","og_locale":"pt_BR","og_type":"article","og_title":"Fred d\u00e1 adeus ao BBB 23 ap\u00f3s elimina\u00e7\u00e3o - Ribeir\u00e3o Preto e Regi\u00e3o","og_description":"participante ser eliminado. Com 50,23% dos votos, Fred Desimpedidos foi o escolhido para sair. Ele disputava a perman\u00eancia no BBB 23","og_url":"https:\/\/redenoticiaz.com.br\/ribeiraopreto-regiao\/sp\/2023\/03\/22\/fred-da-adeus-ao-bbb-23-apos-eliminacao","og_site_name":"Ribeir\u00e3o Preto e Regi\u00e3o","article_publisher":"https:\/\/m.facebook.com\/redenoticiaz.barretos","article_published_time":"2023-03-22T10:18:54+00:00","og_image":[{"width":400,"height":250,"url":"https:\/\/redenoticiaz.com.br\/ribeiraopreto-regiao\/wp-content\/uploads\/sites\/4\/2022\/02\/logo.jpg","type":"image\/jpeg"}],"author":"Leonardo Francisco","twitter_card":"summary_large_image","twitter_creator":"@RN_barretos","twitter_site":"@RN_barretos","twitter_misc":{"Escrito por":"Leonardo Francisco","Est. tempo de leitura":"4 minutos"},"schema":{"@context":"https:\/\/schema.org","@graph":[{"@type":"Article","@id":"https:\/\/redenoticiaz.com.br\/ribeiraopreto-regiao\/sp\/2023\/03\/22\/fred-da-adeus-ao-bbb-23-apos-eliminacao#article","isPartOf":{"@id":"https:\/\/redenoticiaz.com.br\/ribeiraopreto-regiao\/sp\/2023\/03\/22\/fred-da-adeus-ao-bbb-23-apos-eliminacao"},"author":{"name":"Leonardo Francisco","@id":"https:\/\/redenoticiaz.com.br\/ribeiraopreto-regiao\/#\/schema\/person\/0f0b8a5bdafefe82841e07ae8d81ecb3"},"headline":"Fred d\u00e1 adeus ao BBB 23 ap\u00f3s elimina\u00e7\u00e3o","datePublished":"2023-03-22T10:18:54+00:00","mainEntityOfPage":{"@id":"https:\/\/redenoticiaz.com.br\/ribeiraopreto-regiao\/sp\/2023\/03\/22\/fred-da-adeus-ao-bbb-23-apos-eliminacao"},"wordCount":767,"commentCount":0,"publisher":{"@id":"https:\/\/redenoticiaz.com.br\/ribeiraopreto-regiao\/#organization"},"image":{"@id":"https:\/\/redenoticiaz.com.br\/ribeiraopreto-regiao\/sp\/2023\/03\/22\/fred-da-adeus-ao-bbb-23-apos-eliminacao#primaryimage"},"thumbnailUrl":"https:\/\/redenoticiaz.com.br\/ribeiraopreto-regiao\/wp-content\/uploads\/sites\/4\/2023\/03\/FRED-DESIMPEDIDS.jpg?v=1679480273","keywords":["BBB 23","BIG BROTHER BRASIL","CASA DO REENCONTRO","D\u00c9CIMO PARED\u00c3O","FRED DESIMPEDIDOS","PARED\u00c3O"],"articleSection":["Entretenimento"],"inLanguage":"pt-BR","potentialAction":[{"@type":"CommentAction","name":"Comment","target":["https:\/\/redenoticiaz.com.br\/ribeiraopreto-regiao\/sp\/2023\/03\/22\/fred-da-adeus-ao-bbb-23-apos-eliminacao#respond"]}]},{"@type":"WebPage","@id":"https:\/\/redenoticiaz.com.br\/ribeiraopreto-regiao\/sp\/2023\/03\/22\/fred-da-adeus-ao-bbb-23-apos-eliminacao","url":"https:\/\/redenoticiaz.com.br\/ribeiraopreto-regiao\/sp\/2023\/03\/22\/fred-da-adeus-ao-bbb-23-apos-eliminacao","name":"Fred d\u00e1 adeus ao BBB 23 ap\u00f3s elimina\u00e7\u00e3o - Ribeir\u00e3o Preto e Regi\u00e3o","isPartOf":{"@id":"https:\/\/redenoticiaz.com.br\/ribeiraopreto-regiao\/#website"},"primaryImageOfPage":{"@id":"https:\/\/redenoticiaz.com.br\/ribeiraopreto-regiao\/sp\/2023\/03\/22\/fred-da-adeus-ao-bbb-23-apos-eliminacao#primaryimage"},"image":{"@id":"https:\/\/redenoticiaz.com.br\/ribeiraopreto-regiao\/sp\/2023\/03\/22\/fred-da-adeus-ao-bbb-23-apos-eliminacao#primaryimage"},"thumbnailUrl":"https:\/\/redenoticiaz.com.br\/ribeiraopreto-regiao\/wp-content\/uploads\/sites\/4\/2023\/03\/FRED-DESIMPEDIDS.jpg?v=1679480273","datePublished":"2023-03-22T10:18:54+00:00","description":"participante ser eliminado. Com 50,23% dos votos, Fred Desimpedidos foi o escolhido para sair. Ele disputava a perman\u00eancia no BBB 23","inLanguage":"pt-BR","potentialAction":[{"@type":"ReadAction","target":["https:\/\/redenoticiaz.com.br\/ribeiraopreto-regiao\/sp\/2023\/03\/22\/fred-da-adeus-ao-bbb-23-apos-eliminacao"]}]},{"@type":"ImageObject","inLanguage":"pt-BR","@id":"https:\/\/redenoticiaz.com.br\/ribeiraopreto-regiao\/sp\/2023\/03\/22\/fred-da-adeus-ao-bbb-23-apos-eliminacao#primaryimage","url":"https:\/\/redenoticiaz.com.br\/ribeiraopreto-regiao\/wp-content\/uploads\/sites\/4\/2023\/03\/FRED-DESIMPEDIDS.jpg?v=1679480273","contentUrl":"https:\/\/redenoticiaz.com.br\/ribeiraopreto-regiao\/wp-content\/uploads\/sites\/4\/2023\/03\/FRED-DESIMPEDIDS.jpg?v=1679480273","width":499,"height":275,"caption":"Cr\u00e9ditos: Reprodu\u00e7\u00e3o\/TV Globo"},{"@type":"WebSite","@id":"https:\/\/redenoticiaz.com.br\/ribeiraopreto-regiao\/#website","url":"https:\/\/redenoticiaz.com.br\/ribeiraopreto-regiao\/","name":"Ribeir\u00e3o Preto e Regi\u00e3o","description":"Rede NoticiaZ - Ribeir\u00e3o Preto e regi\u00e3o","publisher":{"@id":"https:\/\/redenoticiaz.com.br\/ribeiraopreto-regiao\/#organization"},"potentialAction":[{"@type":"SearchAction","target":{"@type":"EntryPoint","urlTemplate":"https:\/\/redenoticiaz.com.br\/ribeiraopreto-regiao\/?s={search_term_string}"},"query-input":{"@type":"PropertyValueSpecification","valueRequired":true,"valueName":"search_term_string"}}],"inLanguage":"pt-BR"},{"@type":"Organization","@id":"https:\/\/redenoticiaz.com.br\/ribeiraopreto-regiao\/#organization","name":"Ribeir\u00e3o Preto e Regi\u00e3o","url":"https:\/\/redenoticiaz.com.br\/ribeiraopreto-regiao\/","logo":{"@type":"ImageObject","inLanguage":"pt-BR","@id":"https:\/\/redenoticiaz.com.br\/ribeiraopreto-regiao\/#\/schema\/logo\/image\/","url":"https:\/\/redenoticiaz.com.br\/barretos-regiao\/wp-content\/uploads\/sites\/4\/2022\/02\/logo.jpg","contentUrl":"https:\/\/redenoticiaz.com.br\/barretos-regiao\/wp-content\/uploads\/sites\/4\/2022\/02\/logo.jpg","width":400,"height":250,"caption":"Ribeir\u00e3o Preto e Regi\u00e3o"},"image":{"@id":"https:\/\/redenoticiaz.com.br\/ribeiraopreto-regiao\/#\/schema\/logo\/image\/"},"sameAs":["https:\/\/m.facebook.com\/redenoticiaz.barretos","https:\/\/x.com\/RN_barretos","https:\/\/www.instagram.com\/redenoticiaz.barretos\/?igshid=YmMyMTA2M2Y","https:\/\/www.linkedin.com\/company\/rede-noticiaz-barretos-e-regio\/"]},{"@type":"Person","@id":"https:\/\/redenoticiaz.com.br\/ribeiraopreto-regiao\/#\/schema\/person\/0f0b8a5bdafefe82841e07ae8d81ecb3","name":"Leonardo Francisco","image":{"@type":"ImageObject","inLanguage":"pt-BR","@id":"https:\/\/secure.gravatar.com\/avatar\/a7358cb406a99b682ec6df1e77e31ae82e63601f6784e8a3df411d72b37864da?s=96&d=mm&r=g","url":"https:\/\/secure.gravatar.com\/avatar\/a7358cb406a99b682ec6df1e77e31ae82e63601f6784e8a3df411d72b37864da?s=96&d=mm&r=g","contentUrl":"https:\/\/secure.gravatar.com\/avatar\/a7358cb406a99b682ec6df1e77e31ae82e63601f6784e8a3df411d72b37864da?s=96&d=mm&r=g","caption":"Leonardo Francisco"},"url":"https:\/\/redenoticiaz.com.br\/ribeiraopreto-regiao\/sp\/author\/leonardo-francisco"}]}},"_links":{"self":[{"href":"https:\/\/redenoticiaz.com.br\/ribeiraopreto-regiao\/wp-json\/wp\/v2\/posts\/102477","targetHints":{"allow":["GET"]}}],"collection":[{"href":"https:\/\/redenoticiaz.com.br\/ribeiraopreto-regiao\/wp-json\/wp\/v2\/posts"}],"about":[{"href":"https:\/\/redenoticiaz.com.br\/ribeiraopreto-regiao\/wp-json\/wp\/v2\/types\/post"}],"author":[{"embeddable":true,"href":"https:\/\/redenoticiaz.com.br\/ribeiraopreto-regiao\/wp-json\/wp\/v2\/users\/6"}],"replies":[{"embeddable":true,"href":"https:\/\/redenoticiaz.com.br\/ribeiraopreto-regiao\/wp-json\/wp\/v2\/comments?post=102477"}],"version-history":[{"count":1,"href":"https:\/\/redenoticiaz.com.br\/ribeiraopreto-regiao\/wp-json\/wp\/v2\/posts\/102477\/revisions"}],"predecessor-version":[{"id":102479,"href":"https:\/\/redenoticiaz.com.br\/ribeiraopreto-regiao\/wp-json\/wp\/v2\/posts\/102477\/revisions\/102479"}],"wp:featuredmedia":[{"embeddable":true,"href":"https:\/\/redenoticiaz.com.br\/ribeiraopreto-regiao\/wp-json\/wp\/v2\/media\/102478"}],"wp:attachment":[{"href":"https:\/\/redenoticiaz.com.br\/ribeiraopreto-regiao\/wp-json\/wp\/v2\/media?parent=102477"}],"wp:term":[{"taxonomy":"category","embeddable":true,"href":"https:\/\/redenoticiaz.com.br\/ribeiraopreto-regiao\/wp-json\/wp\/v2\/categories?post=102477"},{"taxonomy":"post_tag","embeddable":true,"href":"https:\/\/redenoticiaz.com.br\/ribeiraopreto-regiao\/wp-json\/wp\/v2\/tags?post=102477"}],"curies":[{"name":"wp","href":"https:\/\/api.w.org\/{rel}","templated":true}]}}