{"id":102480,"date":"2023-03-22T08:41:30","date_gmt":"2023-03-22T11:41:30","guid":{"rendered":"https:\/\/redenoticiaz.com.br\/barretos-regiao\/sp\/2023\/03\/22\/video-caranguejo-forca-aviao-a-arremeter-pouso-em-aeroporto"},"modified":"2023-03-22T08:41:30","modified_gmt":"2023-03-22T11:41:30","slug":"video-caranguejo-forca-aviao-a-arremeter-pouso-em-aeroporto","status":"publish","type":"post","link":"https:\/\/redenoticiaz.com.br\/ribeiraopreto-regiao\/sp\/2023\/03\/22\/video-caranguejo-forca-aviao-a-arremeter-pouso-em-aeroporto","title":{"rendered":"V\u00cdDEO &#8211; Caranguejo for\u00e7a avi\u00e3o a arremeter pouso em aeroporto"},"content":{"rendered":"<p>Quem disse que criaturas pequenas n\u00e3o s\u00e3o capazes de gerar um grande tumulto. Foi o que um caranguejo conseguiram fazer no Aeroporto de Vit\u00f3ria, no Esp\u00edrito Santos. O crust\u00e1ceo simplesmente <strong>fez com que o avi\u00e3o arremetesse voo<\/strong> na segunda-feira (20).<\/p>\n<p>Um v\u00eddeo que circula nas redes sociais mostra a asa da aeronave com a voz do comandante ao fundo, que comunica os passageiros sobre o ocorrido.<\/p>\n<div class=\"mc-column content-text active-extra-styles\" data-block-type=\"raw\" data-block-weight=\"44\" data-block-id=\"5\">\n<blockquote class=\"content-blockquote theme-border-color-primary-before\"><p>&#8220;Boa noite, senhoras e senhores passageiros, \u00e9 o comandante falando. Infelizmente, n\u00e3o foi poss\u00edvel o nosso pouso em Vit\u00f3ria. Acredite se quiser, a aeronave que pousou um pouco a nossa frente reportou uma quantidade absurda de caranguejos na pista [risos], acredite se quiser&#8221;, disse.<\/p><\/blockquote>\n<p>&nbsp;<\/p>\n<\/div>\n<div id=\"chunk-pqti\">\n<div class=\"mc-column content-text active-extra-styles \" data-block-type=\"unstyled\" data-block-weight=\"31\" data-block-id=\"6\">\n<p class=\"content-text__container \" data-track-category=\"Link no Texto\" data-track-links=\"\">O comandante diz ainda que a torre de controle obrigou a aeronave a arremeter para que uma equipe do aeroporto fizesse uma vistoria no local e o recolhimento dos animais. &#8220;Ent\u00e3o daqui a 10 a 15 minutos receberemos autoriza\u00e7\u00e3o para prosseguir no pouso em Vit\u00f3ria. Pe\u00e7o desculpas pelo contratempo, mas motivo alheio \u00e0 vontade todos da tripula\u00e7\u00e3o, espero contar com a sua compreens\u00e3o&#8221;, afirmou o comandante.<\/p>\n<h3 data-track-category=\"Link no Texto\">Veja o v\u00eddeo:<\/h3>\n<div style=\"width: 480px;\" class=\"wp-video\"><video class=\"wp-video-shortcode\" id=\"video-102480-1\" width=\"480\" height=\"848\" preload=\"metadata\" controls=\"controls\"><source type=\"video\/mp4\" src=\"https:\/\/redenoticiaz.com.br\/barretos-regiao\/wp-content\/uploads\/sites\/4\/2023\/03\/WhatsApp-Video-2023-03-22-at-06.40.19.mp4?_=1\" \/><a href=\"https:\/\/redenoticiaz.com.br\/barretos-regiao\/wp-content\/uploads\/sites\/4\/2023\/03\/WhatsApp-Video-2023-03-22-at-06.40.19.mp4\">https:\/\/redenoticiaz.com.br\/barretos-regiao\/wp-content\/uploads\/sites\/4\/2023\/03\/WhatsApp-Video-2023-03-22-at-06.40.19.mp4<\/a><\/video><\/div>\n<div id=\"chunk-api0s\">\n<div class=\"mc-column content-text active-extra-styles \" data-block-type=\"unstyled\" data-block-weight=\"37\" data-block-id=\"8\">\n<p class=\"content-text__container \" data-track-category=\"Link no Texto\" data-track-links=\"\">\n<\/div>\n<\/div>\n<div id=\"chunk-9lg0c\">\n<div class=\"mc-column content-text active-extra-styles \" data-block-type=\"unstyled\" data-block-weight=\"31\" data-block-id=\"9\">\n<h3 data-track-category=\"Link no Texto\">O que diz a empresa<\/h3>\n<p class=\"content-text__container \" data-track-category=\"Link no Texto\" data-track-links=\"\">A Zurich Airport Brasil, que administra o Aeroporto de Vit\u00f3ria, disse que na verdade <strong>apenas um caranguejo<\/strong> estava na pista. Por causa disso, a equipe de fauna do terminal foi acionada.<\/p>\n<\/div>\n<\/div>\n<div id=\"chunk-7643f\">\n<div class=\"mc-column content-text active-extra-styles \" data-block-type=\"unstyled\" data-block-weight=\"21\" data-block-id=\"10\">\n<p class=\"content-text__container \" data-track-category=\"Link no Texto\" data-track-links=\"\">A empresa refor\u00e7ou que este \u00e9 um procedimento padr\u00e3o e que, logo ap\u00f3s a retirada do animal, as opera\u00e7\u00f5es continuaram normalmente.<\/p>\n<\/div>\n<\/div>\n<div id=\"chunk-b9i7h\">\n<div class=\"mc-column content-text active-extra-styles \" data-block-type=\"unstyled\" data-block-weight=\"20\" data-block-id=\"11\">\n<p class=\"content-text__container \" data-track-category=\"Link no Texto\" data-track-links=\"\">O avi\u00e3o que precisou arremeter pousou em seguran\u00e7a cerca de 10 minutos depois da fala do comandante, segundo a concession\u00e1ria.<\/p>\n<h3 data-track-category=\"Link no Texto\">Per\u00edodo da andada<\/h3>\n<div id=\"chunk-14ta0\">\n<div class=\"mc-column content-text active-extra-styles \" data-block-type=\"unstyled\" data-block-weight=\"24\" data-block-id=\"17\">\n<p class=\"content-text__container \" data-track-category=\"Link no Texto\" data-track-links=\"\">Come\u00e7ou nesta quarta-feira (22) o quinto per\u00edodo da andada do caranguejo-u\u00e7\u00e1, segundo a Prefeitura de Vit\u00f3ria. As andadas s\u00e3o os per\u00edodos reprodutivos dos caranguejos.<\/p>\n<\/div>\n<\/div>\n<div id=\"chunk-481lf\">\n<div class=\"mc-column content-text active-extra-styles \" data-block-type=\"unstyled\" data-block-weight=\"20\" data-block-id=\"18\">\n<p class=\"content-text__container \" data-track-category=\"Link no Texto\" data-track-links=\"\">At\u00e9 o dia 27 de mar\u00e7o, fica proibida a captura, manuten\u00e7\u00e3o em cativeiro, transporte, industrializa\u00e7\u00e3o, armazenamento e comercializa\u00e7\u00e3o do caranguejo-u\u00e7\u00e1.<\/p>\n<p data-track-category=\"Link no Texto\" data-track-links=\"\"><strong>LEIA TAMB\u00c9M<\/strong><\/p>\n<p data-track-category=\"Link no Texto\" data-track-links=\"\"><a href=\"https:\/\/redenoticiaz.com.br\/blog\/2023\/03\/21\/gabriel-leone-vivera-ayrton-senna-na-minisserie-de-ficcao-da-netflix\">Gabriel Leone viver\u00e1 Ayrton Senna na miniss\u00e9rie de fic\u00e7\u00e3o da Netflix<\/a><\/p>\n<\/div>\n<\/div>\n<\/div>\n<\/div>\n<p>&nbsp;<\/p>\n<\/div>\n<\/div>\n","protected":false},"excerpt":{"rendered":"<p>Quem disse que criaturas pequenas n\u00e3o s\u00e3o capazes de gerar um grande tumulto. Foi o que um caranguejo conseguiram fazer no Aeroporto de Vit\u00f3ria, no Esp\u00edrito Santos. O crust\u00e1ceo simplesmente fez com que o avi\u00e3o arremetesse voo na segunda-feira (20). Um v\u00eddeo que circula nas redes sociais mostra a asa da aeronave com a voz &hellip;<\/p>\n","protected":false},"author":6,"featured_media":102481,"comment_status":"open","ping_status":"closed","sticky":false,"template":"","format":"standard","meta":{"footnotes":""},"categories":[94,2921],"tags":[25843,25844,25845,9481,25846],"class_list":["post-102480","post","type-post","status-publish","format-standard","has-post-thumbnail","hentry","category-meio-ambiente","category-transportes","tag-aeroporto-de-vitoria","tag-caranguejo","tag-caranguejo-uca","tag-espirito-santo","tag-voo-arrematado"],"yoast_head":"<!-- This site is optimized with the Yoast SEO plugin v27.4 - https:\/\/yoast.com\/product\/yoast-seo-wordpress\/ -->\n<title>V\u00cdDEO &#8211; Caranguejo for\u00e7a avi\u00e3o a arremeter pouso em aeroporto - Ribeir\u00e3o Preto e Regi\u00e3o<\/title>\n<meta name=\"description\" content=\"disse que criaturas pequenas n\u00e3o s\u00e3o capazes de gerar um grande tumulto. Foi o que um caranguejo conseguiram fazer no Aeroporto\" \/>\n<meta name=\"robots\" content=\"index, follow, max-snippet:-1, max-image-preview:large, max-video-preview:-1\" \/>\n<link rel=\"canonical\" href=\"https:\/\/redenoticiaz.com.br\/ribeiraopreto-regiao\/sp\/2023\/03\/22\/video-caranguejo-forca-aviao-a-arremeter-pouso-em-aeroporto\" \/>\n<meta property=\"og:locale\" content=\"pt_BR\" \/>\n<meta property=\"og:type\" content=\"article\" \/>\n<meta property=\"og:title\" content=\"V\u00cdDEO &#8211; Caranguejo for\u00e7a avi\u00e3o a arremeter pouso em aeroporto - Ribeir\u00e3o Preto e Regi\u00e3o\" \/>\n<meta property=\"og:description\" content=\"disse que criaturas pequenas n\u00e3o s\u00e3o capazes de gerar um grande tumulto. Foi o que um caranguejo conseguiram fazer no Aeroporto\" \/>\n<meta property=\"og:url\" content=\"https:\/\/redenoticiaz.com.br\/ribeiraopreto-regiao\/sp\/2023\/03\/22\/video-caranguejo-forca-aviao-a-arremeter-pouso-em-aeroporto\" \/>\n<meta property=\"og:site_name\" content=\"Ribeir\u00e3o Preto e Regi\u00e3o\" \/>\n<meta property=\"article:publisher\" content=\"https:\/\/m.facebook.com\/redenoticiaz.barretos\" \/>\n<meta property=\"article:published_time\" content=\"2023-03-22T11:41:30+00:00\" \/>\n<meta property=\"og:image\" content=\"https:\/\/redenoticiaz.com.br\/ribeiraopreto-regiao\/wp-content\/uploads\/sites\/4\/2023\/05\/Champions.jpg?v=1684550964\" \/>\n\t<meta property=\"og:image:width\" content=\"1000\" \/>\n\t<meta property=\"og:image:height\" content=\"734\" \/>\n\t<meta property=\"og:image:type\" content=\"image\/jpeg\" \/>\n<meta name=\"author\" content=\"Leonardo Francisco\" \/>\n<meta name=\"twitter:card\" content=\"summary_large_image\" \/>\n<meta name=\"twitter:creator\" content=\"@RN_barretos\" \/>\n<meta name=\"twitter:site\" content=\"@RN_barretos\" \/>\n<meta name=\"twitter:label1\" content=\"Escrito por\" \/>\n\t<meta name=\"twitter:data1\" content=\"Leonardo Francisco\" \/>\n\t<meta name=\"twitter:label2\" content=\"Est. tempo de leitura\" \/>\n\t<meta name=\"twitter:data2\" content=\"2 minutos\" \/>\n<script type=\"application\/ld+json\" class=\"yoast-schema-graph\">{\"@context\":\"https:\\\/\\\/schema.org\",\"@graph\":[{\"@type\":\"Article\",\"@id\":\"https:\\\/\\\/redenoticiaz.com.br\\\/ribeiraopreto-regiao\\\/sp\\\/2023\\\/03\\\/22\\\/video-caranguejo-forca-aviao-a-arremeter-pouso-em-aeroporto#article\",\"isPartOf\":{\"@id\":\"https:\\\/\\\/redenoticiaz.com.br\\\/ribeiraopreto-regiao\\\/sp\\\/2023\\\/03\\\/22\\\/video-caranguejo-forca-aviao-a-arremeter-pouso-em-aeroporto\"},\"author\":{\"name\":\"Leonardo Francisco\",\"@id\":\"https:\\\/\\\/redenoticiaz.com.br\\\/ribeiraopreto-regiao\\\/#\\\/schema\\\/person\\\/0f0b8a5bdafefe82841e07ae8d81ecb3\"},\"headline\":\"V\u00cdDEO &#8211; Caranguejo for\u00e7a avi\u00e3o a arremeter pouso em aeroporto\",\"datePublished\":\"2023-03-22T11:41:30+00:00\",\"mainEntityOfPage\":{\"@id\":\"https:\\\/\\\/redenoticiaz.com.br\\\/ribeiraopreto-regiao\\\/sp\\\/2023\\\/03\\\/22\\\/video-caranguejo-forca-aviao-a-arremeter-pouso-em-aeroporto\"},\"wordCount\":377,\"commentCount\":0,\"publisher\":{\"@id\":\"https:\\\/\\\/redenoticiaz.com.br\\\/ribeiraopreto-regiao\\\/#organization\"},\"image\":{\"@id\":\"https:\\\/\\\/redenoticiaz.com.br\\\/ribeiraopreto-regiao\\\/sp\\\/2023\\\/03\\\/22\\\/video-caranguejo-forca-aviao-a-arremeter-pouso-em-aeroporto#primaryimage\"},\"thumbnailUrl\":\"https:\\\/\\\/redenoticiaz.com.br\\\/ribeiraopreto-regiao\\\/wp-content\\\/uploads\\\/sites\\\/4\\\/2023\\\/03\\\/CARANGUEJO-VOO.jpg?v=1679485214\",\"keywords\":[\"AEROPORTO DE VIT\u00d3RIA\",\"CARANGUEJO\",\"CARANGUEJO-U\u00c7\u00c1\",\"ESP\u00cdRITO SANTO\",\"VOO ARREMATADO\"],\"articleSection\":[\"Meio Ambiente\",\"Transportes\"],\"inLanguage\":\"pt-BR\",\"potentialAction\":[{\"@type\":\"CommentAction\",\"name\":\"Comment\",\"target\":[\"https:\\\/\\\/redenoticiaz.com.br\\\/ribeiraopreto-regiao\\\/sp\\\/2023\\\/03\\\/22\\\/video-caranguejo-forca-aviao-a-arremeter-pouso-em-aeroporto#respond\"]}]},{\"@type\":\"WebPage\",\"@id\":\"https:\\\/\\\/redenoticiaz.com.br\\\/ribeiraopreto-regiao\\\/sp\\\/2023\\\/03\\\/22\\\/video-caranguejo-forca-aviao-a-arremeter-pouso-em-aeroporto\",\"url\":\"https:\\\/\\\/redenoticiaz.com.br\\\/ribeiraopreto-regiao\\\/sp\\\/2023\\\/03\\\/22\\\/video-caranguejo-forca-aviao-a-arremeter-pouso-em-aeroporto\",\"name\":\"V\u00cdDEO &#8211; Caranguejo for\u00e7a avi\u00e3o a arremeter pouso em aeroporto - Ribeir\u00e3o Preto e Regi\u00e3o\",\"isPartOf\":{\"@id\":\"https:\\\/\\\/redenoticiaz.com.br\\\/ribeiraopreto-regiao\\\/#website\"},\"primaryImageOfPage\":{\"@id\":\"https:\\\/\\\/redenoticiaz.com.br\\\/ribeiraopreto-regiao\\\/sp\\\/2023\\\/03\\\/22\\\/video-caranguejo-forca-aviao-a-arremeter-pouso-em-aeroporto#primaryimage\"},\"image\":{\"@id\":\"https:\\\/\\\/redenoticiaz.com.br\\\/ribeiraopreto-regiao\\\/sp\\\/2023\\\/03\\\/22\\\/video-caranguejo-forca-aviao-a-arremeter-pouso-em-aeroporto#primaryimage\"},\"thumbnailUrl\":\"https:\\\/\\\/redenoticiaz.com.br\\\/ribeiraopreto-regiao\\\/wp-content\\\/uploads\\\/sites\\\/4\\\/2023\\\/03\\\/CARANGUEJO-VOO.jpg?v=1679485214\",\"datePublished\":\"2023-03-22T11:41:30+00:00\",\"description\":\"disse que criaturas pequenas n\u00e3o s\u00e3o capazes de gerar um grande tumulto. Foi o que um caranguejo conseguiram fazer no Aeroporto\",\"inLanguage\":\"pt-BR\",\"potentialAction\":[{\"@type\":\"ReadAction\",\"target\":[\"https:\\\/\\\/redenoticiaz.com.br\\\/ribeiraopreto-regiao\\\/sp\\\/2023\\\/03\\\/22\\\/video-caranguejo-forca-aviao-a-arremeter-pouso-em-aeroporto\"]}]},{\"@type\":\"ImageObject\",\"inLanguage\":\"pt-BR\",\"@id\":\"https:\\\/\\\/redenoticiaz.com.br\\\/ribeiraopreto-regiao\\\/sp\\\/2023\\\/03\\\/22\\\/video-caranguejo-forca-aviao-a-arremeter-pouso-em-aeroporto#primaryimage\",\"url\":\"https:\\\/\\\/redenoticiaz.com.br\\\/ribeiraopreto-regiao\\\/wp-content\\\/uploads\\\/sites\\\/4\\\/2023\\\/03\\\/CARANGUEJO-VOO.jpg?v=1679485214\",\"contentUrl\":\"https:\\\/\\\/redenoticiaz.com.br\\\/ribeiraopreto-regiao\\\/wp-content\\\/uploads\\\/sites\\\/4\\\/2023\\\/03\\\/CARANGUEJO-VOO.jpg?v=1679485214\",\"width\":554,\"height\":300,\"caption\":\"Cr\u00e9ditos: Reprodu\u00e7\u00e3o\"},{\"@type\":\"WebSite\",\"@id\":\"https:\\\/\\\/redenoticiaz.com.br\\\/ribeiraopreto-regiao\\\/#website\",\"url\":\"https:\\\/\\\/redenoticiaz.com.br\\\/ribeiraopreto-regiao\\\/\",\"name\":\"Ribeir\u00e3o Preto e Regi\u00e3o\",\"description\":\"Rede NoticiaZ - Ribeir\u00e3o Preto e regi\u00e3o\",\"publisher\":{\"@id\":\"https:\\\/\\\/redenoticiaz.com.br\\\/ribeiraopreto-regiao\\\/#organization\"},\"potentialAction\":[{\"@type\":\"SearchAction\",\"target\":{\"@type\":\"EntryPoint\",\"urlTemplate\":\"https:\\\/\\\/redenoticiaz.com.br\\\/ribeiraopreto-regiao\\\/?s={search_term_string}\"},\"query-input\":{\"@type\":\"PropertyValueSpecification\",\"valueRequired\":true,\"valueName\":\"search_term_string\"}}],\"inLanguage\":\"pt-BR\"},{\"@type\":\"Organization\",\"@id\":\"https:\\\/\\\/redenoticiaz.com.br\\\/ribeiraopreto-regiao\\\/#organization\",\"name\":\"Ribeir\u00e3o Preto e Regi\u00e3o\",\"url\":\"https:\\\/\\\/redenoticiaz.com.br\\\/ribeiraopreto-regiao\\\/\",\"logo\":{\"@type\":\"ImageObject\",\"inLanguage\":\"pt-BR\",\"@id\":\"https:\\\/\\\/redenoticiaz.com.br\\\/ribeiraopreto-regiao\\\/#\\\/schema\\\/logo\\\/image\\\/\",\"url\":\"https:\\\/\\\/redenoticiaz.com.br\\\/barretos-regiao\\\/wp-content\\\/uploads\\\/sites\\\/4\\\/2022\\\/02\\\/logo.jpg\",\"contentUrl\":\"https:\\\/\\\/redenoticiaz.com.br\\\/barretos-regiao\\\/wp-content\\\/uploads\\\/sites\\\/4\\\/2022\\\/02\\\/logo.jpg\",\"width\":400,\"height\":250,\"caption\":\"Ribeir\u00e3o Preto e Regi\u00e3o\"},\"image\":{\"@id\":\"https:\\\/\\\/redenoticiaz.com.br\\\/ribeiraopreto-regiao\\\/#\\\/schema\\\/logo\\\/image\\\/\"},\"sameAs\":[\"https:\\\/\\\/m.facebook.com\\\/redenoticiaz.barretos\",\"https:\\\/\\\/x.com\\\/RN_barretos\",\"https:\\\/\\\/www.instagram.com\\\/redenoticiaz.barretos\\\/?igshid=YmMyMTA2M2Y\",\"https:\\\/\\\/www.linkedin.com\\\/company\\\/rede-noticiaz-barretos-e-regio\\\/\"]},{\"@type\":\"Person\",\"@id\":\"https:\\\/\\\/redenoticiaz.com.br\\\/ribeiraopreto-regiao\\\/#\\\/schema\\\/person\\\/0f0b8a5bdafefe82841e07ae8d81ecb3\",\"name\":\"Leonardo Francisco\",\"image\":{\"@type\":\"ImageObject\",\"inLanguage\":\"pt-BR\",\"@id\":\"https:\\\/\\\/secure.gravatar.com\\\/avatar\\\/a7358cb406a99b682ec6df1e77e31ae82e63601f6784e8a3df411d72b37864da?s=96&d=mm&r=g\",\"url\":\"https:\\\/\\\/secure.gravatar.com\\\/avatar\\\/a7358cb406a99b682ec6df1e77e31ae82e63601f6784e8a3df411d72b37864da?s=96&d=mm&r=g\",\"contentUrl\":\"https:\\\/\\\/secure.gravatar.com\\\/avatar\\\/a7358cb406a99b682ec6df1e77e31ae82e63601f6784e8a3df411d72b37864da?s=96&d=mm&r=g\",\"caption\":\"Leonardo Francisco\"},\"url\":\"https:\\\/\\\/redenoticiaz.com.br\\\/ribeiraopreto-regiao\\\/sp\\\/author\\\/leonardo-francisco\"}]}<\/script>\n<!-- \/ Yoast SEO plugin. -->","yoast_head_json":{"title":"V\u00cdDEO &#8211; Caranguejo for\u00e7a avi\u00e3o a arremeter pouso em aeroporto - Ribeir\u00e3o Preto e Regi\u00e3o","description":"disse que criaturas pequenas n\u00e3o s\u00e3o capazes de gerar um grande tumulto. Foi o que um caranguejo conseguiram fazer no Aeroporto","robots":{"index":"index","follow":"follow","max-snippet":"max-snippet:-1","max-image-preview":"max-image-preview:large","max-video-preview":"max-video-preview:-1"},"canonical":"https:\/\/redenoticiaz.com.br\/ribeiraopreto-regiao\/sp\/2023\/03\/22\/video-caranguejo-forca-aviao-a-arremeter-pouso-em-aeroporto","og_locale":"pt_BR","og_type":"article","og_title":"V\u00cdDEO &#8211; Caranguejo for\u00e7a avi\u00e3o a arremeter pouso em aeroporto - Ribeir\u00e3o Preto e Regi\u00e3o","og_description":"disse que criaturas pequenas n\u00e3o s\u00e3o capazes de gerar um grande tumulto. Foi o que um caranguejo conseguiram fazer no Aeroporto","og_url":"https:\/\/redenoticiaz.com.br\/ribeiraopreto-regiao\/sp\/2023\/03\/22\/video-caranguejo-forca-aviao-a-arremeter-pouso-em-aeroporto","og_site_name":"Ribeir\u00e3o Preto e Regi\u00e3o","article_publisher":"https:\/\/m.facebook.com\/redenoticiaz.barretos","article_published_time":"2023-03-22T11:41:30+00:00","og_image":[{"width":1000,"height":734,"url":"https:\/\/redenoticiaz.com.br\/ribeiraopreto-regiao\/wp-content\/uploads\/sites\/4\/2023\/05\/Champions.jpg?v=1684550964","type":"image\/jpeg"}],"author":"Leonardo Francisco","twitter_card":"summary_large_image","twitter_creator":"@RN_barretos","twitter_site":"@RN_barretos","twitter_misc":{"Escrito por":"Leonardo Francisco","Est. tempo de leitura":"2 minutos"},"schema":{"@context":"https:\/\/schema.org","@graph":[{"@type":"Article","@id":"https:\/\/redenoticiaz.com.br\/ribeiraopreto-regiao\/sp\/2023\/03\/22\/video-caranguejo-forca-aviao-a-arremeter-pouso-em-aeroporto#article","isPartOf":{"@id":"https:\/\/redenoticiaz.com.br\/ribeiraopreto-regiao\/sp\/2023\/03\/22\/video-caranguejo-forca-aviao-a-arremeter-pouso-em-aeroporto"},"author":{"name":"Leonardo Francisco","@id":"https:\/\/redenoticiaz.com.br\/ribeiraopreto-regiao\/#\/schema\/person\/0f0b8a5bdafefe82841e07ae8d81ecb3"},"headline":"V\u00cdDEO &#8211; Caranguejo for\u00e7a avi\u00e3o a arremeter pouso em aeroporto","datePublished":"2023-03-22T11:41:30+00:00","mainEntityOfPage":{"@id":"https:\/\/redenoticiaz.com.br\/ribeiraopreto-regiao\/sp\/2023\/03\/22\/video-caranguejo-forca-aviao-a-arremeter-pouso-em-aeroporto"},"wordCount":377,"commentCount":0,"publisher":{"@id":"https:\/\/redenoticiaz.com.br\/ribeiraopreto-regiao\/#organization"},"image":{"@id":"https:\/\/redenoticiaz.com.br\/ribeiraopreto-regiao\/sp\/2023\/03\/22\/video-caranguejo-forca-aviao-a-arremeter-pouso-em-aeroporto#primaryimage"},"thumbnailUrl":"https:\/\/redenoticiaz.com.br\/ribeiraopreto-regiao\/wp-content\/uploads\/sites\/4\/2023\/03\/CARANGUEJO-VOO.jpg?v=1679485214","keywords":["AEROPORTO DE VIT\u00d3RIA","CARANGUEJO","CARANGUEJO-U\u00c7\u00c1","ESP\u00cdRITO SANTO","VOO ARREMATADO"],"articleSection":["Meio Ambiente","Transportes"],"inLanguage":"pt-BR","potentialAction":[{"@type":"CommentAction","name":"Comment","target":["https:\/\/redenoticiaz.com.br\/ribeiraopreto-regiao\/sp\/2023\/03\/22\/video-caranguejo-forca-aviao-a-arremeter-pouso-em-aeroporto#respond"]}]},{"@type":"WebPage","@id":"https:\/\/redenoticiaz.com.br\/ribeiraopreto-regiao\/sp\/2023\/03\/22\/video-caranguejo-forca-aviao-a-arremeter-pouso-em-aeroporto","url":"https:\/\/redenoticiaz.com.br\/ribeiraopreto-regiao\/sp\/2023\/03\/22\/video-caranguejo-forca-aviao-a-arremeter-pouso-em-aeroporto","name":"V\u00cdDEO &#8211; Caranguejo for\u00e7a avi\u00e3o a arremeter pouso em aeroporto - Ribeir\u00e3o Preto e Regi\u00e3o","isPartOf":{"@id":"https:\/\/redenoticiaz.com.br\/ribeiraopreto-regiao\/#website"},"primaryImageOfPage":{"@id":"https:\/\/redenoticiaz.com.br\/ribeiraopreto-regiao\/sp\/2023\/03\/22\/video-caranguejo-forca-aviao-a-arremeter-pouso-em-aeroporto#primaryimage"},"image":{"@id":"https:\/\/redenoticiaz.com.br\/ribeiraopreto-regiao\/sp\/2023\/03\/22\/video-caranguejo-forca-aviao-a-arremeter-pouso-em-aeroporto#primaryimage"},"thumbnailUrl":"https:\/\/redenoticiaz.com.br\/ribeiraopreto-regiao\/wp-content\/uploads\/sites\/4\/2023\/03\/CARANGUEJO-VOO.jpg?v=1679485214","datePublished":"2023-03-22T11:41:30+00:00","description":"disse que criaturas pequenas n\u00e3o s\u00e3o capazes de gerar um grande tumulto. Foi o que um caranguejo conseguiram fazer no Aeroporto","inLanguage":"pt-BR","potentialAction":[{"@type":"ReadAction","target":["https:\/\/redenoticiaz.com.br\/ribeiraopreto-regiao\/sp\/2023\/03\/22\/video-caranguejo-forca-aviao-a-arremeter-pouso-em-aeroporto"]}]},{"@type":"ImageObject","inLanguage":"pt-BR","@id":"https:\/\/redenoticiaz.com.br\/ribeiraopreto-regiao\/sp\/2023\/03\/22\/video-caranguejo-forca-aviao-a-arremeter-pouso-em-aeroporto#primaryimage","url":"https:\/\/redenoticiaz.com.br\/ribeiraopreto-regiao\/wp-content\/uploads\/sites\/4\/2023\/03\/CARANGUEJO-VOO.jpg?v=1679485214","contentUrl":"https:\/\/redenoticiaz.com.br\/ribeiraopreto-regiao\/wp-content\/uploads\/sites\/4\/2023\/03\/CARANGUEJO-VOO.jpg?v=1679485214","width":554,"height":300,"caption":"Cr\u00e9ditos: Reprodu\u00e7\u00e3o"},{"@type":"WebSite","@id":"https:\/\/redenoticiaz.com.br\/ribeiraopreto-regiao\/#website","url":"https:\/\/redenoticiaz.com.br\/ribeiraopreto-regiao\/","name":"Ribeir\u00e3o Preto e Regi\u00e3o","description":"Rede NoticiaZ - Ribeir\u00e3o Preto e regi\u00e3o","publisher":{"@id":"https:\/\/redenoticiaz.com.br\/ribeiraopreto-regiao\/#organization"},"potentialAction":[{"@type":"SearchAction","target":{"@type":"EntryPoint","urlTemplate":"https:\/\/redenoticiaz.com.br\/ribeiraopreto-regiao\/?s={search_term_string}"},"query-input":{"@type":"PropertyValueSpecification","valueRequired":true,"valueName":"search_term_string"}}],"inLanguage":"pt-BR"},{"@type":"Organization","@id":"https:\/\/redenoticiaz.com.br\/ribeiraopreto-regiao\/#organization","name":"Ribeir\u00e3o Preto e Regi\u00e3o","url":"https:\/\/redenoticiaz.com.br\/ribeiraopreto-regiao\/","logo":{"@type":"ImageObject","inLanguage":"pt-BR","@id":"https:\/\/redenoticiaz.com.br\/ribeiraopreto-regiao\/#\/schema\/logo\/image\/","url":"https:\/\/redenoticiaz.com.br\/barretos-regiao\/wp-content\/uploads\/sites\/4\/2022\/02\/logo.jpg","contentUrl":"https:\/\/redenoticiaz.com.br\/barretos-regiao\/wp-content\/uploads\/sites\/4\/2022\/02\/logo.jpg","width":400,"height":250,"caption":"Ribeir\u00e3o Preto e Regi\u00e3o"},"image":{"@id":"https:\/\/redenoticiaz.com.br\/ribeiraopreto-regiao\/#\/schema\/logo\/image\/"},"sameAs":["https:\/\/m.facebook.com\/redenoticiaz.barretos","https:\/\/x.com\/RN_barretos","https:\/\/www.instagram.com\/redenoticiaz.barretos\/?igshid=YmMyMTA2M2Y","https:\/\/www.linkedin.com\/company\/rede-noticiaz-barretos-e-regio\/"]},{"@type":"Person","@id":"https:\/\/redenoticiaz.com.br\/ribeiraopreto-regiao\/#\/schema\/person\/0f0b8a5bdafefe82841e07ae8d81ecb3","name":"Leonardo Francisco","image":{"@type":"ImageObject","inLanguage":"pt-BR","@id":"https:\/\/secure.gravatar.com\/avatar\/a7358cb406a99b682ec6df1e77e31ae82e63601f6784e8a3df411d72b37864da?s=96&d=mm&r=g","url":"https:\/\/secure.gravatar.com\/avatar\/a7358cb406a99b682ec6df1e77e31ae82e63601f6784e8a3df411d72b37864da?s=96&d=mm&r=g","contentUrl":"https:\/\/secure.gravatar.com\/avatar\/a7358cb406a99b682ec6df1e77e31ae82e63601f6784e8a3df411d72b37864da?s=96&d=mm&r=g","caption":"Leonardo Francisco"},"url":"https:\/\/redenoticiaz.com.br\/ribeiraopreto-regiao\/sp\/author\/leonardo-francisco"}]}},"_links":{"self":[{"href":"https:\/\/redenoticiaz.com.br\/ribeiraopreto-regiao\/wp-json\/wp\/v2\/posts\/102480","targetHints":{"allow":["GET"]}}],"collection":[{"href":"https:\/\/redenoticiaz.com.br\/ribeiraopreto-regiao\/wp-json\/wp\/v2\/posts"}],"about":[{"href":"https:\/\/redenoticiaz.com.br\/ribeiraopreto-regiao\/wp-json\/wp\/v2\/types\/post"}],"author":[{"embeddable":true,"href":"https:\/\/redenoticiaz.com.br\/ribeiraopreto-regiao\/wp-json\/wp\/v2\/users\/6"}],"replies":[{"embeddable":true,"href":"https:\/\/redenoticiaz.com.br\/ribeiraopreto-regiao\/wp-json\/wp\/v2\/comments?post=102480"}],"version-history":[{"count":1,"href":"https:\/\/redenoticiaz.com.br\/ribeiraopreto-regiao\/wp-json\/wp\/v2\/posts\/102480\/revisions"}],"predecessor-version":[{"id":102483,"href":"https:\/\/redenoticiaz.com.br\/ribeiraopreto-regiao\/wp-json\/wp\/v2\/posts\/102480\/revisions\/102483"}],"wp:featuredmedia":[{"embeddable":true,"href":"https:\/\/redenoticiaz.com.br\/ribeiraopreto-regiao\/wp-json\/wp\/v2\/media\/102481"}],"wp:attachment":[{"href":"https:\/\/redenoticiaz.com.br\/ribeiraopreto-regiao\/wp-json\/wp\/v2\/media?parent=102480"}],"wp:term":[{"taxonomy":"category","embeddable":true,"href":"https:\/\/redenoticiaz.com.br\/ribeiraopreto-regiao\/wp-json\/wp\/v2\/categories?post=102480"},{"taxonomy":"post_tag","embeddable":true,"href":"https:\/\/redenoticiaz.com.br\/ribeiraopreto-regiao\/wp-json\/wp\/v2\/tags?post=102480"}],"curies":[{"name":"wp","href":"https:\/\/api.w.org\/{rel}","templated":true}]}}