{"id":102526,"date":"2023-03-22T16:29:47","date_gmt":"2023-03-22T19:29:47","guid":{"rendered":"https:\/\/redenoticiaz.com.br\/barretos-regiao\/?p=102526"},"modified":"2023-03-22T16:29:47","modified_gmt":"2023-03-22T19:29:47","slug":"parque-ecologico-com-lagos-paisagismo-e-espaco-para-lazer-segue-em-construcao","status":"publish","type":"post","link":"https:\/\/redenoticiaz.com.br\/ribeiraopreto-regiao\/sp\/2023\/03\/22\/parque-ecologico-com-lagos-paisagismo-e-espaco-para-lazer-segue-em-construcao","title":{"rendered":"Parque Ecol\u00f3gico com lagos, paisagismo e espa\u00e7o para lazer segue em constru\u00e7\u00e3o"},"content":{"rendered":"<p class=\"v1MsoNormal\"><span style=\"font-family: arial, sans-serif\">A Avenida Benatti, no prolongamento da Aurora Forti Neves, tem se tornado cada vez mais frequentada por moradores e turistas que buscam espa\u00e7os de lazer e pr\u00e1tica de atividades f\u00edsicas na Est\u00e2ncia Tur\u00edstica de Ol\u00edmpia. <\/span><span style=\"font-family: arial, sans-serif\">Por isso, o local, que conta com ampla estrutura de 5 km de extens\u00e3o de pista de caminhada, ciclovia, ilumina\u00e7\u00e3o de LED e paisagismo, est\u00e1 ganhando novos investimentos para ser ainda mais atrativo e promover a qualidade de vida.<\/span><\/p>\n<p class=\"v1MsoNormal\"><span style=\"font-family: arial, sans-serif\">Um dos grandes projetos na regi\u00e3o, que \u00e9 chamada Vale do Turismo por estar pr\u00f3xima aos parques aqu\u00e1ticos e empreendimentos hoteleiros, \u00e9 a constru\u00e7\u00e3o do Parque Ecol\u00f3gico, que est\u00e1 sendo implantado por etapas.<\/span><\/p>\n<p class=\"v1MsoNormal\"><span style=\"font-family: arial, sans-serif\">O Parque Ecol\u00f3gico Olhos D&#8217;\u00c1gua conta com dois lagos, que s\u00e3o abastecidos por uma adutora de 900 metros de extens\u00e3o, constru\u00edda no ano passado para conduzir a \u00e1gua de reuso tratada do parque aqu\u00e1tico Thermas dos Laranjais at\u00e9 o local.<\/span><\/p>\n<p class=\"v1MsoNormal\"><span style=\"font-family: arial, sans-serif\">At\u00e9 ent\u00e3o, passado o ciclo de reutiliza\u00e7\u00e3o da \u00e1gua nas piscinas, a \u00e1gua era lan\u00e7ada no C\u00f3rrego Olhos D&#8217;\u00c1gua, com licen\u00e7a dos \u00f3rg\u00e3os ambientais, uma vez que \u00e9 tratada. No entanto, com a nova tubula\u00e7\u00e3o, a \u00e1gua passou a ser direcionada at\u00e9 os lagos que ganharam forma e j\u00e1 est\u00e3o embelezando a regi\u00e3o. A instala\u00e7\u00e3o foi mais uma parceria entre o munic\u00edpio e o parque aqu\u00e1tico.<\/span><\/p>\n<p class=\"v1MsoNormal\"><span style=\"font-family: arial, sans-serif\">Os lagos est\u00e3o sendo executados com maquin\u00e1rios e equipes do pr\u00f3prio munic\u00edpio, otimizando o investimento de recursos. Ap\u00f3s a forma\u00e7\u00e3o completa dos lagos, em breve, ser\u00e1 licitada a empresa para constru\u00e7\u00e3o da pista de caminhada e ciclovia e demais equipamentos que far\u00e3o parte do novo complexo de lazer. Esta etapa ser\u00e1 executada com recursos do FID \u2013 Fundo Estadual de Defesa dos Interesses Difusos, \u00f3rg\u00e3o vinculado ao Governo do Estado, por meio da secretaria da Justi\u00e7a e da Cidadania, que visa destinar recursos para obras que envolvam a\u00e7\u00f5es de meio ambiente associadas ao valor hist\u00f3rico, tur\u00edstico, urban\u00edstico e de interesse coletivo.<\/span><\/p>\n<p>VEJA TAMB\u00c9M:\u00a0<a href=\"https:\/\/redenoticiaz.com.br\/barretos-regiao\/sp\/2023\/03\/13\/obras-do-novo-postao-avancam-e-pavimento-terreo-comeca-a-ser-estruturado\">Obras do Novo &#8220;Post\u00e3o&#8221; avan\u00e7am e pavimento t\u00e9rreo come\u00e7a a ser estruturado<\/a><\/p>\n","protected":false},"excerpt":{"rendered":"<p>A Avenida Benatti, no prolongamento da Aurora Forti Neves, tem se tornado cada vez mais frequentada por moradores e turistas que buscam espa\u00e7os de lazer e pr\u00e1tica de atividades f\u00edsicas na Est\u00e2ncia Tur\u00edstica de Ol\u00edmpia. Por isso, o local, que conta com ampla estrutura de 5 km de extens\u00e3o de pista de caminhada, ciclovia, ilumina\u00e7\u00e3o &hellip;<\/p>\n","protected":false},"author":15,"featured_media":102527,"comment_status":"open","ping_status":"closed","sticky":false,"template":"","format":"standard","meta":{"footnotes":""},"categories":[2920,330],"tags":[17787,19760,3121,18821,8380,333],"class_list":["post-102526","post","type-post","status-publish","format-standard","has-post-thumbnail","hentry","category-obras","category-turismo","tag-construcao","tag-hotelaria","tag-obras","tag-parque","tag-parque-ecologico","tag-turismo"],"yoast_head":"<!-- This site is optimized with the Yoast SEO plugin v27.4 - https:\/\/yoast.com\/product\/yoast-seo-wordpress\/ -->\n<title>Parque Ecol\u00f3gico com lagos, paisagismo e espa\u00e7o para lazer segue em constru\u00e7\u00e3o - Ribeir\u00e3o Preto e Regi\u00e3o<\/title>\n<meta name=\"description\" content=\"Local, que conta com ampla estrutura de 5 km de extens\u00e3o de pista de caminhada, ciclovia, ilumina\u00e7\u00e3o de LED est\u00e1 ganhando novos investimentos\" \/>\n<meta name=\"robots\" content=\"index, follow, max-snippet:-1, max-image-preview:large, max-video-preview:-1\" \/>\n<link rel=\"canonical\" href=\"https:\/\/redenoticiaz.com.br\/ribeiraopreto-regiao\/sp\/2023\/03\/22\/parque-ecologico-com-lagos-paisagismo-e-espaco-para-lazer-segue-em-construcao\" \/>\n<meta property=\"og:locale\" content=\"pt_BR\" \/>\n<meta property=\"og:type\" content=\"article\" \/>\n<meta property=\"og:title\" content=\"Parque Ecol\u00f3gico com lagos, paisagismo e espa\u00e7o para lazer segue em constru\u00e7\u00e3o - Ribeir\u00e3o Preto e Regi\u00e3o\" \/>\n<meta property=\"og:description\" content=\"Local, que conta com ampla estrutura de 5 km de extens\u00e3o de pista de caminhada, ciclovia, ilumina\u00e7\u00e3o de LED est\u00e1 ganhando novos investimentos\" \/>\n<meta property=\"og:url\" content=\"https:\/\/redenoticiaz.com.br\/ribeiraopreto-regiao\/sp\/2023\/03\/22\/parque-ecologico-com-lagos-paisagismo-e-espaco-para-lazer-segue-em-construcao\" \/>\n<meta property=\"og:site_name\" content=\"Ribeir\u00e3o Preto e Regi\u00e3o\" \/>\n<meta property=\"article:publisher\" content=\"https:\/\/m.facebook.com\/redenoticiaz.barretos\" \/>\n<meta property=\"article:published_time\" content=\"2023-03-22T19:29:47+00:00\" \/>\n<meta property=\"og:image\" content=\"https:\/\/redenoticiaz.com.br\/ribeiraopreto-regiao\/wp-content\/uploads\/sites\/4\/2023\/03\/Obras-Parque-Ecologico-scaled.jpg\" \/>\n\t<meta property=\"og:image:width\" content=\"1920\" \/>\n\t<meta property=\"og:image:height\" content=\"1080\" \/>\n\t<meta property=\"og:image:type\" content=\"image\/jpeg\" \/>\n<meta name=\"twitter:card\" content=\"summary_large_image\" \/>\n<meta name=\"twitter:creator\" content=\"@RN_barretos\" \/>\n<meta name=\"twitter:site\" content=\"@RN_barretos\" \/>\n<meta name=\"twitter:label1\" content=\"Escrito por\" \/>\n\t<meta name=\"twitter:data1\" content=\"\" \/>\n\t<meta name=\"twitter:label2\" content=\"Est. tempo de leitura\" \/>\n\t<meta name=\"twitter:data2\" content=\"2 minutos\" \/>\n<script type=\"application\/ld+json\" class=\"yoast-schema-graph\">{\"@context\":\"https:\\\/\\\/schema.org\",\"@graph\":[{\"@type\":\"Article\",\"@id\":\"https:\\\/\\\/redenoticiaz.com.br\\\/ribeiraopreto-regiao\\\/sp\\\/2023\\\/03\\\/22\\\/parque-ecologico-com-lagos-paisagismo-e-espaco-para-lazer-segue-em-construcao#article\",\"isPartOf\":{\"@id\":\"https:\\\/\\\/redenoticiaz.com.br\\\/ribeiraopreto-regiao\\\/sp\\\/2023\\\/03\\\/22\\\/parque-ecologico-com-lagos-paisagismo-e-espaco-para-lazer-segue-em-construcao\"},\"author\":{\"name\":\"\",\"@id\":\"\"},\"headline\":\"Parque Ecol\u00f3gico com lagos, paisagismo e espa\u00e7o para lazer segue em constru\u00e7\u00e3o\",\"datePublished\":\"2023-03-22T19:29:47+00:00\",\"mainEntityOfPage\":{\"@id\":\"https:\\\/\\\/redenoticiaz.com.br\\\/ribeiraopreto-regiao\\\/sp\\\/2023\\\/03\\\/22\\\/parque-ecologico-com-lagos-paisagismo-e-espaco-para-lazer-segue-em-construcao\"},\"wordCount\":388,\"commentCount\":0,\"publisher\":{\"@id\":\"https:\\\/\\\/redenoticiaz.com.br\\\/ribeiraopreto-regiao\\\/#organization\"},\"image\":{\"@id\":\"https:\\\/\\\/redenoticiaz.com.br\\\/ribeiraopreto-regiao\\\/sp\\\/2023\\\/03\\\/22\\\/parque-ecologico-com-lagos-paisagismo-e-espaco-para-lazer-segue-em-construcao#primaryimage\"},\"thumbnailUrl\":\"https:\\\/\\\/redenoticiaz.com.br\\\/ribeiraopreto-regiao\\\/wp-content\\\/uploads\\\/sites\\\/4\\\/2023\\\/03\\\/Obras-Parque-Ecologico-scaled.jpg\",\"keywords\":[\"CONSTRU\u00c7\u00c3O\",\"HOTELARIA\",\"obras\",\"Parque\",\"PARQUE ECOL\u00d3GICO\",\"turismo\"],\"articleSection\":[\"Obras\",\"Turismo\"],\"inLanguage\":\"pt-BR\",\"potentialAction\":[{\"@type\":\"CommentAction\",\"name\":\"Comment\",\"target\":[\"https:\\\/\\\/redenoticiaz.com.br\\\/ribeiraopreto-regiao\\\/sp\\\/2023\\\/03\\\/22\\\/parque-ecologico-com-lagos-paisagismo-e-espaco-para-lazer-segue-em-construcao#respond\"]}]},{\"@type\":\"WebPage\",\"@id\":\"https:\\\/\\\/redenoticiaz.com.br\\\/ribeiraopreto-regiao\\\/sp\\\/2023\\\/03\\\/22\\\/parque-ecologico-com-lagos-paisagismo-e-espaco-para-lazer-segue-em-construcao\",\"url\":\"https:\\\/\\\/redenoticiaz.com.br\\\/ribeiraopreto-regiao\\\/sp\\\/2023\\\/03\\\/22\\\/parque-ecologico-com-lagos-paisagismo-e-espaco-para-lazer-segue-em-construcao\",\"name\":\"Parque Ecol\u00f3gico com lagos, paisagismo e espa\u00e7o para lazer segue em constru\u00e7\u00e3o - Ribeir\u00e3o Preto e Regi\u00e3o\",\"isPartOf\":{\"@id\":\"https:\\\/\\\/redenoticiaz.com.br\\\/ribeiraopreto-regiao\\\/#website\"},\"primaryImageOfPage\":{\"@id\":\"https:\\\/\\\/redenoticiaz.com.br\\\/ribeiraopreto-regiao\\\/sp\\\/2023\\\/03\\\/22\\\/parque-ecologico-com-lagos-paisagismo-e-espaco-para-lazer-segue-em-construcao#primaryimage\"},\"image\":{\"@id\":\"https:\\\/\\\/redenoticiaz.com.br\\\/ribeiraopreto-regiao\\\/sp\\\/2023\\\/03\\\/22\\\/parque-ecologico-com-lagos-paisagismo-e-espaco-para-lazer-segue-em-construcao#primaryimage\"},\"thumbnailUrl\":\"https:\\\/\\\/redenoticiaz.com.br\\\/ribeiraopreto-regiao\\\/wp-content\\\/uploads\\\/sites\\\/4\\\/2023\\\/03\\\/Obras-Parque-Ecologico-scaled.jpg\",\"datePublished\":\"2023-03-22T19:29:47+00:00\",\"description\":\"Local, que conta com ampla estrutura de 5 km de extens\u00e3o de pista de caminhada, ciclovia, ilumina\u00e7\u00e3o de LED est\u00e1 ganhando novos investimentos\",\"inLanguage\":\"pt-BR\",\"potentialAction\":[{\"@type\":\"ReadAction\",\"target\":[\"https:\\\/\\\/redenoticiaz.com.br\\\/ribeiraopreto-regiao\\\/sp\\\/2023\\\/03\\\/22\\\/parque-ecologico-com-lagos-paisagismo-e-espaco-para-lazer-segue-em-construcao\"]}]},{\"@type\":\"ImageObject\",\"inLanguage\":\"pt-BR\",\"@id\":\"https:\\\/\\\/redenoticiaz.com.br\\\/ribeiraopreto-regiao\\\/sp\\\/2023\\\/03\\\/22\\\/parque-ecologico-com-lagos-paisagismo-e-espaco-para-lazer-segue-em-construcao#primaryimage\",\"url\":\"https:\\\/\\\/redenoticiaz.com.br\\\/ribeiraopreto-regiao\\\/wp-content\\\/uploads\\\/sites\\\/4\\\/2023\\\/03\\\/Obras-Parque-Ecologico-scaled.jpg\",\"contentUrl\":\"https:\\\/\\\/redenoticiaz.com.br\\\/ribeiraopreto-regiao\\\/wp-content\\\/uploads\\\/sites\\\/4\\\/2023\\\/03\\\/Obras-Parque-Ecologico-scaled.jpg\",\"width\":1920,\"height\":1080,\"caption\":\"Cr\u00e9dito: Divulga\u00e7\u00e3o\"},{\"@type\":\"WebSite\",\"@id\":\"https:\\\/\\\/redenoticiaz.com.br\\\/ribeiraopreto-regiao\\\/#website\",\"url\":\"https:\\\/\\\/redenoticiaz.com.br\\\/ribeiraopreto-regiao\\\/\",\"name\":\"Ribeir\u00e3o Preto e Regi\u00e3o\",\"description\":\"Rede NoticiaZ - Ribeir\u00e3o Preto e regi\u00e3o\",\"publisher\":{\"@id\":\"https:\\\/\\\/redenoticiaz.com.br\\\/ribeiraopreto-regiao\\\/#organization\"},\"potentialAction\":[{\"@type\":\"SearchAction\",\"target\":{\"@type\":\"EntryPoint\",\"urlTemplate\":\"https:\\\/\\\/redenoticiaz.com.br\\\/ribeiraopreto-regiao\\\/?s={search_term_string}\"},\"query-input\":{\"@type\":\"PropertyValueSpecification\",\"valueRequired\":true,\"valueName\":\"search_term_string\"}}],\"inLanguage\":\"pt-BR\"},{\"@type\":\"Organization\",\"@id\":\"https:\\\/\\\/redenoticiaz.com.br\\\/ribeiraopreto-regiao\\\/#organization\",\"name\":\"Ribeir\u00e3o Preto e Regi\u00e3o\",\"url\":\"https:\\\/\\\/redenoticiaz.com.br\\\/ribeiraopreto-regiao\\\/\",\"logo\":{\"@type\":\"ImageObject\",\"inLanguage\":\"pt-BR\",\"@id\":\"https:\\\/\\\/redenoticiaz.com.br\\\/ribeiraopreto-regiao\\\/#\\\/schema\\\/logo\\\/image\\\/\",\"url\":\"https:\\\/\\\/redenoticiaz.com.br\\\/barretos-regiao\\\/wp-content\\\/uploads\\\/sites\\\/4\\\/2022\\\/02\\\/logo.jpg\",\"contentUrl\":\"https:\\\/\\\/redenoticiaz.com.br\\\/barretos-regiao\\\/wp-content\\\/uploads\\\/sites\\\/4\\\/2022\\\/02\\\/logo.jpg\",\"width\":400,\"height\":250,\"caption\":\"Ribeir\u00e3o Preto e Regi\u00e3o\"},\"image\":{\"@id\":\"https:\\\/\\\/redenoticiaz.com.br\\\/ribeiraopreto-regiao\\\/#\\\/schema\\\/logo\\\/image\\\/\"},\"sameAs\":[\"https:\\\/\\\/m.facebook.com\\\/redenoticiaz.barretos\",\"https:\\\/\\\/x.com\\\/RN_barretos\",\"https:\\\/\\\/www.instagram.com\\\/redenoticiaz.barretos\\\/?igshid=YmMyMTA2M2Y\",\"https:\\\/\\\/www.linkedin.com\\\/company\\\/rede-noticiaz-barretos-e-regio\\\/\"]},{\"@type\":\"Person\",\"@id\":\"\",\"url\":\"https:\\\/\\\/redenoticiaz.com.br\\\/ribeiraopreto-regiao\\\/sp\\\/author\"}]}<\/script>\n<!-- \/ Yoast SEO plugin. -->","yoast_head_json":{"title":"Parque Ecol\u00f3gico com lagos, paisagismo e espa\u00e7o para lazer segue em constru\u00e7\u00e3o - Ribeir\u00e3o Preto e Regi\u00e3o","description":"Local, que conta com ampla estrutura de 5 km de extens\u00e3o de pista de caminhada, ciclovia, ilumina\u00e7\u00e3o de LED est\u00e1 ganhando novos investimentos","robots":{"index":"index","follow":"follow","max-snippet":"max-snippet:-1","max-image-preview":"max-image-preview:large","max-video-preview":"max-video-preview:-1"},"canonical":"https:\/\/redenoticiaz.com.br\/ribeiraopreto-regiao\/sp\/2023\/03\/22\/parque-ecologico-com-lagos-paisagismo-e-espaco-para-lazer-segue-em-construcao","og_locale":"pt_BR","og_type":"article","og_title":"Parque Ecol\u00f3gico com lagos, paisagismo e espa\u00e7o para lazer segue em constru\u00e7\u00e3o - Ribeir\u00e3o Preto e Regi\u00e3o","og_description":"Local, que conta com ampla estrutura de 5 km de extens\u00e3o de pista de caminhada, ciclovia, ilumina\u00e7\u00e3o de LED est\u00e1 ganhando novos investimentos","og_url":"https:\/\/redenoticiaz.com.br\/ribeiraopreto-regiao\/sp\/2023\/03\/22\/parque-ecologico-com-lagos-paisagismo-e-espaco-para-lazer-segue-em-construcao","og_site_name":"Ribeir\u00e3o Preto e Regi\u00e3o","article_publisher":"https:\/\/m.facebook.com\/redenoticiaz.barretos","article_published_time":"2023-03-22T19:29:47+00:00","og_image":[{"width":1920,"height":1080,"url":"https:\/\/redenoticiaz.com.br\/ribeiraopreto-regiao\/wp-content\/uploads\/sites\/4\/2023\/03\/Obras-Parque-Ecologico-scaled.jpg","type":"image\/jpeg"}],"twitter_card":"summary_large_image","twitter_creator":"@RN_barretos","twitter_site":"@RN_barretos","twitter_misc":{"Escrito por":"","Est. tempo de leitura":"2 minutos"},"schema":{"@context":"https:\/\/schema.org","@graph":[{"@type":"Article","@id":"https:\/\/redenoticiaz.com.br\/ribeiraopreto-regiao\/sp\/2023\/03\/22\/parque-ecologico-com-lagos-paisagismo-e-espaco-para-lazer-segue-em-construcao#article","isPartOf":{"@id":"https:\/\/redenoticiaz.com.br\/ribeiraopreto-regiao\/sp\/2023\/03\/22\/parque-ecologico-com-lagos-paisagismo-e-espaco-para-lazer-segue-em-construcao"},"author":{"name":"","@id":""},"headline":"Parque Ecol\u00f3gico com lagos, paisagismo e espa\u00e7o para lazer segue em constru\u00e7\u00e3o","datePublished":"2023-03-22T19:29:47+00:00","mainEntityOfPage":{"@id":"https:\/\/redenoticiaz.com.br\/ribeiraopreto-regiao\/sp\/2023\/03\/22\/parque-ecologico-com-lagos-paisagismo-e-espaco-para-lazer-segue-em-construcao"},"wordCount":388,"commentCount":0,"publisher":{"@id":"https:\/\/redenoticiaz.com.br\/ribeiraopreto-regiao\/#organization"},"image":{"@id":"https:\/\/redenoticiaz.com.br\/ribeiraopreto-regiao\/sp\/2023\/03\/22\/parque-ecologico-com-lagos-paisagismo-e-espaco-para-lazer-segue-em-construcao#primaryimage"},"thumbnailUrl":"https:\/\/redenoticiaz.com.br\/ribeiraopreto-regiao\/wp-content\/uploads\/sites\/4\/2023\/03\/Obras-Parque-Ecologico-scaled.jpg","keywords":["CONSTRU\u00c7\u00c3O","HOTELARIA","obras","Parque","PARQUE ECOL\u00d3GICO","turismo"],"articleSection":["Obras","Turismo"],"inLanguage":"pt-BR","potentialAction":[{"@type":"CommentAction","name":"Comment","target":["https:\/\/redenoticiaz.com.br\/ribeiraopreto-regiao\/sp\/2023\/03\/22\/parque-ecologico-com-lagos-paisagismo-e-espaco-para-lazer-segue-em-construcao#respond"]}]},{"@type":"WebPage","@id":"https:\/\/redenoticiaz.com.br\/ribeiraopreto-regiao\/sp\/2023\/03\/22\/parque-ecologico-com-lagos-paisagismo-e-espaco-para-lazer-segue-em-construcao","url":"https:\/\/redenoticiaz.com.br\/ribeiraopreto-regiao\/sp\/2023\/03\/22\/parque-ecologico-com-lagos-paisagismo-e-espaco-para-lazer-segue-em-construcao","name":"Parque Ecol\u00f3gico com lagos, paisagismo e espa\u00e7o para lazer segue em constru\u00e7\u00e3o - Ribeir\u00e3o Preto e Regi\u00e3o","isPartOf":{"@id":"https:\/\/redenoticiaz.com.br\/ribeiraopreto-regiao\/#website"},"primaryImageOfPage":{"@id":"https:\/\/redenoticiaz.com.br\/ribeiraopreto-regiao\/sp\/2023\/03\/22\/parque-ecologico-com-lagos-paisagismo-e-espaco-para-lazer-segue-em-construcao#primaryimage"},"image":{"@id":"https:\/\/redenoticiaz.com.br\/ribeiraopreto-regiao\/sp\/2023\/03\/22\/parque-ecologico-com-lagos-paisagismo-e-espaco-para-lazer-segue-em-construcao#primaryimage"},"thumbnailUrl":"https:\/\/redenoticiaz.com.br\/ribeiraopreto-regiao\/wp-content\/uploads\/sites\/4\/2023\/03\/Obras-Parque-Ecologico-scaled.jpg","datePublished":"2023-03-22T19:29:47+00:00","description":"Local, que conta com ampla estrutura de 5 km de extens\u00e3o de pista de caminhada, ciclovia, ilumina\u00e7\u00e3o de LED est\u00e1 ganhando novos investimentos","inLanguage":"pt-BR","potentialAction":[{"@type":"ReadAction","target":["https:\/\/redenoticiaz.com.br\/ribeiraopreto-regiao\/sp\/2023\/03\/22\/parque-ecologico-com-lagos-paisagismo-e-espaco-para-lazer-segue-em-construcao"]}]},{"@type":"ImageObject","inLanguage":"pt-BR","@id":"https:\/\/redenoticiaz.com.br\/ribeiraopreto-regiao\/sp\/2023\/03\/22\/parque-ecologico-com-lagos-paisagismo-e-espaco-para-lazer-segue-em-construcao#primaryimage","url":"https:\/\/redenoticiaz.com.br\/ribeiraopreto-regiao\/wp-content\/uploads\/sites\/4\/2023\/03\/Obras-Parque-Ecologico-scaled.jpg","contentUrl":"https:\/\/redenoticiaz.com.br\/ribeiraopreto-regiao\/wp-content\/uploads\/sites\/4\/2023\/03\/Obras-Parque-Ecologico-scaled.jpg","width":1920,"height":1080,"caption":"Cr\u00e9dito: Divulga\u00e7\u00e3o"},{"@type":"WebSite","@id":"https:\/\/redenoticiaz.com.br\/ribeiraopreto-regiao\/#website","url":"https:\/\/redenoticiaz.com.br\/ribeiraopreto-regiao\/","name":"Ribeir\u00e3o Preto e Regi\u00e3o","description":"Rede NoticiaZ - Ribeir\u00e3o Preto e regi\u00e3o","publisher":{"@id":"https:\/\/redenoticiaz.com.br\/ribeiraopreto-regiao\/#organization"},"potentialAction":[{"@type":"SearchAction","target":{"@type":"EntryPoint","urlTemplate":"https:\/\/redenoticiaz.com.br\/ribeiraopreto-regiao\/?s={search_term_string}"},"query-input":{"@type":"PropertyValueSpecification","valueRequired":true,"valueName":"search_term_string"}}],"inLanguage":"pt-BR"},{"@type":"Organization","@id":"https:\/\/redenoticiaz.com.br\/ribeiraopreto-regiao\/#organization","name":"Ribeir\u00e3o Preto e Regi\u00e3o","url":"https:\/\/redenoticiaz.com.br\/ribeiraopreto-regiao\/","logo":{"@type":"ImageObject","inLanguage":"pt-BR","@id":"https:\/\/redenoticiaz.com.br\/ribeiraopreto-regiao\/#\/schema\/logo\/image\/","url":"https:\/\/redenoticiaz.com.br\/barretos-regiao\/wp-content\/uploads\/sites\/4\/2022\/02\/logo.jpg","contentUrl":"https:\/\/redenoticiaz.com.br\/barretos-regiao\/wp-content\/uploads\/sites\/4\/2022\/02\/logo.jpg","width":400,"height":250,"caption":"Ribeir\u00e3o Preto e Regi\u00e3o"},"image":{"@id":"https:\/\/redenoticiaz.com.br\/ribeiraopreto-regiao\/#\/schema\/logo\/image\/"},"sameAs":["https:\/\/m.facebook.com\/redenoticiaz.barretos","https:\/\/x.com\/RN_barretos","https:\/\/www.instagram.com\/redenoticiaz.barretos\/?igshid=YmMyMTA2M2Y","https:\/\/www.linkedin.com\/company\/rede-noticiaz-barretos-e-regio\/"]},{"@type":"Person","@id":"","url":"https:\/\/redenoticiaz.com.br\/ribeiraopreto-regiao\/sp\/author"}]}},"_links":{"self":[{"href":"https:\/\/redenoticiaz.com.br\/ribeiraopreto-regiao\/wp-json\/wp\/v2\/posts\/102526","targetHints":{"allow":["GET"]}}],"collection":[{"href":"https:\/\/redenoticiaz.com.br\/ribeiraopreto-regiao\/wp-json\/wp\/v2\/posts"}],"about":[{"href":"https:\/\/redenoticiaz.com.br\/ribeiraopreto-regiao\/wp-json\/wp\/v2\/types\/post"}],"author":[{"embeddable":true,"href":"https:\/\/redenoticiaz.com.br\/ribeiraopreto-regiao\/wp-json\/wp\/v2\/users\/15"}],"replies":[{"embeddable":true,"href":"https:\/\/redenoticiaz.com.br\/ribeiraopreto-regiao\/wp-json\/wp\/v2\/comments?post=102526"}],"version-history":[{"count":1,"href":"https:\/\/redenoticiaz.com.br\/ribeiraopreto-regiao\/wp-json\/wp\/v2\/posts\/102526\/revisions"}],"predecessor-version":[{"id":102528,"href":"https:\/\/redenoticiaz.com.br\/ribeiraopreto-regiao\/wp-json\/wp\/v2\/posts\/102526\/revisions\/102528"}],"wp:featuredmedia":[{"embeddable":true,"href":"https:\/\/redenoticiaz.com.br\/ribeiraopreto-regiao\/wp-json\/wp\/v2\/media\/102527"}],"wp:attachment":[{"href":"https:\/\/redenoticiaz.com.br\/ribeiraopreto-regiao\/wp-json\/wp\/v2\/media?parent=102526"}],"wp:term":[{"taxonomy":"category","embeddable":true,"href":"https:\/\/redenoticiaz.com.br\/ribeiraopreto-regiao\/wp-json\/wp\/v2\/categories?post=102526"},{"taxonomy":"post_tag","embeddable":true,"href":"https:\/\/redenoticiaz.com.br\/ribeiraopreto-regiao\/wp-json\/wp\/v2\/tags?post=102526"}],"curies":[{"name":"wp","href":"https:\/\/api.w.org\/{rel}","templated":true}]}}