{"id":102536,"date":"2023-03-26T07:00:46","date_gmt":"2023-03-26T10:00:46","guid":{"rendered":"https:\/\/redenoticiaz.com.br\/barretos-regiao\/?p=102536"},"modified":"2023-03-22T17:19:29","modified_gmt":"2023-03-22T20:19:29","slug":"abboutt-elementary-esta-de-volta-relembre-os-melhores-episodios-da-primeira-temporada","status":"publish","type":"post","link":"https:\/\/redenoticiaz.com.br\/ribeiraopreto-regiao\/sp\/2023\/03\/26\/abboutt-elementary-esta-de-volta-relembre-os-melhores-episodios-da-primeira-temporada","title":{"rendered":"Abbott Elementary est\u00e1 de volta! Relembre os melhores epis\u00f3dios da primeira temporada"},"content":{"rendered":"<p>Os professores voltaram das f\u00e9rias! A s\u00e9rie, vencedora do Globo de Ouro\u00ae 2023 na categoria de Melhor S\u00e9rie de TV \u2013 Com\u00e9dia\/Musical, acompanha um grupo de professores que, apesar de todas as dificuldades, est\u00e3o determinados a ajudar seus alunos a terem sucesso na vida.<\/p>\n<p>Embora esses incr\u00edveis servidores p\u00fablicos possam estar em menor n\u00famero e sem recursos, eles adoram o que fazem, mesmo n\u00e3o amando a atitude do distrito escolar em rela\u00e7\u00e3o \u00e0 educa\u00e7\u00e3o das crian\u00e7as.<\/p>\n<p class=\"v1MsoNoSpacing\"><strong>E j\u00e1 que uma nova temporada acaba de chegar, que tal relembrar os melhores epis\u00f3dios da primeira temporada? Confira!<\/strong><\/p>\n<p class=\"v1MsoNoSpacing\">\n<h4 class=\"v1MsoNoSpacing\"><b>Piloto (Temporada 1 &#8211; Epis\u00f3dio 1)<\/b><\/h4>\n<p class=\"v1MsoNoSpacing\">\u00c9 nesse epis\u00f3dio que conhecemos os professores da escola p\u00fablica Willard R. Abbott e seus m\u00e9todos de ensino. Depois de uma confus\u00e3o entre um dos alunos e uma das professoras (que acaba sendo demitida), o zelador fica respons\u00e1vel por passar seus conhecimentos para a turma \u00e0 merc\u00ea. Enquanto isso, Janine (Quinta Brunson) faz de tudo para conseguir um tapete novo para sua sala, e Gregory (Tyler James Williams) enfrenta seu primeiro dia no novo trabalho.<\/p>\n<p class=\"v1MsoNoSpacing\">\n<h4 class=\"v1MsoNoSpacing\"><b>Lista de desejos (Temporada 1 &#8211; Epis\u00f3dio 3)<\/b><\/h4>\n<p class=\"v1MsoNoSpacing\">Como em grande parte das escolas p\u00fablicas, a Abbott n\u00e3o tem verba para conseguir comprar novos materiais. Pensando nisso, os professores se juntam para criar uma lista de desejos, onde pedem doa\u00e7\u00f5es para a comunidade local. Enquanto Janine usa as redes sociais para viralizar seus pedidos, Barbara (Sheryl Lee Ralph) prefere continuar do modo antigo, e acaba n\u00e3o conseguindo muito retorno da comunidade.<\/p>\n<p class=\"v1MsoNoSpacing\">\n<h4 class=\"v1MsoNoSpacing\"><b>Programa para superdotados (Temporada 1 &#8211; Epis\u00f3dio 6)<\/b><\/h4>\n<p class=\"v1MsoNoSpacing\">Janine convence a diretora Ava (Janelle James) a iniciar um programa para alunos superdotados liderado por Jacob (Chris Perfetti). No entanto, alguns alunos come\u00e7am a se sentir exclu\u00eddos, ent\u00e3o Janine pede ajuda\u00a0<b>a<\/b>\u00a0Gregory para encontrar uma solu\u00e7\u00e3o.<\/p>\n<p class=\"v1MsoNoSpacing\">\n<p class=\"v1MsoNoSpacing\"><b>Noite dos pais (Temporada 1 &#8211; Epis\u00f3dio 10)<\/b><\/p>\n<p class=\"v1MsoNoSpacing\">\u00c9 dia de visita\u00e7\u00e3o na Abbott Elementary, e enquanto Janine se prepara para conhecer a m\u00e3e de sua aluna com dificuldades, o resto do corpo docente usa o tempo para relaxar. Gregory finalmente descobre como Ava conseguiu a vaga de diretora, e n\u00e3o aceita muito bem que perdeu sua t\u00e3o sonhada vaga para ela.<\/p>\n<p class=\"v1MsoNoSpacing\">\n<p class=\"v1MsoNoSpacing\"><b>Bal\u00e3o de Zool\u00f3gico (Temporada 1 &#8211; Epis\u00f3dio 13)<\/b><\/p>\n<p class=\"v1MsoNoSpacing\">Durante a viagem anual da escola ao zool\u00f3gico, Tariq (Zack Fox) revela que recebeu uma oferta de emprego em Nova York, enquanto Janine tenta se decidir se segue os passos do namorado ou continua morando na Filadelfia. J\u00e1 B\u00e1rbara come\u00e7a a se questionar sobre seu futuro ao descobrir que seu animal favorito, o tuatara, foi aposentado por conta da idade.<\/p>\n<p class=\"v1MsoNoSpacing\">\n<p class=\"v1MsoNoSpacing\">A primeira e parte da segunda temporada de \u201cAbbott Elementary\u201d j\u00e1\u00a0est\u00e1 dispon\u00edvel na \u00edntegra com exclusividade no Star+.<\/p>\n<p>VEJA TAMB\u00c9M:\u00a0<a href=\"https:\/\/redenoticiaz.com.br\/barretos-regiao\/sp\/2023\/03\/21\/gabriel-leone-vivera-ayrton-senna-na-minisserie-de-ficcao-da-netflix\">Gabriel Leone viver\u00e1 Ayrton Senna na miniss\u00e9rie de fic\u00e7\u00e3o da Netflix<\/a><\/p>\n","protected":false},"excerpt":{"rendered":"<p>Os professores voltaram das f\u00e9rias! A s\u00e9rie, vencedora do Globo de Ouro\u00ae 2023 na categoria de Melhor S\u00e9rie de TV \u2013 Com\u00e9dia\/Musical, acompanha um grupo de professores que, apesar de todas as dificuldades, est\u00e3o determinados a ajudar seus alunos a terem sucesso na vida. Embora esses incr\u00edveis servidores p\u00fablicos possam estar em menor n\u00famero e &hellip;<\/p>\n","protected":false},"author":15,"featured_media":102537,"comment_status":"open","ping_status":"closed","sticky":false,"template":"","format":"standard","meta":{"footnotes":""},"categories":[23210,469,134],"tags":[24000,25861,20517,12580,17247],"class_list":["post-102536","post","type-post","status-publish","format-standard","has-post-thumbnail","hentry","category-cameraz","category-cultura","category-entretenimento","tag-abbott-elementary","tag-novos-episodios","tag-segunda-temporada","tag-serie","tag-star"],"yoast_head":"<!-- This site is optimized with the Yoast SEO plugin v27.5 - https:\/\/yoast.com\/product\/yoast-seo-wordpress\/ -->\n<title>Abbott Elementary est\u00e1 de volta! Relembre os melhores epis\u00f3dios da primeira temporada - Ribeir\u00e3o Preto e Regi\u00e3o<\/title>\n<meta name=\"description\" content=\"A s\u00e9rie, vencedora do Globo de Ouro\u00ae 2023 na categoria de Melhor S\u00e9rie de TV \u2013 Com\u00e9dia\/Musical, acompanha um grupo de professores\" \/>\n<meta name=\"robots\" content=\"index, follow, max-snippet:-1, max-image-preview:large, max-video-preview:-1\" \/>\n<link rel=\"canonical\" href=\"https:\/\/redenoticiaz.com.br\/ribeiraopreto-regiao\/sp\/2023\/03\/26\/abboutt-elementary-esta-de-volta-relembre-os-melhores-episodios-da-primeira-temporada\" \/>\n<meta property=\"og:locale\" content=\"pt_BR\" \/>\n<meta property=\"og:type\" content=\"article\" \/>\n<meta property=\"og:title\" content=\"Abbott Elementary est\u00e1 de volta! Relembre os melhores epis\u00f3dios da primeira temporada - Ribeir\u00e3o Preto e Regi\u00e3o\" \/>\n<meta property=\"og:description\" content=\"A s\u00e9rie, vencedora do Globo de Ouro\u00ae 2023 na categoria de Melhor S\u00e9rie de TV \u2013 Com\u00e9dia\/Musical, acompanha um grupo de professores\" \/>\n<meta property=\"og:url\" content=\"https:\/\/redenoticiaz.com.br\/ribeiraopreto-regiao\/sp\/2023\/03\/26\/abboutt-elementary-esta-de-volta-relembre-os-melhores-episodios-da-primeira-temporada\" \/>\n<meta property=\"og:site_name\" content=\"Ribeir\u00e3o Preto e Regi\u00e3o\" \/>\n<meta property=\"article:publisher\" content=\"https:\/\/m.facebook.com\/redenoticiaz.barretos\" \/>\n<meta property=\"article:published_time\" content=\"2023-03-26T10:00:46+00:00\" \/>\n<meta property=\"og:image\" content=\"https:\/\/redenoticiaz.com.br\/ribeiraopreto-regiao\/wp-content\/uploads\/sites\/4\/2023\/03\/original_1659039218_AbbottElementary_01_Star-2.jpg\" \/>\n\t<meta property=\"og:image:width\" content=\"850\" \/>\n\t<meta property=\"og:image:height\" content=\"638\" \/>\n\t<meta property=\"og:image:type\" content=\"image\/jpeg\" \/>\n<meta name=\"twitter:card\" content=\"summary_large_image\" \/>\n<meta name=\"twitter:creator\" content=\"@RN_barretos\" \/>\n<meta name=\"twitter:site\" content=\"@RN_barretos\" \/>\n<meta name=\"twitter:label1\" content=\"Escrito por\" \/>\n\t<meta name=\"twitter:data1\" content=\"\" \/>\n\t<meta name=\"twitter:label2\" content=\"Est. tempo de leitura\" \/>\n\t<meta name=\"twitter:data2\" content=\"3 minutos\" \/>\n<script type=\"application\/ld+json\" class=\"yoast-schema-graph\">{\"@context\":\"https:\\\/\\\/schema.org\",\"@graph\":[{\"@type\":\"Article\",\"@id\":\"https:\\\/\\\/redenoticiaz.com.br\\\/ribeiraopreto-regiao\\\/sp\\\/2023\\\/03\\\/26\\\/abboutt-elementary-esta-de-volta-relembre-os-melhores-episodios-da-primeira-temporada#article\",\"isPartOf\":{\"@id\":\"https:\\\/\\\/redenoticiaz.com.br\\\/ribeiraopreto-regiao\\\/sp\\\/2023\\\/03\\\/26\\\/abboutt-elementary-esta-de-volta-relembre-os-melhores-episodios-da-primeira-temporada\"},\"author\":{\"name\":\"\",\"@id\":\"\"},\"headline\":\"Abbott Elementary est\u00e1 de volta! Relembre os melhores epis\u00f3dios da primeira temporada\",\"datePublished\":\"2023-03-26T10:00:46+00:00\",\"mainEntityOfPage\":{\"@id\":\"https:\\\/\\\/redenoticiaz.com.br\\\/ribeiraopreto-regiao\\\/sp\\\/2023\\\/03\\\/26\\\/abboutt-elementary-esta-de-volta-relembre-os-melhores-episodios-da-primeira-temporada\"},\"wordCount\":497,\"commentCount\":0,\"publisher\":{\"@id\":\"https:\\\/\\\/redenoticiaz.com.br\\\/ribeiraopreto-regiao\\\/#organization\"},\"image\":{\"@id\":\"https:\\\/\\\/redenoticiaz.com.br\\\/ribeiraopreto-regiao\\\/sp\\\/2023\\\/03\\\/26\\\/abboutt-elementary-esta-de-volta-relembre-os-melhores-episodios-da-primeira-temporada#primaryimage\"},\"thumbnailUrl\":\"https:\\\/\\\/redenoticiaz.com.br\\\/ribeiraopreto-regiao\\\/wp-content\\\/uploads\\\/sites\\\/4\\\/2023\\\/03\\\/original_1659039218_AbbottElementary_01_Star-2.jpg\",\"keywords\":[\"Abbott Elementary\",\"novos epis\u00f3dios\",\"segunda temporada\",\"S\u00c9RIE\",\"STAR+\"],\"articleSection\":[\"C\u00e2mera Z\",\"Cultura\",\"Entretenimento\"],\"inLanguage\":\"pt-BR\",\"potentialAction\":[{\"@type\":\"CommentAction\",\"name\":\"Comment\",\"target\":[\"https:\\\/\\\/redenoticiaz.com.br\\\/ribeiraopreto-regiao\\\/sp\\\/2023\\\/03\\\/26\\\/abboutt-elementary-esta-de-volta-relembre-os-melhores-episodios-da-primeira-temporada#respond\"]}]},{\"@type\":\"WebPage\",\"@id\":\"https:\\\/\\\/redenoticiaz.com.br\\\/ribeiraopreto-regiao\\\/sp\\\/2023\\\/03\\\/26\\\/abboutt-elementary-esta-de-volta-relembre-os-melhores-episodios-da-primeira-temporada\",\"url\":\"https:\\\/\\\/redenoticiaz.com.br\\\/ribeiraopreto-regiao\\\/sp\\\/2023\\\/03\\\/26\\\/abboutt-elementary-esta-de-volta-relembre-os-melhores-episodios-da-primeira-temporada\",\"name\":\"Abbott Elementary est\u00e1 de volta! Relembre os melhores epis\u00f3dios da primeira temporada - Ribeir\u00e3o Preto e Regi\u00e3o\",\"isPartOf\":{\"@id\":\"https:\\\/\\\/redenoticiaz.com.br\\\/ribeiraopreto-regiao\\\/#website\"},\"primaryImageOfPage\":{\"@id\":\"https:\\\/\\\/redenoticiaz.com.br\\\/ribeiraopreto-regiao\\\/sp\\\/2023\\\/03\\\/26\\\/abboutt-elementary-esta-de-volta-relembre-os-melhores-episodios-da-primeira-temporada#primaryimage\"},\"image\":{\"@id\":\"https:\\\/\\\/redenoticiaz.com.br\\\/ribeiraopreto-regiao\\\/sp\\\/2023\\\/03\\\/26\\\/abboutt-elementary-esta-de-volta-relembre-os-melhores-episodios-da-primeira-temporada#primaryimage\"},\"thumbnailUrl\":\"https:\\\/\\\/redenoticiaz.com.br\\\/ribeiraopreto-regiao\\\/wp-content\\\/uploads\\\/sites\\\/4\\\/2023\\\/03\\\/original_1659039218_AbbottElementary_01_Star-2.jpg\",\"datePublished\":\"2023-03-26T10:00:46+00:00\",\"description\":\"A s\u00e9rie, vencedora do Globo de Ouro\u00ae 2023 na categoria de Melhor S\u00e9rie de TV \u2013 Com\u00e9dia\\\/Musical, acompanha um grupo de professores\",\"inLanguage\":\"pt-BR\",\"potentialAction\":[{\"@type\":\"ReadAction\",\"target\":[\"https:\\\/\\\/redenoticiaz.com.br\\\/ribeiraopreto-regiao\\\/sp\\\/2023\\\/03\\\/26\\\/abboutt-elementary-esta-de-volta-relembre-os-melhores-episodios-da-primeira-temporada\"]}]},{\"@type\":\"ImageObject\",\"inLanguage\":\"pt-BR\",\"@id\":\"https:\\\/\\\/redenoticiaz.com.br\\\/ribeiraopreto-regiao\\\/sp\\\/2023\\\/03\\\/26\\\/abboutt-elementary-esta-de-volta-relembre-os-melhores-episodios-da-primeira-temporada#primaryimage\",\"url\":\"https:\\\/\\\/redenoticiaz.com.br\\\/ribeiraopreto-regiao\\\/wp-content\\\/uploads\\\/sites\\\/4\\\/2023\\\/03\\\/original_1659039218_AbbottElementary_01_Star-2.jpg\",\"contentUrl\":\"https:\\\/\\\/redenoticiaz.com.br\\\/ribeiraopreto-regiao\\\/wp-content\\\/uploads\\\/sites\\\/4\\\/2023\\\/03\\\/original_1659039218_AbbottElementary_01_Star-2.jpg\",\"width\":850,\"height\":638,\"caption\":\"Abbott Elementary. Cr\u00e9dito: Divulga\u00e7\u00e3o\"},{\"@type\":\"WebSite\",\"@id\":\"https:\\\/\\\/redenoticiaz.com.br\\\/ribeiraopreto-regiao\\\/#website\",\"url\":\"https:\\\/\\\/redenoticiaz.com.br\\\/ribeiraopreto-regiao\\\/\",\"name\":\"Ribeir\u00e3o Preto e Regi\u00e3o\",\"description\":\"Rede NoticiaZ - Ribeir\u00e3o Preto e regi\u00e3o\",\"publisher\":{\"@id\":\"https:\\\/\\\/redenoticiaz.com.br\\\/ribeiraopreto-regiao\\\/#organization\"},\"potentialAction\":[{\"@type\":\"SearchAction\",\"target\":{\"@type\":\"EntryPoint\",\"urlTemplate\":\"https:\\\/\\\/redenoticiaz.com.br\\\/ribeiraopreto-regiao\\\/?s={search_term_string}\"},\"query-input\":{\"@type\":\"PropertyValueSpecification\",\"valueRequired\":true,\"valueName\":\"search_term_string\"}}],\"inLanguage\":\"pt-BR\"},{\"@type\":\"Organization\",\"@id\":\"https:\\\/\\\/redenoticiaz.com.br\\\/ribeiraopreto-regiao\\\/#organization\",\"name\":\"Ribeir\u00e3o Preto e Regi\u00e3o\",\"url\":\"https:\\\/\\\/redenoticiaz.com.br\\\/ribeiraopreto-regiao\\\/\",\"logo\":{\"@type\":\"ImageObject\",\"inLanguage\":\"pt-BR\",\"@id\":\"https:\\\/\\\/redenoticiaz.com.br\\\/ribeiraopreto-regiao\\\/#\\\/schema\\\/logo\\\/image\\\/\",\"url\":\"https:\\\/\\\/redenoticiaz.com.br\\\/barretos-regiao\\\/wp-content\\\/uploads\\\/sites\\\/4\\\/2022\\\/02\\\/logo.jpg\",\"contentUrl\":\"https:\\\/\\\/redenoticiaz.com.br\\\/barretos-regiao\\\/wp-content\\\/uploads\\\/sites\\\/4\\\/2022\\\/02\\\/logo.jpg\",\"width\":400,\"height\":250,\"caption\":\"Ribeir\u00e3o Preto e Regi\u00e3o\"},\"image\":{\"@id\":\"https:\\\/\\\/redenoticiaz.com.br\\\/ribeiraopreto-regiao\\\/#\\\/schema\\\/logo\\\/image\\\/\"},\"sameAs\":[\"https:\\\/\\\/m.facebook.com\\\/redenoticiaz.barretos\",\"https:\\\/\\\/x.com\\\/RN_barretos\",\"https:\\\/\\\/www.instagram.com\\\/redenoticiaz.barretos\\\/?igshid=YmMyMTA2M2Y\",\"https:\\\/\\\/www.linkedin.com\\\/company\\\/rede-noticiaz-barretos-e-regio\\\/\"]},{\"@type\":\"Person\",\"@id\":\"\",\"url\":\"https:\\\/\\\/redenoticiaz.com.br\\\/ribeiraopreto-regiao\\\/sp\\\/author\"}]}<\/script>\n<!-- \/ Yoast SEO plugin. -->","yoast_head_json":{"title":"Abbott Elementary est\u00e1 de volta! Relembre os melhores epis\u00f3dios da primeira temporada - Ribeir\u00e3o Preto e Regi\u00e3o","description":"A s\u00e9rie, vencedora do Globo de Ouro\u00ae 2023 na categoria de Melhor S\u00e9rie de TV \u2013 Com\u00e9dia\/Musical, acompanha um grupo de professores","robots":{"index":"index","follow":"follow","max-snippet":"max-snippet:-1","max-image-preview":"max-image-preview:large","max-video-preview":"max-video-preview:-1"},"canonical":"https:\/\/redenoticiaz.com.br\/ribeiraopreto-regiao\/sp\/2023\/03\/26\/abboutt-elementary-esta-de-volta-relembre-os-melhores-episodios-da-primeira-temporada","og_locale":"pt_BR","og_type":"article","og_title":"Abbott Elementary est\u00e1 de volta! Relembre os melhores epis\u00f3dios da primeira temporada - Ribeir\u00e3o Preto e Regi\u00e3o","og_description":"A s\u00e9rie, vencedora do Globo de Ouro\u00ae 2023 na categoria de Melhor S\u00e9rie de TV \u2013 Com\u00e9dia\/Musical, acompanha um grupo de professores","og_url":"https:\/\/redenoticiaz.com.br\/ribeiraopreto-regiao\/sp\/2023\/03\/26\/abboutt-elementary-esta-de-volta-relembre-os-melhores-episodios-da-primeira-temporada","og_site_name":"Ribeir\u00e3o Preto e Regi\u00e3o","article_publisher":"https:\/\/m.facebook.com\/redenoticiaz.barretos","article_published_time":"2023-03-26T10:00:46+00:00","og_image":[{"width":850,"height":638,"url":"https:\/\/redenoticiaz.com.br\/ribeiraopreto-regiao\/wp-content\/uploads\/sites\/4\/2023\/03\/original_1659039218_AbbottElementary_01_Star-2.jpg","type":"image\/jpeg"}],"twitter_card":"summary_large_image","twitter_creator":"@RN_barretos","twitter_site":"@RN_barretos","twitter_misc":{"Escrito por":"","Est. tempo de leitura":"3 minutos"},"schema":{"@context":"https:\/\/schema.org","@graph":[{"@type":"Article","@id":"https:\/\/redenoticiaz.com.br\/ribeiraopreto-regiao\/sp\/2023\/03\/26\/abboutt-elementary-esta-de-volta-relembre-os-melhores-episodios-da-primeira-temporada#article","isPartOf":{"@id":"https:\/\/redenoticiaz.com.br\/ribeiraopreto-regiao\/sp\/2023\/03\/26\/abboutt-elementary-esta-de-volta-relembre-os-melhores-episodios-da-primeira-temporada"},"author":{"name":"","@id":""},"headline":"Abbott Elementary est\u00e1 de volta! Relembre os melhores epis\u00f3dios da primeira temporada","datePublished":"2023-03-26T10:00:46+00:00","mainEntityOfPage":{"@id":"https:\/\/redenoticiaz.com.br\/ribeiraopreto-regiao\/sp\/2023\/03\/26\/abboutt-elementary-esta-de-volta-relembre-os-melhores-episodios-da-primeira-temporada"},"wordCount":497,"commentCount":0,"publisher":{"@id":"https:\/\/redenoticiaz.com.br\/ribeiraopreto-regiao\/#organization"},"image":{"@id":"https:\/\/redenoticiaz.com.br\/ribeiraopreto-regiao\/sp\/2023\/03\/26\/abboutt-elementary-esta-de-volta-relembre-os-melhores-episodios-da-primeira-temporada#primaryimage"},"thumbnailUrl":"https:\/\/redenoticiaz.com.br\/ribeiraopreto-regiao\/wp-content\/uploads\/sites\/4\/2023\/03\/original_1659039218_AbbottElementary_01_Star-2.jpg","keywords":["Abbott Elementary","novos epis\u00f3dios","segunda temporada","S\u00c9RIE","STAR+"],"articleSection":["C\u00e2mera Z","Cultura","Entretenimento"],"inLanguage":"pt-BR","potentialAction":[{"@type":"CommentAction","name":"Comment","target":["https:\/\/redenoticiaz.com.br\/ribeiraopreto-regiao\/sp\/2023\/03\/26\/abboutt-elementary-esta-de-volta-relembre-os-melhores-episodios-da-primeira-temporada#respond"]}]},{"@type":"WebPage","@id":"https:\/\/redenoticiaz.com.br\/ribeiraopreto-regiao\/sp\/2023\/03\/26\/abboutt-elementary-esta-de-volta-relembre-os-melhores-episodios-da-primeira-temporada","url":"https:\/\/redenoticiaz.com.br\/ribeiraopreto-regiao\/sp\/2023\/03\/26\/abboutt-elementary-esta-de-volta-relembre-os-melhores-episodios-da-primeira-temporada","name":"Abbott Elementary est\u00e1 de volta! Relembre os melhores epis\u00f3dios da primeira temporada - Ribeir\u00e3o Preto e Regi\u00e3o","isPartOf":{"@id":"https:\/\/redenoticiaz.com.br\/ribeiraopreto-regiao\/#website"},"primaryImageOfPage":{"@id":"https:\/\/redenoticiaz.com.br\/ribeiraopreto-regiao\/sp\/2023\/03\/26\/abboutt-elementary-esta-de-volta-relembre-os-melhores-episodios-da-primeira-temporada#primaryimage"},"image":{"@id":"https:\/\/redenoticiaz.com.br\/ribeiraopreto-regiao\/sp\/2023\/03\/26\/abboutt-elementary-esta-de-volta-relembre-os-melhores-episodios-da-primeira-temporada#primaryimage"},"thumbnailUrl":"https:\/\/redenoticiaz.com.br\/ribeiraopreto-regiao\/wp-content\/uploads\/sites\/4\/2023\/03\/original_1659039218_AbbottElementary_01_Star-2.jpg","datePublished":"2023-03-26T10:00:46+00:00","description":"A s\u00e9rie, vencedora do Globo de Ouro\u00ae 2023 na categoria de Melhor S\u00e9rie de TV \u2013 Com\u00e9dia\/Musical, acompanha um grupo de professores","inLanguage":"pt-BR","potentialAction":[{"@type":"ReadAction","target":["https:\/\/redenoticiaz.com.br\/ribeiraopreto-regiao\/sp\/2023\/03\/26\/abboutt-elementary-esta-de-volta-relembre-os-melhores-episodios-da-primeira-temporada"]}]},{"@type":"ImageObject","inLanguage":"pt-BR","@id":"https:\/\/redenoticiaz.com.br\/ribeiraopreto-regiao\/sp\/2023\/03\/26\/abboutt-elementary-esta-de-volta-relembre-os-melhores-episodios-da-primeira-temporada#primaryimage","url":"https:\/\/redenoticiaz.com.br\/ribeiraopreto-regiao\/wp-content\/uploads\/sites\/4\/2023\/03\/original_1659039218_AbbottElementary_01_Star-2.jpg","contentUrl":"https:\/\/redenoticiaz.com.br\/ribeiraopreto-regiao\/wp-content\/uploads\/sites\/4\/2023\/03\/original_1659039218_AbbottElementary_01_Star-2.jpg","width":850,"height":638,"caption":"Abbott Elementary. Cr\u00e9dito: Divulga\u00e7\u00e3o"},{"@type":"WebSite","@id":"https:\/\/redenoticiaz.com.br\/ribeiraopreto-regiao\/#website","url":"https:\/\/redenoticiaz.com.br\/ribeiraopreto-regiao\/","name":"Ribeir\u00e3o Preto e Regi\u00e3o","description":"Rede NoticiaZ - Ribeir\u00e3o Preto e regi\u00e3o","publisher":{"@id":"https:\/\/redenoticiaz.com.br\/ribeiraopreto-regiao\/#organization"},"potentialAction":[{"@type":"SearchAction","target":{"@type":"EntryPoint","urlTemplate":"https:\/\/redenoticiaz.com.br\/ribeiraopreto-regiao\/?s={search_term_string}"},"query-input":{"@type":"PropertyValueSpecification","valueRequired":true,"valueName":"search_term_string"}}],"inLanguage":"pt-BR"},{"@type":"Organization","@id":"https:\/\/redenoticiaz.com.br\/ribeiraopreto-regiao\/#organization","name":"Ribeir\u00e3o Preto e Regi\u00e3o","url":"https:\/\/redenoticiaz.com.br\/ribeiraopreto-regiao\/","logo":{"@type":"ImageObject","inLanguage":"pt-BR","@id":"https:\/\/redenoticiaz.com.br\/ribeiraopreto-regiao\/#\/schema\/logo\/image\/","url":"https:\/\/redenoticiaz.com.br\/barretos-regiao\/wp-content\/uploads\/sites\/4\/2022\/02\/logo.jpg","contentUrl":"https:\/\/redenoticiaz.com.br\/barretos-regiao\/wp-content\/uploads\/sites\/4\/2022\/02\/logo.jpg","width":400,"height":250,"caption":"Ribeir\u00e3o Preto e Regi\u00e3o"},"image":{"@id":"https:\/\/redenoticiaz.com.br\/ribeiraopreto-regiao\/#\/schema\/logo\/image\/"},"sameAs":["https:\/\/m.facebook.com\/redenoticiaz.barretos","https:\/\/x.com\/RN_barretos","https:\/\/www.instagram.com\/redenoticiaz.barretos\/?igshid=YmMyMTA2M2Y","https:\/\/www.linkedin.com\/company\/rede-noticiaz-barretos-e-regio\/"]},{"@type":"Person","@id":"","url":"https:\/\/redenoticiaz.com.br\/ribeiraopreto-regiao\/sp\/author"}]}},"_links":{"self":[{"href":"https:\/\/redenoticiaz.com.br\/ribeiraopreto-regiao\/wp-json\/wp\/v2\/posts\/102536","targetHints":{"allow":["GET"]}}],"collection":[{"href":"https:\/\/redenoticiaz.com.br\/ribeiraopreto-regiao\/wp-json\/wp\/v2\/posts"}],"about":[{"href":"https:\/\/redenoticiaz.com.br\/ribeiraopreto-regiao\/wp-json\/wp\/v2\/types\/post"}],"author":[{"embeddable":true,"href":"https:\/\/redenoticiaz.com.br\/ribeiraopreto-regiao\/wp-json\/wp\/v2\/users\/15"}],"replies":[{"embeddable":true,"href":"https:\/\/redenoticiaz.com.br\/ribeiraopreto-regiao\/wp-json\/wp\/v2\/comments?post=102536"}],"version-history":[{"count":1,"href":"https:\/\/redenoticiaz.com.br\/ribeiraopreto-regiao\/wp-json\/wp\/v2\/posts\/102536\/revisions"}],"predecessor-version":[{"id":102538,"href":"https:\/\/redenoticiaz.com.br\/ribeiraopreto-regiao\/wp-json\/wp\/v2\/posts\/102536\/revisions\/102538"}],"wp:featuredmedia":[{"embeddable":true,"href":"https:\/\/redenoticiaz.com.br\/ribeiraopreto-regiao\/wp-json\/wp\/v2\/media\/102537"}],"wp:attachment":[{"href":"https:\/\/redenoticiaz.com.br\/ribeiraopreto-regiao\/wp-json\/wp\/v2\/media?parent=102536"}],"wp:term":[{"taxonomy":"category","embeddable":true,"href":"https:\/\/redenoticiaz.com.br\/ribeiraopreto-regiao\/wp-json\/wp\/v2\/categories?post=102536"},{"taxonomy":"post_tag","embeddable":true,"href":"https:\/\/redenoticiaz.com.br\/ribeiraopreto-regiao\/wp-json\/wp\/v2\/tags?post=102536"}],"curies":[{"name":"wp","href":"https:\/\/api.w.org\/{rel}","templated":true}]}}