{"id":1026,"date":"2022-03-17T14:31:08","date_gmt":"2022-03-17T17:31:08","guid":{"rendered":"https:\/\/redenoticiaz.com.br\/barretos-regiao\/?p=1026"},"modified":"2022-03-17T14:31:08","modified_gmt":"2022-03-17T17:31:08","slug":"prefeitura-inicia-obras-de-recuperacao-da-rua-16","status":"publish","type":"post","link":"https:\/\/redenoticiaz.com.br\/ribeiraopreto-regiao\/sp\/2022\/03\/17\/prefeitura-inicia-obras-de-recuperacao-da-rua-16","title":{"rendered":"Prefeitura inicia obras de recupera\u00e7\u00e3o da Rua 16"},"content":{"rendered":"<p>As equipes da Secretaria Municipal de Obras, juntamente com o Servi\u00e7o Aut\u00f4nomo de \u00c1gua e Esgoto (SAAE), est\u00e3o trabalhando na recupera\u00e7\u00e3o da Rua 16 com a Avenida 31. No entanto, as obras fazem parte do cronograma de a\u00e7\u00f5es da <a href=\"https:\/\/barretos.sp.gov.br\/\">Prefeitura de Barretos<\/a> de reconstru\u00e7\u00e3o e preven\u00e7\u00e3o a enchentes.<\/p>\n<p>A prefeita Paula Lemos e o Secret\u00e1rio Municipal de Obras e Servi\u00e7os Urbanos, Raul Paganelli, estiveram em visita ao local na \u00faltima segunda-feira, 14 de mar\u00e7o. Al\u00e9m disso, a prefeita enfatizou, &#8220;<em>Mais que recuperar Barretos dos danos causados pelas enchentes, estamos trabalhando na preven\u00e7\u00e3o. Queremos evitar a tristeza vivida por nossa cidade no m\u00eas de janeiro. Entendemos a urg\u00eancia de reconstruir todos os pontos e estamos reconstruindo da forma correta, n\u00e3o somos uma gest\u00e3o de a\u00e7\u00f5es paliativas, mas de a\u00e7\u00f5es efetivas<\/em>&#8220;.<\/p>\n<p>Na semana passada foram iniciadas as obras de drenagem e preven\u00e7\u00e3o de enchentes na Rua 22, no trecho entre as avenidas 39 e 41.<\/p>\n<p>LEIA TAMB\u00c9M:\u00a0<a href=\"https:\/\/redenoticiaz.com.br\/barretos-regiao\/sp\/2022\/03\/14\/cobra-dagua-e-vista-na-praia-e-banhista-a-salva-de-espancamento\">Cobra d\u2019\u00e1gua \u00e9 vista na praia e banhista a salva de espancamento<\/a><\/p>\n","protected":false},"excerpt":{"rendered":"<p>As equipes da Secretaria Municipal de Obras, juntamente com o Servi\u00e7o Aut\u00f4nomo de \u00c1gua e Esgoto (SAAE), est\u00e3o trabalhando na recupera\u00e7\u00e3o da Rua 16 com a Avenida 31. No entanto, as obras fazem parte do cronograma de a\u00e7\u00f5es da Prefeitura de Barretos de reconstru\u00e7\u00e3o e preven\u00e7\u00e3o a enchentes. A prefeita Paula Lemos e o Secret\u00e1rio &hellip;<\/p>\n","protected":false},"author":15,"featured_media":1027,"comment_status":"open","ping_status":"closed","sticky":false,"template":"","format":"standard","meta":{"footnotes":""},"categories":[2920],"tags":[3788,3123,3787,3121,2037],"class_list":["post-1026","post","type-post","status-publish","format-standard","has-post-thumbnail","hentry","category-obras","tag-barretoa","tag-drenagem","tag-enchentes","tag-obras","tag-recuperacao-de-area"],"yoast_head":"<!-- This site is optimized with the Yoast SEO plugin v27.4 - https:\/\/yoast.com\/product\/yoast-seo-wordpress\/ -->\n<title>Prefeitura inicia obras de recupera\u00e7\u00e3o da Rua 16 - Ribeir\u00e3o Preto e Regi\u00e3o<\/title>\n<meta name=\"description\" content=\"Secretaria Municipal de Obras, juntamente com o Servi\u00e7o Aut\u00f4nomo de \u00c1gua e Esgoto (SAAE), est\u00e3o trabalhando na recupera\u00e7\u00e3o da Rua 16 com a Avenida 31.\" \/>\n<meta name=\"robots\" content=\"index, follow, max-snippet:-1, max-image-preview:large, max-video-preview:-1\" \/>\n<link rel=\"canonical\" href=\"https:\/\/redenoticiaz.com.br\/ribeiraopreto-regiao\/sp\/2022\/03\/17\/prefeitura-inicia-obras-de-recuperacao-da-rua-16\" \/>\n<meta property=\"og:locale\" content=\"pt_BR\" \/>\n<meta property=\"og:type\" content=\"article\" \/>\n<meta property=\"og:title\" content=\"Prefeitura inicia obras de recupera\u00e7\u00e3o da Rua 16 - Ribeir\u00e3o Preto e Regi\u00e3o\" \/>\n<meta property=\"og:description\" content=\"Secretaria Municipal de Obras, juntamente com o Servi\u00e7o Aut\u00f4nomo de \u00c1gua e Esgoto (SAAE), est\u00e3o trabalhando na recupera\u00e7\u00e3o da Rua 16 com a Avenida 31.\" \/>\n<meta property=\"og:url\" content=\"https:\/\/redenoticiaz.com.br\/ribeiraopreto-regiao\/sp\/2022\/03\/17\/prefeitura-inicia-obras-de-recuperacao-da-rua-16\" \/>\n<meta property=\"og:site_name\" content=\"Ribeir\u00e3o Preto e Regi\u00e3o\" \/>\n<meta property=\"article:publisher\" content=\"https:\/\/m.facebook.com\/redenoticiaz.barretos\" \/>\n<meta property=\"article:published_time\" content=\"2022-03-17T17:31:08+00:00\" \/>\n<meta property=\"og:image\" content=\"https:\/\/redenoticiaz.com.br\/ribeiraopreto-regiao\/wp-content\/uploads\/sites\/4\/2022\/03\/tin_2026ok.jpg\" \/>\n\t<meta property=\"og:image:width\" content=\"1620\" \/>\n\t<meta property=\"og:image:height\" content=\"1080\" \/>\n\t<meta property=\"og:image:type\" content=\"image\/jpeg\" \/>\n<meta name=\"twitter:card\" content=\"summary_large_image\" \/>\n<meta name=\"twitter:creator\" content=\"@RN_barretos\" \/>\n<meta name=\"twitter:site\" content=\"@RN_barretos\" \/>\n<meta name=\"twitter:label1\" content=\"Escrito por\" \/>\n\t<meta name=\"twitter:data1\" content=\"\" \/>\n\t<meta name=\"twitter:label2\" content=\"Est. tempo de leitura\" \/>\n\t<meta name=\"twitter:data2\" content=\"1 minuto\" \/>\n<script type=\"application\/ld+json\" class=\"yoast-schema-graph\">{\"@context\":\"https:\\\/\\\/schema.org\",\"@graph\":[{\"@type\":\"Article\",\"@id\":\"https:\\\/\\\/redenoticiaz.com.br\\\/ribeiraopreto-regiao\\\/sp\\\/2022\\\/03\\\/17\\\/prefeitura-inicia-obras-de-recuperacao-da-rua-16#article\",\"isPartOf\":{\"@id\":\"https:\\\/\\\/redenoticiaz.com.br\\\/ribeiraopreto-regiao\\\/sp\\\/2022\\\/03\\\/17\\\/prefeitura-inicia-obras-de-recuperacao-da-rua-16\"},\"author\":{\"name\":\"\",\"@id\":\"\"},\"headline\":\"Prefeitura inicia obras de recupera\u00e7\u00e3o da Rua 16\",\"datePublished\":\"2022-03-17T17:31:08+00:00\",\"mainEntityOfPage\":{\"@id\":\"https:\\\/\\\/redenoticiaz.com.br\\\/ribeiraopreto-regiao\\\/sp\\\/2022\\\/03\\\/17\\\/prefeitura-inicia-obras-de-recuperacao-da-rua-16\"},\"wordCount\":189,\"commentCount\":0,\"publisher\":{\"@id\":\"https:\\\/\\\/redenoticiaz.com.br\\\/ribeiraopreto-regiao\\\/#organization\"},\"image\":{\"@id\":\"https:\\\/\\\/redenoticiaz.com.br\\\/ribeiraopreto-regiao\\\/sp\\\/2022\\\/03\\\/17\\\/prefeitura-inicia-obras-de-recuperacao-da-rua-16#primaryimage\"},\"thumbnailUrl\":\"https:\\\/\\\/redenoticiaz.com.br\\\/ribeiraopreto-regiao\\\/wp-content\\\/uploads\\\/sites\\\/4\\\/2022\\\/03\\\/tin_2026ok.jpg\",\"keywords\":[\"BARRETOA\",\"DRENAGEM\",\"ENCHENTES\",\"obras\",\"RECUPERA\u00c7\u00c3O DE \u00c1REA\"],\"articleSection\":[\"Obras\"],\"inLanguage\":\"pt-BR\",\"potentialAction\":[{\"@type\":\"CommentAction\",\"name\":\"Comment\",\"target\":[\"https:\\\/\\\/redenoticiaz.com.br\\\/ribeiraopreto-regiao\\\/sp\\\/2022\\\/03\\\/17\\\/prefeitura-inicia-obras-de-recuperacao-da-rua-16#respond\"]}]},{\"@type\":\"WebPage\",\"@id\":\"https:\\\/\\\/redenoticiaz.com.br\\\/ribeiraopreto-regiao\\\/sp\\\/2022\\\/03\\\/17\\\/prefeitura-inicia-obras-de-recuperacao-da-rua-16\",\"url\":\"https:\\\/\\\/redenoticiaz.com.br\\\/ribeiraopreto-regiao\\\/sp\\\/2022\\\/03\\\/17\\\/prefeitura-inicia-obras-de-recuperacao-da-rua-16\",\"name\":\"Prefeitura inicia obras de recupera\u00e7\u00e3o da Rua 16 - Ribeir\u00e3o Preto e Regi\u00e3o\",\"isPartOf\":{\"@id\":\"https:\\\/\\\/redenoticiaz.com.br\\\/ribeiraopreto-regiao\\\/#website\"},\"primaryImageOfPage\":{\"@id\":\"https:\\\/\\\/redenoticiaz.com.br\\\/ribeiraopreto-regiao\\\/sp\\\/2022\\\/03\\\/17\\\/prefeitura-inicia-obras-de-recuperacao-da-rua-16#primaryimage\"},\"image\":{\"@id\":\"https:\\\/\\\/redenoticiaz.com.br\\\/ribeiraopreto-regiao\\\/sp\\\/2022\\\/03\\\/17\\\/prefeitura-inicia-obras-de-recuperacao-da-rua-16#primaryimage\"},\"thumbnailUrl\":\"https:\\\/\\\/redenoticiaz.com.br\\\/ribeiraopreto-regiao\\\/wp-content\\\/uploads\\\/sites\\\/4\\\/2022\\\/03\\\/tin_2026ok.jpg\",\"datePublished\":\"2022-03-17T17:31:08+00:00\",\"description\":\"Secretaria Municipal de Obras, juntamente com o Servi\u00e7o Aut\u00f4nomo de \u00c1gua e Esgoto (SAAE), est\u00e3o trabalhando na recupera\u00e7\u00e3o da Rua 16 com a Avenida 31.\",\"inLanguage\":\"pt-BR\",\"potentialAction\":[{\"@type\":\"ReadAction\",\"target\":[\"https:\\\/\\\/redenoticiaz.com.br\\\/ribeiraopreto-regiao\\\/sp\\\/2022\\\/03\\\/17\\\/prefeitura-inicia-obras-de-recuperacao-da-rua-16\"]}]},{\"@type\":\"ImageObject\",\"inLanguage\":\"pt-BR\",\"@id\":\"https:\\\/\\\/redenoticiaz.com.br\\\/ribeiraopreto-regiao\\\/sp\\\/2022\\\/03\\\/17\\\/prefeitura-inicia-obras-de-recuperacao-da-rua-16#primaryimage\",\"url\":\"https:\\\/\\\/redenoticiaz.com.br\\\/ribeiraopreto-regiao\\\/wp-content\\\/uploads\\\/sites\\\/4\\\/2022\\\/03\\\/tin_2026ok.jpg\",\"contentUrl\":\"https:\\\/\\\/redenoticiaz.com.br\\\/ribeiraopreto-regiao\\\/wp-content\\\/uploads\\\/sites\\\/4\\\/2022\\\/03\\\/tin_2026ok.jpg\",\"width\":1620,\"height\":1080,\"caption\":\"Obra de recupera\u00e7\u00e3o na Rua 16.\"},{\"@type\":\"WebSite\",\"@id\":\"https:\\\/\\\/redenoticiaz.com.br\\\/ribeiraopreto-regiao\\\/#website\",\"url\":\"https:\\\/\\\/redenoticiaz.com.br\\\/ribeiraopreto-regiao\\\/\",\"name\":\"Ribeir\u00e3o Preto e Regi\u00e3o\",\"description\":\"Rede NoticiaZ - Ribeir\u00e3o Preto e regi\u00e3o\",\"publisher\":{\"@id\":\"https:\\\/\\\/redenoticiaz.com.br\\\/ribeiraopreto-regiao\\\/#organization\"},\"potentialAction\":[{\"@type\":\"SearchAction\",\"target\":{\"@type\":\"EntryPoint\",\"urlTemplate\":\"https:\\\/\\\/redenoticiaz.com.br\\\/ribeiraopreto-regiao\\\/?s={search_term_string}\"},\"query-input\":{\"@type\":\"PropertyValueSpecification\",\"valueRequired\":true,\"valueName\":\"search_term_string\"}}],\"inLanguage\":\"pt-BR\"},{\"@type\":\"Organization\",\"@id\":\"https:\\\/\\\/redenoticiaz.com.br\\\/ribeiraopreto-regiao\\\/#organization\",\"name\":\"Ribeir\u00e3o Preto e Regi\u00e3o\",\"url\":\"https:\\\/\\\/redenoticiaz.com.br\\\/ribeiraopreto-regiao\\\/\",\"logo\":{\"@type\":\"ImageObject\",\"inLanguage\":\"pt-BR\",\"@id\":\"https:\\\/\\\/redenoticiaz.com.br\\\/ribeiraopreto-regiao\\\/#\\\/schema\\\/logo\\\/image\\\/\",\"url\":\"https:\\\/\\\/redenoticiaz.com.br\\\/barretos-regiao\\\/wp-content\\\/uploads\\\/sites\\\/4\\\/2022\\\/02\\\/logo.jpg\",\"contentUrl\":\"https:\\\/\\\/redenoticiaz.com.br\\\/barretos-regiao\\\/wp-content\\\/uploads\\\/sites\\\/4\\\/2022\\\/02\\\/logo.jpg\",\"width\":400,\"height\":250,\"caption\":\"Ribeir\u00e3o Preto e Regi\u00e3o\"},\"image\":{\"@id\":\"https:\\\/\\\/redenoticiaz.com.br\\\/ribeiraopreto-regiao\\\/#\\\/schema\\\/logo\\\/image\\\/\"},\"sameAs\":[\"https:\\\/\\\/m.facebook.com\\\/redenoticiaz.barretos\",\"https:\\\/\\\/x.com\\\/RN_barretos\",\"https:\\\/\\\/www.instagram.com\\\/redenoticiaz.barretos\\\/?igshid=YmMyMTA2M2Y\",\"https:\\\/\\\/www.linkedin.com\\\/company\\\/rede-noticiaz-barretos-e-regio\\\/\"]},{\"@type\":\"Person\",\"@id\":\"\",\"url\":\"https:\\\/\\\/redenoticiaz.com.br\\\/ribeiraopreto-regiao\\\/sp\\\/author\"}]}<\/script>\n<!-- \/ Yoast SEO plugin. -->","yoast_head_json":{"title":"Prefeitura inicia obras de recupera\u00e7\u00e3o da Rua 16 - Ribeir\u00e3o Preto e Regi\u00e3o","description":"Secretaria Municipal de Obras, juntamente com o Servi\u00e7o Aut\u00f4nomo de \u00c1gua e Esgoto (SAAE), est\u00e3o trabalhando na recupera\u00e7\u00e3o da Rua 16 com a Avenida 31.","robots":{"index":"index","follow":"follow","max-snippet":"max-snippet:-1","max-image-preview":"max-image-preview:large","max-video-preview":"max-video-preview:-1"},"canonical":"https:\/\/redenoticiaz.com.br\/ribeiraopreto-regiao\/sp\/2022\/03\/17\/prefeitura-inicia-obras-de-recuperacao-da-rua-16","og_locale":"pt_BR","og_type":"article","og_title":"Prefeitura inicia obras de recupera\u00e7\u00e3o da Rua 16 - Ribeir\u00e3o Preto e Regi\u00e3o","og_description":"Secretaria Municipal de Obras, juntamente com o Servi\u00e7o Aut\u00f4nomo de \u00c1gua e Esgoto (SAAE), est\u00e3o trabalhando na recupera\u00e7\u00e3o da Rua 16 com a Avenida 31.","og_url":"https:\/\/redenoticiaz.com.br\/ribeiraopreto-regiao\/sp\/2022\/03\/17\/prefeitura-inicia-obras-de-recuperacao-da-rua-16","og_site_name":"Ribeir\u00e3o Preto e Regi\u00e3o","article_publisher":"https:\/\/m.facebook.com\/redenoticiaz.barretos","article_published_time":"2022-03-17T17:31:08+00:00","og_image":[{"width":1620,"height":1080,"url":"https:\/\/redenoticiaz.com.br\/ribeiraopreto-regiao\/wp-content\/uploads\/sites\/4\/2022\/03\/tin_2026ok.jpg","type":"image\/jpeg"}],"twitter_card":"summary_large_image","twitter_creator":"@RN_barretos","twitter_site":"@RN_barretos","twitter_misc":{"Escrito por":"","Est. tempo de leitura":"1 minuto"},"schema":{"@context":"https:\/\/schema.org","@graph":[{"@type":"Article","@id":"https:\/\/redenoticiaz.com.br\/ribeiraopreto-regiao\/sp\/2022\/03\/17\/prefeitura-inicia-obras-de-recuperacao-da-rua-16#article","isPartOf":{"@id":"https:\/\/redenoticiaz.com.br\/ribeiraopreto-regiao\/sp\/2022\/03\/17\/prefeitura-inicia-obras-de-recuperacao-da-rua-16"},"author":{"name":"","@id":""},"headline":"Prefeitura inicia obras de recupera\u00e7\u00e3o da Rua 16","datePublished":"2022-03-17T17:31:08+00:00","mainEntityOfPage":{"@id":"https:\/\/redenoticiaz.com.br\/ribeiraopreto-regiao\/sp\/2022\/03\/17\/prefeitura-inicia-obras-de-recuperacao-da-rua-16"},"wordCount":189,"commentCount":0,"publisher":{"@id":"https:\/\/redenoticiaz.com.br\/ribeiraopreto-regiao\/#organization"},"image":{"@id":"https:\/\/redenoticiaz.com.br\/ribeiraopreto-regiao\/sp\/2022\/03\/17\/prefeitura-inicia-obras-de-recuperacao-da-rua-16#primaryimage"},"thumbnailUrl":"https:\/\/redenoticiaz.com.br\/ribeiraopreto-regiao\/wp-content\/uploads\/sites\/4\/2022\/03\/tin_2026ok.jpg","keywords":["BARRETOA","DRENAGEM","ENCHENTES","obras","RECUPERA\u00c7\u00c3O DE \u00c1REA"],"articleSection":["Obras"],"inLanguage":"pt-BR","potentialAction":[{"@type":"CommentAction","name":"Comment","target":["https:\/\/redenoticiaz.com.br\/ribeiraopreto-regiao\/sp\/2022\/03\/17\/prefeitura-inicia-obras-de-recuperacao-da-rua-16#respond"]}]},{"@type":"WebPage","@id":"https:\/\/redenoticiaz.com.br\/ribeiraopreto-regiao\/sp\/2022\/03\/17\/prefeitura-inicia-obras-de-recuperacao-da-rua-16","url":"https:\/\/redenoticiaz.com.br\/ribeiraopreto-regiao\/sp\/2022\/03\/17\/prefeitura-inicia-obras-de-recuperacao-da-rua-16","name":"Prefeitura inicia obras de recupera\u00e7\u00e3o da Rua 16 - Ribeir\u00e3o Preto e Regi\u00e3o","isPartOf":{"@id":"https:\/\/redenoticiaz.com.br\/ribeiraopreto-regiao\/#website"},"primaryImageOfPage":{"@id":"https:\/\/redenoticiaz.com.br\/ribeiraopreto-regiao\/sp\/2022\/03\/17\/prefeitura-inicia-obras-de-recuperacao-da-rua-16#primaryimage"},"image":{"@id":"https:\/\/redenoticiaz.com.br\/ribeiraopreto-regiao\/sp\/2022\/03\/17\/prefeitura-inicia-obras-de-recuperacao-da-rua-16#primaryimage"},"thumbnailUrl":"https:\/\/redenoticiaz.com.br\/ribeiraopreto-regiao\/wp-content\/uploads\/sites\/4\/2022\/03\/tin_2026ok.jpg","datePublished":"2022-03-17T17:31:08+00:00","description":"Secretaria Municipal de Obras, juntamente com o Servi\u00e7o Aut\u00f4nomo de \u00c1gua e Esgoto (SAAE), est\u00e3o trabalhando na recupera\u00e7\u00e3o da Rua 16 com a Avenida 31.","inLanguage":"pt-BR","potentialAction":[{"@type":"ReadAction","target":["https:\/\/redenoticiaz.com.br\/ribeiraopreto-regiao\/sp\/2022\/03\/17\/prefeitura-inicia-obras-de-recuperacao-da-rua-16"]}]},{"@type":"ImageObject","inLanguage":"pt-BR","@id":"https:\/\/redenoticiaz.com.br\/ribeiraopreto-regiao\/sp\/2022\/03\/17\/prefeitura-inicia-obras-de-recuperacao-da-rua-16#primaryimage","url":"https:\/\/redenoticiaz.com.br\/ribeiraopreto-regiao\/wp-content\/uploads\/sites\/4\/2022\/03\/tin_2026ok.jpg","contentUrl":"https:\/\/redenoticiaz.com.br\/ribeiraopreto-regiao\/wp-content\/uploads\/sites\/4\/2022\/03\/tin_2026ok.jpg","width":1620,"height":1080,"caption":"Obra de recupera\u00e7\u00e3o na Rua 16."},{"@type":"WebSite","@id":"https:\/\/redenoticiaz.com.br\/ribeiraopreto-regiao\/#website","url":"https:\/\/redenoticiaz.com.br\/ribeiraopreto-regiao\/","name":"Ribeir\u00e3o Preto e Regi\u00e3o","description":"Rede NoticiaZ - Ribeir\u00e3o Preto e regi\u00e3o","publisher":{"@id":"https:\/\/redenoticiaz.com.br\/ribeiraopreto-regiao\/#organization"},"potentialAction":[{"@type":"SearchAction","target":{"@type":"EntryPoint","urlTemplate":"https:\/\/redenoticiaz.com.br\/ribeiraopreto-regiao\/?s={search_term_string}"},"query-input":{"@type":"PropertyValueSpecification","valueRequired":true,"valueName":"search_term_string"}}],"inLanguage":"pt-BR"},{"@type":"Organization","@id":"https:\/\/redenoticiaz.com.br\/ribeiraopreto-regiao\/#organization","name":"Ribeir\u00e3o Preto e Regi\u00e3o","url":"https:\/\/redenoticiaz.com.br\/ribeiraopreto-regiao\/","logo":{"@type":"ImageObject","inLanguage":"pt-BR","@id":"https:\/\/redenoticiaz.com.br\/ribeiraopreto-regiao\/#\/schema\/logo\/image\/","url":"https:\/\/redenoticiaz.com.br\/barretos-regiao\/wp-content\/uploads\/sites\/4\/2022\/02\/logo.jpg","contentUrl":"https:\/\/redenoticiaz.com.br\/barretos-regiao\/wp-content\/uploads\/sites\/4\/2022\/02\/logo.jpg","width":400,"height":250,"caption":"Ribeir\u00e3o Preto e Regi\u00e3o"},"image":{"@id":"https:\/\/redenoticiaz.com.br\/ribeiraopreto-regiao\/#\/schema\/logo\/image\/"},"sameAs":["https:\/\/m.facebook.com\/redenoticiaz.barretos","https:\/\/x.com\/RN_barretos","https:\/\/www.instagram.com\/redenoticiaz.barretos\/?igshid=YmMyMTA2M2Y","https:\/\/www.linkedin.com\/company\/rede-noticiaz-barretos-e-regio\/"]},{"@type":"Person","@id":"","url":"https:\/\/redenoticiaz.com.br\/ribeiraopreto-regiao\/sp\/author"}]}},"_links":{"self":[{"href":"https:\/\/redenoticiaz.com.br\/ribeiraopreto-regiao\/wp-json\/wp\/v2\/posts\/1026","targetHints":{"allow":["GET"]}}],"collection":[{"href":"https:\/\/redenoticiaz.com.br\/ribeiraopreto-regiao\/wp-json\/wp\/v2\/posts"}],"about":[{"href":"https:\/\/redenoticiaz.com.br\/ribeiraopreto-regiao\/wp-json\/wp\/v2\/types\/post"}],"author":[{"embeddable":true,"href":"https:\/\/redenoticiaz.com.br\/ribeiraopreto-regiao\/wp-json\/wp\/v2\/users\/15"}],"replies":[{"embeddable":true,"href":"https:\/\/redenoticiaz.com.br\/ribeiraopreto-regiao\/wp-json\/wp\/v2\/comments?post=1026"}],"version-history":[{"count":2,"href":"https:\/\/redenoticiaz.com.br\/ribeiraopreto-regiao\/wp-json\/wp\/v2\/posts\/1026\/revisions"}],"predecessor-version":[{"id":1029,"href":"https:\/\/redenoticiaz.com.br\/ribeiraopreto-regiao\/wp-json\/wp\/v2\/posts\/1026\/revisions\/1029"}],"wp:featuredmedia":[{"embeddable":true,"href":"https:\/\/redenoticiaz.com.br\/ribeiraopreto-regiao\/wp-json\/wp\/v2\/media\/1027"}],"wp:attachment":[{"href":"https:\/\/redenoticiaz.com.br\/ribeiraopreto-regiao\/wp-json\/wp\/v2\/media?parent=1026"}],"wp:term":[{"taxonomy":"category","embeddable":true,"href":"https:\/\/redenoticiaz.com.br\/ribeiraopreto-regiao\/wp-json\/wp\/v2\/categories?post=1026"},{"taxonomy":"post_tag","embeddable":true,"href":"https:\/\/redenoticiaz.com.br\/ribeiraopreto-regiao\/wp-json\/wp\/v2\/tags?post=1026"}],"curies":[{"name":"wp","href":"https:\/\/api.w.org\/{rel}","templated":true}]}}