{"id":102702,"date":"2023-03-26T14:00:21","date_gmt":"2023-03-26T17:00:21","guid":{"rendered":"https:\/\/redenoticiaz.com.br\/barretos-regiao\/?p=102702"},"modified":"2023-03-24T18:14:51","modified_gmt":"2023-03-24T21:14:51","slug":"prefeitura-anuncia-inicio-das-obras-de-revitalizacao-da-praca-francisco-barreto","status":"publish","type":"post","link":"https:\/\/redenoticiaz.com.br\/ribeiraopreto-regiao\/sp\/2023\/03\/26\/prefeitura-anuncia-inicio-das-obras-de-revitalizacao-da-praca-francisco-barreto","title":{"rendered":"Prefeitura anuncia in\u00edcio das obras de revitaliza\u00e7\u00e3o da Pra\u00e7a Francisco Barreto"},"content":{"rendered":"<p><span data-offset-key=\"942fk-761-0\">A<\/span><span data-offset-key=\"942fk-762-0\"> pre<\/span><span data-offset-key=\"942fk-763-0\">fe<\/span><span data-offset-key=\"942fk-764-0\">it<\/span><span data-offset-key=\"942fk-765-0\">ura<\/span><span data-offset-key=\"942fk-766-0\"> da<\/span><span data-offset-key=\"942fk-767-0\"> Est<\/span><span data-offset-key=\"942fk-768-0\">\u00e2<\/span><span data-offset-key=\"942fk-769-0\">nc<\/span><span data-offset-key=\"942fk-770-0\">ia<\/span><span data-offset-key=\"942fk-771-0\"> Tur<\/span><span data-offset-key=\"942fk-772-0\">\u00ed<\/span><span data-offset-key=\"942fk-773-0\">st<\/span><span data-offset-key=\"942fk-774-0\">ica<\/span><span data-offset-key=\"942fk-775-0\"> de<\/span><span data-offset-key=\"942fk-776-0\"> Bar<\/span><span data-offset-key=\"942fk-777-0\">ret<\/span><span data-offset-key=\"942fk-778-0\">os<\/span><span data-offset-key=\"942fk-779-0\"> an<\/span><span data-offset-key=\"942fk-780-0\">unci<\/span><span data-offset-key=\"942fk-781-0\">ou<\/span><span data-offset-key=\"942fk-782-0\"> o<\/span><span data-offset-key=\"942fk-783-0\"> in<\/span><span data-offset-key=\"942fk-784-0\">\u00ed<\/span><span data-offset-key=\"942fk-785-0\">c<\/span><span data-offset-key=\"942fk-786-0\">io<\/span><span data-offset-key=\"942fk-787-0\"> d<\/span><span data-offset-key=\"942fk-788-0\">as<\/span><span data-offset-key=\"942fk-789-0\"> ob<\/span><span data-offset-key=\"942fk-790-0\">ras<\/span><span data-offset-key=\"942fk-791-0\"> de<\/span><span data-offset-key=\"942fk-792-0\"> revital<\/span><span data-offset-key=\"942fk-793-0\">iza<\/span><span data-offset-key=\"942fk-794-0\">\u00e7<\/span><span data-offset-key=\"942fk-795-0\">\u00e3o<\/span><span data-offset-key=\"942fk-796-0\"> da<\/span><span data-offset-key=\"942fk-797-0\"> Pra<\/span><span data-offset-key=\"942fk-798-0\">\u00e7a<\/span><span data-offset-key=\"942fk-799-0\"> Francisco<\/span><span data-offset-key=\"942fk-800-0\"> Bar<\/span><span data-offset-key=\"942fk-801-0\">ret<\/span><span data-offset-key=\"942fk-802-0\">o<\/span><span data-offset-key=\"942fk-803-0\"> para<\/span><span data-offset-key=\"942fk-804-0\"> a<\/span><span data-offset-key=\"942fk-805-0\"> pr<\/span><span data-offset-key=\"942fk-806-0\">\u00f3<\/span><span data-offset-key=\"942fk-807-0\">x<\/span><span data-offset-key=\"942fk-808-0\">ima<\/span><span data-offset-key=\"942fk-809-0\"> sem<\/span><span data-offset-key=\"942fk-810-0\">ana<\/span><span data-offset-key=\"942fk-811-0\">.<\/span><span data-offset-key=\"942fk-812-0\"> O<\/span><span data-offset-key=\"942fk-813-0\"> local<\/span><span data-offset-key=\"942fk-814-0\"> g<\/span><span data-offset-key=\"942fk-815-0\">an<\/span><span data-offset-key=\"942fk-816-0\">har<\/span><span data-offset-key=\"942fk-817-0\">\u00e1<\/span><span data-offset-key=\"942fk-818-0\"> um<\/span><span data-offset-key=\"942fk-819-0\"> no<\/span><span data-offset-key=\"942fk-820-0\">vo<\/span><span data-offset-key=\"942fk-821-0\"> pro<\/span><span data-offset-key=\"942fk-822-0\">j<\/span><span data-offset-key=\"942fk-823-0\">eto<\/span><span data-offset-key=\"942fk-824-0\"> ar<\/span><span data-offset-key=\"942fk-825-0\">quit<\/span><span data-offset-key=\"942fk-826-0\">et<\/span><span data-offset-key=\"942fk-827-0\">\u00f4<\/span><span data-offset-key=\"942fk-828-0\">n<\/span><span data-offset-key=\"942fk-829-0\">ico<\/span><span data-offset-key=\"942fk-830-0\">,<\/span><span data-offset-key=\"942fk-831-0\"> com<\/span><span data-offset-key=\"942fk-832-0\"> a<\/span><span data-offset-key=\"942fk-833-0\"> const<\/span><span data-offset-key=\"942fk-834-0\">ru<\/span><span data-offset-key=\"942fk-835-0\">\u00e7<\/span><span data-offset-key=\"942fk-836-0\">\u00e3o<\/span><span data-offset-key=\"942fk-837-0\"> de<\/span><span data-offset-key=\"942fk-838-0\"> u<\/span><span data-offset-key=\"942fk-839-0\">ma<\/span><span data-offset-key=\"942fk-840-0\"> est<\/span><span data-offset-key=\"942fk-841-0\">r<\/span><span data-offset-key=\"942fk-842-0\">ut<\/span><span data-offset-key=\"942fk-843-0\">ura<\/span><span data-offset-key=\"942fk-844-0\"> es<\/span><span data-offset-key=\"942fk-845-0\">pec<\/span><span data-offset-key=\"942fk-846-0\">\u00ed<\/span><span data-offset-key=\"942fk-847-0\">f<\/span><span data-offset-key=\"942fk-848-0\">ica<\/span><span data-offset-key=\"942fk-849-0\"> para<\/span><span data-offset-key=\"942fk-850-0\"> a<\/span><span data-offset-key=\"942fk-851-0\">com<\/span><span data-offset-key=\"942fk-852-0\">od<\/span><span data-offset-key=\"942fk-853-0\">ar<\/span><span data-offset-key=\"942fk-854-0\"> os<\/span><span data-offset-key=\"942fk-855-0\"> com<\/span><span data-offset-key=\"942fk-856-0\">er<\/span><span data-offset-key=\"942fk-857-0\">ci<\/span><span data-offset-key=\"942fk-858-0\">antes<\/span><span data-offset-key=\"942fk-859-0\">,<\/span><span data-offset-key=\"942fk-860-0\"> al<\/span><span data-offset-key=\"942fk-861-0\">\u00e9<\/span><span data-offset-key=\"942fk-862-0\">m<\/span><span data-offset-key=\"942fk-863-0\"> de<\/span><span data-offset-key=\"942fk-864-0\"> adapt<\/span><span data-offset-key=\"942fk-865-0\">a<\/span><span data-offset-key=\"942fk-866-0\">\u00e7<\/span><span data-offset-key=\"942fk-867-0\">\u00f5<\/span><span data-offset-key=\"942fk-868-0\">es<\/span><span data-offset-key=\"942fk-869-0\"> de<\/span><span data-offset-key=\"942fk-870-0\"> a<\/span><span data-offset-key=\"942fk-871-0\">cess<\/span><span data-offset-key=\"942fk-872-0\">ib<\/span><span data-offset-key=\"942fk-873-0\">il<\/span><span data-offset-key=\"942fk-874-0\">id<\/span><span data-offset-key=\"942fk-875-0\">ade<\/span><span data-offset-key=\"942fk-876-0\">,<\/span><span data-offset-key=\"942fk-877-0\"> mel<\/span><span data-offset-key=\"942fk-878-0\">hor<\/span><span data-offset-key=\"942fk-879-0\">ias<\/span><span data-offset-key=\"942fk-880-0\"> na<\/span><span data-offset-key=\"942fk-881-0\"> il<\/span><span data-offset-key=\"942fk-882-0\">um<\/span><span data-offset-key=\"942fk-883-0\">ina<\/span><span data-offset-key=\"942fk-884-0\">\u00e7<\/span><span data-offset-key=\"942fk-885-0\">\u00e3o<\/span><span data-offset-key=\"942fk-886-0\"> e<\/span><span data-offset-key=\"942fk-887-0\"> no<\/span><span data-offset-key=\"942fk-888-0\"> pa<\/span><span data-offset-key=\"942fk-889-0\">is<\/span><span data-offset-key=\"942fk-890-0\">ag<\/span><span data-offset-key=\"942fk-891-0\">ismo<\/span><span data-offset-key=\"942fk-892-0\">.<\/span><span data-offset-key=\"942fk-893-0\"> O<\/span><span data-offset-key=\"942fk-894-0\"> invest<\/span><span data-offset-key=\"942fk-895-0\">iment<\/span><span data-offset-key=\"942fk-896-0\">o<\/span><span data-offset-key=\"942fk-897-0\"> total<\/span><span data-offset-key=\"942fk-898-0\"> \u00e9<\/span><span data-offset-key=\"942fk-899-0\"> de<\/span><span data-offset-key=\"942fk-900-0\"> R<\/span><span data-offset-key=\"942fk-901-0\">$<\/span><span data-offset-key=\"942fk-902-0\"> 7<\/span><span data-offset-key=\"942fk-903-0\">.<\/span><span data-offset-key=\"942fk-904-0\">656<\/span><span data-offset-key=\"942fk-905-0\">.<\/span><span data-offset-key=\"942fk-906-0\">6<\/span><span data-offset-key=\"942fk-907-0\">39<\/span><span data-offset-key=\"942fk-908-0\">,<\/span><span data-offset-key=\"942fk-909-0\">58<\/span><span data-offset-key=\"942fk-910-0\">,<\/span><span data-offset-key=\"942fk-911-0\"> com<\/span><span data-offset-key=\"942fk-912-0\"> um<\/span><span data-offset-key=\"942fk-913-0\"> p<\/span><span data-offset-key=\"942fk-914-0\">raz<\/span><span data-offset-key=\"942fk-915-0\">o<\/span><span data-offset-key=\"942fk-916-0\"> de<\/span><span data-offset-key=\"942fk-917-0\"> exec<\/span><span data-offset-key=\"942fk-918-0\">u<\/span><span data-offset-key=\"942fk-919-0\">\u00e7<\/span><span data-offset-key=\"942fk-920-0\">\u00e3o<\/span><span data-offset-key=\"942fk-921-0\"> de<\/span><span data-offset-key=\"942fk-922-0\"> 9<\/span><span data-offset-key=\"942fk-923-0\"> mes<\/span><span data-offset-key=\"942fk-924-0\">es<\/span><span data-offset-key=\"942fk-925-0\">.<\/span><\/p>\n<p>&nbsp;<\/p>\n<h3><b>Novo projeto arquitet\u00f4nico<\/b><\/h3>\n<div><\/div>\n<div>Com a revitaliza\u00e7\u00e3o, o local ganhar\u00e1 um novo projeto arquitet\u00f4nico, com a constru\u00e7\u00e3o de uma estrutura espec\u00edfica para acomodar os comerciantes, al\u00e9m das adapta\u00e7\u00f5es de acessibilidade, melhorias na ilumina\u00e7\u00e3o e no paisagismo.<\/div>\n<div><\/div>\n<div>Na quarta-feira, 22 de mar\u00e7o, foi realizado, por empresa especializada, o cadastramento e a identifica\u00e7\u00e3o bot\u00e2nica das 150 esp\u00e9cies arb\u00f3reas do local. O secret\u00e1rio destacou que o mapeamento apontou que nenhuma \u00e1rvore ser\u00e1 cortada. &#8220;A equipe de paisagismo fez o cadastro das esp\u00e9cies e o plano de remanejo, sem a necessidade de nenhuma supress\u00e3o. Apenas os coqueiros j\u00e1 comprometidos ser\u00e3o erradicados&#8221;, completou.<\/div>\n<div><\/div>\n<div>De acordo com representante da empresa que realizou o estudo, Andr\u00e9 Graziano, arquiteto paisagista, esse \u00e9 um procedimento muito importante que define em que estado se encontra cada uma das \u00e1rvores. &#8220;Verificamos que as \u00e1rvores est\u00e3o em boas condi\u00e7\u00f5es e n\u00e3o sofreram grandes interven\u00e7\u00f5es, apenas alguns manejos para atender o projeto de revitaliza\u00e7\u00e3o&#8221;, destacou.<\/div>\n<div><\/div>\n<div>VEJA TAMB\u00c9M:\u00a0<a href=\"https:\/\/redenoticiaz.com.br\/barretos-regiao\/sp\/2023\/03\/24\/barretos-e-escolhida-para-sediar-os-jogos-da-melhor-idade-jomi-e-jogos-regionais-2023\">Barretos \u00e9 escolhida para sediar os Jogos da Melhor Idade (JOMI) e Jogos Regionais 2023<\/a><\/div>\n","protected":false},"excerpt":{"rendered":"<p>A prefeitura da Est\u00e2ncia Tur\u00edstica de Barretos anunciou o in\u00edcio das obras de revitaliza\u00e7\u00e3o da Pra\u00e7a Francisco Barreto para a pr\u00f3xima semana. O local ganhar\u00e1 um novo projeto arquitet\u00f4nico, com a constru\u00e7\u00e3o de uma estrutura espec\u00edfica para acomodar os comerciantes, al\u00e9m de adapta\u00e7\u00f5es de acessibilidade, melhorias na ilumina\u00e7\u00e3o e no paisagismo. O investimento total \u00e9 &hellip;<\/p>\n","protected":false},"author":15,"featured_media":102703,"comment_status":"open","ping_status":"closed","sticky":false,"template":"","format":"standard","meta":{"footnotes":""},"categories":[2920],"tags":[25926,2217,3121,2924],"class_list":["post-102702","post","type-post","status-publish","format-standard","has-post-thumbnail","hentry","category-obras","tag-acessibilidades","tag-investimento","tag-obras","tag-projeto"],"yoast_head":"<!-- This site is optimized with the Yoast SEO plugin v27.4 - https:\/\/yoast.com\/product\/yoast-seo-wordpress\/ -->\n<title>Prefeitura anuncia in\u00edcio das obras de revitaliza\u00e7\u00e3o da Pra\u00e7a Francisco Barreto - Ribeir\u00e3o Preto e Regi\u00e3o<\/title>\n<meta name=\"description\" content=\"A prefeitura da Est\u00e2ncia Tur\u00edstica de Barretos anunciou o in\u00edcio das obras de revitaliza\u00e7\u00e3o da Pra\u00e7a Francisco Barreto para a pr\u00f3xima semana\" \/>\n<meta name=\"robots\" content=\"index, follow, max-snippet:-1, max-image-preview:large, max-video-preview:-1\" \/>\n<link rel=\"canonical\" href=\"https:\/\/redenoticiaz.com.br\/ribeiraopreto-regiao\/sp\/2023\/03\/26\/prefeitura-anuncia-inicio-das-obras-de-revitalizacao-da-praca-francisco-barreto\" \/>\n<meta property=\"og:locale\" content=\"pt_BR\" \/>\n<meta property=\"og:type\" content=\"article\" \/>\n<meta property=\"og:title\" content=\"Prefeitura anuncia in\u00edcio das obras de revitaliza\u00e7\u00e3o da Pra\u00e7a Francisco Barreto - Ribeir\u00e3o Preto e Regi\u00e3o\" \/>\n<meta property=\"og:description\" content=\"A prefeitura da Est\u00e2ncia Tur\u00edstica de Barretos anunciou o in\u00edcio das obras de revitaliza\u00e7\u00e3o da Pra\u00e7a Francisco Barreto para a pr\u00f3xima semana\" \/>\n<meta property=\"og:url\" content=\"https:\/\/redenoticiaz.com.br\/ribeiraopreto-regiao\/sp\/2023\/03\/26\/prefeitura-anuncia-inicio-das-obras-de-revitalizacao-da-praca-francisco-barreto\" \/>\n<meta property=\"og:site_name\" content=\"Ribeir\u00e3o Preto e Regi\u00e3o\" \/>\n<meta property=\"article:publisher\" content=\"https:\/\/m.facebook.com\/redenoticiaz.barretos\" \/>\n<meta property=\"article:published_time\" content=\"2023-03-26T17:00:21+00:00\" \/>\n<meta property=\"og:image\" content=\"https:\/\/redenoticiaz.com.br\/ribeiraopreto-regiao\/wp-content\/uploads\/sites\/4\/2023\/03\/Execucao-dos-servicos-nao-comprometera-as-atividades-religiosas-e-comerciais-do-espaco.jpeg\" \/>\n\t<meta property=\"og:image:width\" content=\"1600\" \/>\n\t<meta property=\"og:image:height\" content=\"1068\" \/>\n\t<meta property=\"og:image:type\" content=\"image\/jpeg\" \/>\n<meta name=\"twitter:card\" content=\"summary_large_image\" \/>\n<meta name=\"twitter:creator\" content=\"@RN_barretos\" \/>\n<meta name=\"twitter:site\" content=\"@RN_barretos\" \/>\n<meta name=\"twitter:label1\" content=\"Escrito por\" \/>\n\t<meta name=\"twitter:data1\" content=\"\" \/>\n\t<meta name=\"twitter:label2\" content=\"Est. tempo de leitura\" \/>\n\t<meta name=\"twitter:data2\" content=\"2 minutos\" \/>\n<script type=\"application\/ld+json\" class=\"yoast-schema-graph\">{\"@context\":\"https:\\\/\\\/schema.org\",\"@graph\":[{\"@type\":\"Article\",\"@id\":\"https:\\\/\\\/redenoticiaz.com.br\\\/ribeiraopreto-regiao\\\/sp\\\/2023\\\/03\\\/26\\\/prefeitura-anuncia-inicio-das-obras-de-revitalizacao-da-praca-francisco-barreto#article\",\"isPartOf\":{\"@id\":\"https:\\\/\\\/redenoticiaz.com.br\\\/ribeiraopreto-regiao\\\/sp\\\/2023\\\/03\\\/26\\\/prefeitura-anuncia-inicio-das-obras-de-revitalizacao-da-praca-francisco-barreto\"},\"author\":{\"name\":\"\",\"@id\":\"\"},\"headline\":\"Prefeitura anuncia in\u00edcio das obras de revitaliza\u00e7\u00e3o da Pra\u00e7a Francisco Barreto\",\"datePublished\":\"2023-03-26T17:00:21+00:00\",\"mainEntityOfPage\":{\"@id\":\"https:\\\/\\\/redenoticiaz.com.br\\\/ribeiraopreto-regiao\\\/sp\\\/2023\\\/03\\\/26\\\/prefeitura-anuncia-inicio-das-obras-de-revitalizacao-da-praca-francisco-barreto\"},\"wordCount\":334,\"commentCount\":0,\"publisher\":{\"@id\":\"https:\\\/\\\/redenoticiaz.com.br\\\/ribeiraopreto-regiao\\\/#organization\"},\"image\":{\"@id\":\"https:\\\/\\\/redenoticiaz.com.br\\\/ribeiraopreto-regiao\\\/sp\\\/2023\\\/03\\\/26\\\/prefeitura-anuncia-inicio-das-obras-de-revitalizacao-da-praca-francisco-barreto#primaryimage\"},\"thumbnailUrl\":\"https:\\\/\\\/redenoticiaz.com.br\\\/ribeiraopreto-regiao\\\/wp-content\\\/uploads\\\/sites\\\/4\\\/2023\\\/03\\\/Execucao-dos-servicos-nao-comprometera-as-atividades-religiosas-e-comerciais-do-espaco.jpeg\",\"keywords\":[\"acessibilidades\",\"INVESTIMENTO\",\"obras\",\"PROJETO\"],\"articleSection\":[\"Obras\"],\"inLanguage\":\"pt-BR\",\"potentialAction\":[{\"@type\":\"CommentAction\",\"name\":\"Comment\",\"target\":[\"https:\\\/\\\/redenoticiaz.com.br\\\/ribeiraopreto-regiao\\\/sp\\\/2023\\\/03\\\/26\\\/prefeitura-anuncia-inicio-das-obras-de-revitalizacao-da-praca-francisco-barreto#respond\"]}]},{\"@type\":\"WebPage\",\"@id\":\"https:\\\/\\\/redenoticiaz.com.br\\\/ribeiraopreto-regiao\\\/sp\\\/2023\\\/03\\\/26\\\/prefeitura-anuncia-inicio-das-obras-de-revitalizacao-da-praca-francisco-barreto\",\"url\":\"https:\\\/\\\/redenoticiaz.com.br\\\/ribeiraopreto-regiao\\\/sp\\\/2023\\\/03\\\/26\\\/prefeitura-anuncia-inicio-das-obras-de-revitalizacao-da-praca-francisco-barreto\",\"name\":\"Prefeitura anuncia in\u00edcio das obras de revitaliza\u00e7\u00e3o da Pra\u00e7a Francisco Barreto - Ribeir\u00e3o Preto e Regi\u00e3o\",\"isPartOf\":{\"@id\":\"https:\\\/\\\/redenoticiaz.com.br\\\/ribeiraopreto-regiao\\\/#website\"},\"primaryImageOfPage\":{\"@id\":\"https:\\\/\\\/redenoticiaz.com.br\\\/ribeiraopreto-regiao\\\/sp\\\/2023\\\/03\\\/26\\\/prefeitura-anuncia-inicio-das-obras-de-revitalizacao-da-praca-francisco-barreto#primaryimage\"},\"image\":{\"@id\":\"https:\\\/\\\/redenoticiaz.com.br\\\/ribeiraopreto-regiao\\\/sp\\\/2023\\\/03\\\/26\\\/prefeitura-anuncia-inicio-das-obras-de-revitalizacao-da-praca-francisco-barreto#primaryimage\"},\"thumbnailUrl\":\"https:\\\/\\\/redenoticiaz.com.br\\\/ribeiraopreto-regiao\\\/wp-content\\\/uploads\\\/sites\\\/4\\\/2023\\\/03\\\/Execucao-dos-servicos-nao-comprometera-as-atividades-religiosas-e-comerciais-do-espaco.jpeg\",\"datePublished\":\"2023-03-26T17:00:21+00:00\",\"description\":\"A prefeitura da Est\u00e2ncia Tur\u00edstica de Barretos anunciou o in\u00edcio das obras de revitaliza\u00e7\u00e3o da Pra\u00e7a Francisco Barreto para a pr\u00f3xima semana\",\"inLanguage\":\"pt-BR\",\"potentialAction\":[{\"@type\":\"ReadAction\",\"target\":[\"https:\\\/\\\/redenoticiaz.com.br\\\/ribeiraopreto-regiao\\\/sp\\\/2023\\\/03\\\/26\\\/prefeitura-anuncia-inicio-das-obras-de-revitalizacao-da-praca-francisco-barreto\"]}]},{\"@type\":\"ImageObject\",\"inLanguage\":\"pt-BR\",\"@id\":\"https:\\\/\\\/redenoticiaz.com.br\\\/ribeiraopreto-regiao\\\/sp\\\/2023\\\/03\\\/26\\\/prefeitura-anuncia-inicio-das-obras-de-revitalizacao-da-praca-francisco-barreto#primaryimage\",\"url\":\"https:\\\/\\\/redenoticiaz.com.br\\\/ribeiraopreto-regiao\\\/wp-content\\\/uploads\\\/sites\\\/4\\\/2023\\\/03\\\/Execucao-dos-servicos-nao-comprometera-as-atividades-religiosas-e-comerciais-do-espaco.jpeg\",\"contentUrl\":\"https:\\\/\\\/redenoticiaz.com.br\\\/ribeiraopreto-regiao\\\/wp-content\\\/uploads\\\/sites\\\/4\\\/2023\\\/03\\\/Execucao-dos-servicos-nao-comprometera-as-atividades-religiosas-e-comerciais-do-espaco.jpeg\",\"width\":1600,\"height\":1068,\"caption\":\"Cr\u00e9dito: Divulga\u00e7\u00e3o\"},{\"@type\":\"WebSite\",\"@id\":\"https:\\\/\\\/redenoticiaz.com.br\\\/ribeiraopreto-regiao\\\/#website\",\"url\":\"https:\\\/\\\/redenoticiaz.com.br\\\/ribeiraopreto-regiao\\\/\",\"name\":\"Ribeir\u00e3o Preto e Regi\u00e3o\",\"description\":\"Rede NoticiaZ - Ribeir\u00e3o Preto e regi\u00e3o\",\"publisher\":{\"@id\":\"https:\\\/\\\/redenoticiaz.com.br\\\/ribeiraopreto-regiao\\\/#organization\"},\"potentialAction\":[{\"@type\":\"SearchAction\",\"target\":{\"@type\":\"EntryPoint\",\"urlTemplate\":\"https:\\\/\\\/redenoticiaz.com.br\\\/ribeiraopreto-regiao\\\/?s={search_term_string}\"},\"query-input\":{\"@type\":\"PropertyValueSpecification\",\"valueRequired\":true,\"valueName\":\"search_term_string\"}}],\"inLanguage\":\"pt-BR\"},{\"@type\":\"Organization\",\"@id\":\"https:\\\/\\\/redenoticiaz.com.br\\\/ribeiraopreto-regiao\\\/#organization\",\"name\":\"Ribeir\u00e3o Preto e Regi\u00e3o\",\"url\":\"https:\\\/\\\/redenoticiaz.com.br\\\/ribeiraopreto-regiao\\\/\",\"logo\":{\"@type\":\"ImageObject\",\"inLanguage\":\"pt-BR\",\"@id\":\"https:\\\/\\\/redenoticiaz.com.br\\\/ribeiraopreto-regiao\\\/#\\\/schema\\\/logo\\\/image\\\/\",\"url\":\"https:\\\/\\\/redenoticiaz.com.br\\\/barretos-regiao\\\/wp-content\\\/uploads\\\/sites\\\/4\\\/2022\\\/02\\\/logo.jpg\",\"contentUrl\":\"https:\\\/\\\/redenoticiaz.com.br\\\/barretos-regiao\\\/wp-content\\\/uploads\\\/sites\\\/4\\\/2022\\\/02\\\/logo.jpg\",\"width\":400,\"height\":250,\"caption\":\"Ribeir\u00e3o Preto e Regi\u00e3o\"},\"image\":{\"@id\":\"https:\\\/\\\/redenoticiaz.com.br\\\/ribeiraopreto-regiao\\\/#\\\/schema\\\/logo\\\/image\\\/\"},\"sameAs\":[\"https:\\\/\\\/m.facebook.com\\\/redenoticiaz.barretos\",\"https:\\\/\\\/x.com\\\/RN_barretos\",\"https:\\\/\\\/www.instagram.com\\\/redenoticiaz.barretos\\\/?igshid=YmMyMTA2M2Y\",\"https:\\\/\\\/www.linkedin.com\\\/company\\\/rede-noticiaz-barretos-e-regio\\\/\"]},{\"@type\":\"Person\",\"@id\":\"\",\"url\":\"https:\\\/\\\/redenoticiaz.com.br\\\/ribeiraopreto-regiao\\\/sp\\\/author\"}]}<\/script>\n<!-- \/ Yoast SEO plugin. -->","yoast_head_json":{"title":"Prefeitura anuncia in\u00edcio das obras de revitaliza\u00e7\u00e3o da Pra\u00e7a Francisco Barreto - Ribeir\u00e3o Preto e Regi\u00e3o","description":"A prefeitura da Est\u00e2ncia Tur\u00edstica de Barretos anunciou o in\u00edcio das obras de revitaliza\u00e7\u00e3o da Pra\u00e7a Francisco Barreto para a pr\u00f3xima semana","robots":{"index":"index","follow":"follow","max-snippet":"max-snippet:-1","max-image-preview":"max-image-preview:large","max-video-preview":"max-video-preview:-1"},"canonical":"https:\/\/redenoticiaz.com.br\/ribeiraopreto-regiao\/sp\/2023\/03\/26\/prefeitura-anuncia-inicio-das-obras-de-revitalizacao-da-praca-francisco-barreto","og_locale":"pt_BR","og_type":"article","og_title":"Prefeitura anuncia in\u00edcio das obras de revitaliza\u00e7\u00e3o da Pra\u00e7a Francisco Barreto - Ribeir\u00e3o Preto e Regi\u00e3o","og_description":"A prefeitura da Est\u00e2ncia Tur\u00edstica de Barretos anunciou o in\u00edcio das obras de revitaliza\u00e7\u00e3o da Pra\u00e7a Francisco Barreto para a pr\u00f3xima semana","og_url":"https:\/\/redenoticiaz.com.br\/ribeiraopreto-regiao\/sp\/2023\/03\/26\/prefeitura-anuncia-inicio-das-obras-de-revitalizacao-da-praca-francisco-barreto","og_site_name":"Ribeir\u00e3o Preto e Regi\u00e3o","article_publisher":"https:\/\/m.facebook.com\/redenoticiaz.barretos","article_published_time":"2023-03-26T17:00:21+00:00","og_image":[{"width":1600,"height":1068,"url":"https:\/\/redenoticiaz.com.br\/ribeiraopreto-regiao\/wp-content\/uploads\/sites\/4\/2023\/03\/Execucao-dos-servicos-nao-comprometera-as-atividades-religiosas-e-comerciais-do-espaco.jpeg","type":"image\/jpeg"}],"twitter_card":"summary_large_image","twitter_creator":"@RN_barretos","twitter_site":"@RN_barretos","twitter_misc":{"Escrito por":"","Est. tempo de leitura":"2 minutos"},"schema":{"@context":"https:\/\/schema.org","@graph":[{"@type":"Article","@id":"https:\/\/redenoticiaz.com.br\/ribeiraopreto-regiao\/sp\/2023\/03\/26\/prefeitura-anuncia-inicio-das-obras-de-revitalizacao-da-praca-francisco-barreto#article","isPartOf":{"@id":"https:\/\/redenoticiaz.com.br\/ribeiraopreto-regiao\/sp\/2023\/03\/26\/prefeitura-anuncia-inicio-das-obras-de-revitalizacao-da-praca-francisco-barreto"},"author":{"name":"","@id":""},"headline":"Prefeitura anuncia in\u00edcio das obras de revitaliza\u00e7\u00e3o da Pra\u00e7a Francisco Barreto","datePublished":"2023-03-26T17:00:21+00:00","mainEntityOfPage":{"@id":"https:\/\/redenoticiaz.com.br\/ribeiraopreto-regiao\/sp\/2023\/03\/26\/prefeitura-anuncia-inicio-das-obras-de-revitalizacao-da-praca-francisco-barreto"},"wordCount":334,"commentCount":0,"publisher":{"@id":"https:\/\/redenoticiaz.com.br\/ribeiraopreto-regiao\/#organization"},"image":{"@id":"https:\/\/redenoticiaz.com.br\/ribeiraopreto-regiao\/sp\/2023\/03\/26\/prefeitura-anuncia-inicio-das-obras-de-revitalizacao-da-praca-francisco-barreto#primaryimage"},"thumbnailUrl":"https:\/\/redenoticiaz.com.br\/ribeiraopreto-regiao\/wp-content\/uploads\/sites\/4\/2023\/03\/Execucao-dos-servicos-nao-comprometera-as-atividades-religiosas-e-comerciais-do-espaco.jpeg","keywords":["acessibilidades","INVESTIMENTO","obras","PROJETO"],"articleSection":["Obras"],"inLanguage":"pt-BR","potentialAction":[{"@type":"CommentAction","name":"Comment","target":["https:\/\/redenoticiaz.com.br\/ribeiraopreto-regiao\/sp\/2023\/03\/26\/prefeitura-anuncia-inicio-das-obras-de-revitalizacao-da-praca-francisco-barreto#respond"]}]},{"@type":"WebPage","@id":"https:\/\/redenoticiaz.com.br\/ribeiraopreto-regiao\/sp\/2023\/03\/26\/prefeitura-anuncia-inicio-das-obras-de-revitalizacao-da-praca-francisco-barreto","url":"https:\/\/redenoticiaz.com.br\/ribeiraopreto-regiao\/sp\/2023\/03\/26\/prefeitura-anuncia-inicio-das-obras-de-revitalizacao-da-praca-francisco-barreto","name":"Prefeitura anuncia in\u00edcio das obras de revitaliza\u00e7\u00e3o da Pra\u00e7a Francisco Barreto - Ribeir\u00e3o Preto e Regi\u00e3o","isPartOf":{"@id":"https:\/\/redenoticiaz.com.br\/ribeiraopreto-regiao\/#website"},"primaryImageOfPage":{"@id":"https:\/\/redenoticiaz.com.br\/ribeiraopreto-regiao\/sp\/2023\/03\/26\/prefeitura-anuncia-inicio-das-obras-de-revitalizacao-da-praca-francisco-barreto#primaryimage"},"image":{"@id":"https:\/\/redenoticiaz.com.br\/ribeiraopreto-regiao\/sp\/2023\/03\/26\/prefeitura-anuncia-inicio-das-obras-de-revitalizacao-da-praca-francisco-barreto#primaryimage"},"thumbnailUrl":"https:\/\/redenoticiaz.com.br\/ribeiraopreto-regiao\/wp-content\/uploads\/sites\/4\/2023\/03\/Execucao-dos-servicos-nao-comprometera-as-atividades-religiosas-e-comerciais-do-espaco.jpeg","datePublished":"2023-03-26T17:00:21+00:00","description":"A prefeitura da Est\u00e2ncia Tur\u00edstica de Barretos anunciou o in\u00edcio das obras de revitaliza\u00e7\u00e3o da Pra\u00e7a Francisco Barreto para a pr\u00f3xima semana","inLanguage":"pt-BR","potentialAction":[{"@type":"ReadAction","target":["https:\/\/redenoticiaz.com.br\/ribeiraopreto-regiao\/sp\/2023\/03\/26\/prefeitura-anuncia-inicio-das-obras-de-revitalizacao-da-praca-francisco-barreto"]}]},{"@type":"ImageObject","inLanguage":"pt-BR","@id":"https:\/\/redenoticiaz.com.br\/ribeiraopreto-regiao\/sp\/2023\/03\/26\/prefeitura-anuncia-inicio-das-obras-de-revitalizacao-da-praca-francisco-barreto#primaryimage","url":"https:\/\/redenoticiaz.com.br\/ribeiraopreto-regiao\/wp-content\/uploads\/sites\/4\/2023\/03\/Execucao-dos-servicos-nao-comprometera-as-atividades-religiosas-e-comerciais-do-espaco.jpeg","contentUrl":"https:\/\/redenoticiaz.com.br\/ribeiraopreto-regiao\/wp-content\/uploads\/sites\/4\/2023\/03\/Execucao-dos-servicos-nao-comprometera-as-atividades-religiosas-e-comerciais-do-espaco.jpeg","width":1600,"height":1068,"caption":"Cr\u00e9dito: Divulga\u00e7\u00e3o"},{"@type":"WebSite","@id":"https:\/\/redenoticiaz.com.br\/ribeiraopreto-regiao\/#website","url":"https:\/\/redenoticiaz.com.br\/ribeiraopreto-regiao\/","name":"Ribeir\u00e3o Preto e Regi\u00e3o","description":"Rede NoticiaZ - Ribeir\u00e3o Preto e regi\u00e3o","publisher":{"@id":"https:\/\/redenoticiaz.com.br\/ribeiraopreto-regiao\/#organization"},"potentialAction":[{"@type":"SearchAction","target":{"@type":"EntryPoint","urlTemplate":"https:\/\/redenoticiaz.com.br\/ribeiraopreto-regiao\/?s={search_term_string}"},"query-input":{"@type":"PropertyValueSpecification","valueRequired":true,"valueName":"search_term_string"}}],"inLanguage":"pt-BR"},{"@type":"Organization","@id":"https:\/\/redenoticiaz.com.br\/ribeiraopreto-regiao\/#organization","name":"Ribeir\u00e3o Preto e Regi\u00e3o","url":"https:\/\/redenoticiaz.com.br\/ribeiraopreto-regiao\/","logo":{"@type":"ImageObject","inLanguage":"pt-BR","@id":"https:\/\/redenoticiaz.com.br\/ribeiraopreto-regiao\/#\/schema\/logo\/image\/","url":"https:\/\/redenoticiaz.com.br\/barretos-regiao\/wp-content\/uploads\/sites\/4\/2022\/02\/logo.jpg","contentUrl":"https:\/\/redenoticiaz.com.br\/barretos-regiao\/wp-content\/uploads\/sites\/4\/2022\/02\/logo.jpg","width":400,"height":250,"caption":"Ribeir\u00e3o Preto e Regi\u00e3o"},"image":{"@id":"https:\/\/redenoticiaz.com.br\/ribeiraopreto-regiao\/#\/schema\/logo\/image\/"},"sameAs":["https:\/\/m.facebook.com\/redenoticiaz.barretos","https:\/\/x.com\/RN_barretos","https:\/\/www.instagram.com\/redenoticiaz.barretos\/?igshid=YmMyMTA2M2Y","https:\/\/www.linkedin.com\/company\/rede-noticiaz-barretos-e-regio\/"]},{"@type":"Person","@id":"","url":"https:\/\/redenoticiaz.com.br\/ribeiraopreto-regiao\/sp\/author"}]}},"_links":{"self":[{"href":"https:\/\/redenoticiaz.com.br\/ribeiraopreto-regiao\/wp-json\/wp\/v2\/posts\/102702","targetHints":{"allow":["GET"]}}],"collection":[{"href":"https:\/\/redenoticiaz.com.br\/ribeiraopreto-regiao\/wp-json\/wp\/v2\/posts"}],"about":[{"href":"https:\/\/redenoticiaz.com.br\/ribeiraopreto-regiao\/wp-json\/wp\/v2\/types\/post"}],"author":[{"embeddable":true,"href":"https:\/\/redenoticiaz.com.br\/ribeiraopreto-regiao\/wp-json\/wp\/v2\/users\/15"}],"replies":[{"embeddable":true,"href":"https:\/\/redenoticiaz.com.br\/ribeiraopreto-regiao\/wp-json\/wp\/v2\/comments?post=102702"}],"version-history":[{"count":1,"href":"https:\/\/redenoticiaz.com.br\/ribeiraopreto-regiao\/wp-json\/wp\/v2\/posts\/102702\/revisions"}],"predecessor-version":[{"id":102704,"href":"https:\/\/redenoticiaz.com.br\/ribeiraopreto-regiao\/wp-json\/wp\/v2\/posts\/102702\/revisions\/102704"}],"wp:featuredmedia":[{"embeddable":true,"href":"https:\/\/redenoticiaz.com.br\/ribeiraopreto-regiao\/wp-json\/wp\/v2\/media\/102703"}],"wp:attachment":[{"href":"https:\/\/redenoticiaz.com.br\/ribeiraopreto-regiao\/wp-json\/wp\/v2\/media?parent=102702"}],"wp:term":[{"taxonomy":"category","embeddable":true,"href":"https:\/\/redenoticiaz.com.br\/ribeiraopreto-regiao\/wp-json\/wp\/v2\/categories?post=102702"},{"taxonomy":"post_tag","embeddable":true,"href":"https:\/\/redenoticiaz.com.br\/ribeiraopreto-regiao\/wp-json\/wp\/v2\/tags?post=102702"}],"curies":[{"name":"wp","href":"https:\/\/api.w.org\/{rel}","templated":true}]}}