{"id":102771,"date":"2023-03-27T16:13:07","date_gmt":"2023-03-27T19:13:07","guid":{"rendered":"https:\/\/redenoticiaz.com.br\/barretos-regiao\/?p=102771"},"modified":"2023-03-27T16:13:07","modified_gmt":"2023-03-27T19:13:07","slug":"pm-atende-ocorrencia-de-disparo-de-arma-de-fogo","status":"publish","type":"post","link":"https:\/\/redenoticiaz.com.br\/ribeiraopreto-regiao\/sp\/2023\/03\/27\/pm-atende-ocorrencia-de-disparo-de-arma-de-fogo","title":{"rendered":"PM atende ocorr\u00eancia de disparo de arma de fogo"},"content":{"rendered":"<p><span data-offset-key=\"7uev4-168-0\">A<\/span><span data-offset-key=\"7uev4-169-0\"> Pol<\/span><span data-offset-key=\"7uev4-170-0\">\u00ed<\/span><span data-offset-key=\"7uev4-171-0\">cia<\/span><span data-offset-key=\"7uev4-172-0\"> Mil<\/span><span data-offset-key=\"7uev4-173-0\">itar<\/span><span data-offset-key=\"7uev4-174-0\"> fo<\/span><span data-offset-key=\"7uev4-175-0\">i<\/span><span data-offset-key=\"7uev4-176-0\"> ac<\/span><span data-offset-key=\"7uev4-177-0\">ion<\/span><span data-offset-key=\"7uev4-178-0\">ada<\/span><span data-offset-key=\"7uev4-179-0\"> para<\/span><span data-offset-key=\"7uev4-180-0\"> at<\/span><span data-offset-key=\"7uev4-181-0\">ender<\/span><span data-offset-key=\"7uev4-182-0\"> um<\/span><span data-offset-key=\"7uev4-183-0\"> cas<\/span><span data-offset-key=\"7uev4-184-0\">o<\/span><span data-offset-key=\"7uev4-185-0\"> de<\/span><span data-offset-key=\"7uev4-186-0\"> dispar<\/span><span data-offset-key=\"7uev4-187-0\">o<\/span><span data-offset-key=\"7uev4-188-0\"> de<\/span><span data-offset-key=\"7uev4-189-0\"> ar<\/span><span data-offset-key=\"7uev4-190-0\">ma<\/span><span data-offset-key=\"7uev4-191-0\"> de<\/span><span data-offset-key=\"7uev4-192-0\"> fog<\/span><span data-offset-key=\"7uev4-193-0\">o<\/span><span data-offset-key=\"7uev4-194-0\"> e<\/span><span data-offset-key=\"7uev4-195-0\"> d<\/span><span data-offset-key=\"7uev4-196-0\">ano<\/span><span data-offset-key=\"7uev4-197-0\"> a<\/span><span data-offset-key=\"7uev4-198-0\"> u<\/span><span data-offset-key=\"7uev4-199-0\">ma<\/span><span data-offset-key=\"7uev4-200-0\"> resid<\/span><span data-offset-key=\"7uev4-201-0\">\u00ea<\/span><span data-offset-key=\"7uev4-202-0\">nc<\/span><span data-offset-key=\"7uev4-203-0\">ia<\/span><span data-offset-key=\"7uev4-204-0\"> no<\/span><span data-offset-key=\"7uev4-205-0\"> b<\/span><span data-offset-key=\"7uev4-206-0\">air<\/span><span data-offset-key=\"7uev4-207-0\">ro<\/span><span data-offset-key=\"7uev4-208-0\"> S<\/span><span data-offset-key=\"7uev4-209-0\">\u00e3o<\/span><span data-offset-key=\"7uev4-210-0\"> Jos\u00e9<\/span><span data-offset-key=\"7uev4-211-0\">,<\/span><span data-offset-key=\"7uev4-212-0\"> em<\/span><span data-offset-key=\"7uev4-213-0\"> Bar<\/span><span data-offset-key=\"7uev4-214-0\">ret<\/span><span data-offset-key=\"7uev4-215-0\">os<\/span><span data-offset-key=\"7uev4-216-0\">.<\/span><\/p>\n<p><span data-offset-key=\"7uev4-217-0\">U<\/span><span data-offset-key=\"7uev4-218-0\">ma<\/span><span data-offset-key=\"7uev4-219-0\"> mul<\/span><span data-offset-key=\"7uev4-220-0\">her<\/span><span data-offset-key=\"7uev4-221-0\"> relat<\/span><span data-offset-key=\"7uev4-222-0\">ou<\/span><span data-offset-key=\"7uev4-223-0\"> que<\/span><span data-offset-key=\"7uev4-224-0\"> est<\/span><span data-offset-key=\"7uev4-225-0\">ava<\/span><span data-offset-key=\"7uev4-226-0\"> no<\/span><span data-offset-key=\"7uev4-227-0\"> quint<\/span><span data-offset-key=\"7uev4-228-0\">al<\/span><span data-offset-key=\"7uev4-229-0\"> qu<\/span><span data-offset-key=\"7uev4-230-0\">ando<\/span><span data-offset-key=\"7uev4-231-0\"> o<\/span><span data-offset-key=\"7uev4-232-0\">u<\/span><span data-offset-key=\"7uev4-233-0\">vi<\/span><span data-offset-key=\"7uev4-234-0\">u<\/span><span data-offset-key=\"7uev4-235-0\"> um<\/span><span data-offset-key=\"7uev4-236-0\"> est<\/span><span data-offset-key=\"7uev4-237-0\">r<\/span><span data-offset-key=\"7uev4-238-0\">ondo<\/span><span data-offset-key=\"7uev4-239-0\">.<\/span><span data-offset-key=\"7uev4-240-0\"> El<\/span><span data-offset-key=\"7uev4-241-0\">a<\/span><span data-offset-key=\"7uev4-242-0\"> ent<\/span><span data-offset-key=\"7uev4-243-0\">\u00e3o<\/span><span data-offset-key=\"7uev4-244-0\"> cor<\/span><span data-offset-key=\"7uev4-245-0\">re<\/span><span data-offset-key=\"7uev4-246-0\">u<\/span><span data-offset-key=\"7uev4-247-0\"> para<\/span><span data-offset-key=\"7uev4-248-0\"> dent<\/span><span data-offset-key=\"7uev4-249-0\">ro<\/span><span data-offset-key=\"7uev4-250-0\"> de<\/span><span data-offset-key=\"7uev4-251-0\"> cas<\/span><span data-offset-key=\"7uev4-252-0\">a<\/span><span data-offset-key=\"7uev4-253-0\"> e<\/span><span data-offset-key=\"7uev4-254-0\">,<\/span><span data-offset-key=\"7uev4-255-0\"> a<\/span><span data-offset-key=\"7uev4-256-0\">o<\/span><span data-offset-key=\"7uev4-257-0\"> ret<\/span><span data-offset-key=\"7uev4-258-0\">orn<\/span><span data-offset-key=\"7uev4-259-0\">ar<\/span><span data-offset-key=\"7uev4-260-0\">,<\/span><span data-offset-key=\"7uev4-261-0\"> enc<\/span><span data-offset-key=\"7uev4-262-0\">ont<\/span><span data-offset-key=\"7uev4-263-0\">rou<\/span><span data-offset-key=\"7uev4-264-0\"> um<\/span><span data-offset-key=\"7uev4-265-0\"> pro<\/span><span data-offset-key=\"7uev4-266-0\">j<\/span><span data-offset-key=\"7uev4-267-0\">\u00e9t<\/span><span data-offset-key=\"7uev4-268-0\">il<\/span><span data-offset-key=\"7uev4-269-0\"> de<\/span><span data-offset-key=\"7uev4-270-0\"> ar<\/span><span data-offset-key=\"7uev4-271-0\">ma<\/span><span data-offset-key=\"7uev4-272-0\"> de<\/span><span data-offset-key=\"7uev4-273-0\"> fog<\/span><span data-offset-key=\"7uev4-274-0\">o<\/span><span data-offset-key=\"7uev4-275-0\"> na<\/span><span data-offset-key=\"7uev4-276-0\"> gar<\/span><span data-offset-key=\"7uev4-277-0\">ag<\/span><span data-offset-key=\"7uev4-278-0\">em<\/span><span data-offset-key=\"7uev4-279-0\">,<\/span><span data-offset-key=\"7uev4-280-0\"> que<\/span><span data-offset-key=\"7uev4-281-0\"> ter<\/span><span data-offset-key=\"7uev4-282-0\">ia<\/span><span data-offset-key=\"7uev4-283-0\"> perf<\/span><span data-offset-key=\"7uev4-284-0\">ur<\/span><span data-offset-key=\"7uev4-285-0\">ado<\/span><span data-offset-key=\"7uev4-286-0\"> u<\/span><span data-offset-key=\"7uev4-287-0\">ma<\/span><span data-offset-key=\"7uev4-288-0\"> tel<\/span><span data-offset-key=\"7uev4-289-0\">ha<\/span><span data-offset-key=\"7uev4-290-0\">.<\/span><span data-offset-key=\"7uev4-291-0\"> \u00a0<\/span><span data-offset-key=\"7uev4-291-0\">O<\/span><span data-offset-key=\"7uev4-292-0\"> bo<\/span><span data-offset-key=\"7uev4-293-0\">let<\/span><span data-offset-key=\"7uev4-294-0\">im<\/span><span data-offset-key=\"7uev4-295-0\"> de<\/span><span data-offset-key=\"7uev4-296-0\"> o<\/span><span data-offset-key=\"7uev4-297-0\">cor<\/span><span data-offset-key=\"7uev4-298-0\">r<\/span><span data-offset-key=\"7uev4-299-0\">\u00ea<\/span><span data-offset-key=\"7uev4-300-0\">nc<\/span><span data-offset-key=\"7uev4-301-0\">ia<\/span><span data-offset-key=\"7uev4-302-0\"> fo<\/span><span data-offset-key=\"7uev4-303-0\">i<\/span><span data-offset-key=\"7uev4-304-0\"> elabor<\/span><span data-offset-key=\"7uev4-305-0\">ado.<\/span><\/p>\n<p>VEJA TAMB\u00c9M:\u00a0<a href=\"https:\/\/redenoticiaz.com.br\/barretos-regiao\/sp\/2023\/03\/27\/chupa-cabra-e-encontrado-em-caixa-eletronico-em-barretos\">&#8216;Chupa-cabra&#8217; \u00e9 encontrado em caixa eletr\u00f4nico em Barretos<\/a><\/p>\n","protected":false},"excerpt":{"rendered":"<p>A Pol\u00edcia Militar foi acionada para atender um caso de disparo de arma de fogo e dano a uma resid\u00eancia no bairro S\u00e3o Jos\u00e9, em Barretos. Uma mulher relatou que estava no quintal quando ouviu um estrondo. Ela ent\u00e3o correu para dentro de casa e, ao retornar, encontrou um proj\u00e9til de arma de fogo na &hellip;<\/p>\n","protected":false},"author":15,"featured_media":102772,"comment_status":"open","ping_status":"closed","sticky":false,"template":"","format":"standard","meta":{"footnotes":""},"categories":[88],"tags":[9910,25972,11451,25973],"class_list":["post-102771","post","type-post","status-publish","format-standard","has-post-thumbnail","hentry","category-policia","tag-arma-de-fogo","tag-disparo","tag-residencia","tag-telha"],"yoast_head":"<!-- This site is optimized with the Yoast SEO plugin v27.4 - https:\/\/yoast.com\/product\/yoast-seo-wordpress\/ -->\n<title>PM atende ocorr\u00eancia de disparo de arma de fogo - Ribeir\u00e3o Preto e Regi\u00e3o<\/title>\n<meta name=\"description\" content=\"A Pol\u00edcia Militar foi acionada para atender um caso de disparo de arma de fogo e dano a uma resid\u00eancia no bairro S\u00e3o Jos\u00e9, em Barretos.\" \/>\n<meta name=\"robots\" content=\"index, follow, max-snippet:-1, max-image-preview:large, max-video-preview:-1\" \/>\n<link rel=\"canonical\" href=\"https:\/\/redenoticiaz.com.br\/ribeiraopreto-regiao\/sp\/2023\/03\/27\/pm-atende-ocorrencia-de-disparo-de-arma-de-fogo\" \/>\n<meta property=\"og:locale\" content=\"pt_BR\" \/>\n<meta property=\"og:type\" content=\"article\" \/>\n<meta property=\"og:title\" content=\"PM atende ocorr\u00eancia de disparo de arma de fogo - Ribeir\u00e3o Preto e Regi\u00e3o\" \/>\n<meta property=\"og:description\" content=\"A Pol\u00edcia Militar foi acionada para atender um caso de disparo de arma de fogo e dano a uma resid\u00eancia no bairro S\u00e3o Jos\u00e9, em Barretos.\" \/>\n<meta property=\"og:url\" content=\"https:\/\/redenoticiaz.com.br\/ribeiraopreto-regiao\/sp\/2023\/03\/27\/pm-atende-ocorrencia-de-disparo-de-arma-de-fogo\" \/>\n<meta property=\"og:site_name\" content=\"Ribeir\u00e3o Preto e Regi\u00e3o\" \/>\n<meta property=\"article:publisher\" content=\"https:\/\/m.facebook.com\/redenoticiaz.barretos\" \/>\n<meta property=\"article:published_time\" content=\"2023-03-27T19:13:07+00:00\" \/>\n<meta property=\"og:image\" content=\"https:\/\/redenoticiaz.com.br\/ribeiraopreto-regiao\/wp-content\/uploads\/sites\/4\/2023\/03\/2673_dsc-1627-jpg-5-scaled.jpg\" \/>\n\t<meta property=\"og:image:width\" content=\"1620\" \/>\n\t<meta property=\"og:image:height\" content=\"1080\" \/>\n\t<meta property=\"og:image:type\" content=\"image\/jpeg\" \/>\n<meta name=\"twitter:card\" content=\"summary_large_image\" \/>\n<meta name=\"twitter:creator\" content=\"@RN_barretos\" \/>\n<meta name=\"twitter:site\" content=\"@RN_barretos\" \/>\n<meta name=\"twitter:label1\" content=\"Escrito por\" \/>\n\t<meta name=\"twitter:data1\" content=\"\" \/>\n\t<meta name=\"twitter:label2\" content=\"Est. tempo de leitura\" \/>\n\t<meta name=\"twitter:data2\" content=\"1 minuto\" \/>\n<script type=\"application\/ld+json\" class=\"yoast-schema-graph\">{\"@context\":\"https:\\\/\\\/schema.org\",\"@graph\":[{\"@type\":\"Article\",\"@id\":\"https:\\\/\\\/redenoticiaz.com.br\\\/ribeiraopreto-regiao\\\/sp\\\/2023\\\/03\\\/27\\\/pm-atende-ocorrencia-de-disparo-de-arma-de-fogo#article\",\"isPartOf\":{\"@id\":\"https:\\\/\\\/redenoticiaz.com.br\\\/ribeiraopreto-regiao\\\/sp\\\/2023\\\/03\\\/27\\\/pm-atende-ocorrencia-de-disparo-de-arma-de-fogo\"},\"author\":{\"name\":\"\",\"@id\":\"\"},\"headline\":\"PM atende ocorr\u00eancia de disparo de arma de fogo\",\"datePublished\":\"2023-03-27T19:13:07+00:00\",\"mainEntityOfPage\":{\"@id\":\"https:\\\/\\\/redenoticiaz.com.br\\\/ribeiraopreto-regiao\\\/sp\\\/2023\\\/03\\\/27\\\/pm-atende-ocorrencia-de-disparo-de-arma-de-fogo\"},\"wordCount\":149,\"commentCount\":0,\"publisher\":{\"@id\":\"https:\\\/\\\/redenoticiaz.com.br\\\/ribeiraopreto-regiao\\\/#organization\"},\"image\":{\"@id\":\"https:\\\/\\\/redenoticiaz.com.br\\\/ribeiraopreto-regiao\\\/sp\\\/2023\\\/03\\\/27\\\/pm-atende-ocorrencia-de-disparo-de-arma-de-fogo#primaryimage\"},\"thumbnailUrl\":\"https:\\\/\\\/redenoticiaz.com.br\\\/ribeiraopreto-regiao\\\/wp-content\\\/uploads\\\/sites\\\/4\\\/2023\\\/03\\\/2673_dsc-1627-jpg-5-scaled.jpg\",\"keywords\":[\"ARMA DE FOGO\",\"disparo\",\"RESID\u00caNCIA\",\"telha\"],\"articleSection\":[\"Pol\u00edcia\"],\"inLanguage\":\"pt-BR\",\"potentialAction\":[{\"@type\":\"CommentAction\",\"name\":\"Comment\",\"target\":[\"https:\\\/\\\/redenoticiaz.com.br\\\/ribeiraopreto-regiao\\\/sp\\\/2023\\\/03\\\/27\\\/pm-atende-ocorrencia-de-disparo-de-arma-de-fogo#respond\"]}]},{\"@type\":\"WebPage\",\"@id\":\"https:\\\/\\\/redenoticiaz.com.br\\\/ribeiraopreto-regiao\\\/sp\\\/2023\\\/03\\\/27\\\/pm-atende-ocorrencia-de-disparo-de-arma-de-fogo\",\"url\":\"https:\\\/\\\/redenoticiaz.com.br\\\/ribeiraopreto-regiao\\\/sp\\\/2023\\\/03\\\/27\\\/pm-atende-ocorrencia-de-disparo-de-arma-de-fogo\",\"name\":\"PM atende ocorr\u00eancia de disparo de arma de fogo - Ribeir\u00e3o Preto e Regi\u00e3o\",\"isPartOf\":{\"@id\":\"https:\\\/\\\/redenoticiaz.com.br\\\/ribeiraopreto-regiao\\\/#website\"},\"primaryImageOfPage\":{\"@id\":\"https:\\\/\\\/redenoticiaz.com.br\\\/ribeiraopreto-regiao\\\/sp\\\/2023\\\/03\\\/27\\\/pm-atende-ocorrencia-de-disparo-de-arma-de-fogo#primaryimage\"},\"image\":{\"@id\":\"https:\\\/\\\/redenoticiaz.com.br\\\/ribeiraopreto-regiao\\\/sp\\\/2023\\\/03\\\/27\\\/pm-atende-ocorrencia-de-disparo-de-arma-de-fogo#primaryimage\"},\"thumbnailUrl\":\"https:\\\/\\\/redenoticiaz.com.br\\\/ribeiraopreto-regiao\\\/wp-content\\\/uploads\\\/sites\\\/4\\\/2023\\\/03\\\/2673_dsc-1627-jpg-5-scaled.jpg\",\"datePublished\":\"2023-03-27T19:13:07+00:00\",\"description\":\"A Pol\u00edcia Militar foi acionada para atender um caso de disparo de arma de fogo e dano a uma resid\u00eancia no bairro S\u00e3o Jos\u00e9, em Barretos.\",\"inLanguage\":\"pt-BR\",\"potentialAction\":[{\"@type\":\"ReadAction\",\"target\":[\"https:\\\/\\\/redenoticiaz.com.br\\\/ribeiraopreto-regiao\\\/sp\\\/2023\\\/03\\\/27\\\/pm-atende-ocorrencia-de-disparo-de-arma-de-fogo\"]}]},{\"@type\":\"ImageObject\",\"inLanguage\":\"pt-BR\",\"@id\":\"https:\\\/\\\/redenoticiaz.com.br\\\/ribeiraopreto-regiao\\\/sp\\\/2023\\\/03\\\/27\\\/pm-atende-ocorrencia-de-disparo-de-arma-de-fogo#primaryimage\",\"url\":\"https:\\\/\\\/redenoticiaz.com.br\\\/ribeiraopreto-regiao\\\/wp-content\\\/uploads\\\/sites\\\/4\\\/2023\\\/03\\\/2673_dsc-1627-jpg-5-scaled.jpg\",\"contentUrl\":\"https:\\\/\\\/redenoticiaz.com.br\\\/ribeiraopreto-regiao\\\/wp-content\\\/uploads\\\/sites\\\/4\\\/2023\\\/03\\\/2673_dsc-1627-jpg-5-scaled.jpg\",\"width\":1620,\"height\":1080,\"caption\":\"Cr\u00e9dito: Divulga\u00e7\u00e3o\"},{\"@type\":\"WebSite\",\"@id\":\"https:\\\/\\\/redenoticiaz.com.br\\\/ribeiraopreto-regiao\\\/#website\",\"url\":\"https:\\\/\\\/redenoticiaz.com.br\\\/ribeiraopreto-regiao\\\/\",\"name\":\"Ribeir\u00e3o Preto e Regi\u00e3o\",\"description\":\"Rede NoticiaZ - Ribeir\u00e3o Preto e regi\u00e3o\",\"publisher\":{\"@id\":\"https:\\\/\\\/redenoticiaz.com.br\\\/ribeiraopreto-regiao\\\/#organization\"},\"potentialAction\":[{\"@type\":\"SearchAction\",\"target\":{\"@type\":\"EntryPoint\",\"urlTemplate\":\"https:\\\/\\\/redenoticiaz.com.br\\\/ribeiraopreto-regiao\\\/?s={search_term_string}\"},\"query-input\":{\"@type\":\"PropertyValueSpecification\",\"valueRequired\":true,\"valueName\":\"search_term_string\"}}],\"inLanguage\":\"pt-BR\"},{\"@type\":\"Organization\",\"@id\":\"https:\\\/\\\/redenoticiaz.com.br\\\/ribeiraopreto-regiao\\\/#organization\",\"name\":\"Ribeir\u00e3o Preto e Regi\u00e3o\",\"url\":\"https:\\\/\\\/redenoticiaz.com.br\\\/ribeiraopreto-regiao\\\/\",\"logo\":{\"@type\":\"ImageObject\",\"inLanguage\":\"pt-BR\",\"@id\":\"https:\\\/\\\/redenoticiaz.com.br\\\/ribeiraopreto-regiao\\\/#\\\/schema\\\/logo\\\/image\\\/\",\"url\":\"https:\\\/\\\/redenoticiaz.com.br\\\/barretos-regiao\\\/wp-content\\\/uploads\\\/sites\\\/4\\\/2022\\\/02\\\/logo.jpg\",\"contentUrl\":\"https:\\\/\\\/redenoticiaz.com.br\\\/barretos-regiao\\\/wp-content\\\/uploads\\\/sites\\\/4\\\/2022\\\/02\\\/logo.jpg\",\"width\":400,\"height\":250,\"caption\":\"Ribeir\u00e3o Preto e Regi\u00e3o\"},\"image\":{\"@id\":\"https:\\\/\\\/redenoticiaz.com.br\\\/ribeiraopreto-regiao\\\/#\\\/schema\\\/logo\\\/image\\\/\"},\"sameAs\":[\"https:\\\/\\\/m.facebook.com\\\/redenoticiaz.barretos\",\"https:\\\/\\\/x.com\\\/RN_barretos\",\"https:\\\/\\\/www.instagram.com\\\/redenoticiaz.barretos\\\/?igshid=YmMyMTA2M2Y\",\"https:\\\/\\\/www.linkedin.com\\\/company\\\/rede-noticiaz-barretos-e-regio\\\/\"]},{\"@type\":\"Person\",\"@id\":\"\",\"url\":\"https:\\\/\\\/redenoticiaz.com.br\\\/ribeiraopreto-regiao\\\/sp\\\/author\"}]}<\/script>\n<!-- \/ Yoast SEO plugin. -->","yoast_head_json":{"title":"PM atende ocorr\u00eancia de disparo de arma de fogo - Ribeir\u00e3o Preto e Regi\u00e3o","description":"A Pol\u00edcia Militar foi acionada para atender um caso de disparo de arma de fogo e dano a uma resid\u00eancia no bairro S\u00e3o Jos\u00e9, em Barretos.","robots":{"index":"index","follow":"follow","max-snippet":"max-snippet:-1","max-image-preview":"max-image-preview:large","max-video-preview":"max-video-preview:-1"},"canonical":"https:\/\/redenoticiaz.com.br\/ribeiraopreto-regiao\/sp\/2023\/03\/27\/pm-atende-ocorrencia-de-disparo-de-arma-de-fogo","og_locale":"pt_BR","og_type":"article","og_title":"PM atende ocorr\u00eancia de disparo de arma de fogo - Ribeir\u00e3o Preto e Regi\u00e3o","og_description":"A Pol\u00edcia Militar foi acionada para atender um caso de disparo de arma de fogo e dano a uma resid\u00eancia no bairro S\u00e3o Jos\u00e9, em Barretos.","og_url":"https:\/\/redenoticiaz.com.br\/ribeiraopreto-regiao\/sp\/2023\/03\/27\/pm-atende-ocorrencia-de-disparo-de-arma-de-fogo","og_site_name":"Ribeir\u00e3o Preto e Regi\u00e3o","article_publisher":"https:\/\/m.facebook.com\/redenoticiaz.barretos","article_published_time":"2023-03-27T19:13:07+00:00","og_image":[{"width":1620,"height":1080,"url":"https:\/\/redenoticiaz.com.br\/ribeiraopreto-regiao\/wp-content\/uploads\/sites\/4\/2023\/03\/2673_dsc-1627-jpg-5-scaled.jpg","type":"image\/jpeg"}],"twitter_card":"summary_large_image","twitter_creator":"@RN_barretos","twitter_site":"@RN_barretos","twitter_misc":{"Escrito por":"","Est. tempo de leitura":"1 minuto"},"schema":{"@context":"https:\/\/schema.org","@graph":[{"@type":"Article","@id":"https:\/\/redenoticiaz.com.br\/ribeiraopreto-regiao\/sp\/2023\/03\/27\/pm-atende-ocorrencia-de-disparo-de-arma-de-fogo#article","isPartOf":{"@id":"https:\/\/redenoticiaz.com.br\/ribeiraopreto-regiao\/sp\/2023\/03\/27\/pm-atende-ocorrencia-de-disparo-de-arma-de-fogo"},"author":{"name":"","@id":""},"headline":"PM atende ocorr\u00eancia de disparo de arma de fogo","datePublished":"2023-03-27T19:13:07+00:00","mainEntityOfPage":{"@id":"https:\/\/redenoticiaz.com.br\/ribeiraopreto-regiao\/sp\/2023\/03\/27\/pm-atende-ocorrencia-de-disparo-de-arma-de-fogo"},"wordCount":149,"commentCount":0,"publisher":{"@id":"https:\/\/redenoticiaz.com.br\/ribeiraopreto-regiao\/#organization"},"image":{"@id":"https:\/\/redenoticiaz.com.br\/ribeiraopreto-regiao\/sp\/2023\/03\/27\/pm-atende-ocorrencia-de-disparo-de-arma-de-fogo#primaryimage"},"thumbnailUrl":"https:\/\/redenoticiaz.com.br\/ribeiraopreto-regiao\/wp-content\/uploads\/sites\/4\/2023\/03\/2673_dsc-1627-jpg-5-scaled.jpg","keywords":["ARMA DE FOGO","disparo","RESID\u00caNCIA","telha"],"articleSection":["Pol\u00edcia"],"inLanguage":"pt-BR","potentialAction":[{"@type":"CommentAction","name":"Comment","target":["https:\/\/redenoticiaz.com.br\/ribeiraopreto-regiao\/sp\/2023\/03\/27\/pm-atende-ocorrencia-de-disparo-de-arma-de-fogo#respond"]}]},{"@type":"WebPage","@id":"https:\/\/redenoticiaz.com.br\/ribeiraopreto-regiao\/sp\/2023\/03\/27\/pm-atende-ocorrencia-de-disparo-de-arma-de-fogo","url":"https:\/\/redenoticiaz.com.br\/ribeiraopreto-regiao\/sp\/2023\/03\/27\/pm-atende-ocorrencia-de-disparo-de-arma-de-fogo","name":"PM atende ocorr\u00eancia de disparo de arma de fogo - Ribeir\u00e3o Preto e Regi\u00e3o","isPartOf":{"@id":"https:\/\/redenoticiaz.com.br\/ribeiraopreto-regiao\/#website"},"primaryImageOfPage":{"@id":"https:\/\/redenoticiaz.com.br\/ribeiraopreto-regiao\/sp\/2023\/03\/27\/pm-atende-ocorrencia-de-disparo-de-arma-de-fogo#primaryimage"},"image":{"@id":"https:\/\/redenoticiaz.com.br\/ribeiraopreto-regiao\/sp\/2023\/03\/27\/pm-atende-ocorrencia-de-disparo-de-arma-de-fogo#primaryimage"},"thumbnailUrl":"https:\/\/redenoticiaz.com.br\/ribeiraopreto-regiao\/wp-content\/uploads\/sites\/4\/2023\/03\/2673_dsc-1627-jpg-5-scaled.jpg","datePublished":"2023-03-27T19:13:07+00:00","description":"A Pol\u00edcia Militar foi acionada para atender um caso de disparo de arma de fogo e dano a uma resid\u00eancia no bairro S\u00e3o Jos\u00e9, em Barretos.","inLanguage":"pt-BR","potentialAction":[{"@type":"ReadAction","target":["https:\/\/redenoticiaz.com.br\/ribeiraopreto-regiao\/sp\/2023\/03\/27\/pm-atende-ocorrencia-de-disparo-de-arma-de-fogo"]}]},{"@type":"ImageObject","inLanguage":"pt-BR","@id":"https:\/\/redenoticiaz.com.br\/ribeiraopreto-regiao\/sp\/2023\/03\/27\/pm-atende-ocorrencia-de-disparo-de-arma-de-fogo#primaryimage","url":"https:\/\/redenoticiaz.com.br\/ribeiraopreto-regiao\/wp-content\/uploads\/sites\/4\/2023\/03\/2673_dsc-1627-jpg-5-scaled.jpg","contentUrl":"https:\/\/redenoticiaz.com.br\/ribeiraopreto-regiao\/wp-content\/uploads\/sites\/4\/2023\/03\/2673_dsc-1627-jpg-5-scaled.jpg","width":1620,"height":1080,"caption":"Cr\u00e9dito: Divulga\u00e7\u00e3o"},{"@type":"WebSite","@id":"https:\/\/redenoticiaz.com.br\/ribeiraopreto-regiao\/#website","url":"https:\/\/redenoticiaz.com.br\/ribeiraopreto-regiao\/","name":"Ribeir\u00e3o Preto e Regi\u00e3o","description":"Rede NoticiaZ - Ribeir\u00e3o Preto e regi\u00e3o","publisher":{"@id":"https:\/\/redenoticiaz.com.br\/ribeiraopreto-regiao\/#organization"},"potentialAction":[{"@type":"SearchAction","target":{"@type":"EntryPoint","urlTemplate":"https:\/\/redenoticiaz.com.br\/ribeiraopreto-regiao\/?s={search_term_string}"},"query-input":{"@type":"PropertyValueSpecification","valueRequired":true,"valueName":"search_term_string"}}],"inLanguage":"pt-BR"},{"@type":"Organization","@id":"https:\/\/redenoticiaz.com.br\/ribeiraopreto-regiao\/#organization","name":"Ribeir\u00e3o Preto e Regi\u00e3o","url":"https:\/\/redenoticiaz.com.br\/ribeiraopreto-regiao\/","logo":{"@type":"ImageObject","inLanguage":"pt-BR","@id":"https:\/\/redenoticiaz.com.br\/ribeiraopreto-regiao\/#\/schema\/logo\/image\/","url":"https:\/\/redenoticiaz.com.br\/barretos-regiao\/wp-content\/uploads\/sites\/4\/2022\/02\/logo.jpg","contentUrl":"https:\/\/redenoticiaz.com.br\/barretos-regiao\/wp-content\/uploads\/sites\/4\/2022\/02\/logo.jpg","width":400,"height":250,"caption":"Ribeir\u00e3o Preto e Regi\u00e3o"},"image":{"@id":"https:\/\/redenoticiaz.com.br\/ribeiraopreto-regiao\/#\/schema\/logo\/image\/"},"sameAs":["https:\/\/m.facebook.com\/redenoticiaz.barretos","https:\/\/x.com\/RN_barretos","https:\/\/www.instagram.com\/redenoticiaz.barretos\/?igshid=YmMyMTA2M2Y","https:\/\/www.linkedin.com\/company\/rede-noticiaz-barretos-e-regio\/"]},{"@type":"Person","@id":"","url":"https:\/\/redenoticiaz.com.br\/ribeiraopreto-regiao\/sp\/author"}]}},"_links":{"self":[{"href":"https:\/\/redenoticiaz.com.br\/ribeiraopreto-regiao\/wp-json\/wp\/v2\/posts\/102771","targetHints":{"allow":["GET"]}}],"collection":[{"href":"https:\/\/redenoticiaz.com.br\/ribeiraopreto-regiao\/wp-json\/wp\/v2\/posts"}],"about":[{"href":"https:\/\/redenoticiaz.com.br\/ribeiraopreto-regiao\/wp-json\/wp\/v2\/types\/post"}],"author":[{"embeddable":true,"href":"https:\/\/redenoticiaz.com.br\/ribeiraopreto-regiao\/wp-json\/wp\/v2\/users\/15"}],"replies":[{"embeddable":true,"href":"https:\/\/redenoticiaz.com.br\/ribeiraopreto-regiao\/wp-json\/wp\/v2\/comments?post=102771"}],"version-history":[{"count":1,"href":"https:\/\/redenoticiaz.com.br\/ribeiraopreto-regiao\/wp-json\/wp\/v2\/posts\/102771\/revisions"}],"predecessor-version":[{"id":102773,"href":"https:\/\/redenoticiaz.com.br\/ribeiraopreto-regiao\/wp-json\/wp\/v2\/posts\/102771\/revisions\/102773"}],"wp:featuredmedia":[{"embeddable":true,"href":"https:\/\/redenoticiaz.com.br\/ribeiraopreto-regiao\/wp-json\/wp\/v2\/media\/102772"}],"wp:attachment":[{"href":"https:\/\/redenoticiaz.com.br\/ribeiraopreto-regiao\/wp-json\/wp\/v2\/media?parent=102771"}],"wp:term":[{"taxonomy":"category","embeddable":true,"href":"https:\/\/redenoticiaz.com.br\/ribeiraopreto-regiao\/wp-json\/wp\/v2\/categories?post=102771"},{"taxonomy":"post_tag","embeddable":true,"href":"https:\/\/redenoticiaz.com.br\/ribeiraopreto-regiao\/wp-json\/wp\/v2\/tags?post=102771"}],"curies":[{"name":"wp","href":"https:\/\/api.w.org\/{rel}","templated":true}]}}