{"id":102778,"date":"2023-03-27T16:56:35","date_gmt":"2023-03-27T19:56:35","guid":{"rendered":"https:\/\/redenoticiaz.com.br\/barretos-regiao\/?p=102778"},"modified":"2023-03-27T16:56:35","modified_gmt":"2023-03-27T19:56:35","slug":"homem-morre-em-acidente-entre-dois-caminhoes","status":"publish","type":"post","link":"https:\/\/redenoticiaz.com.br\/ribeiraopreto-regiao\/sp\/2023\/03\/27\/homem-morre-em-acidente-entre-dois-caminhoes","title":{"rendered":"Homem morre em acidente entre dois caminh\u00f5es"},"content":{"rendered":"<p><span data-offset-key=\"4q5pu-222-0\">Um<\/span><span data-offset-key=\"4q5pu-223-0\"> c<\/span><span data-offset-key=\"4q5pu-224-0\">amin<\/span><span data-offset-key=\"4q5pu-225-0\">h<\/span><span data-offset-key=\"4q5pu-226-0\">one<\/span><span data-offset-key=\"4q5pu-227-0\">iro<\/span><span data-offset-key=\"4q5pu-228-0\"> per<\/span><span data-offset-key=\"4q5pu-229-0\">de<\/span><span data-offset-key=\"4q5pu-230-0\">u<\/span><span data-offset-key=\"4q5pu-231-0\"> a<\/span><span data-offset-key=\"4q5pu-232-0\"> v<\/span><span data-offset-key=\"4q5pu-233-0\">ida<\/span><span data-offset-key=\"4q5pu-234-0\"> em<\/span><span data-offset-key=\"4q5pu-235-0\"> um<\/span><span data-offset-key=\"4q5pu-236-0\"> ac<\/span><span data-offset-key=\"4q5pu-237-0\">ident<\/span><span data-offset-key=\"4q5pu-238-0\">e<\/span><span data-offset-key=\"4q5pu-239-0\"> na<\/span><span data-offset-key=\"4q5pu-240-0\"> rod<\/span><span data-offset-key=\"4q5pu-241-0\">ov<\/span><span data-offset-key=\"4q5pu-242-0\">ia\u00a0Washington Lu\u00eds<\/span><span data-offset-key=\"4q5pu-246-0\">,<\/span><span data-offset-key=\"4q5pu-247-0\"> em<\/span><span data-offset-key=\"4q5pu-248-0\"> U<\/span><span data-offset-key=\"4q5pu-249-0\">cho<\/span><span data-offset-key=\"4q5pu-250-0\">a<\/span><span data-offset-key=\"4q5pu-251-0\">,<\/span><span data-offset-key=\"4q5pu-252-0\"> na<\/span><span data-offset-key=\"4q5pu-253-0\"> man<\/span><span data-offset-key=\"4q5pu-254-0\">h<\/span><span data-offset-key=\"4q5pu-255-0\">\u00e3<\/span><span data-offset-key=\"4q5pu-256-0\"> dest<\/span><span data-offset-key=\"4q5pu-257-0\">a<\/span><span data-offset-key=\"4q5pu-258-0\"> se<\/span><span data-offset-key=\"4q5pu-259-0\">g<\/span><span data-offset-key=\"4q5pu-260-0\">unda<\/span><span data-offset-key=\"4q5pu-261-0\">&#8211;<\/span><span data-offset-key=\"4q5pu-262-0\">fe<\/span><span data-offset-key=\"4q5pu-263-0\">ira<\/span><span data-offset-key=\"4q5pu-264-0\"> (<\/span><span data-offset-key=\"4q5pu-265-0\">27<\/span><span data-offset-key=\"4q5pu-266-0\">).<\/span><\/p>\n<p>&nbsp;<\/p>\n<p><span data-offset-key=\"4q5pu-267-0\">De<\/span><span data-offset-key=\"4q5pu-268-0\"> ac<\/span><span data-offset-key=\"4q5pu-269-0\">ord<\/span><span data-offset-key=\"4q5pu-270-0\">o<\/span><span data-offset-key=\"4q5pu-271-0\"> com<\/span><span data-offset-key=\"4q5pu-272-0\"> a<\/span><span data-offset-key=\"4q5pu-273-0\"> Pol<\/span><span data-offset-key=\"4q5pu-274-0\">\u00ed<\/span><span data-offset-key=\"4q5pu-275-0\">cia<\/span><span data-offset-key=\"4q5pu-276-0\"> Rod<\/span><span data-offset-key=\"4q5pu-277-0\">ovi<\/span><span data-offset-key=\"4q5pu-278-0\">\u00e1<\/span><span data-offset-key=\"4q5pu-279-0\">ria<\/span><span data-offset-key=\"4q5pu-280-0\"> Est<\/span><span data-offset-key=\"4q5pu-281-0\">ad<\/span><span data-offset-key=\"4q5pu-282-0\">ual<\/span><span data-offset-key=\"4q5pu-283-0\"> (<\/span><span data-offset-key=\"4q5pu-284-0\">PRE<\/span><span data-offset-key=\"4q5pu-285-0\">),<\/span><span data-offset-key=\"4q5pu-286-0\"> o<\/span><span data-offset-key=\"4q5pu-287-0\"> ve<\/span><span data-offset-key=\"4q5pu-288-0\">\u00ed<\/span><span data-offset-key=\"4q5pu-289-0\">cul<\/span><span data-offset-key=\"4q5pu-290-0\">o<\/span><span data-offset-key=\"4q5pu-291-0\"> que<\/span><span data-offset-key=\"4q5pu-292-0\"> o<\/span><span data-offset-key=\"4q5pu-293-0\"> hom<\/span><span data-offset-key=\"4q5pu-294-0\">em<\/span><span data-offset-key=\"4q5pu-295-0\"> dir<\/span><span data-offset-key=\"4q5pu-296-0\">ig<\/span><span data-offset-key=\"4q5pu-297-0\">ia<\/span><span data-offset-key=\"4q5pu-298-0\"> b<\/span><span data-offset-key=\"4q5pu-299-0\">ate<\/span><span data-offset-key=\"4q5pu-300-0\">u<\/span><span data-offset-key=\"4q5pu-301-0\"> na<\/span><span data-offset-key=\"4q5pu-302-0\"> tr<\/span><span data-offset-key=\"4q5pu-303-0\">ase<\/span><span data-offset-key=\"4q5pu-304-0\">ira<\/span><span data-offset-key=\"4q5pu-305-0\"> de<\/span><span data-offset-key=\"4q5pu-306-0\"> out<\/span><span data-offset-key=\"4q5pu-307-0\">ro<\/span><span data-offset-key=\"4q5pu-308-0\"> c<\/span><span data-offset-key=\"4q5pu-309-0\">amin<\/span><span data-offset-key=\"4q5pu-310-0\">h<\/span><span data-offset-key=\"4q5pu-311-0\">\u00e3o<\/span><span data-offset-key=\"4q5pu-312-0\">.<\/span><span data-offset-key=\"4q5pu-313-0\"> Com<\/span><span data-offset-key=\"4q5pu-314-0\"> o<\/span><span data-offset-key=\"4q5pu-315-0\"> impact<\/span><span data-offset-key=\"4q5pu-316-0\">o<\/span><span data-offset-key=\"4q5pu-317-0\">,<\/span><span data-offset-key=\"4q5pu-318-0\"> ele<\/span><span data-offset-key=\"4q5pu-319-0\"> so<\/span><span data-offset-key=\"4q5pu-320-0\">fre<\/span><span data-offset-key=\"4q5pu-321-0\">u<\/span><span data-offset-key=\"4q5pu-322-0\"> divers<\/span><span data-offset-key=\"4q5pu-323-0\">os<\/span><span data-offset-key=\"4q5pu-324-0\"> fer<\/span><span data-offset-key=\"4q5pu-325-0\">iment<\/span><span data-offset-key=\"4q5pu-326-0\">os<\/span><span data-offset-key=\"4q5pu-327-0\"> e<\/span><span data-offset-key=\"4q5pu-328-0\"> n<\/span><span data-offset-key=\"4q5pu-329-0\">\u00e3o<\/span><span data-offset-key=\"4q5pu-330-0\"> resist<\/span><span data-offset-key=\"4q5pu-331-0\">iu<\/span><span data-offset-key=\"4q5pu-332-0\">.<\/span><\/p>\n<p><span data-offset-key=\"4q5pu-333-0\"> O<\/span><span data-offset-key=\"4q5pu-334-0\"> out<\/span><span data-offset-key=\"4q5pu-335-0\">ro<\/span><span data-offset-key=\"4q5pu-336-0\"> motor<\/span><span data-offset-key=\"4q5pu-337-0\">ista<\/span><span data-offset-key=\"4q5pu-338-0\"> n<\/span><span data-offset-key=\"4q5pu-339-0\">\u00e3o<\/span><span data-offset-key=\"4q5pu-340-0\"> f<\/span><span data-offset-key=\"4q5pu-341-0\">ic<\/span><span data-offset-key=\"4q5pu-342-0\">ou<\/span><span data-offset-key=\"4q5pu-343-0\"> fer<\/span><span data-offset-key=\"4q5pu-344-0\">ido<\/span><span data-offset-key=\"4q5pu-345-0\">.<\/span><span data-offset-key=\"4q5pu-346-0\"> O<\/span><span data-offset-key=\"4q5pu-347-0\"> cor<\/span><span data-offset-key=\"4q5pu-348-0\">po<\/span><span data-offset-key=\"4q5pu-349-0\"> fo<\/span><span data-offset-key=\"4q5pu-350-0\">i<\/span><span data-offset-key=\"4q5pu-351-0\"> enc<\/span><span data-offset-key=\"4q5pu-352-0\">amin<\/span><span data-offset-key=\"4q5pu-353-0\">h<\/span><span data-offset-key=\"4q5pu-354-0\">ado<\/span><span data-offset-key=\"4q5pu-355-0\"> para<\/span><span data-offset-key=\"4q5pu-356-0\"> o<\/span><span data-offset-key=\"4q5pu-357-0\"> Instit<\/span><span data-offset-key=\"4q5pu-358-0\">uto<\/span><span data-offset-key=\"4q5pu-359-0\"> M\u00e9<\/span><span data-offset-key=\"4q5pu-360-0\">d<\/span><span data-offset-key=\"4q5pu-361-0\">ico<\/span><span data-offset-key=\"4q5pu-362-0\"> Legal<\/span><span data-offset-key=\"4q5pu-363-0\"> (<\/span><span data-offset-key=\"4q5pu-364-0\">IM<\/span><span data-offset-key=\"4q5pu-365-0\">L<\/span><span data-offset-key=\"4q5pu-366-0\">)<\/span><span data-offset-key=\"4q5pu-367-0\"> e<\/span><span data-offset-key=\"4q5pu-368-0\"> a<\/span><span data-offset-key=\"4q5pu-369-0\"> Pol<\/span><span data-offset-key=\"4q5pu-370-0\">\u00ed<\/span><span data-offset-key=\"4q5pu-371-0\">cia<\/span><span data-offset-key=\"4q5pu-372-0\"> Civil<\/span><span data-offset-key=\"4q5pu-373-0\"> investig<\/span><span data-offset-key=\"4q5pu-374-0\">a<\/span><span data-offset-key=\"4q5pu-375-0\"> as<\/span><span data-offset-key=\"4q5pu-376-0\"> caus<\/span><span data-offset-key=\"4q5pu-377-0\">as<\/span><span data-offset-key=\"4q5pu-378-0\"> do<\/span><span data-offset-key=\"4q5pu-379-0\"> ac<\/span><span data-offset-key=\"4q5pu-380-0\">ident<\/span><span data-offset-key=\"4q5pu-381-0\">e<\/span><span data-offset-key=\"4q5pu-382-0\">.<\/span><\/p>\n<p>VEJA TAMB\u00c9M:\u00a0\u00a0<a href=\"https:\/\/redenoticiaz.com.br\/barretos-regiao\/sp\/2023\/03\/27\/policia-investiga-caso-de-vitima-internada-com-queimaduras\">Pol\u00edcia investiga caso de v\u00edtima internada com queimaduras<\/a><\/p>\n","protected":false},"excerpt":{"rendered":"<p>Um caminhoneiro perdeu a vida em um acidente na rodovia\u00a0Washington Lu\u00eds, em Uchoa, na manh\u00e3 desta segunda&#8211;feira (27). &nbsp; De acordo com a Pol\u00edcia Rodovi\u00e1ria Estadual (PRE), o ve\u00edculo que o homem dirigia bateu na traseira de outro caminh\u00e3o. Com o impacto, ele sofreu diversos ferimentos e n\u00e3o resistiu. O outro motorista n\u00e3o ficou ferido. &hellip;<\/p>\n","protected":false},"author":15,"featured_media":102779,"comment_status":"open","ping_status":"closed","sticky":false,"template":"","format":"standard","meta":{"footnotes":""},"categories":[88],"tags":[145,18074,18203,10692],"class_list":["post-102778","post","type-post","status-publish","format-standard","has-post-thumbnail","hentry","category-policia","tag-acidente","tag-caminhoneiro","tag-morre","tag-washington-luis"],"yoast_head":"<!-- This site is optimized with the Yoast SEO plugin v27.4 - https:\/\/yoast.com\/product\/yoast-seo-wordpress\/ -->\n<title>Homem morre em acidente entre dois caminh\u00f5es - Ribeir\u00e3o Preto e Regi\u00e3o<\/title>\n<meta name=\"description\" content=\"Um caminhoneiro perdeu a vida em um acidente na rodovia\u00a0Washington Lu\u00eds, em Uchoa, na manh\u00e3 desta segunda-feira (27).\" \/>\n<meta name=\"robots\" content=\"index, follow, max-snippet:-1, max-image-preview:large, max-video-preview:-1\" \/>\n<link rel=\"canonical\" href=\"https:\/\/redenoticiaz.com.br\/ribeiraopreto-regiao\/sp\/2023\/03\/27\/homem-morre-em-acidente-entre-dois-caminhoes\" \/>\n<meta property=\"og:locale\" content=\"pt_BR\" \/>\n<meta property=\"og:type\" content=\"article\" \/>\n<meta property=\"og:title\" content=\"Homem morre em acidente entre dois caminh\u00f5es - Ribeir\u00e3o Preto e Regi\u00e3o\" \/>\n<meta property=\"og:description\" content=\"Um caminhoneiro perdeu a vida em um acidente na rodovia\u00a0Washington Lu\u00eds, em Uchoa, na manh\u00e3 desta segunda-feira (27).\" \/>\n<meta property=\"og:url\" content=\"https:\/\/redenoticiaz.com.br\/ribeiraopreto-regiao\/sp\/2023\/03\/27\/homem-morre-em-acidente-entre-dois-caminhoes\" \/>\n<meta property=\"og:site_name\" content=\"Ribeir\u00e3o Preto e Regi\u00e3o\" \/>\n<meta property=\"article:publisher\" content=\"https:\/\/m.facebook.com\/redenoticiaz.barretos\" \/>\n<meta property=\"article:published_time\" content=\"2023-03-27T19:56:35+00:00\" \/>\n<meta property=\"og:image\" content=\"https:\/\/redenoticiaz.com.br\/ribeiraopreto-regiao\/wp-content\/uploads\/sites\/4\/2023\/03\/WhatsApp-Image-2023-03-27-at-14.13.12.jpeg\" \/>\n\t<meta property=\"og:image:width\" content=\"1270\" \/>\n\t<meta property=\"og:image:height\" content=\"800\" \/>\n\t<meta property=\"og:image:type\" content=\"image\/jpeg\" \/>\n<meta name=\"twitter:card\" content=\"summary_large_image\" \/>\n<meta name=\"twitter:creator\" content=\"@RN_barretos\" \/>\n<meta name=\"twitter:site\" content=\"@RN_barretos\" \/>\n<meta name=\"twitter:label1\" content=\"Escrito por\" \/>\n\t<meta name=\"twitter:data1\" content=\"\" \/>\n\t<meta name=\"twitter:label2\" content=\"Est. tempo de leitura\" \/>\n\t<meta name=\"twitter:data2\" content=\"1 minuto\" \/>\n<script type=\"application\/ld+json\" class=\"yoast-schema-graph\">{\"@context\":\"https:\\\/\\\/schema.org\",\"@graph\":[{\"@type\":\"Article\",\"@id\":\"https:\\\/\\\/redenoticiaz.com.br\\\/ribeiraopreto-regiao\\\/sp\\\/2023\\\/03\\\/27\\\/homem-morre-em-acidente-entre-dois-caminhoes#article\",\"isPartOf\":{\"@id\":\"https:\\\/\\\/redenoticiaz.com.br\\\/ribeiraopreto-regiao\\\/sp\\\/2023\\\/03\\\/27\\\/homem-morre-em-acidente-entre-dois-caminhoes\"},\"author\":{\"name\":\"\",\"@id\":\"\"},\"headline\":\"Homem morre em acidente entre dois caminh\u00f5es\",\"datePublished\":\"2023-03-27T19:56:35+00:00\",\"mainEntityOfPage\":{\"@id\":\"https:\\\/\\\/redenoticiaz.com.br\\\/ribeiraopreto-regiao\\\/sp\\\/2023\\\/03\\\/27\\\/homem-morre-em-acidente-entre-dois-caminhoes\"},\"wordCount\":164,\"commentCount\":0,\"publisher\":{\"@id\":\"https:\\\/\\\/redenoticiaz.com.br\\\/ribeiraopreto-regiao\\\/#organization\"},\"image\":{\"@id\":\"https:\\\/\\\/redenoticiaz.com.br\\\/ribeiraopreto-regiao\\\/sp\\\/2023\\\/03\\\/27\\\/homem-morre-em-acidente-entre-dois-caminhoes#primaryimage\"},\"thumbnailUrl\":\"https:\\\/\\\/redenoticiaz.com.br\\\/ribeiraopreto-regiao\\\/wp-content\\\/uploads\\\/sites\\\/4\\\/2023\\\/03\\\/WhatsApp-Image-2023-03-27-at-14.13.12.jpeg\",\"keywords\":[\"acidente\",\"CAMINHONEIRO\",\"MORRE\",\"Washington Lu\u00eds\"],\"articleSection\":[\"Pol\u00edcia\"],\"inLanguage\":\"pt-BR\",\"potentialAction\":[{\"@type\":\"CommentAction\",\"name\":\"Comment\",\"target\":[\"https:\\\/\\\/redenoticiaz.com.br\\\/ribeiraopreto-regiao\\\/sp\\\/2023\\\/03\\\/27\\\/homem-morre-em-acidente-entre-dois-caminhoes#respond\"]}]},{\"@type\":\"WebPage\",\"@id\":\"https:\\\/\\\/redenoticiaz.com.br\\\/ribeiraopreto-regiao\\\/sp\\\/2023\\\/03\\\/27\\\/homem-morre-em-acidente-entre-dois-caminhoes\",\"url\":\"https:\\\/\\\/redenoticiaz.com.br\\\/ribeiraopreto-regiao\\\/sp\\\/2023\\\/03\\\/27\\\/homem-morre-em-acidente-entre-dois-caminhoes\",\"name\":\"Homem morre em acidente entre dois caminh\u00f5es - Ribeir\u00e3o Preto e Regi\u00e3o\",\"isPartOf\":{\"@id\":\"https:\\\/\\\/redenoticiaz.com.br\\\/ribeiraopreto-regiao\\\/#website\"},\"primaryImageOfPage\":{\"@id\":\"https:\\\/\\\/redenoticiaz.com.br\\\/ribeiraopreto-regiao\\\/sp\\\/2023\\\/03\\\/27\\\/homem-morre-em-acidente-entre-dois-caminhoes#primaryimage\"},\"image\":{\"@id\":\"https:\\\/\\\/redenoticiaz.com.br\\\/ribeiraopreto-regiao\\\/sp\\\/2023\\\/03\\\/27\\\/homem-morre-em-acidente-entre-dois-caminhoes#primaryimage\"},\"thumbnailUrl\":\"https:\\\/\\\/redenoticiaz.com.br\\\/ribeiraopreto-regiao\\\/wp-content\\\/uploads\\\/sites\\\/4\\\/2023\\\/03\\\/WhatsApp-Image-2023-03-27-at-14.13.12.jpeg\",\"datePublished\":\"2023-03-27T19:56:35+00:00\",\"description\":\"Um caminhoneiro perdeu a vida em um acidente na rodovia\u00a0Washington Lu\u00eds, em Uchoa, na manh\u00e3 desta segunda-feira (27).\",\"inLanguage\":\"pt-BR\",\"potentialAction\":[{\"@type\":\"ReadAction\",\"target\":[\"https:\\\/\\\/redenoticiaz.com.br\\\/ribeiraopreto-regiao\\\/sp\\\/2023\\\/03\\\/27\\\/homem-morre-em-acidente-entre-dois-caminhoes\"]}]},{\"@type\":\"ImageObject\",\"inLanguage\":\"pt-BR\",\"@id\":\"https:\\\/\\\/redenoticiaz.com.br\\\/ribeiraopreto-regiao\\\/sp\\\/2023\\\/03\\\/27\\\/homem-morre-em-acidente-entre-dois-caminhoes#primaryimage\",\"url\":\"https:\\\/\\\/redenoticiaz.com.br\\\/ribeiraopreto-regiao\\\/wp-content\\\/uploads\\\/sites\\\/4\\\/2023\\\/03\\\/WhatsApp-Image-2023-03-27-at-14.13.12.jpeg\",\"contentUrl\":\"https:\\\/\\\/redenoticiaz.com.br\\\/ribeiraopreto-regiao\\\/wp-content\\\/uploads\\\/sites\\\/4\\\/2023\\\/03\\\/WhatsApp-Image-2023-03-27-at-14.13.12.jpeg\",\"width\":1270,\"height\":800,\"caption\":\"Homem morre em acidente entre dois caminh\u00f5es. Cr\u00e9dito: Reprodu\u00e7\u00e3o\"},{\"@type\":\"WebSite\",\"@id\":\"https:\\\/\\\/redenoticiaz.com.br\\\/ribeiraopreto-regiao\\\/#website\",\"url\":\"https:\\\/\\\/redenoticiaz.com.br\\\/ribeiraopreto-regiao\\\/\",\"name\":\"Ribeir\u00e3o Preto e Regi\u00e3o\",\"description\":\"Rede NoticiaZ - Ribeir\u00e3o Preto e regi\u00e3o\",\"publisher\":{\"@id\":\"https:\\\/\\\/redenoticiaz.com.br\\\/ribeiraopreto-regiao\\\/#organization\"},\"potentialAction\":[{\"@type\":\"SearchAction\",\"target\":{\"@type\":\"EntryPoint\",\"urlTemplate\":\"https:\\\/\\\/redenoticiaz.com.br\\\/ribeiraopreto-regiao\\\/?s={search_term_string}\"},\"query-input\":{\"@type\":\"PropertyValueSpecification\",\"valueRequired\":true,\"valueName\":\"search_term_string\"}}],\"inLanguage\":\"pt-BR\"},{\"@type\":\"Organization\",\"@id\":\"https:\\\/\\\/redenoticiaz.com.br\\\/ribeiraopreto-regiao\\\/#organization\",\"name\":\"Ribeir\u00e3o Preto e Regi\u00e3o\",\"url\":\"https:\\\/\\\/redenoticiaz.com.br\\\/ribeiraopreto-regiao\\\/\",\"logo\":{\"@type\":\"ImageObject\",\"inLanguage\":\"pt-BR\",\"@id\":\"https:\\\/\\\/redenoticiaz.com.br\\\/ribeiraopreto-regiao\\\/#\\\/schema\\\/logo\\\/image\\\/\",\"url\":\"https:\\\/\\\/redenoticiaz.com.br\\\/barretos-regiao\\\/wp-content\\\/uploads\\\/sites\\\/4\\\/2022\\\/02\\\/logo.jpg\",\"contentUrl\":\"https:\\\/\\\/redenoticiaz.com.br\\\/barretos-regiao\\\/wp-content\\\/uploads\\\/sites\\\/4\\\/2022\\\/02\\\/logo.jpg\",\"width\":400,\"height\":250,\"caption\":\"Ribeir\u00e3o Preto e Regi\u00e3o\"},\"image\":{\"@id\":\"https:\\\/\\\/redenoticiaz.com.br\\\/ribeiraopreto-regiao\\\/#\\\/schema\\\/logo\\\/image\\\/\"},\"sameAs\":[\"https:\\\/\\\/m.facebook.com\\\/redenoticiaz.barretos\",\"https:\\\/\\\/x.com\\\/RN_barretos\",\"https:\\\/\\\/www.instagram.com\\\/redenoticiaz.barretos\\\/?igshid=YmMyMTA2M2Y\",\"https:\\\/\\\/www.linkedin.com\\\/company\\\/rede-noticiaz-barretos-e-regio\\\/\"]},{\"@type\":\"Person\",\"@id\":\"\",\"url\":\"https:\\\/\\\/redenoticiaz.com.br\\\/ribeiraopreto-regiao\\\/sp\\\/author\"}]}<\/script>\n<!-- \/ Yoast SEO plugin. -->","yoast_head_json":{"title":"Homem morre em acidente entre dois caminh\u00f5es - Ribeir\u00e3o Preto e Regi\u00e3o","description":"Um caminhoneiro perdeu a vida em um acidente na rodovia\u00a0Washington Lu\u00eds, em Uchoa, na manh\u00e3 desta segunda-feira (27).","robots":{"index":"index","follow":"follow","max-snippet":"max-snippet:-1","max-image-preview":"max-image-preview:large","max-video-preview":"max-video-preview:-1"},"canonical":"https:\/\/redenoticiaz.com.br\/ribeiraopreto-regiao\/sp\/2023\/03\/27\/homem-morre-em-acidente-entre-dois-caminhoes","og_locale":"pt_BR","og_type":"article","og_title":"Homem morre em acidente entre dois caminh\u00f5es - Ribeir\u00e3o Preto e Regi\u00e3o","og_description":"Um caminhoneiro perdeu a vida em um acidente na rodovia\u00a0Washington Lu\u00eds, em Uchoa, na manh\u00e3 desta segunda-feira (27).","og_url":"https:\/\/redenoticiaz.com.br\/ribeiraopreto-regiao\/sp\/2023\/03\/27\/homem-morre-em-acidente-entre-dois-caminhoes","og_site_name":"Ribeir\u00e3o Preto e Regi\u00e3o","article_publisher":"https:\/\/m.facebook.com\/redenoticiaz.barretos","article_published_time":"2023-03-27T19:56:35+00:00","og_image":[{"width":1270,"height":800,"url":"https:\/\/redenoticiaz.com.br\/ribeiraopreto-regiao\/wp-content\/uploads\/sites\/4\/2023\/03\/WhatsApp-Image-2023-03-27-at-14.13.12.jpeg","type":"image\/jpeg"}],"twitter_card":"summary_large_image","twitter_creator":"@RN_barretos","twitter_site":"@RN_barretos","twitter_misc":{"Escrito por":"","Est. tempo de leitura":"1 minuto"},"schema":{"@context":"https:\/\/schema.org","@graph":[{"@type":"Article","@id":"https:\/\/redenoticiaz.com.br\/ribeiraopreto-regiao\/sp\/2023\/03\/27\/homem-morre-em-acidente-entre-dois-caminhoes#article","isPartOf":{"@id":"https:\/\/redenoticiaz.com.br\/ribeiraopreto-regiao\/sp\/2023\/03\/27\/homem-morre-em-acidente-entre-dois-caminhoes"},"author":{"name":"","@id":""},"headline":"Homem morre em acidente entre dois caminh\u00f5es","datePublished":"2023-03-27T19:56:35+00:00","mainEntityOfPage":{"@id":"https:\/\/redenoticiaz.com.br\/ribeiraopreto-regiao\/sp\/2023\/03\/27\/homem-morre-em-acidente-entre-dois-caminhoes"},"wordCount":164,"commentCount":0,"publisher":{"@id":"https:\/\/redenoticiaz.com.br\/ribeiraopreto-regiao\/#organization"},"image":{"@id":"https:\/\/redenoticiaz.com.br\/ribeiraopreto-regiao\/sp\/2023\/03\/27\/homem-morre-em-acidente-entre-dois-caminhoes#primaryimage"},"thumbnailUrl":"https:\/\/redenoticiaz.com.br\/ribeiraopreto-regiao\/wp-content\/uploads\/sites\/4\/2023\/03\/WhatsApp-Image-2023-03-27-at-14.13.12.jpeg","keywords":["acidente","CAMINHONEIRO","MORRE","Washington Lu\u00eds"],"articleSection":["Pol\u00edcia"],"inLanguage":"pt-BR","potentialAction":[{"@type":"CommentAction","name":"Comment","target":["https:\/\/redenoticiaz.com.br\/ribeiraopreto-regiao\/sp\/2023\/03\/27\/homem-morre-em-acidente-entre-dois-caminhoes#respond"]}]},{"@type":"WebPage","@id":"https:\/\/redenoticiaz.com.br\/ribeiraopreto-regiao\/sp\/2023\/03\/27\/homem-morre-em-acidente-entre-dois-caminhoes","url":"https:\/\/redenoticiaz.com.br\/ribeiraopreto-regiao\/sp\/2023\/03\/27\/homem-morre-em-acidente-entre-dois-caminhoes","name":"Homem morre em acidente entre dois caminh\u00f5es - Ribeir\u00e3o Preto e Regi\u00e3o","isPartOf":{"@id":"https:\/\/redenoticiaz.com.br\/ribeiraopreto-regiao\/#website"},"primaryImageOfPage":{"@id":"https:\/\/redenoticiaz.com.br\/ribeiraopreto-regiao\/sp\/2023\/03\/27\/homem-morre-em-acidente-entre-dois-caminhoes#primaryimage"},"image":{"@id":"https:\/\/redenoticiaz.com.br\/ribeiraopreto-regiao\/sp\/2023\/03\/27\/homem-morre-em-acidente-entre-dois-caminhoes#primaryimage"},"thumbnailUrl":"https:\/\/redenoticiaz.com.br\/ribeiraopreto-regiao\/wp-content\/uploads\/sites\/4\/2023\/03\/WhatsApp-Image-2023-03-27-at-14.13.12.jpeg","datePublished":"2023-03-27T19:56:35+00:00","description":"Um caminhoneiro perdeu a vida em um acidente na rodovia\u00a0Washington Lu\u00eds, em Uchoa, na manh\u00e3 desta segunda-feira (27).","inLanguage":"pt-BR","potentialAction":[{"@type":"ReadAction","target":["https:\/\/redenoticiaz.com.br\/ribeiraopreto-regiao\/sp\/2023\/03\/27\/homem-morre-em-acidente-entre-dois-caminhoes"]}]},{"@type":"ImageObject","inLanguage":"pt-BR","@id":"https:\/\/redenoticiaz.com.br\/ribeiraopreto-regiao\/sp\/2023\/03\/27\/homem-morre-em-acidente-entre-dois-caminhoes#primaryimage","url":"https:\/\/redenoticiaz.com.br\/ribeiraopreto-regiao\/wp-content\/uploads\/sites\/4\/2023\/03\/WhatsApp-Image-2023-03-27-at-14.13.12.jpeg","contentUrl":"https:\/\/redenoticiaz.com.br\/ribeiraopreto-regiao\/wp-content\/uploads\/sites\/4\/2023\/03\/WhatsApp-Image-2023-03-27-at-14.13.12.jpeg","width":1270,"height":800,"caption":"Homem morre em acidente entre dois caminh\u00f5es. Cr\u00e9dito: Reprodu\u00e7\u00e3o"},{"@type":"WebSite","@id":"https:\/\/redenoticiaz.com.br\/ribeiraopreto-regiao\/#website","url":"https:\/\/redenoticiaz.com.br\/ribeiraopreto-regiao\/","name":"Ribeir\u00e3o Preto e Regi\u00e3o","description":"Rede NoticiaZ - Ribeir\u00e3o Preto e regi\u00e3o","publisher":{"@id":"https:\/\/redenoticiaz.com.br\/ribeiraopreto-regiao\/#organization"},"potentialAction":[{"@type":"SearchAction","target":{"@type":"EntryPoint","urlTemplate":"https:\/\/redenoticiaz.com.br\/ribeiraopreto-regiao\/?s={search_term_string}"},"query-input":{"@type":"PropertyValueSpecification","valueRequired":true,"valueName":"search_term_string"}}],"inLanguage":"pt-BR"},{"@type":"Organization","@id":"https:\/\/redenoticiaz.com.br\/ribeiraopreto-regiao\/#organization","name":"Ribeir\u00e3o Preto e Regi\u00e3o","url":"https:\/\/redenoticiaz.com.br\/ribeiraopreto-regiao\/","logo":{"@type":"ImageObject","inLanguage":"pt-BR","@id":"https:\/\/redenoticiaz.com.br\/ribeiraopreto-regiao\/#\/schema\/logo\/image\/","url":"https:\/\/redenoticiaz.com.br\/barretos-regiao\/wp-content\/uploads\/sites\/4\/2022\/02\/logo.jpg","contentUrl":"https:\/\/redenoticiaz.com.br\/barretos-regiao\/wp-content\/uploads\/sites\/4\/2022\/02\/logo.jpg","width":400,"height":250,"caption":"Ribeir\u00e3o Preto e Regi\u00e3o"},"image":{"@id":"https:\/\/redenoticiaz.com.br\/ribeiraopreto-regiao\/#\/schema\/logo\/image\/"},"sameAs":["https:\/\/m.facebook.com\/redenoticiaz.barretos","https:\/\/x.com\/RN_barretos","https:\/\/www.instagram.com\/redenoticiaz.barretos\/?igshid=YmMyMTA2M2Y","https:\/\/www.linkedin.com\/company\/rede-noticiaz-barretos-e-regio\/"]},{"@type":"Person","@id":"","url":"https:\/\/redenoticiaz.com.br\/ribeiraopreto-regiao\/sp\/author"}]}},"_links":{"self":[{"href":"https:\/\/redenoticiaz.com.br\/ribeiraopreto-regiao\/wp-json\/wp\/v2\/posts\/102778","targetHints":{"allow":["GET"]}}],"collection":[{"href":"https:\/\/redenoticiaz.com.br\/ribeiraopreto-regiao\/wp-json\/wp\/v2\/posts"}],"about":[{"href":"https:\/\/redenoticiaz.com.br\/ribeiraopreto-regiao\/wp-json\/wp\/v2\/types\/post"}],"author":[{"embeddable":true,"href":"https:\/\/redenoticiaz.com.br\/ribeiraopreto-regiao\/wp-json\/wp\/v2\/users\/15"}],"replies":[{"embeddable":true,"href":"https:\/\/redenoticiaz.com.br\/ribeiraopreto-regiao\/wp-json\/wp\/v2\/comments?post=102778"}],"version-history":[{"count":1,"href":"https:\/\/redenoticiaz.com.br\/ribeiraopreto-regiao\/wp-json\/wp\/v2\/posts\/102778\/revisions"}],"predecessor-version":[{"id":102780,"href":"https:\/\/redenoticiaz.com.br\/ribeiraopreto-regiao\/wp-json\/wp\/v2\/posts\/102778\/revisions\/102780"}],"wp:featuredmedia":[{"embeddable":true,"href":"https:\/\/redenoticiaz.com.br\/ribeiraopreto-regiao\/wp-json\/wp\/v2\/media\/102779"}],"wp:attachment":[{"href":"https:\/\/redenoticiaz.com.br\/ribeiraopreto-regiao\/wp-json\/wp\/v2\/media?parent=102778"}],"wp:term":[{"taxonomy":"category","embeddable":true,"href":"https:\/\/redenoticiaz.com.br\/ribeiraopreto-regiao\/wp-json\/wp\/v2\/categories?post=102778"},{"taxonomy":"post_tag","embeddable":true,"href":"https:\/\/redenoticiaz.com.br\/ribeiraopreto-regiao\/wp-json\/wp\/v2\/tags?post=102778"}],"curies":[{"name":"wp","href":"https:\/\/api.w.org\/{rel}","templated":true}]}}