{"id":102817,"date":"2023-03-28T09:54:03","date_gmt":"2023-03-28T12:54:03","guid":{"rendered":"https:\/\/redenoticiaz.com.br\/barretos-regiao\/sp\/2023\/03\/28\/governador-de-sp-e-internado-em-londres-e-vai-passar-por-cirurgia"},"modified":"2023-03-28T09:54:03","modified_gmt":"2023-03-28T12:54:03","slug":"governador-de-sp-e-internado-em-londres-e-vai-passar-por-cirurgia","status":"publish","type":"post","link":"https:\/\/redenoticiaz.com.br\/ribeiraopreto-regiao\/sp\/2023\/03\/28\/governador-de-sp-e-internado-em-londres-e-vai-passar-por-cirurgia","title":{"rendered":"Governador de SP \u00e9 internado em Londres e vai passar por cirurgia"},"content":{"rendered":"<div id=\"chunk-bh6qi\">\n<div class=\"mc-column content-text active-extra-styles \" data-block-type=\"unstyled\" data-block-weight=\"37\" data-block-id=\"3\"><\/div>\n<\/div>\n<div class=\"wall protected-content\">\n<div id=\"chunk-drbuq\">\n<div class=\"mc-column content-text active-extra-styles \" data-block-type=\"unstyled\" data-block-weight=\"23\" data-block-id=\"5\">\n<div id=\"chunk-djelj\">\n<div class=\"mc-column content-text active-extra-styles \" data-block-type=\"unstyled\" data-block-weight=\"41\" data-block-id=\"11\">\n<p>O governador de S\u00e3o Paulo, Tarc\u00edsio de Freitas (Republicanos), passou mal nessa segunda-feira (27), durante a viagem que faz com a comitiva em Londres, na Inglaterra. Ele precisou ser internado e ter\u00e1 de passar por um procedimento para a retirada de um <strong>c\u00e1lculo renal.<\/strong><\/p>\n<p>O c\u00e1lculo renal ou pedra nos rins \u00e9 uma forma\u00e7\u00e3o endurecida nos rins ou nas vias urin\u00e1rias por conta do ac\u00famulo de cristais existentes na urina. O tratamento pode ser feito com medicamentos ou procedimentos para que os c\u00e1lculos sejam retirados.<\/p>\n<p>Sobre o c\u00e1lculo renal, o governador j\u00e1 relatou que costuma ter crises renais com frequ\u00eancia. S\u00f3 que as dores sentidas em Londres foram consideradas mais fortes.<\/p>\n<p>Sem Tarc\u00edsio de Freitas, o secret\u00e1rio de Neg\u00f3cios Internacionais, Lucas Ferraz, vai substitu\u00ed-lo nos encontros que est\u00e3o programados para esta ter\u00e7a (28), em Londres. Ele tamb\u00e9m estar\u00e1 presente na quarta-feira (29), em Madrid, na Espanha.<\/p>\n<h3>Reuni\u00f5es<\/h3>\n<p>O governador de S\u00e3o Paulo chegou no domingo (26) em Londres com assessores e secret\u00e1rios para uma s\u00e9rie de encontros com investidores, agentes do mercado financeiro e empres\u00e1rios.<\/p>\n<p>O objetivo das reuni\u00f5es \u00e9 apresentar o portf\u00f3lio de projetos do Programa de Parcerias de Investimentos de S\u00e3o Paulo (PPI-SP) e estreitar rela\u00e7\u00f5es com lideran\u00e7as governamentais e setoriais dos pa\u00edses que ser\u00e3o visitados.<\/p>\n<p>A previs\u00e3o era de que Tarc\u00edsio seguiria em Londres at\u00e9 ter\u00e7a-feira (28), depois, iria para Madrid, na Espanha. Por fim, terminaria a viagem na quinta-feira (30), em Paris.<\/p>\n<p>Por\u00e9m, na manh\u00e3 desta segunda-feira (27), o governador sentiu uma for crise renal, que o obrigou a retornar ao hotel, onde foi atendido por um especialista e medicado. Antes, Tarc\u00edsio encontrou investidores e deu uma entrevista para o jornal Financial Times.<\/p>\n<p data-track-category=\"Link no Texto\" data-track-links=\"\"><strong>LEIA TAMB\u00c9M<\/strong><\/p>\n<p data-track-category=\"Link no Texto\" data-track-links=\"\"><a href=\"https:\/\/redenoticiaz.com.br\/blog\/2023\/03\/27\/lula-mantem-agenda-interna-no-alvorada-ate-pelo-menos-quarta-feira\">Lula mant\u00e9m agenda interna no Alvorada at\u00e9 pelo menos quarta-feira<\/a><\/p>\n<\/div>\n<\/div>\n<\/div>\n<\/div>\n<\/div>\n","protected":false},"excerpt":{"rendered":"<p>O governador de S\u00e3o Paulo, Tarc\u00edsio de Freitas (Republicanos), passou mal nessa segunda-feira (27), durante a viagem que faz com a comitiva em Londres, na Inglaterra. Ele precisou ser internado e ter\u00e1 de passar por um procedimento para a retirada de um c\u00e1lculo renal. O c\u00e1lculo renal ou pedra nos rins \u00e9 uma forma\u00e7\u00e3o endurecida &hellip;<\/p>\n","protected":false},"author":6,"featured_media":94256,"comment_status":"open","ping_status":"closed","sticky":false,"template":"","format":"standard","meta":{"footnotes":""},"categories":[186,129],"tags":[25992,25993,17636,19787,20476],"class_list":["post-102817","post","type-post","status-publish","format-standard","has-post-thumbnail","hentry","category-politica","category-saude","tag-calculo-renal","tag-governador-de-sao-paulo","tag-inglaterra","tag-londres","tag-tarcisio-de-freitas"],"yoast_head":"<!-- This site is optimized with the Yoast SEO plugin v27.4 - https:\/\/yoast.com\/product\/yoast-seo-wordpress\/ -->\n<title>Governador de SP \u00e9 internado em Londres e vai passar por cirurgia - Ribeir\u00e3o Preto e Regi\u00e3o<\/title>\n<meta name=\"description\" content=\"O governador de S\u00e3o Paulo, Tarc\u00edsio de Freitas (Republicanos), passou mal nessa segunda-feira (27), durante a viagem que faz com a\" \/>\n<meta name=\"robots\" content=\"index, follow, max-snippet:-1, max-image-preview:large, max-video-preview:-1\" \/>\n<link rel=\"canonical\" href=\"https:\/\/redenoticiaz.com.br\/ribeiraopreto-regiao\/sp\/2023\/03\/28\/governador-de-sp-e-internado-em-londres-e-vai-passar-por-cirurgia\" \/>\n<meta property=\"og:locale\" content=\"pt_BR\" \/>\n<meta property=\"og:type\" content=\"article\" \/>\n<meta property=\"og:title\" content=\"Governador de SP \u00e9 internado em Londres e vai passar por cirurgia - Ribeir\u00e3o Preto e Regi\u00e3o\" \/>\n<meta property=\"og:description\" content=\"O governador de S\u00e3o Paulo, Tarc\u00edsio de Freitas (Republicanos), passou mal nessa segunda-feira (27), durante a viagem que faz com a\" \/>\n<meta property=\"og:url\" content=\"https:\/\/redenoticiaz.com.br\/ribeiraopreto-regiao\/sp\/2023\/03\/28\/governador-de-sp-e-internado-em-londres-e-vai-passar-por-cirurgia\" \/>\n<meta property=\"og:site_name\" content=\"Ribeir\u00e3o Preto e Regi\u00e3o\" \/>\n<meta property=\"article:publisher\" content=\"https:\/\/m.facebook.com\/redenoticiaz.barretos\" \/>\n<meta property=\"article:published_time\" content=\"2023-03-28T12:54:03+00:00\" \/>\n<meta property=\"og:image\" content=\"https:\/\/redenoticiaz.com.br\/ribeiraopreto-regiao\/wp-content\/uploads\/sites\/4\/2022\/02\/logo.jpg\" \/>\n\t<meta property=\"og:image:width\" content=\"400\" \/>\n\t<meta property=\"og:image:height\" content=\"250\" \/>\n\t<meta property=\"og:image:type\" content=\"image\/jpeg\" \/>\n<meta name=\"author\" content=\"Leonardo Francisco\" \/>\n<meta name=\"twitter:card\" content=\"summary_large_image\" \/>\n<meta name=\"twitter:creator\" content=\"@RN_barretos\" \/>\n<meta name=\"twitter:site\" content=\"@RN_barretos\" \/>\n<meta name=\"twitter:label1\" content=\"Escrito por\" \/>\n\t<meta name=\"twitter:data1\" content=\"Leonardo Francisco\" \/>\n\t<meta name=\"twitter:label2\" content=\"Est. tempo de leitura\" \/>\n\t<meta name=\"twitter:data2\" content=\"2 minutos\" \/>\n<script type=\"application\/ld+json\" class=\"yoast-schema-graph\">{\"@context\":\"https:\\\/\\\/schema.org\",\"@graph\":[{\"@type\":\"Article\",\"@id\":\"https:\\\/\\\/redenoticiaz.com.br\\\/ribeiraopreto-regiao\\\/sp\\\/2023\\\/03\\\/28\\\/governador-de-sp-e-internado-em-londres-e-vai-passar-por-cirurgia#article\",\"isPartOf\":{\"@id\":\"https:\\\/\\\/redenoticiaz.com.br\\\/ribeiraopreto-regiao\\\/sp\\\/2023\\\/03\\\/28\\\/governador-de-sp-e-internado-em-londres-e-vai-passar-por-cirurgia\"},\"author\":{\"name\":\"Leonardo Francisco\",\"@id\":\"https:\\\/\\\/redenoticiaz.com.br\\\/ribeiraopreto-regiao\\\/#\\\/schema\\\/person\\\/0f0b8a5bdafefe82841e07ae8d81ecb3\"},\"headline\":\"Governador de SP \u00e9 internado em Londres e vai passar por cirurgia\",\"datePublished\":\"2023-03-28T12:54:03+00:00\",\"mainEntityOfPage\":{\"@id\":\"https:\\\/\\\/redenoticiaz.com.br\\\/ribeiraopreto-regiao\\\/sp\\\/2023\\\/03\\\/28\\\/governador-de-sp-e-internado-em-londres-e-vai-passar-por-cirurgia\"},\"wordCount\":327,\"commentCount\":0,\"publisher\":{\"@id\":\"https:\\\/\\\/redenoticiaz.com.br\\\/ribeiraopreto-regiao\\\/#organization\"},\"image\":{\"@id\":\"https:\\\/\\\/redenoticiaz.com.br\\\/ribeiraopreto-regiao\\\/sp\\\/2023\\\/03\\\/28\\\/governador-de-sp-e-internado-em-londres-e-vai-passar-por-cirurgia#primaryimage\"},\"thumbnailUrl\":\"https:\\\/\\\/redenoticiaz.com.br\\\/ribeiraopreto-regiao\\\/wp-content\\\/uploads\\\/sites\\\/4\\\/2022\\\/10\\\/Tarcisio-Freitas.jpg?v=1667169279\",\"keywords\":[\"c\u00e1lculo renal\",\"GOVERNADOR DE S\u00c3O PAULO\",\"INGLATERRA\",\"londres\",\"TARC\u00cdSIO DE FREITAS\"],\"articleSection\":[\"Pol\u00edtica\",\"Sa\u00fade\"],\"inLanguage\":\"pt-BR\",\"potentialAction\":[{\"@type\":\"CommentAction\",\"name\":\"Comment\",\"target\":[\"https:\\\/\\\/redenoticiaz.com.br\\\/ribeiraopreto-regiao\\\/sp\\\/2023\\\/03\\\/28\\\/governador-de-sp-e-internado-em-londres-e-vai-passar-por-cirurgia#respond\"]}]},{\"@type\":\"WebPage\",\"@id\":\"https:\\\/\\\/redenoticiaz.com.br\\\/ribeiraopreto-regiao\\\/sp\\\/2023\\\/03\\\/28\\\/governador-de-sp-e-internado-em-londres-e-vai-passar-por-cirurgia\",\"url\":\"https:\\\/\\\/redenoticiaz.com.br\\\/ribeiraopreto-regiao\\\/sp\\\/2023\\\/03\\\/28\\\/governador-de-sp-e-internado-em-londres-e-vai-passar-por-cirurgia\",\"name\":\"Governador de SP \u00e9 internado em Londres e vai passar por cirurgia - Ribeir\u00e3o Preto e Regi\u00e3o\",\"isPartOf\":{\"@id\":\"https:\\\/\\\/redenoticiaz.com.br\\\/ribeiraopreto-regiao\\\/#website\"},\"primaryImageOfPage\":{\"@id\":\"https:\\\/\\\/redenoticiaz.com.br\\\/ribeiraopreto-regiao\\\/sp\\\/2023\\\/03\\\/28\\\/governador-de-sp-e-internado-em-londres-e-vai-passar-por-cirurgia#primaryimage\"},\"image\":{\"@id\":\"https:\\\/\\\/redenoticiaz.com.br\\\/ribeiraopreto-regiao\\\/sp\\\/2023\\\/03\\\/28\\\/governador-de-sp-e-internado-em-londres-e-vai-passar-por-cirurgia#primaryimage\"},\"thumbnailUrl\":\"https:\\\/\\\/redenoticiaz.com.br\\\/ribeiraopreto-regiao\\\/wp-content\\\/uploads\\\/sites\\\/4\\\/2022\\\/10\\\/Tarcisio-Freitas.jpg?v=1667169279\",\"datePublished\":\"2023-03-28T12:54:03+00:00\",\"description\":\"O governador de S\u00e3o Paulo, Tarc\u00edsio de Freitas (Republicanos), passou mal nessa segunda-feira (27), durante a viagem que faz com a\",\"inLanguage\":\"pt-BR\",\"potentialAction\":[{\"@type\":\"ReadAction\",\"target\":[\"https:\\\/\\\/redenoticiaz.com.br\\\/ribeiraopreto-regiao\\\/sp\\\/2023\\\/03\\\/28\\\/governador-de-sp-e-internado-em-londres-e-vai-passar-por-cirurgia\"]}]},{\"@type\":\"ImageObject\",\"inLanguage\":\"pt-BR\",\"@id\":\"https:\\\/\\\/redenoticiaz.com.br\\\/ribeiraopreto-regiao\\\/sp\\\/2023\\\/03\\\/28\\\/governador-de-sp-e-internado-em-londres-e-vai-passar-por-cirurgia#primaryimage\",\"url\":\"https:\\\/\\\/redenoticiaz.com.br\\\/ribeiraopreto-regiao\\\/wp-content\\\/uploads\\\/sites\\\/4\\\/2022\\\/10\\\/Tarcisio-Freitas.jpg?v=1667169279\",\"contentUrl\":\"https:\\\/\\\/redenoticiaz.com.br\\\/ribeiraopreto-regiao\\\/wp-content\\\/uploads\\\/sites\\\/4\\\/2022\\\/10\\\/Tarcisio-Freitas.jpg?v=1667169279\",\"width\":1200,\"height\":754,\"caption\":\"Tarc\u00edsio de Freitas \u00e9 eleito Governador do Estado de S\u00e3o Paulo\"},{\"@type\":\"WebSite\",\"@id\":\"https:\\\/\\\/redenoticiaz.com.br\\\/ribeiraopreto-regiao\\\/#website\",\"url\":\"https:\\\/\\\/redenoticiaz.com.br\\\/ribeiraopreto-regiao\\\/\",\"name\":\"Ribeir\u00e3o Preto e Regi\u00e3o\",\"description\":\"Rede NoticiaZ - Ribeir\u00e3o Preto e regi\u00e3o\",\"publisher\":{\"@id\":\"https:\\\/\\\/redenoticiaz.com.br\\\/ribeiraopreto-regiao\\\/#organization\"},\"potentialAction\":[{\"@type\":\"SearchAction\",\"target\":{\"@type\":\"EntryPoint\",\"urlTemplate\":\"https:\\\/\\\/redenoticiaz.com.br\\\/ribeiraopreto-regiao\\\/?s={search_term_string}\"},\"query-input\":{\"@type\":\"PropertyValueSpecification\",\"valueRequired\":true,\"valueName\":\"search_term_string\"}}],\"inLanguage\":\"pt-BR\"},{\"@type\":\"Organization\",\"@id\":\"https:\\\/\\\/redenoticiaz.com.br\\\/ribeiraopreto-regiao\\\/#organization\",\"name\":\"Ribeir\u00e3o Preto e Regi\u00e3o\",\"url\":\"https:\\\/\\\/redenoticiaz.com.br\\\/ribeiraopreto-regiao\\\/\",\"logo\":{\"@type\":\"ImageObject\",\"inLanguage\":\"pt-BR\",\"@id\":\"https:\\\/\\\/redenoticiaz.com.br\\\/ribeiraopreto-regiao\\\/#\\\/schema\\\/logo\\\/image\\\/\",\"url\":\"https:\\\/\\\/redenoticiaz.com.br\\\/barretos-regiao\\\/wp-content\\\/uploads\\\/sites\\\/4\\\/2022\\\/02\\\/logo.jpg\",\"contentUrl\":\"https:\\\/\\\/redenoticiaz.com.br\\\/barretos-regiao\\\/wp-content\\\/uploads\\\/sites\\\/4\\\/2022\\\/02\\\/logo.jpg\",\"width\":400,\"height\":250,\"caption\":\"Ribeir\u00e3o Preto e Regi\u00e3o\"},\"image\":{\"@id\":\"https:\\\/\\\/redenoticiaz.com.br\\\/ribeiraopreto-regiao\\\/#\\\/schema\\\/logo\\\/image\\\/\"},\"sameAs\":[\"https:\\\/\\\/m.facebook.com\\\/redenoticiaz.barretos\",\"https:\\\/\\\/x.com\\\/RN_barretos\",\"https:\\\/\\\/www.instagram.com\\\/redenoticiaz.barretos\\\/?igshid=YmMyMTA2M2Y\",\"https:\\\/\\\/www.linkedin.com\\\/company\\\/rede-noticiaz-barretos-e-regio\\\/\"]},{\"@type\":\"Person\",\"@id\":\"https:\\\/\\\/redenoticiaz.com.br\\\/ribeiraopreto-regiao\\\/#\\\/schema\\\/person\\\/0f0b8a5bdafefe82841e07ae8d81ecb3\",\"name\":\"Leonardo Francisco\",\"image\":{\"@type\":\"ImageObject\",\"inLanguage\":\"pt-BR\",\"@id\":\"https:\\\/\\\/secure.gravatar.com\\\/avatar\\\/a7358cb406a99b682ec6df1e77e31ae82e63601f6784e8a3df411d72b37864da?s=96&d=mm&r=g\",\"url\":\"https:\\\/\\\/secure.gravatar.com\\\/avatar\\\/a7358cb406a99b682ec6df1e77e31ae82e63601f6784e8a3df411d72b37864da?s=96&d=mm&r=g\",\"contentUrl\":\"https:\\\/\\\/secure.gravatar.com\\\/avatar\\\/a7358cb406a99b682ec6df1e77e31ae82e63601f6784e8a3df411d72b37864da?s=96&d=mm&r=g\",\"caption\":\"Leonardo Francisco\"},\"url\":\"https:\\\/\\\/redenoticiaz.com.br\\\/ribeiraopreto-regiao\\\/sp\\\/author\\\/leonardo-francisco\"}]}<\/script>\n<!-- \/ Yoast SEO plugin. -->","yoast_head_json":{"title":"Governador de SP \u00e9 internado em Londres e vai passar por cirurgia - Ribeir\u00e3o Preto e Regi\u00e3o","description":"O governador de S\u00e3o Paulo, Tarc\u00edsio de Freitas (Republicanos), passou mal nessa segunda-feira (27), durante a viagem que faz com a","robots":{"index":"index","follow":"follow","max-snippet":"max-snippet:-1","max-image-preview":"max-image-preview:large","max-video-preview":"max-video-preview:-1"},"canonical":"https:\/\/redenoticiaz.com.br\/ribeiraopreto-regiao\/sp\/2023\/03\/28\/governador-de-sp-e-internado-em-londres-e-vai-passar-por-cirurgia","og_locale":"pt_BR","og_type":"article","og_title":"Governador de SP \u00e9 internado em Londres e vai passar por cirurgia - Ribeir\u00e3o Preto e Regi\u00e3o","og_description":"O governador de S\u00e3o Paulo, Tarc\u00edsio de Freitas (Republicanos), passou mal nessa segunda-feira (27), durante a viagem que faz com a","og_url":"https:\/\/redenoticiaz.com.br\/ribeiraopreto-regiao\/sp\/2023\/03\/28\/governador-de-sp-e-internado-em-londres-e-vai-passar-por-cirurgia","og_site_name":"Ribeir\u00e3o Preto e Regi\u00e3o","article_publisher":"https:\/\/m.facebook.com\/redenoticiaz.barretos","article_published_time":"2023-03-28T12:54:03+00:00","og_image":[{"width":400,"height":250,"url":"https:\/\/redenoticiaz.com.br\/ribeiraopreto-regiao\/wp-content\/uploads\/sites\/4\/2022\/02\/logo.jpg","type":"image\/jpeg"}],"author":"Leonardo Francisco","twitter_card":"summary_large_image","twitter_creator":"@RN_barretos","twitter_site":"@RN_barretos","twitter_misc":{"Escrito por":"Leonardo Francisco","Est. tempo de leitura":"2 minutos"},"schema":{"@context":"https:\/\/schema.org","@graph":[{"@type":"Article","@id":"https:\/\/redenoticiaz.com.br\/ribeiraopreto-regiao\/sp\/2023\/03\/28\/governador-de-sp-e-internado-em-londres-e-vai-passar-por-cirurgia#article","isPartOf":{"@id":"https:\/\/redenoticiaz.com.br\/ribeiraopreto-regiao\/sp\/2023\/03\/28\/governador-de-sp-e-internado-em-londres-e-vai-passar-por-cirurgia"},"author":{"name":"Leonardo Francisco","@id":"https:\/\/redenoticiaz.com.br\/ribeiraopreto-regiao\/#\/schema\/person\/0f0b8a5bdafefe82841e07ae8d81ecb3"},"headline":"Governador de SP \u00e9 internado em Londres e vai passar por cirurgia","datePublished":"2023-03-28T12:54:03+00:00","mainEntityOfPage":{"@id":"https:\/\/redenoticiaz.com.br\/ribeiraopreto-regiao\/sp\/2023\/03\/28\/governador-de-sp-e-internado-em-londres-e-vai-passar-por-cirurgia"},"wordCount":327,"commentCount":0,"publisher":{"@id":"https:\/\/redenoticiaz.com.br\/ribeiraopreto-regiao\/#organization"},"image":{"@id":"https:\/\/redenoticiaz.com.br\/ribeiraopreto-regiao\/sp\/2023\/03\/28\/governador-de-sp-e-internado-em-londres-e-vai-passar-por-cirurgia#primaryimage"},"thumbnailUrl":"https:\/\/redenoticiaz.com.br\/ribeiraopreto-regiao\/wp-content\/uploads\/sites\/4\/2022\/10\/Tarcisio-Freitas.jpg?v=1667169279","keywords":["c\u00e1lculo renal","GOVERNADOR DE S\u00c3O PAULO","INGLATERRA","londres","TARC\u00cdSIO DE FREITAS"],"articleSection":["Pol\u00edtica","Sa\u00fade"],"inLanguage":"pt-BR","potentialAction":[{"@type":"CommentAction","name":"Comment","target":["https:\/\/redenoticiaz.com.br\/ribeiraopreto-regiao\/sp\/2023\/03\/28\/governador-de-sp-e-internado-em-londres-e-vai-passar-por-cirurgia#respond"]}]},{"@type":"WebPage","@id":"https:\/\/redenoticiaz.com.br\/ribeiraopreto-regiao\/sp\/2023\/03\/28\/governador-de-sp-e-internado-em-londres-e-vai-passar-por-cirurgia","url":"https:\/\/redenoticiaz.com.br\/ribeiraopreto-regiao\/sp\/2023\/03\/28\/governador-de-sp-e-internado-em-londres-e-vai-passar-por-cirurgia","name":"Governador de SP \u00e9 internado em Londres e vai passar por cirurgia - Ribeir\u00e3o Preto e Regi\u00e3o","isPartOf":{"@id":"https:\/\/redenoticiaz.com.br\/ribeiraopreto-regiao\/#website"},"primaryImageOfPage":{"@id":"https:\/\/redenoticiaz.com.br\/ribeiraopreto-regiao\/sp\/2023\/03\/28\/governador-de-sp-e-internado-em-londres-e-vai-passar-por-cirurgia#primaryimage"},"image":{"@id":"https:\/\/redenoticiaz.com.br\/ribeiraopreto-regiao\/sp\/2023\/03\/28\/governador-de-sp-e-internado-em-londres-e-vai-passar-por-cirurgia#primaryimage"},"thumbnailUrl":"https:\/\/redenoticiaz.com.br\/ribeiraopreto-regiao\/wp-content\/uploads\/sites\/4\/2022\/10\/Tarcisio-Freitas.jpg?v=1667169279","datePublished":"2023-03-28T12:54:03+00:00","description":"O governador de S\u00e3o Paulo, Tarc\u00edsio de Freitas (Republicanos), passou mal nessa segunda-feira (27), durante a viagem que faz com a","inLanguage":"pt-BR","potentialAction":[{"@type":"ReadAction","target":["https:\/\/redenoticiaz.com.br\/ribeiraopreto-regiao\/sp\/2023\/03\/28\/governador-de-sp-e-internado-em-londres-e-vai-passar-por-cirurgia"]}]},{"@type":"ImageObject","inLanguage":"pt-BR","@id":"https:\/\/redenoticiaz.com.br\/ribeiraopreto-regiao\/sp\/2023\/03\/28\/governador-de-sp-e-internado-em-londres-e-vai-passar-por-cirurgia#primaryimage","url":"https:\/\/redenoticiaz.com.br\/ribeiraopreto-regiao\/wp-content\/uploads\/sites\/4\/2022\/10\/Tarcisio-Freitas.jpg?v=1667169279","contentUrl":"https:\/\/redenoticiaz.com.br\/ribeiraopreto-regiao\/wp-content\/uploads\/sites\/4\/2022\/10\/Tarcisio-Freitas.jpg?v=1667169279","width":1200,"height":754,"caption":"Tarc\u00edsio de Freitas \u00e9 eleito Governador do Estado de S\u00e3o Paulo"},{"@type":"WebSite","@id":"https:\/\/redenoticiaz.com.br\/ribeiraopreto-regiao\/#website","url":"https:\/\/redenoticiaz.com.br\/ribeiraopreto-regiao\/","name":"Ribeir\u00e3o Preto e Regi\u00e3o","description":"Rede NoticiaZ - Ribeir\u00e3o Preto e regi\u00e3o","publisher":{"@id":"https:\/\/redenoticiaz.com.br\/ribeiraopreto-regiao\/#organization"},"potentialAction":[{"@type":"SearchAction","target":{"@type":"EntryPoint","urlTemplate":"https:\/\/redenoticiaz.com.br\/ribeiraopreto-regiao\/?s={search_term_string}"},"query-input":{"@type":"PropertyValueSpecification","valueRequired":true,"valueName":"search_term_string"}}],"inLanguage":"pt-BR"},{"@type":"Organization","@id":"https:\/\/redenoticiaz.com.br\/ribeiraopreto-regiao\/#organization","name":"Ribeir\u00e3o Preto e Regi\u00e3o","url":"https:\/\/redenoticiaz.com.br\/ribeiraopreto-regiao\/","logo":{"@type":"ImageObject","inLanguage":"pt-BR","@id":"https:\/\/redenoticiaz.com.br\/ribeiraopreto-regiao\/#\/schema\/logo\/image\/","url":"https:\/\/redenoticiaz.com.br\/barretos-regiao\/wp-content\/uploads\/sites\/4\/2022\/02\/logo.jpg","contentUrl":"https:\/\/redenoticiaz.com.br\/barretos-regiao\/wp-content\/uploads\/sites\/4\/2022\/02\/logo.jpg","width":400,"height":250,"caption":"Ribeir\u00e3o Preto e Regi\u00e3o"},"image":{"@id":"https:\/\/redenoticiaz.com.br\/ribeiraopreto-regiao\/#\/schema\/logo\/image\/"},"sameAs":["https:\/\/m.facebook.com\/redenoticiaz.barretos","https:\/\/x.com\/RN_barretos","https:\/\/www.instagram.com\/redenoticiaz.barretos\/?igshid=YmMyMTA2M2Y","https:\/\/www.linkedin.com\/company\/rede-noticiaz-barretos-e-regio\/"]},{"@type":"Person","@id":"https:\/\/redenoticiaz.com.br\/ribeiraopreto-regiao\/#\/schema\/person\/0f0b8a5bdafefe82841e07ae8d81ecb3","name":"Leonardo Francisco","image":{"@type":"ImageObject","inLanguage":"pt-BR","@id":"https:\/\/secure.gravatar.com\/avatar\/a7358cb406a99b682ec6df1e77e31ae82e63601f6784e8a3df411d72b37864da?s=96&d=mm&r=g","url":"https:\/\/secure.gravatar.com\/avatar\/a7358cb406a99b682ec6df1e77e31ae82e63601f6784e8a3df411d72b37864da?s=96&d=mm&r=g","contentUrl":"https:\/\/secure.gravatar.com\/avatar\/a7358cb406a99b682ec6df1e77e31ae82e63601f6784e8a3df411d72b37864da?s=96&d=mm&r=g","caption":"Leonardo Francisco"},"url":"https:\/\/redenoticiaz.com.br\/ribeiraopreto-regiao\/sp\/author\/leonardo-francisco"}]}},"_links":{"self":[{"href":"https:\/\/redenoticiaz.com.br\/ribeiraopreto-regiao\/wp-json\/wp\/v2\/posts\/102817","targetHints":{"allow":["GET"]}}],"collection":[{"href":"https:\/\/redenoticiaz.com.br\/ribeiraopreto-regiao\/wp-json\/wp\/v2\/posts"}],"about":[{"href":"https:\/\/redenoticiaz.com.br\/ribeiraopreto-regiao\/wp-json\/wp\/v2\/types\/post"}],"author":[{"embeddable":true,"href":"https:\/\/redenoticiaz.com.br\/ribeiraopreto-regiao\/wp-json\/wp\/v2\/users\/6"}],"replies":[{"embeddable":true,"href":"https:\/\/redenoticiaz.com.br\/ribeiraopreto-regiao\/wp-json\/wp\/v2\/comments?post=102817"}],"version-history":[{"count":0,"href":"https:\/\/redenoticiaz.com.br\/ribeiraopreto-regiao\/wp-json\/wp\/v2\/posts\/102817\/revisions"}],"wp:featuredmedia":[{"embeddable":true,"href":"https:\/\/redenoticiaz.com.br\/ribeiraopreto-regiao\/wp-json\/wp\/v2\/media\/94256"}],"wp:attachment":[{"href":"https:\/\/redenoticiaz.com.br\/ribeiraopreto-regiao\/wp-json\/wp\/v2\/media?parent=102817"}],"wp:term":[{"taxonomy":"category","embeddable":true,"href":"https:\/\/redenoticiaz.com.br\/ribeiraopreto-regiao\/wp-json\/wp\/v2\/categories?post=102817"},{"taxonomy":"post_tag","embeddable":true,"href":"https:\/\/redenoticiaz.com.br\/ribeiraopreto-regiao\/wp-json\/wp\/v2\/tags?post=102817"}],"curies":[{"name":"wp","href":"https:\/\/api.w.org\/{rel}","templated":true}]}}