{"id":102831,"date":"2023-03-28T14:08:47","date_gmt":"2023-03-28T17:08:47","guid":{"rendered":"https:\/\/redenoticiaz.com.br\/barretos-regiao\/?p=102831"},"modified":"2023-03-28T14:08:47","modified_gmt":"2023-03-28T17:08:47","slug":"a-bola-e-nossa-atividades-esportivas-e-de-lazer-para-os-distritos","status":"publish","type":"post","link":"https:\/\/redenoticiaz.com.br\/ribeiraopreto-regiao\/sp\/2023\/03\/28\/a-bola-e-nossa-atividades-esportivas-e-de-lazer-para-os-distritos","title":{"rendered":"&#8220;A Bola \u00e9 Nossa&#8221; atividades esportivas e de lazer para os distritos"},"content":{"rendered":"<p class=\"v1gmail-ListParagraph\"><span style=\"font-family: arial, sans-serif\">Investindo no desenvolvimento de crian\u00e7as e adolescentes atrav\u00e9s das pr\u00e1ticas esportivas e a\u00e7\u00f5es de cidadania, a Prefeitura da Est\u00e2ncia Tur\u00edstica de Ol\u00edmpia, come\u00e7ar\u00e1 na pr\u00f3xima segunda-feira, dia 03 de abril, as inscri\u00e7\u00f5es e aulas pr\u00e1ticas do Projeto &#8220;A Bola \u00e9 Nossa&#8221;, que ser\u00e1 realizado no Gin\u00e1sio de Esportes &#8220;Olyntho Zambom&#8221; e na quadra coberta da EMEB Santo Seno.<\/span><\/p>\n<p class=\"v1gmail-ListParagraph\"><span style=\"font-family: arial, sans-serif\">O projeto educacional de inicia\u00e7\u00e3o esportiva ser\u00e1 desenvolvido por meio do Instituto Fausto Giannecchini com foco na transforma\u00e7\u00e3o social e contemplar\u00e1 520 crian\u00e7as e jovens, com idade de 07 a 18 anos, para desenvolver as modalidades de futebol de campo, v\u00f4lei de quadra, t\u00eanis de mesa, basquete, basquete em cadeira de rodas e gin\u00e1stica r\u00edtmica.<\/span><\/p>\n<p class=\"v1gmail-ListParagraph\"><span style=\"font-family: arial, sans-serif\">Os interessados em participar dever\u00e3o estar matriculados no sistema municipal de ensino e receber\u00e3o toda estrutura f\u00edsica necess\u00e1ria, materiais de treinamento e uniformes completos, gratuitamente.<\/span><\/p>\n<p class=\"v1gmail-ListParagraph\"><span style=\"font-family: arial, sans-serif\">De acordo com o cronograma organizado pela secretaria de Esporte, Lazer e Juventude, as aulas de basquete, v\u00f4lei, t\u00eanis de mesa e basquete em cadeiras de rodas, acontecer\u00e3o no Gin\u00e1sio e na quadra da escola, de segunda, ter\u00e7a, quarta e sexta-feira, no per\u00edodo da tarde.\u00a0J\u00e1 as modalidades de gin\u00e1stica r\u00edtmica e futebol ser\u00e3o realizadas exclusivamente no Gin\u00e1sio de Esportes, de segunda a quarta-feira.\u00a0Para participar basta se dirigir aos locais, a partir do dia 03 de abril, das 13h \u00e0s 17h, para obter todas as informa\u00e7\u00f5es e realizar a inscri\u00e7\u00e3o.<\/span><\/p>\n<p class=\"v1gmail-ListParagraph\"><span style=\"font-family: arial, sans-serif\">Todas as atividades do projeto &#8220;A Bola \u00e9 Nossa&#8221; s\u00e3o aprovadas pelo Minist\u00e9rio da Cidadania e da Secretaria Nacional de Esporte, Educa\u00e7\u00e3o, Lazer e Inclus\u00e3o Social da Plataforma + Brasil n\u00ba 021792\/2021<strong>\u00a0<\/strong>do Governo Federal.\u00a0No total, est\u00e3o sendo investidos R$ 250 mil em recursos para compra de materiais e desenvolvimento do projeto, por meio de uma emenda parlamentar da senadora Mara Gabrilli (PSD).<\/span><\/p>\n<p class=\"v1gmail-ListParagraph\"><b><span style=\"font-family: arial, sans-serif\">ATIVIDADES NOS DISTRITOS<\/span><\/b><\/p>\n<p class=\"v1gmail-ListParagraph\"><span style=\"font-family: arial, sans-serif\">Al\u00e9m disso, ampliando a pr\u00e1tica de atividades esportivas e de lazer tamb\u00e9m para os distritos de Bagua\u00e7u e Ribeiro dos Santos, a partir do dia 03 de abril, a secretaria de Esporte, Lazer e Juventude, levar\u00e1 aulas gratuitas ministradas pelos monitores esportivos do munic\u00edpio para movimentar as crian\u00e7as e os moradores de todas as idades.<\/span><\/p>\n<p class=\"v1gmail-ListParagraph\"><span style=\"font-family: arial, sans-serif\">Em Bagua\u00e7u, a quadra poliesportiva receber\u00e1 a modalidade de futsal e v\u00f4lei, enquanto o Centro de M\u00faltiplo Uso ter\u00e1 aula de exerc\u00edcio ritmado. J\u00e1 em Ribeiro dos Santos, as aulas de v\u00f4lei ser\u00e3o na quadra poliesportiva do distrito e o exerc\u00edcio ritmado no Centro de M\u00faltiplo Uso. Para participar, basta comparecer aos locais, a partir do dia 03, para fazer as inscri\u00e7\u00f5es e a aula inicial.<\/span><\/p>\n<p class=\"v1gmail-ListParagraph\"><span style=\"font-family: arial, sans-serif\">A secretaria de Esportes, Lazer e Juventude, respons\u00e1vel pelo acompanhamento dos projetos, est\u00e1 \u00e0 disposi\u00e7\u00e3o para d\u00favidas e informa\u00e7\u00f5es pelo telefone (17) 3280-4057.<\/span><\/p>\n<p>VEJA TAMB\u00c9M:\u00a0<a href=\"https:\/\/redenoticiaz.com.br\/barretos-regiao\/sp\/2023\/03\/28\/samba-da-santa-traz-dudu-nobre-a-bebedouro\">Samba da Santa traz Dudu Nobre a Bebedouro<\/a><\/p>\n","protected":false},"excerpt":{"rendered":"<p>Investindo no desenvolvimento de crian\u00e7as e adolescentes atrav\u00e9s das pr\u00e1ticas esportivas e a\u00e7\u00f5es de cidadania, a Prefeitura da Est\u00e2ncia Tur\u00edstica de Ol\u00edmpia, come\u00e7ar\u00e1 na pr\u00f3xima segunda-feira, dia 03 de abril, as inscri\u00e7\u00f5es e aulas pr\u00e1ticas do Projeto &#8220;A Bola \u00e9 Nossa&#8221;, que ser\u00e1 realizado no Gin\u00e1sio de Esportes &#8220;Olyntho Zambom&#8221; e na quadra coberta da &hellip;<\/p>\n","protected":false},"author":15,"featured_media":102832,"comment_status":"open","ping_status":"closed","sticky":false,"template":"","format":"standard","meta":{"footnotes":""},"categories":[87],"tags":[25999,3683,26000,150,21854],"class_list":["post-102831","post","type-post","status-publish","format-standard","has-post-thumbnail","hentry","category-esporte","tag-a-bola-e-nossa","tag-acoes","tag-crianca-e-adolescentes","tag-esporte","tag-ginasio-de-esporte"],"yoast_head":"<!-- This site is optimized with the Yoast SEO plugin v27.4 - https:\/\/yoast.com\/product\/yoast-seo-wordpress\/ -->\n<title>&#8220;A Bola \u00e9 Nossa&#8221; atividades esportivas e de lazer para os distritos - Ribeir\u00e3o Preto e Regi\u00e3o<\/title>\n<meta name=\"description\" content=\"Investindo no desenvolvimento de crian\u00e7as e adolescentes atrav\u00e9s das pr\u00e1ticas esportivas e a\u00e7\u00f5es de cidadania\" \/>\n<meta name=\"robots\" content=\"index, follow, max-snippet:-1, max-image-preview:large, max-video-preview:-1\" \/>\n<link rel=\"canonical\" href=\"https:\/\/redenoticiaz.com.br\/ribeiraopreto-regiao\/sp\/2023\/03\/28\/a-bola-e-nossa-atividades-esportivas-e-de-lazer-para-os-distritos\" \/>\n<meta property=\"og:locale\" content=\"pt_BR\" \/>\n<meta property=\"og:type\" content=\"article\" \/>\n<meta property=\"og:title\" content=\"&#8220;A Bola \u00e9 Nossa&#8221; atividades esportivas e de lazer para os distritos - Ribeir\u00e3o Preto e Regi\u00e3o\" \/>\n<meta property=\"og:description\" content=\"Investindo no desenvolvimento de crian\u00e7as e adolescentes atrav\u00e9s das pr\u00e1ticas esportivas e a\u00e7\u00f5es de cidadania\" \/>\n<meta property=\"og:url\" content=\"https:\/\/redenoticiaz.com.br\/ribeiraopreto-regiao\/sp\/2023\/03\/28\/a-bola-e-nossa-atividades-esportivas-e-de-lazer-para-os-distritos\" \/>\n<meta property=\"og:site_name\" content=\"Ribeir\u00e3o Preto e Regi\u00e3o\" \/>\n<meta property=\"article:publisher\" content=\"https:\/\/m.facebook.com\/redenoticiaz.barretos\" \/>\n<meta property=\"article:published_time\" content=\"2023-03-28T17:08:47+00:00\" \/>\n<meta property=\"og:image\" content=\"https:\/\/redenoticiaz.com.br\/ribeiraopreto-regiao\/wp-content\/uploads\/sites\/4\/2023\/03\/atividades-esportivas-e-de-lazer-tambem-para-os-distrito.png\" \/>\n\t<meta property=\"og:image:width\" content=\"1200\" \/>\n\t<meta property=\"og:image:height\" content=\"628\" \/>\n\t<meta property=\"og:image:type\" content=\"image\/png\" \/>\n<meta name=\"twitter:card\" content=\"summary_large_image\" \/>\n<meta name=\"twitter:creator\" content=\"@RN_barretos\" \/>\n<meta name=\"twitter:site\" content=\"@RN_barretos\" \/>\n<meta name=\"twitter:label1\" content=\"Escrito por\" \/>\n\t<meta name=\"twitter:data1\" content=\"\" \/>\n\t<meta name=\"twitter:label2\" content=\"Est. tempo de leitura\" \/>\n\t<meta name=\"twitter:data2\" content=\"3 minutos\" \/>\n<script type=\"application\/ld+json\" class=\"yoast-schema-graph\">{\"@context\":\"https:\\\/\\\/schema.org\",\"@graph\":[{\"@type\":\"Article\",\"@id\":\"https:\\\/\\\/redenoticiaz.com.br\\\/ribeiraopreto-regiao\\\/sp\\\/2023\\\/03\\\/28\\\/a-bola-e-nossa-atividades-esportivas-e-de-lazer-para-os-distritos#article\",\"isPartOf\":{\"@id\":\"https:\\\/\\\/redenoticiaz.com.br\\\/ribeiraopreto-regiao\\\/sp\\\/2023\\\/03\\\/28\\\/a-bola-e-nossa-atividades-esportivas-e-de-lazer-para-os-distritos\"},\"author\":{\"name\":\"\",\"@id\":\"\"},\"headline\":\"&#8220;A Bola \u00e9 Nossa&#8221; atividades esportivas e de lazer para os distritos\",\"datePublished\":\"2023-03-28T17:08:47+00:00\",\"mainEntityOfPage\":{\"@id\":\"https:\\\/\\\/redenoticiaz.com.br\\\/ribeiraopreto-regiao\\\/sp\\\/2023\\\/03\\\/28\\\/a-bola-e-nossa-atividades-esportivas-e-de-lazer-para-os-distritos\"},\"wordCount\":507,\"commentCount\":0,\"publisher\":{\"@id\":\"https:\\\/\\\/redenoticiaz.com.br\\\/ribeiraopreto-regiao\\\/#organization\"},\"image\":{\"@id\":\"https:\\\/\\\/redenoticiaz.com.br\\\/ribeiraopreto-regiao\\\/sp\\\/2023\\\/03\\\/28\\\/a-bola-e-nossa-atividades-esportivas-e-de-lazer-para-os-distritos#primaryimage\"},\"thumbnailUrl\":\"https:\\\/\\\/redenoticiaz.com.br\\\/ribeiraopreto-regiao\\\/wp-content\\\/uploads\\\/sites\\\/4\\\/2023\\\/03\\\/atividades-esportivas-e-de-lazer-tambem-para-os-distrito.png\",\"keywords\":[\"A BOLA \u00c9 NOSSA\",\"A\u00c7\u00d5ES\",\"crian\u00e7a e adolescentes\",\"ESPORTE\",\"GIN\u00c1SIO DE ESPORTE\"],\"articleSection\":[\"Esporte\"],\"inLanguage\":\"pt-BR\",\"potentialAction\":[{\"@type\":\"CommentAction\",\"name\":\"Comment\",\"target\":[\"https:\\\/\\\/redenoticiaz.com.br\\\/ribeiraopreto-regiao\\\/sp\\\/2023\\\/03\\\/28\\\/a-bola-e-nossa-atividades-esportivas-e-de-lazer-para-os-distritos#respond\"]}]},{\"@type\":\"WebPage\",\"@id\":\"https:\\\/\\\/redenoticiaz.com.br\\\/ribeiraopreto-regiao\\\/sp\\\/2023\\\/03\\\/28\\\/a-bola-e-nossa-atividades-esportivas-e-de-lazer-para-os-distritos\",\"url\":\"https:\\\/\\\/redenoticiaz.com.br\\\/ribeiraopreto-regiao\\\/sp\\\/2023\\\/03\\\/28\\\/a-bola-e-nossa-atividades-esportivas-e-de-lazer-para-os-distritos\",\"name\":\"&#8220;A Bola \u00e9 Nossa&#8221; atividades esportivas e de lazer para os distritos - Ribeir\u00e3o Preto e Regi\u00e3o\",\"isPartOf\":{\"@id\":\"https:\\\/\\\/redenoticiaz.com.br\\\/ribeiraopreto-regiao\\\/#website\"},\"primaryImageOfPage\":{\"@id\":\"https:\\\/\\\/redenoticiaz.com.br\\\/ribeiraopreto-regiao\\\/sp\\\/2023\\\/03\\\/28\\\/a-bola-e-nossa-atividades-esportivas-e-de-lazer-para-os-distritos#primaryimage\"},\"image\":{\"@id\":\"https:\\\/\\\/redenoticiaz.com.br\\\/ribeiraopreto-regiao\\\/sp\\\/2023\\\/03\\\/28\\\/a-bola-e-nossa-atividades-esportivas-e-de-lazer-para-os-distritos#primaryimage\"},\"thumbnailUrl\":\"https:\\\/\\\/redenoticiaz.com.br\\\/ribeiraopreto-regiao\\\/wp-content\\\/uploads\\\/sites\\\/4\\\/2023\\\/03\\\/atividades-esportivas-e-de-lazer-tambem-para-os-distrito.png\",\"datePublished\":\"2023-03-28T17:08:47+00:00\",\"description\":\"Investindo no desenvolvimento de crian\u00e7as e adolescentes atrav\u00e9s das pr\u00e1ticas esportivas e a\u00e7\u00f5es de cidadania\",\"inLanguage\":\"pt-BR\",\"potentialAction\":[{\"@type\":\"ReadAction\",\"target\":[\"https:\\\/\\\/redenoticiaz.com.br\\\/ribeiraopreto-regiao\\\/sp\\\/2023\\\/03\\\/28\\\/a-bola-e-nossa-atividades-esportivas-e-de-lazer-para-os-distritos\"]}]},{\"@type\":\"ImageObject\",\"inLanguage\":\"pt-BR\",\"@id\":\"https:\\\/\\\/redenoticiaz.com.br\\\/ribeiraopreto-regiao\\\/sp\\\/2023\\\/03\\\/28\\\/a-bola-e-nossa-atividades-esportivas-e-de-lazer-para-os-distritos#primaryimage\",\"url\":\"https:\\\/\\\/redenoticiaz.com.br\\\/ribeiraopreto-regiao\\\/wp-content\\\/uploads\\\/sites\\\/4\\\/2023\\\/03\\\/atividades-esportivas-e-de-lazer-tambem-para-os-distrito.png\",\"contentUrl\":\"https:\\\/\\\/redenoticiaz.com.br\\\/ribeiraopreto-regiao\\\/wp-content\\\/uploads\\\/sites\\\/4\\\/2023\\\/03\\\/atividades-esportivas-e-de-lazer-tambem-para-os-distrito.png\",\"width\":1200,\"height\":628,\"caption\":\"Projeto a Bola \u00e9 Nossa. Cr\u00e9dito: Divulga\u00e7\u00e3o\"},{\"@type\":\"WebSite\",\"@id\":\"https:\\\/\\\/redenoticiaz.com.br\\\/ribeiraopreto-regiao\\\/#website\",\"url\":\"https:\\\/\\\/redenoticiaz.com.br\\\/ribeiraopreto-regiao\\\/\",\"name\":\"Ribeir\u00e3o Preto e Regi\u00e3o\",\"description\":\"Rede NoticiaZ - Ribeir\u00e3o Preto e regi\u00e3o\",\"publisher\":{\"@id\":\"https:\\\/\\\/redenoticiaz.com.br\\\/ribeiraopreto-regiao\\\/#organization\"},\"potentialAction\":[{\"@type\":\"SearchAction\",\"target\":{\"@type\":\"EntryPoint\",\"urlTemplate\":\"https:\\\/\\\/redenoticiaz.com.br\\\/ribeiraopreto-regiao\\\/?s={search_term_string}\"},\"query-input\":{\"@type\":\"PropertyValueSpecification\",\"valueRequired\":true,\"valueName\":\"search_term_string\"}}],\"inLanguage\":\"pt-BR\"},{\"@type\":\"Organization\",\"@id\":\"https:\\\/\\\/redenoticiaz.com.br\\\/ribeiraopreto-regiao\\\/#organization\",\"name\":\"Ribeir\u00e3o Preto e Regi\u00e3o\",\"url\":\"https:\\\/\\\/redenoticiaz.com.br\\\/ribeiraopreto-regiao\\\/\",\"logo\":{\"@type\":\"ImageObject\",\"inLanguage\":\"pt-BR\",\"@id\":\"https:\\\/\\\/redenoticiaz.com.br\\\/ribeiraopreto-regiao\\\/#\\\/schema\\\/logo\\\/image\\\/\",\"url\":\"https:\\\/\\\/redenoticiaz.com.br\\\/barretos-regiao\\\/wp-content\\\/uploads\\\/sites\\\/4\\\/2022\\\/02\\\/logo.jpg\",\"contentUrl\":\"https:\\\/\\\/redenoticiaz.com.br\\\/barretos-regiao\\\/wp-content\\\/uploads\\\/sites\\\/4\\\/2022\\\/02\\\/logo.jpg\",\"width\":400,\"height\":250,\"caption\":\"Ribeir\u00e3o Preto e Regi\u00e3o\"},\"image\":{\"@id\":\"https:\\\/\\\/redenoticiaz.com.br\\\/ribeiraopreto-regiao\\\/#\\\/schema\\\/logo\\\/image\\\/\"},\"sameAs\":[\"https:\\\/\\\/m.facebook.com\\\/redenoticiaz.barretos\",\"https:\\\/\\\/x.com\\\/RN_barretos\",\"https:\\\/\\\/www.instagram.com\\\/redenoticiaz.barretos\\\/?igshid=YmMyMTA2M2Y\",\"https:\\\/\\\/www.linkedin.com\\\/company\\\/rede-noticiaz-barretos-e-regio\\\/\"]},{\"@type\":\"Person\",\"@id\":\"\",\"url\":\"https:\\\/\\\/redenoticiaz.com.br\\\/ribeiraopreto-regiao\\\/sp\\\/author\"}]}<\/script>\n<!-- \/ Yoast SEO plugin. -->","yoast_head_json":{"title":"&#8220;A Bola \u00e9 Nossa&#8221; atividades esportivas e de lazer para os distritos - Ribeir\u00e3o Preto e Regi\u00e3o","description":"Investindo no desenvolvimento de crian\u00e7as e adolescentes atrav\u00e9s das pr\u00e1ticas esportivas e a\u00e7\u00f5es de cidadania","robots":{"index":"index","follow":"follow","max-snippet":"max-snippet:-1","max-image-preview":"max-image-preview:large","max-video-preview":"max-video-preview:-1"},"canonical":"https:\/\/redenoticiaz.com.br\/ribeiraopreto-regiao\/sp\/2023\/03\/28\/a-bola-e-nossa-atividades-esportivas-e-de-lazer-para-os-distritos","og_locale":"pt_BR","og_type":"article","og_title":"&#8220;A Bola \u00e9 Nossa&#8221; atividades esportivas e de lazer para os distritos - Ribeir\u00e3o Preto e Regi\u00e3o","og_description":"Investindo no desenvolvimento de crian\u00e7as e adolescentes atrav\u00e9s das pr\u00e1ticas esportivas e a\u00e7\u00f5es de cidadania","og_url":"https:\/\/redenoticiaz.com.br\/ribeiraopreto-regiao\/sp\/2023\/03\/28\/a-bola-e-nossa-atividades-esportivas-e-de-lazer-para-os-distritos","og_site_name":"Ribeir\u00e3o Preto e Regi\u00e3o","article_publisher":"https:\/\/m.facebook.com\/redenoticiaz.barretos","article_published_time":"2023-03-28T17:08:47+00:00","og_image":[{"width":1200,"height":628,"url":"https:\/\/redenoticiaz.com.br\/ribeiraopreto-regiao\/wp-content\/uploads\/sites\/4\/2023\/03\/atividades-esportivas-e-de-lazer-tambem-para-os-distrito.png","type":"image\/png"}],"twitter_card":"summary_large_image","twitter_creator":"@RN_barretos","twitter_site":"@RN_barretos","twitter_misc":{"Escrito por":"","Est. tempo de leitura":"3 minutos"},"schema":{"@context":"https:\/\/schema.org","@graph":[{"@type":"Article","@id":"https:\/\/redenoticiaz.com.br\/ribeiraopreto-regiao\/sp\/2023\/03\/28\/a-bola-e-nossa-atividades-esportivas-e-de-lazer-para-os-distritos#article","isPartOf":{"@id":"https:\/\/redenoticiaz.com.br\/ribeiraopreto-regiao\/sp\/2023\/03\/28\/a-bola-e-nossa-atividades-esportivas-e-de-lazer-para-os-distritos"},"author":{"name":"","@id":""},"headline":"&#8220;A Bola \u00e9 Nossa&#8221; atividades esportivas e de lazer para os distritos","datePublished":"2023-03-28T17:08:47+00:00","mainEntityOfPage":{"@id":"https:\/\/redenoticiaz.com.br\/ribeiraopreto-regiao\/sp\/2023\/03\/28\/a-bola-e-nossa-atividades-esportivas-e-de-lazer-para-os-distritos"},"wordCount":507,"commentCount":0,"publisher":{"@id":"https:\/\/redenoticiaz.com.br\/ribeiraopreto-regiao\/#organization"},"image":{"@id":"https:\/\/redenoticiaz.com.br\/ribeiraopreto-regiao\/sp\/2023\/03\/28\/a-bola-e-nossa-atividades-esportivas-e-de-lazer-para-os-distritos#primaryimage"},"thumbnailUrl":"https:\/\/redenoticiaz.com.br\/ribeiraopreto-regiao\/wp-content\/uploads\/sites\/4\/2023\/03\/atividades-esportivas-e-de-lazer-tambem-para-os-distrito.png","keywords":["A BOLA \u00c9 NOSSA","A\u00c7\u00d5ES","crian\u00e7a e adolescentes","ESPORTE","GIN\u00c1SIO DE ESPORTE"],"articleSection":["Esporte"],"inLanguage":"pt-BR","potentialAction":[{"@type":"CommentAction","name":"Comment","target":["https:\/\/redenoticiaz.com.br\/ribeiraopreto-regiao\/sp\/2023\/03\/28\/a-bola-e-nossa-atividades-esportivas-e-de-lazer-para-os-distritos#respond"]}]},{"@type":"WebPage","@id":"https:\/\/redenoticiaz.com.br\/ribeiraopreto-regiao\/sp\/2023\/03\/28\/a-bola-e-nossa-atividades-esportivas-e-de-lazer-para-os-distritos","url":"https:\/\/redenoticiaz.com.br\/ribeiraopreto-regiao\/sp\/2023\/03\/28\/a-bola-e-nossa-atividades-esportivas-e-de-lazer-para-os-distritos","name":"&#8220;A Bola \u00e9 Nossa&#8221; atividades esportivas e de lazer para os distritos - Ribeir\u00e3o Preto e Regi\u00e3o","isPartOf":{"@id":"https:\/\/redenoticiaz.com.br\/ribeiraopreto-regiao\/#website"},"primaryImageOfPage":{"@id":"https:\/\/redenoticiaz.com.br\/ribeiraopreto-regiao\/sp\/2023\/03\/28\/a-bola-e-nossa-atividades-esportivas-e-de-lazer-para-os-distritos#primaryimage"},"image":{"@id":"https:\/\/redenoticiaz.com.br\/ribeiraopreto-regiao\/sp\/2023\/03\/28\/a-bola-e-nossa-atividades-esportivas-e-de-lazer-para-os-distritos#primaryimage"},"thumbnailUrl":"https:\/\/redenoticiaz.com.br\/ribeiraopreto-regiao\/wp-content\/uploads\/sites\/4\/2023\/03\/atividades-esportivas-e-de-lazer-tambem-para-os-distrito.png","datePublished":"2023-03-28T17:08:47+00:00","description":"Investindo no desenvolvimento de crian\u00e7as e adolescentes atrav\u00e9s das pr\u00e1ticas esportivas e a\u00e7\u00f5es de cidadania","inLanguage":"pt-BR","potentialAction":[{"@type":"ReadAction","target":["https:\/\/redenoticiaz.com.br\/ribeiraopreto-regiao\/sp\/2023\/03\/28\/a-bola-e-nossa-atividades-esportivas-e-de-lazer-para-os-distritos"]}]},{"@type":"ImageObject","inLanguage":"pt-BR","@id":"https:\/\/redenoticiaz.com.br\/ribeiraopreto-regiao\/sp\/2023\/03\/28\/a-bola-e-nossa-atividades-esportivas-e-de-lazer-para-os-distritos#primaryimage","url":"https:\/\/redenoticiaz.com.br\/ribeiraopreto-regiao\/wp-content\/uploads\/sites\/4\/2023\/03\/atividades-esportivas-e-de-lazer-tambem-para-os-distrito.png","contentUrl":"https:\/\/redenoticiaz.com.br\/ribeiraopreto-regiao\/wp-content\/uploads\/sites\/4\/2023\/03\/atividades-esportivas-e-de-lazer-tambem-para-os-distrito.png","width":1200,"height":628,"caption":"Projeto a Bola \u00e9 Nossa. Cr\u00e9dito: Divulga\u00e7\u00e3o"},{"@type":"WebSite","@id":"https:\/\/redenoticiaz.com.br\/ribeiraopreto-regiao\/#website","url":"https:\/\/redenoticiaz.com.br\/ribeiraopreto-regiao\/","name":"Ribeir\u00e3o Preto e Regi\u00e3o","description":"Rede NoticiaZ - Ribeir\u00e3o Preto e regi\u00e3o","publisher":{"@id":"https:\/\/redenoticiaz.com.br\/ribeiraopreto-regiao\/#organization"},"potentialAction":[{"@type":"SearchAction","target":{"@type":"EntryPoint","urlTemplate":"https:\/\/redenoticiaz.com.br\/ribeiraopreto-regiao\/?s={search_term_string}"},"query-input":{"@type":"PropertyValueSpecification","valueRequired":true,"valueName":"search_term_string"}}],"inLanguage":"pt-BR"},{"@type":"Organization","@id":"https:\/\/redenoticiaz.com.br\/ribeiraopreto-regiao\/#organization","name":"Ribeir\u00e3o Preto e Regi\u00e3o","url":"https:\/\/redenoticiaz.com.br\/ribeiraopreto-regiao\/","logo":{"@type":"ImageObject","inLanguage":"pt-BR","@id":"https:\/\/redenoticiaz.com.br\/ribeiraopreto-regiao\/#\/schema\/logo\/image\/","url":"https:\/\/redenoticiaz.com.br\/barretos-regiao\/wp-content\/uploads\/sites\/4\/2022\/02\/logo.jpg","contentUrl":"https:\/\/redenoticiaz.com.br\/barretos-regiao\/wp-content\/uploads\/sites\/4\/2022\/02\/logo.jpg","width":400,"height":250,"caption":"Ribeir\u00e3o Preto e Regi\u00e3o"},"image":{"@id":"https:\/\/redenoticiaz.com.br\/ribeiraopreto-regiao\/#\/schema\/logo\/image\/"},"sameAs":["https:\/\/m.facebook.com\/redenoticiaz.barretos","https:\/\/x.com\/RN_barretos","https:\/\/www.instagram.com\/redenoticiaz.barretos\/?igshid=YmMyMTA2M2Y","https:\/\/www.linkedin.com\/company\/rede-noticiaz-barretos-e-regio\/"]},{"@type":"Person","@id":"","url":"https:\/\/redenoticiaz.com.br\/ribeiraopreto-regiao\/sp\/author"}]}},"_links":{"self":[{"href":"https:\/\/redenoticiaz.com.br\/ribeiraopreto-regiao\/wp-json\/wp\/v2\/posts\/102831","targetHints":{"allow":["GET"]}}],"collection":[{"href":"https:\/\/redenoticiaz.com.br\/ribeiraopreto-regiao\/wp-json\/wp\/v2\/posts"}],"about":[{"href":"https:\/\/redenoticiaz.com.br\/ribeiraopreto-regiao\/wp-json\/wp\/v2\/types\/post"}],"author":[{"embeddable":true,"href":"https:\/\/redenoticiaz.com.br\/ribeiraopreto-regiao\/wp-json\/wp\/v2\/users\/15"}],"replies":[{"embeddable":true,"href":"https:\/\/redenoticiaz.com.br\/ribeiraopreto-regiao\/wp-json\/wp\/v2\/comments?post=102831"}],"version-history":[{"count":1,"href":"https:\/\/redenoticiaz.com.br\/ribeiraopreto-regiao\/wp-json\/wp\/v2\/posts\/102831\/revisions"}],"predecessor-version":[{"id":102833,"href":"https:\/\/redenoticiaz.com.br\/ribeiraopreto-regiao\/wp-json\/wp\/v2\/posts\/102831\/revisions\/102833"}],"wp:featuredmedia":[{"embeddable":true,"href":"https:\/\/redenoticiaz.com.br\/ribeiraopreto-regiao\/wp-json\/wp\/v2\/media\/102832"}],"wp:attachment":[{"href":"https:\/\/redenoticiaz.com.br\/ribeiraopreto-regiao\/wp-json\/wp\/v2\/media?parent=102831"}],"wp:term":[{"taxonomy":"category","embeddable":true,"href":"https:\/\/redenoticiaz.com.br\/ribeiraopreto-regiao\/wp-json\/wp\/v2\/categories?post=102831"},{"taxonomy":"post_tag","embeddable":true,"href":"https:\/\/redenoticiaz.com.br\/ribeiraopreto-regiao\/wp-json\/wp\/v2\/tags?post=102831"}],"curies":[{"name":"wp","href":"https:\/\/api.w.org\/{rel}","templated":true}]}}